{"id":13699,"date":"2024-03-25T21:06:06","date_gmt":"2024-03-26T00:06:06","guid":{"rendered":"https:\/\/apuntesdesanluis.com\/?p=13699"},"modified":"2024-03-25T21:06:06","modified_gmt":"2024-03-26T00:06:06","slug":"paro-de-transporte-el-gobierno-exige-que-el-servicio-opere-al-menos-al-50","status":"publish","type":"post","link":"https:\/\/apuntesdesanluis.com\/index.php\/2024\/03\/25\/paro-de-transporte-el-gobierno-exige-que-el-servicio-opere-al-menos-al-50\/","title":{"rendered":"PARO DE TRANSPORTE: EL  GOBIERNO EXIGE QUE EL SERVICIO OPERE AL MENOS AL 50%"},"content":{"rendered":"<h3>Se lo pidi\u00f3 a las empresas, para que armen un cronograma y se lo transmitan al gremio, que decidi\u00f3 una huelga por 48 horas, que se extender\u00e1 entre el martes 26 y el mi\u00e9rcoles 27. La solicitud se enmarca en el cumplimiento de la Ley.<\/h3>\n<h3>La Uni\u00f3n Tranviarios Automotor (UTA) anunci\u00f3 la semana pasada un paro general para los d\u00edas 26 y 27 de marzo en el servicio de transporte de pasajeros. Esta medida afectar\u00e1 a 160 mil trabajadores de toda la provincia que utilizan el colectivo diariamente y pasan a ser rehenes de este tipo de acciones.<\/h3>\n<h3>En medio de una semana ya recortada por los feriados de Semana Santa, el transporte se ve a\u00fan m\u00e1s comprometido por la decisi\u00f3n de la UTA de llevar a cabo un paro, a pesar del aumento que sufri\u00f3 el boleto y de que la Provincia se hizo cargo de los subsidios que dej\u00f3 de enviar la Naci\u00f3n.<\/h3>\n<h3>Esta medida dificulta el desplazamiento de los usuarios para cumplir con sus obligaciones diarias, tales como ir al trabajo, estudiar, acudir a consultas m\u00e9dicas, trasladarse entre localidades por motivos espec\u00edficos y atender asuntos particulares, generando un impacto significativo incluso en la econom\u00eda de San Luis.<\/h3>\n<h3>Dado que se trata de un servicio de importancia trascendental para la ciudadan\u00eda, es imprescindible que el funcionamiento de la frecuencia de colectivos no sea inferior al 50%, tal como lo establece la ley N\u00b025.877, modificada por el art. 97\u00b0 del DNU que emiti\u00f3 el Presidente de la Naci\u00f3n.<\/h3>\n<h3>Por esta raz\u00f3n, la direcci\u00f3n de Transporte intim\u00f3 a las empresas prestatarias del servicio para que presenten un Plan de Emergencia para garantizar el cumplimiento de esta normativa. En caso de incumplimiento, las autoridades competentes podr\u00edan aplicar sanciones.<\/h3>\n<h3><\/h3>\n<p>&nbsp;<\/p>\n","protected":false},"excerpt":{"rendered":"<p>Se lo pidi\u00f3 a las empresas, para que armen un cronograma y se lo transmitan&#8230;<\/p>\n","protected":false},"author":1,"featured_media":13700,"comment_status":"closed","ping_status":"closed","sticky":false,"template":"","format":"standard","meta":{"footnotes":""},"categories":[6],"tags":[],"class_list":["post-13699","post","type-post","status-publish","format-standard","has-post-thumbnail","hentry","category-ciudad-provincia"],"yoast_head":"<!-- This site is optimized with the Yoast SEO plugin v26.1.1 - https:\/\/yoast.com\/wordpress\/plugins\/seo\/ -->\n<title>PARO DE TRANSPORTE: EL GOBIERNO EXIGE QUE EL SERVICIO OPERE AL MENOS AL 50% - Apuntes de San Luis<\/title>\n<meta name=\"robots\" content=\"index, follow, max-snippet:-1, max-image-preview:large, max-video-preview:-1\" \/>\n<link rel=\"canonical\" href=\"https:\/\/apuntesdesanluis.com\/index.php\/2024\/03\/25\/paro-de-transporte-el-gobierno-exige-que-el-servicio-opere-al-menos-al-50\/\" \/>\n<meta property=\"og:locale\" content=\"es_ES\" \/>\n<meta property=\"og:type\" content=\"article\" \/>\n<meta property=\"og:title\" content=\"PARO DE TRANSPORTE: EL GOBIERNO EXIGE QUE EL SERVICIO OPERE AL MENOS AL 50% - Apuntes de San Luis\" \/>\n<meta property=\"og:description\" content=\"Se lo pidi\u00f3 a las empresas, para que armen un cronograma y se lo transmitan...\" \/>\n<meta property=\"og:url\" content=\"https:\/\/apuntesdesanluis.com\/index.php\/2024\/03\/25\/paro-de-transporte-el-gobierno-exige-que-el-servicio-opere-al-menos-al-50\/\" \/>\n<meta property=\"og:site_name\" content=\"Apuntes de San Luis\" \/>\n<meta property=\"article:published_time\" content=\"2024-03-26T00:06:06+00:00\" \/>\n<meta property=\"og:image\" content=\"https:\/\/apuntesdesanluis.com\/wp-content\/uploads\/2024\/03\/PARO-DE-BONDIS-1.png\" \/>\n\t<meta property=\"og:image:width\" content=\"562\" \/>\n\t<meta property=\"og:image:height\" content=\"313\" \/>\n\t<meta property=\"og:image:type\" content=\"image\/png\" \/>\n<meta name=\"author\" content=\"apuntesdesanluis.com\" \/>\n<meta name=\"twitter:card\" content=\"summary_large_image\" \/>\n<meta name=\"twitter:label1\" content=\"Escrito por\" \/>\n\t<meta name=\"twitter:data1\" content=\"apuntesdesanluis.com\" \/>\n\t<meta name=\"twitter:label2\" content=\"Tiempo de lectura\" \/>\n\t<meta name=\"twitter:data2\" content=\"2 minutos\" \/>\n<script type=\"application\/ld+json\" class=\"yoast-schema-graph\">{\"@context\":\"https:\/\/schema.org\",\"@graph\":[{\"@type\":\"Article\",\"@id\":\"https:\/\/apuntesdesanluis.com\/index.php\/2024\/03\/25\/paro-de-transporte-el-gobierno-exige-que-el-servicio-opere-al-menos-al-50\/#article\",\"isPartOf\":{\"@id\":\"https:\/\/apuntesdesanluis.com\/index.php\/2024\/03\/25\/paro-de-transporte-el-gobierno-exige-que-el-servicio-opere-al-menos-al-50\/\"},\"author\":{\"name\":\"apuntesdesanluis.com\",\"@id\":\"https:\/\/apuntesdesanluis.com\/#\/schema\/person\/b55151d52296fcce64d1a72538a70b90\"},\"headline\":\"PARO DE TRANSPORTE: EL GOBIERNO EXIGE QUE EL SERVICIO OPERE AL MENOS AL 50%\",\"datePublished\":\"2024-03-26T00:06:06+00:00\",\"mainEntityOfPage\":{\"@id\":\"https:\/\/apuntesdesanluis.com\/index.php\/2024\/03\/25\/paro-de-transporte-el-gobierno-exige-que-el-servicio-opere-al-menos-al-50\/\"},\"wordCount\":308,\"publisher\":{\"@id\":\"https:\/\/apuntesdesanluis.com\/#\/schema\/person\/b55151d52296fcce64d1a72538a70b90\"},\"image\":{\"@id\":\"https:\/\/apuntesdesanluis.com\/index.php\/2024\/03\/25\/paro-de-transporte-el-gobierno-exige-que-el-servicio-opere-al-menos-al-50\/#primaryimage\"},\"thumbnailUrl\":\"https:\/\/apuntesdesanluis.com\/wp-content\/uploads\/2024\/03\/PARO-DE-BONDIS-1.png\",\"articleSection\":[\"Ciudad\/Provincia\"],\"inLanguage\":\"es-AR\"},{\"@type\":\"WebPage\",\"@id\":\"https:\/\/apuntesdesanluis.com\/index.php\/2024\/03\/25\/paro-de-transporte-el-gobierno-exige-que-el-servicio-opere-al-menos-al-50\/\",\"url\":\"https:\/\/apuntesdesanluis.com\/index.php\/2024\/03\/25\/paro-de-transporte-el-gobierno-exige-que-el-servicio-opere-al-menos-al-50\/\",\"name\":\"PARO DE TRANSPORTE: EL GOBIERNO EXIGE QUE EL SERVICIO OPERE AL MENOS AL 50% - Apuntes de San Luis\",\"isPartOf\":{\"@id\":\"https:\/\/apuntesdesanluis.com\/#website\"},\"primaryImageOfPage\":{\"@id\":\"https:\/\/apuntesdesanluis.com\/index.php\/2024\/03\/25\/paro-de-transporte-el-gobierno-exige-que-el-servicio-opere-al-menos-al-50\/#primaryimage\"},\"image\":{\"@id\":\"https:\/\/apuntesdesanluis.com\/index.php\/2024\/03\/25\/paro-de-transporte-el-gobierno-exige-que-el-servicio-opere-al-menos-al-50\/#primaryimage\"},\"thumbnailUrl\":\"https:\/\/apuntesdesanluis.com\/wp-content\/uploads\/2024\/03\/PARO-DE-BONDIS-1.png\",\"datePublished\":\"2024-03-26T00:06:06+00:00\",\"breadcrumb\":{\"@id\":\"https:\/\/apuntesdesanluis.com\/index.php\/2024\/03\/25\/paro-de-transporte-el-gobierno-exige-que-el-servicio-opere-al-menos-al-50\/#breadcrumb\"},\"inLanguage\":\"es-AR\",\"potentialAction\":[{\"@type\":\"ReadAction\",\"target\":[\"https:\/\/apuntesdesanluis.com\/index.php\/2024\/03\/25\/paro-de-transporte-el-gobierno-exige-que-el-servicio-opere-al-menos-al-50\/\"]}]},{\"@type\":\"ImageObject\",\"inLanguage\":\"es-AR\",\"@id\":\"https:\/\/apuntesdesanluis.com\/index.php\/2024\/03\/25\/paro-de-transporte-el-gobierno-exige-que-el-servicio-opere-al-menos-al-50\/#primaryimage\",\"url\":\"https:\/\/apuntesdesanluis.com\/wp-content\/uploads\/2024\/03\/PARO-DE-BONDIS-1.png\",\"contentUrl\":\"https:\/\/apuntesdesanluis.com\/wp-content\/uploads\/2024\/03\/PARO-DE-BONDIS-1.png\",\"width\":562,\"height\":313},{\"@type\":\"BreadcrumbList\",\"@id\":\"https:\/\/apuntesdesanluis.com\/index.php\/2024\/03\/25\/paro-de-transporte-el-gobierno-exige-que-el-servicio-opere-al-menos-al-50\/#breadcrumb\",\"itemListElement\":[{\"@type\":\"ListItem\",\"position\":1,\"name\":\"Inicio\",\"item\":\"https:\/\/apuntesdesanluis.com\/\"},{\"@type\":\"ListItem\",\"position\":2,\"name\":\"PARO DE TRANSPORTE: EL GOBIERNO EXIGE QUE EL SERVICIO OPERE AL MENOS AL 50%\"}]},{\"@type\":\"WebSite\",\"@id\":\"https:\/\/apuntesdesanluis.com\/#website\",\"url\":\"https:\/\/apuntesdesanluis.com\/\",\"name\":\"Apuntes de San Luis\",\"description\":\"\",\"publisher\":{\"@id\":\"https:\/\/apuntesdesanluis.com\/#\/schema\/person\/b55151d52296fcce64d1a72538a70b90\"},\"potentialAction\":[{\"@type\":\"SearchAction\",\"target\":{\"@type\":\"EntryPoint\",\"urlTemplate\":\"https:\/\/apuntesdesanluis.com\/?s={search_term_string}\"},\"query-input\":{\"@type\":\"PropertyValueSpecification\",\"valueRequired\":true,\"valueName\":\"search_term_string\"}}],\"inLanguage\":\"es-AR\"},{\"@type\":[\"Person\",\"Organization\"],\"@id\":\"https:\/\/apuntesdesanluis.com\/#\/schema\/person\/b55151d52296fcce64d1a72538a70b90\",\"name\":\"apuntesdesanluis.com\",\"image\":{\"@type\":\"ImageObject\",\"inLanguage\":\"es-AR\",\"@id\":\"https:\/\/apuntesdesanluis.com\/#\/schema\/person\/image\/\",\"url\":\"https:\/\/apuntesdesanluis.com\/wp-content\/uploads\/2023\/07\/cropped-apuntesdesanluis.png\",\"contentUrl\":\"https:\/\/apuntesdesanluis.com\/wp-content\/uploads\/2023\/07\/cropped-apuntesdesanluis.png\",\"width\":450,\"height\":112,\"caption\":\"apuntesdesanluis.com\"},\"logo\":{\"@id\":\"https:\/\/apuntesdesanluis.com\/#\/schema\/person\/image\/\"},\"sameAs\":[\"https:\/\/apuntesdesanluis.com\"],\"url\":\"https:\/\/apuntesdesanluis.com\/index.php\/author\/apuntesdesanluis-com\/\"}]}<\/script>\n<!-- \/ Yoast SEO plugin. -->","yoast_head_json":{"title":"PARO DE TRANSPORTE: EL GOBIERNO EXIGE QUE EL SERVICIO OPERE AL MENOS AL 50% - Apuntes de San Luis","robots":{"index":"index","follow":"follow","max-snippet":"max-snippet:-1","max-image-preview":"max-image-preview:large","max-video-preview":"max-video-preview:-1"},"canonical":"https:\/\/apuntesdesanluis.com\/index.php\/2024\/03\/25\/paro-de-transporte-el-gobierno-exige-que-el-servicio-opere-al-menos-al-50\/","og_locale":"es_ES","og_type":"article","og_title":"PARO DE TRANSPORTE: EL GOBIERNO EXIGE QUE EL SERVICIO OPERE AL MENOS AL 50% - Apuntes de San Luis","og_description":"Se lo pidi\u00f3 a las empresas, para que armen un cronograma y se lo transmitan...","og_url":"https:\/\/apuntesdesanluis.com\/index.php\/2024\/03\/25\/paro-de-transporte-el-gobierno-exige-que-el-servicio-opere-al-menos-al-50\/","og_site_name":"Apuntes de San Luis","article_published_time":"2024-03-26T00:06:06+00:00","og_image":[{"width":562,"height":313,"url":"https:\/\/apuntesdesanluis.com\/wp-content\/uploads\/2024\/03\/PARO-DE-BONDIS-1.png","type":"image\/png"}],"author":"apuntesdesanluis.com","twitter_card":"summary_large_image","twitter_misc":{"Escrito por":"apuntesdesanluis.com","Tiempo de lectura":"2 minutos"},"schema":{"@context":"https:\/\/schema.org","@graph":[{"@type":"Article","@id":"https:\/\/apuntesdesanluis.com\/index.php\/2024\/03\/25\/paro-de-transporte-el-gobierno-exige-que-el-servicio-opere-al-menos-al-50\/#article","isPartOf":{"@id":"https:\/\/apuntesdesanluis.com\/index.php\/2024\/03\/25\/paro-de-transporte-el-gobierno-exige-que-el-servicio-opere-al-menos-al-50\/"},"author":{"name":"apuntesdesanluis.com","@id":"https:\/\/apuntesdesanluis.com\/#\/schema\/person\/b55151d52296fcce64d1a72538a70b90"},"headline":"PARO DE TRANSPORTE: EL GOBIERNO EXIGE QUE EL SERVICIO OPERE AL MENOS AL 50%","datePublished":"2024-03-26T00:06:06+00:00","mainEntityOfPage":{"@id":"https:\/\/apuntesdesanluis.com\/index.php\/2024\/03\/25\/paro-de-transporte-el-gobierno-exige-que-el-servicio-opere-al-menos-al-50\/"},"wordCount":308,"publisher":{"@id":"https:\/\/apuntesdesanluis.com\/#\/schema\/person\/b55151d52296fcce64d1a72538a70b90"},"image":{"@id":"https:\/\/apuntesdesanluis.com\/index.php\/2024\/03\/25\/paro-de-transporte-el-gobierno-exige-que-el-servicio-opere-al-menos-al-50\/#primaryimage"},"thumbnailUrl":"https:\/\/apuntesdesanluis.com\/wp-content\/uploads\/2024\/03\/PARO-DE-BONDIS-1.png","articleSection":["Ciudad\/Provincia"],"inLanguage":"es-AR"},{"@type":"WebPage","@id":"https:\/\/apuntesdesanluis.com\/index.php\/2024\/03\/25\/paro-de-transporte-el-gobierno-exige-que-el-servicio-opere-al-menos-al-50\/","url":"https:\/\/apuntesdesanluis.com\/index.php\/2024\/03\/25\/paro-de-transporte-el-gobierno-exige-que-el-servicio-opere-al-menos-al-50\/","name":"PARO DE TRANSPORTE: EL GOBIERNO EXIGE QUE EL SERVICIO OPERE AL MENOS AL 50% - Apuntes de San Luis","isPartOf":{"@id":"https:\/\/apuntesdesanluis.com\/#website"},"primaryImageOfPage":{"@id":"https:\/\/apuntesdesanluis.com\/index.php\/2024\/03\/25\/paro-de-transporte-el-gobierno-exige-que-el-servicio-opere-al-menos-al-50\/#primaryimage"},"image":{"@id":"https:\/\/apuntesdesanluis.com\/index.php\/2024\/03\/25\/paro-de-transporte-el-gobierno-exige-que-el-servicio-opere-al-menos-al-50\/#primaryimage"},"thumbnailUrl":"https:\/\/apuntesdesanluis.com\/wp-content\/uploads\/2024\/03\/PARO-DE-BONDIS-1.png","datePublished":"2024-03-26T00:06:06+00:00","breadcrumb":{"@id":"https:\/\/apuntesdesanluis.com\/index.php\/2024\/03\/25\/paro-de-transporte-el-gobierno-exige-que-el-servicio-opere-al-menos-al-50\/#breadcrumb"},"inLanguage":"es-AR","potentialAction":[{"@type":"ReadAction","target":["https:\/\/apuntesdesanluis.com\/index.php\/2024\/03\/25\/paro-de-transporte-el-gobierno-exige-que-el-servicio-opere-al-menos-al-50\/"]}]},{"@type":"ImageObject","inLanguage":"es-AR","@id":"https:\/\/apuntesdesanluis.com\/index.php\/2024\/03\/25\/paro-de-transporte-el-gobierno-exige-que-el-servicio-opere-al-menos-al-50\/#primaryimage","url":"https:\/\/apuntesdesanluis.com\/wp-content\/uploads\/2024\/03\/PARO-DE-BONDIS-1.png","contentUrl":"https:\/\/apuntesdesanluis.com\/wp-content\/uploads\/2024\/03\/PARO-DE-BONDIS-1.png","width":562,"height":313},{"@type":"BreadcrumbList","@id":"https:\/\/apuntesdesanluis.com\/index.php\/2024\/03\/25\/paro-de-transporte-el-gobierno-exige-que-el-servicio-opere-al-menos-al-50\/#breadcrumb","itemListElement":[{"@type":"ListItem","position":1,"name":"Inicio","item":"https:\/\/apuntesdesanluis.com\/"},{"@type":"ListItem","position":2,"name":"PARO DE TRANSPORTE: EL GOBIERNO EXIGE QUE EL SERVICIO OPERE AL MENOS AL 50%"}]},{"@type":"WebSite","@id":"https:\/\/apuntesdesanluis.com\/#website","url":"https:\/\/apuntesdesanluis.com\/","name":"Apuntes de San Luis","description":"","publisher":{"@id":"https:\/\/apuntesdesanluis.com\/#\/schema\/person\/b55151d52296fcce64d1a72538a70b90"},"potentialAction":[{"@type":"SearchAction","target":{"@type":"EntryPoint","urlTemplate":"https:\/\/apuntesdesanluis.com\/?s={search_term_string}"},"query-input":{"@type":"PropertyValueSpecification","valueRequired":true,"valueName":"search_term_string"}}],"inLanguage":"es-AR"},{"@type":["Person","Organization"],"@id":"https:\/\/apuntesdesanluis.com\/#\/schema\/person\/b55151d52296fcce64d1a72538a70b90","name":"apuntesdesanluis.com","image":{"@type":"ImageObject","inLanguage":"es-AR","@id":"https:\/\/apuntesdesanluis.com\/#\/schema\/person\/image\/","url":"https:\/\/apuntesdesanluis.com\/wp-content\/uploads\/2023\/07\/cropped-apuntesdesanluis.png","contentUrl":"https:\/\/apuntesdesanluis.com\/wp-content\/uploads\/2023\/07\/cropped-apuntesdesanluis.png","width":450,"height":112,"caption":"apuntesdesanluis.com"},"logo":{"@id":"https:\/\/apuntesdesanluis.com\/#\/schema\/person\/image\/"},"sameAs":["https:\/\/apuntesdesanluis.com"],"url":"https:\/\/apuntesdesanluis.com\/index.php\/author\/apuntesdesanluis-com\/"}]}},"featured_image_urls":{"full":["https:\/\/apuntesdesanluis.com\/wp-content\/uploads\/2024\/03\/PARO-DE-BONDIS-1.png",562,313,false],"thumbnail":["https:\/\/apuntesdesanluis.com\/wp-content\/uploads\/2024\/03\/PARO-DE-BONDIS-1-150x150.png",150,150,true],"medium":["https:\/\/apuntesdesanluis.com\/wp-content\/uploads\/2024\/03\/PARO-DE-BONDIS-1-300x167.png",300,167,true],"medium_large":["https:\/\/apuntesdesanluis.com\/wp-content\/uploads\/2024\/03\/PARO-DE-BONDIS-1.png",562,313,false],"large":["https:\/\/apuntesdesanluis.com\/wp-content\/uploads\/2024\/03\/PARO-DE-BONDIS-1.png",562,313,false],"1536x1536":["https:\/\/apuntesdesanluis.com\/wp-content\/uploads\/2024\/03\/PARO-DE-BONDIS-1.png",562,313,false],"2048x2048":["https:\/\/apuntesdesanluis.com\/wp-content\/uploads\/2024\/03\/PARO-DE-BONDIS-1.png",562,313,false],"newsever-slider-full":["https:\/\/apuntesdesanluis.com\/wp-content\/uploads\/2024\/03\/PARO-DE-BONDIS-1.png",562,313,false],"newsever-featured":["https:\/\/apuntesdesanluis.com\/wp-content\/uploads\/2024\/03\/PARO-DE-BONDIS-1.png",562,313,false],"newsever-medium":["https:\/\/apuntesdesanluis.com\/wp-content\/uploads\/2024\/03\/PARO-DE-BONDIS-1.png",562,313,false]},"author_info":{"display_name":"apuntesdesanluis.com","author_link":"https:\/\/apuntesdesanluis.com\/index.php\/author\/apuntesdesanluis-com\/"},"category_info":"<a href=\"https:\/\/apuntesdesanluis.com\/index.php\/category\/ciudad-provincia\/\" rel=\"category tag\">Ciudad\/Provincia<\/a>","tag_info":"Ciudad\/Provincia","comment_count":"0","_links":{"self":[{"href":"https:\/\/apuntesdesanluis.com\/index.php\/wp-json\/wp\/v2\/posts\/13699","targetHints":{"allow":["GET"]}}],"collection":[{"href":"https:\/\/apuntesdesanluis.com\/index.php\/wp-json\/wp\/v2\/posts"}],"about":[{"href":"https:\/\/apuntesdesanluis.com\/index.php\/wp-json\/wp\/v2\/types\/post"}],"author":[{"embeddable":true,"href":"https:\/\/apuntesdesanluis.com\/index.php\/wp-json\/wp\/v2\/users\/1"}],"replies":[{"embeddable":true,"href":"https:\/\/apuntesdesanluis.com\/index.php\/wp-json\/wp\/v2\/comments?post=13699"}],"version-history":[{"count":1,"href":"https:\/\/apuntesdesanluis.com\/index.php\/wp-json\/wp\/v2\/posts\/13699\/revisions"}],"predecessor-version":[{"id":13701,"href":"https:\/\/apuntesdesanluis.com\/index.php\/wp-json\/wp\/v2\/posts\/13699\/revisions\/13701"}],"wp:featuredmedia":[{"embeddable":true,"href":"https:\/\/apuntesdesanluis.com\/index.php\/wp-json\/wp\/v2\/media\/13700"}],"wp:attachment":[{"href":"https:\/\/apuntesdesanluis.com\/index.php\/wp-json\/wp\/v2\/media?parent=13699"}],"wp:term":[{"taxonomy":"category","embeddable":true,"href":"https:\/\/apuntesdesanluis.com\/index.php\/wp-json\/wp\/v2\/categories?post=13699"},{"taxonomy":"post_tag","embeddable":true,"href":"https:\/\/apuntesdesanluis.com\/index.php\/wp-json\/wp\/v2\/tags?post=13699"}],"curies":[{"name":"wp","href":"https:\/\/api.w.org\/{rel}","templated":true}]}}