{"id":1370,"date":"2023-08-10T00:02:20","date_gmt":"2023-08-10T03:02:20","guid":{"rendered":"https:\/\/apuntesdesanluis.com\/?p=1370"},"modified":"2023-08-10T00:06:18","modified_gmt":"2023-08-10T03:06:18","slug":"concaran-condenaron-a-prision-perpetua-al-femicida-de-soledad-zalazar","status":"publish","type":"post","link":"https:\/\/apuntesdesanluis.com\/index.php\/2023\/08\/10\/concaran-condenaron-a-prision-perpetua-al-femicida-de-soledad-zalazar\/","title":{"rendered":"CONCAR\u00c1N: CONDENARON A PRISI\u00d3N PERPETUA AL FEMICIDA DE SOLEDAD ZALAZAR"},"content":{"rendered":"<h3><strong>Luis Ram\u00edrez<\/strong> fue declarado culpable como autor material del delito de homicidio agravado por el v\u00ednculo y por ser cometido por un hombre contra una mujer mediando violencia de g\u00e9nero.<span id=\"more-450437\"><\/span><\/h3>\n<h3>Este mi\u00e9rcoles, la Sala Penal de la C\u00e1mara de Apelaciones de la Tercera Circunscripci\u00f3n Judicial,\u00a0conden\u00f3 a Luis Ram\u00edrez por el femicidio de su pareja, <strong>Soledad Zalazar<\/strong>.<\/h3>\n<h3>El hecho ocurri\u00f3 el 15 de enero de este a\u00f1o en la localidad de <strong>Concar\u00e1n<\/strong> cuando, tras una discusi\u00f3n, Ram\u00edrez atac\u00f3 a la joven con un cuchillo de cocina y, posteriormente,\u00a0se entreg\u00f3 en la Comisar\u00eda de esa localidad, confesando que hab\u00eda matado a su novia.<\/h3>\n<h3>La joven fue auxiliada por personal del Hospital de Concar\u00e1n y trasladada en estado cr\u00edtico al Hospital Madre Catalina de la Villa de Merlo donde, pese a los esfuerzos del personal m\u00e9dico, no fue posible detener la hemorragia provocada por las lesiones, produci\u00e9ndose su deceso.<\/h3>\n<h3>De acuerdo al informe forense, Zalazar, de 22 a\u00f1os, falleci\u00f3 de un shock hipovol\u00e9mico a causa de una hemorragia profusa aguda. Presentaba una herida contusocortante en el cuello, con afectaci\u00f3n de vasos arteriales y venosos; y una herida profunda en la zona lumbar, que afect\u00f3 gravemente su ri\u00f1\u00f3n derecho.<\/h3>\n<h3>Ram\u00edrez fue detenido y posteriormente imputado con prisi\u00f3n preventiva.<\/h3>\n<h3>El 5 de mayo pasado, la fiscal\u00eda requiri\u00f3 la elevaci\u00f3n de la causa a juicio, solicitando que, al momento de dictar sentencia, el acusado sea condenado como autor material del delito de femicidio doblemente calificado por la relaci\u00f3n de pareja y por mediar violencia de g\u00e9nero.<\/h3>\n<h3><a href=\"https:\/\/www.periodicojudicial.gov.ar\/wp-content\/uploads\/2023\/08\/9.8.23-Inicio-debate-oral-femicidio-Soledad-Zalazar-Concaran-1.jpeg\"><img fetchpriority=\"high\" decoding=\"async\" class=\"aligncenter wp-image-450439\" src=\"https:\/\/www.periodicojudicial.gov.ar\/wp-content\/uploads\/2023\/08\/9.8.23-Inicio-debate-oral-femicidio-Soledad-Zalazar-Concaran-1.jpeg\" sizes=\"(max-width: 1298px) 100vw, 1298px\" srcset=\"https:\/\/www.periodicojudicial.gov.ar\/wp-content\/uploads\/2023\/08\/9.8.23-Inicio-debate-oral-femicidio-Soledad-Zalazar-Concaran-1.jpeg 1298w, https:\/\/www.periodicojudicial.gov.ar\/wp-content\/uploads\/2023\/08\/9.8.23-Inicio-debate-oral-femicidio-Soledad-Zalazar-Concaran-1-300x208.jpeg 300w, https:\/\/www.periodicojudicial.gov.ar\/wp-content\/uploads\/2023\/08\/9.8.23-Inicio-debate-oral-femicidio-Soledad-Zalazar-Concaran-1-1024x711.jpeg 1024w, https:\/\/www.periodicojudicial.gov.ar\/wp-content\/uploads\/2023\/08\/9.8.23-Inicio-debate-oral-femicidio-Soledad-Zalazar-Concaran-1-768x533.jpeg 768w\" alt=\"\" width=\"1093\" height=\"759\" \/><\/a><\/h3>\n<h3><strong>JUICIO ORAL<\/strong><\/h3>\n<h3>El tribunal encargado de juzgar al acusado, fue integrado por los camaristas\u00a0Sandra Elizabeth Piguillem,\u00a0Mar\u00eda Claudia Uccello\u00a0y\u00a0Gustavo Daniel Sanchi\u00f1o.<\/h3>\n<h3>En representaci\u00f3n del Ministerio P\u00fablico Fiscal, estuvieron presentes el\u00a0Dr. Mario N\u00e9stor Zudaire; la\u00a0Dra. D\u00e9bora Antonella Roy Gitto; y la\u00a0Dra. Lorena Ohanian;\u00a0quienes presentaron su teor\u00eda del caso, sosteniendo la acusaci\u00f3n en contra de Ram\u00edrez como autor del crimen de Zalazar.<\/h3>\n<h3>En ese marco, detallaron que la v\u00edctima y el acusado estaban en pareja desde el a\u00f1o 2018, y que tienen una hija en com\u00fan. Que ambos eran oriundos de San Mart\u00edn, pero que desde hac\u00eda algunos meses viv\u00edan en el Barrio Jard\u00edn de Concar\u00e1n junto con su hija y la madre de Ram\u00edrez. \u00c9l trabajaba como jornalero, y ella como camarera en un restaurante.<\/h3>\n<h3>Dijeron tambi\u00e9n, que el acusado era una persona muy celosa, situaci\u00f3n que hab\u00eda llevado al deterioro de la relaci\u00f3n y que desemboc\u00f3 en el hecho que termin\u00f3 con la vida de la joven de 22 a\u00f1os.<\/h3>\n<h3>En defensa del acusado, intervino el Defensor Oficial en lo Penal,\u00a0Dr. Jos\u00e9 Luis Gui\u00f1az\u00fa, quien manifest\u00f3 que rebatir\u00eda la teor\u00eda del caso de la fiscal\u00eda una vez finalizada la instancia de producci\u00f3n de prueba.<\/h3>\n<h3>En total, fueron 26 las personas que brindaron su testimonio a lo largo del debate, entre peritos, personal policial, profesionales de la salud, personas del entorno cercano de Soledad y familiares del imputado.<\/h3>\n<h3>Al momento de los alegatos, la fiscal\u00eda afirm\u00f3 que durante el juicio pudo reproducir y brindar todo tipo de pruebas que permitieron demostrar y constatar la verdad de los hechos.<\/h3>\n<p>\u201cEstamos ac\u00e1 porque el Sr. Ram\u00edrez Luis mat\u00f3 a Mariela Soledad Zalazar, vali\u00e9ndose de un cuchillo Tramontina de 20 cm de largo, degoll\u00e1ndola, apu\u00f1al\u00e1ndola, produci\u00e9ndole en su cuerpo dos heridas. (\u2026)<\/p>\n<p>Soledad, ante el primer ataque del Sr. Ram\u00edrez (en donde le lesiona el cuello), se dirigi\u00f3 pidiendo auxilio a la Sra. A.M., la progenitora del Sr. Ram\u00edrez, quien se encontraba en su domicilio. La Sra. M. observa a la se\u00f1orita Soledad, y detr\u00e1s de la misma ven\u00eda Ram\u00edrez con el cuchillo, en donde le asesta la segunda pu\u00f1alada en la zona lumbar. Es decir, estos hechos se produjeron en la cocina-comedor del domicilio, y terminaron en la habitaci\u00f3n en donde se encontraba la Sra. M. Ambas lesiones fueron mortales, como lo manifest\u00f3 el m\u00e9dico forense.<\/p>\n<p>Ante ello, el Sr. Ram\u00edrez se retira de su domicilio en su motocicleta. Previamente, se desprende del cuchillo, arroj\u00e1ndolo a unos 50 metros del domicilio en un descampado que se encuentra frente a la vivienda, y se dirige a la comisar\u00eda de la localidad de Concar\u00e1n a entregarse, en donde a procede a manifestarle al efectivo policial que hab\u00eda matado a su novia. (\u2026)<\/p>\n<p>Soledad se encontraba sin vida. (\u2026) ese 15 de enero de 2023, Luis Ram\u00edrez le quit\u00f3 el derecho de vivir a Soledad\u201d, afirm\u00f3 la fiscal\u00eda.<\/p>\n<h3>Para los representantes del Ministerio P\u00fablico Fiscal, el homicidio se cometi\u00f3 en un contexto de violencia de g\u00e9nero, puesto que, tal como lo manifestaron numerosos testigos a lo largo del debate, Soledad era permanentemente controlada por Ram\u00edrez e, incluso, el d\u00eda antes del hecho, la hab\u00eda amenazado de muerte utilizando un cuchillo para amedrentarla. Ello qued\u00f3 evidenciado en la pericia realizada por el Departamento de Delitos Complejos de la Tercera Circunscripci\u00f3n, a partir del an\u00e1lisis del celular de una de las amigas de Soledad a quien le cont\u00f3 sobre lo ocurrido, manifest\u00e1ndole que estaba atemorizada, que quer\u00eda separarse y que estaba buscando otro lugar para mudarse con su hija.<\/h3>\n<h3>Tambi\u00e9n, se\u00f1alaron como prueba las im\u00e1genes de las c\u00e1maras de seguridad de la zona en donde trabajaba la v\u00edctima, donde se puede ver a Ram\u00edrez en su motocicleta, en distintos d\u00edas y horarios, circulando y merodeando por el lugar.<\/h3>\n<p>\u201cEste homicidio ocurri\u00f3 en un contexto de violencia de g\u00e9nero por las amenazas previas de muerte; por el control, persecuci\u00f3n y las escenas de celos que le hizo siempre; la violencia econ\u00f3mica, que se desprende del pedido que le hizo \u00e9l de manera intimidante a su pareja para que dejara de trabajar; aprovech\u00e1ndose tambi\u00e9n de esta situaci\u00f3n de vulnerabilidad en la que se encontraba la v\u00edctima, que estaba sola en la localidad de Concar\u00e1n, siendo su \u00fanica familia el Sr. Ram\u00edrez, su hija y la progenitora del Sr. Ram\u00edrez.<\/p>\n<p>La violencia deriva de una relaci\u00f3n desigual de poder, que fue exteriorizada en este debate a trav\u00e9s de distintos indicios que tuvimos. Se puede destacar la violencia psicol\u00f3gica previa que hubo; la especial sa\u00f1a y violencia que tuvo el Sr. Luis Ram\u00edrez; la comisi\u00f3n del hecho y el elemento utilizado; la dominaci\u00f3n que tuvo el autor en todo momento, antes y durante el hecho; el aprovecharse del estado de indefensi\u00f3n de la v\u00edctima; el lugar elegido para matarla; el horario y la planificaci\u00f3n del hecho, esperando que saliera del trabajo (\u2026)\u201d, puntualizaron.<\/p>\n<p>\u201cEl tipo de homicidio agravado, previsto en el art\u00edculo 80 inciso 11 del C\u00f3digo Penal, abarca todos los casos en los que un hombre mata a una mujer, y es el caso que estamos tratando ac\u00e1.<\/p>\n<p>(\u2026) El femicidio no s\u00f3lo implica da\u00f1os en t\u00e9rminos subjetivos e individuales, sino tambi\u00e9n representa un da\u00f1o colectivo. Sostenemos que todo acto femicida, todo acto de violencia contra las mujeres, implica el acto de consolidar una pedagog\u00eda del cercenamiento de las libertades, sabiendo que, mientras estos hechos sigan sucediendo, hay una enorme porci\u00f3n de la poblaci\u00f3n que va a sentir que sus vidas pueden terminar en cualquier instante por el obrar letal de un var\u00f3n, de un hombre\u201d, enfatizaron.<\/p>\n<h3>Por todo lo expuesto,\u00a0solicitaron que, al momento de dictar sentencia, el acusado fuera condenado a la pena de prisi\u00f3n perpetua efectiva, como autor material y penalmente responsable del delito de homicidio doblemente calificado por la relaci\u00f3n de pareja y por tratarse de un contexto de violencia de g\u00e9nero, en perjuicio de Soledad Zalazar.<\/h3>\n<h3>Atenuantes:\u00a0la ausencia de antecedentes penales.<\/h3>\n<h3>Agravantes:\u00a0las circunstancias de tiempo, modo y lugar, que demostraron una mayor peligrosidad, habida cuenta del horario nocturno de despliegue de la conducta, y habiendo ocurrido el hecho en el domicilio donde conviv\u00eda con la v\u00edctima y con la hija de ambos.<\/h3>\n<h3>A su turno, el defensor Gui\u00f1az\u00fa aleg\u00f3 que la fiscal\u00eda no pudo acreditar la autor\u00eda de su representado respecto de la muerte de Soledad.<\/h3>\n<h3>Dijo que, si bien no pod\u00eda desconocer que la v\u00edctima falleci\u00f3 como producto de dos heridas contuso cortantes y de las hemorragias que, como relat\u00f3 el cirujano, no pudieron detener; y que, si bien a metros del domicilio donde la pareja conviv\u00eda, se encontr\u00f3 un cuchillo con manchas hem\u00e1ticas; la fiscal\u00eda no pudo acreditar el nexo causal entre la acci\u00f3n homicida y el resultado letal.<\/h3>\n<h3>En ese sentido, mencion\u00f3 que no se realiz\u00f3 un examen de huellas dactilares en el cuchillo, ni se las cotej\u00f3 con las huellas de su representado.<\/h3>\n<p>\u201cTampoco voy a desconocer que hemos escuchado a personal de la fuerza policial manifestar que Luis se present\u00f3 en la comisar\u00eda en horas de la madrugada, en un estado de nerviosismo, manifestando que hab\u00eda matado a su novia. Pero lamentablemente, nuestro C\u00f3digo de rito, en el art\u00edculo 116, es muy puntilloso. Cualquier tipo de confesi\u00f3n, para ser tenida por v\u00e1lida, debe ser hecha ante un juez competente. Entiendo que es muy dif\u00edcil que despejemos de nuestra mente este hecho, pero la ley ritual no permitir\u00eda utilizarlo como medio de prueba\u201d, asever\u00f3.<\/p>\n<p>\u201cSi el m\u00e1s elevado criterio del tribunal sostuviera que Luis es el asesino de Soledad, subsidiariamente debo referirme a la calificante del inciso 11 del art\u00edculo 80. Debo decir que el femicidio, o mejor llamado \u201cfeminicidio\u201d, exige ciertas caracter\u00edsticas particulares. (\u2026) Es necesario que en el sujeto activo de este delito, se encuentre anidada una idea mis\u00f3gina de superioridad, que refuerza cada vez que comete alg\u00fan acto de discriminaci\u00f3n, menosprecio o, de alguna manera, disminuye a la mujer. En los casos en los que est\u00e1 presente este contexto de g\u00e9nero, esta violencia va en una escalada que muchas veces culmina con la muerte de la v\u00edctima. Entiendo que los celos a los que han hecho referencia algunas de las amigas de Soledad, no alcanzan para hablar de un contexto de violencia de g\u00e9nero\u201d. Y, en esa l\u00ednea, agreg\u00f3 que dudaba respecto de los controles o cuidados excesivos a los que aludi\u00f3 la fiscal\u00eda, por considerar que se trat\u00f3 de hechos puntuales, no reiterados en el tiempo.<\/p>\n<h3>Como \u00faltimo punto, mencion\u00f3 los testimonios de la mam\u00e1, de la hermana y de un primo de Ram\u00edrez, quienes refirieron que jam\u00e1s observaron ninguna discusi\u00f3n, ning\u00fan conflicto entre Luis y Soledad. \u201cRaz\u00f3n por la cual entiendo que tampoco se encuentra debidamente acreditada la calificante del inciso 11 del art\u00edculo 80\u201d.<\/h3>\n<h3>En virtud de ello,\u00a0solicit\u00f3 la absoluci\u00f3n de su representado y su inmediata libertad.<\/h3>\n<h3>Cerrado el debate,\u00a0el tribunal\u00a0emiti\u00f3 su veredicto,\u00a0declarando a Luis Ram\u00edrez culpable\u00a0como autor material y penalmente responsable del delito de homicidio agravado por el v\u00ednculo y por haber sido cometido de un hombre hacia una mujer mediando de violencia de g\u00e9nero\u00a0(femicidio),\u00a0conden\u00e1ndolo a la pena de prisi\u00f3n perpetua, accesorias legales y costas procesales.<\/h3>\n<h3>La sentencia ser\u00e1 emitida en el t\u00e9rmino de ley.<\/h3>\n","protected":false},"excerpt":{"rendered":"<p>Luis Ram\u00edrez fue declarado culpable como autor material del delito de homicidio agravado por el&#8230;<\/p>\n","protected":false},"author":1,"featured_media":1372,"comment_status":"closed","ping_status":"closed","sticky":false,"template":"","format":"standard","meta":{"footnotes":""},"categories":[6],"tags":[],"class_list":["post-1370","post","type-post","status-publish","format-standard","has-post-thumbnail","hentry","category-ciudad-provincia"],"yoast_head":"<!-- This site is optimized with the Yoast SEO plugin v26.1.1 - https:\/\/yoast.com\/wordpress\/plugins\/seo\/ -->\n<title>CONCAR\u00c1N: CONDENARON A PRISI\u00d3N PERPETUA AL FEMICIDA DE SOLEDAD ZALAZAR - Apuntes de San Luis<\/title>\n<meta name=\"robots\" content=\"index, follow, max-snippet:-1, max-image-preview:large, max-video-preview:-1\" \/>\n<link rel=\"canonical\" href=\"https:\/\/apuntesdesanluis.com\/index.php\/2023\/08\/10\/concaran-condenaron-a-prision-perpetua-al-femicida-de-soledad-zalazar\/\" \/>\n<meta property=\"og:locale\" content=\"es_ES\" \/>\n<meta property=\"og:type\" content=\"article\" \/>\n<meta property=\"og:title\" content=\"CONCAR\u00c1N: CONDENARON A PRISI\u00d3N PERPETUA AL FEMICIDA DE SOLEDAD ZALAZAR - Apuntes de San Luis\" \/>\n<meta property=\"og:description\" content=\"Luis Ram\u00edrez fue declarado culpable como autor material del delito de homicidio agravado por el...\" \/>\n<meta property=\"og:url\" content=\"https:\/\/apuntesdesanluis.com\/index.php\/2023\/08\/10\/concaran-condenaron-a-prision-perpetua-al-femicida-de-soledad-zalazar\/\" \/>\n<meta property=\"og:site_name\" content=\"Apuntes de San Luis\" \/>\n<meta property=\"article:published_time\" content=\"2023-08-10T03:02:20+00:00\" \/>\n<meta property=\"article:modified_time\" content=\"2023-08-10T03:06:18+00:00\" \/>\n<meta property=\"og:image\" content=\"https:\/\/apuntesdesanluis.com\/wp-content\/uploads\/2023\/08\/femicida.png\" \/>\n\t<meta property=\"og:image:width\" content=\"925\" \/>\n\t<meta property=\"og:image:height\" content=\"475\" \/>\n\t<meta property=\"og:image:type\" content=\"image\/png\" \/>\n<meta name=\"author\" content=\"apuntesdesanluis.com\" \/>\n<meta name=\"twitter:card\" content=\"summary_large_image\" \/>\n<meta name=\"twitter:label1\" content=\"Escrito por\" \/>\n\t<meta name=\"twitter:data1\" content=\"apuntesdesanluis.com\" \/>\n\t<meta name=\"twitter:label2\" content=\"Tiempo de lectura\" \/>\n\t<meta name=\"twitter:data2\" content=\"9 minutos\" \/>\n<script type=\"application\/ld+json\" class=\"yoast-schema-graph\">{\"@context\":\"https:\/\/schema.org\",\"@graph\":[{\"@type\":\"Article\",\"@id\":\"https:\/\/apuntesdesanluis.com\/index.php\/2023\/08\/10\/concaran-condenaron-a-prision-perpetua-al-femicida-de-soledad-zalazar\/#article\",\"isPartOf\":{\"@id\":\"https:\/\/apuntesdesanluis.com\/index.php\/2023\/08\/10\/concaran-condenaron-a-prision-perpetua-al-femicida-de-soledad-zalazar\/\"},\"author\":{\"name\":\"apuntesdesanluis.com\",\"@id\":\"https:\/\/apuntesdesanluis.com\/#\/schema\/person\/b55151d52296fcce64d1a72538a70b90\"},\"headline\":\"CONCAR\u00c1N: CONDENARON A PRISI\u00d3N PERPETUA AL FEMICIDA DE SOLEDAD ZALAZAR\",\"datePublished\":\"2023-08-10T03:02:20+00:00\",\"dateModified\":\"2023-08-10T03:06:18+00:00\",\"mainEntityOfPage\":{\"@id\":\"https:\/\/apuntesdesanluis.com\/index.php\/2023\/08\/10\/concaran-condenaron-a-prision-perpetua-al-femicida-de-soledad-zalazar\/\"},\"wordCount\":1940,\"publisher\":{\"@id\":\"https:\/\/apuntesdesanluis.com\/#\/schema\/person\/b55151d52296fcce64d1a72538a70b90\"},\"image\":{\"@id\":\"https:\/\/apuntesdesanluis.com\/index.php\/2023\/08\/10\/concaran-condenaron-a-prision-perpetua-al-femicida-de-soledad-zalazar\/#primaryimage\"},\"thumbnailUrl\":\"https:\/\/apuntesdesanluis.com\/wp-content\/uploads\/2023\/08\/femicida.png\",\"articleSection\":[\"Ciudad\/Provincia\"],\"inLanguage\":\"es-AR\"},{\"@type\":\"WebPage\",\"@id\":\"https:\/\/apuntesdesanluis.com\/index.php\/2023\/08\/10\/concaran-condenaron-a-prision-perpetua-al-femicida-de-soledad-zalazar\/\",\"url\":\"https:\/\/apuntesdesanluis.com\/index.php\/2023\/08\/10\/concaran-condenaron-a-prision-perpetua-al-femicida-de-soledad-zalazar\/\",\"name\":\"CONCAR\u00c1N: CONDENARON A PRISI\u00d3N PERPETUA AL FEMICIDA DE SOLEDAD ZALAZAR - Apuntes de San Luis\",\"isPartOf\":{\"@id\":\"https:\/\/apuntesdesanluis.com\/#website\"},\"primaryImageOfPage\":{\"@id\":\"https:\/\/apuntesdesanluis.com\/index.php\/2023\/08\/10\/concaran-condenaron-a-prision-perpetua-al-femicida-de-soledad-zalazar\/#primaryimage\"},\"image\":{\"@id\":\"https:\/\/apuntesdesanluis.com\/index.php\/2023\/08\/10\/concaran-condenaron-a-prision-perpetua-al-femicida-de-soledad-zalazar\/#primaryimage\"},\"thumbnailUrl\":\"https:\/\/apuntesdesanluis.com\/wp-content\/uploads\/2023\/08\/femicida.png\",\"datePublished\":\"2023-08-10T03:02:20+00:00\",\"dateModified\":\"2023-08-10T03:06:18+00:00\",\"breadcrumb\":{\"@id\":\"https:\/\/apuntesdesanluis.com\/index.php\/2023\/08\/10\/concaran-condenaron-a-prision-perpetua-al-femicida-de-soledad-zalazar\/#breadcrumb\"},\"inLanguage\":\"es-AR\",\"potentialAction\":[{\"@type\":\"ReadAction\",\"target\":[\"https:\/\/apuntesdesanluis.com\/index.php\/2023\/08\/10\/concaran-condenaron-a-prision-perpetua-al-femicida-de-soledad-zalazar\/\"]}]},{\"@type\":\"ImageObject\",\"inLanguage\":\"es-AR\",\"@id\":\"https:\/\/apuntesdesanluis.com\/index.php\/2023\/08\/10\/concaran-condenaron-a-prision-perpetua-al-femicida-de-soledad-zalazar\/#primaryimage\",\"url\":\"https:\/\/apuntesdesanluis.com\/wp-content\/uploads\/2023\/08\/femicida.png\",\"contentUrl\":\"https:\/\/apuntesdesanluis.com\/wp-content\/uploads\/2023\/08\/femicida.png\",\"width\":925,\"height\":475},{\"@type\":\"BreadcrumbList\",\"@id\":\"https:\/\/apuntesdesanluis.com\/index.php\/2023\/08\/10\/concaran-condenaron-a-prision-perpetua-al-femicida-de-soledad-zalazar\/#breadcrumb\",\"itemListElement\":[{\"@type\":\"ListItem\",\"position\":1,\"name\":\"Inicio\",\"item\":\"https:\/\/apuntesdesanluis.com\/\"},{\"@type\":\"ListItem\",\"position\":2,\"name\":\"CONCAR\u00c1N: CONDENARON A PRISI\u00d3N PERPETUA AL FEMICIDA DE SOLEDAD ZALAZAR\"}]},{\"@type\":\"WebSite\",\"@id\":\"https:\/\/apuntesdesanluis.com\/#website\",\"url\":\"https:\/\/apuntesdesanluis.com\/\",\"name\":\"Apuntes de San Luis\",\"description\":\"\",\"publisher\":{\"@id\":\"https:\/\/apuntesdesanluis.com\/#\/schema\/person\/b55151d52296fcce64d1a72538a70b90\"},\"potentialAction\":[{\"@type\":\"SearchAction\",\"target\":{\"@type\":\"EntryPoint\",\"urlTemplate\":\"https:\/\/apuntesdesanluis.com\/?s={search_term_string}\"},\"query-input\":{\"@type\":\"PropertyValueSpecification\",\"valueRequired\":true,\"valueName\":\"search_term_string\"}}],\"inLanguage\":\"es-AR\"},{\"@type\":[\"Person\",\"Organization\"],\"@id\":\"https:\/\/apuntesdesanluis.com\/#\/schema\/person\/b55151d52296fcce64d1a72538a70b90\",\"name\":\"apuntesdesanluis.com\",\"image\":{\"@type\":\"ImageObject\",\"inLanguage\":\"es-AR\",\"@id\":\"https:\/\/apuntesdesanluis.com\/#\/schema\/person\/image\/\",\"url\":\"https:\/\/apuntesdesanluis.com\/wp-content\/uploads\/2023\/07\/cropped-apuntesdesanluis.png\",\"contentUrl\":\"https:\/\/apuntesdesanluis.com\/wp-content\/uploads\/2023\/07\/cropped-apuntesdesanluis.png\",\"width\":450,\"height\":112,\"caption\":\"apuntesdesanluis.com\"},\"logo\":{\"@id\":\"https:\/\/apuntesdesanluis.com\/#\/schema\/person\/image\/\"},\"sameAs\":[\"https:\/\/apuntesdesanluis.com\"],\"url\":\"https:\/\/apuntesdesanluis.com\/index.php\/author\/apuntesdesanluis-com\/\"}]}<\/script>\n<!-- \/ Yoast SEO plugin. -->","yoast_head_json":{"title":"CONCAR\u00c1N: CONDENARON A PRISI\u00d3N PERPETUA AL FEMICIDA DE SOLEDAD ZALAZAR - Apuntes de San Luis","robots":{"index":"index","follow":"follow","max-snippet":"max-snippet:-1","max-image-preview":"max-image-preview:large","max-video-preview":"max-video-preview:-1"},"canonical":"https:\/\/apuntesdesanluis.com\/index.php\/2023\/08\/10\/concaran-condenaron-a-prision-perpetua-al-femicida-de-soledad-zalazar\/","og_locale":"es_ES","og_type":"article","og_title":"CONCAR\u00c1N: CONDENARON A PRISI\u00d3N PERPETUA AL FEMICIDA DE SOLEDAD ZALAZAR - Apuntes de San Luis","og_description":"Luis Ram\u00edrez fue declarado culpable como autor material del delito de homicidio agravado por el...","og_url":"https:\/\/apuntesdesanluis.com\/index.php\/2023\/08\/10\/concaran-condenaron-a-prision-perpetua-al-femicida-de-soledad-zalazar\/","og_site_name":"Apuntes de San Luis","article_published_time":"2023-08-10T03:02:20+00:00","article_modified_time":"2023-08-10T03:06:18+00:00","og_image":[{"width":925,"height":475,"url":"https:\/\/apuntesdesanluis.com\/wp-content\/uploads\/2023\/08\/femicida.png","type":"image\/png"}],"author":"apuntesdesanluis.com","twitter_card":"summary_large_image","twitter_misc":{"Escrito por":"apuntesdesanluis.com","Tiempo de lectura":"9 minutos"},"schema":{"@context":"https:\/\/schema.org","@graph":[{"@type":"Article","@id":"https:\/\/apuntesdesanluis.com\/index.php\/2023\/08\/10\/concaran-condenaron-a-prision-perpetua-al-femicida-de-soledad-zalazar\/#article","isPartOf":{"@id":"https:\/\/apuntesdesanluis.com\/index.php\/2023\/08\/10\/concaran-condenaron-a-prision-perpetua-al-femicida-de-soledad-zalazar\/"},"author":{"name":"apuntesdesanluis.com","@id":"https:\/\/apuntesdesanluis.com\/#\/schema\/person\/b55151d52296fcce64d1a72538a70b90"},"headline":"CONCAR\u00c1N: CONDENARON A PRISI\u00d3N PERPETUA AL FEMICIDA DE SOLEDAD ZALAZAR","datePublished":"2023-08-10T03:02:20+00:00","dateModified":"2023-08-10T03:06:18+00:00","mainEntityOfPage":{"@id":"https:\/\/apuntesdesanluis.com\/index.php\/2023\/08\/10\/concaran-condenaron-a-prision-perpetua-al-femicida-de-soledad-zalazar\/"},"wordCount":1940,"publisher":{"@id":"https:\/\/apuntesdesanluis.com\/#\/schema\/person\/b55151d52296fcce64d1a72538a70b90"},"image":{"@id":"https:\/\/apuntesdesanluis.com\/index.php\/2023\/08\/10\/concaran-condenaron-a-prision-perpetua-al-femicida-de-soledad-zalazar\/#primaryimage"},"thumbnailUrl":"https:\/\/apuntesdesanluis.com\/wp-content\/uploads\/2023\/08\/femicida.png","articleSection":["Ciudad\/Provincia"],"inLanguage":"es-AR"},{"@type":"WebPage","@id":"https:\/\/apuntesdesanluis.com\/index.php\/2023\/08\/10\/concaran-condenaron-a-prision-perpetua-al-femicida-de-soledad-zalazar\/","url":"https:\/\/apuntesdesanluis.com\/index.php\/2023\/08\/10\/concaran-condenaron-a-prision-perpetua-al-femicida-de-soledad-zalazar\/","name":"CONCAR\u00c1N: CONDENARON A PRISI\u00d3N PERPETUA AL FEMICIDA DE SOLEDAD ZALAZAR - Apuntes de San Luis","isPartOf":{"@id":"https:\/\/apuntesdesanluis.com\/#website"},"primaryImageOfPage":{"@id":"https:\/\/apuntesdesanluis.com\/index.php\/2023\/08\/10\/concaran-condenaron-a-prision-perpetua-al-femicida-de-soledad-zalazar\/#primaryimage"},"image":{"@id":"https:\/\/apuntesdesanluis.com\/index.php\/2023\/08\/10\/concaran-condenaron-a-prision-perpetua-al-femicida-de-soledad-zalazar\/#primaryimage"},"thumbnailUrl":"https:\/\/apuntesdesanluis.com\/wp-content\/uploads\/2023\/08\/femicida.png","datePublished":"2023-08-10T03:02:20+00:00","dateModified":"2023-08-10T03:06:18+00:00","breadcrumb":{"@id":"https:\/\/apuntesdesanluis.com\/index.php\/2023\/08\/10\/concaran-condenaron-a-prision-perpetua-al-femicida-de-soledad-zalazar\/#breadcrumb"},"inLanguage":"es-AR","potentialAction":[{"@type":"ReadAction","target":["https:\/\/apuntesdesanluis.com\/index.php\/2023\/08\/10\/concaran-condenaron-a-prision-perpetua-al-femicida-de-soledad-zalazar\/"]}]},{"@type":"ImageObject","inLanguage":"es-AR","@id":"https:\/\/apuntesdesanluis.com\/index.php\/2023\/08\/10\/concaran-condenaron-a-prision-perpetua-al-femicida-de-soledad-zalazar\/#primaryimage","url":"https:\/\/apuntesdesanluis.com\/wp-content\/uploads\/2023\/08\/femicida.png","contentUrl":"https:\/\/apuntesdesanluis.com\/wp-content\/uploads\/2023\/08\/femicida.png","width":925,"height":475},{"@type":"BreadcrumbList","@id":"https:\/\/apuntesdesanluis.com\/index.php\/2023\/08\/10\/concaran-condenaron-a-prision-perpetua-al-femicida-de-soledad-zalazar\/#breadcrumb","itemListElement":[{"@type":"ListItem","position":1,"name":"Inicio","item":"https:\/\/apuntesdesanluis.com\/"},{"@type":"ListItem","position":2,"name":"CONCAR\u00c1N: CONDENARON A PRISI\u00d3N PERPETUA AL FEMICIDA DE SOLEDAD ZALAZAR"}]},{"@type":"WebSite","@id":"https:\/\/apuntesdesanluis.com\/#website","url":"https:\/\/apuntesdesanluis.com\/","name":"Apuntes de San Luis","description":"","publisher":{"@id":"https:\/\/apuntesdesanluis.com\/#\/schema\/person\/b55151d52296fcce64d1a72538a70b90"},"potentialAction":[{"@type":"SearchAction","target":{"@type":"EntryPoint","urlTemplate":"https:\/\/apuntesdesanluis.com\/?s={search_term_string}"},"query-input":{"@type":"PropertyValueSpecification","valueRequired":true,"valueName":"search_term_string"}}],"inLanguage":"es-AR"},{"@type":["Person","Organization"],"@id":"https:\/\/apuntesdesanluis.com\/#\/schema\/person\/b55151d52296fcce64d1a72538a70b90","name":"apuntesdesanluis.com","image":{"@type":"ImageObject","inLanguage":"es-AR","@id":"https:\/\/apuntesdesanluis.com\/#\/schema\/person\/image\/","url":"https:\/\/apuntesdesanluis.com\/wp-content\/uploads\/2023\/07\/cropped-apuntesdesanluis.png","contentUrl":"https:\/\/apuntesdesanluis.com\/wp-content\/uploads\/2023\/07\/cropped-apuntesdesanluis.png","width":450,"height":112,"caption":"apuntesdesanluis.com"},"logo":{"@id":"https:\/\/apuntesdesanluis.com\/#\/schema\/person\/image\/"},"sameAs":["https:\/\/apuntesdesanluis.com"],"url":"https:\/\/apuntesdesanluis.com\/index.php\/author\/apuntesdesanluis-com\/"}]}},"featured_image_urls":{"full":["https:\/\/apuntesdesanluis.com\/wp-content\/uploads\/2023\/08\/femicida.png",925,475,false],"thumbnail":["https:\/\/apuntesdesanluis.com\/wp-content\/uploads\/2023\/08\/femicida-150x150.png",150,150,true],"medium":["https:\/\/apuntesdesanluis.com\/wp-content\/uploads\/2023\/08\/femicida-300x154.png",300,154,true],"medium_large":["https:\/\/apuntesdesanluis.com\/wp-content\/uploads\/2023\/08\/femicida-768x394.png",640,328,true],"large":["https:\/\/apuntesdesanluis.com\/wp-content\/uploads\/2023\/08\/femicida.png",640,329,false],"1536x1536":["https:\/\/apuntesdesanluis.com\/wp-content\/uploads\/2023\/08\/femicida.png",925,475,false],"2048x2048":["https:\/\/apuntesdesanluis.com\/wp-content\/uploads\/2023\/08\/femicida.png",925,475,false],"newsever-slider-full":["https:\/\/apuntesdesanluis.com\/wp-content\/uploads\/2023\/08\/femicida.png",925,475,false],"newsever-featured":["https:\/\/apuntesdesanluis.com\/wp-content\/uploads\/2023\/08\/femicida.png",925,475,false],"newsever-medium":["https:\/\/apuntesdesanluis.com\/wp-content\/uploads\/2023\/08\/femicida-720x475.png",720,475,true]},"author_info":{"display_name":"apuntesdesanluis.com","author_link":"https:\/\/apuntesdesanluis.com\/index.php\/author\/apuntesdesanluis-com\/"},"category_info":"<a href=\"https:\/\/apuntesdesanluis.com\/index.php\/category\/ciudad-provincia\/\" rel=\"category tag\">Ciudad\/Provincia<\/a>","tag_info":"Ciudad\/Provincia","comment_count":"0","_links":{"self":[{"href":"https:\/\/apuntesdesanluis.com\/index.php\/wp-json\/wp\/v2\/posts\/1370","targetHints":{"allow":["GET"]}}],"collection":[{"href":"https:\/\/apuntesdesanluis.com\/index.php\/wp-json\/wp\/v2\/posts"}],"about":[{"href":"https:\/\/apuntesdesanluis.com\/index.php\/wp-json\/wp\/v2\/types\/post"}],"author":[{"embeddable":true,"href":"https:\/\/apuntesdesanluis.com\/index.php\/wp-json\/wp\/v2\/users\/1"}],"replies":[{"embeddable":true,"href":"https:\/\/apuntesdesanluis.com\/index.php\/wp-json\/wp\/v2\/comments?post=1370"}],"version-history":[{"count":1,"href":"https:\/\/apuntesdesanluis.com\/index.php\/wp-json\/wp\/v2\/posts\/1370\/revisions"}],"predecessor-version":[{"id":1371,"href":"https:\/\/apuntesdesanluis.com\/index.php\/wp-json\/wp\/v2\/posts\/1370\/revisions\/1371"}],"wp:featuredmedia":[{"embeddable":true,"href":"https:\/\/apuntesdesanluis.com\/index.php\/wp-json\/wp\/v2\/media\/1372"}],"wp:attachment":[{"href":"https:\/\/apuntesdesanluis.com\/index.php\/wp-json\/wp\/v2\/media?parent=1370"}],"wp:term":[{"taxonomy":"category","embeddable":true,"href":"https:\/\/apuntesdesanluis.com\/index.php\/wp-json\/wp\/v2\/categories?post=1370"},{"taxonomy":"post_tag","embeddable":true,"href":"https:\/\/apuntesdesanluis.com\/index.php\/wp-json\/wp\/v2\/tags?post=1370"}],"curies":[{"name":"wp","href":"https:\/\/api.w.org\/{rel}","templated":true}]}}