{"id":13702,"date":"2024-03-25T21:22:32","date_gmt":"2024-03-26T00:22:32","guid":{"rendered":"https:\/\/apuntesdesanluis.com\/?p=13702"},"modified":"2024-03-25T21:22:32","modified_gmt":"2024-03-26T00:22:32","slug":"poggi-nego-que-vaya-a-disponer-un-aumento-y-pidio-comprension-a-los-gremios","status":"publish","type":"post","link":"https:\/\/apuntesdesanluis.com\/index.php\/2024\/03\/25\/poggi-nego-que-vaya-a-disponer-un-aumento-y-pidio-comprension-a-los-gremios\/","title":{"rendered":"POGGI NEG\u00d3 QUE VAYA A DISPONER UN AUMENTO Y PIDI\u00d3 \u201cCOMPRENSI\u00d3N A LOS GREMIOS\u201d"},"content":{"rendered":"<h3>El gobernador asegur\u00f3 que tiene que \u201cgobernar para todo San Luis, que tiene al 50% de la poblaci\u00f3n con dificultades econ\u00f3micas y al 70% de los chicos que viven en hogares humildes\u201d y neg\u00f3 que por ahora vaya a disponer un aumento de sueldos a la administraci\u00f3n p\u00fablica.<\/h3>\n<h3>A la salida de la firma del convenio con la Universidad Nacional de San Luis (UNSL), el gobernador <strong>Claudio Poggi<\/strong> fue consultado sobre la marcha a Terrazas del Portezuelo que organizaron algunos gremios estatales el viernes pasado.<\/h3>\n<h3>\u201cFue un movimiento leg\u00edtimo de la representaci\u00f3n sindical, yo respeto mucho a los sindicatos y a las organizaciones gremiales, pero uno tambi\u00e9n trata de explicar hasta d\u00f3nde se puede llegar. Piensen ustedes que adem\u00e1s hay que gobernar para el resto de San Luis, y el resto de San Luis tiene el 50% de la gente con dificultades y el 70% de los chicos viviendo en hogares humildes; y yo gobierno hace nada m\u00e1s que 100 d\u00edas a una provincia que recib\u00ed en rojo, fundida. Entonces voy a luchar por la actividad privada tambi\u00e9n, para que subsista. Esa es la comprensi\u00f3n que planteo.\u201d, declar\u00f3.<\/h3>\n<h3>Record\u00f3 que justo ese d\u00eda se reuni\u00f3 por la noche con personal que se hab\u00eda quedado sin trabajo por el cierre de la planta de D\u00e1nica en Villa Mercedes. \u201cEsa gente fue despedida por la intolerancia de algunos delegados gremiales. Entonces, \u00bfCu\u00e1l es el punto? Son momentos en los que hay que cuidar los puestos de trabajo en la Argentina. Y todos tenemos que poner un granito de arena para lograrlo\u201d, reflexion\u00f3; para agregar que \u201cen los casos puntuales de una disputa gremial como la de D\u00e1nica, que provoca la p\u00e9rdida de 100 puestos de trabajo para San Luis, hay que intervenir directamente, porque la verdad que es un exceso. Ya no son los mercados ni las oportunidades, porque la empresa vend\u00eda, ten\u00eda producci\u00f3n y por la intolerancia de 3 \u00f3 4 personas se termina cerrando una f\u00e1brica\u201d.<\/h3>\n<h3>Sobre un potencial regreso de la promoci\u00f3n industrial en una versi\u00f3n m\u00e1s adaptada a los tiempos que corren, Poggi asegur\u00f3 que \u201cestamos trabajando para encontrar diferentes est\u00edmulos, incentivos, por ahora provinciales, con las herramientas que tenemos, para atraer al sector privado y al emprendedor. Tenemos que lograr que muchos emprendan en San Luis, ese es el desaf\u00edo que tenemos\u201d. Y record\u00f3 que el s\u00e1bado pasado termin\u00f3 el s\u00e9ptimo foro productivo: \u201cYa convoqu\u00e9 a todos los que participaron en cada jornada para el s\u00e1bado 6 de abril, donde voy a anunciar una bater\u00eda de medidas de apuntalamiento, de acompa\u00f1amiento al sector emprendedor. Creo que una sociedad que tiene muchos emprendedores sobresale respecto a aquella que no lo tiene\u201d.<\/h3>\n<h3><img fetchpriority=\"high\" decoding=\"async\" class=\"wp-image-13704 aligncenter\" src=\"https:\/\/apuntesdesanluis.com\/wp-content\/uploads\/2024\/03\/POGGI-2-300x174.png\" alt=\"\" width=\"684\" height=\"397\" srcset=\"https:\/\/apuntesdesanluis.com\/wp-content\/uploads\/2024\/03\/POGGI-2-300x174.png 300w, https:\/\/apuntesdesanluis.com\/wp-content\/uploads\/2024\/03\/POGGI-2.png 630w\" sizes=\"(max-width: 684px) 100vw, 684px\" \/><\/h3>\n<h3>En cuanto a las suspensiones de operarios que se produjeron en las f\u00e1bricas grandes como Mabe o Acindar, reconoci\u00f3 que \u201cse hace dif\u00edcil ayudar a nivel provincial cuando lo que viene del contexto nacional es tan complicado. Por eso tenemos que organizarnos en la provincia, usar todas las herramientas a disposici\u00f3n, porque as\u00ed se gobierna para todos\u201d.<\/h3>\n<h3><strong>NARCOTR\u00c1FICO<\/strong><\/h3>\n<h3>Al finalizar el acto de firma de un convenio con la Universidad Nacional de San Luis, el gobernadortambi\u00e9n fu consultado sobre un tema delicado, en el que San Luis quiere recuperar terreno luego de a\u00f1os de desidia: la seguridad. R\u00e1pidamente puso en el tapete una decisi\u00f3n que tiene que acercar tranquilidad, como es la llegada de un escuadr\u00f3n de Gendarmer\u00eda nacional a la provincia, que era el \u00fanico distrito donde no estaba.<\/h3>\n<h3>\u201cNos va a ayudar a controlar los delitos complejos y las rutas provinciales; vamos a tener una fuerte pol\u00edtica de prevenci\u00f3n que incluir\u00e1 tecnolog\u00eda, capacitaci\u00f3n y adiestramiento de nuestros recursos humanos para poder dar una lucha frontal. No vamos a ser Rosario\u201d, afirm\u00f3.<\/h3>\n<p><iframe title=\"Gobernador Claudio Poggi - Narcotr\u00e1fico\" width=\"640\" height=\"360\" src=\"https:\/\/www.youtube.com\/embed\/t2VQhbX4WME?feature=oembed\" frameborder=\"0\" allow=\"accelerometer; autoplay; clipboard-write; encrypted-media; gyroscope; picture-in-picture; web-share\" referrerpolicy=\"strict-origin-when-cross-origin\" allowfullscreen><\/iframe><\/p>\n<h3>Respecto al crecimiento del narcotr\u00e1fico en todo el pa\u00eds, y espec\u00edficamente en Cuyo, el Mandatario explic\u00f3 que \u201cSan Luis fue un colador en los \u00faltimos a\u00f1os. Parec\u00eda tierra liberada al narcotr\u00e1fico, a la venta de drogas. En los \u00faltimos 6, 7 a\u00f1os es impresionante la cantidad de droga que circula por la provincia. Bueno, estamos haciendo una acci\u00f3n preventiva, vamos a traer a Gendarmer\u00eda. A fines de abril va a instalarse en San Luis por primera vez. Y es s\u00f3lo el primer paso de un plan mucho m\u00e1s ambicioso\u201d, cerr\u00f3.<\/h3>\n<p>&nbsp;<\/p>\n<p>&nbsp;<\/p>\n<p>&nbsp;<\/p>\n","protected":false},"excerpt":{"rendered":"<p>El gobernador asegur\u00f3 que tiene que \u201cgobernar para todo San Luis, que tiene al 50%&#8230;<\/p>\n","protected":false},"author":1,"featured_media":13703,"comment_status":"closed","ping_status":"closed","sticky":false,"template":"","format":"standard","meta":{"footnotes":""},"categories":[6],"tags":[],"class_list":["post-13702","post","type-post","status-publish","format-standard","has-post-thumbnail","hentry","category-ciudad-provincia"],"yoast_head":"<!-- This site is optimized with the Yoast SEO plugin v26.1.1 - https:\/\/yoast.com\/wordpress\/plugins\/seo\/ -->\n<title>POGGI NEG\u00d3 QUE VAYA A DISPONER UN AUMENTO Y PIDI\u00d3 \u201cCOMPRENSI\u00d3N A LOS GREMIOS\u201d - Apuntes de San Luis<\/title>\n<meta name=\"robots\" content=\"index, follow, max-snippet:-1, max-image-preview:large, max-video-preview:-1\" \/>\n<link rel=\"canonical\" href=\"https:\/\/apuntesdesanluis.com\/index.php\/2024\/03\/25\/poggi-nego-que-vaya-a-disponer-un-aumento-y-pidio-comprension-a-los-gremios\/\" \/>\n<meta property=\"og:locale\" content=\"es_ES\" \/>\n<meta property=\"og:type\" content=\"article\" \/>\n<meta property=\"og:title\" content=\"POGGI NEG\u00d3 QUE VAYA A DISPONER UN AUMENTO Y PIDI\u00d3 \u201cCOMPRENSI\u00d3N A LOS GREMIOS\u201d - Apuntes de San Luis\" \/>\n<meta property=\"og:description\" content=\"El gobernador asegur\u00f3 que tiene que \u201cgobernar para todo San Luis, que tiene al 50%...\" \/>\n<meta property=\"og:url\" content=\"https:\/\/apuntesdesanluis.com\/index.php\/2024\/03\/25\/poggi-nego-que-vaya-a-disponer-un-aumento-y-pidio-comprension-a-los-gremios\/\" \/>\n<meta property=\"og:site_name\" content=\"Apuntes de San Luis\" \/>\n<meta property=\"article:published_time\" content=\"2024-03-26T00:22:32+00:00\" \/>\n<meta property=\"og:image\" content=\"https:\/\/apuntesdesanluis.com\/wp-content\/uploads\/2024\/03\/poggi-unsl.png\" \/>\n\t<meta property=\"og:image:width\" content=\"703\" \/>\n\t<meta property=\"og:image:height\" content=\"420\" \/>\n\t<meta property=\"og:image:type\" content=\"image\/png\" \/>\n<meta name=\"author\" content=\"apuntesdesanluis.com\" \/>\n<meta name=\"twitter:card\" content=\"summary_large_image\" \/>\n<meta name=\"twitter:label1\" content=\"Escrito por\" \/>\n\t<meta name=\"twitter:data1\" content=\"apuntesdesanluis.com\" \/>\n\t<meta name=\"twitter:label2\" content=\"Tiempo de lectura\" \/>\n\t<meta name=\"twitter:data2\" content=\"4 minutos\" \/>\n<script type=\"application\/ld+json\" class=\"yoast-schema-graph\">{\"@context\":\"https:\/\/schema.org\",\"@graph\":[{\"@type\":\"Article\",\"@id\":\"https:\/\/apuntesdesanluis.com\/index.php\/2024\/03\/25\/poggi-nego-que-vaya-a-disponer-un-aumento-y-pidio-comprension-a-los-gremios\/#article\",\"isPartOf\":{\"@id\":\"https:\/\/apuntesdesanluis.com\/index.php\/2024\/03\/25\/poggi-nego-que-vaya-a-disponer-un-aumento-y-pidio-comprension-a-los-gremios\/\"},\"author\":{\"name\":\"apuntesdesanluis.com\",\"@id\":\"https:\/\/apuntesdesanluis.com\/#\/schema\/person\/b55151d52296fcce64d1a72538a70b90\"},\"headline\":\"POGGI NEG\u00d3 QUE VAYA A DISPONER UN AUMENTO Y PIDI\u00d3 \u201cCOMPRENSI\u00d3N A LOS GREMIOS\u201d\",\"datePublished\":\"2024-03-26T00:22:32+00:00\",\"mainEntityOfPage\":{\"@id\":\"https:\/\/apuntesdesanluis.com\/index.php\/2024\/03\/25\/poggi-nego-que-vaya-a-disponer-un-aumento-y-pidio-comprension-a-los-gremios\/\"},\"wordCount\":778,\"publisher\":{\"@id\":\"https:\/\/apuntesdesanluis.com\/#\/schema\/person\/b55151d52296fcce64d1a72538a70b90\"},\"image\":{\"@id\":\"https:\/\/apuntesdesanluis.com\/index.php\/2024\/03\/25\/poggi-nego-que-vaya-a-disponer-un-aumento-y-pidio-comprension-a-los-gremios\/#primaryimage\"},\"thumbnailUrl\":\"https:\/\/apuntesdesanluis.com\/wp-content\/uploads\/2024\/03\/poggi-unsl.png\",\"articleSection\":[\"Ciudad\/Provincia\"],\"inLanguage\":\"es-AR\"},{\"@type\":\"WebPage\",\"@id\":\"https:\/\/apuntesdesanluis.com\/index.php\/2024\/03\/25\/poggi-nego-que-vaya-a-disponer-un-aumento-y-pidio-comprension-a-los-gremios\/\",\"url\":\"https:\/\/apuntesdesanluis.com\/index.php\/2024\/03\/25\/poggi-nego-que-vaya-a-disponer-un-aumento-y-pidio-comprension-a-los-gremios\/\",\"name\":\"POGGI NEG\u00d3 QUE VAYA A DISPONER UN AUMENTO Y PIDI\u00d3 \u201cCOMPRENSI\u00d3N A LOS GREMIOS\u201d - Apuntes de San Luis\",\"isPartOf\":{\"@id\":\"https:\/\/apuntesdesanluis.com\/#website\"},\"primaryImageOfPage\":{\"@id\":\"https:\/\/apuntesdesanluis.com\/index.php\/2024\/03\/25\/poggi-nego-que-vaya-a-disponer-un-aumento-y-pidio-comprension-a-los-gremios\/#primaryimage\"},\"image\":{\"@id\":\"https:\/\/apuntesdesanluis.com\/index.php\/2024\/03\/25\/poggi-nego-que-vaya-a-disponer-un-aumento-y-pidio-comprension-a-los-gremios\/#primaryimage\"},\"thumbnailUrl\":\"https:\/\/apuntesdesanluis.com\/wp-content\/uploads\/2024\/03\/poggi-unsl.png\",\"datePublished\":\"2024-03-26T00:22:32+00:00\",\"breadcrumb\":{\"@id\":\"https:\/\/apuntesdesanluis.com\/index.php\/2024\/03\/25\/poggi-nego-que-vaya-a-disponer-un-aumento-y-pidio-comprension-a-los-gremios\/#breadcrumb\"},\"inLanguage\":\"es-AR\",\"potentialAction\":[{\"@type\":\"ReadAction\",\"target\":[\"https:\/\/apuntesdesanluis.com\/index.php\/2024\/03\/25\/poggi-nego-que-vaya-a-disponer-un-aumento-y-pidio-comprension-a-los-gremios\/\"]}]},{\"@type\":\"ImageObject\",\"inLanguage\":\"es-AR\",\"@id\":\"https:\/\/apuntesdesanluis.com\/index.php\/2024\/03\/25\/poggi-nego-que-vaya-a-disponer-un-aumento-y-pidio-comprension-a-los-gremios\/#primaryimage\",\"url\":\"https:\/\/apuntesdesanluis.com\/wp-content\/uploads\/2024\/03\/poggi-unsl.png\",\"contentUrl\":\"https:\/\/apuntesdesanluis.com\/wp-content\/uploads\/2024\/03\/poggi-unsl.png\",\"width\":703,\"height\":420},{\"@type\":\"BreadcrumbList\",\"@id\":\"https:\/\/apuntesdesanluis.com\/index.php\/2024\/03\/25\/poggi-nego-que-vaya-a-disponer-un-aumento-y-pidio-comprension-a-los-gremios\/#breadcrumb\",\"itemListElement\":[{\"@type\":\"ListItem\",\"position\":1,\"name\":\"Inicio\",\"item\":\"https:\/\/apuntesdesanluis.com\/\"},{\"@type\":\"ListItem\",\"position\":2,\"name\":\"POGGI NEG\u00d3 QUE VAYA A DISPONER UN AUMENTO Y PIDI\u00d3 \u201cCOMPRENSI\u00d3N A LOS GREMIOS\u201d\"}]},{\"@type\":\"WebSite\",\"@id\":\"https:\/\/apuntesdesanluis.com\/#website\",\"url\":\"https:\/\/apuntesdesanluis.com\/\",\"name\":\"Apuntes de San Luis\",\"description\":\"\",\"publisher\":{\"@id\":\"https:\/\/apuntesdesanluis.com\/#\/schema\/person\/b55151d52296fcce64d1a72538a70b90\"},\"potentialAction\":[{\"@type\":\"SearchAction\",\"target\":{\"@type\":\"EntryPoint\",\"urlTemplate\":\"https:\/\/apuntesdesanluis.com\/?s={search_term_string}\"},\"query-input\":{\"@type\":\"PropertyValueSpecification\",\"valueRequired\":true,\"valueName\":\"search_term_string\"}}],\"inLanguage\":\"es-AR\"},{\"@type\":[\"Person\",\"Organization\"],\"@id\":\"https:\/\/apuntesdesanluis.com\/#\/schema\/person\/b55151d52296fcce64d1a72538a70b90\",\"name\":\"apuntesdesanluis.com\",\"image\":{\"@type\":\"ImageObject\",\"inLanguage\":\"es-AR\",\"@id\":\"https:\/\/apuntesdesanluis.com\/#\/schema\/person\/image\/\",\"url\":\"https:\/\/apuntesdesanluis.com\/wp-content\/uploads\/2023\/07\/cropped-apuntesdesanluis.png\",\"contentUrl\":\"https:\/\/apuntesdesanluis.com\/wp-content\/uploads\/2023\/07\/cropped-apuntesdesanluis.png\",\"width\":450,\"height\":112,\"caption\":\"apuntesdesanluis.com\"},\"logo\":{\"@id\":\"https:\/\/apuntesdesanluis.com\/#\/schema\/person\/image\/\"},\"sameAs\":[\"https:\/\/apuntesdesanluis.com\"],\"url\":\"https:\/\/apuntesdesanluis.com\/index.php\/author\/apuntesdesanluis-com\/\"}]}<\/script>\n<!-- \/ Yoast SEO plugin. -->","yoast_head_json":{"title":"POGGI NEG\u00d3 QUE VAYA A DISPONER UN AUMENTO Y PIDI\u00d3 \u201cCOMPRENSI\u00d3N A LOS GREMIOS\u201d - Apuntes de San Luis","robots":{"index":"index","follow":"follow","max-snippet":"max-snippet:-1","max-image-preview":"max-image-preview:large","max-video-preview":"max-video-preview:-1"},"canonical":"https:\/\/apuntesdesanluis.com\/index.php\/2024\/03\/25\/poggi-nego-que-vaya-a-disponer-un-aumento-y-pidio-comprension-a-los-gremios\/","og_locale":"es_ES","og_type":"article","og_title":"POGGI NEG\u00d3 QUE VAYA A DISPONER UN AUMENTO Y PIDI\u00d3 \u201cCOMPRENSI\u00d3N A LOS GREMIOS\u201d - Apuntes de San Luis","og_description":"El gobernador asegur\u00f3 que tiene que \u201cgobernar para todo San Luis, que tiene al 50%...","og_url":"https:\/\/apuntesdesanluis.com\/index.php\/2024\/03\/25\/poggi-nego-que-vaya-a-disponer-un-aumento-y-pidio-comprension-a-los-gremios\/","og_site_name":"Apuntes de San Luis","article_published_time":"2024-03-26T00:22:32+00:00","og_image":[{"width":703,"height":420,"url":"https:\/\/apuntesdesanluis.com\/wp-content\/uploads\/2024\/03\/poggi-unsl.png","type":"image\/png"}],"author":"apuntesdesanluis.com","twitter_card":"summary_large_image","twitter_misc":{"Escrito por":"apuntesdesanluis.com","Tiempo de lectura":"4 minutos"},"schema":{"@context":"https:\/\/schema.org","@graph":[{"@type":"Article","@id":"https:\/\/apuntesdesanluis.com\/index.php\/2024\/03\/25\/poggi-nego-que-vaya-a-disponer-un-aumento-y-pidio-comprension-a-los-gremios\/#article","isPartOf":{"@id":"https:\/\/apuntesdesanluis.com\/index.php\/2024\/03\/25\/poggi-nego-que-vaya-a-disponer-un-aumento-y-pidio-comprension-a-los-gremios\/"},"author":{"name":"apuntesdesanluis.com","@id":"https:\/\/apuntesdesanluis.com\/#\/schema\/person\/b55151d52296fcce64d1a72538a70b90"},"headline":"POGGI NEG\u00d3 QUE VAYA A DISPONER UN AUMENTO Y PIDI\u00d3 \u201cCOMPRENSI\u00d3N A LOS GREMIOS\u201d","datePublished":"2024-03-26T00:22:32+00:00","mainEntityOfPage":{"@id":"https:\/\/apuntesdesanluis.com\/index.php\/2024\/03\/25\/poggi-nego-que-vaya-a-disponer-un-aumento-y-pidio-comprension-a-los-gremios\/"},"wordCount":778,"publisher":{"@id":"https:\/\/apuntesdesanluis.com\/#\/schema\/person\/b55151d52296fcce64d1a72538a70b90"},"image":{"@id":"https:\/\/apuntesdesanluis.com\/index.php\/2024\/03\/25\/poggi-nego-que-vaya-a-disponer-un-aumento-y-pidio-comprension-a-los-gremios\/#primaryimage"},"thumbnailUrl":"https:\/\/apuntesdesanluis.com\/wp-content\/uploads\/2024\/03\/poggi-unsl.png","articleSection":["Ciudad\/Provincia"],"inLanguage":"es-AR"},{"@type":"WebPage","@id":"https:\/\/apuntesdesanluis.com\/index.php\/2024\/03\/25\/poggi-nego-que-vaya-a-disponer-un-aumento-y-pidio-comprension-a-los-gremios\/","url":"https:\/\/apuntesdesanluis.com\/index.php\/2024\/03\/25\/poggi-nego-que-vaya-a-disponer-un-aumento-y-pidio-comprension-a-los-gremios\/","name":"POGGI NEG\u00d3 QUE VAYA A DISPONER UN AUMENTO Y PIDI\u00d3 \u201cCOMPRENSI\u00d3N A LOS GREMIOS\u201d - Apuntes de San Luis","isPartOf":{"@id":"https:\/\/apuntesdesanluis.com\/#website"},"primaryImageOfPage":{"@id":"https:\/\/apuntesdesanluis.com\/index.php\/2024\/03\/25\/poggi-nego-que-vaya-a-disponer-un-aumento-y-pidio-comprension-a-los-gremios\/#primaryimage"},"image":{"@id":"https:\/\/apuntesdesanluis.com\/index.php\/2024\/03\/25\/poggi-nego-que-vaya-a-disponer-un-aumento-y-pidio-comprension-a-los-gremios\/#primaryimage"},"thumbnailUrl":"https:\/\/apuntesdesanluis.com\/wp-content\/uploads\/2024\/03\/poggi-unsl.png","datePublished":"2024-03-26T00:22:32+00:00","breadcrumb":{"@id":"https:\/\/apuntesdesanluis.com\/index.php\/2024\/03\/25\/poggi-nego-que-vaya-a-disponer-un-aumento-y-pidio-comprension-a-los-gremios\/#breadcrumb"},"inLanguage":"es-AR","potentialAction":[{"@type":"ReadAction","target":["https:\/\/apuntesdesanluis.com\/index.php\/2024\/03\/25\/poggi-nego-que-vaya-a-disponer-un-aumento-y-pidio-comprension-a-los-gremios\/"]}]},{"@type":"ImageObject","inLanguage":"es-AR","@id":"https:\/\/apuntesdesanluis.com\/index.php\/2024\/03\/25\/poggi-nego-que-vaya-a-disponer-un-aumento-y-pidio-comprension-a-los-gremios\/#primaryimage","url":"https:\/\/apuntesdesanluis.com\/wp-content\/uploads\/2024\/03\/poggi-unsl.png","contentUrl":"https:\/\/apuntesdesanluis.com\/wp-content\/uploads\/2024\/03\/poggi-unsl.png","width":703,"height":420},{"@type":"BreadcrumbList","@id":"https:\/\/apuntesdesanluis.com\/index.php\/2024\/03\/25\/poggi-nego-que-vaya-a-disponer-un-aumento-y-pidio-comprension-a-los-gremios\/#breadcrumb","itemListElement":[{"@type":"ListItem","position":1,"name":"Inicio","item":"https:\/\/apuntesdesanluis.com\/"},{"@type":"ListItem","position":2,"name":"POGGI NEG\u00d3 QUE VAYA A DISPONER UN AUMENTO Y PIDI\u00d3 \u201cCOMPRENSI\u00d3N A LOS GREMIOS\u201d"}]},{"@type":"WebSite","@id":"https:\/\/apuntesdesanluis.com\/#website","url":"https:\/\/apuntesdesanluis.com\/","name":"Apuntes de San Luis","description":"","publisher":{"@id":"https:\/\/apuntesdesanluis.com\/#\/schema\/person\/b55151d52296fcce64d1a72538a70b90"},"potentialAction":[{"@type":"SearchAction","target":{"@type":"EntryPoint","urlTemplate":"https:\/\/apuntesdesanluis.com\/?s={search_term_string}"},"query-input":{"@type":"PropertyValueSpecification","valueRequired":true,"valueName":"search_term_string"}}],"inLanguage":"es-AR"},{"@type":["Person","Organization"],"@id":"https:\/\/apuntesdesanluis.com\/#\/schema\/person\/b55151d52296fcce64d1a72538a70b90","name":"apuntesdesanluis.com","image":{"@type":"ImageObject","inLanguage":"es-AR","@id":"https:\/\/apuntesdesanluis.com\/#\/schema\/person\/image\/","url":"https:\/\/apuntesdesanluis.com\/wp-content\/uploads\/2023\/07\/cropped-apuntesdesanluis.png","contentUrl":"https:\/\/apuntesdesanluis.com\/wp-content\/uploads\/2023\/07\/cropped-apuntesdesanluis.png","width":450,"height":112,"caption":"apuntesdesanluis.com"},"logo":{"@id":"https:\/\/apuntesdesanluis.com\/#\/schema\/person\/image\/"},"sameAs":["https:\/\/apuntesdesanluis.com"],"url":"https:\/\/apuntesdesanluis.com\/index.php\/author\/apuntesdesanluis-com\/"}]}},"featured_image_urls":{"full":["https:\/\/apuntesdesanluis.com\/wp-content\/uploads\/2024\/03\/poggi-unsl.png",703,420,false],"thumbnail":["https:\/\/apuntesdesanluis.com\/wp-content\/uploads\/2024\/03\/poggi-unsl-150x150.png",150,150,true],"medium":["https:\/\/apuntesdesanluis.com\/wp-content\/uploads\/2024\/03\/poggi-unsl-300x179.png",300,179,true],"medium_large":["https:\/\/apuntesdesanluis.com\/wp-content\/uploads\/2024\/03\/poggi-unsl.png",640,382,false],"large":["https:\/\/apuntesdesanluis.com\/wp-content\/uploads\/2024\/03\/poggi-unsl.png",640,382,false],"1536x1536":["https:\/\/apuntesdesanluis.com\/wp-content\/uploads\/2024\/03\/poggi-unsl.png",703,420,false],"2048x2048":["https:\/\/apuntesdesanluis.com\/wp-content\/uploads\/2024\/03\/poggi-unsl.png",703,420,false],"newsever-slider-full":["https:\/\/apuntesdesanluis.com\/wp-content\/uploads\/2024\/03\/poggi-unsl.png",703,420,false],"newsever-featured":["https:\/\/apuntesdesanluis.com\/wp-content\/uploads\/2024\/03\/poggi-unsl.png",703,420,false],"newsever-medium":["https:\/\/apuntesdesanluis.com\/wp-content\/uploads\/2024\/03\/poggi-unsl.png",703,420,false]},"author_info":{"display_name":"apuntesdesanluis.com","author_link":"https:\/\/apuntesdesanluis.com\/index.php\/author\/apuntesdesanluis-com\/"},"category_info":"<a href=\"https:\/\/apuntesdesanluis.com\/index.php\/category\/ciudad-provincia\/\" rel=\"category tag\">Ciudad\/Provincia<\/a>","tag_info":"Ciudad\/Provincia","comment_count":"0","_links":{"self":[{"href":"https:\/\/apuntesdesanluis.com\/index.php\/wp-json\/wp\/v2\/posts\/13702","targetHints":{"allow":["GET"]}}],"collection":[{"href":"https:\/\/apuntesdesanluis.com\/index.php\/wp-json\/wp\/v2\/posts"}],"about":[{"href":"https:\/\/apuntesdesanluis.com\/index.php\/wp-json\/wp\/v2\/types\/post"}],"author":[{"embeddable":true,"href":"https:\/\/apuntesdesanluis.com\/index.php\/wp-json\/wp\/v2\/users\/1"}],"replies":[{"embeddable":true,"href":"https:\/\/apuntesdesanluis.com\/index.php\/wp-json\/wp\/v2\/comments?post=13702"}],"version-history":[{"count":1,"href":"https:\/\/apuntesdesanluis.com\/index.php\/wp-json\/wp\/v2\/posts\/13702\/revisions"}],"predecessor-version":[{"id":13705,"href":"https:\/\/apuntesdesanluis.com\/index.php\/wp-json\/wp\/v2\/posts\/13702\/revisions\/13705"}],"wp:featuredmedia":[{"embeddable":true,"href":"https:\/\/apuntesdesanluis.com\/index.php\/wp-json\/wp\/v2\/media\/13703"}],"wp:attachment":[{"href":"https:\/\/apuntesdesanluis.com\/index.php\/wp-json\/wp\/v2\/media?parent=13702"}],"wp:term":[{"taxonomy":"category","embeddable":true,"href":"https:\/\/apuntesdesanluis.com\/index.php\/wp-json\/wp\/v2\/categories?post=13702"},{"taxonomy":"post_tag","embeddable":true,"href":"https:\/\/apuntesdesanluis.com\/index.php\/wp-json\/wp\/v2\/tags?post=13702"}],"curies":[{"name":"wp","href":"https:\/\/api.w.org\/{rel}","templated":true}]}}