{"id":13710,"date":"2024-03-25T23:25:39","date_gmt":"2024-03-26T02:25:39","guid":{"rendered":"https:\/\/apuntesdesanluis.com\/?p=13710"},"modified":"2024-03-25T23:25:39","modified_gmt":"2024-03-26T02:25:39","slug":"francos-sello-el-apoyo-del-pro-a-la-ley-bases-tras-reuniones-con-jorge-macri-y-diputados-del-espacio","status":"publish","type":"post","link":"https:\/\/apuntesdesanluis.com\/index.php\/2024\/03\/25\/francos-sello-el-apoyo-del-pro-a-la-ley-bases-tras-reuniones-con-jorge-macri-y-diputados-del-espacio\/","title":{"rendered":"FRANCOS SELL\u00d3 EL APOYO DEL PRO A LA LEY BASES TRAS REUNIONES CON JORGE MACRI Y DIPUTADOS DEL ESPACIO"},"content":{"rendered":"<h3>El ministro del Interior, <strong>Guillermo Francos<\/strong>, mantuvo reuniones en Casa Rosada con referentes del PRO para ratificar el respaldo de ese espacio a la nueva Ley de Bases que girar\u00e1 el oficialismo al Congreso.<\/h3>\n<h3>Este lunes, el funcionario recibi\u00f3 en su despacho de la sede gubernamental al jefe de gobierno porte\u00f1o,<strong> Jorge Macri<\/strong>, y luego a tres diputados del bloque del PRO, <strong>Cristian Ritondo, Silvia Lospenatto y Silvana Gi\u00fadici<\/strong>.<\/h3>\n<h3>Si bien el PRO, a trav\u00e9s del voto positivo de todos sus diputados durante las sesiones extraordinarias de enero, ya hab\u00eda acompa\u00f1ado la primera versi\u00f3n de la ley \u00f3mnibus que al final naufrag\u00f3 por los votos negativos en el tratamiento en particular, ahora Francos decidi\u00f3 volver a reunirse con sus referentes para ratificar el apoyo de esta fuerza, que se viene mostrando como aliada a los libertarios.<\/h3>\n<h3>Tras la reuni\u00f3n, Ritondo confirm\u00f3 que el PRO volver\u00e1 a votar a favor del proyecto del Gobierno, en su nueva versi\u00f3n m\u00e1s acotada que la original, para avanzar en desregulaciones de la econom\u00eda, entre otras iniciativas que encierran sus 266 art\u00edculos m\u00e1s sus anexos.<\/h3>\n<h3>&#8220;El bloque del PRO va a volver a acompa\u00f1ar. Esta ley es necesaria sobre todo para el tema de atraer inversiones&#8221;, confirm\u00f3 Ritondo a un grupo de periodistas acreditados.<\/h3>\n<h3>Al respecto, se mostr\u00f3 confiado en que ahora la iniciativa s\u00ed sea aprobada y que no fracase como en enero pasado: &#8220;No creo que vuelva a pasar lo de antes, ahora los art\u00edculos se conocen, son m\u00e1s claros, no hay lugar para el tema de votarla en general pero despu\u00e9s no en particular&#8221;, consider\u00f3 el titular de la bancada.<\/h3>\n<h3>Se espera que la iniciativa, que a\u00fan se conoce a trav\u00e9s de un borrador y su versi\u00f3n final debe girarse al Congreso, se comience a tratar en comisiones a mediados de abril y que para alrededor del 24 de ese mes llegue al recinto.<\/h3>\n<h3>Una de las claves para que el oficialismo pueda sacar adelante el proyecto ser\u00e1 la postura que adopten los diputados del bloque que lidera Miguel \u00c1ngel Pichetto: &#8220;Esperemos que ahora pueda ordenar a la tropa&#8221;, deslizaron los representantes del PRO ante una consulta de Noticias Argentinas.<\/h3>\n<h3>En el marco de las reuniones que encabeza para sacar adelante el nuevo proyecto de la Ley de Bases, Francos se reunir\u00e1 este martes en Salta con 10 gobernadores del norte argentino, mientras que la semana pr\u00f3xima lo har\u00e1 con los mandatarios provinciales de Juntos por el Cambio.<\/h3>\n<p>&nbsp;<\/p>\n<p>&nbsp;<\/p>\n","protected":false},"excerpt":{"rendered":"<p>El ministro del Interior, Guillermo Francos, mantuvo reuniones en Casa Rosada con referentes del PRO&#8230;<\/p>\n","protected":false},"author":1,"featured_media":7708,"comment_status":"closed","ping_status":"closed","sticky":false,"template":"","format":"standard","meta":{"footnotes":""},"categories":[5],"tags":[],"class_list":["post-13710","post","type-post","status-publish","format-standard","has-post-thumbnail","hentry","category-nacionales-internacionales"],"yoast_head":"<!-- This site is optimized with the Yoast SEO plugin v26.1.1 - https:\/\/yoast.com\/wordpress\/plugins\/seo\/ -->\n<title>FRANCOS SELL\u00d3 EL APOYO DEL PRO A LA LEY BASES TRAS REUNIONES CON JORGE MACRI Y DIPUTADOS DEL ESPACIO - Apuntes de San Luis<\/title>\n<meta name=\"robots\" content=\"index, follow, max-snippet:-1, max-image-preview:large, max-video-preview:-1\" \/>\n<link rel=\"canonical\" href=\"https:\/\/apuntesdesanluis.com\/index.php\/2024\/03\/25\/francos-sello-el-apoyo-del-pro-a-la-ley-bases-tras-reuniones-con-jorge-macri-y-diputados-del-espacio\/\" \/>\n<meta property=\"og:locale\" content=\"es_ES\" \/>\n<meta property=\"og:type\" content=\"article\" \/>\n<meta property=\"og:title\" content=\"FRANCOS SELL\u00d3 EL APOYO DEL PRO A LA LEY BASES TRAS REUNIONES CON JORGE MACRI Y DIPUTADOS DEL ESPACIO - Apuntes de San Luis\" \/>\n<meta property=\"og:description\" content=\"El ministro del Interior, Guillermo Francos, mantuvo reuniones en Casa Rosada con referentes del PRO...\" \/>\n<meta property=\"og:url\" content=\"https:\/\/apuntesdesanluis.com\/index.php\/2024\/03\/25\/francos-sello-el-apoyo-del-pro-a-la-ley-bases-tras-reuniones-con-jorge-macri-y-diputados-del-espacio\/\" \/>\n<meta property=\"og:site_name\" content=\"Apuntes de San Luis\" \/>\n<meta property=\"article:published_time\" content=\"2024-03-26T02:25:39+00:00\" \/>\n<meta property=\"og:image\" content=\"https:\/\/apuntesdesanluis.com\/wp-content\/uploads\/2023\/11\/FRANCOS.png\" \/>\n\t<meta property=\"og:image:width\" content=\"690\" \/>\n\t<meta property=\"og:image:height\" content=\"383\" \/>\n\t<meta property=\"og:image:type\" content=\"image\/png\" \/>\n<meta name=\"author\" content=\"apuntesdesanluis.com\" \/>\n<meta name=\"twitter:card\" content=\"summary_large_image\" \/>\n<meta name=\"twitter:label1\" content=\"Escrito por\" \/>\n\t<meta name=\"twitter:data1\" content=\"apuntesdesanluis.com\" \/>\n\t<meta name=\"twitter:label2\" content=\"Tiempo de lectura\" \/>\n\t<meta name=\"twitter:data2\" content=\"2 minutos\" \/>\n<script type=\"application\/ld+json\" class=\"yoast-schema-graph\">{\"@context\":\"https:\/\/schema.org\",\"@graph\":[{\"@type\":\"Article\",\"@id\":\"https:\/\/apuntesdesanluis.com\/index.php\/2024\/03\/25\/francos-sello-el-apoyo-del-pro-a-la-ley-bases-tras-reuniones-con-jorge-macri-y-diputados-del-espacio\/#article\",\"isPartOf\":{\"@id\":\"https:\/\/apuntesdesanluis.com\/index.php\/2024\/03\/25\/francos-sello-el-apoyo-del-pro-a-la-ley-bases-tras-reuniones-con-jorge-macri-y-diputados-del-espacio\/\"},\"author\":{\"name\":\"apuntesdesanluis.com\",\"@id\":\"https:\/\/apuntesdesanluis.com\/#\/schema\/person\/b55151d52296fcce64d1a72538a70b90\"},\"headline\":\"FRANCOS SELL\u00d3 EL APOYO DEL PRO A LA LEY BASES TRAS REUNIONES CON JORGE MACRI Y DIPUTADOS DEL ESPACIO\",\"datePublished\":\"2024-03-26T02:25:39+00:00\",\"mainEntityOfPage\":{\"@id\":\"https:\/\/apuntesdesanluis.com\/index.php\/2024\/03\/25\/francos-sello-el-apoyo-del-pro-a-la-ley-bases-tras-reuniones-con-jorge-macri-y-diputados-del-espacio\/\"},\"wordCount\":444,\"publisher\":{\"@id\":\"https:\/\/apuntesdesanluis.com\/#\/schema\/person\/b55151d52296fcce64d1a72538a70b90\"},\"image\":{\"@id\":\"https:\/\/apuntesdesanluis.com\/index.php\/2024\/03\/25\/francos-sello-el-apoyo-del-pro-a-la-ley-bases-tras-reuniones-con-jorge-macri-y-diputados-del-espacio\/#primaryimage\"},\"thumbnailUrl\":\"https:\/\/apuntesdesanluis.com\/wp-content\/uploads\/2023\/11\/FRANCOS.png\",\"articleSection\":[\"Nacionales\/Internacionales\"],\"inLanguage\":\"es-AR\"},{\"@type\":\"WebPage\",\"@id\":\"https:\/\/apuntesdesanluis.com\/index.php\/2024\/03\/25\/francos-sello-el-apoyo-del-pro-a-la-ley-bases-tras-reuniones-con-jorge-macri-y-diputados-del-espacio\/\",\"url\":\"https:\/\/apuntesdesanluis.com\/index.php\/2024\/03\/25\/francos-sello-el-apoyo-del-pro-a-la-ley-bases-tras-reuniones-con-jorge-macri-y-diputados-del-espacio\/\",\"name\":\"FRANCOS SELL\u00d3 EL APOYO DEL PRO A LA LEY BASES TRAS REUNIONES CON JORGE MACRI Y DIPUTADOS DEL ESPACIO - Apuntes de San Luis\",\"isPartOf\":{\"@id\":\"https:\/\/apuntesdesanluis.com\/#website\"},\"primaryImageOfPage\":{\"@id\":\"https:\/\/apuntesdesanluis.com\/index.php\/2024\/03\/25\/francos-sello-el-apoyo-del-pro-a-la-ley-bases-tras-reuniones-con-jorge-macri-y-diputados-del-espacio\/#primaryimage\"},\"image\":{\"@id\":\"https:\/\/apuntesdesanluis.com\/index.php\/2024\/03\/25\/francos-sello-el-apoyo-del-pro-a-la-ley-bases-tras-reuniones-con-jorge-macri-y-diputados-del-espacio\/#primaryimage\"},\"thumbnailUrl\":\"https:\/\/apuntesdesanluis.com\/wp-content\/uploads\/2023\/11\/FRANCOS.png\",\"datePublished\":\"2024-03-26T02:25:39+00:00\",\"breadcrumb\":{\"@id\":\"https:\/\/apuntesdesanluis.com\/index.php\/2024\/03\/25\/francos-sello-el-apoyo-del-pro-a-la-ley-bases-tras-reuniones-con-jorge-macri-y-diputados-del-espacio\/#breadcrumb\"},\"inLanguage\":\"es-AR\",\"potentialAction\":[{\"@type\":\"ReadAction\",\"target\":[\"https:\/\/apuntesdesanluis.com\/index.php\/2024\/03\/25\/francos-sello-el-apoyo-del-pro-a-la-ley-bases-tras-reuniones-con-jorge-macri-y-diputados-del-espacio\/\"]}]},{\"@type\":\"ImageObject\",\"inLanguage\":\"es-AR\",\"@id\":\"https:\/\/apuntesdesanluis.com\/index.php\/2024\/03\/25\/francos-sello-el-apoyo-del-pro-a-la-ley-bases-tras-reuniones-con-jorge-macri-y-diputados-del-espacio\/#primaryimage\",\"url\":\"https:\/\/apuntesdesanluis.com\/wp-content\/uploads\/2023\/11\/FRANCOS.png\",\"contentUrl\":\"https:\/\/apuntesdesanluis.com\/wp-content\/uploads\/2023\/11\/FRANCOS.png\",\"width\":690,\"height\":383},{\"@type\":\"BreadcrumbList\",\"@id\":\"https:\/\/apuntesdesanluis.com\/index.php\/2024\/03\/25\/francos-sello-el-apoyo-del-pro-a-la-ley-bases-tras-reuniones-con-jorge-macri-y-diputados-del-espacio\/#breadcrumb\",\"itemListElement\":[{\"@type\":\"ListItem\",\"position\":1,\"name\":\"Inicio\",\"item\":\"https:\/\/apuntesdesanluis.com\/\"},{\"@type\":\"ListItem\",\"position\":2,\"name\":\"FRANCOS SELL\u00d3 EL APOYO DEL PRO A LA LEY BASES TRAS REUNIONES CON JORGE MACRI Y DIPUTADOS DEL ESPACIO\"}]},{\"@type\":\"WebSite\",\"@id\":\"https:\/\/apuntesdesanluis.com\/#website\",\"url\":\"https:\/\/apuntesdesanluis.com\/\",\"name\":\"Apuntes de San Luis\",\"description\":\"\",\"publisher\":{\"@id\":\"https:\/\/apuntesdesanluis.com\/#\/schema\/person\/b55151d52296fcce64d1a72538a70b90\"},\"potentialAction\":[{\"@type\":\"SearchAction\",\"target\":{\"@type\":\"EntryPoint\",\"urlTemplate\":\"https:\/\/apuntesdesanluis.com\/?s={search_term_string}\"},\"query-input\":{\"@type\":\"PropertyValueSpecification\",\"valueRequired\":true,\"valueName\":\"search_term_string\"}}],\"inLanguage\":\"es-AR\"},{\"@type\":[\"Person\",\"Organization\"],\"@id\":\"https:\/\/apuntesdesanluis.com\/#\/schema\/person\/b55151d52296fcce64d1a72538a70b90\",\"name\":\"apuntesdesanluis.com\",\"image\":{\"@type\":\"ImageObject\",\"inLanguage\":\"es-AR\",\"@id\":\"https:\/\/apuntesdesanluis.com\/#\/schema\/person\/image\/\",\"url\":\"https:\/\/apuntesdesanluis.com\/wp-content\/uploads\/2023\/07\/cropped-apuntesdesanluis.png\",\"contentUrl\":\"https:\/\/apuntesdesanluis.com\/wp-content\/uploads\/2023\/07\/cropped-apuntesdesanluis.png\",\"width\":450,\"height\":112,\"caption\":\"apuntesdesanluis.com\"},\"logo\":{\"@id\":\"https:\/\/apuntesdesanluis.com\/#\/schema\/person\/image\/\"},\"sameAs\":[\"https:\/\/apuntesdesanluis.com\"],\"url\":\"https:\/\/apuntesdesanluis.com\/index.php\/author\/apuntesdesanluis-com\/\"}]}<\/script>\n<!-- \/ Yoast SEO plugin. -->","yoast_head_json":{"title":"FRANCOS SELL\u00d3 EL APOYO DEL PRO A LA LEY BASES TRAS REUNIONES CON JORGE MACRI Y DIPUTADOS DEL ESPACIO - Apuntes de San Luis","robots":{"index":"index","follow":"follow","max-snippet":"max-snippet:-1","max-image-preview":"max-image-preview:large","max-video-preview":"max-video-preview:-1"},"canonical":"https:\/\/apuntesdesanluis.com\/index.php\/2024\/03\/25\/francos-sello-el-apoyo-del-pro-a-la-ley-bases-tras-reuniones-con-jorge-macri-y-diputados-del-espacio\/","og_locale":"es_ES","og_type":"article","og_title":"FRANCOS SELL\u00d3 EL APOYO DEL PRO A LA LEY BASES TRAS REUNIONES CON JORGE MACRI Y DIPUTADOS DEL ESPACIO - Apuntes de San Luis","og_description":"El ministro del Interior, Guillermo Francos, mantuvo reuniones en Casa Rosada con referentes del PRO...","og_url":"https:\/\/apuntesdesanluis.com\/index.php\/2024\/03\/25\/francos-sello-el-apoyo-del-pro-a-la-ley-bases-tras-reuniones-con-jorge-macri-y-diputados-del-espacio\/","og_site_name":"Apuntes de San Luis","article_published_time":"2024-03-26T02:25:39+00:00","og_image":[{"width":690,"height":383,"url":"https:\/\/apuntesdesanluis.com\/wp-content\/uploads\/2023\/11\/FRANCOS.png","type":"image\/png"}],"author":"apuntesdesanluis.com","twitter_card":"summary_large_image","twitter_misc":{"Escrito por":"apuntesdesanluis.com","Tiempo de lectura":"2 minutos"},"schema":{"@context":"https:\/\/schema.org","@graph":[{"@type":"Article","@id":"https:\/\/apuntesdesanluis.com\/index.php\/2024\/03\/25\/francos-sello-el-apoyo-del-pro-a-la-ley-bases-tras-reuniones-con-jorge-macri-y-diputados-del-espacio\/#article","isPartOf":{"@id":"https:\/\/apuntesdesanluis.com\/index.php\/2024\/03\/25\/francos-sello-el-apoyo-del-pro-a-la-ley-bases-tras-reuniones-con-jorge-macri-y-diputados-del-espacio\/"},"author":{"name":"apuntesdesanluis.com","@id":"https:\/\/apuntesdesanluis.com\/#\/schema\/person\/b55151d52296fcce64d1a72538a70b90"},"headline":"FRANCOS SELL\u00d3 EL APOYO DEL PRO A LA LEY BASES TRAS REUNIONES CON JORGE MACRI Y DIPUTADOS DEL ESPACIO","datePublished":"2024-03-26T02:25:39+00:00","mainEntityOfPage":{"@id":"https:\/\/apuntesdesanluis.com\/index.php\/2024\/03\/25\/francos-sello-el-apoyo-del-pro-a-la-ley-bases-tras-reuniones-con-jorge-macri-y-diputados-del-espacio\/"},"wordCount":444,"publisher":{"@id":"https:\/\/apuntesdesanluis.com\/#\/schema\/person\/b55151d52296fcce64d1a72538a70b90"},"image":{"@id":"https:\/\/apuntesdesanluis.com\/index.php\/2024\/03\/25\/francos-sello-el-apoyo-del-pro-a-la-ley-bases-tras-reuniones-con-jorge-macri-y-diputados-del-espacio\/#primaryimage"},"thumbnailUrl":"https:\/\/apuntesdesanluis.com\/wp-content\/uploads\/2023\/11\/FRANCOS.png","articleSection":["Nacionales\/Internacionales"],"inLanguage":"es-AR"},{"@type":"WebPage","@id":"https:\/\/apuntesdesanluis.com\/index.php\/2024\/03\/25\/francos-sello-el-apoyo-del-pro-a-la-ley-bases-tras-reuniones-con-jorge-macri-y-diputados-del-espacio\/","url":"https:\/\/apuntesdesanluis.com\/index.php\/2024\/03\/25\/francos-sello-el-apoyo-del-pro-a-la-ley-bases-tras-reuniones-con-jorge-macri-y-diputados-del-espacio\/","name":"FRANCOS SELL\u00d3 EL APOYO DEL PRO A LA LEY BASES TRAS REUNIONES CON JORGE MACRI Y DIPUTADOS DEL ESPACIO - Apuntes de San Luis","isPartOf":{"@id":"https:\/\/apuntesdesanluis.com\/#website"},"primaryImageOfPage":{"@id":"https:\/\/apuntesdesanluis.com\/index.php\/2024\/03\/25\/francos-sello-el-apoyo-del-pro-a-la-ley-bases-tras-reuniones-con-jorge-macri-y-diputados-del-espacio\/#primaryimage"},"image":{"@id":"https:\/\/apuntesdesanluis.com\/index.php\/2024\/03\/25\/francos-sello-el-apoyo-del-pro-a-la-ley-bases-tras-reuniones-con-jorge-macri-y-diputados-del-espacio\/#primaryimage"},"thumbnailUrl":"https:\/\/apuntesdesanluis.com\/wp-content\/uploads\/2023\/11\/FRANCOS.png","datePublished":"2024-03-26T02:25:39+00:00","breadcrumb":{"@id":"https:\/\/apuntesdesanluis.com\/index.php\/2024\/03\/25\/francos-sello-el-apoyo-del-pro-a-la-ley-bases-tras-reuniones-con-jorge-macri-y-diputados-del-espacio\/#breadcrumb"},"inLanguage":"es-AR","potentialAction":[{"@type":"ReadAction","target":["https:\/\/apuntesdesanluis.com\/index.php\/2024\/03\/25\/francos-sello-el-apoyo-del-pro-a-la-ley-bases-tras-reuniones-con-jorge-macri-y-diputados-del-espacio\/"]}]},{"@type":"ImageObject","inLanguage":"es-AR","@id":"https:\/\/apuntesdesanluis.com\/index.php\/2024\/03\/25\/francos-sello-el-apoyo-del-pro-a-la-ley-bases-tras-reuniones-con-jorge-macri-y-diputados-del-espacio\/#primaryimage","url":"https:\/\/apuntesdesanluis.com\/wp-content\/uploads\/2023\/11\/FRANCOS.png","contentUrl":"https:\/\/apuntesdesanluis.com\/wp-content\/uploads\/2023\/11\/FRANCOS.png","width":690,"height":383},{"@type":"BreadcrumbList","@id":"https:\/\/apuntesdesanluis.com\/index.php\/2024\/03\/25\/francos-sello-el-apoyo-del-pro-a-la-ley-bases-tras-reuniones-con-jorge-macri-y-diputados-del-espacio\/#breadcrumb","itemListElement":[{"@type":"ListItem","position":1,"name":"Inicio","item":"https:\/\/apuntesdesanluis.com\/"},{"@type":"ListItem","position":2,"name":"FRANCOS SELL\u00d3 EL APOYO DEL PRO A LA LEY BASES TRAS REUNIONES CON JORGE MACRI Y DIPUTADOS DEL ESPACIO"}]},{"@type":"WebSite","@id":"https:\/\/apuntesdesanluis.com\/#website","url":"https:\/\/apuntesdesanluis.com\/","name":"Apuntes de San Luis","description":"","publisher":{"@id":"https:\/\/apuntesdesanluis.com\/#\/schema\/person\/b55151d52296fcce64d1a72538a70b90"},"potentialAction":[{"@type":"SearchAction","target":{"@type":"EntryPoint","urlTemplate":"https:\/\/apuntesdesanluis.com\/?s={search_term_string}"},"query-input":{"@type":"PropertyValueSpecification","valueRequired":true,"valueName":"search_term_string"}}],"inLanguage":"es-AR"},{"@type":["Person","Organization"],"@id":"https:\/\/apuntesdesanluis.com\/#\/schema\/person\/b55151d52296fcce64d1a72538a70b90","name":"apuntesdesanluis.com","image":{"@type":"ImageObject","inLanguage":"es-AR","@id":"https:\/\/apuntesdesanluis.com\/#\/schema\/person\/image\/","url":"https:\/\/apuntesdesanluis.com\/wp-content\/uploads\/2023\/07\/cropped-apuntesdesanluis.png","contentUrl":"https:\/\/apuntesdesanluis.com\/wp-content\/uploads\/2023\/07\/cropped-apuntesdesanluis.png","width":450,"height":112,"caption":"apuntesdesanluis.com"},"logo":{"@id":"https:\/\/apuntesdesanluis.com\/#\/schema\/person\/image\/"},"sameAs":["https:\/\/apuntesdesanluis.com"],"url":"https:\/\/apuntesdesanluis.com\/index.php\/author\/apuntesdesanluis-com\/"}]}},"featured_image_urls":{"full":["https:\/\/apuntesdesanluis.com\/wp-content\/uploads\/2023\/11\/FRANCOS.png",690,383,false],"thumbnail":["https:\/\/apuntesdesanluis.com\/wp-content\/uploads\/2023\/11\/FRANCOS-150x150.png",150,150,true],"medium":["https:\/\/apuntesdesanluis.com\/wp-content\/uploads\/2023\/11\/FRANCOS-300x167.png",300,167,true],"medium_large":["https:\/\/apuntesdesanluis.com\/wp-content\/uploads\/2023\/11\/FRANCOS.png",640,355,false],"large":["https:\/\/apuntesdesanluis.com\/wp-content\/uploads\/2023\/11\/FRANCOS.png",640,355,false],"1536x1536":["https:\/\/apuntesdesanluis.com\/wp-content\/uploads\/2023\/11\/FRANCOS.png",690,383,false],"2048x2048":["https:\/\/apuntesdesanluis.com\/wp-content\/uploads\/2023\/11\/FRANCOS.png",690,383,false],"newsever-slider-full":["https:\/\/apuntesdesanluis.com\/wp-content\/uploads\/2023\/11\/FRANCOS.png",690,383,false],"newsever-featured":["https:\/\/apuntesdesanluis.com\/wp-content\/uploads\/2023\/11\/FRANCOS.png",690,383,false],"newsever-medium":["https:\/\/apuntesdesanluis.com\/wp-content\/uploads\/2023\/11\/FRANCOS.png",690,383,false]},"author_info":{"display_name":"apuntesdesanluis.com","author_link":"https:\/\/apuntesdesanluis.com\/index.php\/author\/apuntesdesanluis-com\/"},"category_info":"<a href=\"https:\/\/apuntesdesanluis.com\/index.php\/category\/nacionales-internacionales\/\" rel=\"category tag\">Nacionales\/Internacionales<\/a>","tag_info":"Nacionales\/Internacionales","comment_count":"0","_links":{"self":[{"href":"https:\/\/apuntesdesanluis.com\/index.php\/wp-json\/wp\/v2\/posts\/13710","targetHints":{"allow":["GET"]}}],"collection":[{"href":"https:\/\/apuntesdesanluis.com\/index.php\/wp-json\/wp\/v2\/posts"}],"about":[{"href":"https:\/\/apuntesdesanluis.com\/index.php\/wp-json\/wp\/v2\/types\/post"}],"author":[{"embeddable":true,"href":"https:\/\/apuntesdesanluis.com\/index.php\/wp-json\/wp\/v2\/users\/1"}],"replies":[{"embeddable":true,"href":"https:\/\/apuntesdesanluis.com\/index.php\/wp-json\/wp\/v2\/comments?post=13710"}],"version-history":[{"count":1,"href":"https:\/\/apuntesdesanluis.com\/index.php\/wp-json\/wp\/v2\/posts\/13710\/revisions"}],"predecessor-version":[{"id":13711,"href":"https:\/\/apuntesdesanluis.com\/index.php\/wp-json\/wp\/v2\/posts\/13710\/revisions\/13711"}],"wp:featuredmedia":[{"embeddable":true,"href":"https:\/\/apuntesdesanluis.com\/index.php\/wp-json\/wp\/v2\/media\/7708"}],"wp:attachment":[{"href":"https:\/\/apuntesdesanluis.com\/index.php\/wp-json\/wp\/v2\/media?parent=13710"}],"wp:term":[{"taxonomy":"category","embeddable":true,"href":"https:\/\/apuntesdesanluis.com\/index.php\/wp-json\/wp\/v2\/categories?post=13710"},{"taxonomy":"post_tag","embeddable":true,"href":"https:\/\/apuntesdesanluis.com\/index.php\/wp-json\/wp\/v2\/tags?post=13710"}],"curies":[{"name":"wp","href":"https:\/\/api.w.org\/{rel}","templated":true}]}}