{"id":13712,"date":"2024-03-25T23:34:16","date_gmt":"2024-03-26T02:34:16","guid":{"rendered":"https:\/\/apuntesdesanluis.com\/?p=13712"},"modified":"2024-03-25T23:35:26","modified_gmt":"2024-03-26T02:35:26","slug":"gobierno-y-provincias-coincidieron-en-que-aun-se-desconoce-la-eficacia-de-la-vacuna-contra-el-dengue","status":"publish","type":"post","link":"https:\/\/apuntesdesanluis.com\/index.php\/2024\/03\/25\/gobierno-y-provincias-coincidieron-en-que-aun-se-desconoce-la-eficacia-de-la-vacuna-contra-el-dengue\/","title":{"rendered":"GOBIERNO Y PROVINCIAS COINCIDIERON EN QUE A\u00daN SE DESCONOCE LA EFICACIA DE LA VACUNA CONTRA EL DENGUE"},"content":{"rendered":"<h3>El ministro de Salud de la Naci\u00f3n, <strong>Mario Russo<\/strong>, convoc\u00f3 este lunes a los titulares de las carteras de Salud de las 24 jurisdicciones del pa\u00eds con el objetivo de analizar los principales desaf\u00edos de la agenda sanitaria, sobre todo el r\u00e9cord de casos de dengue, sobre lo cual coincidieron en que a\u00fan se desconoce el grado de eficacia de la vacuna.<\/h3>\n<h3>En paralelo, en la reuni\u00f3n se lanz\u00f3 la campa\u00f1a nacional de vacunaci\u00f3n contra la gripe de cara al invierno, que ser\u00e1 gratuita en todo el pa\u00eds, con el objetivo de disminuir las complicaciones, hospitalizaciones, secuelas y muertes ocasionadas por la infecci\u00f3n del virus influenza en la poblaci\u00f3n de riesgo.<\/h3>\n<h3>En lo que refiere al dengue, se est\u00e1 alcanzando cifras r\u00e9cord en el pa\u00eds, que ya superaron la cantidad de casos de todo el a\u00f1o pasado, con 151.310 afectados y 106 muertes confirmadas.<\/h3>\n<h3>&#8220;Est\u00e1 claro que va a seguir habiendo dengue en los pr\u00f3ximos a\u00f1os, la vacuna se est\u00e1 aplicando en Brasil. Hay que ver si se va a incorporar al calendario de vacunas para el pr\u00f3ximo a\u00f1o porque por ahora no hay suficientes recomendaciones para poder darla, en casi ning\u00fan pa\u00eds forma parte del calendario&#8221;, coment\u00f3 al t\u00e9rmino de la reuni\u00f3n el ministro de Salud bonaerense, Nicol\u00e1s Kreplak.<\/h3>\n<h3>En el marco del Consejo Federal de Salud (COFESA), los ministros se reunieron en el CCK para analizar los principales desaf\u00edos de la agenda sanitaria y avanzar en acciones conjuntas. \u201cEstamos absolutamente abiertos a escucharlos a todos y a que definamos una agenda prioritaria\u201d, sostuvo Russo al iniciar el encuentro.<\/h3>\n<h3>All\u00ed se expuso la situaci\u00f3n epidemiol\u00f3gica actual del dengue y se compartieron los lineamientos para la reorganizaci\u00f3n de los servicios de salud en situaciones de brotes o epidemias, destinados a autoridades sanitarias jurisdiccionales y municipales y responsables de servicios de salud con el objetivo de garantizar una atenci\u00f3n adecuada y oportuna de las personas que consultan con s\u00edntomas compatibles con dengue, se inform\u00f3.<\/h3>\n<h3>Durante la jornada, el vocero presidencial, Manuel Adorni, sali\u00f3 a respaldar al ministro de Salud, ante los cuestionamientos por su bajo perfil en pleno brote de dengue. &#8220;Se ha expresado no solo en los medios sino a trav\u00e9s de comunicados&#8221;, lo defendi\u00f3.<\/h3>\n<h3>Y agreg\u00f3 que \u201cla clave con el dengue est\u00e1 en la prevenci\u00f3n y la vacuna no ha mostrado la efectividad para combatir un brote\u201d.<\/h3>\n<h3>Respecto a las estrategias y al rol del Ministerio de Salud de la Naci\u00f3n y los ministerios provinciales, las autoridades sanitarias reunidas este lunes coincidieron en la importancia de fortalecer la prevenci\u00f3n, para la eliminaci\u00f3n del mosquito en el territorio es la primera l\u00ednea de defensa para frenar el dengue.<\/h3>\n<p>&nbsp;<\/p>\n<p>&nbsp;<\/p>\n<p>&nbsp;<\/p>\n<p>&nbsp;<\/p>\n","protected":false},"excerpt":{"rendered":"<p>El ministro de Salud de la Naci\u00f3n, Mario Russo, convoc\u00f3 este lunes a los titulares&#8230;<\/p>\n","protected":false},"author":1,"featured_media":13715,"comment_status":"closed","ping_status":"closed","sticky":false,"template":"","format":"standard","meta":{"footnotes":""},"categories":[5],"tags":[],"class_list":["post-13712","post","type-post","status-publish","format-standard","has-post-thumbnail","hentry","category-nacionales-internacionales"],"yoast_head":"<!-- This site is optimized with the Yoast SEO plugin v26.1.1 - https:\/\/yoast.com\/wordpress\/plugins\/seo\/ -->\n<title>GOBIERNO Y PROVINCIAS COINCIDIERON EN QUE A\u00daN SE DESCONOCE LA EFICACIA DE LA VACUNA CONTRA EL DENGUE - Apuntes de San Luis<\/title>\n<meta name=\"robots\" content=\"index, follow, max-snippet:-1, max-image-preview:large, max-video-preview:-1\" \/>\n<link rel=\"canonical\" href=\"https:\/\/apuntesdesanluis.com\/index.php\/2024\/03\/25\/gobierno-y-provincias-coincidieron-en-que-aun-se-desconoce-la-eficacia-de-la-vacuna-contra-el-dengue\/\" \/>\n<meta property=\"og:locale\" content=\"es_ES\" \/>\n<meta property=\"og:type\" content=\"article\" \/>\n<meta property=\"og:title\" content=\"GOBIERNO Y PROVINCIAS COINCIDIERON EN QUE A\u00daN SE DESCONOCE LA EFICACIA DE LA VACUNA CONTRA EL DENGUE - Apuntes de San Luis\" \/>\n<meta property=\"og:description\" content=\"El ministro de Salud de la Naci\u00f3n, Mario Russo, convoc\u00f3 este lunes a los titulares...\" \/>\n<meta property=\"og:url\" content=\"https:\/\/apuntesdesanluis.com\/index.php\/2024\/03\/25\/gobierno-y-provincias-coincidieron-en-que-aun-se-desconoce-la-eficacia-de-la-vacuna-contra-el-dengue\/\" \/>\n<meta property=\"og:site_name\" content=\"Apuntes de San Luis\" \/>\n<meta property=\"article:published_time\" content=\"2024-03-26T02:34:16+00:00\" \/>\n<meta property=\"article:modified_time\" content=\"2024-03-26T02:35:26+00:00\" \/>\n<meta property=\"og:image\" content=\"https:\/\/apuntesdesanluis.com\/wp-content\/uploads\/2024\/03\/MINISTROS.png\" \/>\n\t<meta property=\"og:image:width\" content=\"721\" \/>\n\t<meta property=\"og:image:height\" content=\"407\" \/>\n\t<meta property=\"og:image:type\" content=\"image\/png\" \/>\n<meta name=\"author\" content=\"apuntesdesanluis.com\" \/>\n<meta name=\"twitter:card\" content=\"summary_large_image\" \/>\n<meta name=\"twitter:label1\" content=\"Escrito por\" \/>\n\t<meta name=\"twitter:data1\" content=\"apuntesdesanluis.com\" \/>\n\t<meta name=\"twitter:label2\" content=\"Tiempo de lectura\" \/>\n\t<meta name=\"twitter:data2\" content=\"3 minutos\" \/>\n<script type=\"application\/ld+json\" class=\"yoast-schema-graph\">{\"@context\":\"https:\/\/schema.org\",\"@graph\":[{\"@type\":\"Article\",\"@id\":\"https:\/\/apuntesdesanluis.com\/index.php\/2024\/03\/25\/gobierno-y-provincias-coincidieron-en-que-aun-se-desconoce-la-eficacia-de-la-vacuna-contra-el-dengue\/#article\",\"isPartOf\":{\"@id\":\"https:\/\/apuntesdesanluis.com\/index.php\/2024\/03\/25\/gobierno-y-provincias-coincidieron-en-que-aun-se-desconoce-la-eficacia-de-la-vacuna-contra-el-dengue\/\"},\"author\":{\"name\":\"apuntesdesanluis.com\",\"@id\":\"https:\/\/apuntesdesanluis.com\/#\/schema\/person\/b55151d52296fcce64d1a72538a70b90\"},\"headline\":\"GOBIERNO Y PROVINCIAS COINCIDIERON EN QUE A\u00daN SE DESCONOCE LA EFICACIA DE LA VACUNA CONTRA EL DENGUE\",\"datePublished\":\"2024-03-26T02:34:16+00:00\",\"dateModified\":\"2024-03-26T02:35:26+00:00\",\"mainEntityOfPage\":{\"@id\":\"https:\/\/apuntesdesanluis.com\/index.php\/2024\/03\/25\/gobierno-y-provincias-coincidieron-en-que-aun-se-desconoce-la-eficacia-de-la-vacuna-contra-el-dengue\/\"},\"wordCount\":493,\"publisher\":{\"@id\":\"https:\/\/apuntesdesanluis.com\/#\/schema\/person\/b55151d52296fcce64d1a72538a70b90\"},\"image\":{\"@id\":\"https:\/\/apuntesdesanluis.com\/index.php\/2024\/03\/25\/gobierno-y-provincias-coincidieron-en-que-aun-se-desconoce-la-eficacia-de-la-vacuna-contra-el-dengue\/#primaryimage\"},\"thumbnailUrl\":\"https:\/\/apuntesdesanluis.com\/wp-content\/uploads\/2024\/03\/MINISTROS.png\",\"articleSection\":[\"Nacionales\/Internacionales\"],\"inLanguage\":\"es-AR\"},{\"@type\":\"WebPage\",\"@id\":\"https:\/\/apuntesdesanluis.com\/index.php\/2024\/03\/25\/gobierno-y-provincias-coincidieron-en-que-aun-se-desconoce-la-eficacia-de-la-vacuna-contra-el-dengue\/\",\"url\":\"https:\/\/apuntesdesanluis.com\/index.php\/2024\/03\/25\/gobierno-y-provincias-coincidieron-en-que-aun-se-desconoce-la-eficacia-de-la-vacuna-contra-el-dengue\/\",\"name\":\"GOBIERNO Y PROVINCIAS COINCIDIERON EN QUE A\u00daN SE DESCONOCE LA EFICACIA DE LA VACUNA CONTRA EL DENGUE - Apuntes de San Luis\",\"isPartOf\":{\"@id\":\"https:\/\/apuntesdesanluis.com\/#website\"},\"primaryImageOfPage\":{\"@id\":\"https:\/\/apuntesdesanluis.com\/index.php\/2024\/03\/25\/gobierno-y-provincias-coincidieron-en-que-aun-se-desconoce-la-eficacia-de-la-vacuna-contra-el-dengue\/#primaryimage\"},\"image\":{\"@id\":\"https:\/\/apuntesdesanluis.com\/index.php\/2024\/03\/25\/gobierno-y-provincias-coincidieron-en-que-aun-se-desconoce-la-eficacia-de-la-vacuna-contra-el-dengue\/#primaryimage\"},\"thumbnailUrl\":\"https:\/\/apuntesdesanluis.com\/wp-content\/uploads\/2024\/03\/MINISTROS.png\",\"datePublished\":\"2024-03-26T02:34:16+00:00\",\"dateModified\":\"2024-03-26T02:35:26+00:00\",\"breadcrumb\":{\"@id\":\"https:\/\/apuntesdesanluis.com\/index.php\/2024\/03\/25\/gobierno-y-provincias-coincidieron-en-que-aun-se-desconoce-la-eficacia-de-la-vacuna-contra-el-dengue\/#breadcrumb\"},\"inLanguage\":\"es-AR\",\"potentialAction\":[{\"@type\":\"ReadAction\",\"target\":[\"https:\/\/apuntesdesanluis.com\/index.php\/2024\/03\/25\/gobierno-y-provincias-coincidieron-en-que-aun-se-desconoce-la-eficacia-de-la-vacuna-contra-el-dengue\/\"]}]},{\"@type\":\"ImageObject\",\"inLanguage\":\"es-AR\",\"@id\":\"https:\/\/apuntesdesanluis.com\/index.php\/2024\/03\/25\/gobierno-y-provincias-coincidieron-en-que-aun-se-desconoce-la-eficacia-de-la-vacuna-contra-el-dengue\/#primaryimage\",\"url\":\"https:\/\/apuntesdesanluis.com\/wp-content\/uploads\/2024\/03\/MINISTROS.png\",\"contentUrl\":\"https:\/\/apuntesdesanluis.com\/wp-content\/uploads\/2024\/03\/MINISTROS.png\",\"width\":721,\"height\":407},{\"@type\":\"BreadcrumbList\",\"@id\":\"https:\/\/apuntesdesanluis.com\/index.php\/2024\/03\/25\/gobierno-y-provincias-coincidieron-en-que-aun-se-desconoce-la-eficacia-de-la-vacuna-contra-el-dengue\/#breadcrumb\",\"itemListElement\":[{\"@type\":\"ListItem\",\"position\":1,\"name\":\"Inicio\",\"item\":\"https:\/\/apuntesdesanluis.com\/\"},{\"@type\":\"ListItem\",\"position\":2,\"name\":\"GOBIERNO Y PROVINCIAS COINCIDIERON EN QUE A\u00daN SE DESCONOCE LA EFICACIA DE LA VACUNA CONTRA EL DENGUE\"}]},{\"@type\":\"WebSite\",\"@id\":\"https:\/\/apuntesdesanluis.com\/#website\",\"url\":\"https:\/\/apuntesdesanluis.com\/\",\"name\":\"Apuntes de San Luis\",\"description\":\"\",\"publisher\":{\"@id\":\"https:\/\/apuntesdesanluis.com\/#\/schema\/person\/b55151d52296fcce64d1a72538a70b90\"},\"potentialAction\":[{\"@type\":\"SearchAction\",\"target\":{\"@type\":\"EntryPoint\",\"urlTemplate\":\"https:\/\/apuntesdesanluis.com\/?s={search_term_string}\"},\"query-input\":{\"@type\":\"PropertyValueSpecification\",\"valueRequired\":true,\"valueName\":\"search_term_string\"}}],\"inLanguage\":\"es-AR\"},{\"@type\":[\"Person\",\"Organization\"],\"@id\":\"https:\/\/apuntesdesanluis.com\/#\/schema\/person\/b55151d52296fcce64d1a72538a70b90\",\"name\":\"apuntesdesanluis.com\",\"image\":{\"@type\":\"ImageObject\",\"inLanguage\":\"es-AR\",\"@id\":\"https:\/\/apuntesdesanluis.com\/#\/schema\/person\/image\/\",\"url\":\"https:\/\/apuntesdesanluis.com\/wp-content\/uploads\/2023\/07\/cropped-apuntesdesanluis.png\",\"contentUrl\":\"https:\/\/apuntesdesanluis.com\/wp-content\/uploads\/2023\/07\/cropped-apuntesdesanluis.png\",\"width\":450,\"height\":112,\"caption\":\"apuntesdesanluis.com\"},\"logo\":{\"@id\":\"https:\/\/apuntesdesanluis.com\/#\/schema\/person\/image\/\"},\"sameAs\":[\"https:\/\/apuntesdesanluis.com\"],\"url\":\"https:\/\/apuntesdesanluis.com\/index.php\/author\/apuntesdesanluis-com\/\"}]}<\/script>\n<!-- \/ Yoast SEO plugin. -->","yoast_head_json":{"title":"GOBIERNO Y PROVINCIAS COINCIDIERON EN QUE A\u00daN SE DESCONOCE LA EFICACIA DE LA VACUNA CONTRA EL DENGUE - Apuntes de San Luis","robots":{"index":"index","follow":"follow","max-snippet":"max-snippet:-1","max-image-preview":"max-image-preview:large","max-video-preview":"max-video-preview:-1"},"canonical":"https:\/\/apuntesdesanluis.com\/index.php\/2024\/03\/25\/gobierno-y-provincias-coincidieron-en-que-aun-se-desconoce-la-eficacia-de-la-vacuna-contra-el-dengue\/","og_locale":"es_ES","og_type":"article","og_title":"GOBIERNO Y PROVINCIAS COINCIDIERON EN QUE A\u00daN SE DESCONOCE LA EFICACIA DE LA VACUNA CONTRA EL DENGUE - Apuntes de San Luis","og_description":"El ministro de Salud de la Naci\u00f3n, Mario Russo, convoc\u00f3 este lunes a los titulares...","og_url":"https:\/\/apuntesdesanluis.com\/index.php\/2024\/03\/25\/gobierno-y-provincias-coincidieron-en-que-aun-se-desconoce-la-eficacia-de-la-vacuna-contra-el-dengue\/","og_site_name":"Apuntes de San Luis","article_published_time":"2024-03-26T02:34:16+00:00","article_modified_time":"2024-03-26T02:35:26+00:00","og_image":[{"width":721,"height":407,"url":"https:\/\/apuntesdesanluis.com\/wp-content\/uploads\/2024\/03\/MINISTROS.png","type":"image\/png"}],"author":"apuntesdesanluis.com","twitter_card":"summary_large_image","twitter_misc":{"Escrito por":"apuntesdesanluis.com","Tiempo de lectura":"3 minutos"},"schema":{"@context":"https:\/\/schema.org","@graph":[{"@type":"Article","@id":"https:\/\/apuntesdesanluis.com\/index.php\/2024\/03\/25\/gobierno-y-provincias-coincidieron-en-que-aun-se-desconoce-la-eficacia-de-la-vacuna-contra-el-dengue\/#article","isPartOf":{"@id":"https:\/\/apuntesdesanluis.com\/index.php\/2024\/03\/25\/gobierno-y-provincias-coincidieron-en-que-aun-se-desconoce-la-eficacia-de-la-vacuna-contra-el-dengue\/"},"author":{"name":"apuntesdesanluis.com","@id":"https:\/\/apuntesdesanluis.com\/#\/schema\/person\/b55151d52296fcce64d1a72538a70b90"},"headline":"GOBIERNO Y PROVINCIAS COINCIDIERON EN QUE A\u00daN SE DESCONOCE LA EFICACIA DE LA VACUNA CONTRA EL DENGUE","datePublished":"2024-03-26T02:34:16+00:00","dateModified":"2024-03-26T02:35:26+00:00","mainEntityOfPage":{"@id":"https:\/\/apuntesdesanluis.com\/index.php\/2024\/03\/25\/gobierno-y-provincias-coincidieron-en-que-aun-se-desconoce-la-eficacia-de-la-vacuna-contra-el-dengue\/"},"wordCount":493,"publisher":{"@id":"https:\/\/apuntesdesanluis.com\/#\/schema\/person\/b55151d52296fcce64d1a72538a70b90"},"image":{"@id":"https:\/\/apuntesdesanluis.com\/index.php\/2024\/03\/25\/gobierno-y-provincias-coincidieron-en-que-aun-se-desconoce-la-eficacia-de-la-vacuna-contra-el-dengue\/#primaryimage"},"thumbnailUrl":"https:\/\/apuntesdesanluis.com\/wp-content\/uploads\/2024\/03\/MINISTROS.png","articleSection":["Nacionales\/Internacionales"],"inLanguage":"es-AR"},{"@type":"WebPage","@id":"https:\/\/apuntesdesanluis.com\/index.php\/2024\/03\/25\/gobierno-y-provincias-coincidieron-en-que-aun-se-desconoce-la-eficacia-de-la-vacuna-contra-el-dengue\/","url":"https:\/\/apuntesdesanluis.com\/index.php\/2024\/03\/25\/gobierno-y-provincias-coincidieron-en-que-aun-se-desconoce-la-eficacia-de-la-vacuna-contra-el-dengue\/","name":"GOBIERNO Y PROVINCIAS COINCIDIERON EN QUE A\u00daN SE DESCONOCE LA EFICACIA DE LA VACUNA CONTRA EL DENGUE - Apuntes de San Luis","isPartOf":{"@id":"https:\/\/apuntesdesanluis.com\/#website"},"primaryImageOfPage":{"@id":"https:\/\/apuntesdesanluis.com\/index.php\/2024\/03\/25\/gobierno-y-provincias-coincidieron-en-que-aun-se-desconoce-la-eficacia-de-la-vacuna-contra-el-dengue\/#primaryimage"},"image":{"@id":"https:\/\/apuntesdesanluis.com\/index.php\/2024\/03\/25\/gobierno-y-provincias-coincidieron-en-que-aun-se-desconoce-la-eficacia-de-la-vacuna-contra-el-dengue\/#primaryimage"},"thumbnailUrl":"https:\/\/apuntesdesanluis.com\/wp-content\/uploads\/2024\/03\/MINISTROS.png","datePublished":"2024-03-26T02:34:16+00:00","dateModified":"2024-03-26T02:35:26+00:00","breadcrumb":{"@id":"https:\/\/apuntesdesanluis.com\/index.php\/2024\/03\/25\/gobierno-y-provincias-coincidieron-en-que-aun-se-desconoce-la-eficacia-de-la-vacuna-contra-el-dengue\/#breadcrumb"},"inLanguage":"es-AR","potentialAction":[{"@type":"ReadAction","target":["https:\/\/apuntesdesanluis.com\/index.php\/2024\/03\/25\/gobierno-y-provincias-coincidieron-en-que-aun-se-desconoce-la-eficacia-de-la-vacuna-contra-el-dengue\/"]}]},{"@type":"ImageObject","inLanguage":"es-AR","@id":"https:\/\/apuntesdesanluis.com\/index.php\/2024\/03\/25\/gobierno-y-provincias-coincidieron-en-que-aun-se-desconoce-la-eficacia-de-la-vacuna-contra-el-dengue\/#primaryimage","url":"https:\/\/apuntesdesanluis.com\/wp-content\/uploads\/2024\/03\/MINISTROS.png","contentUrl":"https:\/\/apuntesdesanluis.com\/wp-content\/uploads\/2024\/03\/MINISTROS.png","width":721,"height":407},{"@type":"BreadcrumbList","@id":"https:\/\/apuntesdesanluis.com\/index.php\/2024\/03\/25\/gobierno-y-provincias-coincidieron-en-que-aun-se-desconoce-la-eficacia-de-la-vacuna-contra-el-dengue\/#breadcrumb","itemListElement":[{"@type":"ListItem","position":1,"name":"Inicio","item":"https:\/\/apuntesdesanluis.com\/"},{"@type":"ListItem","position":2,"name":"GOBIERNO Y PROVINCIAS COINCIDIERON EN QUE A\u00daN SE DESCONOCE LA EFICACIA DE LA VACUNA CONTRA EL DENGUE"}]},{"@type":"WebSite","@id":"https:\/\/apuntesdesanluis.com\/#website","url":"https:\/\/apuntesdesanluis.com\/","name":"Apuntes de San Luis","description":"","publisher":{"@id":"https:\/\/apuntesdesanluis.com\/#\/schema\/person\/b55151d52296fcce64d1a72538a70b90"},"potentialAction":[{"@type":"SearchAction","target":{"@type":"EntryPoint","urlTemplate":"https:\/\/apuntesdesanluis.com\/?s={search_term_string}"},"query-input":{"@type":"PropertyValueSpecification","valueRequired":true,"valueName":"search_term_string"}}],"inLanguage":"es-AR"},{"@type":["Person","Organization"],"@id":"https:\/\/apuntesdesanluis.com\/#\/schema\/person\/b55151d52296fcce64d1a72538a70b90","name":"apuntesdesanluis.com","image":{"@type":"ImageObject","inLanguage":"es-AR","@id":"https:\/\/apuntesdesanluis.com\/#\/schema\/person\/image\/","url":"https:\/\/apuntesdesanluis.com\/wp-content\/uploads\/2023\/07\/cropped-apuntesdesanluis.png","contentUrl":"https:\/\/apuntesdesanluis.com\/wp-content\/uploads\/2023\/07\/cropped-apuntesdesanluis.png","width":450,"height":112,"caption":"apuntesdesanluis.com"},"logo":{"@id":"https:\/\/apuntesdesanluis.com\/#\/schema\/person\/image\/"},"sameAs":["https:\/\/apuntesdesanluis.com"],"url":"https:\/\/apuntesdesanluis.com\/index.php\/author\/apuntesdesanluis-com\/"}]}},"featured_image_urls":{"full":["https:\/\/apuntesdesanluis.com\/wp-content\/uploads\/2024\/03\/MINISTROS.png",721,407,false],"thumbnail":["https:\/\/apuntesdesanluis.com\/wp-content\/uploads\/2024\/03\/MINISTROS-150x150.png",150,150,true],"medium":["https:\/\/apuntesdesanluis.com\/wp-content\/uploads\/2024\/03\/MINISTROS-300x169.png",300,169,true],"medium_large":["https:\/\/apuntesdesanluis.com\/wp-content\/uploads\/2024\/03\/MINISTROS.png",640,361,false],"large":["https:\/\/apuntesdesanluis.com\/wp-content\/uploads\/2024\/03\/MINISTROS.png",640,361,false],"1536x1536":["https:\/\/apuntesdesanluis.com\/wp-content\/uploads\/2024\/03\/MINISTROS.png",721,407,false],"2048x2048":["https:\/\/apuntesdesanluis.com\/wp-content\/uploads\/2024\/03\/MINISTROS.png",721,407,false],"newsever-slider-full":["https:\/\/apuntesdesanluis.com\/wp-content\/uploads\/2024\/03\/MINISTROS.png",721,407,false],"newsever-featured":["https:\/\/apuntesdesanluis.com\/wp-content\/uploads\/2024\/03\/MINISTROS.png",721,407,false],"newsever-medium":["https:\/\/apuntesdesanluis.com\/wp-content\/uploads\/2024\/03\/MINISTROS.png",720,406,false]},"author_info":{"display_name":"apuntesdesanluis.com","author_link":"https:\/\/apuntesdesanluis.com\/index.php\/author\/apuntesdesanluis-com\/"},"category_info":"<a href=\"https:\/\/apuntesdesanluis.com\/index.php\/category\/nacionales-internacionales\/\" rel=\"category tag\">Nacionales\/Internacionales<\/a>","tag_info":"Nacionales\/Internacionales","comment_count":"0","_links":{"self":[{"href":"https:\/\/apuntesdesanluis.com\/index.php\/wp-json\/wp\/v2\/posts\/13712","targetHints":{"allow":["GET"]}}],"collection":[{"href":"https:\/\/apuntesdesanluis.com\/index.php\/wp-json\/wp\/v2\/posts"}],"about":[{"href":"https:\/\/apuntesdesanluis.com\/index.php\/wp-json\/wp\/v2\/types\/post"}],"author":[{"embeddable":true,"href":"https:\/\/apuntesdesanluis.com\/index.php\/wp-json\/wp\/v2\/users\/1"}],"replies":[{"embeddable":true,"href":"https:\/\/apuntesdesanluis.com\/index.php\/wp-json\/wp\/v2\/comments?post=13712"}],"version-history":[{"count":1,"href":"https:\/\/apuntesdesanluis.com\/index.php\/wp-json\/wp\/v2\/posts\/13712\/revisions"}],"predecessor-version":[{"id":13714,"href":"https:\/\/apuntesdesanluis.com\/index.php\/wp-json\/wp\/v2\/posts\/13712\/revisions\/13714"}],"wp:featuredmedia":[{"embeddable":true,"href":"https:\/\/apuntesdesanluis.com\/index.php\/wp-json\/wp\/v2\/media\/13715"}],"wp:attachment":[{"href":"https:\/\/apuntesdesanluis.com\/index.php\/wp-json\/wp\/v2\/media?parent=13712"}],"wp:term":[{"taxonomy":"category","embeddable":true,"href":"https:\/\/apuntesdesanluis.com\/index.php\/wp-json\/wp\/v2\/categories?post=13712"},{"taxonomy":"post_tag","embeddable":true,"href":"https:\/\/apuntesdesanluis.com\/index.php\/wp-json\/wp\/v2\/tags?post=13712"}],"curies":[{"name":"wp","href":"https:\/\/api.w.org\/{rel}","templated":true}]}}