{"id":13728,"date":"2024-03-25T23:31:55","date_gmt":"2024-03-26T02:31:55","guid":{"rendered":"https:\/\/apuntesdesanluis.com\/?p=13728"},"modified":"2024-03-26T00:45:00","modified_gmt":"2024-03-26T03:45:00","slug":"la-unvime-proyecta-lotear-parte-de-su-campus-para-terminar-el-modulo-de-aulas","status":"publish","type":"post","link":"https:\/\/apuntesdesanluis.com\/index.php\/2024\/03\/25\/la-unvime-proyecta-lotear-parte-de-su-campus-para-terminar-el-modulo-de-aulas\/","title":{"rendered":"LA UNVIME PROYECTA LOTEAR PARTE DE SU CAMPUS PARA TERMINAR EL M\u00d3DULO DE AULAS"},"content":{"rendered":"<h3>Lo adelant\u00f3 este lunes el rector <strong>Marcelo Sosa<\/strong>, al dejar inaugurado el ciclo lectivo 2024, en la nueva sede acad\u00e9mica emplazada en el inmueble cedido por el gobierno, en barrio Los Poetas, que estuvo repleta de estudiantes, docentes, nodocentes, autoridades e invitados especiales.<\/h3>\n<h3>Los terrenos a los que se refiere est\u00e1n ubicados en la zona norte de Villa Mercedes. Se trata de casi 80 Ha que se extienden aleda\u00f1os al Centro Universitario de la UNSL, con entrada por ruta\u00a0 55 y salida por la colectora de ruta 8, a un costado del supermercado Diarco. Mencion\u00f3 en ese sentido que el agente financiero de la universidad -Banco Galicia- podr\u00eda financiar la compra a los empleados.<\/h3>\n<h3>\u201cEstamos construyendo una universidad m\u00e1s humana y m\u00e1s libre\u00bb, indic\u00f3 el conductor de la UNViMe durante su discurso, en un acto que cont\u00f3 con la presencia del intendente municipal Maximiliano Frontera, el ministro de Educaci\u00f3n Guillermo Araujo, el senador del departamento Pedernera Adolfo Castro Luna, el juez federal Dr. Juan Carlos Nacul, el rector de la UPrO Rudy C\u00e1mera, los decanos de FCEJS Roxana Camiletti y de FICA, Sergio Ribotta, legisladores provinciales y municipales, entre otras altas autoridades.<\/h3>\n<p><img fetchpriority=\"high\" decoding=\"async\" class=\"wp-image-13730 aligncenter\" src=\"https:\/\/apuntesdesanluis.com\/wp-content\/uploads\/2024\/03\/publico-2-300x192.png\" alt=\"\" width=\"609\" height=\"390\" srcset=\"https:\/\/apuntesdesanluis.com\/wp-content\/uploads\/2024\/03\/publico-2-300x192.png 300w, https:\/\/apuntesdesanluis.com\/wp-content\/uploads\/2024\/03\/publico-2-768x492.png 768w, https:\/\/apuntesdesanluis.com\/wp-content\/uploads\/2024\/03\/publico-2.png 800w\" sizes=\"(max-width: 609px) 100vw, 609px\" \/><\/p>\n<h3>El rector record\u00f3 que al momento de asumir, hace casi cinco meses, advirti\u00f3 su preocupaci\u00f3n \u201csobre la situaci\u00f3n econ\u00f3mica y financiera de la universidad\u201d, asegurando que su antecesor le asegur\u00f3 que dejaba su gesti\u00f3n con un super\u00e1vit de $ 341 millones.<\/h3>\n<h3>\u201cLa realidad \u2013dijo- es que aun cuando falta un mes para que termine la auditoria anunciada, recib\u00ed una universidad con una deuda de $ 250 millones, de los cuales 145 millones son de aportes patronales\u201d.<\/h3>\n<h3>\u201cPero me eligieron rector para hacer otra cosa, para cambiar esta realidad, aun en tiempo de crisis. En este breve tiempo logramos el financiamiento de 4to., 5to. y 6to. a\u00f1o de Medicina, la morgue judicial para las pr\u00e1cticas, la cooperaci\u00f3n para las actividades forenses con el Poder Judicial por ejemplo\u201d, enumer\u00f3.<\/h3>\n<h3>\u201cNos expandimos al Valle del Conlara, a Tilisarao, con el Profesorado de Nivel Inicial, cuyo inicio de clases est\u00e1 previsto para el lunes 8 de abril. Tenemos 178 inscriptos. Similares iniciativas estamos trabajando para otras partes de la provincia, e inclusive Gral. Alvear, el sur de Mendoza\u201d.<\/h3>\n<h3>Tambi\u00e9n enumer\u00f3 las \u201cprincipales\u201d realizaciones conseguidas en menos de cinco meses de gesti\u00f3n, enumerando distintas acciones en cada uno de los claustros.<\/h3>\n<h3><strong>COOPERACI\u00d3N INSTITUCIONAL<\/strong><\/h3>\n<h3>\u201cEl gobierno provincial nos ha pedido colaboraci\u00f3n en tres a\u00e9reas muy especiales: la articulaci\u00f3n con el nivel secundario, la alfabetizaci\u00f3n inicial, la formaci\u00f3n de los centros de desarrollo infantil.\u00a0 Para esto \u00faltimo, ya hemos acordado que la universidad colaborar\u00e1 en acciones de capacitaci\u00f3n\u201d, adelant\u00f3 el Dr. Sosa.<\/h3>\n<h3>Agreg\u00f3 que \u201cen particular, en los pr\u00f3ximos d\u00edas firmaremos un convenio con el Ministerio de Educaci\u00f3n para desarrollar los concursos para los cargos directivos de las escuelas de la provincia de San Luis\u201d.<\/h3>\n<p><img decoding=\"async\" class=\"wp-image-13731 aligncenter\" src=\"https:\/\/apuntesdesanluis.com\/wp-content\/uploads\/2024\/03\/nueva-sede-300x181.png\" alt=\"\" width=\"627\" height=\"378\" srcset=\"https:\/\/apuntesdesanluis.com\/wp-content\/uploads\/2024\/03\/nueva-sede-300x181.png 300w, https:\/\/apuntesdesanluis.com\/wp-content\/uploads\/2024\/03\/nueva-sede-768x464.png 768w, https:\/\/apuntesdesanluis.com\/wp-content\/uploads\/2024\/03\/nueva-sede.png 857w\" sizes=\"(max-width: 627px) 100vw, 627px\" \/><\/p>\n<h3><strong>TRES L\u00cdNEAS DE TRABAJO<\/strong><\/h3>\n<h3>El rector de la UNViMe traz\u00f3 los principales ejes de su gesti\u00f3n:<\/h3>\n<ul>\n<li>\n<h3>La Editorial UNVIME para la publicaci\u00f3n de libros y revistas cient\u00edficas.<\/h3>\n<\/li>\n<li>\n<h3>El Instituto de Creaci\u00f3n Art\u00edstica para dar cabida a las expresiones del arte y la cultura, para que tengamos nuestro propio coro y ensamble musical y teatro.<\/h3>\n<\/li>\n<li>\n<h3>Un Centro de Atenci\u00f3n Integral en Salud UNViMe que llevar\u00e1 el nombre de quien fuera un gran pediatra y profesor de nuestra casa: \u00abDr. Fernando Romero\u00bb, y que funcionar\u00e1 en Casa Barros, para brindar un verdadero servicio de salud tan necesario para nuestra comunidad universitaria, lo cual fue refrendado por el aplauso de los presentes.<\/h3>\n<\/li>\n<\/ul>\n<h3><strong>EDIFICIO PROPIO PARA LAS AULAS<\/strong><\/h3>\n<h3>El principal anuncio se desprendi\u00f3 de su preocupaci\u00f3n central: <strong>\u201cNecesitamos con urgencia el edificio propio del campus zona norte para las aulas. La licitaci\u00f3n qued\u00f3 desierta, pero estamos haciendo todas las gestiones para retomar esa gran obra para la universidad\u201d<\/strong>.<\/h3>\n<h3>\u201cMuchos se preguntan c\u00f3mo lo haremos, en medio de esta dif\u00edcil situaci\u00f3n que atravesamos\u201d, dijo, adelantando \u201c<strong>un ambicioso plan de urbanizaci\u00f3n de las casi 80 Ha que posee la universidad en Villa Mercedes. Una parte de esos terrenos queremos lotearlos para que lo adquiera la propia comunidad universitaria, para construir sus viviendas, de tal modo que podamos con lo recaudado encarar la terminaci\u00f3n de nuestro m\u00f3dulo de aulas en Villa Mercedes y la construcci\u00f3n de la sede de Justo Daract\u201d, adelant\u00f3.<\/strong><\/h3>\n<h3>Es la segunda vez que Sosa menciona este tema. La anterior oportunidad fue\u00a0el 14 de marzo,\u00a0en ocasi\u00f3n de realizarse\u00a0 el paro de universidades, al participar de la radio abierta organizada por el gremio de los trabajadores nodocentes.<\/h3>\n<h3>Dijo entonces: &#8220;Ustedes saben que estamos sufriendo una de nuestras peores crisis econ\u00f3mica, producto del desfinanciamiento a que nos somete el gobierno nacional. Pero debemos tener esperanzas. Les adelanto que estamos trabajando un plan para que cada uno haga su aporte para salvar a nuestra universidad. Estamos pensando en lotear parte de los terrenos para que cada uno pueda proyectar su vivienda y de ese modo, entre todos, sumemos los recursos para terminar nuestro primer m\u00f3dulo de aulas. Lo mismo podemos hacer en Justo Daract, donde tenemos 23 hect\u00e1reas, para que all\u00ed tambi\u00e9n podamos contar con nuestra sede propia&#8221;, explic\u00f3 entusiasmado.<\/h3>\n<h3>Este lunes, sostuvo: \u201cHace 4 meses, casi 5, les dec\u00eda que llegaba como Rector de la UNVIMe a pedirles ayuda para construir una nueva universidad, m\u00e1s humana, m\u00e1s libre, para que seamos mejores y estamos caminando en ese sentido. Revalorizando nuestra comunidad universitaria, la educaci\u00f3n y la paz. La Universidad esperanza. Dejo formalmente iniciado el Ciclo Acad\u00e9mico 2024 para el bien de nuestro pueblo y pensando en el futuro de la patria, que se construye en nuestras aulas\u201d, cerr\u00f3.<\/h3>\n<p>&nbsp;<\/p>\n<p>&nbsp;<\/p>\n<p>&nbsp;<\/p>\n<p>&nbsp;<\/p>\n","protected":false},"excerpt":{"rendered":"<p>Lo adelant\u00f3 este lunes el rector Marcelo Sosa, al dejar inaugurado el ciclo lectivo 2024,&#8230;<\/p>\n","protected":false},"author":1,"featured_media":13729,"comment_status":"closed","ping_status":"closed","sticky":false,"template":"","format":"standard","meta":{"footnotes":""},"categories":[6],"tags":[],"class_list":["post-13728","post","type-post","status-publish","format-standard","has-post-thumbnail","hentry","category-ciudad-provincia"],"yoast_head":"<!-- This site is optimized with the Yoast SEO plugin v26.1.1 - https:\/\/yoast.com\/wordpress\/plugins\/seo\/ -->\n<title>LA UNVIME PROYECTA LOTEAR PARTE DE SU CAMPUS PARA TERMINAR EL M\u00d3DULO DE AULAS - Apuntes de San Luis<\/title>\n<meta name=\"robots\" content=\"index, follow, max-snippet:-1, max-image-preview:large, max-video-preview:-1\" \/>\n<link rel=\"canonical\" href=\"https:\/\/apuntesdesanluis.com\/index.php\/2024\/03\/25\/la-unvime-proyecta-lotear-parte-de-su-campus-para-terminar-el-modulo-de-aulas\/\" \/>\n<meta property=\"og:locale\" content=\"es_ES\" \/>\n<meta property=\"og:type\" content=\"article\" \/>\n<meta property=\"og:title\" content=\"LA UNVIME PROYECTA LOTEAR PARTE DE SU CAMPUS PARA TERMINAR EL M\u00d3DULO DE AULAS - Apuntes de San Luis\" \/>\n<meta property=\"og:description\" content=\"Lo adelant\u00f3 este lunes el rector Marcelo Sosa, al dejar inaugurado el ciclo lectivo 2024,...\" \/>\n<meta property=\"og:url\" content=\"https:\/\/apuntesdesanluis.com\/index.php\/2024\/03\/25\/la-unvime-proyecta-lotear-parte-de-su-campus-para-terminar-el-modulo-de-aulas\/\" \/>\n<meta property=\"og:site_name\" content=\"Apuntes de San Luis\" \/>\n<meta property=\"article:published_time\" content=\"2024-03-26T02:31:55+00:00\" \/>\n<meta property=\"article:modified_time\" content=\"2024-03-26T03:45:00+00:00\" \/>\n<meta property=\"og:image\" content=\"https:\/\/apuntesdesanluis.com\/wp-content\/uploads\/2024\/03\/rectdor-marcelo-sosa.png\" \/>\n\t<meta property=\"og:image:width\" content=\"714\" \/>\n\t<meta property=\"og:image:height\" content=\"459\" \/>\n\t<meta property=\"og:image:type\" content=\"image\/png\" \/>\n<meta name=\"author\" content=\"apuntesdesanluis.com\" \/>\n<meta name=\"twitter:card\" content=\"summary_large_image\" \/>\n<meta name=\"twitter:label1\" content=\"Escrito por\" \/>\n\t<meta name=\"twitter:data1\" content=\"apuntesdesanluis.com\" \/>\n\t<meta name=\"twitter:label2\" content=\"Tiempo de lectura\" \/>\n\t<meta name=\"twitter:data2\" content=\"5 minutos\" \/>\n<script type=\"application\/ld+json\" class=\"yoast-schema-graph\">{\"@context\":\"https:\/\/schema.org\",\"@graph\":[{\"@type\":\"Article\",\"@id\":\"https:\/\/apuntesdesanluis.com\/index.php\/2024\/03\/25\/la-unvime-proyecta-lotear-parte-de-su-campus-para-terminar-el-modulo-de-aulas\/#article\",\"isPartOf\":{\"@id\":\"https:\/\/apuntesdesanluis.com\/index.php\/2024\/03\/25\/la-unvime-proyecta-lotear-parte-de-su-campus-para-terminar-el-modulo-de-aulas\/\"},\"author\":{\"name\":\"apuntesdesanluis.com\",\"@id\":\"https:\/\/apuntesdesanluis.com\/#\/schema\/person\/b55151d52296fcce64d1a72538a70b90\"},\"headline\":\"LA UNVIME PROYECTA LOTEAR PARTE DE SU CAMPUS PARA TERMINAR EL M\u00d3DULO DE AULAS\",\"datePublished\":\"2024-03-26T02:31:55+00:00\",\"dateModified\":\"2024-03-26T03:45:00+00:00\",\"mainEntityOfPage\":{\"@id\":\"https:\/\/apuntesdesanluis.com\/index.php\/2024\/03\/25\/la-unvime-proyecta-lotear-parte-de-su-campus-para-terminar-el-modulo-de-aulas\/\"},\"wordCount\":980,\"publisher\":{\"@id\":\"https:\/\/apuntesdesanluis.com\/#\/schema\/person\/b55151d52296fcce64d1a72538a70b90\"},\"image\":{\"@id\":\"https:\/\/apuntesdesanluis.com\/index.php\/2024\/03\/25\/la-unvime-proyecta-lotear-parte-de-su-campus-para-terminar-el-modulo-de-aulas\/#primaryimage\"},\"thumbnailUrl\":\"https:\/\/apuntesdesanluis.com\/wp-content\/uploads\/2024\/03\/rectdor-marcelo-sosa.png\",\"articleSection\":[\"Ciudad\/Provincia\"],\"inLanguage\":\"es-AR\"},{\"@type\":\"WebPage\",\"@id\":\"https:\/\/apuntesdesanluis.com\/index.php\/2024\/03\/25\/la-unvime-proyecta-lotear-parte-de-su-campus-para-terminar-el-modulo-de-aulas\/\",\"url\":\"https:\/\/apuntesdesanluis.com\/index.php\/2024\/03\/25\/la-unvime-proyecta-lotear-parte-de-su-campus-para-terminar-el-modulo-de-aulas\/\",\"name\":\"LA UNVIME PROYECTA LOTEAR PARTE DE SU CAMPUS PARA TERMINAR EL M\u00d3DULO DE AULAS - Apuntes de San Luis\",\"isPartOf\":{\"@id\":\"https:\/\/apuntesdesanluis.com\/#website\"},\"primaryImageOfPage\":{\"@id\":\"https:\/\/apuntesdesanluis.com\/index.php\/2024\/03\/25\/la-unvime-proyecta-lotear-parte-de-su-campus-para-terminar-el-modulo-de-aulas\/#primaryimage\"},\"image\":{\"@id\":\"https:\/\/apuntesdesanluis.com\/index.php\/2024\/03\/25\/la-unvime-proyecta-lotear-parte-de-su-campus-para-terminar-el-modulo-de-aulas\/#primaryimage\"},\"thumbnailUrl\":\"https:\/\/apuntesdesanluis.com\/wp-content\/uploads\/2024\/03\/rectdor-marcelo-sosa.png\",\"datePublished\":\"2024-03-26T02:31:55+00:00\",\"dateModified\":\"2024-03-26T03:45:00+00:00\",\"breadcrumb\":{\"@id\":\"https:\/\/apuntesdesanluis.com\/index.php\/2024\/03\/25\/la-unvime-proyecta-lotear-parte-de-su-campus-para-terminar-el-modulo-de-aulas\/#breadcrumb\"},\"inLanguage\":\"es-AR\",\"potentialAction\":[{\"@type\":\"ReadAction\",\"target\":[\"https:\/\/apuntesdesanluis.com\/index.php\/2024\/03\/25\/la-unvime-proyecta-lotear-parte-de-su-campus-para-terminar-el-modulo-de-aulas\/\"]}]},{\"@type\":\"ImageObject\",\"inLanguage\":\"es-AR\",\"@id\":\"https:\/\/apuntesdesanluis.com\/index.php\/2024\/03\/25\/la-unvime-proyecta-lotear-parte-de-su-campus-para-terminar-el-modulo-de-aulas\/#primaryimage\",\"url\":\"https:\/\/apuntesdesanluis.com\/wp-content\/uploads\/2024\/03\/rectdor-marcelo-sosa.png\",\"contentUrl\":\"https:\/\/apuntesdesanluis.com\/wp-content\/uploads\/2024\/03\/rectdor-marcelo-sosa.png\",\"width\":714,\"height\":459},{\"@type\":\"BreadcrumbList\",\"@id\":\"https:\/\/apuntesdesanluis.com\/index.php\/2024\/03\/25\/la-unvime-proyecta-lotear-parte-de-su-campus-para-terminar-el-modulo-de-aulas\/#breadcrumb\",\"itemListElement\":[{\"@type\":\"ListItem\",\"position\":1,\"name\":\"Inicio\",\"item\":\"https:\/\/apuntesdesanluis.com\/\"},{\"@type\":\"ListItem\",\"position\":2,\"name\":\"LA UNVIME PROYECTA LOTEAR PARTE DE SU CAMPUS PARA TERMINAR EL M\u00d3DULO DE AULAS\"}]},{\"@type\":\"WebSite\",\"@id\":\"https:\/\/apuntesdesanluis.com\/#website\",\"url\":\"https:\/\/apuntesdesanluis.com\/\",\"name\":\"Apuntes de San Luis\",\"description\":\"\",\"publisher\":{\"@id\":\"https:\/\/apuntesdesanluis.com\/#\/schema\/person\/b55151d52296fcce64d1a72538a70b90\"},\"potentialAction\":[{\"@type\":\"SearchAction\",\"target\":{\"@type\":\"EntryPoint\",\"urlTemplate\":\"https:\/\/apuntesdesanluis.com\/?s={search_term_string}\"},\"query-input\":{\"@type\":\"PropertyValueSpecification\",\"valueRequired\":true,\"valueName\":\"search_term_string\"}}],\"inLanguage\":\"es-AR\"},{\"@type\":[\"Person\",\"Organization\"],\"@id\":\"https:\/\/apuntesdesanluis.com\/#\/schema\/person\/b55151d52296fcce64d1a72538a70b90\",\"name\":\"apuntesdesanluis.com\",\"image\":{\"@type\":\"ImageObject\",\"inLanguage\":\"es-AR\",\"@id\":\"https:\/\/apuntesdesanluis.com\/#\/schema\/person\/image\/\",\"url\":\"https:\/\/apuntesdesanluis.com\/wp-content\/uploads\/2023\/07\/cropped-apuntesdesanluis.png\",\"contentUrl\":\"https:\/\/apuntesdesanluis.com\/wp-content\/uploads\/2023\/07\/cropped-apuntesdesanluis.png\",\"width\":450,\"height\":112,\"caption\":\"apuntesdesanluis.com\"},\"logo\":{\"@id\":\"https:\/\/apuntesdesanluis.com\/#\/schema\/person\/image\/\"},\"sameAs\":[\"https:\/\/apuntesdesanluis.com\"],\"url\":\"https:\/\/apuntesdesanluis.com\/index.php\/author\/apuntesdesanluis-com\/\"}]}<\/script>\n<!-- \/ Yoast SEO plugin. -->","yoast_head_json":{"title":"LA UNVIME PROYECTA LOTEAR PARTE DE SU CAMPUS PARA TERMINAR EL M\u00d3DULO DE AULAS - Apuntes de San Luis","robots":{"index":"index","follow":"follow","max-snippet":"max-snippet:-1","max-image-preview":"max-image-preview:large","max-video-preview":"max-video-preview:-1"},"canonical":"https:\/\/apuntesdesanluis.com\/index.php\/2024\/03\/25\/la-unvime-proyecta-lotear-parte-de-su-campus-para-terminar-el-modulo-de-aulas\/","og_locale":"es_ES","og_type":"article","og_title":"LA UNVIME PROYECTA LOTEAR PARTE DE SU CAMPUS PARA TERMINAR EL M\u00d3DULO DE AULAS - Apuntes de San Luis","og_description":"Lo adelant\u00f3 este lunes el rector Marcelo Sosa, al dejar inaugurado el ciclo lectivo 2024,...","og_url":"https:\/\/apuntesdesanluis.com\/index.php\/2024\/03\/25\/la-unvime-proyecta-lotear-parte-de-su-campus-para-terminar-el-modulo-de-aulas\/","og_site_name":"Apuntes de San Luis","article_published_time":"2024-03-26T02:31:55+00:00","article_modified_time":"2024-03-26T03:45:00+00:00","og_image":[{"width":714,"height":459,"url":"https:\/\/apuntesdesanluis.com\/wp-content\/uploads\/2024\/03\/rectdor-marcelo-sosa.png","type":"image\/png"}],"author":"apuntesdesanluis.com","twitter_card":"summary_large_image","twitter_misc":{"Escrito por":"apuntesdesanluis.com","Tiempo de lectura":"5 minutos"},"schema":{"@context":"https:\/\/schema.org","@graph":[{"@type":"Article","@id":"https:\/\/apuntesdesanluis.com\/index.php\/2024\/03\/25\/la-unvime-proyecta-lotear-parte-de-su-campus-para-terminar-el-modulo-de-aulas\/#article","isPartOf":{"@id":"https:\/\/apuntesdesanluis.com\/index.php\/2024\/03\/25\/la-unvime-proyecta-lotear-parte-de-su-campus-para-terminar-el-modulo-de-aulas\/"},"author":{"name":"apuntesdesanluis.com","@id":"https:\/\/apuntesdesanluis.com\/#\/schema\/person\/b55151d52296fcce64d1a72538a70b90"},"headline":"LA UNVIME PROYECTA LOTEAR PARTE DE SU CAMPUS PARA TERMINAR EL M\u00d3DULO DE AULAS","datePublished":"2024-03-26T02:31:55+00:00","dateModified":"2024-03-26T03:45:00+00:00","mainEntityOfPage":{"@id":"https:\/\/apuntesdesanluis.com\/index.php\/2024\/03\/25\/la-unvime-proyecta-lotear-parte-de-su-campus-para-terminar-el-modulo-de-aulas\/"},"wordCount":980,"publisher":{"@id":"https:\/\/apuntesdesanluis.com\/#\/schema\/person\/b55151d52296fcce64d1a72538a70b90"},"image":{"@id":"https:\/\/apuntesdesanluis.com\/index.php\/2024\/03\/25\/la-unvime-proyecta-lotear-parte-de-su-campus-para-terminar-el-modulo-de-aulas\/#primaryimage"},"thumbnailUrl":"https:\/\/apuntesdesanluis.com\/wp-content\/uploads\/2024\/03\/rectdor-marcelo-sosa.png","articleSection":["Ciudad\/Provincia"],"inLanguage":"es-AR"},{"@type":"WebPage","@id":"https:\/\/apuntesdesanluis.com\/index.php\/2024\/03\/25\/la-unvime-proyecta-lotear-parte-de-su-campus-para-terminar-el-modulo-de-aulas\/","url":"https:\/\/apuntesdesanluis.com\/index.php\/2024\/03\/25\/la-unvime-proyecta-lotear-parte-de-su-campus-para-terminar-el-modulo-de-aulas\/","name":"LA UNVIME PROYECTA LOTEAR PARTE DE SU CAMPUS PARA TERMINAR EL M\u00d3DULO DE AULAS - Apuntes de San Luis","isPartOf":{"@id":"https:\/\/apuntesdesanluis.com\/#website"},"primaryImageOfPage":{"@id":"https:\/\/apuntesdesanluis.com\/index.php\/2024\/03\/25\/la-unvime-proyecta-lotear-parte-de-su-campus-para-terminar-el-modulo-de-aulas\/#primaryimage"},"image":{"@id":"https:\/\/apuntesdesanluis.com\/index.php\/2024\/03\/25\/la-unvime-proyecta-lotear-parte-de-su-campus-para-terminar-el-modulo-de-aulas\/#primaryimage"},"thumbnailUrl":"https:\/\/apuntesdesanluis.com\/wp-content\/uploads\/2024\/03\/rectdor-marcelo-sosa.png","datePublished":"2024-03-26T02:31:55+00:00","dateModified":"2024-03-26T03:45:00+00:00","breadcrumb":{"@id":"https:\/\/apuntesdesanluis.com\/index.php\/2024\/03\/25\/la-unvime-proyecta-lotear-parte-de-su-campus-para-terminar-el-modulo-de-aulas\/#breadcrumb"},"inLanguage":"es-AR","potentialAction":[{"@type":"ReadAction","target":["https:\/\/apuntesdesanluis.com\/index.php\/2024\/03\/25\/la-unvime-proyecta-lotear-parte-de-su-campus-para-terminar-el-modulo-de-aulas\/"]}]},{"@type":"ImageObject","inLanguage":"es-AR","@id":"https:\/\/apuntesdesanluis.com\/index.php\/2024\/03\/25\/la-unvime-proyecta-lotear-parte-de-su-campus-para-terminar-el-modulo-de-aulas\/#primaryimage","url":"https:\/\/apuntesdesanluis.com\/wp-content\/uploads\/2024\/03\/rectdor-marcelo-sosa.png","contentUrl":"https:\/\/apuntesdesanluis.com\/wp-content\/uploads\/2024\/03\/rectdor-marcelo-sosa.png","width":714,"height":459},{"@type":"BreadcrumbList","@id":"https:\/\/apuntesdesanluis.com\/index.php\/2024\/03\/25\/la-unvime-proyecta-lotear-parte-de-su-campus-para-terminar-el-modulo-de-aulas\/#breadcrumb","itemListElement":[{"@type":"ListItem","position":1,"name":"Inicio","item":"https:\/\/apuntesdesanluis.com\/"},{"@type":"ListItem","position":2,"name":"LA UNVIME PROYECTA LOTEAR PARTE DE SU CAMPUS PARA TERMINAR EL M\u00d3DULO DE AULAS"}]},{"@type":"WebSite","@id":"https:\/\/apuntesdesanluis.com\/#website","url":"https:\/\/apuntesdesanluis.com\/","name":"Apuntes de San Luis","description":"","publisher":{"@id":"https:\/\/apuntesdesanluis.com\/#\/schema\/person\/b55151d52296fcce64d1a72538a70b90"},"potentialAction":[{"@type":"SearchAction","target":{"@type":"EntryPoint","urlTemplate":"https:\/\/apuntesdesanluis.com\/?s={search_term_string}"},"query-input":{"@type":"PropertyValueSpecification","valueRequired":true,"valueName":"search_term_string"}}],"inLanguage":"es-AR"},{"@type":["Person","Organization"],"@id":"https:\/\/apuntesdesanluis.com\/#\/schema\/person\/b55151d52296fcce64d1a72538a70b90","name":"apuntesdesanluis.com","image":{"@type":"ImageObject","inLanguage":"es-AR","@id":"https:\/\/apuntesdesanluis.com\/#\/schema\/person\/image\/","url":"https:\/\/apuntesdesanluis.com\/wp-content\/uploads\/2023\/07\/cropped-apuntesdesanluis.png","contentUrl":"https:\/\/apuntesdesanluis.com\/wp-content\/uploads\/2023\/07\/cropped-apuntesdesanluis.png","width":450,"height":112,"caption":"apuntesdesanluis.com"},"logo":{"@id":"https:\/\/apuntesdesanluis.com\/#\/schema\/person\/image\/"},"sameAs":["https:\/\/apuntesdesanluis.com"],"url":"https:\/\/apuntesdesanluis.com\/index.php\/author\/apuntesdesanluis-com\/"}]}},"featured_image_urls":{"full":["https:\/\/apuntesdesanluis.com\/wp-content\/uploads\/2024\/03\/rectdor-marcelo-sosa.png",714,459,false],"thumbnail":["https:\/\/apuntesdesanluis.com\/wp-content\/uploads\/2024\/03\/rectdor-marcelo-sosa-150x150.png",150,150,true],"medium":["https:\/\/apuntesdesanluis.com\/wp-content\/uploads\/2024\/03\/rectdor-marcelo-sosa-300x193.png",300,193,true],"medium_large":["https:\/\/apuntesdesanluis.com\/wp-content\/uploads\/2024\/03\/rectdor-marcelo-sosa.png",640,411,false],"large":["https:\/\/apuntesdesanluis.com\/wp-content\/uploads\/2024\/03\/rectdor-marcelo-sosa.png",640,411,false],"1536x1536":["https:\/\/apuntesdesanluis.com\/wp-content\/uploads\/2024\/03\/rectdor-marcelo-sosa.png",714,459,false],"2048x2048":["https:\/\/apuntesdesanluis.com\/wp-content\/uploads\/2024\/03\/rectdor-marcelo-sosa.png",714,459,false],"newsever-slider-full":["https:\/\/apuntesdesanluis.com\/wp-content\/uploads\/2024\/03\/rectdor-marcelo-sosa.png",714,459,false],"newsever-featured":["https:\/\/apuntesdesanluis.com\/wp-content\/uploads\/2024\/03\/rectdor-marcelo-sosa.png",714,459,false],"newsever-medium":["https:\/\/apuntesdesanluis.com\/wp-content\/uploads\/2024\/03\/rectdor-marcelo-sosa.png",714,459,false]},"author_info":{"display_name":"apuntesdesanluis.com","author_link":"https:\/\/apuntesdesanluis.com\/index.php\/author\/apuntesdesanluis-com\/"},"category_info":"<a href=\"https:\/\/apuntesdesanluis.com\/index.php\/category\/ciudad-provincia\/\" rel=\"category tag\">Ciudad\/Provincia<\/a>","tag_info":"Ciudad\/Provincia","comment_count":"0","_links":{"self":[{"href":"https:\/\/apuntesdesanluis.com\/index.php\/wp-json\/wp\/v2\/posts\/13728","targetHints":{"allow":["GET"]}}],"collection":[{"href":"https:\/\/apuntesdesanluis.com\/index.php\/wp-json\/wp\/v2\/posts"}],"about":[{"href":"https:\/\/apuntesdesanluis.com\/index.php\/wp-json\/wp\/v2\/types\/post"}],"author":[{"embeddable":true,"href":"https:\/\/apuntesdesanluis.com\/index.php\/wp-json\/wp\/v2\/users\/1"}],"replies":[{"embeddable":true,"href":"https:\/\/apuntesdesanluis.com\/index.php\/wp-json\/wp\/v2\/comments?post=13728"}],"version-history":[{"count":5,"href":"https:\/\/apuntesdesanluis.com\/index.php\/wp-json\/wp\/v2\/posts\/13728\/revisions"}],"predecessor-version":[{"id":13736,"href":"https:\/\/apuntesdesanluis.com\/index.php\/wp-json\/wp\/v2\/posts\/13728\/revisions\/13736"}],"wp:featuredmedia":[{"embeddable":true,"href":"https:\/\/apuntesdesanluis.com\/index.php\/wp-json\/wp\/v2\/media\/13729"}],"wp:attachment":[{"href":"https:\/\/apuntesdesanluis.com\/index.php\/wp-json\/wp\/v2\/media?parent=13728"}],"wp:term":[{"taxonomy":"category","embeddable":true,"href":"https:\/\/apuntesdesanluis.com\/index.php\/wp-json\/wp\/v2\/categories?post=13728"},{"taxonomy":"post_tag","embeddable":true,"href":"https:\/\/apuntesdesanluis.com\/index.php\/wp-json\/wp\/v2\/tags?post=13728"}],"curies":[{"name":"wp","href":"https:\/\/api.w.org\/{rel}","templated":true}]}}