{"id":1373,"date":"2023-08-10T00:16:48","date_gmt":"2023-08-10T03:16:48","guid":{"rendered":"https:\/\/apuntesdesanluis.com\/?p=1373"},"modified":"2023-08-10T00:17:36","modified_gmt":"2023-08-10T03:17:36","slug":"los-hermanos-detenidos-por-el-crimen-de-la-nena-de-11-anos-tienen-frondosos-antecedentes","status":"publish","type":"post","link":"https:\/\/apuntesdesanluis.com\/index.php\/2023\/08\/10\/los-hermanos-detenidos-por-el-crimen-de-la-nena-de-11-anos-tienen-frondosos-antecedentes\/","title":{"rendered":"LOS HERMANOS DETENIDOS POR EL CRIMEN DE LA NENA DE 11 A\u00d1OS TIENEN FRONDOSOS ANTECEDENTES"},"content":{"rendered":"<h3>Los dos hermanos que fueron detenidos por el crimen de <strong>Morena Dom\u00ednguez<\/strong>, la nena de 11 a\u00f1os que muri\u00f3 luego de ser arrastrada por motochorros que le quisieron robar cuando caminaba hacia la escuela en Lan\u00fas, tienen antecedentes por robo y, uno de ellos, un pedido de captura vigente.<\/h3>\n<h3>Fuentes del caso indicaron que se trata de <strong>Miguel \u00c1ngel<\/strong> y <strong>Dar\u00edo Madariaga<\/strong>, de 28 y 25 a\u00f1os, respectivamente, y que ambos son oriundos de Villa Caraza. \u201cLos dos pertenecen a una banda de siete integrantes con problemas de adicciones y en la que hay menores, y que es bien conocida por las autoridades\u201d, explicaron otros investigadores.<\/h3>\n<h3>El mayor de los hermanos es quien registra m\u00e1s delitos en su haber. El 11 de enero de 2009 fue imputado por encubrimiento agravado en Esteban Echeverr\u00eda y excarcelado un a\u00f1o m\u00e1s tarde por el Juzgado de Garant\u00edas N\u00b02 de Lomas de Zamora.<\/h3>\n<h3>El 9 de agosto de 2021, registra otro antecedente por encubrimiento, en el Juzgado Correccional 2 de Lomas de Zamora. El 27 de febrero de 2023, se le abri\u00f3 una causa por amenazas, violaci\u00f3n de domicilio y resistencia a la autoridad en la UFIJ 7 de Lan\u00fas &#8211; Avellaneda.<\/h3>\n<h3>D\u00edas atr\u00e1s, el 7 de agosto, el Tribunal Oral en lo Criminal y Correccional N\u00b030 de la Ciudad de Buenos Aires pidi\u00f3 su captura.<\/h3>\n<h3>Por su lado, Dar\u00edo Madariaga fue imputado el 3 de abril de 2019 por tentativa de robo. Ese expediente tramit\u00f3 en el Juzgado Correccional N\u00b07 de Lomas de Zamora. Adem\u00e1s, cuenta con algunas causas por tenencia de estupefacientes para consumo.<\/h3>\n<h3>El hecho ocurri\u00f3 minutos antes de las 7.30 de esta ma\u00f1ana, cuando la ni\u00f1a fue asaltada en momentos en que llegaba a la Escuela Almafuerte N\u00b0 60, situada en la calle Molinedo al 3200, de la localidad de Villa Giardino, partido de Lan\u00fas.<\/h3>\n<h3><img fetchpriority=\"high\" decoding=\"async\" class=\"wp-image-1374 aligncenter\" src=\"https:\/\/apuntesdesanluis.com\/wp-content\/uploads\/2023\/08\/morena-300x199.png\" alt=\"\" width=\"687\" height=\"456\" srcset=\"https:\/\/apuntesdesanluis.com\/wp-content\/uploads\/2023\/08\/morena-300x199.png 300w, https:\/\/apuntesdesanluis.com\/wp-content\/uploads\/2023\/08\/morena.png 613w\" sizes=\"(max-width: 687px) 100vw, 687px\" \/><\/h3>\n<h4 style=\"text-align: center;\"><em>Morena Dom\u00ednguez.<\/em><\/h4>\n<h3>La secuencia qued\u00f3 grabada por una c\u00e1mara de seguridad que se convirti\u00f3 en una prueba clave de una causa.<\/h3>\n<h3>En el video se observa que Morena cae al asfalto cuando es abordada por los dos motochorros, tras lo cual el que viajaba como acompa\u00f1ante se baj\u00f3 para agarrar alguna de sus pertenencias y luego volvi\u00f3 a abordar el veh\u00edculo para escapar.<\/h3>\n<h3>Luego de la huida de los delincuentes, un hombre se acerc\u00f3 a asistir a la v\u00edctima, pero la ni\u00f1a qued\u00f3 sentada en el asfalto sin poder reincorporarse.<\/h3>\n<h3>Fuentes policiales indicaron que, en la ca\u00edda, Morena se golpe\u00f3 en la cabeza y que ello pudo tener relaci\u00f3n con el cuadro que presentaba cuando lleg\u00f3 la ambulancia del SAME.<\/h3>\n<h3>Morena se descompens\u00f3 mientras esperaba la asistencia y, cuando lleg\u00f3 la ambulancia, el m\u00e9dico realiz\u00f3 maniobras de reanimaci\u00f3n y la trasladaron en estado cr\u00edtico al Hospital Evita, donde falleci\u00f3 producto de un paro cardiorrespiratorio, seg\u00fan inform\u00f3 la polic\u00eda.<\/h3>\n<h3>El caso es investigado en principio por la fiscal Silvia Bussano, de la Unidad Funcional de Instrucci\u00f3n (UFI) 7 de Lan\u00fas, quien espera el resultado de la autopsia que se realiza en la morgue judicial de Lomas de Zamora.<\/h3>\n<h3>En tanto, esta tarde, decenas de vecinos del barrio donde ocurri\u00f3 el hecho protagonizaban algunos incidentes y arrojaban piedras contra el frente a la comisar\u00eda 5\u00b0 de Lan\u00fas, ubicada en la calle Warnes al 3000 de Villa Diamante, donde fueron alojados los hermanos detenidos.<\/h3>\n","protected":false},"excerpt":{"rendered":"<p>Los dos hermanos que fueron detenidos por el crimen de Morena Dom\u00ednguez, la nena de&#8230;<\/p>\n","protected":false},"author":1,"featured_media":1375,"comment_status":"closed","ping_status":"closed","sticky":false,"template":"","format":"standard","meta":{"footnotes":""},"categories":[5],"tags":[],"class_list":["post-1373","post","type-post","status-publish","format-standard","has-post-thumbnail","hentry","category-nacionales-internacionales"],"yoast_head":"<!-- This site is optimized with the Yoast SEO plugin v26.1.1 - https:\/\/yoast.com\/wordpress\/plugins\/seo\/ -->\n<title>LOS HERMANOS DETENIDOS POR EL CRIMEN DE LA NENA DE 11 A\u00d1OS TIENEN FRONDOSOS ANTECEDENTES - Apuntes de San Luis<\/title>\n<meta name=\"robots\" content=\"index, follow, max-snippet:-1, max-image-preview:large, max-video-preview:-1\" \/>\n<link rel=\"canonical\" href=\"https:\/\/apuntesdesanluis.com\/index.php\/2023\/08\/10\/los-hermanos-detenidos-por-el-crimen-de-la-nena-de-11-anos-tienen-frondosos-antecedentes\/\" \/>\n<meta property=\"og:locale\" content=\"es_ES\" \/>\n<meta property=\"og:type\" content=\"article\" \/>\n<meta property=\"og:title\" content=\"LOS HERMANOS DETENIDOS POR EL CRIMEN DE LA NENA DE 11 A\u00d1OS TIENEN FRONDOSOS ANTECEDENTES - Apuntes de San Luis\" \/>\n<meta property=\"og:description\" content=\"Los dos hermanos que fueron detenidos por el crimen de Morena Dom\u00ednguez, la nena de...\" \/>\n<meta property=\"og:url\" content=\"https:\/\/apuntesdesanluis.com\/index.php\/2023\/08\/10\/los-hermanos-detenidos-por-el-crimen-de-la-nena-de-11-anos-tienen-frondosos-antecedentes\/\" \/>\n<meta property=\"og:site_name\" content=\"Apuntes de San Luis\" \/>\n<meta property=\"article:published_time\" content=\"2023-08-10T03:16:48+00:00\" \/>\n<meta property=\"article:modified_time\" content=\"2023-08-10T03:17:36+00:00\" \/>\n<meta property=\"og:image\" content=\"https:\/\/apuntesdesanluis.com\/wp-content\/uploads\/2023\/08\/detenidos-1.png\" \/>\n\t<meta property=\"og:image:width\" content=\"687\" \/>\n\t<meta property=\"og:image:height\" content=\"411\" \/>\n\t<meta property=\"og:image:type\" content=\"image\/png\" \/>\n<meta name=\"author\" content=\"apuntesdesanluis.com\" \/>\n<meta name=\"twitter:card\" content=\"summary_large_image\" \/>\n<meta name=\"twitter:label1\" content=\"Escrito por\" \/>\n\t<meta name=\"twitter:data1\" content=\"apuntesdesanluis.com\" \/>\n\t<meta name=\"twitter:label2\" content=\"Tiempo de lectura\" \/>\n\t<meta name=\"twitter:data2\" content=\"3 minutos\" \/>\n<script type=\"application\/ld+json\" class=\"yoast-schema-graph\">{\"@context\":\"https:\/\/schema.org\",\"@graph\":[{\"@type\":\"Article\",\"@id\":\"https:\/\/apuntesdesanluis.com\/index.php\/2023\/08\/10\/los-hermanos-detenidos-por-el-crimen-de-la-nena-de-11-anos-tienen-frondosos-antecedentes\/#article\",\"isPartOf\":{\"@id\":\"https:\/\/apuntesdesanluis.com\/index.php\/2023\/08\/10\/los-hermanos-detenidos-por-el-crimen-de-la-nena-de-11-anos-tienen-frondosos-antecedentes\/\"},\"author\":{\"name\":\"apuntesdesanluis.com\",\"@id\":\"https:\/\/apuntesdesanluis.com\/#\/schema\/person\/b55151d52296fcce64d1a72538a70b90\"},\"headline\":\"LOS HERMANOS DETENIDOS POR EL CRIMEN DE LA NENA DE 11 A\u00d1OS TIENEN FRONDOSOS ANTECEDENTES\",\"datePublished\":\"2023-08-10T03:16:48+00:00\",\"dateModified\":\"2023-08-10T03:17:36+00:00\",\"mainEntityOfPage\":{\"@id\":\"https:\/\/apuntesdesanluis.com\/index.php\/2023\/08\/10\/los-hermanos-detenidos-por-el-crimen-de-la-nena-de-11-anos-tienen-frondosos-antecedentes\/\"},\"wordCount\":577,\"publisher\":{\"@id\":\"https:\/\/apuntesdesanluis.com\/#\/schema\/person\/b55151d52296fcce64d1a72538a70b90\"},\"image\":{\"@id\":\"https:\/\/apuntesdesanluis.com\/index.php\/2023\/08\/10\/los-hermanos-detenidos-por-el-crimen-de-la-nena-de-11-anos-tienen-frondosos-antecedentes\/#primaryimage\"},\"thumbnailUrl\":\"https:\/\/apuntesdesanluis.com\/wp-content\/uploads\/2023\/08\/detenidos-1.png\",\"articleSection\":[\"Nacionales\/Internacionales\"],\"inLanguage\":\"es-AR\"},{\"@type\":\"WebPage\",\"@id\":\"https:\/\/apuntesdesanluis.com\/index.php\/2023\/08\/10\/los-hermanos-detenidos-por-el-crimen-de-la-nena-de-11-anos-tienen-frondosos-antecedentes\/\",\"url\":\"https:\/\/apuntesdesanluis.com\/index.php\/2023\/08\/10\/los-hermanos-detenidos-por-el-crimen-de-la-nena-de-11-anos-tienen-frondosos-antecedentes\/\",\"name\":\"LOS HERMANOS DETENIDOS POR EL CRIMEN DE LA NENA DE 11 A\u00d1OS TIENEN FRONDOSOS ANTECEDENTES - Apuntes de San Luis\",\"isPartOf\":{\"@id\":\"https:\/\/apuntesdesanluis.com\/#website\"},\"primaryImageOfPage\":{\"@id\":\"https:\/\/apuntesdesanluis.com\/index.php\/2023\/08\/10\/los-hermanos-detenidos-por-el-crimen-de-la-nena-de-11-anos-tienen-frondosos-antecedentes\/#primaryimage\"},\"image\":{\"@id\":\"https:\/\/apuntesdesanluis.com\/index.php\/2023\/08\/10\/los-hermanos-detenidos-por-el-crimen-de-la-nena-de-11-anos-tienen-frondosos-antecedentes\/#primaryimage\"},\"thumbnailUrl\":\"https:\/\/apuntesdesanluis.com\/wp-content\/uploads\/2023\/08\/detenidos-1.png\",\"datePublished\":\"2023-08-10T03:16:48+00:00\",\"dateModified\":\"2023-08-10T03:17:36+00:00\",\"breadcrumb\":{\"@id\":\"https:\/\/apuntesdesanluis.com\/index.php\/2023\/08\/10\/los-hermanos-detenidos-por-el-crimen-de-la-nena-de-11-anos-tienen-frondosos-antecedentes\/#breadcrumb\"},\"inLanguage\":\"es-AR\",\"potentialAction\":[{\"@type\":\"ReadAction\",\"target\":[\"https:\/\/apuntesdesanluis.com\/index.php\/2023\/08\/10\/los-hermanos-detenidos-por-el-crimen-de-la-nena-de-11-anos-tienen-frondosos-antecedentes\/\"]}]},{\"@type\":\"ImageObject\",\"inLanguage\":\"es-AR\",\"@id\":\"https:\/\/apuntesdesanluis.com\/index.php\/2023\/08\/10\/los-hermanos-detenidos-por-el-crimen-de-la-nena-de-11-anos-tienen-frondosos-antecedentes\/#primaryimage\",\"url\":\"https:\/\/apuntesdesanluis.com\/wp-content\/uploads\/2023\/08\/detenidos-1.png\",\"contentUrl\":\"https:\/\/apuntesdesanluis.com\/wp-content\/uploads\/2023\/08\/detenidos-1.png\",\"width\":687,\"height\":411},{\"@type\":\"BreadcrumbList\",\"@id\":\"https:\/\/apuntesdesanluis.com\/index.php\/2023\/08\/10\/los-hermanos-detenidos-por-el-crimen-de-la-nena-de-11-anos-tienen-frondosos-antecedentes\/#breadcrumb\",\"itemListElement\":[{\"@type\":\"ListItem\",\"position\":1,\"name\":\"Inicio\",\"item\":\"https:\/\/apuntesdesanluis.com\/\"},{\"@type\":\"ListItem\",\"position\":2,\"name\":\"LOS HERMANOS DETENIDOS POR EL CRIMEN DE LA NENA DE 11 A\u00d1OS TIENEN FRONDOSOS ANTECEDENTES\"}]},{\"@type\":\"WebSite\",\"@id\":\"https:\/\/apuntesdesanluis.com\/#website\",\"url\":\"https:\/\/apuntesdesanluis.com\/\",\"name\":\"Apuntes de San Luis\",\"description\":\"\",\"publisher\":{\"@id\":\"https:\/\/apuntesdesanluis.com\/#\/schema\/person\/b55151d52296fcce64d1a72538a70b90\"},\"potentialAction\":[{\"@type\":\"SearchAction\",\"target\":{\"@type\":\"EntryPoint\",\"urlTemplate\":\"https:\/\/apuntesdesanluis.com\/?s={search_term_string}\"},\"query-input\":{\"@type\":\"PropertyValueSpecification\",\"valueRequired\":true,\"valueName\":\"search_term_string\"}}],\"inLanguage\":\"es-AR\"},{\"@type\":[\"Person\",\"Organization\"],\"@id\":\"https:\/\/apuntesdesanluis.com\/#\/schema\/person\/b55151d52296fcce64d1a72538a70b90\",\"name\":\"apuntesdesanluis.com\",\"image\":{\"@type\":\"ImageObject\",\"inLanguage\":\"es-AR\",\"@id\":\"https:\/\/apuntesdesanluis.com\/#\/schema\/person\/image\/\",\"url\":\"https:\/\/apuntesdesanluis.com\/wp-content\/uploads\/2023\/07\/cropped-apuntesdesanluis.png\",\"contentUrl\":\"https:\/\/apuntesdesanluis.com\/wp-content\/uploads\/2023\/07\/cropped-apuntesdesanluis.png\",\"width\":450,\"height\":112,\"caption\":\"apuntesdesanluis.com\"},\"logo\":{\"@id\":\"https:\/\/apuntesdesanluis.com\/#\/schema\/person\/image\/\"},\"sameAs\":[\"https:\/\/apuntesdesanluis.com\"],\"url\":\"https:\/\/apuntesdesanluis.com\/index.php\/author\/apuntesdesanluis-com\/\"}]}<\/script>\n<!-- \/ Yoast SEO plugin. -->","yoast_head_json":{"title":"LOS HERMANOS DETENIDOS POR EL CRIMEN DE LA NENA DE 11 A\u00d1OS TIENEN FRONDOSOS ANTECEDENTES - Apuntes de San Luis","robots":{"index":"index","follow":"follow","max-snippet":"max-snippet:-1","max-image-preview":"max-image-preview:large","max-video-preview":"max-video-preview:-1"},"canonical":"https:\/\/apuntesdesanluis.com\/index.php\/2023\/08\/10\/los-hermanos-detenidos-por-el-crimen-de-la-nena-de-11-anos-tienen-frondosos-antecedentes\/","og_locale":"es_ES","og_type":"article","og_title":"LOS HERMANOS DETENIDOS POR EL CRIMEN DE LA NENA DE 11 A\u00d1OS TIENEN FRONDOSOS ANTECEDENTES - Apuntes de San Luis","og_description":"Los dos hermanos que fueron detenidos por el crimen de Morena Dom\u00ednguez, la nena de...","og_url":"https:\/\/apuntesdesanluis.com\/index.php\/2023\/08\/10\/los-hermanos-detenidos-por-el-crimen-de-la-nena-de-11-anos-tienen-frondosos-antecedentes\/","og_site_name":"Apuntes de San Luis","article_published_time":"2023-08-10T03:16:48+00:00","article_modified_time":"2023-08-10T03:17:36+00:00","og_image":[{"width":687,"height":411,"url":"https:\/\/apuntesdesanluis.com\/wp-content\/uploads\/2023\/08\/detenidos-1.png","type":"image\/png"}],"author":"apuntesdesanluis.com","twitter_card":"summary_large_image","twitter_misc":{"Escrito por":"apuntesdesanluis.com","Tiempo de lectura":"3 minutos"},"schema":{"@context":"https:\/\/schema.org","@graph":[{"@type":"Article","@id":"https:\/\/apuntesdesanluis.com\/index.php\/2023\/08\/10\/los-hermanos-detenidos-por-el-crimen-de-la-nena-de-11-anos-tienen-frondosos-antecedentes\/#article","isPartOf":{"@id":"https:\/\/apuntesdesanluis.com\/index.php\/2023\/08\/10\/los-hermanos-detenidos-por-el-crimen-de-la-nena-de-11-anos-tienen-frondosos-antecedentes\/"},"author":{"name":"apuntesdesanluis.com","@id":"https:\/\/apuntesdesanluis.com\/#\/schema\/person\/b55151d52296fcce64d1a72538a70b90"},"headline":"LOS HERMANOS DETENIDOS POR EL CRIMEN DE LA NENA DE 11 A\u00d1OS TIENEN FRONDOSOS ANTECEDENTES","datePublished":"2023-08-10T03:16:48+00:00","dateModified":"2023-08-10T03:17:36+00:00","mainEntityOfPage":{"@id":"https:\/\/apuntesdesanluis.com\/index.php\/2023\/08\/10\/los-hermanos-detenidos-por-el-crimen-de-la-nena-de-11-anos-tienen-frondosos-antecedentes\/"},"wordCount":577,"publisher":{"@id":"https:\/\/apuntesdesanluis.com\/#\/schema\/person\/b55151d52296fcce64d1a72538a70b90"},"image":{"@id":"https:\/\/apuntesdesanluis.com\/index.php\/2023\/08\/10\/los-hermanos-detenidos-por-el-crimen-de-la-nena-de-11-anos-tienen-frondosos-antecedentes\/#primaryimage"},"thumbnailUrl":"https:\/\/apuntesdesanluis.com\/wp-content\/uploads\/2023\/08\/detenidos-1.png","articleSection":["Nacionales\/Internacionales"],"inLanguage":"es-AR"},{"@type":"WebPage","@id":"https:\/\/apuntesdesanluis.com\/index.php\/2023\/08\/10\/los-hermanos-detenidos-por-el-crimen-de-la-nena-de-11-anos-tienen-frondosos-antecedentes\/","url":"https:\/\/apuntesdesanluis.com\/index.php\/2023\/08\/10\/los-hermanos-detenidos-por-el-crimen-de-la-nena-de-11-anos-tienen-frondosos-antecedentes\/","name":"LOS HERMANOS DETENIDOS POR EL CRIMEN DE LA NENA DE 11 A\u00d1OS TIENEN FRONDOSOS ANTECEDENTES - Apuntes de San Luis","isPartOf":{"@id":"https:\/\/apuntesdesanluis.com\/#website"},"primaryImageOfPage":{"@id":"https:\/\/apuntesdesanluis.com\/index.php\/2023\/08\/10\/los-hermanos-detenidos-por-el-crimen-de-la-nena-de-11-anos-tienen-frondosos-antecedentes\/#primaryimage"},"image":{"@id":"https:\/\/apuntesdesanluis.com\/index.php\/2023\/08\/10\/los-hermanos-detenidos-por-el-crimen-de-la-nena-de-11-anos-tienen-frondosos-antecedentes\/#primaryimage"},"thumbnailUrl":"https:\/\/apuntesdesanluis.com\/wp-content\/uploads\/2023\/08\/detenidos-1.png","datePublished":"2023-08-10T03:16:48+00:00","dateModified":"2023-08-10T03:17:36+00:00","breadcrumb":{"@id":"https:\/\/apuntesdesanluis.com\/index.php\/2023\/08\/10\/los-hermanos-detenidos-por-el-crimen-de-la-nena-de-11-anos-tienen-frondosos-antecedentes\/#breadcrumb"},"inLanguage":"es-AR","potentialAction":[{"@type":"ReadAction","target":["https:\/\/apuntesdesanluis.com\/index.php\/2023\/08\/10\/los-hermanos-detenidos-por-el-crimen-de-la-nena-de-11-anos-tienen-frondosos-antecedentes\/"]}]},{"@type":"ImageObject","inLanguage":"es-AR","@id":"https:\/\/apuntesdesanluis.com\/index.php\/2023\/08\/10\/los-hermanos-detenidos-por-el-crimen-de-la-nena-de-11-anos-tienen-frondosos-antecedentes\/#primaryimage","url":"https:\/\/apuntesdesanluis.com\/wp-content\/uploads\/2023\/08\/detenidos-1.png","contentUrl":"https:\/\/apuntesdesanluis.com\/wp-content\/uploads\/2023\/08\/detenidos-1.png","width":687,"height":411},{"@type":"BreadcrumbList","@id":"https:\/\/apuntesdesanluis.com\/index.php\/2023\/08\/10\/los-hermanos-detenidos-por-el-crimen-de-la-nena-de-11-anos-tienen-frondosos-antecedentes\/#breadcrumb","itemListElement":[{"@type":"ListItem","position":1,"name":"Inicio","item":"https:\/\/apuntesdesanluis.com\/"},{"@type":"ListItem","position":2,"name":"LOS HERMANOS DETENIDOS POR EL CRIMEN DE LA NENA DE 11 A\u00d1OS TIENEN FRONDOSOS ANTECEDENTES"}]},{"@type":"WebSite","@id":"https:\/\/apuntesdesanluis.com\/#website","url":"https:\/\/apuntesdesanluis.com\/","name":"Apuntes de San Luis","description":"","publisher":{"@id":"https:\/\/apuntesdesanluis.com\/#\/schema\/person\/b55151d52296fcce64d1a72538a70b90"},"potentialAction":[{"@type":"SearchAction","target":{"@type":"EntryPoint","urlTemplate":"https:\/\/apuntesdesanluis.com\/?s={search_term_string}"},"query-input":{"@type":"PropertyValueSpecification","valueRequired":true,"valueName":"search_term_string"}}],"inLanguage":"es-AR"},{"@type":["Person","Organization"],"@id":"https:\/\/apuntesdesanluis.com\/#\/schema\/person\/b55151d52296fcce64d1a72538a70b90","name":"apuntesdesanluis.com","image":{"@type":"ImageObject","inLanguage":"es-AR","@id":"https:\/\/apuntesdesanluis.com\/#\/schema\/person\/image\/","url":"https:\/\/apuntesdesanluis.com\/wp-content\/uploads\/2023\/07\/cropped-apuntesdesanluis.png","contentUrl":"https:\/\/apuntesdesanluis.com\/wp-content\/uploads\/2023\/07\/cropped-apuntesdesanluis.png","width":450,"height":112,"caption":"apuntesdesanluis.com"},"logo":{"@id":"https:\/\/apuntesdesanluis.com\/#\/schema\/person\/image\/"},"sameAs":["https:\/\/apuntesdesanluis.com"],"url":"https:\/\/apuntesdesanluis.com\/index.php\/author\/apuntesdesanluis-com\/"}]}},"featured_image_urls":{"full":["https:\/\/apuntesdesanluis.com\/wp-content\/uploads\/2023\/08\/detenidos-1.png",687,411,false],"thumbnail":["https:\/\/apuntesdesanluis.com\/wp-content\/uploads\/2023\/08\/detenidos-1-150x150.png",150,150,true],"medium":["https:\/\/apuntesdesanluis.com\/wp-content\/uploads\/2023\/08\/detenidos-1-300x179.png",300,179,true],"medium_large":["https:\/\/apuntesdesanluis.com\/wp-content\/uploads\/2023\/08\/detenidos-1.png",640,383,false],"large":["https:\/\/apuntesdesanluis.com\/wp-content\/uploads\/2023\/08\/detenidos-1.png",640,383,false],"1536x1536":["https:\/\/apuntesdesanluis.com\/wp-content\/uploads\/2023\/08\/detenidos-1.png",687,411,false],"2048x2048":["https:\/\/apuntesdesanluis.com\/wp-content\/uploads\/2023\/08\/detenidos-1.png",687,411,false],"newsever-slider-full":["https:\/\/apuntesdesanluis.com\/wp-content\/uploads\/2023\/08\/detenidos-1.png",687,411,false],"newsever-featured":["https:\/\/apuntesdesanluis.com\/wp-content\/uploads\/2023\/08\/detenidos-1.png",687,411,false],"newsever-medium":["https:\/\/apuntesdesanluis.com\/wp-content\/uploads\/2023\/08\/detenidos-1.png",687,411,false]},"author_info":{"display_name":"apuntesdesanluis.com","author_link":"https:\/\/apuntesdesanluis.com\/index.php\/author\/apuntesdesanluis-com\/"},"category_info":"<a href=\"https:\/\/apuntesdesanluis.com\/index.php\/category\/nacionales-internacionales\/\" rel=\"category tag\">Nacionales\/Internacionales<\/a>","tag_info":"Nacionales\/Internacionales","comment_count":"0","_links":{"self":[{"href":"https:\/\/apuntesdesanluis.com\/index.php\/wp-json\/wp\/v2\/posts\/1373","targetHints":{"allow":["GET"]}}],"collection":[{"href":"https:\/\/apuntesdesanluis.com\/index.php\/wp-json\/wp\/v2\/posts"}],"about":[{"href":"https:\/\/apuntesdesanluis.com\/index.php\/wp-json\/wp\/v2\/types\/post"}],"author":[{"embeddable":true,"href":"https:\/\/apuntesdesanluis.com\/index.php\/wp-json\/wp\/v2\/users\/1"}],"replies":[{"embeddable":true,"href":"https:\/\/apuntesdesanluis.com\/index.php\/wp-json\/wp\/v2\/comments?post=1373"}],"version-history":[{"count":2,"href":"https:\/\/apuntesdesanluis.com\/index.php\/wp-json\/wp\/v2\/posts\/1373\/revisions"}],"predecessor-version":[{"id":1377,"href":"https:\/\/apuntesdesanluis.com\/index.php\/wp-json\/wp\/v2\/posts\/1373\/revisions\/1377"}],"wp:featuredmedia":[{"embeddable":true,"href":"https:\/\/apuntesdesanluis.com\/index.php\/wp-json\/wp\/v2\/media\/1375"}],"wp:attachment":[{"href":"https:\/\/apuntesdesanluis.com\/index.php\/wp-json\/wp\/v2\/media?parent=1373"}],"wp:term":[{"taxonomy":"category","embeddable":true,"href":"https:\/\/apuntesdesanluis.com\/index.php\/wp-json\/wp\/v2\/categories?post=1373"},{"taxonomy":"post_tag","embeddable":true,"href":"https:\/\/apuntesdesanluis.com\/index.php\/wp-json\/wp\/v2\/tags?post=1373"}],"curies":[{"name":"wp","href":"https:\/\/api.w.org\/{rel}","templated":true}]}}