{"id":13745,"date":"2024-03-26T09:44:42","date_gmt":"2024-03-26T12:44:42","guid":{"rendered":"https:\/\/apuntesdesanluis.com\/?p=13745"},"modified":"2024-03-26T09:44:42","modified_gmt":"2024-03-26T12:44:42","slug":"la-uba-lanzo-una-campana-de-firmas-para-frenar-el-ajuste-de-milei","status":"publish","type":"post","link":"https:\/\/apuntesdesanluis.com\/index.php\/2024\/03\/26\/la-uba-lanzo-una-campana-de-firmas-para-frenar-el-ajuste-de-milei\/","title":{"rendered":"LA UBA LANZ\u00d3 UNA CAMPA\u00d1A DE FIRMAS PARA FRENAR EL AJUSTE DE MILEI"},"content":{"rendered":"<h3>El Consejo Superior de la <strong>Universidad de Buenos Aires<\/strong> alert\u00f3 por los recortes presupuestarios, que ponen en riesgo la continuidad de servicios acad\u00e9micos y sanitarios esenciales. Con una inflaci\u00f3n del 276% desde octubre de 2022, el gobierno nacional no actualiz\u00f3 el presupuesto y la situaci\u00f3n es dram\u00e1tica.<\/h3>\n<h3>Las autoridades de la Universidad de Buenos Aires (UBA) volvieron a mostrar su preocupaci\u00f3n por la falta de presupuesto para garantizar la continuidad de sus funciones en docencia, investigaci\u00f3n, salud y extensi\u00f3n; as\u00ed como las actividades a desarrollar en el \u00e1mbito de sus Facultades, de sus Colegios preuniversitarios, Hospitales y en todas sus instalaciones universitarias.<\/h3>\n<h3>Frente a ello y bajo el lema \u201cCuidemos lo que funciona. #SomosUBA\u201d lanzaron una campa\u00f1a de recolecci\u00f3n de firmas contra la pol\u00edtica de recorte de fondos impulsada por el Gobierno de Javier Milei, a la que se puede acceder desde este link, y un video institucional para concientizar sobre la importancia y el valor acad\u00e9mico de la UBA.<\/h3>\n<p><iframe title=\"Cuidemos lo que funciona. Cuidemos la UBA.\" width=\"640\" height=\"360\" src=\"https:\/\/www.youtube.com\/embed\/7yxAhr_d1-g?feature=oembed\" frameborder=\"0\" allow=\"accelerometer; autoplay; clipboard-write; encrypted-media; gyroscope; picture-in-picture; web-share\" referrerpolicy=\"strict-origin-when-cross-origin\" allowfullscreen><\/iframe><\/p>\n<h3>\u201cSi el Gobierno sigue con esta pol\u00edtica de no autorizar los fondos, a medida que vaya pasando el tiempo, la UBA va a tener que dejar hacer muchas de las cosas que hace. Hay centros de investigaci\u00f3n como el Cero + Infinito, de Exactas, que el Gobierno decidi\u00f3 cortar unilateralmente un convenio para financiar el mantenimiento por los primeros 10 a\u00f1os. Hoy esas son las cosas que empiezan a crujir su funcionamiento, como los laboratorios, los centros de investigaci\u00f3n\u201d, indic\u00f3 el vicerrector de la Universidad de Buenos Aires y dirigente del radicalismo, <strong>Emiliano Yacobitti<\/strong>.<\/h3>\n<h3>En los documentos que subieron desde la Universidad de Buenos Aires hay una comparaci\u00f3n de cu\u00e1nto dinero invierte el Estado para financiar a los estudiantes. La Universidad Aut\u00f3noma de M\u00e9xico invierte 7.968 d\u00f3lares por alumno, la Universidad de San Pablo 15 mil d\u00f3lares por a\u00f1o, mientras que el estado argentino aporta 1.123 d\u00f3lares.<\/h3>\n<h3>El principal problema es que el presupuesto que reciben las universidades para su funcionamiento fue aprobado a fines de 2022. Para 2024 se aplica el mismo presupuesto, explic\u00f3.<\/h3>\n<h3><img fetchpriority=\"high\" decoding=\"async\" class=\"wp-image-13746 aligncenter\" src=\"https:\/\/apuntesdesanluis.com\/wp-content\/uploads\/2024\/03\/financiamiento-300x173.png\" alt=\"\" width=\"512\" height=\"295\" srcset=\"https:\/\/apuntesdesanluis.com\/wp-content\/uploads\/2024\/03\/financiamiento-300x173.png 300w, https:\/\/apuntesdesanluis.com\/wp-content\/uploads\/2024\/03\/financiamiento.png 600w\" sizes=\"(max-width: 512px) 100vw, 512px\" \/><\/h3>\n<h4 style=\"text-align: center;\"><em>La inversi\u00f3n per c\u00e1pita en educaci\u00f3n superior. Fuente: UBA<\/em><\/h4>\n<h3>D\u00edas atr\u00e1s, el Consejo Superior de la Universidad de Buenos Aires realiz\u00f3 una sesi\u00f3n extraordinaria en la que manifest\u00f3 &#8220;extrema preocupaci\u00f3n&#8221; por la situaci\u00f3n de la casa de altos estudios. En un comunicado, exigieron una actualizaci\u00f3n, acorde a la crisis, del presupuesto que se destina a los gastos para el funcionamiento de la instituci\u00f3n, por lo que piden una actualizaci\u00f3n de partidas vinculadas a salud, paritarias docentes e investigaci\u00f3n.<\/h3>\n<h3>La UBA pidi\u00f3 &#8220;la actualizaci\u00f3n del presupuesto destinado a los gastos de funcionamiento de la Universidad, as\u00ed como tambi\u00e9n la asignaci\u00f3n y actualizaci\u00f3n de las partidas vinculadas a la funci\u00f3n salud, vitales para el funcionamiento de los Institutos Asistenciales&#8221;.<\/h3>\n<p>&nbsp;<\/p>\n<p>&nbsp;<\/p>\n<p>&nbsp;<\/p>\n<p>&nbsp;<\/p>\n","protected":false},"excerpt":{"rendered":"<p>El Consejo Superior de la Universidad de Buenos Aires alert\u00f3 por los recortes presupuestarios, que&#8230;<\/p>\n","protected":false},"author":1,"featured_media":2532,"comment_status":"closed","ping_status":"closed","sticky":false,"template":"","format":"standard","meta":{"footnotes":""},"categories":[5],"tags":[],"class_list":["post-13745","post","type-post","status-publish","format-standard","has-post-thumbnail","hentry","category-nacionales-internacionales"],"yoast_head":"<!-- This site is optimized with the Yoast SEO plugin v26.1.1 - https:\/\/yoast.com\/wordpress\/plugins\/seo\/ -->\n<title>LA UBA LANZ\u00d3 UNA CAMPA\u00d1A DE FIRMAS PARA FRENAR EL AJUSTE DE MILEI - Apuntes de San Luis<\/title>\n<meta name=\"robots\" content=\"index, follow, max-snippet:-1, max-image-preview:large, max-video-preview:-1\" \/>\n<link rel=\"canonical\" href=\"https:\/\/apuntesdesanluis.com\/index.php\/2024\/03\/26\/la-uba-lanzo-una-campana-de-firmas-para-frenar-el-ajuste-de-milei\/\" \/>\n<meta property=\"og:locale\" content=\"es_ES\" \/>\n<meta property=\"og:type\" content=\"article\" \/>\n<meta property=\"og:title\" content=\"LA UBA LANZ\u00d3 UNA CAMPA\u00d1A DE FIRMAS PARA FRENAR EL AJUSTE DE MILEI - Apuntes de San Luis\" \/>\n<meta property=\"og:description\" content=\"El Consejo Superior de la Universidad de Buenos Aires alert\u00f3 por los recortes presupuestarios, que...\" \/>\n<meta property=\"og:url\" content=\"https:\/\/apuntesdesanluis.com\/index.php\/2024\/03\/26\/la-uba-lanzo-una-campana-de-firmas-para-frenar-el-ajuste-de-milei\/\" \/>\n<meta property=\"og:site_name\" content=\"Apuntes de San Luis\" \/>\n<meta property=\"article:published_time\" content=\"2024-03-26T12:44:42+00:00\" \/>\n<meta property=\"og:image\" content=\"https:\/\/apuntesdesanluis.com\/wp-content\/uploads\/2023\/09\/UBA.png\" \/>\n\t<meta property=\"og:image:width\" content=\"838\" \/>\n\t<meta property=\"og:image:height\" content=\"495\" \/>\n\t<meta property=\"og:image:type\" content=\"image\/png\" \/>\n<meta name=\"author\" content=\"apuntesdesanluis.com\" \/>\n<meta name=\"twitter:card\" content=\"summary_large_image\" \/>\n<meta name=\"twitter:label1\" content=\"Escrito por\" \/>\n\t<meta name=\"twitter:data1\" content=\"apuntesdesanluis.com\" \/>\n\t<meta name=\"twitter:label2\" content=\"Tiempo de lectura\" \/>\n\t<meta name=\"twitter:data2\" content=\"3 minutos\" \/>\n<script type=\"application\/ld+json\" class=\"yoast-schema-graph\">{\"@context\":\"https:\/\/schema.org\",\"@graph\":[{\"@type\":\"Article\",\"@id\":\"https:\/\/apuntesdesanluis.com\/index.php\/2024\/03\/26\/la-uba-lanzo-una-campana-de-firmas-para-frenar-el-ajuste-de-milei\/#article\",\"isPartOf\":{\"@id\":\"https:\/\/apuntesdesanluis.com\/index.php\/2024\/03\/26\/la-uba-lanzo-una-campana-de-firmas-para-frenar-el-ajuste-de-milei\/\"},\"author\":{\"name\":\"apuntesdesanluis.com\",\"@id\":\"https:\/\/apuntesdesanluis.com\/#\/schema\/person\/b55151d52296fcce64d1a72538a70b90\"},\"headline\":\"LA UBA LANZ\u00d3 UNA CAMPA\u00d1A DE FIRMAS PARA FRENAR EL AJUSTE DE MILEI\",\"datePublished\":\"2024-03-26T12:44:42+00:00\",\"mainEntityOfPage\":{\"@id\":\"https:\/\/apuntesdesanluis.com\/index.php\/2024\/03\/26\/la-uba-lanzo-una-campana-de-firmas-para-frenar-el-ajuste-de-milei\/\"},\"wordCount\":512,\"publisher\":{\"@id\":\"https:\/\/apuntesdesanluis.com\/#\/schema\/person\/b55151d52296fcce64d1a72538a70b90\"},\"image\":{\"@id\":\"https:\/\/apuntesdesanluis.com\/index.php\/2024\/03\/26\/la-uba-lanzo-una-campana-de-firmas-para-frenar-el-ajuste-de-milei\/#primaryimage\"},\"thumbnailUrl\":\"https:\/\/apuntesdesanluis.com\/wp-content\/uploads\/2023\/09\/UBA.png\",\"articleSection\":[\"Nacionales\/Internacionales\"],\"inLanguage\":\"es-AR\"},{\"@type\":\"WebPage\",\"@id\":\"https:\/\/apuntesdesanluis.com\/index.php\/2024\/03\/26\/la-uba-lanzo-una-campana-de-firmas-para-frenar-el-ajuste-de-milei\/\",\"url\":\"https:\/\/apuntesdesanluis.com\/index.php\/2024\/03\/26\/la-uba-lanzo-una-campana-de-firmas-para-frenar-el-ajuste-de-milei\/\",\"name\":\"LA UBA LANZ\u00d3 UNA CAMPA\u00d1A DE FIRMAS PARA FRENAR EL AJUSTE DE MILEI - Apuntes de San Luis\",\"isPartOf\":{\"@id\":\"https:\/\/apuntesdesanluis.com\/#website\"},\"primaryImageOfPage\":{\"@id\":\"https:\/\/apuntesdesanluis.com\/index.php\/2024\/03\/26\/la-uba-lanzo-una-campana-de-firmas-para-frenar-el-ajuste-de-milei\/#primaryimage\"},\"image\":{\"@id\":\"https:\/\/apuntesdesanluis.com\/index.php\/2024\/03\/26\/la-uba-lanzo-una-campana-de-firmas-para-frenar-el-ajuste-de-milei\/#primaryimage\"},\"thumbnailUrl\":\"https:\/\/apuntesdesanluis.com\/wp-content\/uploads\/2023\/09\/UBA.png\",\"datePublished\":\"2024-03-26T12:44:42+00:00\",\"breadcrumb\":{\"@id\":\"https:\/\/apuntesdesanluis.com\/index.php\/2024\/03\/26\/la-uba-lanzo-una-campana-de-firmas-para-frenar-el-ajuste-de-milei\/#breadcrumb\"},\"inLanguage\":\"es-AR\",\"potentialAction\":[{\"@type\":\"ReadAction\",\"target\":[\"https:\/\/apuntesdesanluis.com\/index.php\/2024\/03\/26\/la-uba-lanzo-una-campana-de-firmas-para-frenar-el-ajuste-de-milei\/\"]}]},{\"@type\":\"ImageObject\",\"inLanguage\":\"es-AR\",\"@id\":\"https:\/\/apuntesdesanluis.com\/index.php\/2024\/03\/26\/la-uba-lanzo-una-campana-de-firmas-para-frenar-el-ajuste-de-milei\/#primaryimage\",\"url\":\"https:\/\/apuntesdesanluis.com\/wp-content\/uploads\/2023\/09\/UBA.png\",\"contentUrl\":\"https:\/\/apuntesdesanluis.com\/wp-content\/uploads\/2023\/09\/UBA.png\",\"width\":838,\"height\":495},{\"@type\":\"BreadcrumbList\",\"@id\":\"https:\/\/apuntesdesanluis.com\/index.php\/2024\/03\/26\/la-uba-lanzo-una-campana-de-firmas-para-frenar-el-ajuste-de-milei\/#breadcrumb\",\"itemListElement\":[{\"@type\":\"ListItem\",\"position\":1,\"name\":\"Inicio\",\"item\":\"https:\/\/apuntesdesanluis.com\/\"},{\"@type\":\"ListItem\",\"position\":2,\"name\":\"LA UBA LANZ\u00d3 UNA CAMPA\u00d1A DE FIRMAS PARA FRENAR EL AJUSTE DE MILEI\"}]},{\"@type\":\"WebSite\",\"@id\":\"https:\/\/apuntesdesanluis.com\/#website\",\"url\":\"https:\/\/apuntesdesanluis.com\/\",\"name\":\"Apuntes de San Luis\",\"description\":\"\",\"publisher\":{\"@id\":\"https:\/\/apuntesdesanluis.com\/#\/schema\/person\/b55151d52296fcce64d1a72538a70b90\"},\"potentialAction\":[{\"@type\":\"SearchAction\",\"target\":{\"@type\":\"EntryPoint\",\"urlTemplate\":\"https:\/\/apuntesdesanluis.com\/?s={search_term_string}\"},\"query-input\":{\"@type\":\"PropertyValueSpecification\",\"valueRequired\":true,\"valueName\":\"search_term_string\"}}],\"inLanguage\":\"es-AR\"},{\"@type\":[\"Person\",\"Organization\"],\"@id\":\"https:\/\/apuntesdesanluis.com\/#\/schema\/person\/b55151d52296fcce64d1a72538a70b90\",\"name\":\"apuntesdesanluis.com\",\"image\":{\"@type\":\"ImageObject\",\"inLanguage\":\"es-AR\",\"@id\":\"https:\/\/apuntesdesanluis.com\/#\/schema\/person\/image\/\",\"url\":\"https:\/\/apuntesdesanluis.com\/wp-content\/uploads\/2023\/07\/cropped-apuntesdesanluis.png\",\"contentUrl\":\"https:\/\/apuntesdesanluis.com\/wp-content\/uploads\/2023\/07\/cropped-apuntesdesanluis.png\",\"width\":450,\"height\":112,\"caption\":\"apuntesdesanluis.com\"},\"logo\":{\"@id\":\"https:\/\/apuntesdesanluis.com\/#\/schema\/person\/image\/\"},\"sameAs\":[\"https:\/\/apuntesdesanluis.com\"],\"url\":\"https:\/\/apuntesdesanluis.com\/index.php\/author\/apuntesdesanluis-com\/\"}]}<\/script>\n<!-- \/ Yoast SEO plugin. -->","yoast_head_json":{"title":"LA UBA LANZ\u00d3 UNA CAMPA\u00d1A DE FIRMAS PARA FRENAR EL AJUSTE DE MILEI - Apuntes de San Luis","robots":{"index":"index","follow":"follow","max-snippet":"max-snippet:-1","max-image-preview":"max-image-preview:large","max-video-preview":"max-video-preview:-1"},"canonical":"https:\/\/apuntesdesanluis.com\/index.php\/2024\/03\/26\/la-uba-lanzo-una-campana-de-firmas-para-frenar-el-ajuste-de-milei\/","og_locale":"es_ES","og_type":"article","og_title":"LA UBA LANZ\u00d3 UNA CAMPA\u00d1A DE FIRMAS PARA FRENAR EL AJUSTE DE MILEI - Apuntes de San Luis","og_description":"El Consejo Superior de la Universidad de Buenos Aires alert\u00f3 por los recortes presupuestarios, que...","og_url":"https:\/\/apuntesdesanluis.com\/index.php\/2024\/03\/26\/la-uba-lanzo-una-campana-de-firmas-para-frenar-el-ajuste-de-milei\/","og_site_name":"Apuntes de San Luis","article_published_time":"2024-03-26T12:44:42+00:00","og_image":[{"width":838,"height":495,"url":"https:\/\/apuntesdesanluis.com\/wp-content\/uploads\/2023\/09\/UBA.png","type":"image\/png"}],"author":"apuntesdesanluis.com","twitter_card":"summary_large_image","twitter_misc":{"Escrito por":"apuntesdesanluis.com","Tiempo de lectura":"3 minutos"},"schema":{"@context":"https:\/\/schema.org","@graph":[{"@type":"Article","@id":"https:\/\/apuntesdesanluis.com\/index.php\/2024\/03\/26\/la-uba-lanzo-una-campana-de-firmas-para-frenar-el-ajuste-de-milei\/#article","isPartOf":{"@id":"https:\/\/apuntesdesanluis.com\/index.php\/2024\/03\/26\/la-uba-lanzo-una-campana-de-firmas-para-frenar-el-ajuste-de-milei\/"},"author":{"name":"apuntesdesanluis.com","@id":"https:\/\/apuntesdesanluis.com\/#\/schema\/person\/b55151d52296fcce64d1a72538a70b90"},"headline":"LA UBA LANZ\u00d3 UNA CAMPA\u00d1A DE FIRMAS PARA FRENAR EL AJUSTE DE MILEI","datePublished":"2024-03-26T12:44:42+00:00","mainEntityOfPage":{"@id":"https:\/\/apuntesdesanluis.com\/index.php\/2024\/03\/26\/la-uba-lanzo-una-campana-de-firmas-para-frenar-el-ajuste-de-milei\/"},"wordCount":512,"publisher":{"@id":"https:\/\/apuntesdesanluis.com\/#\/schema\/person\/b55151d52296fcce64d1a72538a70b90"},"image":{"@id":"https:\/\/apuntesdesanluis.com\/index.php\/2024\/03\/26\/la-uba-lanzo-una-campana-de-firmas-para-frenar-el-ajuste-de-milei\/#primaryimage"},"thumbnailUrl":"https:\/\/apuntesdesanluis.com\/wp-content\/uploads\/2023\/09\/UBA.png","articleSection":["Nacionales\/Internacionales"],"inLanguage":"es-AR"},{"@type":"WebPage","@id":"https:\/\/apuntesdesanluis.com\/index.php\/2024\/03\/26\/la-uba-lanzo-una-campana-de-firmas-para-frenar-el-ajuste-de-milei\/","url":"https:\/\/apuntesdesanluis.com\/index.php\/2024\/03\/26\/la-uba-lanzo-una-campana-de-firmas-para-frenar-el-ajuste-de-milei\/","name":"LA UBA LANZ\u00d3 UNA CAMPA\u00d1A DE FIRMAS PARA FRENAR EL AJUSTE DE MILEI - Apuntes de San Luis","isPartOf":{"@id":"https:\/\/apuntesdesanluis.com\/#website"},"primaryImageOfPage":{"@id":"https:\/\/apuntesdesanluis.com\/index.php\/2024\/03\/26\/la-uba-lanzo-una-campana-de-firmas-para-frenar-el-ajuste-de-milei\/#primaryimage"},"image":{"@id":"https:\/\/apuntesdesanluis.com\/index.php\/2024\/03\/26\/la-uba-lanzo-una-campana-de-firmas-para-frenar-el-ajuste-de-milei\/#primaryimage"},"thumbnailUrl":"https:\/\/apuntesdesanluis.com\/wp-content\/uploads\/2023\/09\/UBA.png","datePublished":"2024-03-26T12:44:42+00:00","breadcrumb":{"@id":"https:\/\/apuntesdesanluis.com\/index.php\/2024\/03\/26\/la-uba-lanzo-una-campana-de-firmas-para-frenar-el-ajuste-de-milei\/#breadcrumb"},"inLanguage":"es-AR","potentialAction":[{"@type":"ReadAction","target":["https:\/\/apuntesdesanluis.com\/index.php\/2024\/03\/26\/la-uba-lanzo-una-campana-de-firmas-para-frenar-el-ajuste-de-milei\/"]}]},{"@type":"ImageObject","inLanguage":"es-AR","@id":"https:\/\/apuntesdesanluis.com\/index.php\/2024\/03\/26\/la-uba-lanzo-una-campana-de-firmas-para-frenar-el-ajuste-de-milei\/#primaryimage","url":"https:\/\/apuntesdesanluis.com\/wp-content\/uploads\/2023\/09\/UBA.png","contentUrl":"https:\/\/apuntesdesanluis.com\/wp-content\/uploads\/2023\/09\/UBA.png","width":838,"height":495},{"@type":"BreadcrumbList","@id":"https:\/\/apuntesdesanluis.com\/index.php\/2024\/03\/26\/la-uba-lanzo-una-campana-de-firmas-para-frenar-el-ajuste-de-milei\/#breadcrumb","itemListElement":[{"@type":"ListItem","position":1,"name":"Inicio","item":"https:\/\/apuntesdesanluis.com\/"},{"@type":"ListItem","position":2,"name":"LA UBA LANZ\u00d3 UNA CAMPA\u00d1A DE FIRMAS PARA FRENAR EL AJUSTE DE MILEI"}]},{"@type":"WebSite","@id":"https:\/\/apuntesdesanluis.com\/#website","url":"https:\/\/apuntesdesanluis.com\/","name":"Apuntes de San Luis","description":"","publisher":{"@id":"https:\/\/apuntesdesanluis.com\/#\/schema\/person\/b55151d52296fcce64d1a72538a70b90"},"potentialAction":[{"@type":"SearchAction","target":{"@type":"EntryPoint","urlTemplate":"https:\/\/apuntesdesanluis.com\/?s={search_term_string}"},"query-input":{"@type":"PropertyValueSpecification","valueRequired":true,"valueName":"search_term_string"}}],"inLanguage":"es-AR"},{"@type":["Person","Organization"],"@id":"https:\/\/apuntesdesanluis.com\/#\/schema\/person\/b55151d52296fcce64d1a72538a70b90","name":"apuntesdesanluis.com","image":{"@type":"ImageObject","inLanguage":"es-AR","@id":"https:\/\/apuntesdesanluis.com\/#\/schema\/person\/image\/","url":"https:\/\/apuntesdesanluis.com\/wp-content\/uploads\/2023\/07\/cropped-apuntesdesanluis.png","contentUrl":"https:\/\/apuntesdesanluis.com\/wp-content\/uploads\/2023\/07\/cropped-apuntesdesanluis.png","width":450,"height":112,"caption":"apuntesdesanluis.com"},"logo":{"@id":"https:\/\/apuntesdesanluis.com\/#\/schema\/person\/image\/"},"sameAs":["https:\/\/apuntesdesanluis.com"],"url":"https:\/\/apuntesdesanluis.com\/index.php\/author\/apuntesdesanluis-com\/"}]}},"featured_image_urls":{"full":["https:\/\/apuntesdesanluis.com\/wp-content\/uploads\/2023\/09\/UBA.png",838,495,false],"thumbnail":["https:\/\/apuntesdesanluis.com\/wp-content\/uploads\/2023\/09\/UBA-150x150.png",150,150,true],"medium":["https:\/\/apuntesdesanluis.com\/wp-content\/uploads\/2023\/09\/UBA-300x177.png",300,177,true],"medium_large":["https:\/\/apuntesdesanluis.com\/wp-content\/uploads\/2023\/09\/UBA-768x454.png",640,378,true],"large":["https:\/\/apuntesdesanluis.com\/wp-content\/uploads\/2023\/09\/UBA.png",640,378,false],"1536x1536":["https:\/\/apuntesdesanluis.com\/wp-content\/uploads\/2023\/09\/UBA.png",838,495,false],"2048x2048":["https:\/\/apuntesdesanluis.com\/wp-content\/uploads\/2023\/09\/UBA.png",838,495,false],"newsever-slider-full":["https:\/\/apuntesdesanluis.com\/wp-content\/uploads\/2023\/09\/UBA.png",838,495,false],"newsever-featured":["https:\/\/apuntesdesanluis.com\/wp-content\/uploads\/2023\/09\/UBA.png",838,495,false],"newsever-medium":["https:\/\/apuntesdesanluis.com\/wp-content\/uploads\/2023\/09\/UBA-720x475.png",720,475,true]},"author_info":{"display_name":"apuntesdesanluis.com","author_link":"https:\/\/apuntesdesanluis.com\/index.php\/author\/apuntesdesanluis-com\/"},"category_info":"<a href=\"https:\/\/apuntesdesanluis.com\/index.php\/category\/nacionales-internacionales\/\" rel=\"category tag\">Nacionales\/Internacionales<\/a>","tag_info":"Nacionales\/Internacionales","comment_count":"0","_links":{"self":[{"href":"https:\/\/apuntesdesanluis.com\/index.php\/wp-json\/wp\/v2\/posts\/13745","targetHints":{"allow":["GET"]}}],"collection":[{"href":"https:\/\/apuntesdesanluis.com\/index.php\/wp-json\/wp\/v2\/posts"}],"about":[{"href":"https:\/\/apuntesdesanluis.com\/index.php\/wp-json\/wp\/v2\/types\/post"}],"author":[{"embeddable":true,"href":"https:\/\/apuntesdesanluis.com\/index.php\/wp-json\/wp\/v2\/users\/1"}],"replies":[{"embeddable":true,"href":"https:\/\/apuntesdesanluis.com\/index.php\/wp-json\/wp\/v2\/comments?post=13745"}],"version-history":[{"count":1,"href":"https:\/\/apuntesdesanluis.com\/index.php\/wp-json\/wp\/v2\/posts\/13745\/revisions"}],"predecessor-version":[{"id":13747,"href":"https:\/\/apuntesdesanluis.com\/index.php\/wp-json\/wp\/v2\/posts\/13745\/revisions\/13747"}],"wp:featuredmedia":[{"embeddable":true,"href":"https:\/\/apuntesdesanluis.com\/index.php\/wp-json\/wp\/v2\/media\/2532"}],"wp:attachment":[{"href":"https:\/\/apuntesdesanluis.com\/index.php\/wp-json\/wp\/v2\/media?parent=13745"}],"wp:term":[{"taxonomy":"category","embeddable":true,"href":"https:\/\/apuntesdesanluis.com\/index.php\/wp-json\/wp\/v2\/categories?post=13745"},{"taxonomy":"post_tag","embeddable":true,"href":"https:\/\/apuntesdesanluis.com\/index.php\/wp-json\/wp\/v2\/tags?post=13745"}],"curies":[{"name":"wp","href":"https:\/\/api.w.org\/{rel}","templated":true}]}}