{"id":13757,"date":"2024-03-26T19:08:12","date_gmt":"2024-03-26T22:08:12","guid":{"rendered":"https:\/\/apuntesdesanluis.com\/?p=13757"},"modified":"2024-03-26T19:08:12","modified_gmt":"2024-03-26T22:08:12","slug":"la-nueva-ley-omnibus-incluira-la-reforma-laboral-suspendida-en-el-mega-dnu","status":"publish","type":"post","link":"https:\/\/apuntesdesanluis.com\/index.php\/2024\/03\/26\/la-nueva-ley-omnibus-incluira-la-reforma-laboral-suspendida-en-el-mega-dnu\/","title":{"rendered":"LA NUEVA LEY \u00d3MNIBUS INCLUIR\u00c1 LA REFORMA LABORAL SUSPENDIDA EN EL MEGA DNU"},"content":{"rendered":"<h3>En plena negociaci\u00f3n por la nueva Ley \u00d3mnibus, el gobierno que encabeza <strong>Javier Milei<\/strong> eval\u00faa incluir la reforma laboral entre los art\u00edculos que la componen. De esta forma, garantizar\u00e1 v\u00eda el respaldo parlamentario la implementaci\u00f3n de flexibilidades hoy suspendidas del Decreto de Necesidad y Urgencia 70\/2023.<\/h3>\n<h3>Se trata de un pedido de la oposici\u00f3n dialoguista al que la administraci\u00f3n libertaria planea darle lugar. Fue el ministro del Interior, Guillermo Francos, el receptor del reclamo de varios bloques para incorporar aspectos de la reforma al nuevo borrador del proyecto.<\/h3>\n<h3>Una fuente de Balcarce 50 revel\u00f3 que la idea es mantener el proyecto original dise\u00f1ado por Federico Sturzenegger, aunque admiti\u00f3 que se trata de una negociaci\u00f3n con todos los sectores.<\/h3>\n<h3>El vocero presidencial, Manuel Adorni, hizo referencia al tema en la habitual conferencia de prensa diaria al plantear que las reformas laborales \u201chan tenido un consenso mayoritario\u201d, y aclarar que el objetivo es lograr una reforma integral que de pie a una reforma previsional.<\/h3>\n<h3>\u201cTodos los sectores est\u00e1n de acuerdo en que la reforma debe darse. Cuando tenes por un lado salarios miserables, no generas empleos desde hace 12 a\u00f1os, tampoco lograr generar empresas y encima tenes un 45% de informalidad laboral no hay mucho que explicar para entender que el esquema laboral argentino no est\u00e1 funcionando. Lo entiende parte de los sindicatos, parte de la pol\u00edtica, parte de los empresarios y nosotros\u201d, desarroll\u00f3 al respecto.<\/h3>\n<h3>En las \u00faltimas horas, el ministro del Interior expres\u00f3: &#8220;Nosotros somos receptivos a que se pueda incorporar. Hay un plenario de comisiones que va a tratar cuando consigamos todos los acuerdos, se tratar\u00e1 la ley bases en las comisiones y ver\u00e1n si se puede adjuntar\u201d.<\/h3>\n<h3>En una entrevista a la se\u00f1al La Naci\u00f3n +, ampli\u00f3: \u201cTodo lo que sea mejorar el r\u00e9gimen laboral, que todo el mundo quiere que sea reformado. Creo que cuando llegue el momento de discutirlo en el parlamento discutir\u00e1n esto y ver\u00e1n si quieren incorporar algunos aspectos de la ley laboral\u201d.<\/h3>\n<h3>Por estas horas, el titular de la cartera del Interior se encuentra en la provincia de Salta, donde se reuni\u00f3 con 10 gobernadores del NOA y el NEA junto al secretario de Interior, Lisandro Catal\u00e1n; al secretario de Municipios y Provincias, Javier Milano, y al asesor de Obras P\u00fablicas, Bartolom\u00e9 Heredia en un nuevo cap\u00edtulo por acercar posturas que posibiliten el acompa\u00f1amiento a la nueva ley. Se espera adem\u00e1s que las negociaciones contin\u00faen en lo que queda de la semana y posterior al fin de semana largo XXL.<\/h3>\n<h3>Durante la tarde del lunes, el funcionario recibi\u00f3 en su despacho de la sede gubernamental al jefe de gobierno porte\u00f1o, Jorge Macri, y luego a tres diputados del bloque del PRO, Cristian Ritondo, Silvia Lospenatto y Silvana Gi\u00fadici.<\/h3>\n<h3>Si bien el PRO ya hab\u00eda acompa\u00f1ado la primera versi\u00f3n de la ley, ahora Francos decidi\u00f3 volver a reunirse con sus referentes para ratificar el apoyo de esta fuerza, que se viene mostrando como aliada a los libertarios.<\/h3>\n<h3>&#8220;El bloque del PRO va a volver a acompa\u00f1ar. Esta ley es necesaria sobre todo para el tema de atraer inversiones&#8221;, confirm\u00f3 tras la reuni\u00f3n Ritondo, y se mostr\u00f3 confiado en que el proyecto ser\u00e1 aprobado: \u201cNo creo que vuelva a pasar lo de antes, ahora los art\u00edculos se conocen, son m\u00e1s claros, no hay lugar para el tema de votarla en general pero despu\u00e9s no en particular\u201d.<\/h3>\n<h3>Se espera que la iniciativa, que a\u00fan se conoce a trav\u00e9s de un borrador y su versi\u00f3n final debe girarse al Congreso, se comience a tratar en comisiones a mediados de abril y que para alrededor del 24 de ese mes llegue al recinto.<\/h3>\n<p>&nbsp;<\/p>\n<p>&nbsp;<\/p>\n<p>&nbsp;<\/p>\n","protected":false},"excerpt":{"rendered":"<p>En plena negociaci\u00f3n por la nueva Ley \u00d3mnibus, el gobierno que encabeza Javier Milei eval\u00faa&#8230;<\/p>\n","protected":false},"author":1,"featured_media":5622,"comment_status":"closed","ping_status":"closed","sticky":false,"template":"","format":"standard","meta":{"footnotes":""},"categories":[5],"tags":[],"class_list":["post-13757","post","type-post","status-publish","format-standard","has-post-thumbnail","hentry","category-nacionales-internacionales"],"yoast_head":"<!-- This site is optimized with the Yoast SEO plugin v26.1.1 - https:\/\/yoast.com\/wordpress\/plugins\/seo\/ -->\n<title>LA NUEVA LEY \u00d3MNIBUS INCLUIR\u00c1 LA REFORMA LABORAL SUSPENDIDA EN EL MEGA DNU - Apuntes de San Luis<\/title>\n<meta name=\"robots\" content=\"index, follow, max-snippet:-1, max-image-preview:large, max-video-preview:-1\" \/>\n<link rel=\"canonical\" href=\"https:\/\/apuntesdesanluis.com\/index.php\/2024\/03\/26\/la-nueva-ley-omnibus-incluira-la-reforma-laboral-suspendida-en-el-mega-dnu\/\" \/>\n<meta property=\"og:locale\" content=\"es_ES\" \/>\n<meta property=\"og:type\" content=\"article\" \/>\n<meta property=\"og:title\" content=\"LA NUEVA LEY \u00d3MNIBUS INCLUIR\u00c1 LA REFORMA LABORAL SUSPENDIDA EN EL MEGA DNU - Apuntes de San Luis\" \/>\n<meta property=\"og:description\" content=\"En plena negociaci\u00f3n por la nueva Ley \u00d3mnibus, el gobierno que encabeza Javier Milei eval\u00faa...\" \/>\n<meta property=\"og:url\" content=\"https:\/\/apuntesdesanluis.com\/index.php\/2024\/03\/26\/la-nueva-ley-omnibus-incluira-la-reforma-laboral-suspendida-en-el-mega-dnu\/\" \/>\n<meta property=\"og:site_name\" content=\"Apuntes de San Luis\" \/>\n<meta property=\"article:published_time\" content=\"2024-03-26T22:08:12+00:00\" \/>\n<meta property=\"og:image\" content=\"https:\/\/apuntesdesanluis.com\/wp-content\/uploads\/2023\/10\/congreso.png\" \/>\n\t<meta property=\"og:image:width\" content=\"600\" \/>\n\t<meta property=\"og:image:height\" content=\"375\" \/>\n\t<meta property=\"og:image:type\" content=\"image\/png\" \/>\n<meta name=\"author\" content=\"apuntesdesanluis.com\" \/>\n<meta name=\"twitter:card\" content=\"summary_large_image\" \/>\n<meta name=\"twitter:label1\" content=\"Escrito por\" \/>\n\t<meta name=\"twitter:data1\" content=\"apuntesdesanluis.com\" \/>\n\t<meta name=\"twitter:label2\" content=\"Tiempo de lectura\" \/>\n\t<meta name=\"twitter:data2\" content=\"3 minutos\" \/>\n<script type=\"application\/ld+json\" class=\"yoast-schema-graph\">{\"@context\":\"https:\/\/schema.org\",\"@graph\":[{\"@type\":\"Article\",\"@id\":\"https:\/\/apuntesdesanluis.com\/index.php\/2024\/03\/26\/la-nueva-ley-omnibus-incluira-la-reforma-laboral-suspendida-en-el-mega-dnu\/#article\",\"isPartOf\":{\"@id\":\"https:\/\/apuntesdesanluis.com\/index.php\/2024\/03\/26\/la-nueva-ley-omnibus-incluira-la-reforma-laboral-suspendida-en-el-mega-dnu\/\"},\"author\":{\"name\":\"apuntesdesanluis.com\",\"@id\":\"https:\/\/apuntesdesanluis.com\/#\/schema\/person\/b55151d52296fcce64d1a72538a70b90\"},\"headline\":\"LA NUEVA LEY \u00d3MNIBUS INCLUIR\u00c1 LA REFORMA LABORAL SUSPENDIDA EN EL MEGA DNU\",\"datePublished\":\"2024-03-26T22:08:12+00:00\",\"mainEntityOfPage\":{\"@id\":\"https:\/\/apuntesdesanluis.com\/index.php\/2024\/03\/26\/la-nueva-ley-omnibus-incluira-la-reforma-laboral-suspendida-en-el-mega-dnu\/\"},\"wordCount\":651,\"publisher\":{\"@id\":\"https:\/\/apuntesdesanluis.com\/#\/schema\/person\/b55151d52296fcce64d1a72538a70b90\"},\"image\":{\"@id\":\"https:\/\/apuntesdesanluis.com\/index.php\/2024\/03\/26\/la-nueva-ley-omnibus-incluira-la-reforma-laboral-suspendida-en-el-mega-dnu\/#primaryimage\"},\"thumbnailUrl\":\"https:\/\/apuntesdesanluis.com\/wp-content\/uploads\/2023\/10\/congreso.png\",\"articleSection\":[\"Nacionales\/Internacionales\"],\"inLanguage\":\"es-AR\"},{\"@type\":\"WebPage\",\"@id\":\"https:\/\/apuntesdesanluis.com\/index.php\/2024\/03\/26\/la-nueva-ley-omnibus-incluira-la-reforma-laboral-suspendida-en-el-mega-dnu\/\",\"url\":\"https:\/\/apuntesdesanluis.com\/index.php\/2024\/03\/26\/la-nueva-ley-omnibus-incluira-la-reforma-laboral-suspendida-en-el-mega-dnu\/\",\"name\":\"LA NUEVA LEY \u00d3MNIBUS INCLUIR\u00c1 LA REFORMA LABORAL SUSPENDIDA EN EL MEGA DNU - Apuntes de San Luis\",\"isPartOf\":{\"@id\":\"https:\/\/apuntesdesanluis.com\/#website\"},\"primaryImageOfPage\":{\"@id\":\"https:\/\/apuntesdesanluis.com\/index.php\/2024\/03\/26\/la-nueva-ley-omnibus-incluira-la-reforma-laboral-suspendida-en-el-mega-dnu\/#primaryimage\"},\"image\":{\"@id\":\"https:\/\/apuntesdesanluis.com\/index.php\/2024\/03\/26\/la-nueva-ley-omnibus-incluira-la-reforma-laboral-suspendida-en-el-mega-dnu\/#primaryimage\"},\"thumbnailUrl\":\"https:\/\/apuntesdesanluis.com\/wp-content\/uploads\/2023\/10\/congreso.png\",\"datePublished\":\"2024-03-26T22:08:12+00:00\",\"breadcrumb\":{\"@id\":\"https:\/\/apuntesdesanluis.com\/index.php\/2024\/03\/26\/la-nueva-ley-omnibus-incluira-la-reforma-laboral-suspendida-en-el-mega-dnu\/#breadcrumb\"},\"inLanguage\":\"es-AR\",\"potentialAction\":[{\"@type\":\"ReadAction\",\"target\":[\"https:\/\/apuntesdesanluis.com\/index.php\/2024\/03\/26\/la-nueva-ley-omnibus-incluira-la-reforma-laboral-suspendida-en-el-mega-dnu\/\"]}]},{\"@type\":\"ImageObject\",\"inLanguage\":\"es-AR\",\"@id\":\"https:\/\/apuntesdesanluis.com\/index.php\/2024\/03\/26\/la-nueva-ley-omnibus-incluira-la-reforma-laboral-suspendida-en-el-mega-dnu\/#primaryimage\",\"url\":\"https:\/\/apuntesdesanluis.com\/wp-content\/uploads\/2023\/10\/congreso.png\",\"contentUrl\":\"https:\/\/apuntesdesanluis.com\/wp-content\/uploads\/2023\/10\/congreso.png\",\"width\":600,\"height\":375},{\"@type\":\"BreadcrumbList\",\"@id\":\"https:\/\/apuntesdesanluis.com\/index.php\/2024\/03\/26\/la-nueva-ley-omnibus-incluira-la-reforma-laboral-suspendida-en-el-mega-dnu\/#breadcrumb\",\"itemListElement\":[{\"@type\":\"ListItem\",\"position\":1,\"name\":\"Inicio\",\"item\":\"https:\/\/apuntesdesanluis.com\/\"},{\"@type\":\"ListItem\",\"position\":2,\"name\":\"LA NUEVA LEY \u00d3MNIBUS INCLUIR\u00c1 LA REFORMA LABORAL SUSPENDIDA EN EL MEGA DNU\"}]},{\"@type\":\"WebSite\",\"@id\":\"https:\/\/apuntesdesanluis.com\/#website\",\"url\":\"https:\/\/apuntesdesanluis.com\/\",\"name\":\"Apuntes de San Luis\",\"description\":\"\",\"publisher\":{\"@id\":\"https:\/\/apuntesdesanluis.com\/#\/schema\/person\/b55151d52296fcce64d1a72538a70b90\"},\"potentialAction\":[{\"@type\":\"SearchAction\",\"target\":{\"@type\":\"EntryPoint\",\"urlTemplate\":\"https:\/\/apuntesdesanluis.com\/?s={search_term_string}\"},\"query-input\":{\"@type\":\"PropertyValueSpecification\",\"valueRequired\":true,\"valueName\":\"search_term_string\"}}],\"inLanguage\":\"es-AR\"},{\"@type\":[\"Person\",\"Organization\"],\"@id\":\"https:\/\/apuntesdesanluis.com\/#\/schema\/person\/b55151d52296fcce64d1a72538a70b90\",\"name\":\"apuntesdesanluis.com\",\"image\":{\"@type\":\"ImageObject\",\"inLanguage\":\"es-AR\",\"@id\":\"https:\/\/apuntesdesanluis.com\/#\/schema\/person\/image\/\",\"url\":\"https:\/\/apuntesdesanluis.com\/wp-content\/uploads\/2023\/07\/cropped-apuntesdesanluis.png\",\"contentUrl\":\"https:\/\/apuntesdesanluis.com\/wp-content\/uploads\/2023\/07\/cropped-apuntesdesanluis.png\",\"width\":450,\"height\":112,\"caption\":\"apuntesdesanluis.com\"},\"logo\":{\"@id\":\"https:\/\/apuntesdesanluis.com\/#\/schema\/person\/image\/\"},\"sameAs\":[\"https:\/\/apuntesdesanluis.com\"],\"url\":\"https:\/\/apuntesdesanluis.com\/index.php\/author\/apuntesdesanluis-com\/\"}]}<\/script>\n<!-- \/ Yoast SEO plugin. -->","yoast_head_json":{"title":"LA NUEVA LEY \u00d3MNIBUS INCLUIR\u00c1 LA REFORMA LABORAL SUSPENDIDA EN EL MEGA DNU - Apuntes de San Luis","robots":{"index":"index","follow":"follow","max-snippet":"max-snippet:-1","max-image-preview":"max-image-preview:large","max-video-preview":"max-video-preview:-1"},"canonical":"https:\/\/apuntesdesanluis.com\/index.php\/2024\/03\/26\/la-nueva-ley-omnibus-incluira-la-reforma-laboral-suspendida-en-el-mega-dnu\/","og_locale":"es_ES","og_type":"article","og_title":"LA NUEVA LEY \u00d3MNIBUS INCLUIR\u00c1 LA REFORMA LABORAL SUSPENDIDA EN EL MEGA DNU - Apuntes de San Luis","og_description":"En plena negociaci\u00f3n por la nueva Ley \u00d3mnibus, el gobierno que encabeza Javier Milei eval\u00faa...","og_url":"https:\/\/apuntesdesanluis.com\/index.php\/2024\/03\/26\/la-nueva-ley-omnibus-incluira-la-reforma-laboral-suspendida-en-el-mega-dnu\/","og_site_name":"Apuntes de San Luis","article_published_time":"2024-03-26T22:08:12+00:00","og_image":[{"width":600,"height":375,"url":"https:\/\/apuntesdesanluis.com\/wp-content\/uploads\/2023\/10\/congreso.png","type":"image\/png"}],"author":"apuntesdesanluis.com","twitter_card":"summary_large_image","twitter_misc":{"Escrito por":"apuntesdesanluis.com","Tiempo de lectura":"3 minutos"},"schema":{"@context":"https:\/\/schema.org","@graph":[{"@type":"Article","@id":"https:\/\/apuntesdesanluis.com\/index.php\/2024\/03\/26\/la-nueva-ley-omnibus-incluira-la-reforma-laboral-suspendida-en-el-mega-dnu\/#article","isPartOf":{"@id":"https:\/\/apuntesdesanluis.com\/index.php\/2024\/03\/26\/la-nueva-ley-omnibus-incluira-la-reforma-laboral-suspendida-en-el-mega-dnu\/"},"author":{"name":"apuntesdesanluis.com","@id":"https:\/\/apuntesdesanluis.com\/#\/schema\/person\/b55151d52296fcce64d1a72538a70b90"},"headline":"LA NUEVA LEY \u00d3MNIBUS INCLUIR\u00c1 LA REFORMA LABORAL SUSPENDIDA EN EL MEGA DNU","datePublished":"2024-03-26T22:08:12+00:00","mainEntityOfPage":{"@id":"https:\/\/apuntesdesanluis.com\/index.php\/2024\/03\/26\/la-nueva-ley-omnibus-incluira-la-reforma-laboral-suspendida-en-el-mega-dnu\/"},"wordCount":651,"publisher":{"@id":"https:\/\/apuntesdesanluis.com\/#\/schema\/person\/b55151d52296fcce64d1a72538a70b90"},"image":{"@id":"https:\/\/apuntesdesanluis.com\/index.php\/2024\/03\/26\/la-nueva-ley-omnibus-incluira-la-reforma-laboral-suspendida-en-el-mega-dnu\/#primaryimage"},"thumbnailUrl":"https:\/\/apuntesdesanluis.com\/wp-content\/uploads\/2023\/10\/congreso.png","articleSection":["Nacionales\/Internacionales"],"inLanguage":"es-AR"},{"@type":"WebPage","@id":"https:\/\/apuntesdesanluis.com\/index.php\/2024\/03\/26\/la-nueva-ley-omnibus-incluira-la-reforma-laboral-suspendida-en-el-mega-dnu\/","url":"https:\/\/apuntesdesanluis.com\/index.php\/2024\/03\/26\/la-nueva-ley-omnibus-incluira-la-reforma-laboral-suspendida-en-el-mega-dnu\/","name":"LA NUEVA LEY \u00d3MNIBUS INCLUIR\u00c1 LA REFORMA LABORAL SUSPENDIDA EN EL MEGA DNU - Apuntes de San Luis","isPartOf":{"@id":"https:\/\/apuntesdesanluis.com\/#website"},"primaryImageOfPage":{"@id":"https:\/\/apuntesdesanluis.com\/index.php\/2024\/03\/26\/la-nueva-ley-omnibus-incluira-la-reforma-laboral-suspendida-en-el-mega-dnu\/#primaryimage"},"image":{"@id":"https:\/\/apuntesdesanluis.com\/index.php\/2024\/03\/26\/la-nueva-ley-omnibus-incluira-la-reforma-laboral-suspendida-en-el-mega-dnu\/#primaryimage"},"thumbnailUrl":"https:\/\/apuntesdesanluis.com\/wp-content\/uploads\/2023\/10\/congreso.png","datePublished":"2024-03-26T22:08:12+00:00","breadcrumb":{"@id":"https:\/\/apuntesdesanluis.com\/index.php\/2024\/03\/26\/la-nueva-ley-omnibus-incluira-la-reforma-laboral-suspendida-en-el-mega-dnu\/#breadcrumb"},"inLanguage":"es-AR","potentialAction":[{"@type":"ReadAction","target":["https:\/\/apuntesdesanluis.com\/index.php\/2024\/03\/26\/la-nueva-ley-omnibus-incluira-la-reforma-laboral-suspendida-en-el-mega-dnu\/"]}]},{"@type":"ImageObject","inLanguage":"es-AR","@id":"https:\/\/apuntesdesanluis.com\/index.php\/2024\/03\/26\/la-nueva-ley-omnibus-incluira-la-reforma-laboral-suspendida-en-el-mega-dnu\/#primaryimage","url":"https:\/\/apuntesdesanluis.com\/wp-content\/uploads\/2023\/10\/congreso.png","contentUrl":"https:\/\/apuntesdesanluis.com\/wp-content\/uploads\/2023\/10\/congreso.png","width":600,"height":375},{"@type":"BreadcrumbList","@id":"https:\/\/apuntesdesanluis.com\/index.php\/2024\/03\/26\/la-nueva-ley-omnibus-incluira-la-reforma-laboral-suspendida-en-el-mega-dnu\/#breadcrumb","itemListElement":[{"@type":"ListItem","position":1,"name":"Inicio","item":"https:\/\/apuntesdesanluis.com\/"},{"@type":"ListItem","position":2,"name":"LA NUEVA LEY \u00d3MNIBUS INCLUIR\u00c1 LA REFORMA LABORAL SUSPENDIDA EN EL MEGA DNU"}]},{"@type":"WebSite","@id":"https:\/\/apuntesdesanluis.com\/#website","url":"https:\/\/apuntesdesanluis.com\/","name":"Apuntes de San Luis","description":"","publisher":{"@id":"https:\/\/apuntesdesanluis.com\/#\/schema\/person\/b55151d52296fcce64d1a72538a70b90"},"potentialAction":[{"@type":"SearchAction","target":{"@type":"EntryPoint","urlTemplate":"https:\/\/apuntesdesanluis.com\/?s={search_term_string}"},"query-input":{"@type":"PropertyValueSpecification","valueRequired":true,"valueName":"search_term_string"}}],"inLanguage":"es-AR"},{"@type":["Person","Organization"],"@id":"https:\/\/apuntesdesanluis.com\/#\/schema\/person\/b55151d52296fcce64d1a72538a70b90","name":"apuntesdesanluis.com","image":{"@type":"ImageObject","inLanguage":"es-AR","@id":"https:\/\/apuntesdesanluis.com\/#\/schema\/person\/image\/","url":"https:\/\/apuntesdesanluis.com\/wp-content\/uploads\/2023\/07\/cropped-apuntesdesanluis.png","contentUrl":"https:\/\/apuntesdesanluis.com\/wp-content\/uploads\/2023\/07\/cropped-apuntesdesanluis.png","width":450,"height":112,"caption":"apuntesdesanluis.com"},"logo":{"@id":"https:\/\/apuntesdesanluis.com\/#\/schema\/person\/image\/"},"sameAs":["https:\/\/apuntesdesanluis.com"],"url":"https:\/\/apuntesdesanluis.com\/index.php\/author\/apuntesdesanluis-com\/"}]}},"featured_image_urls":{"full":["https:\/\/apuntesdesanluis.com\/wp-content\/uploads\/2023\/10\/congreso.png",600,375,false],"thumbnail":["https:\/\/apuntesdesanluis.com\/wp-content\/uploads\/2023\/10\/congreso-150x150.png",150,150,true],"medium":["https:\/\/apuntesdesanluis.com\/wp-content\/uploads\/2023\/10\/congreso-300x188.png",300,188,true],"medium_large":["https:\/\/apuntesdesanluis.com\/wp-content\/uploads\/2023\/10\/congreso.png",600,375,false],"large":["https:\/\/apuntesdesanluis.com\/wp-content\/uploads\/2023\/10\/congreso.png",600,375,false],"1536x1536":["https:\/\/apuntesdesanluis.com\/wp-content\/uploads\/2023\/10\/congreso.png",600,375,false],"2048x2048":["https:\/\/apuntesdesanluis.com\/wp-content\/uploads\/2023\/10\/congreso.png",600,375,false],"newsever-slider-full":["https:\/\/apuntesdesanluis.com\/wp-content\/uploads\/2023\/10\/congreso.png",600,375,false],"newsever-featured":["https:\/\/apuntesdesanluis.com\/wp-content\/uploads\/2023\/10\/congreso.png",600,375,false],"newsever-medium":["https:\/\/apuntesdesanluis.com\/wp-content\/uploads\/2023\/10\/congreso.png",600,375,false]},"author_info":{"display_name":"apuntesdesanluis.com","author_link":"https:\/\/apuntesdesanluis.com\/index.php\/author\/apuntesdesanluis-com\/"},"category_info":"<a href=\"https:\/\/apuntesdesanluis.com\/index.php\/category\/nacionales-internacionales\/\" rel=\"category tag\">Nacionales\/Internacionales<\/a>","tag_info":"Nacionales\/Internacionales","comment_count":"0","_links":{"self":[{"href":"https:\/\/apuntesdesanluis.com\/index.php\/wp-json\/wp\/v2\/posts\/13757","targetHints":{"allow":["GET"]}}],"collection":[{"href":"https:\/\/apuntesdesanluis.com\/index.php\/wp-json\/wp\/v2\/posts"}],"about":[{"href":"https:\/\/apuntesdesanluis.com\/index.php\/wp-json\/wp\/v2\/types\/post"}],"author":[{"embeddable":true,"href":"https:\/\/apuntesdesanluis.com\/index.php\/wp-json\/wp\/v2\/users\/1"}],"replies":[{"embeddable":true,"href":"https:\/\/apuntesdesanluis.com\/index.php\/wp-json\/wp\/v2\/comments?post=13757"}],"version-history":[{"count":1,"href":"https:\/\/apuntesdesanluis.com\/index.php\/wp-json\/wp\/v2\/posts\/13757\/revisions"}],"predecessor-version":[{"id":13758,"href":"https:\/\/apuntesdesanluis.com\/index.php\/wp-json\/wp\/v2\/posts\/13757\/revisions\/13758"}],"wp:featuredmedia":[{"embeddable":true,"href":"https:\/\/apuntesdesanluis.com\/index.php\/wp-json\/wp\/v2\/media\/5622"}],"wp:attachment":[{"href":"https:\/\/apuntesdesanluis.com\/index.php\/wp-json\/wp\/v2\/media?parent=13757"}],"wp:term":[{"taxonomy":"category","embeddable":true,"href":"https:\/\/apuntesdesanluis.com\/index.php\/wp-json\/wp\/v2\/categories?post=13757"},{"taxonomy":"post_tag","embeddable":true,"href":"https:\/\/apuntesdesanluis.com\/index.php\/wp-json\/wp\/v2\/tags?post=13757"}],"curies":[{"name":"wp","href":"https:\/\/api.w.org\/{rel}","templated":true}]}}