{"id":13768,"date":"2024-03-26T19:36:09","date_gmt":"2024-03-26T22:36:09","guid":{"rendered":"https:\/\/apuntesdesanluis.com\/?p=13768"},"modified":"2024-03-26T19:36:09","modified_gmt":"2024-03-26T22:36:09","slug":"atencion-contribuyentes-el-8-de-abril-se-abre-la-moratoria-provincial","status":"publish","type":"post","link":"https:\/\/apuntesdesanluis.com\/index.php\/2024\/03\/26\/atencion-contribuyentes-el-8-de-abril-se-abre-la-moratoria-provincial\/","title":{"rendered":"ATENCI\u00d3N CONTRIBUYENTES: EL 8 DE ABRIL SE ABRE LA MORATORIA PROVINCIAL"},"content":{"rendered":"<h3>La Provincia estableci\u00f3 esta iniciativa de manera extraordinaria y por \u00fanica vez. Pueden incorporarse todas las deudas generadas hasta el 31 de diciembre de 2023, tanto tributarias como no tributarias, pero habr\u00e1 que estar al d\u00eda con las obligaciones de 2024.<\/h3>\n<h3>El Gobierno de San Luis pondr\u00e1 en marcha desde el 8 de abril la moratoria 2024. Se trata de un amplio r\u00e9gimen de regularizaci\u00f3n y sinceramiento de deudas. El gobernador, Claudio Poggi, promulg\u00f3 la ley de moratoria (VIII-1116-2024) que fue aprobada la semana pasada por ambas c\u00e1maras del Poder Legislativo. La propuesta ofrece la posibilidad de ponerse al d\u00eda con todo tipo de deuda con el Estado que haya sido generada hasta el 31 de diciembre de 2023. Pero para incorporarse exige estar al corriente con los tributos del presente a\u00f1o.<\/h3>\n<h3>\u201cSon muchos los beneficios. Lo m\u00e1s importante es que se puede incorporar cualquier tipo de deuda, tanto de impuestos como de otros conceptos, que tengan los sanluise\u00f1os con el Estado\u201d, explic\u00f3 <strong>Teresa Cappiello<\/strong>, directora general de Hacienda, quien tiene a cargo la Direcci\u00f3n Provincial de Ingresos P\u00fablicos.<\/h3>\n<h3>En lo que se refiere a tributos puede aprovecharse este plan para actualizar deudas por impuestos sobre los Ingresos Brutos, Inmobiliario, Sellos, Automotores, Acoplados y Motocicletas. Mientras que no tributarias incluye tasas administrativas de registro de marcas y se\u00f1ales y expedici\u00f3n de gu\u00edas de ganado y frutos del pa\u00eds. Tambi\u00e9n, canon de uso y consumo de agua, cuotas de viviendas, pr\u00e9stamos brindados por la Provincia y multas aplicadas por distintos organismos del Estado provincial.<\/h3>\n<h3>En cuanto a beneficios generales, la reducci\u00f3n del inter\u00e9s por mora alcanza el 50% del que corresponde aplicar. Seg\u00fan la forma de abonar tambi\u00e9n var\u00eda el beneficio. Con pago al contado hay descuentos del 50% hasta el l\u00edmite del capital.<\/h3>\n<h3>Con financiaciones hay reducci\u00f3n de intereses. En 6 cuotas la rebaja es del 80%. Mientras que hasta 18 cuotas la disminuci\u00f3n es del 60%. En tanto en m\u00e1s de 18 cuotas y hasta 40 se reduce el 30%.<\/h3>\n<h3><strong>R\u00c9GIMEN DE SINCERAMIENTO CATASTRAL<\/strong><\/h3>\n<h3>Sobre este punto la iniciativa exime de sanciones y obligaciones en relaci\u00f3n a los metros cuadrados que se declaren. En cuanto a los efectos impositivos, pagar\u00e1n por todo concepto por los a\u00f1os de incumplimiento $400 por metro cuadrado que se declare. \u201cEs muy beneficioso el sinceramiento de mejoras porque considera que el contribuyente cumpli\u00f3 por la construcci\u00f3n agregada y queda liberado de toda sanci\u00f3n\u201d, subray\u00f3 Cappiello.<\/h3>\n<h3>La funcionaria a\u00f1adi\u00f3 que es importante aprovechar para regularizar la situaci\u00f3n porque si no es voluntario el Estado va a hacer la gesti\u00f3n del cobro de la deuda por v\u00eda administrativa y judicial, y adelant\u00f3 que habr\u00e1 relevamientos para detectar las mejoras.<\/h3>\n<h3><strong>HORARIO EXTENDIDO Y COMODIDAD ONLINE<\/strong><\/h3>\n<h3>La directora general de Hacienda, recalc\u00f3 que para ampliar las posibilidades de sumarse a la moratoria se extiende el horario de atenci\u00f3n al p\u00fablico en todas las oficinas de Rentas de la provincia, de 8:00 a 16:00.<\/h3>\n<h3>Se\u00f1al\u00f3, adem\u00e1s, que para quienes tienen clave fiscal el tr\u00e1mite puede hacerse totalmente online. \u201cQuienes no tengan clave fiscal se pueden acercar y los vamos a orientar para que hagan el plan de pago a trav\u00e9s de la web\u201d, coment\u00f3.<\/h3>\n<h3>Inform\u00f3 que aquellos contribuyentes que est\u00e9n con planes de pago caducos o vigentes y quieran sumarse a esta nueva moratoria, podr\u00e1n hacerlo. Se les reconocer\u00e1 lo que ya han abonado y comenzar\u00e1n a percibir los beneficios del nuevo plan.<\/h3>\n<p>&nbsp;<\/p>\n<p>&nbsp;<\/p>\n<p>&nbsp;<\/p>\n","protected":false},"excerpt":{"rendered":"<p>La Provincia estableci\u00f3 esta iniciativa de manera extraordinaria y por \u00fanica vez. Pueden incorporarse todas&#8230;<\/p>\n","protected":false},"author":1,"featured_media":13769,"comment_status":"closed","ping_status":"closed","sticky":false,"template":"","format":"standard","meta":{"footnotes":""},"categories":[6],"tags":[],"class_list":["post-13768","post","type-post","status-publish","format-standard","has-post-thumbnail","hentry","category-ciudad-provincia"],"yoast_head":"<!-- This site is optimized with the Yoast SEO plugin v26.1.1 - https:\/\/yoast.com\/wordpress\/plugins\/seo\/ -->\n<title>ATENCI\u00d3N CONTRIBUYENTES: EL 8 DE ABRIL SE ABRE LA MORATORIA PROVINCIAL - Apuntes de San Luis<\/title>\n<meta name=\"robots\" content=\"index, follow, max-snippet:-1, max-image-preview:large, max-video-preview:-1\" \/>\n<link rel=\"canonical\" href=\"https:\/\/apuntesdesanluis.com\/index.php\/2024\/03\/26\/atencion-contribuyentes-el-8-de-abril-se-abre-la-moratoria-provincial\/\" \/>\n<meta property=\"og:locale\" content=\"es_ES\" \/>\n<meta property=\"og:type\" content=\"article\" \/>\n<meta property=\"og:title\" content=\"ATENCI\u00d3N CONTRIBUYENTES: EL 8 DE ABRIL SE ABRE LA MORATORIA PROVINCIAL - Apuntes de San Luis\" \/>\n<meta property=\"og:description\" content=\"La Provincia estableci\u00f3 esta iniciativa de manera extraordinaria y por \u00fanica vez. Pueden incorporarse todas...\" \/>\n<meta property=\"og:url\" content=\"https:\/\/apuntesdesanluis.com\/index.php\/2024\/03\/26\/atencion-contribuyentes-el-8-de-abril-se-abre-la-moratoria-provincial\/\" \/>\n<meta property=\"og:site_name\" content=\"Apuntes de San Luis\" \/>\n<meta property=\"article:published_time\" content=\"2024-03-26T22:36:09+00:00\" \/>\n<meta property=\"og:image\" content=\"https:\/\/apuntesdesanluis.com\/wp-content\/uploads\/2024\/03\/MORATORIA-PROVINCIAL.png\" \/>\n\t<meta property=\"og:image:width\" content=\"600\" \/>\n\t<meta property=\"og:image:height\" content=\"342\" \/>\n\t<meta property=\"og:image:type\" content=\"image\/png\" \/>\n<meta name=\"author\" content=\"apuntesdesanluis.com\" \/>\n<meta name=\"twitter:card\" content=\"summary_large_image\" \/>\n<meta name=\"twitter:label1\" content=\"Escrito por\" \/>\n\t<meta name=\"twitter:data1\" content=\"apuntesdesanluis.com\" \/>\n\t<meta name=\"twitter:label2\" content=\"Tiempo de lectura\" \/>\n\t<meta name=\"twitter:data2\" content=\"3 minutos\" \/>\n<script type=\"application\/ld+json\" class=\"yoast-schema-graph\">{\"@context\":\"https:\/\/schema.org\",\"@graph\":[{\"@type\":\"Article\",\"@id\":\"https:\/\/apuntesdesanluis.com\/index.php\/2024\/03\/26\/atencion-contribuyentes-el-8-de-abril-se-abre-la-moratoria-provincial\/#article\",\"isPartOf\":{\"@id\":\"https:\/\/apuntesdesanluis.com\/index.php\/2024\/03\/26\/atencion-contribuyentes-el-8-de-abril-se-abre-la-moratoria-provincial\/\"},\"author\":{\"name\":\"apuntesdesanluis.com\",\"@id\":\"https:\/\/apuntesdesanluis.com\/#\/schema\/person\/b55151d52296fcce64d1a72538a70b90\"},\"headline\":\"ATENCI\u00d3N CONTRIBUYENTES: EL 8 DE ABRIL SE ABRE LA MORATORIA PROVINCIAL\",\"datePublished\":\"2024-03-26T22:36:09+00:00\",\"mainEntityOfPage\":{\"@id\":\"https:\/\/apuntesdesanluis.com\/index.php\/2024\/03\/26\/atencion-contribuyentes-el-8-de-abril-se-abre-la-moratoria-provincial\/\"},\"wordCount\":604,\"publisher\":{\"@id\":\"https:\/\/apuntesdesanluis.com\/#\/schema\/person\/b55151d52296fcce64d1a72538a70b90\"},\"image\":{\"@id\":\"https:\/\/apuntesdesanluis.com\/index.php\/2024\/03\/26\/atencion-contribuyentes-el-8-de-abril-se-abre-la-moratoria-provincial\/#primaryimage\"},\"thumbnailUrl\":\"https:\/\/apuntesdesanluis.com\/wp-content\/uploads\/2024\/03\/MORATORIA-PROVINCIAL.png\",\"articleSection\":[\"Ciudad\/Provincia\"],\"inLanguage\":\"es-AR\"},{\"@type\":\"WebPage\",\"@id\":\"https:\/\/apuntesdesanluis.com\/index.php\/2024\/03\/26\/atencion-contribuyentes-el-8-de-abril-se-abre-la-moratoria-provincial\/\",\"url\":\"https:\/\/apuntesdesanluis.com\/index.php\/2024\/03\/26\/atencion-contribuyentes-el-8-de-abril-se-abre-la-moratoria-provincial\/\",\"name\":\"ATENCI\u00d3N CONTRIBUYENTES: EL 8 DE ABRIL SE ABRE LA MORATORIA PROVINCIAL - Apuntes de San Luis\",\"isPartOf\":{\"@id\":\"https:\/\/apuntesdesanluis.com\/#website\"},\"primaryImageOfPage\":{\"@id\":\"https:\/\/apuntesdesanluis.com\/index.php\/2024\/03\/26\/atencion-contribuyentes-el-8-de-abril-se-abre-la-moratoria-provincial\/#primaryimage\"},\"image\":{\"@id\":\"https:\/\/apuntesdesanluis.com\/index.php\/2024\/03\/26\/atencion-contribuyentes-el-8-de-abril-se-abre-la-moratoria-provincial\/#primaryimage\"},\"thumbnailUrl\":\"https:\/\/apuntesdesanluis.com\/wp-content\/uploads\/2024\/03\/MORATORIA-PROVINCIAL.png\",\"datePublished\":\"2024-03-26T22:36:09+00:00\",\"breadcrumb\":{\"@id\":\"https:\/\/apuntesdesanluis.com\/index.php\/2024\/03\/26\/atencion-contribuyentes-el-8-de-abril-se-abre-la-moratoria-provincial\/#breadcrumb\"},\"inLanguage\":\"es-AR\",\"potentialAction\":[{\"@type\":\"ReadAction\",\"target\":[\"https:\/\/apuntesdesanluis.com\/index.php\/2024\/03\/26\/atencion-contribuyentes-el-8-de-abril-se-abre-la-moratoria-provincial\/\"]}]},{\"@type\":\"ImageObject\",\"inLanguage\":\"es-AR\",\"@id\":\"https:\/\/apuntesdesanluis.com\/index.php\/2024\/03\/26\/atencion-contribuyentes-el-8-de-abril-se-abre-la-moratoria-provincial\/#primaryimage\",\"url\":\"https:\/\/apuntesdesanluis.com\/wp-content\/uploads\/2024\/03\/MORATORIA-PROVINCIAL.png\",\"contentUrl\":\"https:\/\/apuntesdesanluis.com\/wp-content\/uploads\/2024\/03\/MORATORIA-PROVINCIAL.png\",\"width\":600,\"height\":342},{\"@type\":\"BreadcrumbList\",\"@id\":\"https:\/\/apuntesdesanluis.com\/index.php\/2024\/03\/26\/atencion-contribuyentes-el-8-de-abril-se-abre-la-moratoria-provincial\/#breadcrumb\",\"itemListElement\":[{\"@type\":\"ListItem\",\"position\":1,\"name\":\"Inicio\",\"item\":\"https:\/\/apuntesdesanluis.com\/\"},{\"@type\":\"ListItem\",\"position\":2,\"name\":\"ATENCI\u00d3N CONTRIBUYENTES: EL 8 DE ABRIL SE ABRE LA MORATORIA PROVINCIAL\"}]},{\"@type\":\"WebSite\",\"@id\":\"https:\/\/apuntesdesanluis.com\/#website\",\"url\":\"https:\/\/apuntesdesanluis.com\/\",\"name\":\"Apuntes de San Luis\",\"description\":\"\",\"publisher\":{\"@id\":\"https:\/\/apuntesdesanluis.com\/#\/schema\/person\/b55151d52296fcce64d1a72538a70b90\"},\"potentialAction\":[{\"@type\":\"SearchAction\",\"target\":{\"@type\":\"EntryPoint\",\"urlTemplate\":\"https:\/\/apuntesdesanluis.com\/?s={search_term_string}\"},\"query-input\":{\"@type\":\"PropertyValueSpecification\",\"valueRequired\":true,\"valueName\":\"search_term_string\"}}],\"inLanguage\":\"es-AR\"},{\"@type\":[\"Person\",\"Organization\"],\"@id\":\"https:\/\/apuntesdesanluis.com\/#\/schema\/person\/b55151d52296fcce64d1a72538a70b90\",\"name\":\"apuntesdesanluis.com\",\"image\":{\"@type\":\"ImageObject\",\"inLanguage\":\"es-AR\",\"@id\":\"https:\/\/apuntesdesanluis.com\/#\/schema\/person\/image\/\",\"url\":\"https:\/\/apuntesdesanluis.com\/wp-content\/uploads\/2023\/07\/cropped-apuntesdesanluis.png\",\"contentUrl\":\"https:\/\/apuntesdesanluis.com\/wp-content\/uploads\/2023\/07\/cropped-apuntesdesanluis.png\",\"width\":450,\"height\":112,\"caption\":\"apuntesdesanluis.com\"},\"logo\":{\"@id\":\"https:\/\/apuntesdesanluis.com\/#\/schema\/person\/image\/\"},\"sameAs\":[\"https:\/\/apuntesdesanluis.com\"],\"url\":\"https:\/\/apuntesdesanluis.com\/index.php\/author\/apuntesdesanluis-com\/\"}]}<\/script>\n<!-- \/ Yoast SEO plugin. -->","yoast_head_json":{"title":"ATENCI\u00d3N CONTRIBUYENTES: EL 8 DE ABRIL SE ABRE LA MORATORIA PROVINCIAL - Apuntes de San Luis","robots":{"index":"index","follow":"follow","max-snippet":"max-snippet:-1","max-image-preview":"max-image-preview:large","max-video-preview":"max-video-preview:-1"},"canonical":"https:\/\/apuntesdesanluis.com\/index.php\/2024\/03\/26\/atencion-contribuyentes-el-8-de-abril-se-abre-la-moratoria-provincial\/","og_locale":"es_ES","og_type":"article","og_title":"ATENCI\u00d3N CONTRIBUYENTES: EL 8 DE ABRIL SE ABRE LA MORATORIA PROVINCIAL - Apuntes de San Luis","og_description":"La Provincia estableci\u00f3 esta iniciativa de manera extraordinaria y por \u00fanica vez. Pueden incorporarse todas...","og_url":"https:\/\/apuntesdesanluis.com\/index.php\/2024\/03\/26\/atencion-contribuyentes-el-8-de-abril-se-abre-la-moratoria-provincial\/","og_site_name":"Apuntes de San Luis","article_published_time":"2024-03-26T22:36:09+00:00","og_image":[{"width":600,"height":342,"url":"https:\/\/apuntesdesanluis.com\/wp-content\/uploads\/2024\/03\/MORATORIA-PROVINCIAL.png","type":"image\/png"}],"author":"apuntesdesanluis.com","twitter_card":"summary_large_image","twitter_misc":{"Escrito por":"apuntesdesanluis.com","Tiempo de lectura":"3 minutos"},"schema":{"@context":"https:\/\/schema.org","@graph":[{"@type":"Article","@id":"https:\/\/apuntesdesanluis.com\/index.php\/2024\/03\/26\/atencion-contribuyentes-el-8-de-abril-se-abre-la-moratoria-provincial\/#article","isPartOf":{"@id":"https:\/\/apuntesdesanluis.com\/index.php\/2024\/03\/26\/atencion-contribuyentes-el-8-de-abril-se-abre-la-moratoria-provincial\/"},"author":{"name":"apuntesdesanluis.com","@id":"https:\/\/apuntesdesanluis.com\/#\/schema\/person\/b55151d52296fcce64d1a72538a70b90"},"headline":"ATENCI\u00d3N CONTRIBUYENTES: EL 8 DE ABRIL SE ABRE LA MORATORIA PROVINCIAL","datePublished":"2024-03-26T22:36:09+00:00","mainEntityOfPage":{"@id":"https:\/\/apuntesdesanluis.com\/index.php\/2024\/03\/26\/atencion-contribuyentes-el-8-de-abril-se-abre-la-moratoria-provincial\/"},"wordCount":604,"publisher":{"@id":"https:\/\/apuntesdesanluis.com\/#\/schema\/person\/b55151d52296fcce64d1a72538a70b90"},"image":{"@id":"https:\/\/apuntesdesanluis.com\/index.php\/2024\/03\/26\/atencion-contribuyentes-el-8-de-abril-se-abre-la-moratoria-provincial\/#primaryimage"},"thumbnailUrl":"https:\/\/apuntesdesanluis.com\/wp-content\/uploads\/2024\/03\/MORATORIA-PROVINCIAL.png","articleSection":["Ciudad\/Provincia"],"inLanguage":"es-AR"},{"@type":"WebPage","@id":"https:\/\/apuntesdesanluis.com\/index.php\/2024\/03\/26\/atencion-contribuyentes-el-8-de-abril-se-abre-la-moratoria-provincial\/","url":"https:\/\/apuntesdesanluis.com\/index.php\/2024\/03\/26\/atencion-contribuyentes-el-8-de-abril-se-abre-la-moratoria-provincial\/","name":"ATENCI\u00d3N CONTRIBUYENTES: EL 8 DE ABRIL SE ABRE LA MORATORIA PROVINCIAL - Apuntes de San Luis","isPartOf":{"@id":"https:\/\/apuntesdesanluis.com\/#website"},"primaryImageOfPage":{"@id":"https:\/\/apuntesdesanluis.com\/index.php\/2024\/03\/26\/atencion-contribuyentes-el-8-de-abril-se-abre-la-moratoria-provincial\/#primaryimage"},"image":{"@id":"https:\/\/apuntesdesanluis.com\/index.php\/2024\/03\/26\/atencion-contribuyentes-el-8-de-abril-se-abre-la-moratoria-provincial\/#primaryimage"},"thumbnailUrl":"https:\/\/apuntesdesanluis.com\/wp-content\/uploads\/2024\/03\/MORATORIA-PROVINCIAL.png","datePublished":"2024-03-26T22:36:09+00:00","breadcrumb":{"@id":"https:\/\/apuntesdesanluis.com\/index.php\/2024\/03\/26\/atencion-contribuyentes-el-8-de-abril-se-abre-la-moratoria-provincial\/#breadcrumb"},"inLanguage":"es-AR","potentialAction":[{"@type":"ReadAction","target":["https:\/\/apuntesdesanluis.com\/index.php\/2024\/03\/26\/atencion-contribuyentes-el-8-de-abril-se-abre-la-moratoria-provincial\/"]}]},{"@type":"ImageObject","inLanguage":"es-AR","@id":"https:\/\/apuntesdesanluis.com\/index.php\/2024\/03\/26\/atencion-contribuyentes-el-8-de-abril-se-abre-la-moratoria-provincial\/#primaryimage","url":"https:\/\/apuntesdesanluis.com\/wp-content\/uploads\/2024\/03\/MORATORIA-PROVINCIAL.png","contentUrl":"https:\/\/apuntesdesanluis.com\/wp-content\/uploads\/2024\/03\/MORATORIA-PROVINCIAL.png","width":600,"height":342},{"@type":"BreadcrumbList","@id":"https:\/\/apuntesdesanluis.com\/index.php\/2024\/03\/26\/atencion-contribuyentes-el-8-de-abril-se-abre-la-moratoria-provincial\/#breadcrumb","itemListElement":[{"@type":"ListItem","position":1,"name":"Inicio","item":"https:\/\/apuntesdesanluis.com\/"},{"@type":"ListItem","position":2,"name":"ATENCI\u00d3N CONTRIBUYENTES: EL 8 DE ABRIL SE ABRE LA MORATORIA PROVINCIAL"}]},{"@type":"WebSite","@id":"https:\/\/apuntesdesanluis.com\/#website","url":"https:\/\/apuntesdesanluis.com\/","name":"Apuntes de San Luis","description":"","publisher":{"@id":"https:\/\/apuntesdesanluis.com\/#\/schema\/person\/b55151d52296fcce64d1a72538a70b90"},"potentialAction":[{"@type":"SearchAction","target":{"@type":"EntryPoint","urlTemplate":"https:\/\/apuntesdesanluis.com\/?s={search_term_string}"},"query-input":{"@type":"PropertyValueSpecification","valueRequired":true,"valueName":"search_term_string"}}],"inLanguage":"es-AR"},{"@type":["Person","Organization"],"@id":"https:\/\/apuntesdesanluis.com\/#\/schema\/person\/b55151d52296fcce64d1a72538a70b90","name":"apuntesdesanluis.com","image":{"@type":"ImageObject","inLanguage":"es-AR","@id":"https:\/\/apuntesdesanluis.com\/#\/schema\/person\/image\/","url":"https:\/\/apuntesdesanluis.com\/wp-content\/uploads\/2023\/07\/cropped-apuntesdesanluis.png","contentUrl":"https:\/\/apuntesdesanluis.com\/wp-content\/uploads\/2023\/07\/cropped-apuntesdesanluis.png","width":450,"height":112,"caption":"apuntesdesanluis.com"},"logo":{"@id":"https:\/\/apuntesdesanluis.com\/#\/schema\/person\/image\/"},"sameAs":["https:\/\/apuntesdesanluis.com"],"url":"https:\/\/apuntesdesanluis.com\/index.php\/author\/apuntesdesanluis-com\/"}]}},"featured_image_urls":{"full":["https:\/\/apuntesdesanluis.com\/wp-content\/uploads\/2024\/03\/MORATORIA-PROVINCIAL.png",600,342,false],"thumbnail":["https:\/\/apuntesdesanluis.com\/wp-content\/uploads\/2024\/03\/MORATORIA-PROVINCIAL-150x150.png",150,150,true],"medium":["https:\/\/apuntesdesanluis.com\/wp-content\/uploads\/2024\/03\/MORATORIA-PROVINCIAL-300x171.png",300,171,true],"medium_large":["https:\/\/apuntesdesanluis.com\/wp-content\/uploads\/2024\/03\/MORATORIA-PROVINCIAL.png",600,342,false],"large":["https:\/\/apuntesdesanluis.com\/wp-content\/uploads\/2024\/03\/MORATORIA-PROVINCIAL.png",600,342,false],"1536x1536":["https:\/\/apuntesdesanluis.com\/wp-content\/uploads\/2024\/03\/MORATORIA-PROVINCIAL.png",600,342,false],"2048x2048":["https:\/\/apuntesdesanluis.com\/wp-content\/uploads\/2024\/03\/MORATORIA-PROVINCIAL.png",600,342,false],"newsever-slider-full":["https:\/\/apuntesdesanluis.com\/wp-content\/uploads\/2024\/03\/MORATORIA-PROVINCIAL.png",600,342,false],"newsever-featured":["https:\/\/apuntesdesanluis.com\/wp-content\/uploads\/2024\/03\/MORATORIA-PROVINCIAL.png",600,342,false],"newsever-medium":["https:\/\/apuntesdesanluis.com\/wp-content\/uploads\/2024\/03\/MORATORIA-PROVINCIAL.png",600,342,false]},"author_info":{"display_name":"apuntesdesanluis.com","author_link":"https:\/\/apuntesdesanluis.com\/index.php\/author\/apuntesdesanluis-com\/"},"category_info":"<a href=\"https:\/\/apuntesdesanluis.com\/index.php\/category\/ciudad-provincia\/\" rel=\"category tag\">Ciudad\/Provincia<\/a>","tag_info":"Ciudad\/Provincia","comment_count":"0","_links":{"self":[{"href":"https:\/\/apuntesdesanluis.com\/index.php\/wp-json\/wp\/v2\/posts\/13768","targetHints":{"allow":["GET"]}}],"collection":[{"href":"https:\/\/apuntesdesanluis.com\/index.php\/wp-json\/wp\/v2\/posts"}],"about":[{"href":"https:\/\/apuntesdesanluis.com\/index.php\/wp-json\/wp\/v2\/types\/post"}],"author":[{"embeddable":true,"href":"https:\/\/apuntesdesanluis.com\/index.php\/wp-json\/wp\/v2\/users\/1"}],"replies":[{"embeddable":true,"href":"https:\/\/apuntesdesanluis.com\/index.php\/wp-json\/wp\/v2\/comments?post=13768"}],"version-history":[{"count":1,"href":"https:\/\/apuntesdesanluis.com\/index.php\/wp-json\/wp\/v2\/posts\/13768\/revisions"}],"predecessor-version":[{"id":13770,"href":"https:\/\/apuntesdesanluis.com\/index.php\/wp-json\/wp\/v2\/posts\/13768\/revisions\/13770"}],"wp:featuredmedia":[{"embeddable":true,"href":"https:\/\/apuntesdesanluis.com\/index.php\/wp-json\/wp\/v2\/media\/13769"}],"wp:attachment":[{"href":"https:\/\/apuntesdesanluis.com\/index.php\/wp-json\/wp\/v2\/media?parent=13768"}],"wp:term":[{"taxonomy":"category","embeddable":true,"href":"https:\/\/apuntesdesanluis.com\/index.php\/wp-json\/wp\/v2\/categories?post=13768"},{"taxonomy":"post_tag","embeddable":true,"href":"https:\/\/apuntesdesanluis.com\/index.php\/wp-json\/wp\/v2\/tags?post=13768"}],"curies":[{"name":"wp","href":"https:\/\/api.w.org\/{rel}","templated":true}]}}