{"id":13782,"date":"2024-03-26T20:13:13","date_gmt":"2024-03-26T23:13:13","guid":{"rendered":"https:\/\/apuntesdesanluis.com\/?p=13782"},"modified":"2024-03-26T20:16:31","modified_gmt":"2024-03-26T23:16:31","slug":"taller-practico-para-mejorar-el-dia-a-dia-de-tu-negocio-familiar","status":"publish","type":"post","link":"https:\/\/apuntesdesanluis.com\/index.php\/2024\/03\/26\/taller-practico-para-mejorar-el-dia-a-dia-de-tu-negocio-familiar\/","title":{"rendered":"TALLER PR\u00c1CTICO \u201cPARA MEJORAR EL D\u00cdA A D\u00cdA DE TU NEGOCIO FAMILIAR\u201d"},"content":{"rendered":"<h3>En el mes aniversario de <strong>elestudiowork<\/strong> invitan a inscribirse en un interesante taller destinado a las empresas familiares, para tomar conocimiento sobre \u201cimportantes herramientas para mejorar en el d\u00eda a d\u00eda de tu negocio\u201d.<\/h3>\n<h3>La fecha es el pr\u00f3ximo 6 de Abril, en elestudiowork (Salta 474).<\/h3>\n<h3>El tema es \u201cEmpresas Familiares: hacer crecer negocios en familia y cuidar los v\u00ednculos es posible\u201d, indic\u00f3 el disertante, el Psic\u00f3logo Social <strong>Sergio Garis<\/strong>.<\/h3>\n<h3>\u201cLa idea es ofrecer herramientas para que los participantes descubran c\u00f3mo abordar el conflicto en empresas familiares de manera efectiva, a trav\u00e9s de la mirada desde la Psicolog\u00eda Social y el Periodismo\u201d, explic\u00f3.<\/h3>\n<p><img fetchpriority=\"high\" decoding=\"async\" class=\"wp-image-13786 aligncenter\" src=\"https:\/\/apuntesdesanluis.com\/wp-content\/uploads\/2024\/03\/el-estudio-289x300.png\" alt=\"\" width=\"586\" height=\"608\" srcset=\"https:\/\/apuntesdesanluis.com\/wp-content\/uploads\/2024\/03\/el-estudio-289x300.png 289w, https:\/\/apuntesdesanluis.com\/wp-content\/uploads\/2024\/03\/el-estudio.png 626w\" sizes=\"(max-width: 586px) 100vw, 586px\" \/><\/p>\n<h3>En cuanto a los t\u00f3picos que incluye el taller, detall\u00f3 los siguientes:<\/h3>\n<ul>\n<li>\n<h3>Detectar y abordar conflictos de manera constructiva.\u2063<\/h3>\n<\/li>\n<li>\n<h3>Mejorar el clima laboral y fortalecer los v\u00ednculos familiares en el negocio.\u2063<\/h3>\n<\/li>\n<li>\n<h3>Obtener herramientas pr\u00e1cticas para el crecimiento empresarial.\u2063<\/h3>\n<\/li>\n<\/ul>\n<h3>\u201cAdem\u00e1s, les ofrecemos disfrutar de un delicioso desayuno en un ambiente distendido y colaborativo, especial para el intercambio y la interacci\u00f3n\u201d, sostuvo Garis.<\/h3>\n<h3>El\u00a0 costo es m\u00e1s que accesible: $4500.<\/h3>\n<h3>M\u00e1s info: <span style=\"color: #3366ff;\"><strong>2657 500035<\/strong><\/span>.<\/h3>\n<h3><span style=\"color: #3366ff;\">@elestudiowork<\/span>: Salta 474 | Villa Mercedes (S. L.) &#8211; <span style=\"color: #3366ff;\">elestudiowork.com.ar<\/span><\/h3>\n<p>&nbsp;<\/p>\n<p>&nbsp;<\/p>\n<p>&nbsp;<\/p>\n","protected":false},"excerpt":{"rendered":"<p>En el mes aniversario de elestudiowork invitan a inscribirse en un interesante taller destinado a&#8230;<\/p>\n","protected":false},"author":1,"featured_media":13785,"comment_status":"closed","ping_status":"closed","sticky":false,"template":"","format":"standard","meta":{"footnotes":""},"categories":[6],"tags":[],"class_list":["post-13782","post","type-post","status-publish","format-standard","has-post-thumbnail","hentry","category-ciudad-provincia"],"yoast_head":"<!-- This site is optimized with the Yoast SEO plugin v26.1.1 - https:\/\/yoast.com\/wordpress\/plugins\/seo\/ -->\n<title>TALLER PR\u00c1CTICO \u201cPARA MEJORAR EL D\u00cdA A D\u00cdA DE TU NEGOCIO FAMILIAR\u201d - Apuntes de San Luis<\/title>\n<meta name=\"robots\" content=\"index, follow, max-snippet:-1, max-image-preview:large, max-video-preview:-1\" \/>\n<link rel=\"canonical\" href=\"https:\/\/apuntesdesanluis.com\/index.php\/2024\/03\/26\/taller-practico-para-mejorar-el-dia-a-dia-de-tu-negocio-familiar\/\" \/>\n<meta property=\"og:locale\" content=\"es_ES\" \/>\n<meta property=\"og:type\" content=\"article\" \/>\n<meta property=\"og:title\" content=\"TALLER PR\u00c1CTICO \u201cPARA MEJORAR EL D\u00cdA A D\u00cdA DE TU NEGOCIO FAMILIAR\u201d - Apuntes de San Luis\" \/>\n<meta property=\"og:description\" content=\"En el mes aniversario de elestudiowork invitan a inscribirse en un interesante taller destinado a...\" \/>\n<meta property=\"og:url\" content=\"https:\/\/apuntesdesanluis.com\/index.php\/2024\/03\/26\/taller-practico-para-mejorar-el-dia-a-dia-de-tu-negocio-familiar\/\" \/>\n<meta property=\"og:site_name\" content=\"Apuntes de San Luis\" \/>\n<meta property=\"article:published_time\" content=\"2024-03-26T23:13:13+00:00\" \/>\n<meta property=\"article:modified_time\" content=\"2024-03-26T23:16:31+00:00\" \/>\n<meta property=\"og:image\" content=\"https:\/\/apuntesdesanluis.com\/wp-content\/uploads\/2024\/03\/EL-ESTUDIO-WORK.png\" \/>\n\t<meta property=\"og:image:width\" content=\"600\" \/>\n\t<meta property=\"og:image:height\" content=\"323\" \/>\n\t<meta property=\"og:image:type\" content=\"image\/png\" \/>\n<meta name=\"author\" content=\"apuntesdesanluis.com\" \/>\n<meta name=\"twitter:card\" content=\"summary_large_image\" \/>\n<meta name=\"twitter:label1\" content=\"Escrito por\" \/>\n\t<meta name=\"twitter:data1\" content=\"apuntesdesanluis.com\" \/>\n\t<meta name=\"twitter:label2\" content=\"Tiempo de lectura\" \/>\n\t<meta name=\"twitter:data2\" content=\"2 minutos\" \/>\n<script type=\"application\/ld+json\" class=\"yoast-schema-graph\">{\"@context\":\"https:\/\/schema.org\",\"@graph\":[{\"@type\":\"Article\",\"@id\":\"https:\/\/apuntesdesanluis.com\/index.php\/2024\/03\/26\/taller-practico-para-mejorar-el-dia-a-dia-de-tu-negocio-familiar\/#article\",\"isPartOf\":{\"@id\":\"https:\/\/apuntesdesanluis.com\/index.php\/2024\/03\/26\/taller-practico-para-mejorar-el-dia-a-dia-de-tu-negocio-familiar\/\"},\"author\":{\"name\":\"apuntesdesanluis.com\",\"@id\":\"https:\/\/apuntesdesanluis.com\/#\/schema\/person\/b55151d52296fcce64d1a72538a70b90\"},\"headline\":\"TALLER PR\u00c1CTICO \u201cPARA MEJORAR EL D\u00cdA A D\u00cdA DE TU NEGOCIO FAMILIAR\u201d\",\"datePublished\":\"2024-03-26T23:13:13+00:00\",\"dateModified\":\"2024-03-26T23:16:31+00:00\",\"mainEntityOfPage\":{\"@id\":\"https:\/\/apuntesdesanluis.com\/index.php\/2024\/03\/26\/taller-practico-para-mejorar-el-dia-a-dia-de-tu-negocio-familiar\/\"},\"wordCount\":213,\"publisher\":{\"@id\":\"https:\/\/apuntesdesanluis.com\/#\/schema\/person\/b55151d52296fcce64d1a72538a70b90\"},\"image\":{\"@id\":\"https:\/\/apuntesdesanluis.com\/index.php\/2024\/03\/26\/taller-practico-para-mejorar-el-dia-a-dia-de-tu-negocio-familiar\/#primaryimage\"},\"thumbnailUrl\":\"https:\/\/apuntesdesanluis.com\/wp-content\/uploads\/2024\/03\/EL-ESTUDIO-WORK.png\",\"articleSection\":[\"Ciudad\/Provincia\"],\"inLanguage\":\"es-AR\"},{\"@type\":\"WebPage\",\"@id\":\"https:\/\/apuntesdesanluis.com\/index.php\/2024\/03\/26\/taller-practico-para-mejorar-el-dia-a-dia-de-tu-negocio-familiar\/\",\"url\":\"https:\/\/apuntesdesanluis.com\/index.php\/2024\/03\/26\/taller-practico-para-mejorar-el-dia-a-dia-de-tu-negocio-familiar\/\",\"name\":\"TALLER PR\u00c1CTICO \u201cPARA MEJORAR EL D\u00cdA A D\u00cdA DE TU NEGOCIO FAMILIAR\u201d - Apuntes de San Luis\",\"isPartOf\":{\"@id\":\"https:\/\/apuntesdesanluis.com\/#website\"},\"primaryImageOfPage\":{\"@id\":\"https:\/\/apuntesdesanluis.com\/index.php\/2024\/03\/26\/taller-practico-para-mejorar-el-dia-a-dia-de-tu-negocio-familiar\/#primaryimage\"},\"image\":{\"@id\":\"https:\/\/apuntesdesanluis.com\/index.php\/2024\/03\/26\/taller-practico-para-mejorar-el-dia-a-dia-de-tu-negocio-familiar\/#primaryimage\"},\"thumbnailUrl\":\"https:\/\/apuntesdesanluis.com\/wp-content\/uploads\/2024\/03\/EL-ESTUDIO-WORK.png\",\"datePublished\":\"2024-03-26T23:13:13+00:00\",\"dateModified\":\"2024-03-26T23:16:31+00:00\",\"breadcrumb\":{\"@id\":\"https:\/\/apuntesdesanluis.com\/index.php\/2024\/03\/26\/taller-practico-para-mejorar-el-dia-a-dia-de-tu-negocio-familiar\/#breadcrumb\"},\"inLanguage\":\"es-AR\",\"potentialAction\":[{\"@type\":\"ReadAction\",\"target\":[\"https:\/\/apuntesdesanluis.com\/index.php\/2024\/03\/26\/taller-practico-para-mejorar-el-dia-a-dia-de-tu-negocio-familiar\/\"]}]},{\"@type\":\"ImageObject\",\"inLanguage\":\"es-AR\",\"@id\":\"https:\/\/apuntesdesanluis.com\/index.php\/2024\/03\/26\/taller-practico-para-mejorar-el-dia-a-dia-de-tu-negocio-familiar\/#primaryimage\",\"url\":\"https:\/\/apuntesdesanluis.com\/wp-content\/uploads\/2024\/03\/EL-ESTUDIO-WORK.png\",\"contentUrl\":\"https:\/\/apuntesdesanluis.com\/wp-content\/uploads\/2024\/03\/EL-ESTUDIO-WORK.png\",\"width\":600,\"height\":323},{\"@type\":\"BreadcrumbList\",\"@id\":\"https:\/\/apuntesdesanluis.com\/index.php\/2024\/03\/26\/taller-practico-para-mejorar-el-dia-a-dia-de-tu-negocio-familiar\/#breadcrumb\",\"itemListElement\":[{\"@type\":\"ListItem\",\"position\":1,\"name\":\"Inicio\",\"item\":\"https:\/\/apuntesdesanluis.com\/\"},{\"@type\":\"ListItem\",\"position\":2,\"name\":\"TALLER PR\u00c1CTICO \u201cPARA MEJORAR EL D\u00cdA A D\u00cdA DE TU NEGOCIO FAMILIAR\u201d\"}]},{\"@type\":\"WebSite\",\"@id\":\"https:\/\/apuntesdesanluis.com\/#website\",\"url\":\"https:\/\/apuntesdesanluis.com\/\",\"name\":\"Apuntes de San Luis\",\"description\":\"\",\"publisher\":{\"@id\":\"https:\/\/apuntesdesanluis.com\/#\/schema\/person\/b55151d52296fcce64d1a72538a70b90\"},\"potentialAction\":[{\"@type\":\"SearchAction\",\"target\":{\"@type\":\"EntryPoint\",\"urlTemplate\":\"https:\/\/apuntesdesanluis.com\/?s={search_term_string}\"},\"query-input\":{\"@type\":\"PropertyValueSpecification\",\"valueRequired\":true,\"valueName\":\"search_term_string\"}}],\"inLanguage\":\"es-AR\"},{\"@type\":[\"Person\",\"Organization\"],\"@id\":\"https:\/\/apuntesdesanluis.com\/#\/schema\/person\/b55151d52296fcce64d1a72538a70b90\",\"name\":\"apuntesdesanluis.com\",\"image\":{\"@type\":\"ImageObject\",\"inLanguage\":\"es-AR\",\"@id\":\"https:\/\/apuntesdesanluis.com\/#\/schema\/person\/image\/\",\"url\":\"https:\/\/apuntesdesanluis.com\/wp-content\/uploads\/2023\/07\/cropped-apuntesdesanluis.png\",\"contentUrl\":\"https:\/\/apuntesdesanluis.com\/wp-content\/uploads\/2023\/07\/cropped-apuntesdesanluis.png\",\"width\":450,\"height\":112,\"caption\":\"apuntesdesanluis.com\"},\"logo\":{\"@id\":\"https:\/\/apuntesdesanluis.com\/#\/schema\/person\/image\/\"},\"sameAs\":[\"https:\/\/apuntesdesanluis.com\"],\"url\":\"https:\/\/apuntesdesanluis.com\/index.php\/author\/apuntesdesanluis-com\/\"}]}<\/script>\n<!-- \/ Yoast SEO plugin. -->","yoast_head_json":{"title":"TALLER PR\u00c1CTICO \u201cPARA MEJORAR EL D\u00cdA A D\u00cdA DE TU NEGOCIO FAMILIAR\u201d - Apuntes de San Luis","robots":{"index":"index","follow":"follow","max-snippet":"max-snippet:-1","max-image-preview":"max-image-preview:large","max-video-preview":"max-video-preview:-1"},"canonical":"https:\/\/apuntesdesanluis.com\/index.php\/2024\/03\/26\/taller-practico-para-mejorar-el-dia-a-dia-de-tu-negocio-familiar\/","og_locale":"es_ES","og_type":"article","og_title":"TALLER PR\u00c1CTICO \u201cPARA MEJORAR EL D\u00cdA A D\u00cdA DE TU NEGOCIO FAMILIAR\u201d - Apuntes de San Luis","og_description":"En el mes aniversario de elestudiowork invitan a inscribirse en un interesante taller destinado a...","og_url":"https:\/\/apuntesdesanluis.com\/index.php\/2024\/03\/26\/taller-practico-para-mejorar-el-dia-a-dia-de-tu-negocio-familiar\/","og_site_name":"Apuntes de San Luis","article_published_time":"2024-03-26T23:13:13+00:00","article_modified_time":"2024-03-26T23:16:31+00:00","og_image":[{"width":600,"height":323,"url":"https:\/\/apuntesdesanluis.com\/wp-content\/uploads\/2024\/03\/EL-ESTUDIO-WORK.png","type":"image\/png"}],"author":"apuntesdesanluis.com","twitter_card":"summary_large_image","twitter_misc":{"Escrito por":"apuntesdesanluis.com","Tiempo de lectura":"2 minutos"},"schema":{"@context":"https:\/\/schema.org","@graph":[{"@type":"Article","@id":"https:\/\/apuntesdesanluis.com\/index.php\/2024\/03\/26\/taller-practico-para-mejorar-el-dia-a-dia-de-tu-negocio-familiar\/#article","isPartOf":{"@id":"https:\/\/apuntesdesanluis.com\/index.php\/2024\/03\/26\/taller-practico-para-mejorar-el-dia-a-dia-de-tu-negocio-familiar\/"},"author":{"name":"apuntesdesanluis.com","@id":"https:\/\/apuntesdesanluis.com\/#\/schema\/person\/b55151d52296fcce64d1a72538a70b90"},"headline":"TALLER PR\u00c1CTICO \u201cPARA MEJORAR EL D\u00cdA A D\u00cdA DE TU NEGOCIO FAMILIAR\u201d","datePublished":"2024-03-26T23:13:13+00:00","dateModified":"2024-03-26T23:16:31+00:00","mainEntityOfPage":{"@id":"https:\/\/apuntesdesanluis.com\/index.php\/2024\/03\/26\/taller-practico-para-mejorar-el-dia-a-dia-de-tu-negocio-familiar\/"},"wordCount":213,"publisher":{"@id":"https:\/\/apuntesdesanluis.com\/#\/schema\/person\/b55151d52296fcce64d1a72538a70b90"},"image":{"@id":"https:\/\/apuntesdesanluis.com\/index.php\/2024\/03\/26\/taller-practico-para-mejorar-el-dia-a-dia-de-tu-negocio-familiar\/#primaryimage"},"thumbnailUrl":"https:\/\/apuntesdesanluis.com\/wp-content\/uploads\/2024\/03\/EL-ESTUDIO-WORK.png","articleSection":["Ciudad\/Provincia"],"inLanguage":"es-AR"},{"@type":"WebPage","@id":"https:\/\/apuntesdesanluis.com\/index.php\/2024\/03\/26\/taller-practico-para-mejorar-el-dia-a-dia-de-tu-negocio-familiar\/","url":"https:\/\/apuntesdesanluis.com\/index.php\/2024\/03\/26\/taller-practico-para-mejorar-el-dia-a-dia-de-tu-negocio-familiar\/","name":"TALLER PR\u00c1CTICO \u201cPARA MEJORAR EL D\u00cdA A D\u00cdA DE TU NEGOCIO FAMILIAR\u201d - Apuntes de San Luis","isPartOf":{"@id":"https:\/\/apuntesdesanluis.com\/#website"},"primaryImageOfPage":{"@id":"https:\/\/apuntesdesanluis.com\/index.php\/2024\/03\/26\/taller-practico-para-mejorar-el-dia-a-dia-de-tu-negocio-familiar\/#primaryimage"},"image":{"@id":"https:\/\/apuntesdesanluis.com\/index.php\/2024\/03\/26\/taller-practico-para-mejorar-el-dia-a-dia-de-tu-negocio-familiar\/#primaryimage"},"thumbnailUrl":"https:\/\/apuntesdesanluis.com\/wp-content\/uploads\/2024\/03\/EL-ESTUDIO-WORK.png","datePublished":"2024-03-26T23:13:13+00:00","dateModified":"2024-03-26T23:16:31+00:00","breadcrumb":{"@id":"https:\/\/apuntesdesanluis.com\/index.php\/2024\/03\/26\/taller-practico-para-mejorar-el-dia-a-dia-de-tu-negocio-familiar\/#breadcrumb"},"inLanguage":"es-AR","potentialAction":[{"@type":"ReadAction","target":["https:\/\/apuntesdesanluis.com\/index.php\/2024\/03\/26\/taller-practico-para-mejorar-el-dia-a-dia-de-tu-negocio-familiar\/"]}]},{"@type":"ImageObject","inLanguage":"es-AR","@id":"https:\/\/apuntesdesanluis.com\/index.php\/2024\/03\/26\/taller-practico-para-mejorar-el-dia-a-dia-de-tu-negocio-familiar\/#primaryimage","url":"https:\/\/apuntesdesanluis.com\/wp-content\/uploads\/2024\/03\/EL-ESTUDIO-WORK.png","contentUrl":"https:\/\/apuntesdesanluis.com\/wp-content\/uploads\/2024\/03\/EL-ESTUDIO-WORK.png","width":600,"height":323},{"@type":"BreadcrumbList","@id":"https:\/\/apuntesdesanluis.com\/index.php\/2024\/03\/26\/taller-practico-para-mejorar-el-dia-a-dia-de-tu-negocio-familiar\/#breadcrumb","itemListElement":[{"@type":"ListItem","position":1,"name":"Inicio","item":"https:\/\/apuntesdesanluis.com\/"},{"@type":"ListItem","position":2,"name":"TALLER PR\u00c1CTICO \u201cPARA MEJORAR EL D\u00cdA A D\u00cdA DE TU NEGOCIO FAMILIAR\u201d"}]},{"@type":"WebSite","@id":"https:\/\/apuntesdesanluis.com\/#website","url":"https:\/\/apuntesdesanluis.com\/","name":"Apuntes de San Luis","description":"","publisher":{"@id":"https:\/\/apuntesdesanluis.com\/#\/schema\/person\/b55151d52296fcce64d1a72538a70b90"},"potentialAction":[{"@type":"SearchAction","target":{"@type":"EntryPoint","urlTemplate":"https:\/\/apuntesdesanluis.com\/?s={search_term_string}"},"query-input":{"@type":"PropertyValueSpecification","valueRequired":true,"valueName":"search_term_string"}}],"inLanguage":"es-AR"},{"@type":["Person","Organization"],"@id":"https:\/\/apuntesdesanluis.com\/#\/schema\/person\/b55151d52296fcce64d1a72538a70b90","name":"apuntesdesanluis.com","image":{"@type":"ImageObject","inLanguage":"es-AR","@id":"https:\/\/apuntesdesanluis.com\/#\/schema\/person\/image\/","url":"https:\/\/apuntesdesanluis.com\/wp-content\/uploads\/2023\/07\/cropped-apuntesdesanluis.png","contentUrl":"https:\/\/apuntesdesanluis.com\/wp-content\/uploads\/2023\/07\/cropped-apuntesdesanluis.png","width":450,"height":112,"caption":"apuntesdesanluis.com"},"logo":{"@id":"https:\/\/apuntesdesanluis.com\/#\/schema\/person\/image\/"},"sameAs":["https:\/\/apuntesdesanluis.com"],"url":"https:\/\/apuntesdesanluis.com\/index.php\/author\/apuntesdesanluis-com\/"}]}},"featured_image_urls":{"full":["https:\/\/apuntesdesanluis.com\/wp-content\/uploads\/2024\/03\/EL-ESTUDIO-WORK.png",600,323,false],"thumbnail":["https:\/\/apuntesdesanluis.com\/wp-content\/uploads\/2024\/03\/EL-ESTUDIO-WORK-150x150.png",150,150,true],"medium":["https:\/\/apuntesdesanluis.com\/wp-content\/uploads\/2024\/03\/EL-ESTUDIO-WORK-300x162.png",300,162,true],"medium_large":["https:\/\/apuntesdesanluis.com\/wp-content\/uploads\/2024\/03\/EL-ESTUDIO-WORK.png",600,323,false],"large":["https:\/\/apuntesdesanluis.com\/wp-content\/uploads\/2024\/03\/EL-ESTUDIO-WORK.png",600,323,false],"1536x1536":["https:\/\/apuntesdesanluis.com\/wp-content\/uploads\/2024\/03\/EL-ESTUDIO-WORK.png",600,323,false],"2048x2048":["https:\/\/apuntesdesanluis.com\/wp-content\/uploads\/2024\/03\/EL-ESTUDIO-WORK.png",600,323,false],"newsever-slider-full":["https:\/\/apuntesdesanluis.com\/wp-content\/uploads\/2024\/03\/EL-ESTUDIO-WORK.png",600,323,false],"newsever-featured":["https:\/\/apuntesdesanluis.com\/wp-content\/uploads\/2024\/03\/EL-ESTUDIO-WORK.png",600,323,false],"newsever-medium":["https:\/\/apuntesdesanluis.com\/wp-content\/uploads\/2024\/03\/EL-ESTUDIO-WORK.png",600,323,false]},"author_info":{"display_name":"apuntesdesanluis.com","author_link":"https:\/\/apuntesdesanluis.com\/index.php\/author\/apuntesdesanluis-com\/"},"category_info":"<a href=\"https:\/\/apuntesdesanluis.com\/index.php\/category\/ciudad-provincia\/\" rel=\"category tag\">Ciudad\/Provincia<\/a>","tag_info":"Ciudad\/Provincia","comment_count":"0","_links":{"self":[{"href":"https:\/\/apuntesdesanluis.com\/index.php\/wp-json\/wp\/v2\/posts\/13782","targetHints":{"allow":["GET"]}}],"collection":[{"href":"https:\/\/apuntesdesanluis.com\/index.php\/wp-json\/wp\/v2\/posts"}],"about":[{"href":"https:\/\/apuntesdesanluis.com\/index.php\/wp-json\/wp\/v2\/types\/post"}],"author":[{"embeddable":true,"href":"https:\/\/apuntesdesanluis.com\/index.php\/wp-json\/wp\/v2\/users\/1"}],"replies":[{"embeddable":true,"href":"https:\/\/apuntesdesanluis.com\/index.php\/wp-json\/wp\/v2\/comments?post=13782"}],"version-history":[{"count":2,"href":"https:\/\/apuntesdesanluis.com\/index.php\/wp-json\/wp\/v2\/posts\/13782\/revisions"}],"predecessor-version":[{"id":13787,"href":"https:\/\/apuntesdesanluis.com\/index.php\/wp-json\/wp\/v2\/posts\/13782\/revisions\/13787"}],"wp:featuredmedia":[{"embeddable":true,"href":"https:\/\/apuntesdesanluis.com\/index.php\/wp-json\/wp\/v2\/media\/13785"}],"wp:attachment":[{"href":"https:\/\/apuntesdesanluis.com\/index.php\/wp-json\/wp\/v2\/media?parent=13782"}],"wp:term":[{"taxonomy":"category","embeddable":true,"href":"https:\/\/apuntesdesanluis.com\/index.php\/wp-json\/wp\/v2\/categories?post=13782"},{"taxonomy":"post_tag","embeddable":true,"href":"https:\/\/apuntesdesanluis.com\/index.php\/wp-json\/wp\/v2\/tags?post=13782"}],"curies":[{"name":"wp","href":"https:\/\/api.w.org\/{rel}","templated":true}]}}