{"id":13788,"date":"2024-03-26T20:30:34","date_gmt":"2024-03-26T23:30:34","guid":{"rendered":"https:\/\/apuntesdesanluis.com\/?p=13788"},"modified":"2024-03-26T20:30:34","modified_gmt":"2024-03-26T23:30:34","slug":"dura-condena-por-robo-13-anos-y-6-meses-de-prision-para-marco-rafaelli","status":"publish","type":"post","link":"https:\/\/apuntesdesanluis.com\/index.php\/2024\/03\/26\/dura-condena-por-robo-13-anos-y-6-meses-de-prision-para-marco-rafaelli\/","title":{"rendered":"DURA CONDENA POR ROBO: 13 A\u00d1OS Y 6 MESES DE PRISI\u00d3N PARA MARCO RAFAELLI"},"content":{"rendered":"<h3>Este martes la C\u00e1mara de Apelaciones de la Tercera Circunscripci\u00f3n Judicial conden\u00f3 a Marco Lino Rafaelli a 13 a\u00f1os y 6 meses de prisi\u00f3n por encontrarlo penalmente responsable del delito de robo calificado por el uso de arma de fuego apta para el disparo y por las lesiones ocasionadas, y del delito de privaci\u00f3n ileg\u00edtima de la libertad, en concurso real.<\/h3>\n<h3>El hecho ocurri\u00f3 el 24 de junio de 2023, aproximadamente a las 20:30 hs., cuando dos hombres ingresaron a una vivienda ubicada en calle El Talar N\u00ba 100 de la localidad de Los Molles, donde se encontraba un matrimonio de 65 y 67 a\u00f1os, respectivamente.<\/h3>\n<h3>Mientras la pareja miraba televisi\u00f3n, los agresores entraron a la casa y al grito de \u201cal piso\u201d encandilaron al matrimonio con linternas y los ataron con sogas y telas. Uno de ellos efectu\u00f3 un disparo con el objetivo de amedrentar a las v\u00edctimas y luego de revisar por todos los sectores del inmueble, se llevaron dinero en moneda nacional y estadounidense, celulares y las llaves de un auto.<\/h3>\n<h3>El Fiscal de Juicio de la Tercera Circunscripci\u00f3n, Dr. Mario N\u00e9stor Zudaire, junto a la Fiscal de Instrucci\u00f3n N\u00ba 1, Dra. D\u00e9bora Roy Gitto, realizaron un an\u00e1lisis del material probatorio, destacando dos pruebas fundamentales: una, fue la testigo que reconoci\u00f3 la voz de Rafaelli y, la segunda, el allanamiento en la casa del imputado donde encontraron los elementos sustra\u00eddos a las v\u00edctimas. Adem\u00e1s, hicieron hincapi\u00e9 en el informe de rastreo del celular del acusado.<\/h3>\n<h3>El Ministerio P\u00fablico Fiscal no encontr\u00f3 circunstancias atenuantes, pero como agravantes consider\u00f3 la condena de Rafaelli en la causa Urraca; la forma de llevar adelante la acci\u00f3n del delito; la inteligencia previa y la extensi\u00f3n del da\u00f1o causado, solicitando que se lo condene a 15 a\u00f1os de prisi\u00f3n.<\/h3>\n<h3>En tanto, el representante del particular damnificado, Dr. Omar Alcides Becerra, sostuvo que la Fiscal\u00eda realiz\u00f3 un alegato detallado. En este marco, pidi\u00f3 al Tribunal que se dicte un fallo ejemplar, afirmando que el imputado es la persona que ha cometido la mayor cantidad de hechos delictivos y m\u00e1s da\u00f1o ha causado en la zona.<\/h3>\n<h3>Becerra solicit\u00f3 que se lo condene por ser penalmente responsable del delito de robo doblemente calificado por el uso de arma apta para el disparo en concurso real con el delito de privaci\u00f3n ileg\u00edtima de la libertad, ambos en car\u00e1cter de coautor funcional; agravado por la alevos\u00eda, el abuso de autoridad y la utilizaci\u00f3n de un disfraz para robar. Por ello, pidi\u00f3 una pena de 18 a\u00f1os de prisi\u00f3n efectiva.<\/h3>\n<h3>Por su parte, la Defensa de Rafaelli, representada por los Dres. Ramiro Rubio y Marcos Ju\u00e1rez, iniciaron sus alegatos de clausura indicando que iban a discutir el grado de participaci\u00f3n y la acusaci\u00f3n contra su defendido.<\/h3>\n<h3>En este aspecto, hicieron una breve rese\u00f1a sobre la exposici\u00f3n del Ministerio P\u00fablico Fiscal y de la querella, y profundizaron respecto al reconocimiento de los elementos secuestrados en la casa de Rafaelli, al considerar que no se tuvieron en cuenta los recaudos legales del procedimiento, puesto que se realizaron sin la presencia de la defensa del imputado.<\/h3>\n<h3>De igual manera, se refirieron al reconocimiento de voz que realiz\u00f3 la testigo mencionada por la Fiscal\u00eda ya que, seg\u00fan los abogados, de acuerdo a la psicolog\u00eda forense existe la superposici\u00f3n de im\u00e1genes o de voz. Adem\u00e1s, reiteraron que las pruebas de reconocimiento obtenidas se realizaron de forma ilegal, por lo que no podr\u00edan atribuirle la coautor\u00eda a su defendido.<\/h3>\n<h3>En cuanto a las circunstancias de modo y lugar, reconocieron que estaban esclarecidas, pero no en el tiempo, ya que est\u00e1 acreditado con medios tecnol\u00f3gicos que Rafaelli no estuvo en el lugar del hecho, seg\u00fan el rastreo obtenido de las antenas satelitales. Por tanto, solicitaron el m\u00ednimo del delito de encubrimiento para su defendido.<\/h3>\n<h3>Previo a la deliberaci\u00f3n de los jueces, Marco Rafaelli declar\u00f3 ante el Tribunal y cont\u00f3 sobre sus diferencias con los agentes de la Polic\u00eda y asegur\u00f3 no haber robado en Los Molles, ya que se encontraba en otro lugar al momento del hecho.<\/h3>\n<h3>El debate oral y p\u00fablico comenz\u00f3 el pasado 19 de marzo, oportunidad en la que se llevaron a cabo los alegatos de apertura y las primeras testimoniales. La etapa de producci\u00f3n de prueba se extendi\u00f3 por tres jornadas m\u00e1s, y finaliz\u00f3 en el d\u00eda de ayer. Hoy, el Tribunal integrado por el Dr. Daniel Sanchi\u00f1o y las Dras. Sandra Piguillem y Claudia Uccello recepcionaron alegatos y emitieron veredicto condenatorio.<\/h3>\n<p>&nbsp;<\/p>\n<p>&nbsp;<\/p>\n<p>&nbsp;<\/p>\n","protected":false},"excerpt":{"rendered":"<p>Este martes la C\u00e1mara de Apelaciones de la Tercera Circunscripci\u00f3n Judicial conden\u00f3 a Marco Lino&#8230;<\/p>\n","protected":false},"author":1,"featured_media":13789,"comment_status":"closed","ping_status":"closed","sticky":false,"template":"","format":"standard","meta":{"footnotes":""},"categories":[6],"tags":[],"class_list":["post-13788","post","type-post","status-publish","format-standard","has-post-thumbnail","hentry","category-ciudad-provincia"],"yoast_head":"<!-- This site is optimized with the Yoast SEO plugin v26.1.1 - https:\/\/yoast.com\/wordpress\/plugins\/seo\/ -->\n<title>DURA CONDENA POR ROBO: 13 A\u00d1OS Y 6 MESES DE PRISI\u00d3N PARA MARCO RAFAELLI - Apuntes de San Luis<\/title>\n<meta name=\"robots\" content=\"index, follow, max-snippet:-1, max-image-preview:large, max-video-preview:-1\" \/>\n<link rel=\"canonical\" href=\"https:\/\/apuntesdesanluis.com\/index.php\/2024\/03\/26\/dura-condena-por-robo-13-anos-y-6-meses-de-prision-para-marco-rafaelli\/\" \/>\n<meta property=\"og:locale\" content=\"es_ES\" \/>\n<meta property=\"og:type\" content=\"article\" \/>\n<meta property=\"og:title\" content=\"DURA CONDENA POR ROBO: 13 A\u00d1OS Y 6 MESES DE PRISI\u00d3N PARA MARCO RAFAELLI - Apuntes de San Luis\" \/>\n<meta property=\"og:description\" content=\"Este martes la C\u00e1mara de Apelaciones de la Tercera Circunscripci\u00f3n Judicial conden\u00f3 a Marco Lino...\" \/>\n<meta property=\"og:url\" content=\"https:\/\/apuntesdesanluis.com\/index.php\/2024\/03\/26\/dura-condena-por-robo-13-anos-y-6-meses-de-prision-para-marco-rafaelli\/\" \/>\n<meta property=\"og:site_name\" content=\"Apuntes de San Luis\" \/>\n<meta property=\"article:published_time\" content=\"2024-03-26T23:30:34+00:00\" \/>\n<meta property=\"og:image\" content=\"https:\/\/apuntesdesanluis.com\/wp-content\/uploads\/2024\/03\/CONDENA-1.png\" \/>\n\t<meta property=\"og:image:width\" content=\"600\" \/>\n\t<meta property=\"og:image:height\" content=\"347\" \/>\n\t<meta property=\"og:image:type\" content=\"image\/png\" \/>\n<meta name=\"author\" content=\"apuntesdesanluis.com\" \/>\n<meta name=\"twitter:card\" content=\"summary_large_image\" \/>\n<meta name=\"twitter:label1\" content=\"Escrito por\" \/>\n\t<meta name=\"twitter:data1\" content=\"apuntesdesanluis.com\" \/>\n\t<meta name=\"twitter:label2\" content=\"Tiempo de lectura\" \/>\n\t<meta name=\"twitter:data2\" content=\"4 minutos\" \/>\n<script type=\"application\/ld+json\" class=\"yoast-schema-graph\">{\"@context\":\"https:\/\/schema.org\",\"@graph\":[{\"@type\":\"Article\",\"@id\":\"https:\/\/apuntesdesanluis.com\/index.php\/2024\/03\/26\/dura-condena-por-robo-13-anos-y-6-meses-de-prision-para-marco-rafaelli\/#article\",\"isPartOf\":{\"@id\":\"https:\/\/apuntesdesanluis.com\/index.php\/2024\/03\/26\/dura-condena-por-robo-13-anos-y-6-meses-de-prision-para-marco-rafaelli\/\"},\"author\":{\"name\":\"apuntesdesanluis.com\",\"@id\":\"https:\/\/apuntesdesanluis.com\/#\/schema\/person\/b55151d52296fcce64d1a72538a70b90\"},\"headline\":\"DURA CONDENA POR ROBO: 13 A\u00d1OS Y 6 MESES DE PRISI\u00d3N PARA MARCO RAFAELLI\",\"datePublished\":\"2024-03-26T23:30:34+00:00\",\"mainEntityOfPage\":{\"@id\":\"https:\/\/apuntesdesanluis.com\/index.php\/2024\/03\/26\/dura-condena-por-robo-13-anos-y-6-meses-de-prision-para-marco-rafaelli\/\"},\"wordCount\":802,\"publisher\":{\"@id\":\"https:\/\/apuntesdesanluis.com\/#\/schema\/person\/b55151d52296fcce64d1a72538a70b90\"},\"image\":{\"@id\":\"https:\/\/apuntesdesanluis.com\/index.php\/2024\/03\/26\/dura-condena-por-robo-13-anos-y-6-meses-de-prision-para-marco-rafaelli\/#primaryimage\"},\"thumbnailUrl\":\"https:\/\/apuntesdesanluis.com\/wp-content\/uploads\/2024\/03\/CONDENA-1.png\",\"articleSection\":[\"Ciudad\/Provincia\"],\"inLanguage\":\"es-AR\"},{\"@type\":\"WebPage\",\"@id\":\"https:\/\/apuntesdesanluis.com\/index.php\/2024\/03\/26\/dura-condena-por-robo-13-anos-y-6-meses-de-prision-para-marco-rafaelli\/\",\"url\":\"https:\/\/apuntesdesanluis.com\/index.php\/2024\/03\/26\/dura-condena-por-robo-13-anos-y-6-meses-de-prision-para-marco-rafaelli\/\",\"name\":\"DURA CONDENA POR ROBO: 13 A\u00d1OS Y 6 MESES DE PRISI\u00d3N PARA MARCO RAFAELLI - Apuntes de San Luis\",\"isPartOf\":{\"@id\":\"https:\/\/apuntesdesanluis.com\/#website\"},\"primaryImageOfPage\":{\"@id\":\"https:\/\/apuntesdesanluis.com\/index.php\/2024\/03\/26\/dura-condena-por-robo-13-anos-y-6-meses-de-prision-para-marco-rafaelli\/#primaryimage\"},\"image\":{\"@id\":\"https:\/\/apuntesdesanluis.com\/index.php\/2024\/03\/26\/dura-condena-por-robo-13-anos-y-6-meses-de-prision-para-marco-rafaelli\/#primaryimage\"},\"thumbnailUrl\":\"https:\/\/apuntesdesanluis.com\/wp-content\/uploads\/2024\/03\/CONDENA-1.png\",\"datePublished\":\"2024-03-26T23:30:34+00:00\",\"breadcrumb\":{\"@id\":\"https:\/\/apuntesdesanluis.com\/index.php\/2024\/03\/26\/dura-condena-por-robo-13-anos-y-6-meses-de-prision-para-marco-rafaelli\/#breadcrumb\"},\"inLanguage\":\"es-AR\",\"potentialAction\":[{\"@type\":\"ReadAction\",\"target\":[\"https:\/\/apuntesdesanluis.com\/index.php\/2024\/03\/26\/dura-condena-por-robo-13-anos-y-6-meses-de-prision-para-marco-rafaelli\/\"]}]},{\"@type\":\"ImageObject\",\"inLanguage\":\"es-AR\",\"@id\":\"https:\/\/apuntesdesanluis.com\/index.php\/2024\/03\/26\/dura-condena-por-robo-13-anos-y-6-meses-de-prision-para-marco-rafaelli\/#primaryimage\",\"url\":\"https:\/\/apuntesdesanluis.com\/wp-content\/uploads\/2024\/03\/CONDENA-1.png\",\"contentUrl\":\"https:\/\/apuntesdesanluis.com\/wp-content\/uploads\/2024\/03\/CONDENA-1.png\",\"width\":600,\"height\":347},{\"@type\":\"BreadcrumbList\",\"@id\":\"https:\/\/apuntesdesanluis.com\/index.php\/2024\/03\/26\/dura-condena-por-robo-13-anos-y-6-meses-de-prision-para-marco-rafaelli\/#breadcrumb\",\"itemListElement\":[{\"@type\":\"ListItem\",\"position\":1,\"name\":\"Inicio\",\"item\":\"https:\/\/apuntesdesanluis.com\/\"},{\"@type\":\"ListItem\",\"position\":2,\"name\":\"DURA CONDENA POR ROBO: 13 A\u00d1OS Y 6 MESES DE PRISI\u00d3N PARA MARCO RAFAELLI\"}]},{\"@type\":\"WebSite\",\"@id\":\"https:\/\/apuntesdesanluis.com\/#website\",\"url\":\"https:\/\/apuntesdesanluis.com\/\",\"name\":\"Apuntes de San Luis\",\"description\":\"\",\"publisher\":{\"@id\":\"https:\/\/apuntesdesanluis.com\/#\/schema\/person\/b55151d52296fcce64d1a72538a70b90\"},\"potentialAction\":[{\"@type\":\"SearchAction\",\"target\":{\"@type\":\"EntryPoint\",\"urlTemplate\":\"https:\/\/apuntesdesanluis.com\/?s={search_term_string}\"},\"query-input\":{\"@type\":\"PropertyValueSpecification\",\"valueRequired\":true,\"valueName\":\"search_term_string\"}}],\"inLanguage\":\"es-AR\"},{\"@type\":[\"Person\",\"Organization\"],\"@id\":\"https:\/\/apuntesdesanluis.com\/#\/schema\/person\/b55151d52296fcce64d1a72538a70b90\",\"name\":\"apuntesdesanluis.com\",\"image\":{\"@type\":\"ImageObject\",\"inLanguage\":\"es-AR\",\"@id\":\"https:\/\/apuntesdesanluis.com\/#\/schema\/person\/image\/\",\"url\":\"https:\/\/apuntesdesanluis.com\/wp-content\/uploads\/2023\/07\/cropped-apuntesdesanluis.png\",\"contentUrl\":\"https:\/\/apuntesdesanluis.com\/wp-content\/uploads\/2023\/07\/cropped-apuntesdesanluis.png\",\"width\":450,\"height\":112,\"caption\":\"apuntesdesanluis.com\"},\"logo\":{\"@id\":\"https:\/\/apuntesdesanluis.com\/#\/schema\/person\/image\/\"},\"sameAs\":[\"https:\/\/apuntesdesanluis.com\"],\"url\":\"https:\/\/apuntesdesanluis.com\/index.php\/author\/apuntesdesanluis-com\/\"}]}<\/script>\n<!-- \/ Yoast SEO plugin. -->","yoast_head_json":{"title":"DURA CONDENA POR ROBO: 13 A\u00d1OS Y 6 MESES DE PRISI\u00d3N PARA MARCO RAFAELLI - Apuntes de San Luis","robots":{"index":"index","follow":"follow","max-snippet":"max-snippet:-1","max-image-preview":"max-image-preview:large","max-video-preview":"max-video-preview:-1"},"canonical":"https:\/\/apuntesdesanluis.com\/index.php\/2024\/03\/26\/dura-condena-por-robo-13-anos-y-6-meses-de-prision-para-marco-rafaelli\/","og_locale":"es_ES","og_type":"article","og_title":"DURA CONDENA POR ROBO: 13 A\u00d1OS Y 6 MESES DE PRISI\u00d3N PARA MARCO RAFAELLI - Apuntes de San Luis","og_description":"Este martes la C\u00e1mara de Apelaciones de la Tercera Circunscripci\u00f3n Judicial conden\u00f3 a Marco Lino...","og_url":"https:\/\/apuntesdesanluis.com\/index.php\/2024\/03\/26\/dura-condena-por-robo-13-anos-y-6-meses-de-prision-para-marco-rafaelli\/","og_site_name":"Apuntes de San Luis","article_published_time":"2024-03-26T23:30:34+00:00","og_image":[{"width":600,"height":347,"url":"https:\/\/apuntesdesanluis.com\/wp-content\/uploads\/2024\/03\/CONDENA-1.png","type":"image\/png"}],"author":"apuntesdesanluis.com","twitter_card":"summary_large_image","twitter_misc":{"Escrito por":"apuntesdesanluis.com","Tiempo de lectura":"4 minutos"},"schema":{"@context":"https:\/\/schema.org","@graph":[{"@type":"Article","@id":"https:\/\/apuntesdesanluis.com\/index.php\/2024\/03\/26\/dura-condena-por-robo-13-anos-y-6-meses-de-prision-para-marco-rafaelli\/#article","isPartOf":{"@id":"https:\/\/apuntesdesanluis.com\/index.php\/2024\/03\/26\/dura-condena-por-robo-13-anos-y-6-meses-de-prision-para-marco-rafaelli\/"},"author":{"name":"apuntesdesanluis.com","@id":"https:\/\/apuntesdesanluis.com\/#\/schema\/person\/b55151d52296fcce64d1a72538a70b90"},"headline":"DURA CONDENA POR ROBO: 13 A\u00d1OS Y 6 MESES DE PRISI\u00d3N PARA MARCO RAFAELLI","datePublished":"2024-03-26T23:30:34+00:00","mainEntityOfPage":{"@id":"https:\/\/apuntesdesanluis.com\/index.php\/2024\/03\/26\/dura-condena-por-robo-13-anos-y-6-meses-de-prision-para-marco-rafaelli\/"},"wordCount":802,"publisher":{"@id":"https:\/\/apuntesdesanluis.com\/#\/schema\/person\/b55151d52296fcce64d1a72538a70b90"},"image":{"@id":"https:\/\/apuntesdesanluis.com\/index.php\/2024\/03\/26\/dura-condena-por-robo-13-anos-y-6-meses-de-prision-para-marco-rafaelli\/#primaryimage"},"thumbnailUrl":"https:\/\/apuntesdesanluis.com\/wp-content\/uploads\/2024\/03\/CONDENA-1.png","articleSection":["Ciudad\/Provincia"],"inLanguage":"es-AR"},{"@type":"WebPage","@id":"https:\/\/apuntesdesanluis.com\/index.php\/2024\/03\/26\/dura-condena-por-robo-13-anos-y-6-meses-de-prision-para-marco-rafaelli\/","url":"https:\/\/apuntesdesanluis.com\/index.php\/2024\/03\/26\/dura-condena-por-robo-13-anos-y-6-meses-de-prision-para-marco-rafaelli\/","name":"DURA CONDENA POR ROBO: 13 A\u00d1OS Y 6 MESES DE PRISI\u00d3N PARA MARCO RAFAELLI - Apuntes de San Luis","isPartOf":{"@id":"https:\/\/apuntesdesanluis.com\/#website"},"primaryImageOfPage":{"@id":"https:\/\/apuntesdesanluis.com\/index.php\/2024\/03\/26\/dura-condena-por-robo-13-anos-y-6-meses-de-prision-para-marco-rafaelli\/#primaryimage"},"image":{"@id":"https:\/\/apuntesdesanluis.com\/index.php\/2024\/03\/26\/dura-condena-por-robo-13-anos-y-6-meses-de-prision-para-marco-rafaelli\/#primaryimage"},"thumbnailUrl":"https:\/\/apuntesdesanluis.com\/wp-content\/uploads\/2024\/03\/CONDENA-1.png","datePublished":"2024-03-26T23:30:34+00:00","breadcrumb":{"@id":"https:\/\/apuntesdesanluis.com\/index.php\/2024\/03\/26\/dura-condena-por-robo-13-anos-y-6-meses-de-prision-para-marco-rafaelli\/#breadcrumb"},"inLanguage":"es-AR","potentialAction":[{"@type":"ReadAction","target":["https:\/\/apuntesdesanluis.com\/index.php\/2024\/03\/26\/dura-condena-por-robo-13-anos-y-6-meses-de-prision-para-marco-rafaelli\/"]}]},{"@type":"ImageObject","inLanguage":"es-AR","@id":"https:\/\/apuntesdesanluis.com\/index.php\/2024\/03\/26\/dura-condena-por-robo-13-anos-y-6-meses-de-prision-para-marco-rafaelli\/#primaryimage","url":"https:\/\/apuntesdesanluis.com\/wp-content\/uploads\/2024\/03\/CONDENA-1.png","contentUrl":"https:\/\/apuntesdesanluis.com\/wp-content\/uploads\/2024\/03\/CONDENA-1.png","width":600,"height":347},{"@type":"BreadcrumbList","@id":"https:\/\/apuntesdesanluis.com\/index.php\/2024\/03\/26\/dura-condena-por-robo-13-anos-y-6-meses-de-prision-para-marco-rafaelli\/#breadcrumb","itemListElement":[{"@type":"ListItem","position":1,"name":"Inicio","item":"https:\/\/apuntesdesanluis.com\/"},{"@type":"ListItem","position":2,"name":"DURA CONDENA POR ROBO: 13 A\u00d1OS Y 6 MESES DE PRISI\u00d3N PARA MARCO RAFAELLI"}]},{"@type":"WebSite","@id":"https:\/\/apuntesdesanluis.com\/#website","url":"https:\/\/apuntesdesanluis.com\/","name":"Apuntes de San Luis","description":"","publisher":{"@id":"https:\/\/apuntesdesanluis.com\/#\/schema\/person\/b55151d52296fcce64d1a72538a70b90"},"potentialAction":[{"@type":"SearchAction","target":{"@type":"EntryPoint","urlTemplate":"https:\/\/apuntesdesanluis.com\/?s={search_term_string}"},"query-input":{"@type":"PropertyValueSpecification","valueRequired":true,"valueName":"search_term_string"}}],"inLanguage":"es-AR"},{"@type":["Person","Organization"],"@id":"https:\/\/apuntesdesanluis.com\/#\/schema\/person\/b55151d52296fcce64d1a72538a70b90","name":"apuntesdesanluis.com","image":{"@type":"ImageObject","inLanguage":"es-AR","@id":"https:\/\/apuntesdesanluis.com\/#\/schema\/person\/image\/","url":"https:\/\/apuntesdesanluis.com\/wp-content\/uploads\/2023\/07\/cropped-apuntesdesanluis.png","contentUrl":"https:\/\/apuntesdesanluis.com\/wp-content\/uploads\/2023\/07\/cropped-apuntesdesanluis.png","width":450,"height":112,"caption":"apuntesdesanluis.com"},"logo":{"@id":"https:\/\/apuntesdesanluis.com\/#\/schema\/person\/image\/"},"sameAs":["https:\/\/apuntesdesanluis.com"],"url":"https:\/\/apuntesdesanluis.com\/index.php\/author\/apuntesdesanluis-com\/"}]}},"featured_image_urls":{"full":["https:\/\/apuntesdesanluis.com\/wp-content\/uploads\/2024\/03\/CONDENA-1.png",600,347,false],"thumbnail":["https:\/\/apuntesdesanluis.com\/wp-content\/uploads\/2024\/03\/CONDENA-1-150x150.png",150,150,true],"medium":["https:\/\/apuntesdesanluis.com\/wp-content\/uploads\/2024\/03\/CONDENA-1-300x174.png",300,174,true],"medium_large":["https:\/\/apuntesdesanluis.com\/wp-content\/uploads\/2024\/03\/CONDENA-1.png",600,347,false],"large":["https:\/\/apuntesdesanluis.com\/wp-content\/uploads\/2024\/03\/CONDENA-1.png",600,347,false],"1536x1536":["https:\/\/apuntesdesanluis.com\/wp-content\/uploads\/2024\/03\/CONDENA-1.png",600,347,false],"2048x2048":["https:\/\/apuntesdesanluis.com\/wp-content\/uploads\/2024\/03\/CONDENA-1.png",600,347,false],"newsever-slider-full":["https:\/\/apuntesdesanluis.com\/wp-content\/uploads\/2024\/03\/CONDENA-1.png",600,347,false],"newsever-featured":["https:\/\/apuntesdesanluis.com\/wp-content\/uploads\/2024\/03\/CONDENA-1.png",600,347,false],"newsever-medium":["https:\/\/apuntesdesanluis.com\/wp-content\/uploads\/2024\/03\/CONDENA-1.png",600,347,false]},"author_info":{"display_name":"apuntesdesanluis.com","author_link":"https:\/\/apuntesdesanluis.com\/index.php\/author\/apuntesdesanluis-com\/"},"category_info":"<a href=\"https:\/\/apuntesdesanluis.com\/index.php\/category\/ciudad-provincia\/\" rel=\"category tag\">Ciudad\/Provincia<\/a>","tag_info":"Ciudad\/Provincia","comment_count":"0","_links":{"self":[{"href":"https:\/\/apuntesdesanluis.com\/index.php\/wp-json\/wp\/v2\/posts\/13788","targetHints":{"allow":["GET"]}}],"collection":[{"href":"https:\/\/apuntesdesanluis.com\/index.php\/wp-json\/wp\/v2\/posts"}],"about":[{"href":"https:\/\/apuntesdesanluis.com\/index.php\/wp-json\/wp\/v2\/types\/post"}],"author":[{"embeddable":true,"href":"https:\/\/apuntesdesanluis.com\/index.php\/wp-json\/wp\/v2\/users\/1"}],"replies":[{"embeddable":true,"href":"https:\/\/apuntesdesanluis.com\/index.php\/wp-json\/wp\/v2\/comments?post=13788"}],"version-history":[{"count":1,"href":"https:\/\/apuntesdesanluis.com\/index.php\/wp-json\/wp\/v2\/posts\/13788\/revisions"}],"predecessor-version":[{"id":13790,"href":"https:\/\/apuntesdesanluis.com\/index.php\/wp-json\/wp\/v2\/posts\/13788\/revisions\/13790"}],"wp:featuredmedia":[{"embeddable":true,"href":"https:\/\/apuntesdesanluis.com\/index.php\/wp-json\/wp\/v2\/media\/13789"}],"wp:attachment":[{"href":"https:\/\/apuntesdesanluis.com\/index.php\/wp-json\/wp\/v2\/media?parent=13788"}],"wp:term":[{"taxonomy":"category","embeddable":true,"href":"https:\/\/apuntesdesanluis.com\/index.php\/wp-json\/wp\/v2\/categories?post=13788"},{"taxonomy":"post_tag","embeddable":true,"href":"https:\/\/apuntesdesanluis.com\/index.php\/wp-json\/wp\/v2\/tags?post=13788"}],"curies":[{"name":"wp","href":"https:\/\/api.w.org\/{rel}","templated":true}]}}