{"id":13802,"date":"2024-03-27T00:39:06","date_gmt":"2024-03-27T03:39:06","guid":{"rendered":"https:\/\/apuntesdesanluis.com\/?p=13802"},"modified":"2024-03-27T00:40:22","modified_gmt":"2024-03-27T03:40:22","slug":"dictaron-la-conciliacion-obligatoria-y-el-transporte-sera-normal-este-miercoles-en-la-provincia","status":"publish","type":"post","link":"https:\/\/apuntesdesanluis.com\/index.php\/2024\/03\/27\/dictaron-la-conciliacion-obligatoria-y-el-transporte-sera-normal-este-miercoles-en-la-provincia\/","title":{"rendered":"DICTARON LA CONCILIACI\u00d3N OBLIGATORIA Y EL TRANSPORTE SER\u00c1 NORMAL ESTE MI\u00c9RCOLES EN LA PROVINCIA"},"content":{"rendered":"<h3>El servicio p\u00fablico de pasajeros comenzar\u00e1 a funcionar normalmente desde las 5 de la ma\u00f1ana de este mi\u00e9rcoles 27.<\/h3>\n<h3>La medida de conciliaci\u00f3n obligatoria fue comunicada desde la direcci\u00f3n de Relaciones laborales y acatada por la Uni\u00f3n Tranviarios Automotor, seccional San Luis.<\/h3>\n<h3>Por lo tanto, desde la madrugada de este mi\u00e9rcoles, las empresas: Mar\u00eda del Rosario SRL, Grupo MR SRL, Polo Sur SRL, Panamericana SRL, Transporte Juana Koslay SRL y Transpuntano SAPEM, deber\u00e1n dar cumplimiento a la medida y volver a prestar el servicio que estaba interrumpido.<\/h3>\n<h3>Ver:\u00a0<span style=\"color: #3366ff;\"><strong><a style=\"color: #3366ff;\" href=\"https:\/\/apuntesdesanluis.com\/wp-content\/uploads\/2024\/03\/conciliacion-UTA.pdf\" target=\"_blank\" rel=\"noopener\">Conciliaci\u00f3n UTA<\/a><\/strong><\/span><\/h3>\n<p>&nbsp;<\/p>\n<h4 style=\"text-align: center;\"><img fetchpriority=\"high\" decoding=\"async\" class=\"wp-image-13805 aligncenter\" src=\"https:\/\/apuntesdesanluis.com\/wp-content\/uploads\/2024\/03\/COLECTIVO-NORMAL-280x300.jpg\" alt=\"\" width=\"591\" height=\"633\" srcset=\"https:\/\/apuntesdesanluis.com\/wp-content\/uploads\/2024\/03\/COLECTIVO-NORMAL-280x300.jpg 280w, https:\/\/apuntesdesanluis.com\/wp-content\/uploads\/2024\/03\/COLECTIVO-NORMAL.jpg 600w\" sizes=\"(max-width: 591px) 100vw, 591px\" \/><\/h4>\n<h4 style=\"text-align: center;\"><em>Comunicado de la Secretar\u00eda de Transporte de Villa Mercedes.<\/em><\/h4>\n<p>&nbsp;<\/p>\n<p>&nbsp;<\/p>\n<p>&nbsp;<\/p>\n","protected":false},"excerpt":{"rendered":"<p>El servicio p\u00fablico de pasajeros comenzar\u00e1 a funcionar normalmente desde las 5 de la ma\u00f1ana&#8230;<\/p>\n","protected":false},"author":1,"featured_media":13804,"comment_status":"closed","ping_status":"closed","sticky":false,"template":"","format":"standard","meta":{"footnotes":""},"categories":[6],"tags":[],"class_list":["post-13802","post","type-post","status-publish","format-standard","has-post-thumbnail","hentry","category-ciudad-provincia"],"yoast_head":"<!-- This site is optimized with the Yoast SEO plugin v26.1.1 - https:\/\/yoast.com\/wordpress\/plugins\/seo\/ -->\n<title>DICTARON LA CONCILIACI\u00d3N OBLIGATORIA Y EL TRANSPORTE SER\u00c1 NORMAL ESTE MI\u00c9RCOLES EN LA PROVINCIA - Apuntes de San Luis<\/title>\n<meta name=\"robots\" content=\"index, follow, max-snippet:-1, max-image-preview:large, max-video-preview:-1\" \/>\n<link rel=\"canonical\" href=\"https:\/\/apuntesdesanluis.com\/index.php\/2024\/03\/27\/dictaron-la-conciliacion-obligatoria-y-el-transporte-sera-normal-este-miercoles-en-la-provincia\/\" \/>\n<meta property=\"og:locale\" content=\"es_ES\" \/>\n<meta property=\"og:type\" content=\"article\" \/>\n<meta property=\"og:title\" content=\"DICTARON LA CONCILIACI\u00d3N OBLIGATORIA Y EL TRANSPORTE SER\u00c1 NORMAL ESTE MI\u00c9RCOLES EN LA PROVINCIA - Apuntes de San Luis\" \/>\n<meta property=\"og:description\" content=\"El servicio p\u00fablico de pasajeros comenzar\u00e1 a funcionar normalmente desde las 5 de la ma\u00f1ana...\" \/>\n<meta property=\"og:url\" content=\"https:\/\/apuntesdesanluis.com\/index.php\/2024\/03\/27\/dictaron-la-conciliacion-obligatoria-y-el-transporte-sera-normal-este-miercoles-en-la-provincia\/\" \/>\n<meta property=\"og:site_name\" content=\"Apuntes de San Luis\" \/>\n<meta property=\"article:published_time\" content=\"2024-03-27T03:39:06+00:00\" \/>\n<meta property=\"article:modified_time\" content=\"2024-03-27T03:40:22+00:00\" \/>\n<meta property=\"og:image\" content=\"https:\/\/apuntesdesanluis.com\/wp-content\/uploads\/2024\/03\/COLECTIVOS.png\" \/>\n\t<meta property=\"og:image:width\" content=\"800\" \/>\n\t<meta property=\"og:image:height\" content=\"483\" \/>\n\t<meta property=\"og:image:type\" content=\"image\/png\" \/>\n<meta name=\"author\" content=\"apuntesdesanluis.com\" \/>\n<meta name=\"twitter:card\" content=\"summary_large_image\" \/>\n<meta name=\"twitter:label1\" content=\"Escrito por\" \/>\n\t<meta name=\"twitter:data1\" content=\"apuntesdesanluis.com\" \/>\n\t<meta name=\"twitter:label2\" content=\"Tiempo de lectura\" \/>\n\t<meta name=\"twitter:data2\" content=\"1 minuto\" \/>\n<script type=\"application\/ld+json\" class=\"yoast-schema-graph\">{\"@context\":\"https:\/\/schema.org\",\"@graph\":[{\"@type\":\"Article\",\"@id\":\"https:\/\/apuntesdesanluis.com\/index.php\/2024\/03\/27\/dictaron-la-conciliacion-obligatoria-y-el-transporte-sera-normal-este-miercoles-en-la-provincia\/#article\",\"isPartOf\":{\"@id\":\"https:\/\/apuntesdesanluis.com\/index.php\/2024\/03\/27\/dictaron-la-conciliacion-obligatoria-y-el-transporte-sera-normal-este-miercoles-en-la-provincia\/\"},\"author\":{\"name\":\"apuntesdesanluis.com\",\"@id\":\"https:\/\/apuntesdesanluis.com\/#\/schema\/person\/b55151d52296fcce64d1a72538a70b90\"},\"headline\":\"DICTARON LA CONCILIACI\u00d3N OBLIGATORIA Y EL TRANSPORTE SER\u00c1 NORMAL ESTE MI\u00c9RCOLES EN LA PROVINCIA\",\"datePublished\":\"2024-03-27T03:39:06+00:00\",\"dateModified\":\"2024-03-27T03:40:22+00:00\",\"mainEntityOfPage\":{\"@id\":\"https:\/\/apuntesdesanluis.com\/index.php\/2024\/03\/27\/dictaron-la-conciliacion-obligatoria-y-el-transporte-sera-normal-este-miercoles-en-la-provincia\/\"},\"wordCount\":128,\"publisher\":{\"@id\":\"https:\/\/apuntesdesanluis.com\/#\/schema\/person\/b55151d52296fcce64d1a72538a70b90\"},\"image\":{\"@id\":\"https:\/\/apuntesdesanluis.com\/index.php\/2024\/03\/27\/dictaron-la-conciliacion-obligatoria-y-el-transporte-sera-normal-este-miercoles-en-la-provincia\/#primaryimage\"},\"thumbnailUrl\":\"https:\/\/apuntesdesanluis.com\/wp-content\/uploads\/2024\/03\/COLECTIVOS.png\",\"articleSection\":[\"Ciudad\/Provincia\"],\"inLanguage\":\"es-AR\"},{\"@type\":\"WebPage\",\"@id\":\"https:\/\/apuntesdesanluis.com\/index.php\/2024\/03\/27\/dictaron-la-conciliacion-obligatoria-y-el-transporte-sera-normal-este-miercoles-en-la-provincia\/\",\"url\":\"https:\/\/apuntesdesanluis.com\/index.php\/2024\/03\/27\/dictaron-la-conciliacion-obligatoria-y-el-transporte-sera-normal-este-miercoles-en-la-provincia\/\",\"name\":\"DICTARON LA CONCILIACI\u00d3N OBLIGATORIA Y EL TRANSPORTE SER\u00c1 NORMAL ESTE MI\u00c9RCOLES EN LA PROVINCIA - Apuntes de San Luis\",\"isPartOf\":{\"@id\":\"https:\/\/apuntesdesanluis.com\/#website\"},\"primaryImageOfPage\":{\"@id\":\"https:\/\/apuntesdesanluis.com\/index.php\/2024\/03\/27\/dictaron-la-conciliacion-obligatoria-y-el-transporte-sera-normal-este-miercoles-en-la-provincia\/#primaryimage\"},\"image\":{\"@id\":\"https:\/\/apuntesdesanluis.com\/index.php\/2024\/03\/27\/dictaron-la-conciliacion-obligatoria-y-el-transporte-sera-normal-este-miercoles-en-la-provincia\/#primaryimage\"},\"thumbnailUrl\":\"https:\/\/apuntesdesanluis.com\/wp-content\/uploads\/2024\/03\/COLECTIVOS.png\",\"datePublished\":\"2024-03-27T03:39:06+00:00\",\"dateModified\":\"2024-03-27T03:40:22+00:00\",\"breadcrumb\":{\"@id\":\"https:\/\/apuntesdesanluis.com\/index.php\/2024\/03\/27\/dictaron-la-conciliacion-obligatoria-y-el-transporte-sera-normal-este-miercoles-en-la-provincia\/#breadcrumb\"},\"inLanguage\":\"es-AR\",\"potentialAction\":[{\"@type\":\"ReadAction\",\"target\":[\"https:\/\/apuntesdesanluis.com\/index.php\/2024\/03\/27\/dictaron-la-conciliacion-obligatoria-y-el-transporte-sera-normal-este-miercoles-en-la-provincia\/\"]}]},{\"@type\":\"ImageObject\",\"inLanguage\":\"es-AR\",\"@id\":\"https:\/\/apuntesdesanluis.com\/index.php\/2024\/03\/27\/dictaron-la-conciliacion-obligatoria-y-el-transporte-sera-normal-este-miercoles-en-la-provincia\/#primaryimage\",\"url\":\"https:\/\/apuntesdesanluis.com\/wp-content\/uploads\/2024\/03\/COLECTIVOS.png\",\"contentUrl\":\"https:\/\/apuntesdesanluis.com\/wp-content\/uploads\/2024\/03\/COLECTIVOS.png\",\"width\":800,\"height\":483},{\"@type\":\"BreadcrumbList\",\"@id\":\"https:\/\/apuntesdesanluis.com\/index.php\/2024\/03\/27\/dictaron-la-conciliacion-obligatoria-y-el-transporte-sera-normal-este-miercoles-en-la-provincia\/#breadcrumb\",\"itemListElement\":[{\"@type\":\"ListItem\",\"position\":1,\"name\":\"Inicio\",\"item\":\"https:\/\/apuntesdesanluis.com\/\"},{\"@type\":\"ListItem\",\"position\":2,\"name\":\"DICTARON LA CONCILIACI\u00d3N OBLIGATORIA Y EL TRANSPORTE SER\u00c1 NORMAL ESTE MI\u00c9RCOLES EN LA PROVINCIA\"}]},{\"@type\":\"WebSite\",\"@id\":\"https:\/\/apuntesdesanluis.com\/#website\",\"url\":\"https:\/\/apuntesdesanluis.com\/\",\"name\":\"Apuntes de San Luis\",\"description\":\"\",\"publisher\":{\"@id\":\"https:\/\/apuntesdesanluis.com\/#\/schema\/person\/b55151d52296fcce64d1a72538a70b90\"},\"potentialAction\":[{\"@type\":\"SearchAction\",\"target\":{\"@type\":\"EntryPoint\",\"urlTemplate\":\"https:\/\/apuntesdesanluis.com\/?s={search_term_string}\"},\"query-input\":{\"@type\":\"PropertyValueSpecification\",\"valueRequired\":true,\"valueName\":\"search_term_string\"}}],\"inLanguage\":\"es-AR\"},{\"@type\":[\"Person\",\"Organization\"],\"@id\":\"https:\/\/apuntesdesanluis.com\/#\/schema\/person\/b55151d52296fcce64d1a72538a70b90\",\"name\":\"apuntesdesanluis.com\",\"image\":{\"@type\":\"ImageObject\",\"inLanguage\":\"es-AR\",\"@id\":\"https:\/\/apuntesdesanluis.com\/#\/schema\/person\/image\/\",\"url\":\"https:\/\/apuntesdesanluis.com\/wp-content\/uploads\/2023\/07\/cropped-apuntesdesanluis.png\",\"contentUrl\":\"https:\/\/apuntesdesanluis.com\/wp-content\/uploads\/2023\/07\/cropped-apuntesdesanluis.png\",\"width\":450,\"height\":112,\"caption\":\"apuntesdesanluis.com\"},\"logo\":{\"@id\":\"https:\/\/apuntesdesanluis.com\/#\/schema\/person\/image\/\"},\"sameAs\":[\"https:\/\/apuntesdesanluis.com\"],\"url\":\"https:\/\/apuntesdesanluis.com\/index.php\/author\/apuntesdesanluis-com\/\"}]}<\/script>\n<!-- \/ Yoast SEO plugin. -->","yoast_head_json":{"title":"DICTARON LA CONCILIACI\u00d3N OBLIGATORIA Y EL TRANSPORTE SER\u00c1 NORMAL ESTE MI\u00c9RCOLES EN LA PROVINCIA - Apuntes de San Luis","robots":{"index":"index","follow":"follow","max-snippet":"max-snippet:-1","max-image-preview":"max-image-preview:large","max-video-preview":"max-video-preview:-1"},"canonical":"https:\/\/apuntesdesanluis.com\/index.php\/2024\/03\/27\/dictaron-la-conciliacion-obligatoria-y-el-transporte-sera-normal-este-miercoles-en-la-provincia\/","og_locale":"es_ES","og_type":"article","og_title":"DICTARON LA CONCILIACI\u00d3N OBLIGATORIA Y EL TRANSPORTE SER\u00c1 NORMAL ESTE MI\u00c9RCOLES EN LA PROVINCIA - Apuntes de San Luis","og_description":"El servicio p\u00fablico de pasajeros comenzar\u00e1 a funcionar normalmente desde las 5 de la ma\u00f1ana...","og_url":"https:\/\/apuntesdesanluis.com\/index.php\/2024\/03\/27\/dictaron-la-conciliacion-obligatoria-y-el-transporte-sera-normal-este-miercoles-en-la-provincia\/","og_site_name":"Apuntes de San Luis","article_published_time":"2024-03-27T03:39:06+00:00","article_modified_time":"2024-03-27T03:40:22+00:00","og_image":[{"width":800,"height":483,"url":"https:\/\/apuntesdesanluis.com\/wp-content\/uploads\/2024\/03\/COLECTIVOS.png","type":"image\/png"}],"author":"apuntesdesanluis.com","twitter_card":"summary_large_image","twitter_misc":{"Escrito por":"apuntesdesanluis.com","Tiempo de lectura":"1 minuto"},"schema":{"@context":"https:\/\/schema.org","@graph":[{"@type":"Article","@id":"https:\/\/apuntesdesanluis.com\/index.php\/2024\/03\/27\/dictaron-la-conciliacion-obligatoria-y-el-transporte-sera-normal-este-miercoles-en-la-provincia\/#article","isPartOf":{"@id":"https:\/\/apuntesdesanluis.com\/index.php\/2024\/03\/27\/dictaron-la-conciliacion-obligatoria-y-el-transporte-sera-normal-este-miercoles-en-la-provincia\/"},"author":{"name":"apuntesdesanluis.com","@id":"https:\/\/apuntesdesanluis.com\/#\/schema\/person\/b55151d52296fcce64d1a72538a70b90"},"headline":"DICTARON LA CONCILIACI\u00d3N OBLIGATORIA Y EL TRANSPORTE SER\u00c1 NORMAL ESTE MI\u00c9RCOLES EN LA PROVINCIA","datePublished":"2024-03-27T03:39:06+00:00","dateModified":"2024-03-27T03:40:22+00:00","mainEntityOfPage":{"@id":"https:\/\/apuntesdesanluis.com\/index.php\/2024\/03\/27\/dictaron-la-conciliacion-obligatoria-y-el-transporte-sera-normal-este-miercoles-en-la-provincia\/"},"wordCount":128,"publisher":{"@id":"https:\/\/apuntesdesanluis.com\/#\/schema\/person\/b55151d52296fcce64d1a72538a70b90"},"image":{"@id":"https:\/\/apuntesdesanluis.com\/index.php\/2024\/03\/27\/dictaron-la-conciliacion-obligatoria-y-el-transporte-sera-normal-este-miercoles-en-la-provincia\/#primaryimage"},"thumbnailUrl":"https:\/\/apuntesdesanluis.com\/wp-content\/uploads\/2024\/03\/COLECTIVOS.png","articleSection":["Ciudad\/Provincia"],"inLanguage":"es-AR"},{"@type":"WebPage","@id":"https:\/\/apuntesdesanluis.com\/index.php\/2024\/03\/27\/dictaron-la-conciliacion-obligatoria-y-el-transporte-sera-normal-este-miercoles-en-la-provincia\/","url":"https:\/\/apuntesdesanluis.com\/index.php\/2024\/03\/27\/dictaron-la-conciliacion-obligatoria-y-el-transporte-sera-normal-este-miercoles-en-la-provincia\/","name":"DICTARON LA CONCILIACI\u00d3N OBLIGATORIA Y EL TRANSPORTE SER\u00c1 NORMAL ESTE MI\u00c9RCOLES EN LA PROVINCIA - Apuntes de San Luis","isPartOf":{"@id":"https:\/\/apuntesdesanluis.com\/#website"},"primaryImageOfPage":{"@id":"https:\/\/apuntesdesanluis.com\/index.php\/2024\/03\/27\/dictaron-la-conciliacion-obligatoria-y-el-transporte-sera-normal-este-miercoles-en-la-provincia\/#primaryimage"},"image":{"@id":"https:\/\/apuntesdesanluis.com\/index.php\/2024\/03\/27\/dictaron-la-conciliacion-obligatoria-y-el-transporte-sera-normal-este-miercoles-en-la-provincia\/#primaryimage"},"thumbnailUrl":"https:\/\/apuntesdesanluis.com\/wp-content\/uploads\/2024\/03\/COLECTIVOS.png","datePublished":"2024-03-27T03:39:06+00:00","dateModified":"2024-03-27T03:40:22+00:00","breadcrumb":{"@id":"https:\/\/apuntesdesanluis.com\/index.php\/2024\/03\/27\/dictaron-la-conciliacion-obligatoria-y-el-transporte-sera-normal-este-miercoles-en-la-provincia\/#breadcrumb"},"inLanguage":"es-AR","potentialAction":[{"@type":"ReadAction","target":["https:\/\/apuntesdesanluis.com\/index.php\/2024\/03\/27\/dictaron-la-conciliacion-obligatoria-y-el-transporte-sera-normal-este-miercoles-en-la-provincia\/"]}]},{"@type":"ImageObject","inLanguage":"es-AR","@id":"https:\/\/apuntesdesanluis.com\/index.php\/2024\/03\/27\/dictaron-la-conciliacion-obligatoria-y-el-transporte-sera-normal-este-miercoles-en-la-provincia\/#primaryimage","url":"https:\/\/apuntesdesanluis.com\/wp-content\/uploads\/2024\/03\/COLECTIVOS.png","contentUrl":"https:\/\/apuntesdesanluis.com\/wp-content\/uploads\/2024\/03\/COLECTIVOS.png","width":800,"height":483},{"@type":"BreadcrumbList","@id":"https:\/\/apuntesdesanluis.com\/index.php\/2024\/03\/27\/dictaron-la-conciliacion-obligatoria-y-el-transporte-sera-normal-este-miercoles-en-la-provincia\/#breadcrumb","itemListElement":[{"@type":"ListItem","position":1,"name":"Inicio","item":"https:\/\/apuntesdesanluis.com\/"},{"@type":"ListItem","position":2,"name":"DICTARON LA CONCILIACI\u00d3N OBLIGATORIA Y EL TRANSPORTE SER\u00c1 NORMAL ESTE MI\u00c9RCOLES EN LA PROVINCIA"}]},{"@type":"WebSite","@id":"https:\/\/apuntesdesanluis.com\/#website","url":"https:\/\/apuntesdesanluis.com\/","name":"Apuntes de San Luis","description":"","publisher":{"@id":"https:\/\/apuntesdesanluis.com\/#\/schema\/person\/b55151d52296fcce64d1a72538a70b90"},"potentialAction":[{"@type":"SearchAction","target":{"@type":"EntryPoint","urlTemplate":"https:\/\/apuntesdesanluis.com\/?s={search_term_string}"},"query-input":{"@type":"PropertyValueSpecification","valueRequired":true,"valueName":"search_term_string"}}],"inLanguage":"es-AR"},{"@type":["Person","Organization"],"@id":"https:\/\/apuntesdesanluis.com\/#\/schema\/person\/b55151d52296fcce64d1a72538a70b90","name":"apuntesdesanluis.com","image":{"@type":"ImageObject","inLanguage":"es-AR","@id":"https:\/\/apuntesdesanluis.com\/#\/schema\/person\/image\/","url":"https:\/\/apuntesdesanluis.com\/wp-content\/uploads\/2023\/07\/cropped-apuntesdesanluis.png","contentUrl":"https:\/\/apuntesdesanluis.com\/wp-content\/uploads\/2023\/07\/cropped-apuntesdesanluis.png","width":450,"height":112,"caption":"apuntesdesanluis.com"},"logo":{"@id":"https:\/\/apuntesdesanluis.com\/#\/schema\/person\/image\/"},"sameAs":["https:\/\/apuntesdesanluis.com"],"url":"https:\/\/apuntesdesanluis.com\/index.php\/author\/apuntesdesanluis-com\/"}]}},"featured_image_urls":{"full":["https:\/\/apuntesdesanluis.com\/wp-content\/uploads\/2024\/03\/COLECTIVOS.png",800,483,false],"thumbnail":["https:\/\/apuntesdesanluis.com\/wp-content\/uploads\/2024\/03\/COLECTIVOS-150x150.png",150,150,true],"medium":["https:\/\/apuntesdesanluis.com\/wp-content\/uploads\/2024\/03\/COLECTIVOS-300x181.png",300,181,true],"medium_large":["https:\/\/apuntesdesanluis.com\/wp-content\/uploads\/2024\/03\/COLECTIVOS-768x464.png",640,387,true],"large":["https:\/\/apuntesdesanluis.com\/wp-content\/uploads\/2024\/03\/COLECTIVOS.png",640,386,false],"1536x1536":["https:\/\/apuntesdesanluis.com\/wp-content\/uploads\/2024\/03\/COLECTIVOS.png",800,483,false],"2048x2048":["https:\/\/apuntesdesanluis.com\/wp-content\/uploads\/2024\/03\/COLECTIVOS.png",800,483,false],"newsever-slider-full":["https:\/\/apuntesdesanluis.com\/wp-content\/uploads\/2024\/03\/COLECTIVOS.png",800,483,false],"newsever-featured":["https:\/\/apuntesdesanluis.com\/wp-content\/uploads\/2024\/03\/COLECTIVOS.png",800,483,false],"newsever-medium":["https:\/\/apuntesdesanluis.com\/wp-content\/uploads\/2024\/03\/COLECTIVOS-720x475.png",720,475,true]},"author_info":{"display_name":"apuntesdesanluis.com","author_link":"https:\/\/apuntesdesanluis.com\/index.php\/author\/apuntesdesanluis-com\/"},"category_info":"<a href=\"https:\/\/apuntesdesanluis.com\/index.php\/category\/ciudad-provincia\/\" rel=\"category tag\">Ciudad\/Provincia<\/a>","tag_info":"Ciudad\/Provincia","comment_count":"0","_links":{"self":[{"href":"https:\/\/apuntesdesanluis.com\/index.php\/wp-json\/wp\/v2\/posts\/13802","targetHints":{"allow":["GET"]}}],"collection":[{"href":"https:\/\/apuntesdesanluis.com\/index.php\/wp-json\/wp\/v2\/posts"}],"about":[{"href":"https:\/\/apuntesdesanluis.com\/index.php\/wp-json\/wp\/v2\/types\/post"}],"author":[{"embeddable":true,"href":"https:\/\/apuntesdesanluis.com\/index.php\/wp-json\/wp\/v2\/users\/1"}],"replies":[{"embeddable":true,"href":"https:\/\/apuntesdesanluis.com\/index.php\/wp-json\/wp\/v2\/comments?post=13802"}],"version-history":[{"count":4,"href":"https:\/\/apuntesdesanluis.com\/index.php\/wp-json\/wp\/v2\/posts\/13802\/revisions"}],"predecessor-version":[{"id":13809,"href":"https:\/\/apuntesdesanluis.com\/index.php\/wp-json\/wp\/v2\/posts\/13802\/revisions\/13809"}],"wp:featuredmedia":[{"embeddable":true,"href":"https:\/\/apuntesdesanluis.com\/index.php\/wp-json\/wp\/v2\/media\/13804"}],"wp:attachment":[{"href":"https:\/\/apuntesdesanluis.com\/index.php\/wp-json\/wp\/v2\/media?parent=13802"}],"wp:term":[{"taxonomy":"category","embeddable":true,"href":"https:\/\/apuntesdesanluis.com\/index.php\/wp-json\/wp\/v2\/categories?post=13802"},{"taxonomy":"post_tag","embeddable":true,"href":"https:\/\/apuntesdesanluis.com\/index.php\/wp-json\/wp\/v2\/tags?post=13802"}],"curies":[{"name":"wp","href":"https:\/\/api.w.org\/{rel}","templated":true}]}}