{"id":1381,"date":"2023-08-10T00:31:34","date_gmt":"2023-08-10T03:31:34","guid":{"rendered":"https:\/\/apuntesdesanluis.com\/?p=1381"},"modified":"2023-08-10T00:40:21","modified_gmt":"2023-08-10T03:40:21","slug":"conmocion-en-ecuador-por-el-asesinato-del-candidato-presidencial-fernando-villavicencio","status":"publish","type":"post","link":"https:\/\/apuntesdesanluis.com\/index.php\/2023\/08\/10\/conmocion-en-ecuador-por-el-asesinato-del-candidato-presidencial-fernando-villavicencio\/","title":{"rendered":"CONMOCI\u00d3N EN ECUADOR POR EL ASESINATO DEL CANDIDATO PRESIDENCIAL FERNANDO VILLAVICENCIO"},"content":{"rendered":"<h3>El candidato a presidente de Ecuador <strong>Fernando Villavicencio<\/strong> fue asesinado a balazos este mi\u00e9rcoles, a la salida de un acto pol\u00edtico que hab\u00eda realizado en el coliseo del colegio Anderson, en Quito. La polic\u00eda confirm\u00f3 la muerte de un sospechoso de participar del atentado.<\/h3>\n<h3>El atentado al referente del <strong>Movimiento Construye<\/strong> y asamble\u00edsta nacional, de 59 a\u00f1os, conmocion\u00f3 al pa\u00eds vecino. Medios locales aseguran que se trat\u00f3 de un ataque perpetrado por sicarios.<\/h3>\n<h3>El grave hecho fue captado por una persona que estaba en las afueras del establecimiento en el que hab\u00eda tenido el encuentro Villavicencio.<\/h3>\n<h3>En las im\u00e1genes se lo ve escoltado por el personal de seguridad y cuando ingresa a un veh\u00edculo que lo estaba esperando se escuchan varias detonaciones.<\/h3>\n<h3>Autom\u00e1ticamente, quienes estaban all\u00ed se arrojaron al piso. El candidato presidencial fue trasladado a la cl\u00ednica de La Mujer por sus heridas de gravedad y luego muri\u00f3.<\/h3>\n<p><iframe title=\"Este es el momento exacto del asesinato del candidato presidencial de Ecuador Fernando Villavicencio\" width=\"640\" height=\"360\" src=\"https:\/\/www.youtube.com\/embed\/fUyxmyjHPY4?start=1&#038;feature=oembed\" frameborder=\"0\" allow=\"accelerometer; autoplay; clipboard-write; encrypted-media; gyroscope; picture-in-picture; web-share\" referrerpolicy=\"strict-origin-when-cross-origin\" allowfullscreen><\/iframe><\/p>\n<h3><\/h3>\n<h3><strong>MUERTE DE UN SOSPECHOSO<\/strong><\/h3>\n<h3 class=\"paragraph\" data-mrf-recirculation=\"Links inline\">Uno de los hombres sospechoso de haber asesinado este mi\u00e9rcoles al candidato a la Presidencia de Ecuador<b>\u00a0Fernando Villavicencio<\/b>\u00a0muri\u00f3 despu\u00e9s de mantener un\u00a0<b>intercambio de disparos<\/b>\u00a0con el personal de seguridad, inform\u00f3 la Fiscal\u00eda en redes sociales.<\/h3>\n<h3 class=\"paragraph\" data-mrf-recirculation=\"Links inline\">El\u00a0<b>Ministerio P\u00fablico<\/b>\u00a0inform\u00f3 que el sujeto, \u201cque result\u00f3 herido durante el cruce de balas con el personal de seguridad,<b>\u00a0fue aprehendido y trasladado malherido hasta la Unidad de Flagrancia en Quito<\/b>\u201d.<\/h3>\n<p><img fetchpriority=\"high\" decoding=\"async\" class=\"wp-image-1389 aligncenter\" src=\"https:\/\/apuntesdesanluis.com\/wp-content\/uploads\/2023\/08\/MUERTO-300x214.png\" alt=\"\" width=\"789\" height=\"563\" srcset=\"https:\/\/apuntesdesanluis.com\/wp-content\/uploads\/2023\/08\/MUERTO-300x214.png 300w, https:\/\/apuntesdesanluis.com\/wp-content\/uploads\/2023\/08\/MUERTO.png 768w\" sizes=\"(max-width: 789px) 100vw, 789px\" \/><\/p>\n<div class=\"dfpAd ad-inline\">\n<div id=\"america\/america_latina\/nota\/inline\" class=\"america\/america_latina\/nota\/inline arcad\" data-google-query-id=\"CMO0xJeV0YADFRtK3QIde2cIvg\">\n<div id=\"google_ads_iframe_\/1058609\/america\/america_latina\/nota\/inline_0__container__\">\u201cUna ambulancia de los Bombeos confirm\u00f3 su deceso. La Polic\u00eda procede con el levantamiento del cad\u00e1ver\u201d, detall\u00f3 la Fiscal\u00eda sobre el presunto autor del asesinato de Villavicencio, atacado a tiros a la salida de un mitin electoral en un concurrido y c\u00e9ntrico sector de la capital ecuatoriana.<\/div>\n<\/div>\n<\/div>\n<h3 class=\"paragraph\" data-mrf-recirculation=\"Links inline\">Hasta ahora no ha trascendido mayor informaci\u00f3n de los autores del atentado ni tampoco las autoridades se han pronunciado si se perpetr\u00f3 con un \u00fanico atacante o en su ejecuci\u00f3n participaron otras personas.<\/h3>\n<h3 class=\"paragraph\" data-mrf-recirculation=\"Links inline\">Mientras, el movimiento pol\u00edtico Construye que ten\u00eda a Villavicencio como candidato presidencial denunci\u00f3 a trav\u00e9s de redes sociales que hombres armados han atacado sus oficinas de campa\u00f1a en Quito, pocas horas despu\u00e9s del atentado contra el pol\u00edtico.<\/h3>\n","protected":false},"excerpt":{"rendered":"<p>El candidato a presidente de Ecuador Fernando Villavicencio fue asesinado a balazos este mi\u00e9rcoles, a&#8230;<\/p>\n","protected":false},"author":1,"featured_media":1382,"comment_status":"closed","ping_status":"closed","sticky":false,"template":"","format":"standard","meta":{"footnotes":""},"categories":[5],"tags":[],"class_list":["post-1381","post","type-post","status-publish","format-standard","has-post-thumbnail","hentry","category-nacionales-internacionales"],"yoast_head":"<!-- This site is optimized with the Yoast SEO plugin v26.1.1 - https:\/\/yoast.com\/wordpress\/plugins\/seo\/ -->\n<title>CONMOCI\u00d3N EN ECUADOR POR EL ASESINATO DEL CANDIDATO PRESIDENCIAL FERNANDO VILLAVICENCIO - Apuntes de San Luis<\/title>\n<meta name=\"robots\" content=\"index, follow, max-snippet:-1, max-image-preview:large, max-video-preview:-1\" \/>\n<link rel=\"canonical\" href=\"https:\/\/apuntesdesanluis.com\/index.php\/2023\/08\/10\/conmocion-en-ecuador-por-el-asesinato-del-candidato-presidencial-fernando-villavicencio\/\" \/>\n<meta property=\"og:locale\" content=\"es_ES\" \/>\n<meta property=\"og:type\" content=\"article\" \/>\n<meta property=\"og:title\" content=\"CONMOCI\u00d3N EN ECUADOR POR EL ASESINATO DEL CANDIDATO PRESIDENCIAL FERNANDO VILLAVICENCIO - Apuntes de San Luis\" \/>\n<meta property=\"og:description\" content=\"El candidato a presidente de Ecuador Fernando Villavicencio fue asesinado a balazos este mi\u00e9rcoles, a...\" \/>\n<meta property=\"og:url\" content=\"https:\/\/apuntesdesanluis.com\/index.php\/2023\/08\/10\/conmocion-en-ecuador-por-el-asesinato-del-candidato-presidencial-fernando-villavicencio\/\" \/>\n<meta property=\"og:site_name\" content=\"Apuntes de San Luis\" \/>\n<meta property=\"article:published_time\" content=\"2023-08-10T03:31:34+00:00\" \/>\n<meta property=\"article:modified_time\" content=\"2023-08-10T03:40:21+00:00\" \/>\n<meta property=\"og:image\" content=\"https:\/\/apuntesdesanluis.com\/wp-content\/uploads\/2023\/08\/VILLAVICENCIO.png\" \/>\n\t<meta property=\"og:image:width\" content=\"751\" \/>\n\t<meta property=\"og:image:height\" content=\"493\" \/>\n\t<meta property=\"og:image:type\" content=\"image\/png\" \/>\n<meta name=\"author\" content=\"apuntesdesanluis.com\" \/>\n<meta name=\"twitter:card\" content=\"summary_large_image\" \/>\n<meta name=\"twitter:label1\" content=\"Escrito por\" \/>\n\t<meta name=\"twitter:data1\" content=\"apuntesdesanluis.com\" \/>\n\t<meta name=\"twitter:label2\" content=\"Tiempo de lectura\" \/>\n\t<meta name=\"twitter:data2\" content=\"2 minutos\" \/>\n<script type=\"application\/ld+json\" class=\"yoast-schema-graph\">{\"@context\":\"https:\/\/schema.org\",\"@graph\":[{\"@type\":\"Article\",\"@id\":\"https:\/\/apuntesdesanluis.com\/index.php\/2023\/08\/10\/conmocion-en-ecuador-por-el-asesinato-del-candidato-presidencial-fernando-villavicencio\/#article\",\"isPartOf\":{\"@id\":\"https:\/\/apuntesdesanluis.com\/index.php\/2023\/08\/10\/conmocion-en-ecuador-por-el-asesinato-del-candidato-presidencial-fernando-villavicencio\/\"},\"author\":{\"name\":\"apuntesdesanluis.com\",\"@id\":\"https:\/\/apuntesdesanluis.com\/#\/schema\/person\/b55151d52296fcce64d1a72538a70b90\"},\"headline\":\"CONMOCI\u00d3N EN ECUADOR POR EL ASESINATO DEL CANDIDATO PRESIDENCIAL FERNANDO VILLAVICENCIO\",\"datePublished\":\"2023-08-10T03:31:34+00:00\",\"dateModified\":\"2023-08-10T03:40:21+00:00\",\"mainEntityOfPage\":{\"@id\":\"https:\/\/apuntesdesanluis.com\/index.php\/2023\/08\/10\/conmocion-en-ecuador-por-el-asesinato-del-candidato-presidencial-fernando-villavicencio\/\"},\"wordCount\":386,\"publisher\":{\"@id\":\"https:\/\/apuntesdesanluis.com\/#\/schema\/person\/b55151d52296fcce64d1a72538a70b90\"},\"image\":{\"@id\":\"https:\/\/apuntesdesanluis.com\/index.php\/2023\/08\/10\/conmocion-en-ecuador-por-el-asesinato-del-candidato-presidencial-fernando-villavicencio\/#primaryimage\"},\"thumbnailUrl\":\"https:\/\/apuntesdesanluis.com\/wp-content\/uploads\/2023\/08\/VILLAVICENCIO.png\",\"articleSection\":[\"Nacionales\/Internacionales\"],\"inLanguage\":\"es-AR\"},{\"@type\":\"WebPage\",\"@id\":\"https:\/\/apuntesdesanluis.com\/index.php\/2023\/08\/10\/conmocion-en-ecuador-por-el-asesinato-del-candidato-presidencial-fernando-villavicencio\/\",\"url\":\"https:\/\/apuntesdesanluis.com\/index.php\/2023\/08\/10\/conmocion-en-ecuador-por-el-asesinato-del-candidato-presidencial-fernando-villavicencio\/\",\"name\":\"CONMOCI\u00d3N EN ECUADOR POR EL ASESINATO DEL CANDIDATO PRESIDENCIAL FERNANDO VILLAVICENCIO - Apuntes de San Luis\",\"isPartOf\":{\"@id\":\"https:\/\/apuntesdesanluis.com\/#website\"},\"primaryImageOfPage\":{\"@id\":\"https:\/\/apuntesdesanluis.com\/index.php\/2023\/08\/10\/conmocion-en-ecuador-por-el-asesinato-del-candidato-presidencial-fernando-villavicencio\/#primaryimage\"},\"image\":{\"@id\":\"https:\/\/apuntesdesanluis.com\/index.php\/2023\/08\/10\/conmocion-en-ecuador-por-el-asesinato-del-candidato-presidencial-fernando-villavicencio\/#primaryimage\"},\"thumbnailUrl\":\"https:\/\/apuntesdesanluis.com\/wp-content\/uploads\/2023\/08\/VILLAVICENCIO.png\",\"datePublished\":\"2023-08-10T03:31:34+00:00\",\"dateModified\":\"2023-08-10T03:40:21+00:00\",\"breadcrumb\":{\"@id\":\"https:\/\/apuntesdesanluis.com\/index.php\/2023\/08\/10\/conmocion-en-ecuador-por-el-asesinato-del-candidato-presidencial-fernando-villavicencio\/#breadcrumb\"},\"inLanguage\":\"es-AR\",\"potentialAction\":[{\"@type\":\"ReadAction\",\"target\":[\"https:\/\/apuntesdesanluis.com\/index.php\/2023\/08\/10\/conmocion-en-ecuador-por-el-asesinato-del-candidato-presidencial-fernando-villavicencio\/\"]}]},{\"@type\":\"ImageObject\",\"inLanguage\":\"es-AR\",\"@id\":\"https:\/\/apuntesdesanluis.com\/index.php\/2023\/08\/10\/conmocion-en-ecuador-por-el-asesinato-del-candidato-presidencial-fernando-villavicencio\/#primaryimage\",\"url\":\"https:\/\/apuntesdesanluis.com\/wp-content\/uploads\/2023\/08\/VILLAVICENCIO.png\",\"contentUrl\":\"https:\/\/apuntesdesanluis.com\/wp-content\/uploads\/2023\/08\/VILLAVICENCIO.png\",\"width\":751,\"height\":493},{\"@type\":\"BreadcrumbList\",\"@id\":\"https:\/\/apuntesdesanluis.com\/index.php\/2023\/08\/10\/conmocion-en-ecuador-por-el-asesinato-del-candidato-presidencial-fernando-villavicencio\/#breadcrumb\",\"itemListElement\":[{\"@type\":\"ListItem\",\"position\":1,\"name\":\"Inicio\",\"item\":\"https:\/\/apuntesdesanluis.com\/\"},{\"@type\":\"ListItem\",\"position\":2,\"name\":\"CONMOCI\u00d3N EN ECUADOR POR EL ASESINATO DEL CANDIDATO PRESIDENCIAL FERNANDO VILLAVICENCIO\"}]},{\"@type\":\"WebSite\",\"@id\":\"https:\/\/apuntesdesanluis.com\/#website\",\"url\":\"https:\/\/apuntesdesanluis.com\/\",\"name\":\"Apuntes de San Luis\",\"description\":\"\",\"publisher\":{\"@id\":\"https:\/\/apuntesdesanluis.com\/#\/schema\/person\/b55151d52296fcce64d1a72538a70b90\"},\"potentialAction\":[{\"@type\":\"SearchAction\",\"target\":{\"@type\":\"EntryPoint\",\"urlTemplate\":\"https:\/\/apuntesdesanluis.com\/?s={search_term_string}\"},\"query-input\":{\"@type\":\"PropertyValueSpecification\",\"valueRequired\":true,\"valueName\":\"search_term_string\"}}],\"inLanguage\":\"es-AR\"},{\"@type\":[\"Person\",\"Organization\"],\"@id\":\"https:\/\/apuntesdesanluis.com\/#\/schema\/person\/b55151d52296fcce64d1a72538a70b90\",\"name\":\"apuntesdesanluis.com\",\"image\":{\"@type\":\"ImageObject\",\"inLanguage\":\"es-AR\",\"@id\":\"https:\/\/apuntesdesanluis.com\/#\/schema\/person\/image\/\",\"url\":\"https:\/\/apuntesdesanluis.com\/wp-content\/uploads\/2023\/07\/cropped-apuntesdesanluis.png\",\"contentUrl\":\"https:\/\/apuntesdesanluis.com\/wp-content\/uploads\/2023\/07\/cropped-apuntesdesanluis.png\",\"width\":450,\"height\":112,\"caption\":\"apuntesdesanluis.com\"},\"logo\":{\"@id\":\"https:\/\/apuntesdesanluis.com\/#\/schema\/person\/image\/\"},\"sameAs\":[\"https:\/\/apuntesdesanluis.com\"],\"url\":\"https:\/\/apuntesdesanluis.com\/index.php\/author\/apuntesdesanluis-com\/\"}]}<\/script>\n<!-- \/ Yoast SEO plugin. -->","yoast_head_json":{"title":"CONMOCI\u00d3N EN ECUADOR POR EL ASESINATO DEL CANDIDATO PRESIDENCIAL FERNANDO VILLAVICENCIO - Apuntes de San Luis","robots":{"index":"index","follow":"follow","max-snippet":"max-snippet:-1","max-image-preview":"max-image-preview:large","max-video-preview":"max-video-preview:-1"},"canonical":"https:\/\/apuntesdesanluis.com\/index.php\/2023\/08\/10\/conmocion-en-ecuador-por-el-asesinato-del-candidato-presidencial-fernando-villavicencio\/","og_locale":"es_ES","og_type":"article","og_title":"CONMOCI\u00d3N EN ECUADOR POR EL ASESINATO DEL CANDIDATO PRESIDENCIAL FERNANDO VILLAVICENCIO - Apuntes de San Luis","og_description":"El candidato a presidente de Ecuador Fernando Villavicencio fue asesinado a balazos este mi\u00e9rcoles, a...","og_url":"https:\/\/apuntesdesanluis.com\/index.php\/2023\/08\/10\/conmocion-en-ecuador-por-el-asesinato-del-candidato-presidencial-fernando-villavicencio\/","og_site_name":"Apuntes de San Luis","article_published_time":"2023-08-10T03:31:34+00:00","article_modified_time":"2023-08-10T03:40:21+00:00","og_image":[{"width":751,"height":493,"url":"https:\/\/apuntesdesanluis.com\/wp-content\/uploads\/2023\/08\/VILLAVICENCIO.png","type":"image\/png"}],"author":"apuntesdesanluis.com","twitter_card":"summary_large_image","twitter_misc":{"Escrito por":"apuntesdesanluis.com","Tiempo de lectura":"2 minutos"},"schema":{"@context":"https:\/\/schema.org","@graph":[{"@type":"Article","@id":"https:\/\/apuntesdesanluis.com\/index.php\/2023\/08\/10\/conmocion-en-ecuador-por-el-asesinato-del-candidato-presidencial-fernando-villavicencio\/#article","isPartOf":{"@id":"https:\/\/apuntesdesanluis.com\/index.php\/2023\/08\/10\/conmocion-en-ecuador-por-el-asesinato-del-candidato-presidencial-fernando-villavicencio\/"},"author":{"name":"apuntesdesanluis.com","@id":"https:\/\/apuntesdesanluis.com\/#\/schema\/person\/b55151d52296fcce64d1a72538a70b90"},"headline":"CONMOCI\u00d3N EN ECUADOR POR EL ASESINATO DEL CANDIDATO PRESIDENCIAL FERNANDO VILLAVICENCIO","datePublished":"2023-08-10T03:31:34+00:00","dateModified":"2023-08-10T03:40:21+00:00","mainEntityOfPage":{"@id":"https:\/\/apuntesdesanluis.com\/index.php\/2023\/08\/10\/conmocion-en-ecuador-por-el-asesinato-del-candidato-presidencial-fernando-villavicencio\/"},"wordCount":386,"publisher":{"@id":"https:\/\/apuntesdesanluis.com\/#\/schema\/person\/b55151d52296fcce64d1a72538a70b90"},"image":{"@id":"https:\/\/apuntesdesanluis.com\/index.php\/2023\/08\/10\/conmocion-en-ecuador-por-el-asesinato-del-candidato-presidencial-fernando-villavicencio\/#primaryimage"},"thumbnailUrl":"https:\/\/apuntesdesanluis.com\/wp-content\/uploads\/2023\/08\/VILLAVICENCIO.png","articleSection":["Nacionales\/Internacionales"],"inLanguage":"es-AR"},{"@type":"WebPage","@id":"https:\/\/apuntesdesanluis.com\/index.php\/2023\/08\/10\/conmocion-en-ecuador-por-el-asesinato-del-candidato-presidencial-fernando-villavicencio\/","url":"https:\/\/apuntesdesanluis.com\/index.php\/2023\/08\/10\/conmocion-en-ecuador-por-el-asesinato-del-candidato-presidencial-fernando-villavicencio\/","name":"CONMOCI\u00d3N EN ECUADOR POR EL ASESINATO DEL CANDIDATO PRESIDENCIAL FERNANDO VILLAVICENCIO - Apuntes de San Luis","isPartOf":{"@id":"https:\/\/apuntesdesanluis.com\/#website"},"primaryImageOfPage":{"@id":"https:\/\/apuntesdesanluis.com\/index.php\/2023\/08\/10\/conmocion-en-ecuador-por-el-asesinato-del-candidato-presidencial-fernando-villavicencio\/#primaryimage"},"image":{"@id":"https:\/\/apuntesdesanluis.com\/index.php\/2023\/08\/10\/conmocion-en-ecuador-por-el-asesinato-del-candidato-presidencial-fernando-villavicencio\/#primaryimage"},"thumbnailUrl":"https:\/\/apuntesdesanluis.com\/wp-content\/uploads\/2023\/08\/VILLAVICENCIO.png","datePublished":"2023-08-10T03:31:34+00:00","dateModified":"2023-08-10T03:40:21+00:00","breadcrumb":{"@id":"https:\/\/apuntesdesanluis.com\/index.php\/2023\/08\/10\/conmocion-en-ecuador-por-el-asesinato-del-candidato-presidencial-fernando-villavicencio\/#breadcrumb"},"inLanguage":"es-AR","potentialAction":[{"@type":"ReadAction","target":["https:\/\/apuntesdesanluis.com\/index.php\/2023\/08\/10\/conmocion-en-ecuador-por-el-asesinato-del-candidato-presidencial-fernando-villavicencio\/"]}]},{"@type":"ImageObject","inLanguage":"es-AR","@id":"https:\/\/apuntesdesanluis.com\/index.php\/2023\/08\/10\/conmocion-en-ecuador-por-el-asesinato-del-candidato-presidencial-fernando-villavicencio\/#primaryimage","url":"https:\/\/apuntesdesanluis.com\/wp-content\/uploads\/2023\/08\/VILLAVICENCIO.png","contentUrl":"https:\/\/apuntesdesanluis.com\/wp-content\/uploads\/2023\/08\/VILLAVICENCIO.png","width":751,"height":493},{"@type":"BreadcrumbList","@id":"https:\/\/apuntesdesanluis.com\/index.php\/2023\/08\/10\/conmocion-en-ecuador-por-el-asesinato-del-candidato-presidencial-fernando-villavicencio\/#breadcrumb","itemListElement":[{"@type":"ListItem","position":1,"name":"Inicio","item":"https:\/\/apuntesdesanluis.com\/"},{"@type":"ListItem","position":2,"name":"CONMOCI\u00d3N EN ECUADOR POR EL ASESINATO DEL CANDIDATO PRESIDENCIAL FERNANDO VILLAVICENCIO"}]},{"@type":"WebSite","@id":"https:\/\/apuntesdesanluis.com\/#website","url":"https:\/\/apuntesdesanluis.com\/","name":"Apuntes de San Luis","description":"","publisher":{"@id":"https:\/\/apuntesdesanluis.com\/#\/schema\/person\/b55151d52296fcce64d1a72538a70b90"},"potentialAction":[{"@type":"SearchAction","target":{"@type":"EntryPoint","urlTemplate":"https:\/\/apuntesdesanluis.com\/?s={search_term_string}"},"query-input":{"@type":"PropertyValueSpecification","valueRequired":true,"valueName":"search_term_string"}}],"inLanguage":"es-AR"},{"@type":["Person","Organization"],"@id":"https:\/\/apuntesdesanluis.com\/#\/schema\/person\/b55151d52296fcce64d1a72538a70b90","name":"apuntesdesanluis.com","image":{"@type":"ImageObject","inLanguage":"es-AR","@id":"https:\/\/apuntesdesanluis.com\/#\/schema\/person\/image\/","url":"https:\/\/apuntesdesanluis.com\/wp-content\/uploads\/2023\/07\/cropped-apuntesdesanluis.png","contentUrl":"https:\/\/apuntesdesanluis.com\/wp-content\/uploads\/2023\/07\/cropped-apuntesdesanluis.png","width":450,"height":112,"caption":"apuntesdesanluis.com"},"logo":{"@id":"https:\/\/apuntesdesanluis.com\/#\/schema\/person\/image\/"},"sameAs":["https:\/\/apuntesdesanluis.com"],"url":"https:\/\/apuntesdesanluis.com\/index.php\/author\/apuntesdesanluis-com\/"}]}},"featured_image_urls":{"full":["https:\/\/apuntesdesanluis.com\/wp-content\/uploads\/2023\/08\/VILLAVICENCIO.png",751,493,false],"thumbnail":["https:\/\/apuntesdesanluis.com\/wp-content\/uploads\/2023\/08\/VILLAVICENCIO-150x150.png",150,150,true],"medium":["https:\/\/apuntesdesanluis.com\/wp-content\/uploads\/2023\/08\/VILLAVICENCIO-300x197.png",300,197,true],"medium_large":["https:\/\/apuntesdesanluis.com\/wp-content\/uploads\/2023\/08\/VILLAVICENCIO.png",640,420,false],"large":["https:\/\/apuntesdesanluis.com\/wp-content\/uploads\/2023\/08\/VILLAVICENCIO.png",640,420,false],"1536x1536":["https:\/\/apuntesdesanluis.com\/wp-content\/uploads\/2023\/08\/VILLAVICENCIO.png",751,493,false],"2048x2048":["https:\/\/apuntesdesanluis.com\/wp-content\/uploads\/2023\/08\/VILLAVICENCIO.png",751,493,false],"newsever-slider-full":["https:\/\/apuntesdesanluis.com\/wp-content\/uploads\/2023\/08\/VILLAVICENCIO.png",751,493,false],"newsever-featured":["https:\/\/apuntesdesanluis.com\/wp-content\/uploads\/2023\/08\/VILLAVICENCIO.png",751,493,false],"newsever-medium":["https:\/\/apuntesdesanluis.com\/wp-content\/uploads\/2023\/08\/VILLAVICENCIO-720x475.png",720,475,true]},"author_info":{"display_name":"apuntesdesanluis.com","author_link":"https:\/\/apuntesdesanluis.com\/index.php\/author\/apuntesdesanluis-com\/"},"category_info":"<a href=\"https:\/\/apuntesdesanluis.com\/index.php\/category\/nacionales-internacionales\/\" rel=\"category tag\">Nacionales\/Internacionales<\/a>","tag_info":"Nacionales\/Internacionales","comment_count":"0","_links":{"self":[{"href":"https:\/\/apuntesdesanluis.com\/index.php\/wp-json\/wp\/v2\/posts\/1381","targetHints":{"allow":["GET"]}}],"collection":[{"href":"https:\/\/apuntesdesanluis.com\/index.php\/wp-json\/wp\/v2\/posts"}],"about":[{"href":"https:\/\/apuntesdesanluis.com\/index.php\/wp-json\/wp\/v2\/types\/post"}],"author":[{"embeddable":true,"href":"https:\/\/apuntesdesanluis.com\/index.php\/wp-json\/wp\/v2\/users\/1"}],"replies":[{"embeddable":true,"href":"https:\/\/apuntesdesanluis.com\/index.php\/wp-json\/wp\/v2\/comments?post=1381"}],"version-history":[{"count":4,"href":"https:\/\/apuntesdesanluis.com\/index.php\/wp-json\/wp\/v2\/posts\/1381\/revisions"}],"predecessor-version":[{"id":1390,"href":"https:\/\/apuntesdesanluis.com\/index.php\/wp-json\/wp\/v2\/posts\/1381\/revisions\/1390"}],"wp:featuredmedia":[{"embeddable":true,"href":"https:\/\/apuntesdesanluis.com\/index.php\/wp-json\/wp\/v2\/media\/1382"}],"wp:attachment":[{"href":"https:\/\/apuntesdesanluis.com\/index.php\/wp-json\/wp\/v2\/media?parent=1381"}],"wp:term":[{"taxonomy":"category","embeddable":true,"href":"https:\/\/apuntesdesanluis.com\/index.php\/wp-json\/wp\/v2\/categories?post=1381"},{"taxonomy":"post_tag","embeddable":true,"href":"https:\/\/apuntesdesanluis.com\/index.php\/wp-json\/wp\/v2\/tags?post=1381"}],"curies":[{"name":"wp","href":"https:\/\/api.w.org\/{rel}","templated":true}]}}