{"id":13830,"date":"2024-03-27T22:52:45","date_gmt":"2024-03-28T01:52:45","guid":{"rendered":"https:\/\/apuntesdesanluis.com\/?p=13830"},"modified":"2024-03-27T22:52:45","modified_gmt":"2024-03-28T01:52:45","slug":"ampliaron-cargos-formulados-a-un-imputado-por-violencia-de-genero","status":"publish","type":"post","link":"https:\/\/apuntesdesanluis.com\/index.php\/2024\/03\/27\/ampliaron-cargos-formulados-a-un-imputado-por-violencia-de-genero\/","title":{"rendered":"AMPLIARON CARGOS FORMULADOS A UN IMPUTADO POR VIOLENCIA DE G\u00c9NERO"},"content":{"rendered":"<h3>Fue en el marco de una causa donde se investiga un hecho ocurrido en Villa Mercedes el 7 de marzo, en el domicilio donde conviv\u00edan el imputado \u2013 quien actualmente cumple prisi\u00f3n preventiva en el Servicio Penitenciario provincial- con su pareja.<\/h3>\n<h3>En una audiencia que se desarroll\u00f3 en la ma\u00f1ana del martes, el Ministerio P\u00fablico Fiscal de la Segunda Circunscripci\u00f3n ampli\u00f3 los cargos formulados a un hombre que es investigado en marco de una causa por violencia de g\u00e9nero.<\/h3>\n<h3>Inicialmente, en la audiencia desarrollada el 14 de marzo, al imputado se le formularon cargos por el delito de\u00a0 privaci\u00f3n ileg\u00edtima de la libertad y lesiones leves agravadas por el v\u00ednculo.<\/h3>\n<h3>Ayer, el Ministerio P\u00fablico Fiscal solicit\u00f3 que se ampl\u00ede la formulaci\u00f3n de cargos en relaci\u00f3n a la privaci\u00f3n il\u00e9gitima de la libertad agravada por mediar violencia o amenazas y mediar relaci\u00f3n de pareja (Arts. 142 Inc 1\u00ba y 2\u00ba). La defensa hizo reserva de efectuar planteo pertinente conforme lo establece el Art. 121.<\/h3>\n<h3>Luego de escuchar los fundamentos de las partes, el Juez de Garant\u00edas N\u00ba 2 \u2013 Dr. Mat\u00edas Farinazzo Tempestini \u2013 tuvo por formulados los cargos por: lesiones agravadas por el v\u00ednculo, amenazas con arma y privaci\u00f3n ileg\u00edtima de la libertad agravada por mediar violencia o amenaza y mediar relaci\u00f3n de pareja todo en concurso real (Art. 89 con remisi\u00f3n al Art. 80 Inc 1; 142 Inc 1\u00ba y 2\u00ba, 149 bis primer p\u00e1rrafo ultima parte, 55 y 45 del C\u00f3digo Penal Argentino).<\/h3>\n<h3>En la audiencia estuvieron presentes representantes del Ministerio P\u00fablico Fiscal, Dr. Maximiliano Bazla Cassina \u2013Fiscal de Instrucci\u00f3n-, la Dra. Cecilia Framini, Fiscal Adjunta. En representaci\u00f3n del imputado actu\u00f3 la Dra. Ximena Bertoli \u2013Defensora Oficial-. Intervino como secretaria la Dra. Claudia Suarez.<\/h3>\n<h3>El hecho, seg\u00fan lo relatado por el Ministerio P\u00fablico Fiscal en la audiencia de formulaci\u00f3n de cargos,\u00a0 ocurri\u00f3 el 7 de marzo a las 13:30 horas aproximadamente en el domicilio donde conviv\u00edan el imputado con su pareja. En esta oportunidad, luego de que la v\u00edctima le pidiera a su pareja que se retire de la vivienda por la violencia ejercida,\u00a0 el imputado amenaz\u00f3 con un cuchillo a la mujer, le propin\u00f3 golpes e impidi\u00f3 que saliera del domicilio. En un momento, ambos salieron a comprar cigarrillos y fue all\u00ed, en un descuido del imputado, que la v\u00edctima le entreg\u00f3 un papel a la comerciante pidiendo auxilio, con el domicilio y solicitando el llamado a la polic\u00eda.<\/h3>\n<h3>\u2026\u2026\u2026\u2026..<\/h3>\n<h3><span style=\"color: #3366ff;\"><strong>PARA DENUNCIAR CASOS DE VIOLENCIA:<\/strong><\/span><\/h3>\n<h3><strong>L\u00cdNEA 104<\/strong><\/h3>\n<h3><\/h3>\n<h3><em>El Ministerio P\u00fablico Fiscal tiene a disposici\u00f3n el sitio web \u201cMi Denuncia\u201d,\u00a0 una plataforma en l\u00ednea creada por el Poder Judicial de San Luis que permite a los ciudadanos presentar denuncias de forma virtual mediante la cumplimentaci\u00f3n de un formulario en la web. <span style=\"color: #3366ff;\"><a style=\"color: #3366ff;\" href=\"https:\/\/midenuncia.justiciasanluis.gov.ar\/\">https:\/\/midenuncia.justiciasanluis.gov.ar\/<\/a>\u00a0<\/span><\/em><\/h3>\n<h3><em>La Subsecretar\u00eda de la Mujer de la Municipalidad de Villa Mercedes cuenta con una Guardia Activa 24 Horas para acompa\u00f1ar y asesorar ante situaciones de violencia: <strong><span style=\"color: #3366ff;\">L\u00ednea Fija (2657) 427044\u00a0 Celular 2657304409.<\/span><\/strong><\/em><\/h3>\n<p>&nbsp;<\/p>\n<p>&nbsp;<\/p>\n<p>&nbsp;<\/p>\n","protected":false},"excerpt":{"rendered":"<p>Fue en el marco de una causa donde se investiga un hecho ocurrido en Villa&#8230;<\/p>\n","protected":false},"author":1,"featured_media":764,"comment_status":"closed","ping_status":"closed","sticky":false,"template":"","format":"standard","meta":{"footnotes":""},"categories":[6],"tags":[],"class_list":["post-13830","post","type-post","status-publish","format-standard","has-post-thumbnail","hentry","category-ciudad-provincia"],"yoast_head":"<!-- This site is optimized with the Yoast SEO plugin v26.1.1 - https:\/\/yoast.com\/wordpress\/plugins\/seo\/ -->\n<title>AMPLIARON CARGOS FORMULADOS A UN IMPUTADO POR VIOLENCIA DE G\u00c9NERO - Apuntes de San Luis<\/title>\n<meta name=\"robots\" content=\"index, follow, max-snippet:-1, max-image-preview:large, max-video-preview:-1\" \/>\n<link rel=\"canonical\" href=\"https:\/\/apuntesdesanluis.com\/index.php\/2024\/03\/27\/ampliaron-cargos-formulados-a-un-imputado-por-violencia-de-genero\/\" \/>\n<meta property=\"og:locale\" content=\"es_ES\" \/>\n<meta property=\"og:type\" content=\"article\" \/>\n<meta property=\"og:title\" content=\"AMPLIARON CARGOS FORMULADOS A UN IMPUTADO POR VIOLENCIA DE G\u00c9NERO - Apuntes de San Luis\" \/>\n<meta property=\"og:description\" content=\"Fue en el marco de una causa donde se investiga un hecho ocurrido en Villa...\" \/>\n<meta property=\"og:url\" content=\"https:\/\/apuntesdesanluis.com\/index.php\/2024\/03\/27\/ampliaron-cargos-formulados-a-un-imputado-por-violencia-de-genero\/\" \/>\n<meta property=\"og:site_name\" content=\"Apuntes de San Luis\" \/>\n<meta property=\"article:published_time\" content=\"2024-03-28T01:52:45+00:00\" \/>\n<meta property=\"og:image\" content=\"https:\/\/apuntesdesanluis.com\/wp-content\/uploads\/2023\/07\/tribunales-de-villa-mercedes.png\" \/>\n\t<meta property=\"og:image:width\" content=\"739\" \/>\n\t<meta property=\"og:image:height\" content=\"443\" \/>\n\t<meta property=\"og:image:type\" content=\"image\/png\" \/>\n<meta name=\"author\" content=\"apuntesdesanluis.com\" \/>\n<meta name=\"twitter:card\" content=\"summary_large_image\" \/>\n<meta name=\"twitter:label1\" content=\"Escrito por\" \/>\n\t<meta name=\"twitter:data1\" content=\"apuntesdesanluis.com\" \/>\n\t<meta name=\"twitter:label2\" content=\"Tiempo de lectura\" \/>\n\t<meta name=\"twitter:data2\" content=\"3 minutos\" \/>\n<script type=\"application\/ld+json\" class=\"yoast-schema-graph\">{\"@context\":\"https:\/\/schema.org\",\"@graph\":[{\"@type\":\"Article\",\"@id\":\"https:\/\/apuntesdesanluis.com\/index.php\/2024\/03\/27\/ampliaron-cargos-formulados-a-un-imputado-por-violencia-de-genero\/#article\",\"isPartOf\":{\"@id\":\"https:\/\/apuntesdesanluis.com\/index.php\/2024\/03\/27\/ampliaron-cargos-formulados-a-un-imputado-por-violencia-de-genero\/\"},\"author\":{\"name\":\"apuntesdesanluis.com\",\"@id\":\"https:\/\/apuntesdesanluis.com\/#\/schema\/person\/b55151d52296fcce64d1a72538a70b90\"},\"headline\":\"AMPLIARON CARGOS FORMULADOS A UN IMPUTADO POR VIOLENCIA DE G\u00c9NERO\",\"datePublished\":\"2024-03-28T01:52:45+00:00\",\"mainEntityOfPage\":{\"@id\":\"https:\/\/apuntesdesanluis.com\/index.php\/2024\/03\/27\/ampliaron-cargos-formulados-a-un-imputado-por-violencia-de-genero\/\"},\"wordCount\":520,\"publisher\":{\"@id\":\"https:\/\/apuntesdesanluis.com\/#\/schema\/person\/b55151d52296fcce64d1a72538a70b90\"},\"image\":{\"@id\":\"https:\/\/apuntesdesanluis.com\/index.php\/2024\/03\/27\/ampliaron-cargos-formulados-a-un-imputado-por-violencia-de-genero\/#primaryimage\"},\"thumbnailUrl\":\"https:\/\/apuntesdesanluis.com\/wp-content\/uploads\/2023\/07\/tribunales-de-villa-mercedes.png\",\"articleSection\":[\"Ciudad\/Provincia\"],\"inLanguage\":\"es-AR\"},{\"@type\":\"WebPage\",\"@id\":\"https:\/\/apuntesdesanluis.com\/index.php\/2024\/03\/27\/ampliaron-cargos-formulados-a-un-imputado-por-violencia-de-genero\/\",\"url\":\"https:\/\/apuntesdesanluis.com\/index.php\/2024\/03\/27\/ampliaron-cargos-formulados-a-un-imputado-por-violencia-de-genero\/\",\"name\":\"AMPLIARON CARGOS FORMULADOS A UN IMPUTADO POR VIOLENCIA DE G\u00c9NERO - Apuntes de San Luis\",\"isPartOf\":{\"@id\":\"https:\/\/apuntesdesanluis.com\/#website\"},\"primaryImageOfPage\":{\"@id\":\"https:\/\/apuntesdesanluis.com\/index.php\/2024\/03\/27\/ampliaron-cargos-formulados-a-un-imputado-por-violencia-de-genero\/#primaryimage\"},\"image\":{\"@id\":\"https:\/\/apuntesdesanluis.com\/index.php\/2024\/03\/27\/ampliaron-cargos-formulados-a-un-imputado-por-violencia-de-genero\/#primaryimage\"},\"thumbnailUrl\":\"https:\/\/apuntesdesanluis.com\/wp-content\/uploads\/2023\/07\/tribunales-de-villa-mercedes.png\",\"datePublished\":\"2024-03-28T01:52:45+00:00\",\"breadcrumb\":{\"@id\":\"https:\/\/apuntesdesanluis.com\/index.php\/2024\/03\/27\/ampliaron-cargos-formulados-a-un-imputado-por-violencia-de-genero\/#breadcrumb\"},\"inLanguage\":\"es-AR\",\"potentialAction\":[{\"@type\":\"ReadAction\",\"target\":[\"https:\/\/apuntesdesanluis.com\/index.php\/2024\/03\/27\/ampliaron-cargos-formulados-a-un-imputado-por-violencia-de-genero\/\"]}]},{\"@type\":\"ImageObject\",\"inLanguage\":\"es-AR\",\"@id\":\"https:\/\/apuntesdesanluis.com\/index.php\/2024\/03\/27\/ampliaron-cargos-formulados-a-un-imputado-por-violencia-de-genero\/#primaryimage\",\"url\":\"https:\/\/apuntesdesanluis.com\/wp-content\/uploads\/2023\/07\/tribunales-de-villa-mercedes.png\",\"contentUrl\":\"https:\/\/apuntesdesanluis.com\/wp-content\/uploads\/2023\/07\/tribunales-de-villa-mercedes.png\",\"width\":739,\"height\":443},{\"@type\":\"BreadcrumbList\",\"@id\":\"https:\/\/apuntesdesanluis.com\/index.php\/2024\/03\/27\/ampliaron-cargos-formulados-a-un-imputado-por-violencia-de-genero\/#breadcrumb\",\"itemListElement\":[{\"@type\":\"ListItem\",\"position\":1,\"name\":\"Inicio\",\"item\":\"https:\/\/apuntesdesanluis.com\/\"},{\"@type\":\"ListItem\",\"position\":2,\"name\":\"AMPLIARON CARGOS FORMULADOS A UN IMPUTADO POR VIOLENCIA DE G\u00c9NERO\"}]},{\"@type\":\"WebSite\",\"@id\":\"https:\/\/apuntesdesanluis.com\/#website\",\"url\":\"https:\/\/apuntesdesanluis.com\/\",\"name\":\"Apuntes de San Luis\",\"description\":\"\",\"publisher\":{\"@id\":\"https:\/\/apuntesdesanluis.com\/#\/schema\/person\/b55151d52296fcce64d1a72538a70b90\"},\"potentialAction\":[{\"@type\":\"SearchAction\",\"target\":{\"@type\":\"EntryPoint\",\"urlTemplate\":\"https:\/\/apuntesdesanluis.com\/?s={search_term_string}\"},\"query-input\":{\"@type\":\"PropertyValueSpecification\",\"valueRequired\":true,\"valueName\":\"search_term_string\"}}],\"inLanguage\":\"es-AR\"},{\"@type\":[\"Person\",\"Organization\"],\"@id\":\"https:\/\/apuntesdesanluis.com\/#\/schema\/person\/b55151d52296fcce64d1a72538a70b90\",\"name\":\"apuntesdesanluis.com\",\"image\":{\"@type\":\"ImageObject\",\"inLanguage\":\"es-AR\",\"@id\":\"https:\/\/apuntesdesanluis.com\/#\/schema\/person\/image\/\",\"url\":\"https:\/\/apuntesdesanluis.com\/wp-content\/uploads\/2023\/07\/cropped-apuntesdesanluis.png\",\"contentUrl\":\"https:\/\/apuntesdesanluis.com\/wp-content\/uploads\/2023\/07\/cropped-apuntesdesanluis.png\",\"width\":450,\"height\":112,\"caption\":\"apuntesdesanluis.com\"},\"logo\":{\"@id\":\"https:\/\/apuntesdesanluis.com\/#\/schema\/person\/image\/\"},\"sameAs\":[\"https:\/\/apuntesdesanluis.com\"],\"url\":\"https:\/\/apuntesdesanluis.com\/index.php\/author\/apuntesdesanluis-com\/\"}]}<\/script>\n<!-- \/ Yoast SEO plugin. -->","yoast_head_json":{"title":"AMPLIARON CARGOS FORMULADOS A UN IMPUTADO POR VIOLENCIA DE G\u00c9NERO - Apuntes de San Luis","robots":{"index":"index","follow":"follow","max-snippet":"max-snippet:-1","max-image-preview":"max-image-preview:large","max-video-preview":"max-video-preview:-1"},"canonical":"https:\/\/apuntesdesanluis.com\/index.php\/2024\/03\/27\/ampliaron-cargos-formulados-a-un-imputado-por-violencia-de-genero\/","og_locale":"es_ES","og_type":"article","og_title":"AMPLIARON CARGOS FORMULADOS A UN IMPUTADO POR VIOLENCIA DE G\u00c9NERO - Apuntes de San Luis","og_description":"Fue en el marco de una causa donde se investiga un hecho ocurrido en Villa...","og_url":"https:\/\/apuntesdesanluis.com\/index.php\/2024\/03\/27\/ampliaron-cargos-formulados-a-un-imputado-por-violencia-de-genero\/","og_site_name":"Apuntes de San Luis","article_published_time":"2024-03-28T01:52:45+00:00","og_image":[{"width":739,"height":443,"url":"https:\/\/apuntesdesanluis.com\/wp-content\/uploads\/2023\/07\/tribunales-de-villa-mercedes.png","type":"image\/png"}],"author":"apuntesdesanluis.com","twitter_card":"summary_large_image","twitter_misc":{"Escrito por":"apuntesdesanluis.com","Tiempo de lectura":"3 minutos"},"schema":{"@context":"https:\/\/schema.org","@graph":[{"@type":"Article","@id":"https:\/\/apuntesdesanluis.com\/index.php\/2024\/03\/27\/ampliaron-cargos-formulados-a-un-imputado-por-violencia-de-genero\/#article","isPartOf":{"@id":"https:\/\/apuntesdesanluis.com\/index.php\/2024\/03\/27\/ampliaron-cargos-formulados-a-un-imputado-por-violencia-de-genero\/"},"author":{"name":"apuntesdesanluis.com","@id":"https:\/\/apuntesdesanluis.com\/#\/schema\/person\/b55151d52296fcce64d1a72538a70b90"},"headline":"AMPLIARON CARGOS FORMULADOS A UN IMPUTADO POR VIOLENCIA DE G\u00c9NERO","datePublished":"2024-03-28T01:52:45+00:00","mainEntityOfPage":{"@id":"https:\/\/apuntesdesanluis.com\/index.php\/2024\/03\/27\/ampliaron-cargos-formulados-a-un-imputado-por-violencia-de-genero\/"},"wordCount":520,"publisher":{"@id":"https:\/\/apuntesdesanluis.com\/#\/schema\/person\/b55151d52296fcce64d1a72538a70b90"},"image":{"@id":"https:\/\/apuntesdesanluis.com\/index.php\/2024\/03\/27\/ampliaron-cargos-formulados-a-un-imputado-por-violencia-de-genero\/#primaryimage"},"thumbnailUrl":"https:\/\/apuntesdesanluis.com\/wp-content\/uploads\/2023\/07\/tribunales-de-villa-mercedes.png","articleSection":["Ciudad\/Provincia"],"inLanguage":"es-AR"},{"@type":"WebPage","@id":"https:\/\/apuntesdesanluis.com\/index.php\/2024\/03\/27\/ampliaron-cargos-formulados-a-un-imputado-por-violencia-de-genero\/","url":"https:\/\/apuntesdesanluis.com\/index.php\/2024\/03\/27\/ampliaron-cargos-formulados-a-un-imputado-por-violencia-de-genero\/","name":"AMPLIARON CARGOS FORMULADOS A UN IMPUTADO POR VIOLENCIA DE G\u00c9NERO - Apuntes de San Luis","isPartOf":{"@id":"https:\/\/apuntesdesanluis.com\/#website"},"primaryImageOfPage":{"@id":"https:\/\/apuntesdesanluis.com\/index.php\/2024\/03\/27\/ampliaron-cargos-formulados-a-un-imputado-por-violencia-de-genero\/#primaryimage"},"image":{"@id":"https:\/\/apuntesdesanluis.com\/index.php\/2024\/03\/27\/ampliaron-cargos-formulados-a-un-imputado-por-violencia-de-genero\/#primaryimage"},"thumbnailUrl":"https:\/\/apuntesdesanluis.com\/wp-content\/uploads\/2023\/07\/tribunales-de-villa-mercedes.png","datePublished":"2024-03-28T01:52:45+00:00","breadcrumb":{"@id":"https:\/\/apuntesdesanluis.com\/index.php\/2024\/03\/27\/ampliaron-cargos-formulados-a-un-imputado-por-violencia-de-genero\/#breadcrumb"},"inLanguage":"es-AR","potentialAction":[{"@type":"ReadAction","target":["https:\/\/apuntesdesanluis.com\/index.php\/2024\/03\/27\/ampliaron-cargos-formulados-a-un-imputado-por-violencia-de-genero\/"]}]},{"@type":"ImageObject","inLanguage":"es-AR","@id":"https:\/\/apuntesdesanluis.com\/index.php\/2024\/03\/27\/ampliaron-cargos-formulados-a-un-imputado-por-violencia-de-genero\/#primaryimage","url":"https:\/\/apuntesdesanluis.com\/wp-content\/uploads\/2023\/07\/tribunales-de-villa-mercedes.png","contentUrl":"https:\/\/apuntesdesanluis.com\/wp-content\/uploads\/2023\/07\/tribunales-de-villa-mercedes.png","width":739,"height":443},{"@type":"BreadcrumbList","@id":"https:\/\/apuntesdesanluis.com\/index.php\/2024\/03\/27\/ampliaron-cargos-formulados-a-un-imputado-por-violencia-de-genero\/#breadcrumb","itemListElement":[{"@type":"ListItem","position":1,"name":"Inicio","item":"https:\/\/apuntesdesanluis.com\/"},{"@type":"ListItem","position":2,"name":"AMPLIARON CARGOS FORMULADOS A UN IMPUTADO POR VIOLENCIA DE G\u00c9NERO"}]},{"@type":"WebSite","@id":"https:\/\/apuntesdesanluis.com\/#website","url":"https:\/\/apuntesdesanluis.com\/","name":"Apuntes de San Luis","description":"","publisher":{"@id":"https:\/\/apuntesdesanluis.com\/#\/schema\/person\/b55151d52296fcce64d1a72538a70b90"},"potentialAction":[{"@type":"SearchAction","target":{"@type":"EntryPoint","urlTemplate":"https:\/\/apuntesdesanluis.com\/?s={search_term_string}"},"query-input":{"@type":"PropertyValueSpecification","valueRequired":true,"valueName":"search_term_string"}}],"inLanguage":"es-AR"},{"@type":["Person","Organization"],"@id":"https:\/\/apuntesdesanluis.com\/#\/schema\/person\/b55151d52296fcce64d1a72538a70b90","name":"apuntesdesanluis.com","image":{"@type":"ImageObject","inLanguage":"es-AR","@id":"https:\/\/apuntesdesanluis.com\/#\/schema\/person\/image\/","url":"https:\/\/apuntesdesanluis.com\/wp-content\/uploads\/2023\/07\/cropped-apuntesdesanluis.png","contentUrl":"https:\/\/apuntesdesanluis.com\/wp-content\/uploads\/2023\/07\/cropped-apuntesdesanluis.png","width":450,"height":112,"caption":"apuntesdesanluis.com"},"logo":{"@id":"https:\/\/apuntesdesanluis.com\/#\/schema\/person\/image\/"},"sameAs":["https:\/\/apuntesdesanluis.com"],"url":"https:\/\/apuntesdesanluis.com\/index.php\/author\/apuntesdesanluis-com\/"}]}},"featured_image_urls":{"full":["https:\/\/apuntesdesanluis.com\/wp-content\/uploads\/2023\/07\/tribunales-de-villa-mercedes.png",739,443,false],"thumbnail":["https:\/\/apuntesdesanluis.com\/wp-content\/uploads\/2023\/07\/tribunales-de-villa-mercedes-150x150.png",150,150,true],"medium":["https:\/\/apuntesdesanluis.com\/wp-content\/uploads\/2023\/07\/tribunales-de-villa-mercedes-300x180.png",300,180,true],"medium_large":["https:\/\/apuntesdesanluis.com\/wp-content\/uploads\/2023\/07\/tribunales-de-villa-mercedes.png",640,384,false],"large":["https:\/\/apuntesdesanluis.com\/wp-content\/uploads\/2023\/07\/tribunales-de-villa-mercedes.png",640,384,false],"1536x1536":["https:\/\/apuntesdesanluis.com\/wp-content\/uploads\/2023\/07\/tribunales-de-villa-mercedes.png",739,443,false],"2048x2048":["https:\/\/apuntesdesanluis.com\/wp-content\/uploads\/2023\/07\/tribunales-de-villa-mercedes.png",739,443,false],"newsever-slider-full":["https:\/\/apuntesdesanluis.com\/wp-content\/uploads\/2023\/07\/tribunales-de-villa-mercedes.png",739,443,false],"newsever-featured":["https:\/\/apuntesdesanluis.com\/wp-content\/uploads\/2023\/07\/tribunales-de-villa-mercedes.png",739,443,false],"newsever-medium":["https:\/\/apuntesdesanluis.com\/wp-content\/uploads\/2023\/07\/tribunales-de-villa-mercedes-720x443.png",720,443,true]},"author_info":{"display_name":"apuntesdesanluis.com","author_link":"https:\/\/apuntesdesanluis.com\/index.php\/author\/apuntesdesanluis-com\/"},"category_info":"<a href=\"https:\/\/apuntesdesanluis.com\/index.php\/category\/ciudad-provincia\/\" rel=\"category tag\">Ciudad\/Provincia<\/a>","tag_info":"Ciudad\/Provincia","comment_count":"0","_links":{"self":[{"href":"https:\/\/apuntesdesanluis.com\/index.php\/wp-json\/wp\/v2\/posts\/13830","targetHints":{"allow":["GET"]}}],"collection":[{"href":"https:\/\/apuntesdesanluis.com\/index.php\/wp-json\/wp\/v2\/posts"}],"about":[{"href":"https:\/\/apuntesdesanluis.com\/index.php\/wp-json\/wp\/v2\/types\/post"}],"author":[{"embeddable":true,"href":"https:\/\/apuntesdesanluis.com\/index.php\/wp-json\/wp\/v2\/users\/1"}],"replies":[{"embeddable":true,"href":"https:\/\/apuntesdesanluis.com\/index.php\/wp-json\/wp\/v2\/comments?post=13830"}],"version-history":[{"count":1,"href":"https:\/\/apuntesdesanluis.com\/index.php\/wp-json\/wp\/v2\/posts\/13830\/revisions"}],"predecessor-version":[{"id":13831,"href":"https:\/\/apuntesdesanluis.com\/index.php\/wp-json\/wp\/v2\/posts\/13830\/revisions\/13831"}],"wp:featuredmedia":[{"embeddable":true,"href":"https:\/\/apuntesdesanluis.com\/index.php\/wp-json\/wp\/v2\/media\/764"}],"wp:attachment":[{"href":"https:\/\/apuntesdesanluis.com\/index.php\/wp-json\/wp\/v2\/media?parent=13830"}],"wp:term":[{"taxonomy":"category","embeddable":true,"href":"https:\/\/apuntesdesanluis.com\/index.php\/wp-json\/wp\/v2\/categories?post=13830"},{"taxonomy":"post_tag","embeddable":true,"href":"https:\/\/apuntesdesanluis.com\/index.php\/wp-json\/wp\/v2\/tags?post=13830"}],"curies":[{"name":"wp","href":"https:\/\/api.w.org\/{rel}","templated":true}]}}