{"id":13839,"date":"2024-03-27T23:34:48","date_gmt":"2024-03-28T02:34:48","guid":{"rendered":"https:\/\/apuntesdesanluis.com\/?p=13839"},"modified":"2024-03-27T23:35:32","modified_gmt":"2024-03-28T02:35:32","slug":"otro-abuso-policial-ahora-relevan-a-una-mujer-policia","status":"publish","type":"post","link":"https:\/\/apuntesdesanluis.com\/index.php\/2024\/03\/27\/otro-abuso-policial-ahora-relevan-a-una-mujer-policia\/","title":{"rendered":"OTRO ABUSO POLICIAL: AHORA RELEVAN A UNA MUJER POLIC\u00cdA"},"content":{"rendered":"<h3>El hecho habr\u00eda ocurrido ayer en Plaza Pringles, cuando se encontraba un grupo de j\u00f3venes y se les acercaron varios efectivos policiales que circulaban en bicicleta.<\/h3>\n<h3>En un video con un subtitulado sesgado, que circula por las redes, puede observarse cuando una efectivo policial se acerca a uno de ellos que la estaba filmando con su celular, y le arrebata el mismo.<\/h3>\n<div style=\"width: 480px;\" class=\"wp-video\"><!--[if lt IE 9]><script>document.createElement('video');<\/script><![endif]-->\n<video class=\"wp-video-shortcode\" id=\"video-13839-1\" width=\"480\" height=\"864\" preload=\"metadata\" controls=\"controls\"><source type=\"video\/mp4\" src=\"https:\/\/apuntesdesanluis.com\/wp-content\/uploads\/2024\/03\/Maltrato.mp4?_=1\" \/><a href=\"https:\/\/apuntesdesanluis.com\/wp-content\/uploads\/2024\/03\/Maltrato.mp4\">https:\/\/apuntesdesanluis.com\/wp-content\/uploads\/2024\/03\/Maltrato.mp4<\/a><\/video><\/div>\n<h3>Esta tarde la Jefatura de Polic\u00eda dio a conocer el siguiente comunicado:<\/h3>\n<h3>Habiendo tomado conocimiento de un video que circula en las redes sociales sobre un hecho que podr\u00eda configurar mal desempe\u00f1o en el accionar de una efectivo policial en la Plaza Pringles de la ciudad de San Luis, el Jefe de la Polic\u00eda de San Luis, Comisario General (RV) Pablo Vieytes orden\u00f3 el relevo de la funci\u00f3n y el inicio de las actuaciones administrativas a trav\u00e9s de la Direcci\u00f3n General de Asuntos Internos, con el fin de esclarecer lo sucedido.<\/h3>\n<h3>Una vez determinado de modo eficiente y el hecho y las responsabilidades de la funcionaria policial involucrada, el Jefe de Polic\u00eda tomar\u00e1 las medidas correspondientes dentro del marco legal vigente, resguardando el honor y buen nombre de la instituci\u00f3n policial, impidiendo que en su nombre se cometan hechos que vulneren los derechos ciudadanos.<\/h3>\n<h3>Este hecho se suma al esc\u00e1ndalo destapado el lunes \u00faltimo, cuando fue relevada toda la guardia de la Comisar\u00eda de La Toma al viralizarse im\u00e1genes de efectivos golpeando a un menor al que se detuvo en la v\u00eda p\u00fablica, aparentemente sin motivo.<\/h3>\n<p>&nbsp;<\/p>\n<h3><span style=\"color: #3366ff;\"><strong>NOTICIA RELACIONADA:<\/strong><\/span><\/h3>\n<p><a href=\"https:\/\/apuntesdesanluis.com\/index.php\/2024\/03\/25\/relevaron-a-toda-la-guardia-de-la-comisaria-de-la-toma-por-agredir-a-un-menor-detenido\/\" target=\"_blank\" rel=\"noopener\"><img fetchpriority=\"high\" decoding=\"async\" class=\"alignnone wp-image-13842\" src=\"https:\/\/apuntesdesanluis.com\/wp-content\/uploads\/2024\/03\/posteo-9-300x230.png\" alt=\"\" width=\"438\" height=\"336\" srcset=\"https:\/\/apuntesdesanluis.com\/wp-content\/uploads\/2024\/03\/posteo-9-300x230.png 300w, https:\/\/apuntesdesanluis.com\/wp-content\/uploads\/2024\/03\/posteo-9.png 622w\" sizes=\"(max-width: 438px) 100vw, 438px\" \/><\/a><\/p>\n<p>&nbsp;<\/p>\n<p>&nbsp;<\/p>\n<p>&nbsp;<\/p>\n","protected":false},"excerpt":{"rendered":"<p>El hecho habr\u00eda ocurrido ayer en Plaza Pringles, cuando se encontraba un grupo de j\u00f3venes&#8230;<\/p>\n","protected":false},"author":1,"featured_media":13841,"comment_status":"closed","ping_status":"closed","sticky":false,"template":"","format":"standard","meta":{"footnotes":""},"categories":[6],"tags":[],"class_list":["post-13839","post","type-post","status-publish","format-standard","has-post-thumbnail","hentry","category-ciudad-provincia"],"yoast_head":"<!-- This site is optimized with the Yoast SEO plugin v26.1.1 - https:\/\/yoast.com\/wordpress\/plugins\/seo\/ -->\n<title>OTRO ABUSO POLICIAL: AHORA RELEVAN A UNA MUJER POLIC\u00cdA - Apuntes de San Luis<\/title>\n<meta name=\"robots\" content=\"index, follow, max-snippet:-1, max-image-preview:large, max-video-preview:-1\" \/>\n<link rel=\"canonical\" href=\"https:\/\/apuntesdesanluis.com\/index.php\/2024\/03\/27\/otro-abuso-policial-ahora-relevan-a-una-mujer-policia\/\" \/>\n<meta property=\"og:locale\" content=\"es_ES\" \/>\n<meta property=\"og:type\" content=\"article\" \/>\n<meta property=\"og:title\" content=\"OTRO ABUSO POLICIAL: AHORA RELEVAN A UNA MUJER POLIC\u00cdA - Apuntes de San Luis\" \/>\n<meta property=\"og:description\" content=\"El hecho habr\u00eda ocurrido ayer en Plaza Pringles, cuando se encontraba un grupo de j\u00f3venes...\" \/>\n<meta property=\"og:url\" content=\"https:\/\/apuntesdesanluis.com\/index.php\/2024\/03\/27\/otro-abuso-policial-ahora-relevan-a-una-mujer-policia\/\" \/>\n<meta property=\"og:site_name\" content=\"Apuntes de San Luis\" \/>\n<meta property=\"article:published_time\" content=\"2024-03-28T02:34:48+00:00\" \/>\n<meta property=\"article:modified_time\" content=\"2024-03-28T02:35:32+00:00\" \/>\n<meta property=\"og:image\" content=\"https:\/\/apuntesdesanluis.com\/wp-content\/uploads\/2024\/03\/policia-mujer.png\" \/>\n\t<meta property=\"og:image:width\" content=\"600\" \/>\n\t<meta property=\"og:image:height\" content=\"419\" \/>\n\t<meta property=\"og:image:type\" content=\"image\/png\" \/>\n<meta name=\"author\" content=\"apuntesdesanluis.com\" \/>\n<meta name=\"twitter:card\" content=\"summary_large_image\" \/>\n<meta name=\"twitter:label1\" content=\"Escrito por\" \/>\n\t<meta name=\"twitter:data1\" content=\"apuntesdesanluis.com\" \/>\n\t<meta name=\"twitter:label2\" content=\"Tiempo de lectura\" \/>\n\t<meta name=\"twitter:data2\" content=\"2 minutos\" \/>\n<script type=\"application\/ld+json\" class=\"yoast-schema-graph\">{\"@context\":\"https:\/\/schema.org\",\"@graph\":[{\"@type\":\"Article\",\"@id\":\"https:\/\/apuntesdesanluis.com\/index.php\/2024\/03\/27\/otro-abuso-policial-ahora-relevan-a-una-mujer-policia\/#article\",\"isPartOf\":{\"@id\":\"https:\/\/apuntesdesanluis.com\/index.php\/2024\/03\/27\/otro-abuso-policial-ahora-relevan-a-una-mujer-policia\/\"},\"author\":{\"name\":\"apuntesdesanluis.com\",\"@id\":\"https:\/\/apuntesdesanluis.com\/#\/schema\/person\/b55151d52296fcce64d1a72538a70b90\"},\"headline\":\"OTRO ABUSO POLICIAL: AHORA RELEVAN A UNA MUJER POLIC\u00cdA\",\"datePublished\":\"2024-03-28T02:34:48+00:00\",\"dateModified\":\"2024-03-28T02:35:32+00:00\",\"mainEntityOfPage\":{\"@id\":\"https:\/\/apuntesdesanluis.com\/index.php\/2024\/03\/27\/otro-abuso-policial-ahora-relevan-a-una-mujer-policia\/\"},\"wordCount\":292,\"publisher\":{\"@id\":\"https:\/\/apuntesdesanluis.com\/#\/schema\/person\/b55151d52296fcce64d1a72538a70b90\"},\"image\":{\"@id\":\"https:\/\/apuntesdesanluis.com\/index.php\/2024\/03\/27\/otro-abuso-policial-ahora-relevan-a-una-mujer-policia\/#primaryimage\"},\"thumbnailUrl\":\"https:\/\/apuntesdesanluis.com\/wp-content\/uploads\/2024\/03\/policia-mujer.png\",\"articleSection\":[\"Ciudad\/Provincia\"],\"inLanguage\":\"es-AR\"},{\"@type\":\"WebPage\",\"@id\":\"https:\/\/apuntesdesanluis.com\/index.php\/2024\/03\/27\/otro-abuso-policial-ahora-relevan-a-una-mujer-policia\/\",\"url\":\"https:\/\/apuntesdesanluis.com\/index.php\/2024\/03\/27\/otro-abuso-policial-ahora-relevan-a-una-mujer-policia\/\",\"name\":\"OTRO ABUSO POLICIAL: AHORA RELEVAN A UNA MUJER POLIC\u00cdA - Apuntes de San Luis\",\"isPartOf\":{\"@id\":\"https:\/\/apuntesdesanluis.com\/#website\"},\"primaryImageOfPage\":{\"@id\":\"https:\/\/apuntesdesanluis.com\/index.php\/2024\/03\/27\/otro-abuso-policial-ahora-relevan-a-una-mujer-policia\/#primaryimage\"},\"image\":{\"@id\":\"https:\/\/apuntesdesanluis.com\/index.php\/2024\/03\/27\/otro-abuso-policial-ahora-relevan-a-una-mujer-policia\/#primaryimage\"},\"thumbnailUrl\":\"https:\/\/apuntesdesanluis.com\/wp-content\/uploads\/2024\/03\/policia-mujer.png\",\"datePublished\":\"2024-03-28T02:34:48+00:00\",\"dateModified\":\"2024-03-28T02:35:32+00:00\",\"breadcrumb\":{\"@id\":\"https:\/\/apuntesdesanluis.com\/index.php\/2024\/03\/27\/otro-abuso-policial-ahora-relevan-a-una-mujer-policia\/#breadcrumb\"},\"inLanguage\":\"es-AR\",\"potentialAction\":[{\"@type\":\"ReadAction\",\"target\":[\"https:\/\/apuntesdesanluis.com\/index.php\/2024\/03\/27\/otro-abuso-policial-ahora-relevan-a-una-mujer-policia\/\"]}]},{\"@type\":\"ImageObject\",\"inLanguage\":\"es-AR\",\"@id\":\"https:\/\/apuntesdesanluis.com\/index.php\/2024\/03\/27\/otro-abuso-policial-ahora-relevan-a-una-mujer-policia\/#primaryimage\",\"url\":\"https:\/\/apuntesdesanluis.com\/wp-content\/uploads\/2024\/03\/policia-mujer.png\",\"contentUrl\":\"https:\/\/apuntesdesanluis.com\/wp-content\/uploads\/2024\/03\/policia-mujer.png\",\"width\":600,\"height\":419},{\"@type\":\"BreadcrumbList\",\"@id\":\"https:\/\/apuntesdesanluis.com\/index.php\/2024\/03\/27\/otro-abuso-policial-ahora-relevan-a-una-mujer-policia\/#breadcrumb\",\"itemListElement\":[{\"@type\":\"ListItem\",\"position\":1,\"name\":\"Inicio\",\"item\":\"https:\/\/apuntesdesanluis.com\/\"},{\"@type\":\"ListItem\",\"position\":2,\"name\":\"OTRO ABUSO POLICIAL: AHORA RELEVAN A UNA MUJER POLIC\u00cdA\"}]},{\"@type\":\"WebSite\",\"@id\":\"https:\/\/apuntesdesanluis.com\/#website\",\"url\":\"https:\/\/apuntesdesanluis.com\/\",\"name\":\"Apuntes de San Luis\",\"description\":\"\",\"publisher\":{\"@id\":\"https:\/\/apuntesdesanluis.com\/#\/schema\/person\/b55151d52296fcce64d1a72538a70b90\"},\"potentialAction\":[{\"@type\":\"SearchAction\",\"target\":{\"@type\":\"EntryPoint\",\"urlTemplate\":\"https:\/\/apuntesdesanluis.com\/?s={search_term_string}\"},\"query-input\":{\"@type\":\"PropertyValueSpecification\",\"valueRequired\":true,\"valueName\":\"search_term_string\"}}],\"inLanguage\":\"es-AR\"},{\"@type\":[\"Person\",\"Organization\"],\"@id\":\"https:\/\/apuntesdesanluis.com\/#\/schema\/person\/b55151d52296fcce64d1a72538a70b90\",\"name\":\"apuntesdesanluis.com\",\"image\":{\"@type\":\"ImageObject\",\"inLanguage\":\"es-AR\",\"@id\":\"https:\/\/apuntesdesanluis.com\/#\/schema\/person\/image\/\",\"url\":\"https:\/\/apuntesdesanluis.com\/wp-content\/uploads\/2023\/07\/cropped-apuntesdesanluis.png\",\"contentUrl\":\"https:\/\/apuntesdesanluis.com\/wp-content\/uploads\/2023\/07\/cropped-apuntesdesanluis.png\",\"width\":450,\"height\":112,\"caption\":\"apuntesdesanluis.com\"},\"logo\":{\"@id\":\"https:\/\/apuntesdesanluis.com\/#\/schema\/person\/image\/\"},\"sameAs\":[\"https:\/\/apuntesdesanluis.com\"],\"url\":\"https:\/\/apuntesdesanluis.com\/index.php\/author\/apuntesdesanluis-com\/\"}]}<\/script>\n<!-- \/ Yoast SEO plugin. -->","yoast_head_json":{"title":"OTRO ABUSO POLICIAL: AHORA RELEVAN A UNA MUJER POLIC\u00cdA - Apuntes de San Luis","robots":{"index":"index","follow":"follow","max-snippet":"max-snippet:-1","max-image-preview":"max-image-preview:large","max-video-preview":"max-video-preview:-1"},"canonical":"https:\/\/apuntesdesanluis.com\/index.php\/2024\/03\/27\/otro-abuso-policial-ahora-relevan-a-una-mujer-policia\/","og_locale":"es_ES","og_type":"article","og_title":"OTRO ABUSO POLICIAL: AHORA RELEVAN A UNA MUJER POLIC\u00cdA - Apuntes de San Luis","og_description":"El hecho habr\u00eda ocurrido ayer en Plaza Pringles, cuando se encontraba un grupo de j\u00f3venes...","og_url":"https:\/\/apuntesdesanluis.com\/index.php\/2024\/03\/27\/otro-abuso-policial-ahora-relevan-a-una-mujer-policia\/","og_site_name":"Apuntes de San Luis","article_published_time":"2024-03-28T02:34:48+00:00","article_modified_time":"2024-03-28T02:35:32+00:00","og_image":[{"width":600,"height":419,"url":"https:\/\/apuntesdesanluis.com\/wp-content\/uploads\/2024\/03\/policia-mujer.png","type":"image\/png"}],"author":"apuntesdesanluis.com","twitter_card":"summary_large_image","twitter_misc":{"Escrito por":"apuntesdesanluis.com","Tiempo de lectura":"2 minutos"},"schema":{"@context":"https:\/\/schema.org","@graph":[{"@type":"Article","@id":"https:\/\/apuntesdesanluis.com\/index.php\/2024\/03\/27\/otro-abuso-policial-ahora-relevan-a-una-mujer-policia\/#article","isPartOf":{"@id":"https:\/\/apuntesdesanluis.com\/index.php\/2024\/03\/27\/otro-abuso-policial-ahora-relevan-a-una-mujer-policia\/"},"author":{"name":"apuntesdesanluis.com","@id":"https:\/\/apuntesdesanluis.com\/#\/schema\/person\/b55151d52296fcce64d1a72538a70b90"},"headline":"OTRO ABUSO POLICIAL: AHORA RELEVAN A UNA MUJER POLIC\u00cdA","datePublished":"2024-03-28T02:34:48+00:00","dateModified":"2024-03-28T02:35:32+00:00","mainEntityOfPage":{"@id":"https:\/\/apuntesdesanluis.com\/index.php\/2024\/03\/27\/otro-abuso-policial-ahora-relevan-a-una-mujer-policia\/"},"wordCount":292,"publisher":{"@id":"https:\/\/apuntesdesanluis.com\/#\/schema\/person\/b55151d52296fcce64d1a72538a70b90"},"image":{"@id":"https:\/\/apuntesdesanluis.com\/index.php\/2024\/03\/27\/otro-abuso-policial-ahora-relevan-a-una-mujer-policia\/#primaryimage"},"thumbnailUrl":"https:\/\/apuntesdesanluis.com\/wp-content\/uploads\/2024\/03\/policia-mujer.png","articleSection":["Ciudad\/Provincia"],"inLanguage":"es-AR"},{"@type":"WebPage","@id":"https:\/\/apuntesdesanluis.com\/index.php\/2024\/03\/27\/otro-abuso-policial-ahora-relevan-a-una-mujer-policia\/","url":"https:\/\/apuntesdesanluis.com\/index.php\/2024\/03\/27\/otro-abuso-policial-ahora-relevan-a-una-mujer-policia\/","name":"OTRO ABUSO POLICIAL: AHORA RELEVAN A UNA MUJER POLIC\u00cdA - Apuntes de San Luis","isPartOf":{"@id":"https:\/\/apuntesdesanluis.com\/#website"},"primaryImageOfPage":{"@id":"https:\/\/apuntesdesanluis.com\/index.php\/2024\/03\/27\/otro-abuso-policial-ahora-relevan-a-una-mujer-policia\/#primaryimage"},"image":{"@id":"https:\/\/apuntesdesanluis.com\/index.php\/2024\/03\/27\/otro-abuso-policial-ahora-relevan-a-una-mujer-policia\/#primaryimage"},"thumbnailUrl":"https:\/\/apuntesdesanluis.com\/wp-content\/uploads\/2024\/03\/policia-mujer.png","datePublished":"2024-03-28T02:34:48+00:00","dateModified":"2024-03-28T02:35:32+00:00","breadcrumb":{"@id":"https:\/\/apuntesdesanluis.com\/index.php\/2024\/03\/27\/otro-abuso-policial-ahora-relevan-a-una-mujer-policia\/#breadcrumb"},"inLanguage":"es-AR","potentialAction":[{"@type":"ReadAction","target":["https:\/\/apuntesdesanluis.com\/index.php\/2024\/03\/27\/otro-abuso-policial-ahora-relevan-a-una-mujer-policia\/"]}]},{"@type":"ImageObject","inLanguage":"es-AR","@id":"https:\/\/apuntesdesanluis.com\/index.php\/2024\/03\/27\/otro-abuso-policial-ahora-relevan-a-una-mujer-policia\/#primaryimage","url":"https:\/\/apuntesdesanluis.com\/wp-content\/uploads\/2024\/03\/policia-mujer.png","contentUrl":"https:\/\/apuntesdesanluis.com\/wp-content\/uploads\/2024\/03\/policia-mujer.png","width":600,"height":419},{"@type":"BreadcrumbList","@id":"https:\/\/apuntesdesanluis.com\/index.php\/2024\/03\/27\/otro-abuso-policial-ahora-relevan-a-una-mujer-policia\/#breadcrumb","itemListElement":[{"@type":"ListItem","position":1,"name":"Inicio","item":"https:\/\/apuntesdesanluis.com\/"},{"@type":"ListItem","position":2,"name":"OTRO ABUSO POLICIAL: AHORA RELEVAN A UNA MUJER POLIC\u00cdA"}]},{"@type":"WebSite","@id":"https:\/\/apuntesdesanluis.com\/#website","url":"https:\/\/apuntesdesanluis.com\/","name":"Apuntes de San Luis","description":"","publisher":{"@id":"https:\/\/apuntesdesanluis.com\/#\/schema\/person\/b55151d52296fcce64d1a72538a70b90"},"potentialAction":[{"@type":"SearchAction","target":{"@type":"EntryPoint","urlTemplate":"https:\/\/apuntesdesanluis.com\/?s={search_term_string}"},"query-input":{"@type":"PropertyValueSpecification","valueRequired":true,"valueName":"search_term_string"}}],"inLanguage":"es-AR"},{"@type":["Person","Organization"],"@id":"https:\/\/apuntesdesanluis.com\/#\/schema\/person\/b55151d52296fcce64d1a72538a70b90","name":"apuntesdesanluis.com","image":{"@type":"ImageObject","inLanguage":"es-AR","@id":"https:\/\/apuntesdesanluis.com\/#\/schema\/person\/image\/","url":"https:\/\/apuntesdesanluis.com\/wp-content\/uploads\/2023\/07\/cropped-apuntesdesanluis.png","contentUrl":"https:\/\/apuntesdesanluis.com\/wp-content\/uploads\/2023\/07\/cropped-apuntesdesanluis.png","width":450,"height":112,"caption":"apuntesdesanluis.com"},"logo":{"@id":"https:\/\/apuntesdesanluis.com\/#\/schema\/person\/image\/"},"sameAs":["https:\/\/apuntesdesanluis.com"],"url":"https:\/\/apuntesdesanluis.com\/index.php\/author\/apuntesdesanluis-com\/"}]}},"featured_image_urls":{"full":["https:\/\/apuntesdesanluis.com\/wp-content\/uploads\/2024\/03\/policia-mujer.png",600,419,false],"thumbnail":["https:\/\/apuntesdesanluis.com\/wp-content\/uploads\/2024\/03\/policia-mujer-150x150.png",150,150,true],"medium":["https:\/\/apuntesdesanluis.com\/wp-content\/uploads\/2024\/03\/policia-mujer-300x210.png",300,210,true],"medium_large":["https:\/\/apuntesdesanluis.com\/wp-content\/uploads\/2024\/03\/policia-mujer.png",600,419,false],"large":["https:\/\/apuntesdesanluis.com\/wp-content\/uploads\/2024\/03\/policia-mujer.png",600,419,false],"1536x1536":["https:\/\/apuntesdesanluis.com\/wp-content\/uploads\/2024\/03\/policia-mujer.png",600,419,false],"2048x2048":["https:\/\/apuntesdesanluis.com\/wp-content\/uploads\/2024\/03\/policia-mujer.png",600,419,false],"newsever-slider-full":["https:\/\/apuntesdesanluis.com\/wp-content\/uploads\/2024\/03\/policia-mujer.png",600,419,false],"newsever-featured":["https:\/\/apuntesdesanluis.com\/wp-content\/uploads\/2024\/03\/policia-mujer.png",600,419,false],"newsever-medium":["https:\/\/apuntesdesanluis.com\/wp-content\/uploads\/2024\/03\/policia-mujer.png",600,419,false]},"author_info":{"display_name":"apuntesdesanluis.com","author_link":"https:\/\/apuntesdesanluis.com\/index.php\/author\/apuntesdesanluis-com\/"},"category_info":"<a href=\"https:\/\/apuntesdesanluis.com\/index.php\/category\/ciudad-provincia\/\" rel=\"category tag\">Ciudad\/Provincia<\/a>","tag_info":"Ciudad\/Provincia","comment_count":"0","_links":{"self":[{"href":"https:\/\/apuntesdesanluis.com\/index.php\/wp-json\/wp\/v2\/posts\/13839","targetHints":{"allow":["GET"]}}],"collection":[{"href":"https:\/\/apuntesdesanluis.com\/index.php\/wp-json\/wp\/v2\/posts"}],"about":[{"href":"https:\/\/apuntesdesanluis.com\/index.php\/wp-json\/wp\/v2\/types\/post"}],"author":[{"embeddable":true,"href":"https:\/\/apuntesdesanluis.com\/index.php\/wp-json\/wp\/v2\/users\/1"}],"replies":[{"embeddable":true,"href":"https:\/\/apuntesdesanluis.com\/index.php\/wp-json\/wp\/v2\/comments?post=13839"}],"version-history":[{"count":2,"href":"https:\/\/apuntesdesanluis.com\/index.php\/wp-json\/wp\/v2\/posts\/13839\/revisions"}],"predecessor-version":[{"id":13844,"href":"https:\/\/apuntesdesanluis.com\/index.php\/wp-json\/wp\/v2\/posts\/13839\/revisions\/13844"}],"wp:featuredmedia":[{"embeddable":true,"href":"https:\/\/apuntesdesanluis.com\/index.php\/wp-json\/wp\/v2\/media\/13841"}],"wp:attachment":[{"href":"https:\/\/apuntesdesanluis.com\/index.php\/wp-json\/wp\/v2\/media?parent=13839"}],"wp:term":[{"taxonomy":"category","embeddable":true,"href":"https:\/\/apuntesdesanluis.com\/index.php\/wp-json\/wp\/v2\/categories?post=13839"},{"taxonomy":"post_tag","embeddable":true,"href":"https:\/\/apuntesdesanluis.com\/index.php\/wp-json\/wp\/v2\/tags?post=13839"}],"curies":[{"name":"wp","href":"https:\/\/api.w.org\/{rel}","templated":true}]}}