{"id":13849,"date":"2024-03-27T23:49:57","date_gmt":"2024-03-28T02:49:57","guid":{"rendered":"https:\/\/apuntesdesanluis.com\/?p=13849"},"modified":"2024-03-27T23:49:57","modified_gmt":"2024-03-28T02:49:57","slug":"el-gobierno-cerro-las-delegaciones-provinciales-del-enacom-y-se-estiman-500-despidos","status":"publish","type":"post","link":"https:\/\/apuntesdesanluis.com\/index.php\/2024\/03\/27\/el-gobierno-cerro-las-delegaciones-provinciales-del-enacom-y-se-estiman-500-despidos\/","title":{"rendered":"EL GOBIERNO CERR\u00d3 LAS DELEGACIONES PROVINCIALES DEL ENACOM Y SE ESTIMAN 500 DESPIDOS"},"content":{"rendered":"<h3>El Gobierno nacional dispuso el cierre de las delegaciones provinciales del <strong>Ente Nacional De Comunicaciones<\/strong> (Enacom), por lo que se estiman que se sumar\u00e1n unos 500 despidos al recorte que la administraci\u00f3n del presidente Javier Milei viene haciendo en el estado.<\/h3>\n<h3>Al igual que se hizo antes con el INADI, Telam y las delegaciones de Anses, no se inform\u00f3 cu\u00e1l ser\u00e1 la suerte de los empleados, si se los reubicar\u00e1, les pagar\u00e1n indemnizaciones o se los dejar\u00e1 a la buena de Dios.<\/h3>\n<h3>De acuerdo a la resoluci\u00f3n, los cierres se dar\u00e1n a partir de pr\u00f3ximo 1 de abril y se establecer\u00e1 un &#8220;per\u00edodo de transici\u00f3n de 60 d\u00edas, a fin de atender y reasignar las tareas de control ejecutadas por las citadas delegaciones provinciales&#8221;.<\/h3>\n<h3>En tanto, se defini\u00f3 que habr\u00e1 &#8220;una dotaci\u00f3n m\u00ednima de trabajadores para garantizar las tareas que conlleven el cierre de las delegaciones y la realizaci\u00f3n de un inventario patrimonial de todo&#8221;.<\/h3>\n<h3>La resoluci\u00f3n a la que tuvo acceso NA tambi\u00e9n estableci\u00f3 que se debe &#8220;difundir en las v\u00edas de comunicaci\u00f3n pertinentes por el plazo de 30 d\u00edas, a contar desde la publicaci\u00f3n de la presente, los medios de atenci\u00f3n, ingreso de denuncias y dem\u00e1s tr\u00e1mites administrativos de Ente, en reemplazo de la atenci\u00f3n presencial dispensada en las citadas sedes&#8221;.<\/h3>\n<h3>Adem\u00e1s, se deber\u00e1 &#8220;instruir a la Direcci\u00f3n Nacional de Atenci\u00f3n a Usuarios y Delegaciones, a la Direcci\u00f3n General de Administraci\u00f3n y a la Direcci\u00f3n General de Recursos Humanos para que en el marco de sus competencias procedan a llevar adelante las tareas tendientes a dar cumplimiento al art\u00edculo 1\u00b0 de la presente&#8221;.<\/h3>\n<h3>De acuerdo a la resoluci\u00f3n, se iniciar\u00e1 con un recorte de unos 400 empleados y para cuando se terminen las tareas de cierre, los despidos llegar\u00edan a los 500.<\/h3>\n<h3>En tanto, el Gobierno prepara otro decreto para que el Estado no pueda interferir en los precios de Internet, cable y celulares.<\/h3>\n<h3>Enacom es un organismo que depende de la Jefatura de Gabinete y fue creado en 2015 para regular las telecomunicaciones en Argentina.<\/h3>\n<p>&nbsp;<\/p>\n<p>&nbsp;<\/p>\n<p>&nbsp;<\/p>\n<p>&nbsp;<\/p>\n<p>&nbsp;<\/p>\n","protected":false},"excerpt":{"rendered":"<p>El Gobierno nacional dispuso el cierre de las delegaciones provinciales del Ente Nacional De Comunicaciones&#8230;<\/p>\n","protected":false},"author":1,"featured_media":13850,"comment_status":"closed","ping_status":"closed","sticky":false,"template":"","format":"standard","meta":{"footnotes":""},"categories":[5],"tags":[],"class_list":["post-13849","post","type-post","status-publish","format-standard","has-post-thumbnail","hentry","category-nacionales-internacionales"],"yoast_head":"<!-- This site is optimized with the Yoast SEO plugin v26.1.1 - https:\/\/yoast.com\/wordpress\/plugins\/seo\/ -->\n<title>EL GOBIERNO CERR\u00d3 LAS DELEGACIONES PROVINCIALES DEL ENACOM Y SE ESTIMAN 500 DESPIDOS - Apuntes de San Luis<\/title>\n<meta name=\"robots\" content=\"index, follow, max-snippet:-1, max-image-preview:large, max-video-preview:-1\" \/>\n<link rel=\"canonical\" href=\"https:\/\/apuntesdesanluis.com\/index.php\/2024\/03\/27\/el-gobierno-cerro-las-delegaciones-provinciales-del-enacom-y-se-estiman-500-despidos\/\" \/>\n<meta property=\"og:locale\" content=\"es_ES\" \/>\n<meta property=\"og:type\" content=\"article\" \/>\n<meta property=\"og:title\" content=\"EL GOBIERNO CERR\u00d3 LAS DELEGACIONES PROVINCIALES DEL ENACOM Y SE ESTIMAN 500 DESPIDOS - Apuntes de San Luis\" \/>\n<meta property=\"og:description\" content=\"El Gobierno nacional dispuso el cierre de las delegaciones provinciales del Ente Nacional De Comunicaciones...\" \/>\n<meta property=\"og:url\" content=\"https:\/\/apuntesdesanluis.com\/index.php\/2024\/03\/27\/el-gobierno-cerro-las-delegaciones-provinciales-del-enacom-y-se-estiman-500-despidos\/\" \/>\n<meta property=\"og:site_name\" content=\"Apuntes de San Luis\" \/>\n<meta property=\"article:published_time\" content=\"2024-03-28T02:49:57+00:00\" \/>\n<meta property=\"og:image\" content=\"https:\/\/apuntesdesanluis.com\/wp-content\/uploads\/2024\/03\/enacom.png\" \/>\n\t<meta property=\"og:image:width\" content=\"600\" \/>\n\t<meta property=\"og:image:height\" content=\"354\" \/>\n\t<meta property=\"og:image:type\" content=\"image\/png\" \/>\n<meta name=\"author\" content=\"apuntesdesanluis.com\" \/>\n<meta name=\"twitter:card\" content=\"summary_large_image\" \/>\n<meta name=\"twitter:label1\" content=\"Escrito por\" \/>\n\t<meta name=\"twitter:data1\" content=\"apuntesdesanluis.com\" \/>\n\t<meta name=\"twitter:label2\" content=\"Tiempo de lectura\" \/>\n\t<meta name=\"twitter:data2\" content=\"2 minutos\" \/>\n<script type=\"application\/ld+json\" class=\"yoast-schema-graph\">{\"@context\":\"https:\/\/schema.org\",\"@graph\":[{\"@type\":\"Article\",\"@id\":\"https:\/\/apuntesdesanluis.com\/index.php\/2024\/03\/27\/el-gobierno-cerro-las-delegaciones-provinciales-del-enacom-y-se-estiman-500-despidos\/#article\",\"isPartOf\":{\"@id\":\"https:\/\/apuntesdesanluis.com\/index.php\/2024\/03\/27\/el-gobierno-cerro-las-delegaciones-provinciales-del-enacom-y-se-estiman-500-despidos\/\"},\"author\":{\"name\":\"apuntesdesanluis.com\",\"@id\":\"https:\/\/apuntesdesanluis.com\/#\/schema\/person\/b55151d52296fcce64d1a72538a70b90\"},\"headline\":\"EL GOBIERNO CERR\u00d3 LAS DELEGACIONES PROVINCIALES DEL ENACOM Y SE ESTIMAN 500 DESPIDOS\",\"datePublished\":\"2024-03-28T02:49:57+00:00\",\"mainEntityOfPage\":{\"@id\":\"https:\/\/apuntesdesanluis.com\/index.php\/2024\/03\/27\/el-gobierno-cerro-las-delegaciones-provinciales-del-enacom-y-se-estiman-500-despidos\/\"},\"wordCount\":379,\"publisher\":{\"@id\":\"https:\/\/apuntesdesanluis.com\/#\/schema\/person\/b55151d52296fcce64d1a72538a70b90\"},\"image\":{\"@id\":\"https:\/\/apuntesdesanluis.com\/index.php\/2024\/03\/27\/el-gobierno-cerro-las-delegaciones-provinciales-del-enacom-y-se-estiman-500-despidos\/#primaryimage\"},\"thumbnailUrl\":\"https:\/\/apuntesdesanluis.com\/wp-content\/uploads\/2024\/03\/enacom.png\",\"articleSection\":[\"Nacionales\/Internacionales\"],\"inLanguage\":\"es-AR\"},{\"@type\":\"WebPage\",\"@id\":\"https:\/\/apuntesdesanluis.com\/index.php\/2024\/03\/27\/el-gobierno-cerro-las-delegaciones-provinciales-del-enacom-y-se-estiman-500-despidos\/\",\"url\":\"https:\/\/apuntesdesanluis.com\/index.php\/2024\/03\/27\/el-gobierno-cerro-las-delegaciones-provinciales-del-enacom-y-se-estiman-500-despidos\/\",\"name\":\"EL GOBIERNO CERR\u00d3 LAS DELEGACIONES PROVINCIALES DEL ENACOM Y SE ESTIMAN 500 DESPIDOS - Apuntes de San Luis\",\"isPartOf\":{\"@id\":\"https:\/\/apuntesdesanluis.com\/#website\"},\"primaryImageOfPage\":{\"@id\":\"https:\/\/apuntesdesanluis.com\/index.php\/2024\/03\/27\/el-gobierno-cerro-las-delegaciones-provinciales-del-enacom-y-se-estiman-500-despidos\/#primaryimage\"},\"image\":{\"@id\":\"https:\/\/apuntesdesanluis.com\/index.php\/2024\/03\/27\/el-gobierno-cerro-las-delegaciones-provinciales-del-enacom-y-se-estiman-500-despidos\/#primaryimage\"},\"thumbnailUrl\":\"https:\/\/apuntesdesanluis.com\/wp-content\/uploads\/2024\/03\/enacom.png\",\"datePublished\":\"2024-03-28T02:49:57+00:00\",\"breadcrumb\":{\"@id\":\"https:\/\/apuntesdesanluis.com\/index.php\/2024\/03\/27\/el-gobierno-cerro-las-delegaciones-provinciales-del-enacom-y-se-estiman-500-despidos\/#breadcrumb\"},\"inLanguage\":\"es-AR\",\"potentialAction\":[{\"@type\":\"ReadAction\",\"target\":[\"https:\/\/apuntesdesanluis.com\/index.php\/2024\/03\/27\/el-gobierno-cerro-las-delegaciones-provinciales-del-enacom-y-se-estiman-500-despidos\/\"]}]},{\"@type\":\"ImageObject\",\"inLanguage\":\"es-AR\",\"@id\":\"https:\/\/apuntesdesanluis.com\/index.php\/2024\/03\/27\/el-gobierno-cerro-las-delegaciones-provinciales-del-enacom-y-se-estiman-500-despidos\/#primaryimage\",\"url\":\"https:\/\/apuntesdesanluis.com\/wp-content\/uploads\/2024\/03\/enacom.png\",\"contentUrl\":\"https:\/\/apuntesdesanluis.com\/wp-content\/uploads\/2024\/03\/enacom.png\",\"width\":600,\"height\":354},{\"@type\":\"BreadcrumbList\",\"@id\":\"https:\/\/apuntesdesanluis.com\/index.php\/2024\/03\/27\/el-gobierno-cerro-las-delegaciones-provinciales-del-enacom-y-se-estiman-500-despidos\/#breadcrumb\",\"itemListElement\":[{\"@type\":\"ListItem\",\"position\":1,\"name\":\"Inicio\",\"item\":\"https:\/\/apuntesdesanluis.com\/\"},{\"@type\":\"ListItem\",\"position\":2,\"name\":\"EL GOBIERNO CERR\u00d3 LAS DELEGACIONES PROVINCIALES DEL ENACOM Y SE ESTIMAN 500 DESPIDOS\"}]},{\"@type\":\"WebSite\",\"@id\":\"https:\/\/apuntesdesanluis.com\/#website\",\"url\":\"https:\/\/apuntesdesanluis.com\/\",\"name\":\"Apuntes de San Luis\",\"description\":\"\",\"publisher\":{\"@id\":\"https:\/\/apuntesdesanluis.com\/#\/schema\/person\/b55151d52296fcce64d1a72538a70b90\"},\"potentialAction\":[{\"@type\":\"SearchAction\",\"target\":{\"@type\":\"EntryPoint\",\"urlTemplate\":\"https:\/\/apuntesdesanluis.com\/?s={search_term_string}\"},\"query-input\":{\"@type\":\"PropertyValueSpecification\",\"valueRequired\":true,\"valueName\":\"search_term_string\"}}],\"inLanguage\":\"es-AR\"},{\"@type\":[\"Person\",\"Organization\"],\"@id\":\"https:\/\/apuntesdesanluis.com\/#\/schema\/person\/b55151d52296fcce64d1a72538a70b90\",\"name\":\"apuntesdesanluis.com\",\"image\":{\"@type\":\"ImageObject\",\"inLanguage\":\"es-AR\",\"@id\":\"https:\/\/apuntesdesanluis.com\/#\/schema\/person\/image\/\",\"url\":\"https:\/\/apuntesdesanluis.com\/wp-content\/uploads\/2023\/07\/cropped-apuntesdesanluis.png\",\"contentUrl\":\"https:\/\/apuntesdesanluis.com\/wp-content\/uploads\/2023\/07\/cropped-apuntesdesanluis.png\",\"width\":450,\"height\":112,\"caption\":\"apuntesdesanluis.com\"},\"logo\":{\"@id\":\"https:\/\/apuntesdesanluis.com\/#\/schema\/person\/image\/\"},\"sameAs\":[\"https:\/\/apuntesdesanluis.com\"],\"url\":\"https:\/\/apuntesdesanluis.com\/index.php\/author\/apuntesdesanluis-com\/\"}]}<\/script>\n<!-- \/ Yoast SEO plugin. -->","yoast_head_json":{"title":"EL GOBIERNO CERR\u00d3 LAS DELEGACIONES PROVINCIALES DEL ENACOM Y SE ESTIMAN 500 DESPIDOS - Apuntes de San Luis","robots":{"index":"index","follow":"follow","max-snippet":"max-snippet:-1","max-image-preview":"max-image-preview:large","max-video-preview":"max-video-preview:-1"},"canonical":"https:\/\/apuntesdesanluis.com\/index.php\/2024\/03\/27\/el-gobierno-cerro-las-delegaciones-provinciales-del-enacom-y-se-estiman-500-despidos\/","og_locale":"es_ES","og_type":"article","og_title":"EL GOBIERNO CERR\u00d3 LAS DELEGACIONES PROVINCIALES DEL ENACOM Y SE ESTIMAN 500 DESPIDOS - Apuntes de San Luis","og_description":"El Gobierno nacional dispuso el cierre de las delegaciones provinciales del Ente Nacional De Comunicaciones...","og_url":"https:\/\/apuntesdesanluis.com\/index.php\/2024\/03\/27\/el-gobierno-cerro-las-delegaciones-provinciales-del-enacom-y-se-estiman-500-despidos\/","og_site_name":"Apuntes de San Luis","article_published_time":"2024-03-28T02:49:57+00:00","og_image":[{"width":600,"height":354,"url":"https:\/\/apuntesdesanluis.com\/wp-content\/uploads\/2024\/03\/enacom.png","type":"image\/png"}],"author":"apuntesdesanluis.com","twitter_card":"summary_large_image","twitter_misc":{"Escrito por":"apuntesdesanluis.com","Tiempo de lectura":"2 minutos"},"schema":{"@context":"https:\/\/schema.org","@graph":[{"@type":"Article","@id":"https:\/\/apuntesdesanluis.com\/index.php\/2024\/03\/27\/el-gobierno-cerro-las-delegaciones-provinciales-del-enacom-y-se-estiman-500-despidos\/#article","isPartOf":{"@id":"https:\/\/apuntesdesanluis.com\/index.php\/2024\/03\/27\/el-gobierno-cerro-las-delegaciones-provinciales-del-enacom-y-se-estiman-500-despidos\/"},"author":{"name":"apuntesdesanluis.com","@id":"https:\/\/apuntesdesanluis.com\/#\/schema\/person\/b55151d52296fcce64d1a72538a70b90"},"headline":"EL GOBIERNO CERR\u00d3 LAS DELEGACIONES PROVINCIALES DEL ENACOM Y SE ESTIMAN 500 DESPIDOS","datePublished":"2024-03-28T02:49:57+00:00","mainEntityOfPage":{"@id":"https:\/\/apuntesdesanluis.com\/index.php\/2024\/03\/27\/el-gobierno-cerro-las-delegaciones-provinciales-del-enacom-y-se-estiman-500-despidos\/"},"wordCount":379,"publisher":{"@id":"https:\/\/apuntesdesanluis.com\/#\/schema\/person\/b55151d52296fcce64d1a72538a70b90"},"image":{"@id":"https:\/\/apuntesdesanluis.com\/index.php\/2024\/03\/27\/el-gobierno-cerro-las-delegaciones-provinciales-del-enacom-y-se-estiman-500-despidos\/#primaryimage"},"thumbnailUrl":"https:\/\/apuntesdesanluis.com\/wp-content\/uploads\/2024\/03\/enacom.png","articleSection":["Nacionales\/Internacionales"],"inLanguage":"es-AR"},{"@type":"WebPage","@id":"https:\/\/apuntesdesanluis.com\/index.php\/2024\/03\/27\/el-gobierno-cerro-las-delegaciones-provinciales-del-enacom-y-se-estiman-500-despidos\/","url":"https:\/\/apuntesdesanluis.com\/index.php\/2024\/03\/27\/el-gobierno-cerro-las-delegaciones-provinciales-del-enacom-y-se-estiman-500-despidos\/","name":"EL GOBIERNO CERR\u00d3 LAS DELEGACIONES PROVINCIALES DEL ENACOM Y SE ESTIMAN 500 DESPIDOS - Apuntes de San Luis","isPartOf":{"@id":"https:\/\/apuntesdesanluis.com\/#website"},"primaryImageOfPage":{"@id":"https:\/\/apuntesdesanluis.com\/index.php\/2024\/03\/27\/el-gobierno-cerro-las-delegaciones-provinciales-del-enacom-y-se-estiman-500-despidos\/#primaryimage"},"image":{"@id":"https:\/\/apuntesdesanluis.com\/index.php\/2024\/03\/27\/el-gobierno-cerro-las-delegaciones-provinciales-del-enacom-y-se-estiman-500-despidos\/#primaryimage"},"thumbnailUrl":"https:\/\/apuntesdesanluis.com\/wp-content\/uploads\/2024\/03\/enacom.png","datePublished":"2024-03-28T02:49:57+00:00","breadcrumb":{"@id":"https:\/\/apuntesdesanluis.com\/index.php\/2024\/03\/27\/el-gobierno-cerro-las-delegaciones-provinciales-del-enacom-y-se-estiman-500-despidos\/#breadcrumb"},"inLanguage":"es-AR","potentialAction":[{"@type":"ReadAction","target":["https:\/\/apuntesdesanluis.com\/index.php\/2024\/03\/27\/el-gobierno-cerro-las-delegaciones-provinciales-del-enacom-y-se-estiman-500-despidos\/"]}]},{"@type":"ImageObject","inLanguage":"es-AR","@id":"https:\/\/apuntesdesanluis.com\/index.php\/2024\/03\/27\/el-gobierno-cerro-las-delegaciones-provinciales-del-enacom-y-se-estiman-500-despidos\/#primaryimage","url":"https:\/\/apuntesdesanluis.com\/wp-content\/uploads\/2024\/03\/enacom.png","contentUrl":"https:\/\/apuntesdesanluis.com\/wp-content\/uploads\/2024\/03\/enacom.png","width":600,"height":354},{"@type":"BreadcrumbList","@id":"https:\/\/apuntesdesanluis.com\/index.php\/2024\/03\/27\/el-gobierno-cerro-las-delegaciones-provinciales-del-enacom-y-se-estiman-500-despidos\/#breadcrumb","itemListElement":[{"@type":"ListItem","position":1,"name":"Inicio","item":"https:\/\/apuntesdesanluis.com\/"},{"@type":"ListItem","position":2,"name":"EL GOBIERNO CERR\u00d3 LAS DELEGACIONES PROVINCIALES DEL ENACOM Y SE ESTIMAN 500 DESPIDOS"}]},{"@type":"WebSite","@id":"https:\/\/apuntesdesanluis.com\/#website","url":"https:\/\/apuntesdesanluis.com\/","name":"Apuntes de San Luis","description":"","publisher":{"@id":"https:\/\/apuntesdesanluis.com\/#\/schema\/person\/b55151d52296fcce64d1a72538a70b90"},"potentialAction":[{"@type":"SearchAction","target":{"@type":"EntryPoint","urlTemplate":"https:\/\/apuntesdesanluis.com\/?s={search_term_string}"},"query-input":{"@type":"PropertyValueSpecification","valueRequired":true,"valueName":"search_term_string"}}],"inLanguage":"es-AR"},{"@type":["Person","Organization"],"@id":"https:\/\/apuntesdesanluis.com\/#\/schema\/person\/b55151d52296fcce64d1a72538a70b90","name":"apuntesdesanluis.com","image":{"@type":"ImageObject","inLanguage":"es-AR","@id":"https:\/\/apuntesdesanluis.com\/#\/schema\/person\/image\/","url":"https:\/\/apuntesdesanluis.com\/wp-content\/uploads\/2023\/07\/cropped-apuntesdesanluis.png","contentUrl":"https:\/\/apuntesdesanluis.com\/wp-content\/uploads\/2023\/07\/cropped-apuntesdesanluis.png","width":450,"height":112,"caption":"apuntesdesanluis.com"},"logo":{"@id":"https:\/\/apuntesdesanluis.com\/#\/schema\/person\/image\/"},"sameAs":["https:\/\/apuntesdesanluis.com"],"url":"https:\/\/apuntesdesanluis.com\/index.php\/author\/apuntesdesanluis-com\/"}]}},"featured_image_urls":{"full":["https:\/\/apuntesdesanluis.com\/wp-content\/uploads\/2024\/03\/enacom.png",600,354,false],"thumbnail":["https:\/\/apuntesdesanluis.com\/wp-content\/uploads\/2024\/03\/enacom-150x150.png",150,150,true],"medium":["https:\/\/apuntesdesanluis.com\/wp-content\/uploads\/2024\/03\/enacom-300x177.png",300,177,true],"medium_large":["https:\/\/apuntesdesanluis.com\/wp-content\/uploads\/2024\/03\/enacom.png",600,354,false],"large":["https:\/\/apuntesdesanluis.com\/wp-content\/uploads\/2024\/03\/enacom.png",600,354,false],"1536x1536":["https:\/\/apuntesdesanluis.com\/wp-content\/uploads\/2024\/03\/enacom.png",600,354,false],"2048x2048":["https:\/\/apuntesdesanluis.com\/wp-content\/uploads\/2024\/03\/enacom.png",600,354,false],"newsever-slider-full":["https:\/\/apuntesdesanluis.com\/wp-content\/uploads\/2024\/03\/enacom.png",600,354,false],"newsever-featured":["https:\/\/apuntesdesanluis.com\/wp-content\/uploads\/2024\/03\/enacom.png",600,354,false],"newsever-medium":["https:\/\/apuntesdesanluis.com\/wp-content\/uploads\/2024\/03\/enacom.png",600,354,false]},"author_info":{"display_name":"apuntesdesanluis.com","author_link":"https:\/\/apuntesdesanluis.com\/index.php\/author\/apuntesdesanluis-com\/"},"category_info":"<a href=\"https:\/\/apuntesdesanluis.com\/index.php\/category\/nacionales-internacionales\/\" rel=\"category tag\">Nacionales\/Internacionales<\/a>","tag_info":"Nacionales\/Internacionales","comment_count":"0","_links":{"self":[{"href":"https:\/\/apuntesdesanluis.com\/index.php\/wp-json\/wp\/v2\/posts\/13849","targetHints":{"allow":["GET"]}}],"collection":[{"href":"https:\/\/apuntesdesanluis.com\/index.php\/wp-json\/wp\/v2\/posts"}],"about":[{"href":"https:\/\/apuntesdesanluis.com\/index.php\/wp-json\/wp\/v2\/types\/post"}],"author":[{"embeddable":true,"href":"https:\/\/apuntesdesanluis.com\/index.php\/wp-json\/wp\/v2\/users\/1"}],"replies":[{"embeddable":true,"href":"https:\/\/apuntesdesanluis.com\/index.php\/wp-json\/wp\/v2\/comments?post=13849"}],"version-history":[{"count":1,"href":"https:\/\/apuntesdesanluis.com\/index.php\/wp-json\/wp\/v2\/posts\/13849\/revisions"}],"predecessor-version":[{"id":13851,"href":"https:\/\/apuntesdesanluis.com\/index.php\/wp-json\/wp\/v2\/posts\/13849\/revisions\/13851"}],"wp:featuredmedia":[{"embeddable":true,"href":"https:\/\/apuntesdesanluis.com\/index.php\/wp-json\/wp\/v2\/media\/13850"}],"wp:attachment":[{"href":"https:\/\/apuntesdesanluis.com\/index.php\/wp-json\/wp\/v2\/media?parent=13849"}],"wp:term":[{"taxonomy":"category","embeddable":true,"href":"https:\/\/apuntesdesanluis.com\/index.php\/wp-json\/wp\/v2\/categories?post=13849"},{"taxonomy":"post_tag","embeddable":true,"href":"https:\/\/apuntesdesanluis.com\/index.php\/wp-json\/wp\/v2\/tags?post=13849"}],"curies":[{"name":"wp","href":"https:\/\/api.w.org\/{rel}","templated":true}]}}