{"id":1385,"date":"2023-08-10T00:36:32","date_gmt":"2023-08-10T03:36:32","guid":{"rendered":"https:\/\/apuntesdesanluis.com\/?p=1385"},"modified":"2023-08-10T00:36:32","modified_gmt":"2023-08-10T03:36:32","slug":"a-una-semana-del-ataque-cibernetico-pami-aun-no-puede-prender-14-000-computadoras","status":"publish","type":"post","link":"https:\/\/apuntesdesanluis.com\/index.php\/2023\/08\/10\/a-una-semana-del-ataque-cibernetico-pami-aun-no-puede-prender-14-000-computadoras\/","title":{"rendered":"A UNA SEMANA DEL ATAQUE CIBERN\u00c9TICO, PAMI A\u00daN NO PUEDE PRENDER 14.000 COMPUTADORAS"},"content":{"rendered":"<h3>En la madrugada del mi\u00e9rcoles pasado se cay\u00f3 el sistema inform\u00e1tico de PAMI . Seg\u00fan la informaci\u00f3n difundida por propio\u00a0 organismo, se trat\u00f3 de un \u201cciberataque\u201d.<\/h3>\n<h3>Desde entonces el sistema est\u00e1 totalmente ca\u00eddo, lo que incluye la imposibilidad de millones de afiliadas y afiliados de todo el pa\u00eds de realizar tr\u00e1mites y sacar turnos m\u00e9dicos. Los inconvenientes alcanzan a la propia p\u00e1gina web y la app oficiales.<\/h3>\n<h3>Pero pas\u00f3 una semana y los inconvenientes contin\u00faan. Entre empleados de planta y contratados trabajan unas 14.000 personas que no pueden prender sus m\u00e1quinas.<\/h3>\n<h3>Fuentes al interior del organismo reconocen que circul\u00f3 una comunicaci\u00f3n interna en la que se les pidi\u00f3 apagar toda computadora conectada al sistema hasta nuevo aviso para avanzar en un formateo integral, y tambi\u00e9n les proh\u00edbe \u201cterminantemente\u201d a toda persona vinculada al PAMI que \u201cconecte y utilice una computadora personal externa al Instituto dentro de la red por Wi-Fi o Cable\u201d.<\/h3>\n<h3>Apenas conocida la noticia del \u201cciberataque\u201d, mediante comunicados\u00a0 aseguraron que la informaci\u00f3n de los servidores \u201cse halla resguardada y protegida\u201d.<\/h3>\n<h3>Dicen que se \u201cha afectado temporalmente el servicio\u201d, pero que \u201cel ataque ha sido mitigado\u201d. Y como parte del \u201cplan de contingencia\u201d, se orden\u00f3 la suspensi\u00f3n de los sistemas inform\u00e1ticos del organismo, que \u201cser\u00e1n dados de alta progresivamente\u201d<\/h3>\n<h3>Desde el organismo -la mayor obra social del pa\u00eds, con cinco millones de afiliados- intentan transmitir tranquilidad y han adaptado los tramites para poder mantener la prescripcion de recetas y la despensa de medicamentos en farmacias como la renovaci\u00f3n de los tratamientos en curso, &#8220;todas las recetas y \u00f3rdenes m\u00e9dicas se realizar\u00e1n en receta papel emitidas por los m\u00e9dicos de cabecera y profesionales de la salud&#8221;.<\/h3>\n<h3>Adem\u00e1s, se\u00f1alaron que las consultas m\u00e9dicas, pr\u00e1cticas y derivaciones se realizar\u00e1n en receta papel &#8220;a trav\u00e9s de nuestros m\u00e9dicos de cabecera y profesionales m\u00e9dicos&#8221;. En ambos casos, indicaron, se trata del mismo mecanismo utilizado de manera habitual por prepagas y obras sociales.<\/h3>\n<h3>La obra social de los adultos mayores busca subrayar que m\u00e1s all\u00e1 de las complicaciones l\u00f3gicas del ataque cibern\u00e9tico, hasta el momento los seguimientos de la dispensa de medicamentos en la red de farmacias indican que &#8220;se mantienen en vol\u00famenes habituales los consumos de medicamentos&#8221;.<\/h3>\n<h3>No obstante, si la situaci\u00f3n no se resuelve, en las pr\u00f3ximas semanas se va a ver el cuello de botella, tanto con los servicios a los pacientes como con la administraci\u00f3n interna de la instituci\u00f3n sobre todo con los\u00a0 pagos a proveedores y las licitaciones de servicios.<\/h3>\n<h3>Algunos prestatarios del\u00a0 PAMI definen el escenario actual como una olla a presi\u00f3n. Explotar\u00e1 en unas semanas. Sobre todo por la centralizaci\u00f3n de los sistemas en Buenos Aires y la falta de respuesta a las provincias.<\/h3>\n<h3>En unas semanas -se\u00f1alan-, si el sistema vulnerado contin\u00faa apagado, el tema tomar\u00e1 temperatura.<\/h3>\n","protected":false},"excerpt":{"rendered":"<p>En la madrugada del mi\u00e9rcoles pasado se cay\u00f3 el sistema inform\u00e1tico de PAMI . Seg\u00fan&#8230;<\/p>\n","protected":false},"author":1,"featured_media":1386,"comment_status":"closed","ping_status":"closed","sticky":false,"template":"","format":"standard","meta":{"footnotes":""},"categories":[5],"tags":[],"class_list":["post-1385","post","type-post","status-publish","format-standard","has-post-thumbnail","hentry","category-nacionales-internacionales"],"yoast_head":"<!-- This site is optimized with the Yoast SEO plugin v26.1.1 - https:\/\/yoast.com\/wordpress\/plugins\/seo\/ -->\n<title>A UNA SEMANA DEL ATAQUE CIBERN\u00c9TICO, PAMI A\u00daN NO PUEDE PRENDER 14.000 COMPUTADORAS - Apuntes de San Luis<\/title>\n<meta name=\"robots\" content=\"index, follow, max-snippet:-1, max-image-preview:large, max-video-preview:-1\" \/>\n<link rel=\"canonical\" href=\"https:\/\/apuntesdesanluis.com\/index.php\/2023\/08\/10\/a-una-semana-del-ataque-cibernetico-pami-aun-no-puede-prender-14-000-computadoras\/\" \/>\n<meta property=\"og:locale\" content=\"es_ES\" \/>\n<meta property=\"og:type\" content=\"article\" \/>\n<meta property=\"og:title\" content=\"A UNA SEMANA DEL ATAQUE CIBERN\u00c9TICO, PAMI A\u00daN NO PUEDE PRENDER 14.000 COMPUTADORAS - Apuntes de San Luis\" \/>\n<meta property=\"og:description\" content=\"En la madrugada del mi\u00e9rcoles pasado se cay\u00f3 el sistema inform\u00e1tico de PAMI . Seg\u00fan...\" \/>\n<meta property=\"og:url\" content=\"https:\/\/apuntesdesanluis.com\/index.php\/2023\/08\/10\/a-una-semana-del-ataque-cibernetico-pami-aun-no-puede-prender-14-000-computadoras\/\" \/>\n<meta property=\"og:site_name\" content=\"Apuntes de San Luis\" \/>\n<meta property=\"article:published_time\" content=\"2023-08-10T03:36:32+00:00\" \/>\n<meta property=\"og:image\" content=\"https:\/\/apuntesdesanluis.com\/wp-content\/uploads\/2023\/08\/PAMI.png\" \/>\n\t<meta property=\"og:image:width\" content=\"785\" \/>\n\t<meta property=\"og:image:height\" content=\"483\" \/>\n\t<meta property=\"og:image:type\" content=\"image\/png\" \/>\n<meta name=\"author\" content=\"apuntesdesanluis.com\" \/>\n<meta name=\"twitter:card\" content=\"summary_large_image\" \/>\n<meta name=\"twitter:label1\" content=\"Escrito por\" \/>\n\t<meta name=\"twitter:data1\" content=\"apuntesdesanluis.com\" \/>\n\t<meta name=\"twitter:label2\" content=\"Tiempo de lectura\" \/>\n\t<meta name=\"twitter:data2\" content=\"3 minutos\" \/>\n<script type=\"application\/ld+json\" class=\"yoast-schema-graph\">{\"@context\":\"https:\/\/schema.org\",\"@graph\":[{\"@type\":\"Article\",\"@id\":\"https:\/\/apuntesdesanluis.com\/index.php\/2023\/08\/10\/a-una-semana-del-ataque-cibernetico-pami-aun-no-puede-prender-14-000-computadoras\/#article\",\"isPartOf\":{\"@id\":\"https:\/\/apuntesdesanluis.com\/index.php\/2023\/08\/10\/a-una-semana-del-ataque-cibernetico-pami-aun-no-puede-prender-14-000-computadoras\/\"},\"author\":{\"name\":\"apuntesdesanluis.com\",\"@id\":\"https:\/\/apuntesdesanluis.com\/#\/schema\/person\/b55151d52296fcce64d1a72538a70b90\"},\"headline\":\"A UNA SEMANA DEL ATAQUE CIBERN\u00c9TICO, PAMI A\u00daN NO PUEDE PRENDER 14.000 COMPUTADORAS\",\"datePublished\":\"2023-08-10T03:36:32+00:00\",\"mainEntityOfPage\":{\"@id\":\"https:\/\/apuntesdesanluis.com\/index.php\/2023\/08\/10\/a-una-semana-del-ataque-cibernetico-pami-aun-no-puede-prender-14-000-computadoras\/\"},\"wordCount\":515,\"publisher\":{\"@id\":\"https:\/\/apuntesdesanluis.com\/#\/schema\/person\/b55151d52296fcce64d1a72538a70b90\"},\"image\":{\"@id\":\"https:\/\/apuntesdesanluis.com\/index.php\/2023\/08\/10\/a-una-semana-del-ataque-cibernetico-pami-aun-no-puede-prender-14-000-computadoras\/#primaryimage\"},\"thumbnailUrl\":\"https:\/\/apuntesdesanluis.com\/wp-content\/uploads\/2023\/08\/PAMI.png\",\"articleSection\":[\"Nacionales\/Internacionales\"],\"inLanguage\":\"es-AR\"},{\"@type\":\"WebPage\",\"@id\":\"https:\/\/apuntesdesanluis.com\/index.php\/2023\/08\/10\/a-una-semana-del-ataque-cibernetico-pami-aun-no-puede-prender-14-000-computadoras\/\",\"url\":\"https:\/\/apuntesdesanluis.com\/index.php\/2023\/08\/10\/a-una-semana-del-ataque-cibernetico-pami-aun-no-puede-prender-14-000-computadoras\/\",\"name\":\"A UNA SEMANA DEL ATAQUE CIBERN\u00c9TICO, PAMI A\u00daN NO PUEDE PRENDER 14.000 COMPUTADORAS - Apuntes de San Luis\",\"isPartOf\":{\"@id\":\"https:\/\/apuntesdesanluis.com\/#website\"},\"primaryImageOfPage\":{\"@id\":\"https:\/\/apuntesdesanluis.com\/index.php\/2023\/08\/10\/a-una-semana-del-ataque-cibernetico-pami-aun-no-puede-prender-14-000-computadoras\/#primaryimage\"},\"image\":{\"@id\":\"https:\/\/apuntesdesanluis.com\/index.php\/2023\/08\/10\/a-una-semana-del-ataque-cibernetico-pami-aun-no-puede-prender-14-000-computadoras\/#primaryimage\"},\"thumbnailUrl\":\"https:\/\/apuntesdesanluis.com\/wp-content\/uploads\/2023\/08\/PAMI.png\",\"datePublished\":\"2023-08-10T03:36:32+00:00\",\"breadcrumb\":{\"@id\":\"https:\/\/apuntesdesanluis.com\/index.php\/2023\/08\/10\/a-una-semana-del-ataque-cibernetico-pami-aun-no-puede-prender-14-000-computadoras\/#breadcrumb\"},\"inLanguage\":\"es-AR\",\"potentialAction\":[{\"@type\":\"ReadAction\",\"target\":[\"https:\/\/apuntesdesanluis.com\/index.php\/2023\/08\/10\/a-una-semana-del-ataque-cibernetico-pami-aun-no-puede-prender-14-000-computadoras\/\"]}]},{\"@type\":\"ImageObject\",\"inLanguage\":\"es-AR\",\"@id\":\"https:\/\/apuntesdesanluis.com\/index.php\/2023\/08\/10\/a-una-semana-del-ataque-cibernetico-pami-aun-no-puede-prender-14-000-computadoras\/#primaryimage\",\"url\":\"https:\/\/apuntesdesanluis.com\/wp-content\/uploads\/2023\/08\/PAMI.png\",\"contentUrl\":\"https:\/\/apuntesdesanluis.com\/wp-content\/uploads\/2023\/08\/PAMI.png\",\"width\":785,\"height\":483},{\"@type\":\"BreadcrumbList\",\"@id\":\"https:\/\/apuntesdesanluis.com\/index.php\/2023\/08\/10\/a-una-semana-del-ataque-cibernetico-pami-aun-no-puede-prender-14-000-computadoras\/#breadcrumb\",\"itemListElement\":[{\"@type\":\"ListItem\",\"position\":1,\"name\":\"Inicio\",\"item\":\"https:\/\/apuntesdesanluis.com\/\"},{\"@type\":\"ListItem\",\"position\":2,\"name\":\"A UNA SEMANA DEL ATAQUE CIBERN\u00c9TICO, PAMI A\u00daN NO PUEDE PRENDER 14.000 COMPUTADORAS\"}]},{\"@type\":\"WebSite\",\"@id\":\"https:\/\/apuntesdesanluis.com\/#website\",\"url\":\"https:\/\/apuntesdesanluis.com\/\",\"name\":\"Apuntes de San Luis\",\"description\":\"\",\"publisher\":{\"@id\":\"https:\/\/apuntesdesanluis.com\/#\/schema\/person\/b55151d52296fcce64d1a72538a70b90\"},\"potentialAction\":[{\"@type\":\"SearchAction\",\"target\":{\"@type\":\"EntryPoint\",\"urlTemplate\":\"https:\/\/apuntesdesanluis.com\/?s={search_term_string}\"},\"query-input\":{\"@type\":\"PropertyValueSpecification\",\"valueRequired\":true,\"valueName\":\"search_term_string\"}}],\"inLanguage\":\"es-AR\"},{\"@type\":[\"Person\",\"Organization\"],\"@id\":\"https:\/\/apuntesdesanluis.com\/#\/schema\/person\/b55151d52296fcce64d1a72538a70b90\",\"name\":\"apuntesdesanluis.com\",\"image\":{\"@type\":\"ImageObject\",\"inLanguage\":\"es-AR\",\"@id\":\"https:\/\/apuntesdesanluis.com\/#\/schema\/person\/image\/\",\"url\":\"https:\/\/apuntesdesanluis.com\/wp-content\/uploads\/2023\/07\/cropped-apuntesdesanluis.png\",\"contentUrl\":\"https:\/\/apuntesdesanluis.com\/wp-content\/uploads\/2023\/07\/cropped-apuntesdesanluis.png\",\"width\":450,\"height\":112,\"caption\":\"apuntesdesanluis.com\"},\"logo\":{\"@id\":\"https:\/\/apuntesdesanluis.com\/#\/schema\/person\/image\/\"},\"sameAs\":[\"https:\/\/apuntesdesanluis.com\"],\"url\":\"https:\/\/apuntesdesanluis.com\/index.php\/author\/apuntesdesanluis-com\/\"}]}<\/script>\n<!-- \/ Yoast SEO plugin. -->","yoast_head_json":{"title":"A UNA SEMANA DEL ATAQUE CIBERN\u00c9TICO, PAMI A\u00daN NO PUEDE PRENDER 14.000 COMPUTADORAS - Apuntes de San Luis","robots":{"index":"index","follow":"follow","max-snippet":"max-snippet:-1","max-image-preview":"max-image-preview:large","max-video-preview":"max-video-preview:-1"},"canonical":"https:\/\/apuntesdesanluis.com\/index.php\/2023\/08\/10\/a-una-semana-del-ataque-cibernetico-pami-aun-no-puede-prender-14-000-computadoras\/","og_locale":"es_ES","og_type":"article","og_title":"A UNA SEMANA DEL ATAQUE CIBERN\u00c9TICO, PAMI A\u00daN NO PUEDE PRENDER 14.000 COMPUTADORAS - Apuntes de San Luis","og_description":"En la madrugada del mi\u00e9rcoles pasado se cay\u00f3 el sistema inform\u00e1tico de PAMI . Seg\u00fan...","og_url":"https:\/\/apuntesdesanluis.com\/index.php\/2023\/08\/10\/a-una-semana-del-ataque-cibernetico-pami-aun-no-puede-prender-14-000-computadoras\/","og_site_name":"Apuntes de San Luis","article_published_time":"2023-08-10T03:36:32+00:00","og_image":[{"width":785,"height":483,"url":"https:\/\/apuntesdesanluis.com\/wp-content\/uploads\/2023\/08\/PAMI.png","type":"image\/png"}],"author":"apuntesdesanluis.com","twitter_card":"summary_large_image","twitter_misc":{"Escrito por":"apuntesdesanluis.com","Tiempo de lectura":"3 minutos"},"schema":{"@context":"https:\/\/schema.org","@graph":[{"@type":"Article","@id":"https:\/\/apuntesdesanluis.com\/index.php\/2023\/08\/10\/a-una-semana-del-ataque-cibernetico-pami-aun-no-puede-prender-14-000-computadoras\/#article","isPartOf":{"@id":"https:\/\/apuntesdesanluis.com\/index.php\/2023\/08\/10\/a-una-semana-del-ataque-cibernetico-pami-aun-no-puede-prender-14-000-computadoras\/"},"author":{"name":"apuntesdesanluis.com","@id":"https:\/\/apuntesdesanluis.com\/#\/schema\/person\/b55151d52296fcce64d1a72538a70b90"},"headline":"A UNA SEMANA DEL ATAQUE CIBERN\u00c9TICO, PAMI A\u00daN NO PUEDE PRENDER 14.000 COMPUTADORAS","datePublished":"2023-08-10T03:36:32+00:00","mainEntityOfPage":{"@id":"https:\/\/apuntesdesanluis.com\/index.php\/2023\/08\/10\/a-una-semana-del-ataque-cibernetico-pami-aun-no-puede-prender-14-000-computadoras\/"},"wordCount":515,"publisher":{"@id":"https:\/\/apuntesdesanluis.com\/#\/schema\/person\/b55151d52296fcce64d1a72538a70b90"},"image":{"@id":"https:\/\/apuntesdesanluis.com\/index.php\/2023\/08\/10\/a-una-semana-del-ataque-cibernetico-pami-aun-no-puede-prender-14-000-computadoras\/#primaryimage"},"thumbnailUrl":"https:\/\/apuntesdesanluis.com\/wp-content\/uploads\/2023\/08\/PAMI.png","articleSection":["Nacionales\/Internacionales"],"inLanguage":"es-AR"},{"@type":"WebPage","@id":"https:\/\/apuntesdesanluis.com\/index.php\/2023\/08\/10\/a-una-semana-del-ataque-cibernetico-pami-aun-no-puede-prender-14-000-computadoras\/","url":"https:\/\/apuntesdesanluis.com\/index.php\/2023\/08\/10\/a-una-semana-del-ataque-cibernetico-pami-aun-no-puede-prender-14-000-computadoras\/","name":"A UNA SEMANA DEL ATAQUE CIBERN\u00c9TICO, PAMI A\u00daN NO PUEDE PRENDER 14.000 COMPUTADORAS - Apuntes de San Luis","isPartOf":{"@id":"https:\/\/apuntesdesanluis.com\/#website"},"primaryImageOfPage":{"@id":"https:\/\/apuntesdesanluis.com\/index.php\/2023\/08\/10\/a-una-semana-del-ataque-cibernetico-pami-aun-no-puede-prender-14-000-computadoras\/#primaryimage"},"image":{"@id":"https:\/\/apuntesdesanluis.com\/index.php\/2023\/08\/10\/a-una-semana-del-ataque-cibernetico-pami-aun-no-puede-prender-14-000-computadoras\/#primaryimage"},"thumbnailUrl":"https:\/\/apuntesdesanluis.com\/wp-content\/uploads\/2023\/08\/PAMI.png","datePublished":"2023-08-10T03:36:32+00:00","breadcrumb":{"@id":"https:\/\/apuntesdesanluis.com\/index.php\/2023\/08\/10\/a-una-semana-del-ataque-cibernetico-pami-aun-no-puede-prender-14-000-computadoras\/#breadcrumb"},"inLanguage":"es-AR","potentialAction":[{"@type":"ReadAction","target":["https:\/\/apuntesdesanluis.com\/index.php\/2023\/08\/10\/a-una-semana-del-ataque-cibernetico-pami-aun-no-puede-prender-14-000-computadoras\/"]}]},{"@type":"ImageObject","inLanguage":"es-AR","@id":"https:\/\/apuntesdesanluis.com\/index.php\/2023\/08\/10\/a-una-semana-del-ataque-cibernetico-pami-aun-no-puede-prender-14-000-computadoras\/#primaryimage","url":"https:\/\/apuntesdesanluis.com\/wp-content\/uploads\/2023\/08\/PAMI.png","contentUrl":"https:\/\/apuntesdesanluis.com\/wp-content\/uploads\/2023\/08\/PAMI.png","width":785,"height":483},{"@type":"BreadcrumbList","@id":"https:\/\/apuntesdesanluis.com\/index.php\/2023\/08\/10\/a-una-semana-del-ataque-cibernetico-pami-aun-no-puede-prender-14-000-computadoras\/#breadcrumb","itemListElement":[{"@type":"ListItem","position":1,"name":"Inicio","item":"https:\/\/apuntesdesanluis.com\/"},{"@type":"ListItem","position":2,"name":"A UNA SEMANA DEL ATAQUE CIBERN\u00c9TICO, PAMI A\u00daN NO PUEDE PRENDER 14.000 COMPUTADORAS"}]},{"@type":"WebSite","@id":"https:\/\/apuntesdesanluis.com\/#website","url":"https:\/\/apuntesdesanluis.com\/","name":"Apuntes de San Luis","description":"","publisher":{"@id":"https:\/\/apuntesdesanluis.com\/#\/schema\/person\/b55151d52296fcce64d1a72538a70b90"},"potentialAction":[{"@type":"SearchAction","target":{"@type":"EntryPoint","urlTemplate":"https:\/\/apuntesdesanluis.com\/?s={search_term_string}"},"query-input":{"@type":"PropertyValueSpecification","valueRequired":true,"valueName":"search_term_string"}}],"inLanguage":"es-AR"},{"@type":["Person","Organization"],"@id":"https:\/\/apuntesdesanluis.com\/#\/schema\/person\/b55151d52296fcce64d1a72538a70b90","name":"apuntesdesanluis.com","image":{"@type":"ImageObject","inLanguage":"es-AR","@id":"https:\/\/apuntesdesanluis.com\/#\/schema\/person\/image\/","url":"https:\/\/apuntesdesanluis.com\/wp-content\/uploads\/2023\/07\/cropped-apuntesdesanluis.png","contentUrl":"https:\/\/apuntesdesanluis.com\/wp-content\/uploads\/2023\/07\/cropped-apuntesdesanluis.png","width":450,"height":112,"caption":"apuntesdesanluis.com"},"logo":{"@id":"https:\/\/apuntesdesanluis.com\/#\/schema\/person\/image\/"},"sameAs":["https:\/\/apuntesdesanluis.com"],"url":"https:\/\/apuntesdesanluis.com\/index.php\/author\/apuntesdesanluis-com\/"}]}},"featured_image_urls":{"full":["https:\/\/apuntesdesanluis.com\/wp-content\/uploads\/2023\/08\/PAMI.png",785,483,false],"thumbnail":["https:\/\/apuntesdesanluis.com\/wp-content\/uploads\/2023\/08\/PAMI-150x150.png",150,150,true],"medium":["https:\/\/apuntesdesanluis.com\/wp-content\/uploads\/2023\/08\/PAMI-300x185.png",300,185,true],"medium_large":["https:\/\/apuntesdesanluis.com\/wp-content\/uploads\/2023\/08\/PAMI-768x473.png",640,394,true],"large":["https:\/\/apuntesdesanluis.com\/wp-content\/uploads\/2023\/08\/PAMI.png",640,394,false],"1536x1536":["https:\/\/apuntesdesanluis.com\/wp-content\/uploads\/2023\/08\/PAMI.png",785,483,false],"2048x2048":["https:\/\/apuntesdesanluis.com\/wp-content\/uploads\/2023\/08\/PAMI.png",785,483,false],"newsever-slider-full":["https:\/\/apuntesdesanluis.com\/wp-content\/uploads\/2023\/08\/PAMI.png",785,483,false],"newsever-featured":["https:\/\/apuntesdesanluis.com\/wp-content\/uploads\/2023\/08\/PAMI.png",785,483,false],"newsever-medium":["https:\/\/apuntesdesanluis.com\/wp-content\/uploads\/2023\/08\/PAMI-720x475.png",720,475,true]},"author_info":{"display_name":"apuntesdesanluis.com","author_link":"https:\/\/apuntesdesanluis.com\/index.php\/author\/apuntesdesanluis-com\/"},"category_info":"<a href=\"https:\/\/apuntesdesanluis.com\/index.php\/category\/nacionales-internacionales\/\" rel=\"category tag\">Nacionales\/Internacionales<\/a>","tag_info":"Nacionales\/Internacionales","comment_count":"0","_links":{"self":[{"href":"https:\/\/apuntesdesanluis.com\/index.php\/wp-json\/wp\/v2\/posts\/1385","targetHints":{"allow":["GET"]}}],"collection":[{"href":"https:\/\/apuntesdesanluis.com\/index.php\/wp-json\/wp\/v2\/posts"}],"about":[{"href":"https:\/\/apuntesdesanluis.com\/index.php\/wp-json\/wp\/v2\/types\/post"}],"author":[{"embeddable":true,"href":"https:\/\/apuntesdesanluis.com\/index.php\/wp-json\/wp\/v2\/users\/1"}],"replies":[{"embeddable":true,"href":"https:\/\/apuntesdesanluis.com\/index.php\/wp-json\/wp\/v2\/comments?post=1385"}],"version-history":[{"count":1,"href":"https:\/\/apuntesdesanluis.com\/index.php\/wp-json\/wp\/v2\/posts\/1385\/revisions"}],"predecessor-version":[{"id":1387,"href":"https:\/\/apuntesdesanluis.com\/index.php\/wp-json\/wp\/v2\/posts\/1385\/revisions\/1387"}],"wp:featuredmedia":[{"embeddable":true,"href":"https:\/\/apuntesdesanluis.com\/index.php\/wp-json\/wp\/v2\/media\/1386"}],"wp:attachment":[{"href":"https:\/\/apuntesdesanluis.com\/index.php\/wp-json\/wp\/v2\/media?parent=1385"}],"wp:term":[{"taxonomy":"category","embeddable":true,"href":"https:\/\/apuntesdesanluis.com\/index.php\/wp-json\/wp\/v2\/categories?post=1385"},{"taxonomy":"post_tag","embeddable":true,"href":"https:\/\/apuntesdesanluis.com\/index.php\/wp-json\/wp\/v2\/tags?post=1385"}],"curies":[{"name":"wp","href":"https:\/\/api.w.org\/{rel}","templated":true}]}}