{"id":13852,"date":"2024-03-27T23:55:23","date_gmt":"2024-03-28T02:55:23","guid":{"rendered":"https:\/\/apuntesdesanluis.com\/?p=13852"},"modified":"2024-03-27T23:55:58","modified_gmt":"2024-03-28T02:55:58","slug":"el-gobierno-anuncio-que-las-jubilaciones-y-pensiones-de-abril-se-pagaran-en-dos-tramos","status":"publish","type":"post","link":"https:\/\/apuntesdesanluis.com\/index.php\/2024\/03\/27\/el-gobierno-anuncio-que-las-jubilaciones-y-pensiones-de-abril-se-pagaran-en-dos-tramos\/","title":{"rendered":"EL GOBIERNO ANUNCI\u00d3 QUE LAS JUBILACIONES Y PENSIONES DE ABRIL SE PAGAR\u00c1N EN DOS TRAMOS"},"content":{"rendered":"<h3>Para aplicar el reciente cambio en la actualizaci\u00f3n de las jubilaciones y pensiones, la Anses desdoblar\u00e1 el pago de los haberes de abril en dos tramos: en el primer pago se liquidar\u00e1 el mismo monto que se cobr\u00f3 en marzo y en el segundo se cobrar\u00e1 el aumento y el bono de $70.000.<\/h3>\n<h3>La Anses a\u00fan no anunci\u00f3 el calendario para el segundo pago, el correspondiente al aumento y a bonos; solamente inform\u00f3 que ser\u00e1 dentro de abril. El calendario para el primer pago ya fue informado y comienza el 10 de abril.<\/h3>\n<h3>\u201cLa reciente modificaci\u00f3n de la movilidad y sus consecuentes adelantos, generar\u00e1 un desdoblamiento del pago prestacional, a fin de no demorar el acceso de los beneficiarios a sus haberes\u201d, se\u00f1al\u00f3 la Anses en un comunicado.<\/h3>\n<h3>Los despidos en el Enacom ya rondan los 300 y Milei prepara un decreto para que el Estado no interfiera en los precios de Internet, cable y celulares<\/h3>\n<h3>\u00a0\u201cEn consecuencia, habr\u00e1 una primera liquidaci\u00f3n correspondiente al haber de marzo 2024 y una segunda liquidaci\u00f3n, dentro del mismo mes de abril, correspondiente al aumento por movilidad previsional y al refuerzo previsional de 70 mil pesos\u201d, agreg\u00f3.<\/h3>\n<h3>El organismo inform\u00f3 que en mayo se aplicar\u00e1 un adelanto de la movilidad correspondiente a junio, conforme la nueva f\u00f3rmula (con IPC de marzo); y, en junio, un incremento calculado seg\u00fan la nueva f\u00f3rmula (IPC de abril) y \u201cen ning\u00fan caso, la aplicaci\u00f3n del \u00edndice podr\u00e1 disminuir el haber que perciben los jubilados y pensionados\u201d. Si en junio el aumento arrojado por la Ley de Movilidad anterior (Ley 27.609) fuera superior a lo acumulado en estos tres meses de empalme, ANSES abonar\u00e1 la diferencia correspondiente.<\/h3>\n<h3>\u201cHabr\u00e1 una primera liquidaci\u00f3n correspondiente al haber de marzo 2024 y una segunda liquidaci\u00f3n, dentro del mismo mes de abril, correspondiente al aumento por movilidad previsional y al refuerzo previsional de 70 mil pesos\u201d, inform\u00f3 la Anse<\/h3>\n<h3>D\u00edas atr\u00e1s, el Gobierno ya hab\u00eda oficializado por decreto la nueva f\u00f3rmula de movilidad para las jubilaciones y pensiones, por la que desde julio se actualizar\u00e1n mensualmente de acuerdo con la variaci\u00f3n de la inflaci\u00f3n, a trav\u00e9s del \u00cdndice de Precios al Consumidor (IPC), publicado por el Instituto Nacional de Estad\u00edstica y Censos (INDEC). Es decir, en julio los haberes se actualizar\u00e1n tomando como base el IPC de mayo; en agosto, el \u00edndice de junio; y as\u00ed sucesivamente.<\/h3>\n<h3>Tambi\u00e9n se hab\u00eda advertido que en la transici\u00f3n de una f\u00f3rmula hacia otra, en abril los jubilados y pensionados recibir\u00e1n un incremento extraordinario de 12,5 por ciento \u201cpara compensar parcialmente las p\u00e9rdidas ocasionadas por el proceso inflacionario del \u00faltimo a\u00f1o\u201d.<\/h3>\n<h3>\u201cAsimismo, se adicionar\u00e1 el 13,24 por ciento correspondiente al IPC de febrero a cuenta de la movilidad a pagar en junio de 2024. Por todo ello, la jubilaci\u00f3n m\u00ednima de abril ser\u00e1 de 171.283,31 pesos. A ese monto se le adicionara el pago de un bono de 70 mil pesos. En consecuencia, la jubilaci\u00f3n m\u00ednima en el mes de abril alcanzar\u00e1 un total de 241.283,31 pesos\u201d, inform\u00f3 la Anses.<\/h3>\n<h3>\u201cLa PUAM asciende a 137.026,65 pesos, a lo que se adicionar\u00e1 un bono de 70 mil pesos, quedando en 207.026,65 pesos. Las Pensiones No Contributivas (Invalidez y Vejez) quedar\u00e1n en 119.898,32 pesos por lo que, sumado al bono de 70 mil pesos, cobrar\u00e1n 189.898,32 pesos\u201d, agreg\u00f3 el organismo previsional.<\/h3>\n<h3><strong>Cuando cobro Anses:<\/strong><\/h3>\n<h3><strong>jubilados y pensionados con el haber m\u00ednimo<\/strong><\/h3>\n<h3>DNI terminado en 0: mi\u00e9rcoles 10 de abril<\/h3>\n<h3>DNI terminado en 1: jueves 11 de abril<\/h3>\n<h3>DNI terminado en 2: viernes 12 de abril<\/h3>\n<h3>DNI terminado en 3: lunes 15 de abril<\/h3>\n<h3>DNI terminado en 4: martes 16 de abril<\/h3>\n<h3>DNI terminado en 5: mi\u00e9rcoles 17 de abril<\/h3>\n<h3>DNI terminado en 6: jueves 18 de abril<\/h3>\n<h3>DNI terminado en 7: viernes 19 de abril<\/h3>\n<h3>DNI terminado en 8: lunes 22 de abril<\/h3>\n<h3>DNI terminado en 9: martes 23 de abril<\/h3>\n<h3><strong>Jubilaciones y pensiones que superen un haber m\u00ednimo<\/strong><\/h3>\n<ul>\n<li>\n<h3>DNI terminados en 0 y 1: 24 de abril<\/h3>\n<\/li>\n<\/ul>\n<ul>\n<li>\n<h3>DNI terminados en 2 y 3: 25 de abril<\/h3>\n<\/li>\n<\/ul>\n<ul>\n<li>\n<h3>DNI terminados en 4 y 5: 26 de abril<\/h3>\n<\/li>\n<\/ul>\n<ul>\n<li>\n<h3>DNI terminados en 6 y 7: 29 de abril<\/h3>\n<\/li>\n<\/ul>\n<ul>\n<li>\n<h3>DNI terminados en 8 y 9: 30 de abril<\/h3>\n<\/li>\n<\/ul>\n<h3><strong>AUH y Tarjeta Alimentar<\/strong><\/h3>\n<h3>DNI terminado en 0: 10 de abril<\/h3>\n<h3>DNI terminado en 1: 11 de abril<\/h3>\n<h3>DNI terminado en 2: 12 de abril<\/h3>\n<h3>DNI terminado en 3: 15 de abril<\/h3>\n<h3>DNI terminado en 4: 16 de abril<\/h3>\n<h3>DNI terminado en 5: 17 de abril<\/h3>\n<h3>DNI terminado en 6: 18 de abril<\/h3>\n<h3>DNI terminado en 7: 19 de abril<\/h3>\n<h3>DNI terminado en 8: 22 de abril<\/h3>\n<h3>DNI terminado en 9: 23 de abril<\/h3>\n<h3><strong>Asignaci\u00f3n por embarazo: cu\u00e1ndo cobro en abril<\/strong><\/h3>\n<h3>DNI terminado en 0: 10 de abril<\/h3>\n<h3>DNI terminado en 1: 11 de abril<\/h3>\n<h3>DNI terminado en 2: 12 de abril<\/h3>\n<h3>DNI terminado en 3: 15 de abril<\/h3>\n<h3>DNI terminado en 4: 16 de abril<\/h3>\n<h3>DNI terminado en 5: 17 de abril<\/h3>\n<h3>DNI terminado en 6: 18 de abril<\/h3>\n<h3>DNI terminado en 7: 19 de abril<\/h3>\n<h3>DNI terminado en 8: 22 de abril<\/h3>\n<h3>DNI terminado en 9: 23 de abril<\/h3>\n<h3><strong>Pensiones No contributivas: cu\u00e1ndo cobro en abril<\/strong><\/h3>\n<h3>DNI terminado en 0 y 1: 3 de abril<\/h3>\n<h3>DNI terminado en 2 y 3: 4 de abril<\/h3>\n<h3>DNI terminado en 4 y 5: 5 de abril<\/h3>\n<h3>DNI terminado en 6 y 7: 8 de abril<\/h3>\n<h3>DNI terminado en 8 y 9: 9 de abril<\/h3>\n<h3><strong>Prestaciones de Desempleo: cu\u00e1ndo cobro<\/strong><\/h3>\n<h3>DNI terminado en 0 y 1: 24 de abril<\/h3>\n<h3>DNI terminado en 2 y 3: 25 de abril<\/h3>\n<h3>DNI terminado en 4 y 5: 26 de abril<\/h3>\n<h3>DNI terminado en 6 y 7: 29 de abril<\/h3>\n<h3>DNI terminado en 8 y 9: 30 de abril<\/h3>\n<h3><strong>\u00bfC\u00f3mo saber d\u00f3nde cobro?<\/strong><\/h3>\n<h3>Anses inform\u00f3 que los beneficiarios pueden conocer su fecha y lugar de cobro en el sitio web del organismo, <a href=\"http:\/\/www.anses.gob.ar\">www.anses.gob.ar<\/a><\/h3>\n<h3>Para ello, deben ingresar en \u201cmi Anses\u201d con su CUIL y Clave de la Seguridad Social (si no la poseen pueden generarla en el momento), elegir la opci\u00f3n Cobros y luego Consultar fecha y lugar de cobro.<\/h3>\n<p>&nbsp;<\/p>\n<p>&nbsp;<\/p>\n<p>&nbsp;<\/p>\n","protected":false},"excerpt":{"rendered":"<p>Para aplicar el reciente cambio en la actualizaci\u00f3n de las jubilaciones y pensiones, la Anses&#8230;<\/p>\n","protected":false},"author":1,"featured_media":13853,"comment_status":"closed","ping_status":"closed","sticky":false,"template":"","format":"standard","meta":{"footnotes":""},"categories":[5],"tags":[],"class_list":["post-13852","post","type-post","status-publish","format-standard","has-post-thumbnail","hentry","category-nacionales-internacionales"],"yoast_head":"<!-- This site is optimized with the Yoast SEO plugin v26.1.1 - https:\/\/yoast.com\/wordpress\/plugins\/seo\/ -->\n<title>EL GOBIERNO ANUNCI\u00d3 QUE LAS JUBILACIONES Y PENSIONES DE ABRIL SE PAGAR\u00c1N EN DOS TRAMOS - Apuntes de San Luis<\/title>\n<meta name=\"robots\" content=\"index, follow, max-snippet:-1, max-image-preview:large, max-video-preview:-1\" \/>\n<link rel=\"canonical\" href=\"https:\/\/apuntesdesanluis.com\/index.php\/2024\/03\/27\/el-gobierno-anuncio-que-las-jubilaciones-y-pensiones-de-abril-se-pagaran-en-dos-tramos\/\" \/>\n<meta property=\"og:locale\" content=\"es_ES\" \/>\n<meta property=\"og:type\" content=\"article\" \/>\n<meta property=\"og:title\" content=\"EL GOBIERNO ANUNCI\u00d3 QUE LAS JUBILACIONES Y PENSIONES DE ABRIL SE PAGAR\u00c1N EN DOS TRAMOS - Apuntes de San Luis\" \/>\n<meta property=\"og:description\" content=\"Para aplicar el reciente cambio en la actualizaci\u00f3n de las jubilaciones y pensiones, la Anses...\" \/>\n<meta property=\"og:url\" content=\"https:\/\/apuntesdesanluis.com\/index.php\/2024\/03\/27\/el-gobierno-anuncio-que-las-jubilaciones-y-pensiones-de-abril-se-pagaran-en-dos-tramos\/\" \/>\n<meta property=\"og:site_name\" content=\"Apuntes de San Luis\" \/>\n<meta property=\"article:published_time\" content=\"2024-03-28T02:55:23+00:00\" \/>\n<meta property=\"article:modified_time\" content=\"2024-03-28T02:55:58+00:00\" \/>\n<meta property=\"og:image\" content=\"https:\/\/apuntesdesanluis.com\/wp-content\/uploads\/2024\/03\/PAGO-A-JUBILADOS.png\" \/>\n\t<meta property=\"og:image:width\" content=\"629\" \/>\n\t<meta property=\"og:image:height\" content=\"339\" \/>\n\t<meta property=\"og:image:type\" content=\"image\/png\" \/>\n<meta name=\"author\" content=\"apuntesdesanluis.com\" \/>\n<meta name=\"twitter:card\" content=\"summary_large_image\" \/>\n<meta name=\"twitter:label1\" content=\"Escrito por\" \/>\n\t<meta name=\"twitter:data1\" content=\"apuntesdesanluis.com\" \/>\n\t<meta name=\"twitter:label2\" content=\"Tiempo de lectura\" \/>\n\t<meta name=\"twitter:data2\" content=\"5 minutos\" \/>\n<script type=\"application\/ld+json\" class=\"yoast-schema-graph\">{\"@context\":\"https:\/\/schema.org\",\"@graph\":[{\"@type\":\"Article\",\"@id\":\"https:\/\/apuntesdesanluis.com\/index.php\/2024\/03\/27\/el-gobierno-anuncio-que-las-jubilaciones-y-pensiones-de-abril-se-pagaran-en-dos-tramos\/#article\",\"isPartOf\":{\"@id\":\"https:\/\/apuntesdesanluis.com\/index.php\/2024\/03\/27\/el-gobierno-anuncio-que-las-jubilaciones-y-pensiones-de-abril-se-pagaran-en-dos-tramos\/\"},\"author\":{\"name\":\"apuntesdesanluis.com\",\"@id\":\"https:\/\/apuntesdesanluis.com\/#\/schema\/person\/b55151d52296fcce64d1a72538a70b90\"},\"headline\":\"EL GOBIERNO ANUNCI\u00d3 QUE LAS JUBILACIONES Y PENSIONES DE ABRIL SE PAGAR\u00c1N EN DOS TRAMOS\",\"datePublished\":\"2024-03-28T02:55:23+00:00\",\"dateModified\":\"2024-03-28T02:55:58+00:00\",\"mainEntityOfPage\":{\"@id\":\"https:\/\/apuntesdesanluis.com\/index.php\/2024\/03\/27\/el-gobierno-anuncio-que-las-jubilaciones-y-pensiones-de-abril-se-pagaran-en-dos-tramos\/\"},\"wordCount\":952,\"publisher\":{\"@id\":\"https:\/\/apuntesdesanluis.com\/#\/schema\/person\/b55151d52296fcce64d1a72538a70b90\"},\"image\":{\"@id\":\"https:\/\/apuntesdesanluis.com\/index.php\/2024\/03\/27\/el-gobierno-anuncio-que-las-jubilaciones-y-pensiones-de-abril-se-pagaran-en-dos-tramos\/#primaryimage\"},\"thumbnailUrl\":\"https:\/\/apuntesdesanluis.com\/wp-content\/uploads\/2024\/03\/PAGO-A-JUBILADOS.png\",\"articleSection\":[\"Nacionales\/Internacionales\"],\"inLanguage\":\"es-AR\"},{\"@type\":\"WebPage\",\"@id\":\"https:\/\/apuntesdesanluis.com\/index.php\/2024\/03\/27\/el-gobierno-anuncio-que-las-jubilaciones-y-pensiones-de-abril-se-pagaran-en-dos-tramos\/\",\"url\":\"https:\/\/apuntesdesanluis.com\/index.php\/2024\/03\/27\/el-gobierno-anuncio-que-las-jubilaciones-y-pensiones-de-abril-se-pagaran-en-dos-tramos\/\",\"name\":\"EL GOBIERNO ANUNCI\u00d3 QUE LAS JUBILACIONES Y PENSIONES DE ABRIL SE PAGAR\u00c1N EN DOS TRAMOS - Apuntes de San Luis\",\"isPartOf\":{\"@id\":\"https:\/\/apuntesdesanluis.com\/#website\"},\"primaryImageOfPage\":{\"@id\":\"https:\/\/apuntesdesanluis.com\/index.php\/2024\/03\/27\/el-gobierno-anuncio-que-las-jubilaciones-y-pensiones-de-abril-se-pagaran-en-dos-tramos\/#primaryimage\"},\"image\":{\"@id\":\"https:\/\/apuntesdesanluis.com\/index.php\/2024\/03\/27\/el-gobierno-anuncio-que-las-jubilaciones-y-pensiones-de-abril-se-pagaran-en-dos-tramos\/#primaryimage\"},\"thumbnailUrl\":\"https:\/\/apuntesdesanluis.com\/wp-content\/uploads\/2024\/03\/PAGO-A-JUBILADOS.png\",\"datePublished\":\"2024-03-28T02:55:23+00:00\",\"dateModified\":\"2024-03-28T02:55:58+00:00\",\"breadcrumb\":{\"@id\":\"https:\/\/apuntesdesanluis.com\/index.php\/2024\/03\/27\/el-gobierno-anuncio-que-las-jubilaciones-y-pensiones-de-abril-se-pagaran-en-dos-tramos\/#breadcrumb\"},\"inLanguage\":\"es-AR\",\"potentialAction\":[{\"@type\":\"ReadAction\",\"target\":[\"https:\/\/apuntesdesanluis.com\/index.php\/2024\/03\/27\/el-gobierno-anuncio-que-las-jubilaciones-y-pensiones-de-abril-se-pagaran-en-dos-tramos\/\"]}]},{\"@type\":\"ImageObject\",\"inLanguage\":\"es-AR\",\"@id\":\"https:\/\/apuntesdesanluis.com\/index.php\/2024\/03\/27\/el-gobierno-anuncio-que-las-jubilaciones-y-pensiones-de-abril-se-pagaran-en-dos-tramos\/#primaryimage\",\"url\":\"https:\/\/apuntesdesanluis.com\/wp-content\/uploads\/2024\/03\/PAGO-A-JUBILADOS.png\",\"contentUrl\":\"https:\/\/apuntesdesanluis.com\/wp-content\/uploads\/2024\/03\/PAGO-A-JUBILADOS.png\",\"width\":629,\"height\":339},{\"@type\":\"BreadcrumbList\",\"@id\":\"https:\/\/apuntesdesanluis.com\/index.php\/2024\/03\/27\/el-gobierno-anuncio-que-las-jubilaciones-y-pensiones-de-abril-se-pagaran-en-dos-tramos\/#breadcrumb\",\"itemListElement\":[{\"@type\":\"ListItem\",\"position\":1,\"name\":\"Inicio\",\"item\":\"https:\/\/apuntesdesanluis.com\/\"},{\"@type\":\"ListItem\",\"position\":2,\"name\":\"EL GOBIERNO ANUNCI\u00d3 QUE LAS JUBILACIONES Y PENSIONES DE ABRIL SE PAGAR\u00c1N EN DOS TRAMOS\"}]},{\"@type\":\"WebSite\",\"@id\":\"https:\/\/apuntesdesanluis.com\/#website\",\"url\":\"https:\/\/apuntesdesanluis.com\/\",\"name\":\"Apuntes de San Luis\",\"description\":\"\",\"publisher\":{\"@id\":\"https:\/\/apuntesdesanluis.com\/#\/schema\/person\/b55151d52296fcce64d1a72538a70b90\"},\"potentialAction\":[{\"@type\":\"SearchAction\",\"target\":{\"@type\":\"EntryPoint\",\"urlTemplate\":\"https:\/\/apuntesdesanluis.com\/?s={search_term_string}\"},\"query-input\":{\"@type\":\"PropertyValueSpecification\",\"valueRequired\":true,\"valueName\":\"search_term_string\"}}],\"inLanguage\":\"es-AR\"},{\"@type\":[\"Person\",\"Organization\"],\"@id\":\"https:\/\/apuntesdesanluis.com\/#\/schema\/person\/b55151d52296fcce64d1a72538a70b90\",\"name\":\"apuntesdesanluis.com\",\"image\":{\"@type\":\"ImageObject\",\"inLanguage\":\"es-AR\",\"@id\":\"https:\/\/apuntesdesanluis.com\/#\/schema\/person\/image\/\",\"url\":\"https:\/\/apuntesdesanluis.com\/wp-content\/uploads\/2023\/07\/cropped-apuntesdesanluis.png\",\"contentUrl\":\"https:\/\/apuntesdesanluis.com\/wp-content\/uploads\/2023\/07\/cropped-apuntesdesanluis.png\",\"width\":450,\"height\":112,\"caption\":\"apuntesdesanluis.com\"},\"logo\":{\"@id\":\"https:\/\/apuntesdesanluis.com\/#\/schema\/person\/image\/\"},\"sameAs\":[\"https:\/\/apuntesdesanluis.com\"],\"url\":\"https:\/\/apuntesdesanluis.com\/index.php\/author\/apuntesdesanluis-com\/\"}]}<\/script>\n<!-- \/ Yoast SEO plugin. -->","yoast_head_json":{"title":"EL GOBIERNO ANUNCI\u00d3 QUE LAS JUBILACIONES Y PENSIONES DE ABRIL SE PAGAR\u00c1N EN DOS TRAMOS - Apuntes de San Luis","robots":{"index":"index","follow":"follow","max-snippet":"max-snippet:-1","max-image-preview":"max-image-preview:large","max-video-preview":"max-video-preview:-1"},"canonical":"https:\/\/apuntesdesanluis.com\/index.php\/2024\/03\/27\/el-gobierno-anuncio-que-las-jubilaciones-y-pensiones-de-abril-se-pagaran-en-dos-tramos\/","og_locale":"es_ES","og_type":"article","og_title":"EL GOBIERNO ANUNCI\u00d3 QUE LAS JUBILACIONES Y PENSIONES DE ABRIL SE PAGAR\u00c1N EN DOS TRAMOS - Apuntes de San Luis","og_description":"Para aplicar el reciente cambio en la actualizaci\u00f3n de las jubilaciones y pensiones, la Anses...","og_url":"https:\/\/apuntesdesanluis.com\/index.php\/2024\/03\/27\/el-gobierno-anuncio-que-las-jubilaciones-y-pensiones-de-abril-se-pagaran-en-dos-tramos\/","og_site_name":"Apuntes de San Luis","article_published_time":"2024-03-28T02:55:23+00:00","article_modified_time":"2024-03-28T02:55:58+00:00","og_image":[{"width":629,"height":339,"url":"https:\/\/apuntesdesanluis.com\/wp-content\/uploads\/2024\/03\/PAGO-A-JUBILADOS.png","type":"image\/png"}],"author":"apuntesdesanluis.com","twitter_card":"summary_large_image","twitter_misc":{"Escrito por":"apuntesdesanluis.com","Tiempo de lectura":"5 minutos"},"schema":{"@context":"https:\/\/schema.org","@graph":[{"@type":"Article","@id":"https:\/\/apuntesdesanluis.com\/index.php\/2024\/03\/27\/el-gobierno-anuncio-que-las-jubilaciones-y-pensiones-de-abril-se-pagaran-en-dos-tramos\/#article","isPartOf":{"@id":"https:\/\/apuntesdesanluis.com\/index.php\/2024\/03\/27\/el-gobierno-anuncio-que-las-jubilaciones-y-pensiones-de-abril-se-pagaran-en-dos-tramos\/"},"author":{"name":"apuntesdesanluis.com","@id":"https:\/\/apuntesdesanluis.com\/#\/schema\/person\/b55151d52296fcce64d1a72538a70b90"},"headline":"EL GOBIERNO ANUNCI\u00d3 QUE LAS JUBILACIONES Y PENSIONES DE ABRIL SE PAGAR\u00c1N EN DOS TRAMOS","datePublished":"2024-03-28T02:55:23+00:00","dateModified":"2024-03-28T02:55:58+00:00","mainEntityOfPage":{"@id":"https:\/\/apuntesdesanluis.com\/index.php\/2024\/03\/27\/el-gobierno-anuncio-que-las-jubilaciones-y-pensiones-de-abril-se-pagaran-en-dos-tramos\/"},"wordCount":952,"publisher":{"@id":"https:\/\/apuntesdesanluis.com\/#\/schema\/person\/b55151d52296fcce64d1a72538a70b90"},"image":{"@id":"https:\/\/apuntesdesanluis.com\/index.php\/2024\/03\/27\/el-gobierno-anuncio-que-las-jubilaciones-y-pensiones-de-abril-se-pagaran-en-dos-tramos\/#primaryimage"},"thumbnailUrl":"https:\/\/apuntesdesanluis.com\/wp-content\/uploads\/2024\/03\/PAGO-A-JUBILADOS.png","articleSection":["Nacionales\/Internacionales"],"inLanguage":"es-AR"},{"@type":"WebPage","@id":"https:\/\/apuntesdesanluis.com\/index.php\/2024\/03\/27\/el-gobierno-anuncio-que-las-jubilaciones-y-pensiones-de-abril-se-pagaran-en-dos-tramos\/","url":"https:\/\/apuntesdesanluis.com\/index.php\/2024\/03\/27\/el-gobierno-anuncio-que-las-jubilaciones-y-pensiones-de-abril-se-pagaran-en-dos-tramos\/","name":"EL GOBIERNO ANUNCI\u00d3 QUE LAS JUBILACIONES Y PENSIONES DE ABRIL SE PAGAR\u00c1N EN DOS TRAMOS - Apuntes de San Luis","isPartOf":{"@id":"https:\/\/apuntesdesanluis.com\/#website"},"primaryImageOfPage":{"@id":"https:\/\/apuntesdesanluis.com\/index.php\/2024\/03\/27\/el-gobierno-anuncio-que-las-jubilaciones-y-pensiones-de-abril-se-pagaran-en-dos-tramos\/#primaryimage"},"image":{"@id":"https:\/\/apuntesdesanluis.com\/index.php\/2024\/03\/27\/el-gobierno-anuncio-que-las-jubilaciones-y-pensiones-de-abril-se-pagaran-en-dos-tramos\/#primaryimage"},"thumbnailUrl":"https:\/\/apuntesdesanluis.com\/wp-content\/uploads\/2024\/03\/PAGO-A-JUBILADOS.png","datePublished":"2024-03-28T02:55:23+00:00","dateModified":"2024-03-28T02:55:58+00:00","breadcrumb":{"@id":"https:\/\/apuntesdesanluis.com\/index.php\/2024\/03\/27\/el-gobierno-anuncio-que-las-jubilaciones-y-pensiones-de-abril-se-pagaran-en-dos-tramos\/#breadcrumb"},"inLanguage":"es-AR","potentialAction":[{"@type":"ReadAction","target":["https:\/\/apuntesdesanluis.com\/index.php\/2024\/03\/27\/el-gobierno-anuncio-que-las-jubilaciones-y-pensiones-de-abril-se-pagaran-en-dos-tramos\/"]}]},{"@type":"ImageObject","inLanguage":"es-AR","@id":"https:\/\/apuntesdesanluis.com\/index.php\/2024\/03\/27\/el-gobierno-anuncio-que-las-jubilaciones-y-pensiones-de-abril-se-pagaran-en-dos-tramos\/#primaryimage","url":"https:\/\/apuntesdesanluis.com\/wp-content\/uploads\/2024\/03\/PAGO-A-JUBILADOS.png","contentUrl":"https:\/\/apuntesdesanluis.com\/wp-content\/uploads\/2024\/03\/PAGO-A-JUBILADOS.png","width":629,"height":339},{"@type":"BreadcrumbList","@id":"https:\/\/apuntesdesanluis.com\/index.php\/2024\/03\/27\/el-gobierno-anuncio-que-las-jubilaciones-y-pensiones-de-abril-se-pagaran-en-dos-tramos\/#breadcrumb","itemListElement":[{"@type":"ListItem","position":1,"name":"Inicio","item":"https:\/\/apuntesdesanluis.com\/"},{"@type":"ListItem","position":2,"name":"EL GOBIERNO ANUNCI\u00d3 QUE LAS JUBILACIONES Y PENSIONES DE ABRIL SE PAGAR\u00c1N EN DOS TRAMOS"}]},{"@type":"WebSite","@id":"https:\/\/apuntesdesanluis.com\/#website","url":"https:\/\/apuntesdesanluis.com\/","name":"Apuntes de San Luis","description":"","publisher":{"@id":"https:\/\/apuntesdesanluis.com\/#\/schema\/person\/b55151d52296fcce64d1a72538a70b90"},"potentialAction":[{"@type":"SearchAction","target":{"@type":"EntryPoint","urlTemplate":"https:\/\/apuntesdesanluis.com\/?s={search_term_string}"},"query-input":{"@type":"PropertyValueSpecification","valueRequired":true,"valueName":"search_term_string"}}],"inLanguage":"es-AR"},{"@type":["Person","Organization"],"@id":"https:\/\/apuntesdesanluis.com\/#\/schema\/person\/b55151d52296fcce64d1a72538a70b90","name":"apuntesdesanluis.com","image":{"@type":"ImageObject","inLanguage":"es-AR","@id":"https:\/\/apuntesdesanluis.com\/#\/schema\/person\/image\/","url":"https:\/\/apuntesdesanluis.com\/wp-content\/uploads\/2023\/07\/cropped-apuntesdesanluis.png","contentUrl":"https:\/\/apuntesdesanluis.com\/wp-content\/uploads\/2023\/07\/cropped-apuntesdesanluis.png","width":450,"height":112,"caption":"apuntesdesanluis.com"},"logo":{"@id":"https:\/\/apuntesdesanluis.com\/#\/schema\/person\/image\/"},"sameAs":["https:\/\/apuntesdesanluis.com"],"url":"https:\/\/apuntesdesanluis.com\/index.php\/author\/apuntesdesanluis-com\/"}]}},"featured_image_urls":{"full":["https:\/\/apuntesdesanluis.com\/wp-content\/uploads\/2024\/03\/PAGO-A-JUBILADOS.png",629,339,false],"thumbnail":["https:\/\/apuntesdesanluis.com\/wp-content\/uploads\/2024\/03\/PAGO-A-JUBILADOS-150x150.png",150,150,true],"medium":["https:\/\/apuntesdesanluis.com\/wp-content\/uploads\/2024\/03\/PAGO-A-JUBILADOS-300x162.png",300,162,true],"medium_large":["https:\/\/apuntesdesanluis.com\/wp-content\/uploads\/2024\/03\/PAGO-A-JUBILADOS.png",629,339,false],"large":["https:\/\/apuntesdesanluis.com\/wp-content\/uploads\/2024\/03\/PAGO-A-JUBILADOS.png",629,339,false],"1536x1536":["https:\/\/apuntesdesanluis.com\/wp-content\/uploads\/2024\/03\/PAGO-A-JUBILADOS.png",629,339,false],"2048x2048":["https:\/\/apuntesdesanluis.com\/wp-content\/uploads\/2024\/03\/PAGO-A-JUBILADOS.png",629,339,false],"newsever-slider-full":["https:\/\/apuntesdesanluis.com\/wp-content\/uploads\/2024\/03\/PAGO-A-JUBILADOS.png",629,339,false],"newsever-featured":["https:\/\/apuntesdesanluis.com\/wp-content\/uploads\/2024\/03\/PAGO-A-JUBILADOS.png",629,339,false],"newsever-medium":["https:\/\/apuntesdesanluis.com\/wp-content\/uploads\/2024\/03\/PAGO-A-JUBILADOS.png",629,339,false]},"author_info":{"display_name":"apuntesdesanluis.com","author_link":"https:\/\/apuntesdesanluis.com\/index.php\/author\/apuntesdesanluis-com\/"},"category_info":"<a href=\"https:\/\/apuntesdesanluis.com\/index.php\/category\/nacionales-internacionales\/\" rel=\"category tag\">Nacionales\/Internacionales<\/a>","tag_info":"Nacionales\/Internacionales","comment_count":"0","_links":{"self":[{"href":"https:\/\/apuntesdesanluis.com\/index.php\/wp-json\/wp\/v2\/posts\/13852","targetHints":{"allow":["GET"]}}],"collection":[{"href":"https:\/\/apuntesdesanluis.com\/index.php\/wp-json\/wp\/v2\/posts"}],"about":[{"href":"https:\/\/apuntesdesanluis.com\/index.php\/wp-json\/wp\/v2\/types\/post"}],"author":[{"embeddable":true,"href":"https:\/\/apuntesdesanluis.com\/index.php\/wp-json\/wp\/v2\/users\/1"}],"replies":[{"embeddable":true,"href":"https:\/\/apuntesdesanluis.com\/index.php\/wp-json\/wp\/v2\/comments?post=13852"}],"version-history":[{"count":2,"href":"https:\/\/apuntesdesanluis.com\/index.php\/wp-json\/wp\/v2\/posts\/13852\/revisions"}],"predecessor-version":[{"id":13855,"href":"https:\/\/apuntesdesanluis.com\/index.php\/wp-json\/wp\/v2\/posts\/13852\/revisions\/13855"}],"wp:featuredmedia":[{"embeddable":true,"href":"https:\/\/apuntesdesanluis.com\/index.php\/wp-json\/wp\/v2\/media\/13853"}],"wp:attachment":[{"href":"https:\/\/apuntesdesanluis.com\/index.php\/wp-json\/wp\/v2\/media?parent=13852"}],"wp:term":[{"taxonomy":"category","embeddable":true,"href":"https:\/\/apuntesdesanluis.com\/index.php\/wp-json\/wp\/v2\/categories?post=13852"},{"taxonomy":"post_tag","embeddable":true,"href":"https:\/\/apuntesdesanluis.com\/index.php\/wp-json\/wp\/v2\/tags?post=13852"}],"curies":[{"name":"wp","href":"https:\/\/api.w.org\/{rel}","templated":true}]}}