{"id":13864,"date":"2024-03-27T10:18:32","date_gmt":"2024-03-27T13:18:32","guid":{"rendered":"https:\/\/apuntesdesanluis.com\/?p=13864"},"modified":"2024-03-28T00:18:50","modified_gmt":"2024-03-28T03:18:50","slug":"condenaron-a-nicolas-pachelo-a-prision-perpetua-por-el-crimen-de-maria-marta-garcia-belsunce","status":"publish","type":"post","link":"https:\/\/apuntesdesanluis.com\/index.php\/2024\/03\/27\/condenaron-a-nicolas-pachelo-a-prision-perpetua-por-el-crimen-de-maria-marta-garcia-belsunce\/","title":{"rendered":"CONDENARON A NICOL\u00c1S PACHELO A PRISI\u00d3N PERPETUA POR EL CRIMEN DE MAR\u00cdA MARTA GARC\u00cdA BELSUNCE"},"content":{"rendered":"<h3><strong>Nicol\u00e1s Pachelo<\/strong> fue condenado a prisi\u00f3n perpetua por el crimen de <strong>Mar\u00eda Marta Garc\u00eda Belsunce<\/strong>. As\u00ed lo determin\u00f3 la Sala I de Casaci\u00f3n bonaerense despu\u00e9s de analizar la sentencia de su absoluci\u00f3n en diciembre de 2022.<\/h3>\n<h3>De esta manera, Nicol\u00e1s Roberto Pachelo Ryan fue penado por ser autor penalmente responsable de los delitos de robo agravado por el uso de arma y homicidio criminis causae agravado por el uso de arma de fuego.<\/h3>\n<h3>El tribunal revoc\u00f3 la absoluci\u00f3n de que gozaba Pachelo tras un juicio oral al que fue sometido en 2022 y del que sali\u00f3 airoso por el crimen aunque condenado por varios robos.<\/h3>\n<h3>La Casaci\u00f3n consider\u00f3 que el homicidio de Garc\u00eda Belsunce \u201cfue ejecutado por el vecino del matrimonio, siendo Pachelo quien dio muerte a la soci\u00f3loga a fin de procurar la impunidad del robo que se estaba desarrollando en el domicilio de los damnificados\u201d.<\/h3>\n<h3>\u201cSe ha podido establecer es que la muerte aparece como una r\u00e1pida derivaci\u00f3n de un hecho originalmente encaminado a la sustracci\u00f3n de cosas ajenas, faena atravesada por el fatal encuentro en la planta superior de la casa de la v\u00edctima con el ladr\u00f3n conocido\u201d, consideraron los jueces.<\/h3>\n<h3>El fallo, de m\u00e1s de 400 p\u00e1ginas y firmado por los jueces Fernando Mancini y Mar\u00eda Florencia Budi\u00f1o, dispuso la condena de Pachelo \u201ccomo autor penalmente responsable de los delitos de robo agravado por el uso de arma y homicidio criminis causae agravado por el uso de arma de fuego\u201d, que se suman a la confirmaci\u00f3n de la condena por los robos.<\/h3>\n<h3>Seg\u00fan los jueces, Pachelo rob\u00f3 un cofre con dinero cuando mat\u00f3 a Mar\u00eda Marta Garc\u00eda Belsunce.<\/h3>\n<h3>\u201cEn torno al pretendido apoderamiento de bienes ajenos por parte de quien result\u00f3 el matador de la v\u00edctima se sostuvo que la Acusaci\u00f3n traz\u00f3 consideraciones asimilables al motivo de robo de valores en el hogar del matrimonio, por la invocada faltante del cofre met\u00e1lico de la Agrupaci\u00f3n Damas del Pilar que permanec\u00eda en poder de la v\u00edctima y de una suma dineraria conservada en el recinto del escritorio de planta baja\u201d, describe el fallo.<\/h3>\n<h3>Pachelo est\u00e1 actualmente en prisi\u00f3n y recientemente falleci\u00f3 su abogado hist\u00f3rico, Roberto Ribas.<\/h3>\n<h3>El fallo de la C\u00e1mara de Casaci\u00f3n bonaerense es apelable ante la Suprema Corte provincial y, en \u00faltima instancia, ante la Corte Suprema federal.<\/h3>\n<h3>Mar\u00eda Marta Garc\u00eda Belsunce fue asesinada el 27 de octubre de 2002; en primera instancia fue condenado a prisi\u00f3n perpetua su marido, Carlos Carrascosa, pero finalmente fue absuelto y esa declaraci\u00f3n de inocencia qued\u00f3 firme y con fuerza de cosa juzgada.<\/h3>\n<p>&nbsp;<\/p>\n<p>&nbsp;<\/p>\n<p>&nbsp;<\/p>\n<p>&nbsp;<\/p>\n<p>&nbsp;<\/p>\n<p>&nbsp;<\/p>\n","protected":false},"excerpt":{"rendered":"<p>Nicol\u00e1s Pachelo fue condenado a prisi\u00f3n perpetua por el crimen de Mar\u00eda Marta Garc\u00eda Belsunce&#8230;.<\/p>\n","protected":false},"author":1,"featured_media":13865,"comment_status":"closed","ping_status":"closed","sticky":false,"template":"","format":"standard","meta":{"footnotes":""},"categories":[5],"tags":[],"class_list":["post-13864","post","type-post","status-publish","format-standard","has-post-thumbnail","hentry","category-nacionales-internacionales"],"yoast_head":"<!-- This site is optimized with the Yoast SEO plugin v26.1.1 - https:\/\/yoast.com\/wordpress\/plugins\/seo\/ -->\n<title>CONDENARON A NICOL\u00c1S PACHELO A PRISI\u00d3N PERPETUA POR EL CRIMEN DE MAR\u00cdA MARTA GARC\u00cdA BELSUNCE - Apuntes de San Luis<\/title>\n<meta name=\"robots\" content=\"index, follow, max-snippet:-1, max-image-preview:large, max-video-preview:-1\" \/>\n<link rel=\"canonical\" href=\"https:\/\/apuntesdesanluis.com\/index.php\/2024\/03\/27\/condenaron-a-nicolas-pachelo-a-prision-perpetua-por-el-crimen-de-maria-marta-garcia-belsunce\/\" \/>\n<meta property=\"og:locale\" content=\"es_ES\" \/>\n<meta property=\"og:type\" content=\"article\" \/>\n<meta property=\"og:title\" content=\"CONDENARON A NICOL\u00c1S PACHELO A PRISI\u00d3N PERPETUA POR EL CRIMEN DE MAR\u00cdA MARTA GARC\u00cdA BELSUNCE - Apuntes de San Luis\" \/>\n<meta property=\"og:description\" content=\"Nicol\u00e1s Pachelo fue condenado a prisi\u00f3n perpetua por el crimen de Mar\u00eda Marta Garc\u00eda Belsunce....\" \/>\n<meta property=\"og:url\" content=\"https:\/\/apuntesdesanluis.com\/index.php\/2024\/03\/27\/condenaron-a-nicolas-pachelo-a-prision-perpetua-por-el-crimen-de-maria-marta-garcia-belsunce\/\" \/>\n<meta property=\"og:site_name\" content=\"Apuntes de San Luis\" \/>\n<meta property=\"article:published_time\" content=\"2024-03-27T13:18:32+00:00\" \/>\n<meta property=\"article:modified_time\" content=\"2024-03-28T03:18:50+00:00\" \/>\n<meta property=\"og:image\" content=\"https:\/\/apuntesdesanluis.com\/wp-content\/uploads\/2024\/03\/PACHELO.png\" \/>\n\t<meta property=\"og:image:width\" content=\"600\" \/>\n\t<meta property=\"og:image:height\" content=\"356\" \/>\n\t<meta property=\"og:image:type\" content=\"image\/png\" \/>\n<meta name=\"author\" content=\"apuntesdesanluis.com\" \/>\n<meta name=\"twitter:card\" content=\"summary_large_image\" \/>\n<meta name=\"twitter:label1\" content=\"Escrito por\" \/>\n\t<meta name=\"twitter:data1\" content=\"apuntesdesanluis.com\" \/>\n\t<meta name=\"twitter:label2\" content=\"Tiempo de lectura\" \/>\n\t<meta name=\"twitter:data2\" content=\"2 minutos\" \/>\n<script type=\"application\/ld+json\" class=\"yoast-schema-graph\">{\"@context\":\"https:\/\/schema.org\",\"@graph\":[{\"@type\":\"Article\",\"@id\":\"https:\/\/apuntesdesanluis.com\/index.php\/2024\/03\/27\/condenaron-a-nicolas-pachelo-a-prision-perpetua-por-el-crimen-de-maria-marta-garcia-belsunce\/#article\",\"isPartOf\":{\"@id\":\"https:\/\/apuntesdesanluis.com\/index.php\/2024\/03\/27\/condenaron-a-nicolas-pachelo-a-prision-perpetua-por-el-crimen-de-maria-marta-garcia-belsunce\/\"},\"author\":{\"name\":\"apuntesdesanluis.com\",\"@id\":\"https:\/\/apuntesdesanluis.com\/#\/schema\/person\/b55151d52296fcce64d1a72538a70b90\"},\"headline\":\"CONDENARON A NICOL\u00c1S PACHELO A PRISI\u00d3N PERPETUA POR EL CRIMEN DE MAR\u00cdA MARTA GARC\u00cdA BELSUNCE\",\"datePublished\":\"2024-03-27T13:18:32+00:00\",\"dateModified\":\"2024-03-28T03:18:50+00:00\",\"mainEntityOfPage\":{\"@id\":\"https:\/\/apuntesdesanluis.com\/index.php\/2024\/03\/27\/condenaron-a-nicolas-pachelo-a-prision-perpetua-por-el-crimen-de-maria-marta-garcia-belsunce\/\"},\"wordCount\":483,\"publisher\":{\"@id\":\"https:\/\/apuntesdesanluis.com\/#\/schema\/person\/b55151d52296fcce64d1a72538a70b90\"},\"image\":{\"@id\":\"https:\/\/apuntesdesanluis.com\/index.php\/2024\/03\/27\/condenaron-a-nicolas-pachelo-a-prision-perpetua-por-el-crimen-de-maria-marta-garcia-belsunce\/#primaryimage\"},\"thumbnailUrl\":\"https:\/\/apuntesdesanluis.com\/wp-content\/uploads\/2024\/03\/PACHELO.png\",\"articleSection\":[\"Nacionales\/Internacionales\"],\"inLanguage\":\"es-AR\"},{\"@type\":\"WebPage\",\"@id\":\"https:\/\/apuntesdesanluis.com\/index.php\/2024\/03\/27\/condenaron-a-nicolas-pachelo-a-prision-perpetua-por-el-crimen-de-maria-marta-garcia-belsunce\/\",\"url\":\"https:\/\/apuntesdesanluis.com\/index.php\/2024\/03\/27\/condenaron-a-nicolas-pachelo-a-prision-perpetua-por-el-crimen-de-maria-marta-garcia-belsunce\/\",\"name\":\"CONDENARON A NICOL\u00c1S PACHELO A PRISI\u00d3N PERPETUA POR EL CRIMEN DE MAR\u00cdA MARTA GARC\u00cdA BELSUNCE - Apuntes de San Luis\",\"isPartOf\":{\"@id\":\"https:\/\/apuntesdesanluis.com\/#website\"},\"primaryImageOfPage\":{\"@id\":\"https:\/\/apuntesdesanluis.com\/index.php\/2024\/03\/27\/condenaron-a-nicolas-pachelo-a-prision-perpetua-por-el-crimen-de-maria-marta-garcia-belsunce\/#primaryimage\"},\"image\":{\"@id\":\"https:\/\/apuntesdesanluis.com\/index.php\/2024\/03\/27\/condenaron-a-nicolas-pachelo-a-prision-perpetua-por-el-crimen-de-maria-marta-garcia-belsunce\/#primaryimage\"},\"thumbnailUrl\":\"https:\/\/apuntesdesanluis.com\/wp-content\/uploads\/2024\/03\/PACHELO.png\",\"datePublished\":\"2024-03-27T13:18:32+00:00\",\"dateModified\":\"2024-03-28T03:18:50+00:00\",\"breadcrumb\":{\"@id\":\"https:\/\/apuntesdesanluis.com\/index.php\/2024\/03\/27\/condenaron-a-nicolas-pachelo-a-prision-perpetua-por-el-crimen-de-maria-marta-garcia-belsunce\/#breadcrumb\"},\"inLanguage\":\"es-AR\",\"potentialAction\":[{\"@type\":\"ReadAction\",\"target\":[\"https:\/\/apuntesdesanluis.com\/index.php\/2024\/03\/27\/condenaron-a-nicolas-pachelo-a-prision-perpetua-por-el-crimen-de-maria-marta-garcia-belsunce\/\"]}]},{\"@type\":\"ImageObject\",\"inLanguage\":\"es-AR\",\"@id\":\"https:\/\/apuntesdesanluis.com\/index.php\/2024\/03\/27\/condenaron-a-nicolas-pachelo-a-prision-perpetua-por-el-crimen-de-maria-marta-garcia-belsunce\/#primaryimage\",\"url\":\"https:\/\/apuntesdesanluis.com\/wp-content\/uploads\/2024\/03\/PACHELO.png\",\"contentUrl\":\"https:\/\/apuntesdesanluis.com\/wp-content\/uploads\/2024\/03\/PACHELO.png\",\"width\":600,\"height\":356},{\"@type\":\"BreadcrumbList\",\"@id\":\"https:\/\/apuntesdesanluis.com\/index.php\/2024\/03\/27\/condenaron-a-nicolas-pachelo-a-prision-perpetua-por-el-crimen-de-maria-marta-garcia-belsunce\/#breadcrumb\",\"itemListElement\":[{\"@type\":\"ListItem\",\"position\":1,\"name\":\"Inicio\",\"item\":\"https:\/\/apuntesdesanluis.com\/\"},{\"@type\":\"ListItem\",\"position\":2,\"name\":\"CONDENARON A NICOL\u00c1S PACHELO A PRISI\u00d3N PERPETUA POR EL CRIMEN DE MAR\u00cdA MARTA GARC\u00cdA BELSUNCE\"}]},{\"@type\":\"WebSite\",\"@id\":\"https:\/\/apuntesdesanluis.com\/#website\",\"url\":\"https:\/\/apuntesdesanluis.com\/\",\"name\":\"Apuntes de San Luis\",\"description\":\"\",\"publisher\":{\"@id\":\"https:\/\/apuntesdesanluis.com\/#\/schema\/person\/b55151d52296fcce64d1a72538a70b90\"},\"potentialAction\":[{\"@type\":\"SearchAction\",\"target\":{\"@type\":\"EntryPoint\",\"urlTemplate\":\"https:\/\/apuntesdesanluis.com\/?s={search_term_string}\"},\"query-input\":{\"@type\":\"PropertyValueSpecification\",\"valueRequired\":true,\"valueName\":\"search_term_string\"}}],\"inLanguage\":\"es-AR\"},{\"@type\":[\"Person\",\"Organization\"],\"@id\":\"https:\/\/apuntesdesanluis.com\/#\/schema\/person\/b55151d52296fcce64d1a72538a70b90\",\"name\":\"apuntesdesanluis.com\",\"image\":{\"@type\":\"ImageObject\",\"inLanguage\":\"es-AR\",\"@id\":\"https:\/\/apuntesdesanluis.com\/#\/schema\/person\/image\/\",\"url\":\"https:\/\/apuntesdesanluis.com\/wp-content\/uploads\/2023\/07\/cropped-apuntesdesanluis.png\",\"contentUrl\":\"https:\/\/apuntesdesanluis.com\/wp-content\/uploads\/2023\/07\/cropped-apuntesdesanluis.png\",\"width\":450,\"height\":112,\"caption\":\"apuntesdesanluis.com\"},\"logo\":{\"@id\":\"https:\/\/apuntesdesanluis.com\/#\/schema\/person\/image\/\"},\"sameAs\":[\"https:\/\/apuntesdesanluis.com\"],\"url\":\"https:\/\/apuntesdesanluis.com\/index.php\/author\/apuntesdesanluis-com\/\"}]}<\/script>\n<!-- \/ Yoast SEO plugin. -->","yoast_head_json":{"title":"CONDENARON A NICOL\u00c1S PACHELO A PRISI\u00d3N PERPETUA POR EL CRIMEN DE MAR\u00cdA MARTA GARC\u00cdA BELSUNCE - Apuntes de San Luis","robots":{"index":"index","follow":"follow","max-snippet":"max-snippet:-1","max-image-preview":"max-image-preview:large","max-video-preview":"max-video-preview:-1"},"canonical":"https:\/\/apuntesdesanluis.com\/index.php\/2024\/03\/27\/condenaron-a-nicolas-pachelo-a-prision-perpetua-por-el-crimen-de-maria-marta-garcia-belsunce\/","og_locale":"es_ES","og_type":"article","og_title":"CONDENARON A NICOL\u00c1S PACHELO A PRISI\u00d3N PERPETUA POR EL CRIMEN DE MAR\u00cdA MARTA GARC\u00cdA BELSUNCE - Apuntes de San Luis","og_description":"Nicol\u00e1s Pachelo fue condenado a prisi\u00f3n perpetua por el crimen de Mar\u00eda Marta Garc\u00eda Belsunce....","og_url":"https:\/\/apuntesdesanluis.com\/index.php\/2024\/03\/27\/condenaron-a-nicolas-pachelo-a-prision-perpetua-por-el-crimen-de-maria-marta-garcia-belsunce\/","og_site_name":"Apuntes de San Luis","article_published_time":"2024-03-27T13:18:32+00:00","article_modified_time":"2024-03-28T03:18:50+00:00","og_image":[{"width":600,"height":356,"url":"https:\/\/apuntesdesanluis.com\/wp-content\/uploads\/2024\/03\/PACHELO.png","type":"image\/png"}],"author":"apuntesdesanluis.com","twitter_card":"summary_large_image","twitter_misc":{"Escrito por":"apuntesdesanluis.com","Tiempo de lectura":"2 minutos"},"schema":{"@context":"https:\/\/schema.org","@graph":[{"@type":"Article","@id":"https:\/\/apuntesdesanluis.com\/index.php\/2024\/03\/27\/condenaron-a-nicolas-pachelo-a-prision-perpetua-por-el-crimen-de-maria-marta-garcia-belsunce\/#article","isPartOf":{"@id":"https:\/\/apuntesdesanluis.com\/index.php\/2024\/03\/27\/condenaron-a-nicolas-pachelo-a-prision-perpetua-por-el-crimen-de-maria-marta-garcia-belsunce\/"},"author":{"name":"apuntesdesanluis.com","@id":"https:\/\/apuntesdesanluis.com\/#\/schema\/person\/b55151d52296fcce64d1a72538a70b90"},"headline":"CONDENARON A NICOL\u00c1S PACHELO A PRISI\u00d3N PERPETUA POR EL CRIMEN DE MAR\u00cdA MARTA GARC\u00cdA BELSUNCE","datePublished":"2024-03-27T13:18:32+00:00","dateModified":"2024-03-28T03:18:50+00:00","mainEntityOfPage":{"@id":"https:\/\/apuntesdesanluis.com\/index.php\/2024\/03\/27\/condenaron-a-nicolas-pachelo-a-prision-perpetua-por-el-crimen-de-maria-marta-garcia-belsunce\/"},"wordCount":483,"publisher":{"@id":"https:\/\/apuntesdesanluis.com\/#\/schema\/person\/b55151d52296fcce64d1a72538a70b90"},"image":{"@id":"https:\/\/apuntesdesanluis.com\/index.php\/2024\/03\/27\/condenaron-a-nicolas-pachelo-a-prision-perpetua-por-el-crimen-de-maria-marta-garcia-belsunce\/#primaryimage"},"thumbnailUrl":"https:\/\/apuntesdesanluis.com\/wp-content\/uploads\/2024\/03\/PACHELO.png","articleSection":["Nacionales\/Internacionales"],"inLanguage":"es-AR"},{"@type":"WebPage","@id":"https:\/\/apuntesdesanluis.com\/index.php\/2024\/03\/27\/condenaron-a-nicolas-pachelo-a-prision-perpetua-por-el-crimen-de-maria-marta-garcia-belsunce\/","url":"https:\/\/apuntesdesanluis.com\/index.php\/2024\/03\/27\/condenaron-a-nicolas-pachelo-a-prision-perpetua-por-el-crimen-de-maria-marta-garcia-belsunce\/","name":"CONDENARON A NICOL\u00c1S PACHELO A PRISI\u00d3N PERPETUA POR EL CRIMEN DE MAR\u00cdA MARTA GARC\u00cdA BELSUNCE - Apuntes de San Luis","isPartOf":{"@id":"https:\/\/apuntesdesanluis.com\/#website"},"primaryImageOfPage":{"@id":"https:\/\/apuntesdesanluis.com\/index.php\/2024\/03\/27\/condenaron-a-nicolas-pachelo-a-prision-perpetua-por-el-crimen-de-maria-marta-garcia-belsunce\/#primaryimage"},"image":{"@id":"https:\/\/apuntesdesanluis.com\/index.php\/2024\/03\/27\/condenaron-a-nicolas-pachelo-a-prision-perpetua-por-el-crimen-de-maria-marta-garcia-belsunce\/#primaryimage"},"thumbnailUrl":"https:\/\/apuntesdesanluis.com\/wp-content\/uploads\/2024\/03\/PACHELO.png","datePublished":"2024-03-27T13:18:32+00:00","dateModified":"2024-03-28T03:18:50+00:00","breadcrumb":{"@id":"https:\/\/apuntesdesanluis.com\/index.php\/2024\/03\/27\/condenaron-a-nicolas-pachelo-a-prision-perpetua-por-el-crimen-de-maria-marta-garcia-belsunce\/#breadcrumb"},"inLanguage":"es-AR","potentialAction":[{"@type":"ReadAction","target":["https:\/\/apuntesdesanluis.com\/index.php\/2024\/03\/27\/condenaron-a-nicolas-pachelo-a-prision-perpetua-por-el-crimen-de-maria-marta-garcia-belsunce\/"]}]},{"@type":"ImageObject","inLanguage":"es-AR","@id":"https:\/\/apuntesdesanluis.com\/index.php\/2024\/03\/27\/condenaron-a-nicolas-pachelo-a-prision-perpetua-por-el-crimen-de-maria-marta-garcia-belsunce\/#primaryimage","url":"https:\/\/apuntesdesanluis.com\/wp-content\/uploads\/2024\/03\/PACHELO.png","contentUrl":"https:\/\/apuntesdesanluis.com\/wp-content\/uploads\/2024\/03\/PACHELO.png","width":600,"height":356},{"@type":"BreadcrumbList","@id":"https:\/\/apuntesdesanluis.com\/index.php\/2024\/03\/27\/condenaron-a-nicolas-pachelo-a-prision-perpetua-por-el-crimen-de-maria-marta-garcia-belsunce\/#breadcrumb","itemListElement":[{"@type":"ListItem","position":1,"name":"Inicio","item":"https:\/\/apuntesdesanluis.com\/"},{"@type":"ListItem","position":2,"name":"CONDENARON A NICOL\u00c1S PACHELO A PRISI\u00d3N PERPETUA POR EL CRIMEN DE MAR\u00cdA MARTA GARC\u00cdA BELSUNCE"}]},{"@type":"WebSite","@id":"https:\/\/apuntesdesanluis.com\/#website","url":"https:\/\/apuntesdesanluis.com\/","name":"Apuntes de San Luis","description":"","publisher":{"@id":"https:\/\/apuntesdesanluis.com\/#\/schema\/person\/b55151d52296fcce64d1a72538a70b90"},"potentialAction":[{"@type":"SearchAction","target":{"@type":"EntryPoint","urlTemplate":"https:\/\/apuntesdesanluis.com\/?s={search_term_string}"},"query-input":{"@type":"PropertyValueSpecification","valueRequired":true,"valueName":"search_term_string"}}],"inLanguage":"es-AR"},{"@type":["Person","Organization"],"@id":"https:\/\/apuntesdesanluis.com\/#\/schema\/person\/b55151d52296fcce64d1a72538a70b90","name":"apuntesdesanluis.com","image":{"@type":"ImageObject","inLanguage":"es-AR","@id":"https:\/\/apuntesdesanluis.com\/#\/schema\/person\/image\/","url":"https:\/\/apuntesdesanluis.com\/wp-content\/uploads\/2023\/07\/cropped-apuntesdesanluis.png","contentUrl":"https:\/\/apuntesdesanluis.com\/wp-content\/uploads\/2023\/07\/cropped-apuntesdesanluis.png","width":450,"height":112,"caption":"apuntesdesanluis.com"},"logo":{"@id":"https:\/\/apuntesdesanluis.com\/#\/schema\/person\/image\/"},"sameAs":["https:\/\/apuntesdesanluis.com"],"url":"https:\/\/apuntesdesanluis.com\/index.php\/author\/apuntesdesanluis-com\/"}]}},"featured_image_urls":{"full":["https:\/\/apuntesdesanluis.com\/wp-content\/uploads\/2024\/03\/PACHELO.png",600,356,false],"thumbnail":["https:\/\/apuntesdesanluis.com\/wp-content\/uploads\/2024\/03\/PACHELO-150x150.png",150,150,true],"medium":["https:\/\/apuntesdesanluis.com\/wp-content\/uploads\/2024\/03\/PACHELO-300x178.png",300,178,true],"medium_large":["https:\/\/apuntesdesanluis.com\/wp-content\/uploads\/2024\/03\/PACHELO.png",600,356,false],"large":["https:\/\/apuntesdesanluis.com\/wp-content\/uploads\/2024\/03\/PACHELO.png",600,356,false],"1536x1536":["https:\/\/apuntesdesanluis.com\/wp-content\/uploads\/2024\/03\/PACHELO.png",600,356,false],"2048x2048":["https:\/\/apuntesdesanluis.com\/wp-content\/uploads\/2024\/03\/PACHELO.png",600,356,false],"newsever-slider-full":["https:\/\/apuntesdesanluis.com\/wp-content\/uploads\/2024\/03\/PACHELO.png",600,356,false],"newsever-featured":["https:\/\/apuntesdesanluis.com\/wp-content\/uploads\/2024\/03\/PACHELO.png",600,356,false],"newsever-medium":["https:\/\/apuntesdesanluis.com\/wp-content\/uploads\/2024\/03\/PACHELO.png",600,356,false]},"author_info":{"display_name":"apuntesdesanluis.com","author_link":"https:\/\/apuntesdesanluis.com\/index.php\/author\/apuntesdesanluis-com\/"},"category_info":"<a href=\"https:\/\/apuntesdesanluis.com\/index.php\/category\/nacionales-internacionales\/\" rel=\"category tag\">Nacionales\/Internacionales<\/a>","tag_info":"Nacionales\/Internacionales","comment_count":"0","_links":{"self":[{"href":"https:\/\/apuntesdesanluis.com\/index.php\/wp-json\/wp\/v2\/posts\/13864","targetHints":{"allow":["GET"]}}],"collection":[{"href":"https:\/\/apuntesdesanluis.com\/index.php\/wp-json\/wp\/v2\/posts"}],"about":[{"href":"https:\/\/apuntesdesanluis.com\/index.php\/wp-json\/wp\/v2\/types\/post"}],"author":[{"embeddable":true,"href":"https:\/\/apuntesdesanluis.com\/index.php\/wp-json\/wp\/v2\/users\/1"}],"replies":[{"embeddable":true,"href":"https:\/\/apuntesdesanluis.com\/index.php\/wp-json\/wp\/v2\/comments?post=13864"}],"version-history":[{"count":1,"href":"https:\/\/apuntesdesanluis.com\/index.php\/wp-json\/wp\/v2\/posts\/13864\/revisions"}],"predecessor-version":[{"id":13866,"href":"https:\/\/apuntesdesanluis.com\/index.php\/wp-json\/wp\/v2\/posts\/13864\/revisions\/13866"}],"wp:featuredmedia":[{"embeddable":true,"href":"https:\/\/apuntesdesanluis.com\/index.php\/wp-json\/wp\/v2\/media\/13865"}],"wp:attachment":[{"href":"https:\/\/apuntesdesanluis.com\/index.php\/wp-json\/wp\/v2\/media?parent=13864"}],"wp:term":[{"taxonomy":"category","embeddable":true,"href":"https:\/\/apuntesdesanluis.com\/index.php\/wp-json\/wp\/v2\/categories?post=13864"},{"taxonomy":"post_tag","embeddable":true,"href":"https:\/\/apuntesdesanluis.com\/index.php\/wp-json\/wp\/v2\/tags?post=13864"}],"curies":[{"name":"wp","href":"https:\/\/api.w.org\/{rel}","templated":true}]}}