{"id":13876,"date":"2024-03-28T22:56:12","date_gmt":"2024-03-29T01:56:12","guid":{"rendered":"https:\/\/apuntesdesanluis.com\/?p=13876"},"modified":"2024-03-28T23:06:07","modified_gmt":"2024-03-29T02:06:07","slug":"incertidumbre-de-empleados-de-enacom-san-luis-tras-el-intempestivo-cierre","status":"publish","type":"post","link":"https:\/\/apuntesdesanluis.com\/index.php\/2024\/03\/28\/incertidumbre-de-empleados-de-enacom-san-luis-tras-el-intempestivo-cierre\/","title":{"rendered":"INCERTIDUMBRE DE EMPLEADOS DE ENACOM SAN LUIS TRAS EL INTEMPESTIVO CIERRE"},"content":{"rendered":"<h3>La medida adoptada por el gobierno nacional tom\u00f3 por sorpresa a la decena de empleados de la<strong> Delegaci\u00f3n San Luis del ENACOM<\/strong>, que se enteraron por los medios del cierre de su lugar de trabajo.<\/h3>\n<h3>La sede del <strong>Ente Nacional de Comunicaciones<\/strong>, en Caseros 1223, \u00a0amaneci\u00f3 este jueves custodiada por dos efectivos policiales de la Polic\u00eda Federal, fuerza que al parecer mantendr\u00e1 su\u00a0 personal las 24 horas hasta la semana pr\u00f3xima, para que no entren los empleados sino solo una persona.<\/h3>\n<!--[if lt IE 9]><script>document.createElement('video');<\/script><![endif]-->\n\t<div class=\"wp-playlist wp-video-playlist wp-playlist-light\">\n\t\t<video controls=\"controls\" preload=\"none\" width=\"618\"\n\t\t height=\"348\"\t><\/video>\n\t<div class=\"wp-playlist-next\"><\/div>\n\t<div class=\"wp-playlist-prev\"><\/div>\n\t<noscript>\n\t<ol>\n\t\t<li><a href='https:\/\/apuntesdesanluis.com\/wp-content\/uploads\/2024\/03\/enacom.mp4'>enacom<\/a><\/li>\t<\/ol>\n\t<\/noscript>\n\t<script type=\"application\/json\" class=\"wp-playlist-script\">{\"type\":\"video\",\"tracklist\":true,\"tracknumbers\":true,\"images\":true,\"artists\":true,\"tracks\":[{\"src\":\"https:\\\/\\\/apuntesdesanluis.com\\\/wp-content\\\/uploads\\\/2024\\\/03\\\/enacom.mp4\",\"type\":\"video\\\/mp4\",\"title\":\"enacom\",\"caption\":\"\",\"description\":\"\",\"meta\":{\"length_formatted\":\"0:16\"},\"dimensions\":{\"original\":{\"width\":848,\"height\":478},\"resized\":{\"width\":618,\"height\":348}},\"image\":{\"src\":\"https:\\\/\\\/apuntesdesanluis.com\\\/wp-includes\\\/images\\\/media\\\/video.svg\",\"width\":48,\"height\":64},\"thumb\":{\"src\":\"https:\\\/\\\/apuntesdesanluis.com\\\/wp-includes\\\/images\\\/media\\\/video.svg\",\"width\":48,\"height\":64}}]}<\/script>\n<\/div>\n\t\n<h3>Esta ser\u00e1 la encargada de garantizar \u201cla realizaci\u00f3n de las tareas de cierre\u201d y elaborar \u201cun inventario patrimonial actualizado de todos los bienes asignados y radicados\u201d en la delegaci\u00f3n, seg\u00fan se consigna en la resoluci\u00f3n emitida por el gobierno nacional.<\/h3>\n<h3>La citada norma tambi\u00e9n indica vagamente que \u201cdeber\u00e1n efectuarse las notificaciones correspondientes a los agentes de acuerdo a su estado de revista\u201d, algo que a\u00fan no ha ocurrido.<\/h3>\n<h3>Seg\u00fan pudo saber <span style=\"color: #000000;\"><strong>Apuntes de San Luis<\/strong><\/span>, dos empleados de la sede San Luis del ENACOM se pusieron en contacto con el ex delegado<strong> Jos\u00e9 Giraudo<\/strong>, actual Secretario de Asuntos Institucionales y Enlace Parlamentario del gobierno provincial, a quien le manifestaron su preocupaci\u00f3n y pidieron su apoyo.<\/h3>\n<p><img fetchpriority=\"high\" decoding=\"async\" class=\"wp-image-13879 aligncenter\" src=\"https:\/\/apuntesdesanluis.com\/wp-content\/uploads\/2024\/03\/giraudo-300x170.png\" alt=\"\" width=\"598\" height=\"339\" srcset=\"https:\/\/apuntesdesanluis.com\/wp-content\/uploads\/2024\/03\/giraudo-300x170.png 300w, https:\/\/apuntesdesanluis.com\/wp-content\/uploads\/2024\/03\/giraudo-768x435.png 768w, https:\/\/apuntesdesanluis.com\/wp-content\/uploads\/2024\/03\/giraudo.png 784w\" sizes=\"(max-width: 598px) 100vw, 598px\" \/><\/p>\n<h3>El mismo se habr\u00eda comunicado con el dirigente libertario <strong>Rodolfo Negri<\/strong>, para expresarle su desacuerdo con la \u201cmanera violenta\u201d de llevar adelante la medida, sin una previa comunicaci\u00f3n a los empleados y \u201cjusto en Semana Santa\u201d.<\/h3>\n<h3>Tambi\u00e9n le habr\u00eda requerido precisiones en torno del \u201cfuturo laboral\u201d de los empleados, que se encuentran de pronto sin trabajo y en medio de una total incertidumbre.<\/h3>\n<h3>Por otro lado, Giraudo en horas de la tarde habr\u00eda mantenido una comunicaci\u00f3n virtual con delegados de ENACOM de todo el pa\u00eds, quienes se encuentran debatiendo medidas para resistir este cierre intempestivo y lograr definiciones en torno de su continuidad laboral.<\/h3>\n<h3>La preocupaci\u00f3n del funcionario no es solo por lo del ENACOM, sino que se extiende al resto de las delegaciones nacionales. Entre ellas la corresponsal\u00eda de la Agencia de Noticias TELAM (ya cerrada), Radio Nacional, INTA, el SENASA, ANSES, entre otras.<\/h3>\n<h3><strong>VER RESOLUCI\u00d3N:<\/strong><\/h3>\n<h3><span style=\"color: #3366ff;\"><a style=\"color: #3366ff;\" href=\"https:\/\/apuntesdesanluis.com\/wp-content\/uploads\/2024\/03\/RS-2024-32372667-APN-ENACOMJGM-1.pdf\" target=\"_blank\" rel=\"noopener\">RS-2024-32372667-APN-ENACOM%JGM<\/a><\/span><\/h3>\n<p>&nbsp;<\/p>\n<p>&nbsp;<\/p>\n<p>&nbsp;<\/p>\n<p>&nbsp;<\/p>\n<p>&nbsp;<\/p>\n<p>&nbsp;<\/p>\n","protected":false},"excerpt":{"rendered":"<p>La medida adoptada por el gobierno nacional tom\u00f3 por sorpresa a la decena de empleados&#8230;<\/p>\n","protected":false},"author":1,"featured_media":13881,"comment_status":"closed","ping_status":"closed","sticky":false,"template":"","format":"standard","meta":{"footnotes":""},"categories":[6],"tags":[],"class_list":["post-13876","post","type-post","status-publish","format-standard","has-post-thumbnail","hentry","category-ciudad-provincia"],"yoast_head":"<!-- This site is optimized with the Yoast SEO plugin v26.1.1 - https:\/\/yoast.com\/wordpress\/plugins\/seo\/ -->\n<title>INCERTIDUMBRE DE EMPLEADOS DE ENACOM SAN LUIS TRAS EL INTEMPESTIVO CIERRE - Apuntes de San Luis<\/title>\n<meta name=\"robots\" content=\"index, follow, max-snippet:-1, max-image-preview:large, max-video-preview:-1\" \/>\n<link rel=\"canonical\" href=\"https:\/\/apuntesdesanluis.com\/index.php\/2024\/03\/28\/incertidumbre-de-empleados-de-enacom-san-luis-tras-el-intempestivo-cierre\/\" \/>\n<meta property=\"og:locale\" content=\"es_ES\" \/>\n<meta property=\"og:type\" content=\"article\" \/>\n<meta property=\"og:title\" content=\"INCERTIDUMBRE DE EMPLEADOS DE ENACOM SAN LUIS TRAS EL INTEMPESTIVO CIERRE - Apuntes de San Luis\" \/>\n<meta property=\"og:description\" content=\"La medida adoptada por el gobierno nacional tom\u00f3 por sorpresa a la decena de empleados...\" \/>\n<meta property=\"og:url\" content=\"https:\/\/apuntesdesanluis.com\/index.php\/2024\/03\/28\/incertidumbre-de-empleados-de-enacom-san-luis-tras-el-intempestivo-cierre\/\" \/>\n<meta property=\"og:site_name\" content=\"Apuntes de San Luis\" \/>\n<meta property=\"article:published_time\" content=\"2024-03-29T01:56:12+00:00\" \/>\n<meta property=\"article:modified_time\" content=\"2024-03-29T02:06:07+00:00\" \/>\n<meta property=\"og:image\" content=\"https:\/\/apuntesdesanluis.com\/wp-content\/uploads\/2024\/03\/Enacom-sede.png\" \/>\n\t<meta property=\"og:image:width\" content=\"934\" \/>\n\t<meta property=\"og:image:height\" content=\"548\" \/>\n\t<meta property=\"og:image:type\" content=\"image\/png\" \/>\n<meta name=\"author\" content=\"apuntesdesanluis.com\" \/>\n<meta name=\"twitter:card\" content=\"summary_large_image\" \/>\n<meta name=\"twitter:label1\" content=\"Escrito por\" \/>\n\t<meta name=\"twitter:data1\" content=\"apuntesdesanluis.com\" \/>\n\t<meta name=\"twitter:label2\" content=\"Tiempo de lectura\" \/>\n\t<meta name=\"twitter:data2\" content=\"2 minutos\" \/>\n<script type=\"application\/ld+json\" class=\"yoast-schema-graph\">{\"@context\":\"https:\/\/schema.org\",\"@graph\":[{\"@type\":\"Article\",\"@id\":\"https:\/\/apuntesdesanluis.com\/index.php\/2024\/03\/28\/incertidumbre-de-empleados-de-enacom-san-luis-tras-el-intempestivo-cierre\/#article\",\"isPartOf\":{\"@id\":\"https:\/\/apuntesdesanluis.com\/index.php\/2024\/03\/28\/incertidumbre-de-empleados-de-enacom-san-luis-tras-el-intempestivo-cierre\/\"},\"author\":{\"name\":\"apuntesdesanluis.com\",\"@id\":\"https:\/\/apuntesdesanluis.com\/#\/schema\/person\/b55151d52296fcce64d1a72538a70b90\"},\"headline\":\"INCERTIDUMBRE DE EMPLEADOS DE ENACOM SAN LUIS TRAS EL INTEMPESTIVO CIERRE\",\"datePublished\":\"2024-03-29T01:56:12+00:00\",\"dateModified\":\"2024-03-29T02:06:07+00:00\",\"mainEntityOfPage\":{\"@id\":\"https:\/\/apuntesdesanluis.com\/index.php\/2024\/03\/28\/incertidumbre-de-empleados-de-enacom-san-luis-tras-el-intempestivo-cierre\/\"},\"wordCount\":388,\"publisher\":{\"@id\":\"https:\/\/apuntesdesanluis.com\/#\/schema\/person\/b55151d52296fcce64d1a72538a70b90\"},\"image\":{\"@id\":\"https:\/\/apuntesdesanluis.com\/index.php\/2024\/03\/28\/incertidumbre-de-empleados-de-enacom-san-luis-tras-el-intempestivo-cierre\/#primaryimage\"},\"thumbnailUrl\":\"https:\/\/apuntesdesanluis.com\/wp-content\/uploads\/2024\/03\/Enacom-sede.png\",\"articleSection\":[\"Ciudad\/Provincia\"],\"inLanguage\":\"es-AR\"},{\"@type\":\"WebPage\",\"@id\":\"https:\/\/apuntesdesanluis.com\/index.php\/2024\/03\/28\/incertidumbre-de-empleados-de-enacom-san-luis-tras-el-intempestivo-cierre\/\",\"url\":\"https:\/\/apuntesdesanluis.com\/index.php\/2024\/03\/28\/incertidumbre-de-empleados-de-enacom-san-luis-tras-el-intempestivo-cierre\/\",\"name\":\"INCERTIDUMBRE DE EMPLEADOS DE ENACOM SAN LUIS TRAS EL INTEMPESTIVO CIERRE - Apuntes de San Luis\",\"isPartOf\":{\"@id\":\"https:\/\/apuntesdesanluis.com\/#website\"},\"primaryImageOfPage\":{\"@id\":\"https:\/\/apuntesdesanluis.com\/index.php\/2024\/03\/28\/incertidumbre-de-empleados-de-enacom-san-luis-tras-el-intempestivo-cierre\/#primaryimage\"},\"image\":{\"@id\":\"https:\/\/apuntesdesanluis.com\/index.php\/2024\/03\/28\/incertidumbre-de-empleados-de-enacom-san-luis-tras-el-intempestivo-cierre\/#primaryimage\"},\"thumbnailUrl\":\"https:\/\/apuntesdesanluis.com\/wp-content\/uploads\/2024\/03\/Enacom-sede.png\",\"datePublished\":\"2024-03-29T01:56:12+00:00\",\"dateModified\":\"2024-03-29T02:06:07+00:00\",\"breadcrumb\":{\"@id\":\"https:\/\/apuntesdesanluis.com\/index.php\/2024\/03\/28\/incertidumbre-de-empleados-de-enacom-san-luis-tras-el-intempestivo-cierre\/#breadcrumb\"},\"inLanguage\":\"es-AR\",\"potentialAction\":[{\"@type\":\"ReadAction\",\"target\":[\"https:\/\/apuntesdesanluis.com\/index.php\/2024\/03\/28\/incertidumbre-de-empleados-de-enacom-san-luis-tras-el-intempestivo-cierre\/\"]}]},{\"@type\":\"ImageObject\",\"inLanguage\":\"es-AR\",\"@id\":\"https:\/\/apuntesdesanluis.com\/index.php\/2024\/03\/28\/incertidumbre-de-empleados-de-enacom-san-luis-tras-el-intempestivo-cierre\/#primaryimage\",\"url\":\"https:\/\/apuntesdesanluis.com\/wp-content\/uploads\/2024\/03\/Enacom-sede.png\",\"contentUrl\":\"https:\/\/apuntesdesanluis.com\/wp-content\/uploads\/2024\/03\/Enacom-sede.png\",\"width\":934,\"height\":548},{\"@type\":\"BreadcrumbList\",\"@id\":\"https:\/\/apuntesdesanluis.com\/index.php\/2024\/03\/28\/incertidumbre-de-empleados-de-enacom-san-luis-tras-el-intempestivo-cierre\/#breadcrumb\",\"itemListElement\":[{\"@type\":\"ListItem\",\"position\":1,\"name\":\"Inicio\",\"item\":\"https:\/\/apuntesdesanluis.com\/\"},{\"@type\":\"ListItem\",\"position\":2,\"name\":\"INCERTIDUMBRE DE EMPLEADOS DE ENACOM SAN LUIS TRAS EL INTEMPESTIVO CIERRE\"}]},{\"@type\":\"WebSite\",\"@id\":\"https:\/\/apuntesdesanluis.com\/#website\",\"url\":\"https:\/\/apuntesdesanluis.com\/\",\"name\":\"Apuntes de San Luis\",\"description\":\"\",\"publisher\":{\"@id\":\"https:\/\/apuntesdesanluis.com\/#\/schema\/person\/b55151d52296fcce64d1a72538a70b90\"},\"potentialAction\":[{\"@type\":\"SearchAction\",\"target\":{\"@type\":\"EntryPoint\",\"urlTemplate\":\"https:\/\/apuntesdesanluis.com\/?s={search_term_string}\"},\"query-input\":{\"@type\":\"PropertyValueSpecification\",\"valueRequired\":true,\"valueName\":\"search_term_string\"}}],\"inLanguage\":\"es-AR\"},{\"@type\":[\"Person\",\"Organization\"],\"@id\":\"https:\/\/apuntesdesanluis.com\/#\/schema\/person\/b55151d52296fcce64d1a72538a70b90\",\"name\":\"apuntesdesanluis.com\",\"image\":{\"@type\":\"ImageObject\",\"inLanguage\":\"es-AR\",\"@id\":\"https:\/\/apuntesdesanluis.com\/#\/schema\/person\/image\/\",\"url\":\"https:\/\/apuntesdesanluis.com\/wp-content\/uploads\/2023\/07\/cropped-apuntesdesanluis.png\",\"contentUrl\":\"https:\/\/apuntesdesanluis.com\/wp-content\/uploads\/2023\/07\/cropped-apuntesdesanluis.png\",\"width\":450,\"height\":112,\"caption\":\"apuntesdesanluis.com\"},\"logo\":{\"@id\":\"https:\/\/apuntesdesanluis.com\/#\/schema\/person\/image\/\"},\"sameAs\":[\"https:\/\/apuntesdesanluis.com\"],\"url\":\"https:\/\/apuntesdesanluis.com\/index.php\/author\/apuntesdesanluis-com\/\"}]}<\/script>\n<!-- \/ Yoast SEO plugin. -->","yoast_head_json":{"title":"INCERTIDUMBRE DE EMPLEADOS DE ENACOM SAN LUIS TRAS EL INTEMPESTIVO CIERRE - Apuntes de San Luis","robots":{"index":"index","follow":"follow","max-snippet":"max-snippet:-1","max-image-preview":"max-image-preview:large","max-video-preview":"max-video-preview:-1"},"canonical":"https:\/\/apuntesdesanluis.com\/index.php\/2024\/03\/28\/incertidumbre-de-empleados-de-enacom-san-luis-tras-el-intempestivo-cierre\/","og_locale":"es_ES","og_type":"article","og_title":"INCERTIDUMBRE DE EMPLEADOS DE ENACOM SAN LUIS TRAS EL INTEMPESTIVO CIERRE - Apuntes de San Luis","og_description":"La medida adoptada por el gobierno nacional tom\u00f3 por sorpresa a la decena de empleados...","og_url":"https:\/\/apuntesdesanluis.com\/index.php\/2024\/03\/28\/incertidumbre-de-empleados-de-enacom-san-luis-tras-el-intempestivo-cierre\/","og_site_name":"Apuntes de San Luis","article_published_time":"2024-03-29T01:56:12+00:00","article_modified_time":"2024-03-29T02:06:07+00:00","og_image":[{"width":934,"height":548,"url":"https:\/\/apuntesdesanluis.com\/wp-content\/uploads\/2024\/03\/Enacom-sede.png","type":"image\/png"}],"author":"apuntesdesanluis.com","twitter_card":"summary_large_image","twitter_misc":{"Escrito por":"apuntesdesanluis.com","Tiempo de lectura":"2 minutos"},"schema":{"@context":"https:\/\/schema.org","@graph":[{"@type":"Article","@id":"https:\/\/apuntesdesanluis.com\/index.php\/2024\/03\/28\/incertidumbre-de-empleados-de-enacom-san-luis-tras-el-intempestivo-cierre\/#article","isPartOf":{"@id":"https:\/\/apuntesdesanluis.com\/index.php\/2024\/03\/28\/incertidumbre-de-empleados-de-enacom-san-luis-tras-el-intempestivo-cierre\/"},"author":{"name":"apuntesdesanluis.com","@id":"https:\/\/apuntesdesanluis.com\/#\/schema\/person\/b55151d52296fcce64d1a72538a70b90"},"headline":"INCERTIDUMBRE DE EMPLEADOS DE ENACOM SAN LUIS TRAS EL INTEMPESTIVO CIERRE","datePublished":"2024-03-29T01:56:12+00:00","dateModified":"2024-03-29T02:06:07+00:00","mainEntityOfPage":{"@id":"https:\/\/apuntesdesanluis.com\/index.php\/2024\/03\/28\/incertidumbre-de-empleados-de-enacom-san-luis-tras-el-intempestivo-cierre\/"},"wordCount":388,"publisher":{"@id":"https:\/\/apuntesdesanluis.com\/#\/schema\/person\/b55151d52296fcce64d1a72538a70b90"},"image":{"@id":"https:\/\/apuntesdesanluis.com\/index.php\/2024\/03\/28\/incertidumbre-de-empleados-de-enacom-san-luis-tras-el-intempestivo-cierre\/#primaryimage"},"thumbnailUrl":"https:\/\/apuntesdesanluis.com\/wp-content\/uploads\/2024\/03\/Enacom-sede.png","articleSection":["Ciudad\/Provincia"],"inLanguage":"es-AR"},{"@type":"WebPage","@id":"https:\/\/apuntesdesanluis.com\/index.php\/2024\/03\/28\/incertidumbre-de-empleados-de-enacom-san-luis-tras-el-intempestivo-cierre\/","url":"https:\/\/apuntesdesanluis.com\/index.php\/2024\/03\/28\/incertidumbre-de-empleados-de-enacom-san-luis-tras-el-intempestivo-cierre\/","name":"INCERTIDUMBRE DE EMPLEADOS DE ENACOM SAN LUIS TRAS EL INTEMPESTIVO CIERRE - Apuntes de San Luis","isPartOf":{"@id":"https:\/\/apuntesdesanluis.com\/#website"},"primaryImageOfPage":{"@id":"https:\/\/apuntesdesanluis.com\/index.php\/2024\/03\/28\/incertidumbre-de-empleados-de-enacom-san-luis-tras-el-intempestivo-cierre\/#primaryimage"},"image":{"@id":"https:\/\/apuntesdesanluis.com\/index.php\/2024\/03\/28\/incertidumbre-de-empleados-de-enacom-san-luis-tras-el-intempestivo-cierre\/#primaryimage"},"thumbnailUrl":"https:\/\/apuntesdesanluis.com\/wp-content\/uploads\/2024\/03\/Enacom-sede.png","datePublished":"2024-03-29T01:56:12+00:00","dateModified":"2024-03-29T02:06:07+00:00","breadcrumb":{"@id":"https:\/\/apuntesdesanluis.com\/index.php\/2024\/03\/28\/incertidumbre-de-empleados-de-enacom-san-luis-tras-el-intempestivo-cierre\/#breadcrumb"},"inLanguage":"es-AR","potentialAction":[{"@type":"ReadAction","target":["https:\/\/apuntesdesanluis.com\/index.php\/2024\/03\/28\/incertidumbre-de-empleados-de-enacom-san-luis-tras-el-intempestivo-cierre\/"]}]},{"@type":"ImageObject","inLanguage":"es-AR","@id":"https:\/\/apuntesdesanluis.com\/index.php\/2024\/03\/28\/incertidumbre-de-empleados-de-enacom-san-luis-tras-el-intempestivo-cierre\/#primaryimage","url":"https:\/\/apuntesdesanluis.com\/wp-content\/uploads\/2024\/03\/Enacom-sede.png","contentUrl":"https:\/\/apuntesdesanluis.com\/wp-content\/uploads\/2024\/03\/Enacom-sede.png","width":934,"height":548},{"@type":"BreadcrumbList","@id":"https:\/\/apuntesdesanluis.com\/index.php\/2024\/03\/28\/incertidumbre-de-empleados-de-enacom-san-luis-tras-el-intempestivo-cierre\/#breadcrumb","itemListElement":[{"@type":"ListItem","position":1,"name":"Inicio","item":"https:\/\/apuntesdesanluis.com\/"},{"@type":"ListItem","position":2,"name":"INCERTIDUMBRE DE EMPLEADOS DE ENACOM SAN LUIS TRAS EL INTEMPESTIVO CIERRE"}]},{"@type":"WebSite","@id":"https:\/\/apuntesdesanluis.com\/#website","url":"https:\/\/apuntesdesanluis.com\/","name":"Apuntes de San Luis","description":"","publisher":{"@id":"https:\/\/apuntesdesanluis.com\/#\/schema\/person\/b55151d52296fcce64d1a72538a70b90"},"potentialAction":[{"@type":"SearchAction","target":{"@type":"EntryPoint","urlTemplate":"https:\/\/apuntesdesanluis.com\/?s={search_term_string}"},"query-input":{"@type":"PropertyValueSpecification","valueRequired":true,"valueName":"search_term_string"}}],"inLanguage":"es-AR"},{"@type":["Person","Organization"],"@id":"https:\/\/apuntesdesanluis.com\/#\/schema\/person\/b55151d52296fcce64d1a72538a70b90","name":"apuntesdesanluis.com","image":{"@type":"ImageObject","inLanguage":"es-AR","@id":"https:\/\/apuntesdesanluis.com\/#\/schema\/person\/image\/","url":"https:\/\/apuntesdesanluis.com\/wp-content\/uploads\/2023\/07\/cropped-apuntesdesanluis.png","contentUrl":"https:\/\/apuntesdesanluis.com\/wp-content\/uploads\/2023\/07\/cropped-apuntesdesanluis.png","width":450,"height":112,"caption":"apuntesdesanluis.com"},"logo":{"@id":"https:\/\/apuntesdesanluis.com\/#\/schema\/person\/image\/"},"sameAs":["https:\/\/apuntesdesanluis.com"],"url":"https:\/\/apuntesdesanluis.com\/index.php\/author\/apuntesdesanluis-com\/"}]}},"featured_image_urls":{"full":["https:\/\/apuntesdesanluis.com\/wp-content\/uploads\/2024\/03\/Enacom-sede.png",934,548,false],"thumbnail":["https:\/\/apuntesdesanluis.com\/wp-content\/uploads\/2024\/03\/Enacom-sede-150x150.png",150,150,true],"medium":["https:\/\/apuntesdesanluis.com\/wp-content\/uploads\/2024\/03\/Enacom-sede-300x176.png",300,176,true],"medium_large":["https:\/\/apuntesdesanluis.com\/wp-content\/uploads\/2024\/03\/Enacom-sede-768x451.png",640,376,true],"large":["https:\/\/apuntesdesanluis.com\/wp-content\/uploads\/2024\/03\/Enacom-sede.png",640,376,false],"1536x1536":["https:\/\/apuntesdesanluis.com\/wp-content\/uploads\/2024\/03\/Enacom-sede.png",934,548,false],"2048x2048":["https:\/\/apuntesdesanluis.com\/wp-content\/uploads\/2024\/03\/Enacom-sede.png",934,548,false],"newsever-slider-full":["https:\/\/apuntesdesanluis.com\/wp-content\/uploads\/2024\/03\/Enacom-sede.png",934,548,false],"newsever-featured":["https:\/\/apuntesdesanluis.com\/wp-content\/uploads\/2024\/03\/Enacom-sede.png",934,548,false],"newsever-medium":["https:\/\/apuntesdesanluis.com\/wp-content\/uploads\/2024\/03\/Enacom-sede-720x475.png",720,475,true]},"author_info":{"display_name":"apuntesdesanluis.com","author_link":"https:\/\/apuntesdesanluis.com\/index.php\/author\/apuntesdesanluis-com\/"},"category_info":"<a href=\"https:\/\/apuntesdesanluis.com\/index.php\/category\/ciudad-provincia\/\" rel=\"category tag\">Ciudad\/Provincia<\/a>","tag_info":"Ciudad\/Provincia","comment_count":"0","_links":{"self":[{"href":"https:\/\/apuntesdesanluis.com\/index.php\/wp-json\/wp\/v2\/posts\/13876","targetHints":{"allow":["GET"]}}],"collection":[{"href":"https:\/\/apuntesdesanluis.com\/index.php\/wp-json\/wp\/v2\/posts"}],"about":[{"href":"https:\/\/apuntesdesanluis.com\/index.php\/wp-json\/wp\/v2\/types\/post"}],"author":[{"embeddable":true,"href":"https:\/\/apuntesdesanluis.com\/index.php\/wp-json\/wp\/v2\/users\/1"}],"replies":[{"embeddable":true,"href":"https:\/\/apuntesdesanluis.com\/index.php\/wp-json\/wp\/v2\/comments?post=13876"}],"version-history":[{"count":5,"href":"https:\/\/apuntesdesanluis.com\/index.php\/wp-json\/wp\/v2\/posts\/13876\/revisions"}],"predecessor-version":[{"id":13887,"href":"https:\/\/apuntesdesanluis.com\/index.php\/wp-json\/wp\/v2\/posts\/13876\/revisions\/13887"}],"wp:featuredmedia":[{"embeddable":true,"href":"https:\/\/apuntesdesanluis.com\/index.php\/wp-json\/wp\/v2\/media\/13881"}],"wp:attachment":[{"href":"https:\/\/apuntesdesanluis.com\/index.php\/wp-json\/wp\/v2\/media?parent=13876"}],"wp:term":[{"taxonomy":"category","embeddable":true,"href":"https:\/\/apuntesdesanluis.com\/index.php\/wp-json\/wp\/v2\/categories?post=13876"},{"taxonomy":"post_tag","embeddable":true,"href":"https:\/\/apuntesdesanluis.com\/index.php\/wp-json\/wp\/v2\/tags?post=13876"}],"curies":[{"name":"wp","href":"https:\/\/api.w.org\/{rel}","templated":true}]}}