{"id":13888,"date":"2024-03-28T23:21:44","date_gmt":"2024-03-29T02:21:44","guid":{"rendered":"https:\/\/apuntesdesanluis.com\/?p=13888"},"modified":"2024-03-28T23:22:19","modified_gmt":"2024-03-29T02:22:19","slug":"si-se-formaliza-la-convocatoria-al-dialogo-los-estatales-podrian-levantar-la-movilizacion-del-lunes","status":"publish","type":"post","link":"https:\/\/apuntesdesanluis.com\/index.php\/2024\/03\/28\/si-se-formaliza-la-convocatoria-al-dialogo-los-estatales-podrian-levantar-la-movilizacion-del-lunes\/","title":{"rendered":"SI SE FORMALIZA LA CONVOCATORIA AL DI\u00c1LOGO, LOS ESTATALES PODR\u00cdAN LEVANTAR LA MOVILIZACI\u00d3N DEL LUNES"},"content":{"rendered":"<h3>As\u00ed lo reconoci\u00f3 a <span style=\"color: #000000;\"><strong>Apuntes de San Luis<\/strong> <\/span>un referente sindical, consultado respecto a la noticia de que el gobernador <strong>Claudio Poggi<\/strong> instruy\u00f3 a ministros de su gabinete a que se re\u00fanan con diversos gremios de San Luis, que solicitaron analizar aspectos que hacen a la realidad provincial, financiera y econ\u00f3mica de San Luis.<\/h3>\n<h3>La decisi\u00f3n fue en respuesta a la movilizaci\u00f3n realizada el pasado viernes 22 a Terrazas del Portezuelo, ocasi\u00f3n en que las organizaciones gremiales presentaron un petitorio pidiendo al gobierno la convocatoria a una mesa de di\u00e1logo.<\/h3>\n<h3>En este contexto, a trav\u00e9s de la <strong>Agencia de Noticias San Luis<\/strong> el gobierno dio a conocer que \u201cse comenzar\u00e1n a organizar una serie de encuentros entre los referentes gremiales y los ministros del Estado Provincial, cada uno seg\u00fan su respectiva tem\u00e1tica y por separado\u201d.<\/h3>\n<h3>As\u00ed, por ejemplo el gremio SIJUPU ser\u00e1 recibido por el ministro de Gobierno en respuesta a la nota presentada el pasado 22 de marzo.<\/h3>\n<h3>\u201cLos referentes gremiales realizaron diversas peticiones por nota que ser\u00e1n escuchadas y analizadas personalmente por los ministros de Salud, <strong>Claudia Spagnuolo<\/strong>; de Educaci\u00f3n, <strong>Guillermo Araujo<\/strong>; de Hacienda, <strong>N\u00e9stor Ordo\u00f1ez<\/strong>, y de Gobierno, <strong>Facundo Endeiza<\/strong>\u201d, detall\u00f3 el parte oficial.<\/h3>\n<h3>Preguntada la fuente si la respuesta del gobierno podr\u00eda tener como correlato el levantamiento de la movilizaci\u00f3n anunciada para el pr\u00f3ximo lunes 1\u00b0 de abril, cuando Poggi dejar\u00e1 inaugurado el per\u00edodo ordinario de sesiones en la Legislatura, sostuvo que \u201ces una posibilidad\u201d.<\/h3>\n<h3>\u201cMir\u00e1, algunos compa\u00f1eros m\u00e1s duros sospechan que esto es una\u00a0 maniobra del gobierno para desactivar la movilizaci\u00f3n. Otros consideramos que es una primera respuesta a lo que pedimos, que es sentarnos a dialogar. Y ser\u00eda un gesto de madurez de nuestra parte que hasta que eso suceda no hagamos protestas p\u00fablicas ni movilizaciones\u201d.<\/h3>\n<h3>Entre viernes y s\u00e1bado los referentes gremiales de la docena de organizaciones que integran el frente cruzar\u00e1n pareceres para definir por consenso la ratificaci\u00f3n o la suspensi\u00f3n de la movilizaci\u00f3n.<\/h3>\n<h3>Este medio consult\u00f3 otras fuentes para sondear su temperamento y aunque existe un marcado malestar por el congelamiento salarial, si media una \u201ccomunicaci\u00f3n formal de los ministros\u201d con los referentes gremiales, estableciendo una fecha, mayoritariamente podr\u00edan resolver levantar la manifestaci\u00f3n.<\/h3>\n<h3>Por su parte al gobierno tampoco le hace gracia que en este acto trascendental para la vida institucional de la provincia, la Legislatura aparezca vallada por la polic\u00eda o cercada por manifestantes estatales, con el riesgo cierto de que puedan producirse incidentes.<\/h3>\n<h3>Por esa raz\u00f3n, este fin de semana se esperan cruces de llamados entre funcionarios y sindicalistas para intentan poner &#8220;pa\u00f1os fr\u00edos&#8221; a la tensi\u00f3n social y retomar la senda del di\u00e1logo.<\/h3>\n","protected":false},"excerpt":{"rendered":"<p>As\u00ed lo reconoci\u00f3 a Apuntes de San Luis un referente sindical, consultado respecto a la&#8230;<\/p>\n","protected":false},"author":1,"featured_media":13890,"comment_status":"closed","ping_status":"closed","sticky":false,"template":"","format":"standard","meta":{"footnotes":""},"categories":[6],"tags":[],"class_list":["post-13888","post","type-post","status-publish","format-standard","has-post-thumbnail","hentry","category-ciudad-provincia"],"yoast_head":"<!-- This site is optimized with the Yoast SEO plugin v26.1.1 - https:\/\/yoast.com\/wordpress\/plugins\/seo\/ -->\n<title>SI SE FORMALIZA LA CONVOCATORIA AL DI\u00c1LOGO, LOS ESTATALES PODR\u00cdAN LEVANTAR LA MOVILIZACI\u00d3N DEL LUNES - Apuntes de San Luis<\/title>\n<meta name=\"robots\" content=\"index, follow, max-snippet:-1, max-image-preview:large, max-video-preview:-1\" \/>\n<link rel=\"canonical\" href=\"https:\/\/apuntesdesanluis.com\/index.php\/2024\/03\/28\/si-se-formaliza-la-convocatoria-al-dialogo-los-estatales-podrian-levantar-la-movilizacion-del-lunes\/\" \/>\n<meta property=\"og:locale\" content=\"es_ES\" \/>\n<meta property=\"og:type\" content=\"article\" \/>\n<meta property=\"og:title\" content=\"SI SE FORMALIZA LA CONVOCATORIA AL DI\u00c1LOGO, LOS ESTATALES PODR\u00cdAN LEVANTAR LA MOVILIZACI\u00d3N DEL LUNES - Apuntes de San Luis\" \/>\n<meta property=\"og:description\" content=\"As\u00ed lo reconoci\u00f3 a Apuntes de San Luis un referente sindical, consultado respecto a la...\" \/>\n<meta property=\"og:url\" content=\"https:\/\/apuntesdesanluis.com\/index.php\/2024\/03\/28\/si-se-formaliza-la-convocatoria-al-dialogo-los-estatales-podrian-levantar-la-movilizacion-del-lunes\/\" \/>\n<meta property=\"og:site_name\" content=\"Apuntes de San Luis\" \/>\n<meta property=\"article:published_time\" content=\"2024-03-29T02:21:44+00:00\" \/>\n<meta property=\"article:modified_time\" content=\"2024-03-29T02:22:19+00:00\" \/>\n<meta property=\"og:image\" content=\"https:\/\/apuntesdesanluis.com\/wp-content\/uploads\/2024\/03\/legislatura-vallada.png\" \/>\n\t<meta property=\"og:image:width\" content=\"600\" \/>\n\t<meta property=\"og:image:height\" content=\"388\" \/>\n\t<meta property=\"og:image:type\" content=\"image\/png\" \/>\n<meta name=\"author\" content=\"apuntesdesanluis.com\" \/>\n<meta name=\"twitter:card\" content=\"summary_large_image\" \/>\n<meta name=\"twitter:label1\" content=\"Escrito por\" \/>\n\t<meta name=\"twitter:data1\" content=\"apuntesdesanluis.com\" \/>\n\t<meta name=\"twitter:label2\" content=\"Tiempo de lectura\" \/>\n\t<meta name=\"twitter:data2\" content=\"2 minutos\" \/>\n<script type=\"application\/ld+json\" class=\"yoast-schema-graph\">{\"@context\":\"https:\/\/schema.org\",\"@graph\":[{\"@type\":\"Article\",\"@id\":\"https:\/\/apuntesdesanluis.com\/index.php\/2024\/03\/28\/si-se-formaliza-la-convocatoria-al-dialogo-los-estatales-podrian-levantar-la-movilizacion-del-lunes\/#article\",\"isPartOf\":{\"@id\":\"https:\/\/apuntesdesanluis.com\/index.php\/2024\/03\/28\/si-se-formaliza-la-convocatoria-al-dialogo-los-estatales-podrian-levantar-la-movilizacion-del-lunes\/\"},\"author\":{\"name\":\"apuntesdesanluis.com\",\"@id\":\"https:\/\/apuntesdesanluis.com\/#\/schema\/person\/b55151d52296fcce64d1a72538a70b90\"},\"headline\":\"SI SE FORMALIZA LA CONVOCATORIA AL DI\u00c1LOGO, LOS ESTATALES PODR\u00cdAN LEVANTAR LA MOVILIZACI\u00d3N DEL LUNES\",\"datePublished\":\"2024-03-29T02:21:44+00:00\",\"dateModified\":\"2024-03-29T02:22:19+00:00\",\"mainEntityOfPage\":{\"@id\":\"https:\/\/apuntesdesanluis.com\/index.php\/2024\/03\/28\/si-se-formaliza-la-convocatoria-al-dialogo-los-estatales-podrian-levantar-la-movilizacion-del-lunes\/\"},\"wordCount\":487,\"publisher\":{\"@id\":\"https:\/\/apuntesdesanluis.com\/#\/schema\/person\/b55151d52296fcce64d1a72538a70b90\"},\"image\":{\"@id\":\"https:\/\/apuntesdesanluis.com\/index.php\/2024\/03\/28\/si-se-formaliza-la-convocatoria-al-dialogo-los-estatales-podrian-levantar-la-movilizacion-del-lunes\/#primaryimage\"},\"thumbnailUrl\":\"https:\/\/apuntesdesanluis.com\/wp-content\/uploads\/2024\/03\/legislatura-vallada.png\",\"articleSection\":[\"Ciudad\/Provincia\"],\"inLanguage\":\"es-AR\"},{\"@type\":\"WebPage\",\"@id\":\"https:\/\/apuntesdesanluis.com\/index.php\/2024\/03\/28\/si-se-formaliza-la-convocatoria-al-dialogo-los-estatales-podrian-levantar-la-movilizacion-del-lunes\/\",\"url\":\"https:\/\/apuntesdesanluis.com\/index.php\/2024\/03\/28\/si-se-formaliza-la-convocatoria-al-dialogo-los-estatales-podrian-levantar-la-movilizacion-del-lunes\/\",\"name\":\"SI SE FORMALIZA LA CONVOCATORIA AL DI\u00c1LOGO, LOS ESTATALES PODR\u00cdAN LEVANTAR LA MOVILIZACI\u00d3N DEL LUNES - Apuntes de San Luis\",\"isPartOf\":{\"@id\":\"https:\/\/apuntesdesanluis.com\/#website\"},\"primaryImageOfPage\":{\"@id\":\"https:\/\/apuntesdesanluis.com\/index.php\/2024\/03\/28\/si-se-formaliza-la-convocatoria-al-dialogo-los-estatales-podrian-levantar-la-movilizacion-del-lunes\/#primaryimage\"},\"image\":{\"@id\":\"https:\/\/apuntesdesanluis.com\/index.php\/2024\/03\/28\/si-se-formaliza-la-convocatoria-al-dialogo-los-estatales-podrian-levantar-la-movilizacion-del-lunes\/#primaryimage\"},\"thumbnailUrl\":\"https:\/\/apuntesdesanluis.com\/wp-content\/uploads\/2024\/03\/legislatura-vallada.png\",\"datePublished\":\"2024-03-29T02:21:44+00:00\",\"dateModified\":\"2024-03-29T02:22:19+00:00\",\"breadcrumb\":{\"@id\":\"https:\/\/apuntesdesanluis.com\/index.php\/2024\/03\/28\/si-se-formaliza-la-convocatoria-al-dialogo-los-estatales-podrian-levantar-la-movilizacion-del-lunes\/#breadcrumb\"},\"inLanguage\":\"es-AR\",\"potentialAction\":[{\"@type\":\"ReadAction\",\"target\":[\"https:\/\/apuntesdesanluis.com\/index.php\/2024\/03\/28\/si-se-formaliza-la-convocatoria-al-dialogo-los-estatales-podrian-levantar-la-movilizacion-del-lunes\/\"]}]},{\"@type\":\"ImageObject\",\"inLanguage\":\"es-AR\",\"@id\":\"https:\/\/apuntesdesanluis.com\/index.php\/2024\/03\/28\/si-se-formaliza-la-convocatoria-al-dialogo-los-estatales-podrian-levantar-la-movilizacion-del-lunes\/#primaryimage\",\"url\":\"https:\/\/apuntesdesanluis.com\/wp-content\/uploads\/2024\/03\/legislatura-vallada.png\",\"contentUrl\":\"https:\/\/apuntesdesanluis.com\/wp-content\/uploads\/2024\/03\/legislatura-vallada.png\",\"width\":600,\"height\":388},{\"@type\":\"BreadcrumbList\",\"@id\":\"https:\/\/apuntesdesanluis.com\/index.php\/2024\/03\/28\/si-se-formaliza-la-convocatoria-al-dialogo-los-estatales-podrian-levantar-la-movilizacion-del-lunes\/#breadcrumb\",\"itemListElement\":[{\"@type\":\"ListItem\",\"position\":1,\"name\":\"Inicio\",\"item\":\"https:\/\/apuntesdesanluis.com\/\"},{\"@type\":\"ListItem\",\"position\":2,\"name\":\"SI SE FORMALIZA LA CONVOCATORIA AL DI\u00c1LOGO, LOS ESTATALES PODR\u00cdAN LEVANTAR LA MOVILIZACI\u00d3N DEL LUNES\"}]},{\"@type\":\"WebSite\",\"@id\":\"https:\/\/apuntesdesanluis.com\/#website\",\"url\":\"https:\/\/apuntesdesanluis.com\/\",\"name\":\"Apuntes de San Luis\",\"description\":\"\",\"publisher\":{\"@id\":\"https:\/\/apuntesdesanluis.com\/#\/schema\/person\/b55151d52296fcce64d1a72538a70b90\"},\"potentialAction\":[{\"@type\":\"SearchAction\",\"target\":{\"@type\":\"EntryPoint\",\"urlTemplate\":\"https:\/\/apuntesdesanluis.com\/?s={search_term_string}\"},\"query-input\":{\"@type\":\"PropertyValueSpecification\",\"valueRequired\":true,\"valueName\":\"search_term_string\"}}],\"inLanguage\":\"es-AR\"},{\"@type\":[\"Person\",\"Organization\"],\"@id\":\"https:\/\/apuntesdesanluis.com\/#\/schema\/person\/b55151d52296fcce64d1a72538a70b90\",\"name\":\"apuntesdesanluis.com\",\"image\":{\"@type\":\"ImageObject\",\"inLanguage\":\"es-AR\",\"@id\":\"https:\/\/apuntesdesanluis.com\/#\/schema\/person\/image\/\",\"url\":\"https:\/\/apuntesdesanluis.com\/wp-content\/uploads\/2023\/07\/cropped-apuntesdesanluis.png\",\"contentUrl\":\"https:\/\/apuntesdesanluis.com\/wp-content\/uploads\/2023\/07\/cropped-apuntesdesanluis.png\",\"width\":450,\"height\":112,\"caption\":\"apuntesdesanluis.com\"},\"logo\":{\"@id\":\"https:\/\/apuntesdesanluis.com\/#\/schema\/person\/image\/\"},\"sameAs\":[\"https:\/\/apuntesdesanluis.com\"],\"url\":\"https:\/\/apuntesdesanluis.com\/index.php\/author\/apuntesdesanluis-com\/\"}]}<\/script>\n<!-- \/ Yoast SEO plugin. -->","yoast_head_json":{"title":"SI SE FORMALIZA LA CONVOCATORIA AL DI\u00c1LOGO, LOS ESTATALES PODR\u00cdAN LEVANTAR LA MOVILIZACI\u00d3N DEL LUNES - Apuntes de San Luis","robots":{"index":"index","follow":"follow","max-snippet":"max-snippet:-1","max-image-preview":"max-image-preview:large","max-video-preview":"max-video-preview:-1"},"canonical":"https:\/\/apuntesdesanluis.com\/index.php\/2024\/03\/28\/si-se-formaliza-la-convocatoria-al-dialogo-los-estatales-podrian-levantar-la-movilizacion-del-lunes\/","og_locale":"es_ES","og_type":"article","og_title":"SI SE FORMALIZA LA CONVOCATORIA AL DI\u00c1LOGO, LOS ESTATALES PODR\u00cdAN LEVANTAR LA MOVILIZACI\u00d3N DEL LUNES - Apuntes de San Luis","og_description":"As\u00ed lo reconoci\u00f3 a Apuntes de San Luis un referente sindical, consultado respecto a la...","og_url":"https:\/\/apuntesdesanluis.com\/index.php\/2024\/03\/28\/si-se-formaliza-la-convocatoria-al-dialogo-los-estatales-podrian-levantar-la-movilizacion-del-lunes\/","og_site_name":"Apuntes de San Luis","article_published_time":"2024-03-29T02:21:44+00:00","article_modified_time":"2024-03-29T02:22:19+00:00","og_image":[{"width":600,"height":388,"url":"https:\/\/apuntesdesanluis.com\/wp-content\/uploads\/2024\/03\/legislatura-vallada.png","type":"image\/png"}],"author":"apuntesdesanluis.com","twitter_card":"summary_large_image","twitter_misc":{"Escrito por":"apuntesdesanluis.com","Tiempo de lectura":"2 minutos"},"schema":{"@context":"https:\/\/schema.org","@graph":[{"@type":"Article","@id":"https:\/\/apuntesdesanluis.com\/index.php\/2024\/03\/28\/si-se-formaliza-la-convocatoria-al-dialogo-los-estatales-podrian-levantar-la-movilizacion-del-lunes\/#article","isPartOf":{"@id":"https:\/\/apuntesdesanluis.com\/index.php\/2024\/03\/28\/si-se-formaliza-la-convocatoria-al-dialogo-los-estatales-podrian-levantar-la-movilizacion-del-lunes\/"},"author":{"name":"apuntesdesanluis.com","@id":"https:\/\/apuntesdesanluis.com\/#\/schema\/person\/b55151d52296fcce64d1a72538a70b90"},"headline":"SI SE FORMALIZA LA CONVOCATORIA AL DI\u00c1LOGO, LOS ESTATALES PODR\u00cdAN LEVANTAR LA MOVILIZACI\u00d3N DEL LUNES","datePublished":"2024-03-29T02:21:44+00:00","dateModified":"2024-03-29T02:22:19+00:00","mainEntityOfPage":{"@id":"https:\/\/apuntesdesanluis.com\/index.php\/2024\/03\/28\/si-se-formaliza-la-convocatoria-al-dialogo-los-estatales-podrian-levantar-la-movilizacion-del-lunes\/"},"wordCount":487,"publisher":{"@id":"https:\/\/apuntesdesanluis.com\/#\/schema\/person\/b55151d52296fcce64d1a72538a70b90"},"image":{"@id":"https:\/\/apuntesdesanluis.com\/index.php\/2024\/03\/28\/si-se-formaliza-la-convocatoria-al-dialogo-los-estatales-podrian-levantar-la-movilizacion-del-lunes\/#primaryimage"},"thumbnailUrl":"https:\/\/apuntesdesanluis.com\/wp-content\/uploads\/2024\/03\/legislatura-vallada.png","articleSection":["Ciudad\/Provincia"],"inLanguage":"es-AR"},{"@type":"WebPage","@id":"https:\/\/apuntesdesanluis.com\/index.php\/2024\/03\/28\/si-se-formaliza-la-convocatoria-al-dialogo-los-estatales-podrian-levantar-la-movilizacion-del-lunes\/","url":"https:\/\/apuntesdesanluis.com\/index.php\/2024\/03\/28\/si-se-formaliza-la-convocatoria-al-dialogo-los-estatales-podrian-levantar-la-movilizacion-del-lunes\/","name":"SI SE FORMALIZA LA CONVOCATORIA AL DI\u00c1LOGO, LOS ESTATALES PODR\u00cdAN LEVANTAR LA MOVILIZACI\u00d3N DEL LUNES - Apuntes de San Luis","isPartOf":{"@id":"https:\/\/apuntesdesanluis.com\/#website"},"primaryImageOfPage":{"@id":"https:\/\/apuntesdesanluis.com\/index.php\/2024\/03\/28\/si-se-formaliza-la-convocatoria-al-dialogo-los-estatales-podrian-levantar-la-movilizacion-del-lunes\/#primaryimage"},"image":{"@id":"https:\/\/apuntesdesanluis.com\/index.php\/2024\/03\/28\/si-se-formaliza-la-convocatoria-al-dialogo-los-estatales-podrian-levantar-la-movilizacion-del-lunes\/#primaryimage"},"thumbnailUrl":"https:\/\/apuntesdesanluis.com\/wp-content\/uploads\/2024\/03\/legislatura-vallada.png","datePublished":"2024-03-29T02:21:44+00:00","dateModified":"2024-03-29T02:22:19+00:00","breadcrumb":{"@id":"https:\/\/apuntesdesanluis.com\/index.php\/2024\/03\/28\/si-se-formaliza-la-convocatoria-al-dialogo-los-estatales-podrian-levantar-la-movilizacion-del-lunes\/#breadcrumb"},"inLanguage":"es-AR","potentialAction":[{"@type":"ReadAction","target":["https:\/\/apuntesdesanluis.com\/index.php\/2024\/03\/28\/si-se-formaliza-la-convocatoria-al-dialogo-los-estatales-podrian-levantar-la-movilizacion-del-lunes\/"]}]},{"@type":"ImageObject","inLanguage":"es-AR","@id":"https:\/\/apuntesdesanluis.com\/index.php\/2024\/03\/28\/si-se-formaliza-la-convocatoria-al-dialogo-los-estatales-podrian-levantar-la-movilizacion-del-lunes\/#primaryimage","url":"https:\/\/apuntesdesanluis.com\/wp-content\/uploads\/2024\/03\/legislatura-vallada.png","contentUrl":"https:\/\/apuntesdesanluis.com\/wp-content\/uploads\/2024\/03\/legislatura-vallada.png","width":600,"height":388},{"@type":"BreadcrumbList","@id":"https:\/\/apuntesdesanluis.com\/index.php\/2024\/03\/28\/si-se-formaliza-la-convocatoria-al-dialogo-los-estatales-podrian-levantar-la-movilizacion-del-lunes\/#breadcrumb","itemListElement":[{"@type":"ListItem","position":1,"name":"Inicio","item":"https:\/\/apuntesdesanluis.com\/"},{"@type":"ListItem","position":2,"name":"SI SE FORMALIZA LA CONVOCATORIA AL DI\u00c1LOGO, LOS ESTATALES PODR\u00cdAN LEVANTAR LA MOVILIZACI\u00d3N DEL LUNES"}]},{"@type":"WebSite","@id":"https:\/\/apuntesdesanluis.com\/#website","url":"https:\/\/apuntesdesanluis.com\/","name":"Apuntes de San Luis","description":"","publisher":{"@id":"https:\/\/apuntesdesanluis.com\/#\/schema\/person\/b55151d52296fcce64d1a72538a70b90"},"potentialAction":[{"@type":"SearchAction","target":{"@type":"EntryPoint","urlTemplate":"https:\/\/apuntesdesanluis.com\/?s={search_term_string}"},"query-input":{"@type":"PropertyValueSpecification","valueRequired":true,"valueName":"search_term_string"}}],"inLanguage":"es-AR"},{"@type":["Person","Organization"],"@id":"https:\/\/apuntesdesanluis.com\/#\/schema\/person\/b55151d52296fcce64d1a72538a70b90","name":"apuntesdesanluis.com","image":{"@type":"ImageObject","inLanguage":"es-AR","@id":"https:\/\/apuntesdesanluis.com\/#\/schema\/person\/image\/","url":"https:\/\/apuntesdesanluis.com\/wp-content\/uploads\/2023\/07\/cropped-apuntesdesanluis.png","contentUrl":"https:\/\/apuntesdesanluis.com\/wp-content\/uploads\/2023\/07\/cropped-apuntesdesanluis.png","width":450,"height":112,"caption":"apuntesdesanluis.com"},"logo":{"@id":"https:\/\/apuntesdesanluis.com\/#\/schema\/person\/image\/"},"sameAs":["https:\/\/apuntesdesanluis.com"],"url":"https:\/\/apuntesdesanluis.com\/index.php\/author\/apuntesdesanluis-com\/"}]}},"featured_image_urls":{"full":["https:\/\/apuntesdesanluis.com\/wp-content\/uploads\/2024\/03\/legislatura-vallada.png",600,388,false],"thumbnail":["https:\/\/apuntesdesanluis.com\/wp-content\/uploads\/2024\/03\/legislatura-vallada-150x150.png",150,150,true],"medium":["https:\/\/apuntesdesanluis.com\/wp-content\/uploads\/2024\/03\/legislatura-vallada-300x194.png",300,194,true],"medium_large":["https:\/\/apuntesdesanluis.com\/wp-content\/uploads\/2024\/03\/legislatura-vallada.png",600,388,false],"large":["https:\/\/apuntesdesanluis.com\/wp-content\/uploads\/2024\/03\/legislatura-vallada.png",600,388,false],"1536x1536":["https:\/\/apuntesdesanluis.com\/wp-content\/uploads\/2024\/03\/legislatura-vallada.png",600,388,false],"2048x2048":["https:\/\/apuntesdesanluis.com\/wp-content\/uploads\/2024\/03\/legislatura-vallada.png",600,388,false],"newsever-slider-full":["https:\/\/apuntesdesanluis.com\/wp-content\/uploads\/2024\/03\/legislatura-vallada.png",600,388,false],"newsever-featured":["https:\/\/apuntesdesanluis.com\/wp-content\/uploads\/2024\/03\/legislatura-vallada.png",600,388,false],"newsever-medium":["https:\/\/apuntesdesanluis.com\/wp-content\/uploads\/2024\/03\/legislatura-vallada.png",600,388,false]},"author_info":{"display_name":"apuntesdesanluis.com","author_link":"https:\/\/apuntesdesanluis.com\/index.php\/author\/apuntesdesanluis-com\/"},"category_info":"<a href=\"https:\/\/apuntesdesanluis.com\/index.php\/category\/ciudad-provincia\/\" rel=\"category tag\">Ciudad\/Provincia<\/a>","tag_info":"Ciudad\/Provincia","comment_count":"0","_links":{"self":[{"href":"https:\/\/apuntesdesanluis.com\/index.php\/wp-json\/wp\/v2\/posts\/13888","targetHints":{"allow":["GET"]}}],"collection":[{"href":"https:\/\/apuntesdesanluis.com\/index.php\/wp-json\/wp\/v2\/posts"}],"about":[{"href":"https:\/\/apuntesdesanluis.com\/index.php\/wp-json\/wp\/v2\/types\/post"}],"author":[{"embeddable":true,"href":"https:\/\/apuntesdesanluis.com\/index.php\/wp-json\/wp\/v2\/users\/1"}],"replies":[{"embeddable":true,"href":"https:\/\/apuntesdesanluis.com\/index.php\/wp-json\/wp\/v2\/comments?post=13888"}],"version-history":[{"count":2,"href":"https:\/\/apuntesdesanluis.com\/index.php\/wp-json\/wp\/v2\/posts\/13888\/revisions"}],"predecessor-version":[{"id":13891,"href":"https:\/\/apuntesdesanluis.com\/index.php\/wp-json\/wp\/v2\/posts\/13888\/revisions\/13891"}],"wp:featuredmedia":[{"embeddable":true,"href":"https:\/\/apuntesdesanluis.com\/index.php\/wp-json\/wp\/v2\/media\/13890"}],"wp:attachment":[{"href":"https:\/\/apuntesdesanluis.com\/index.php\/wp-json\/wp\/v2\/media?parent=13888"}],"wp:term":[{"taxonomy":"category","embeddable":true,"href":"https:\/\/apuntesdesanluis.com\/index.php\/wp-json\/wp\/v2\/categories?post=13888"},{"taxonomy":"post_tag","embeddable":true,"href":"https:\/\/apuntesdesanluis.com\/index.php\/wp-json\/wp\/v2\/tags?post=13888"}],"curies":[{"name":"wp","href":"https:\/\/api.w.org\/{rel}","templated":true}]}}