{"id":13892,"date":"2024-03-29T21:35:19","date_gmt":"2024-03-30T00:35:19","guid":{"rendered":"https:\/\/apuntesdesanluis.com\/?p=13892"},"modified":"2024-03-29T21:35:19","modified_gmt":"2024-03-30T00:35:19","slug":"las-jubilaciones-perdieron-hasta-un-47-de-su-poder-de-compra-en-un-ano","status":"publish","type":"post","link":"https:\/\/apuntesdesanluis.com\/index.php\/2024\/03\/29\/las-jubilaciones-perdieron-hasta-un-47-de-su-poder-de-compra-en-un-ano\/","title":{"rendered":"LAS JUBILACIONES PERDIERON HASTA UN 47% DE SU PODER DE COMPRA EN UN A\u00d1O"},"content":{"rendered":"<h3>Con los fondos recibidos en febrero pasado, los jubilados y pensionados de la ANSES pudieron comprar entre un 29% y un 47% menos de bienes y servicios en comparaci\u00f3n con lo que pod\u00edan adquirir con los ingresos percibidos en el segundo mes de 2023. Seg\u00fan los datos del INDEC, los precios al consumidor aumentaron un 13,2% en febrero, mientras que la variaci\u00f3n interanual alcanz\u00f3 un 276,2%. Los haberes, en cambio, no experimentaron incremento durante ese mes, manteni\u00e9ndose en el mismo nivel que en diciembre y enero. En comparaci\u00f3n con febrero de 2023, los haberes fueron entre un 97,1% y un 167,3% nominalmente m\u00e1s altos.<\/h3>\n<h3>Esto significa que los aumentos determinados por la f\u00f3rmula de movilidad en vigor desde 2021, junto con los incrementos otorgados a los bonos, que solo benefician a los jubilados con ingresos m\u00e1s bajos debido a una pol\u00edtica discrecional, quedaron muy por debajo del aumento de los precios. Las p\u00e9rdidas se han acumulado en los \u00faltimos a\u00f1os: de hecho, entre 2020 y 2023, el valor real de las prestaciones se redujo entre un 32,4% y un 44,6%.<\/h3>\n<h3>En marzo, se llev\u00f3 a cabo una recomposici\u00f3n de haberes del 27,18% debido a la aplicaci\u00f3n del \u00edndice de movilidad establecido por la ley 27.609. Adem\u00e1s, se aplic\u00f3 un aumento similar al bono para aquellos que perciben la jubilaci\u00f3n m\u00ednima. Sin embargo, la inflaci\u00f3n contin\u00faa en aumento.<\/h3>\n<h3>Varios economistas, estiman que los ingresos habr\u00edan perdido entre un 28% y un 45% de su poder adquisitivo en comparaci\u00f3n con el tercer mes de 2023.<\/h3>\n<h3>Esta situaci\u00f3n se produce despu\u00e9s de varios a\u00f1os de fuertes p\u00e9rdidas, y coincide con el cambio en la modalidad de ajustes dispuesto por el Gobierno a trav\u00e9s del decreto de necesidad y urgencia (DNU) 274.<\/h3>\n<h3>En relaci\u00f3n con el a\u00f1o anterior, aquellos que experimentaron un mayor deterioro en el valor de sus ingresos son aquellos con haberes cercanos al m\u00ednimo multiplicado por dos. Este grupo recibi\u00f3 bonos entre septiembre de 2022 y agosto de 2023, pero luego fueron excluidos de esas compensaciones.<\/h3>\n<h3>Como resultado de la implementaci\u00f3n de los refuerzos, que reconocen la insuficiencia de la f\u00f3rmula de movilidad, aquellos que recibieron ingresos m\u00ednimos experimentaron ca\u00eddas de porcentajes relativamente m\u00e1s bajos, aunque a\u00fan significativos.<\/h3>\n<p>&nbsp;<\/p>\n<p>&nbsp;<\/p>\n<p>&nbsp;<\/p>\n","protected":false},"excerpt":{"rendered":"<p>Con los fondos recibidos en febrero pasado, los jubilados y pensionados de la ANSES pudieron&#8230;<\/p>\n","protected":false},"author":1,"featured_media":13893,"comment_status":"closed","ping_status":"closed","sticky":false,"template":"","format":"standard","meta":{"footnotes":""},"categories":[5],"tags":[],"class_list":["post-13892","post","type-post","status-publish","format-standard","has-post-thumbnail","hentry","category-nacionales-internacionales"],"yoast_head":"<!-- This site is optimized with the Yoast SEO plugin v26.1.1 - https:\/\/yoast.com\/wordpress\/plugins\/seo\/ -->\n<title>LAS JUBILACIONES PERDIERON HASTA UN 47% DE SU PODER DE COMPRA EN UN A\u00d1O - Apuntes de San Luis<\/title>\n<meta name=\"robots\" content=\"index, follow, max-snippet:-1, max-image-preview:large, max-video-preview:-1\" \/>\n<link rel=\"canonical\" href=\"https:\/\/apuntesdesanluis.com\/index.php\/2024\/03\/29\/las-jubilaciones-perdieron-hasta-un-47-de-su-poder-de-compra-en-un-ano\/\" \/>\n<meta property=\"og:locale\" content=\"es_ES\" \/>\n<meta property=\"og:type\" content=\"article\" \/>\n<meta property=\"og:title\" content=\"LAS JUBILACIONES PERDIERON HASTA UN 47% DE SU PODER DE COMPRA EN UN A\u00d1O - Apuntes de San Luis\" \/>\n<meta property=\"og:description\" content=\"Con los fondos recibidos en febrero pasado, los jubilados y pensionados de la ANSES pudieron...\" \/>\n<meta property=\"og:url\" content=\"https:\/\/apuntesdesanluis.com\/index.php\/2024\/03\/29\/las-jubilaciones-perdieron-hasta-un-47-de-su-poder-de-compra-en-un-ano\/\" \/>\n<meta property=\"og:site_name\" content=\"Apuntes de San Luis\" \/>\n<meta property=\"article:published_time\" content=\"2024-03-30T00:35:19+00:00\" \/>\n<meta property=\"og:image\" content=\"https:\/\/apuntesdesanluis.com\/wp-content\/uploads\/2024\/03\/jubilados-1.png\" \/>\n\t<meta property=\"og:image:width\" content=\"655\" \/>\n\t<meta property=\"og:image:height\" content=\"406\" \/>\n\t<meta property=\"og:image:type\" content=\"image\/png\" \/>\n<meta name=\"author\" content=\"apuntesdesanluis.com\" \/>\n<meta name=\"twitter:card\" content=\"summary_large_image\" \/>\n<meta name=\"twitter:label1\" content=\"Escrito por\" \/>\n\t<meta name=\"twitter:data1\" content=\"apuntesdesanluis.com\" \/>\n\t<meta name=\"twitter:label2\" content=\"Tiempo de lectura\" \/>\n\t<meta name=\"twitter:data2\" content=\"2 minutos\" \/>\n<script type=\"application\/ld+json\" class=\"yoast-schema-graph\">{\"@context\":\"https:\/\/schema.org\",\"@graph\":[{\"@type\":\"Article\",\"@id\":\"https:\/\/apuntesdesanluis.com\/index.php\/2024\/03\/29\/las-jubilaciones-perdieron-hasta-un-47-de-su-poder-de-compra-en-un-ano\/#article\",\"isPartOf\":{\"@id\":\"https:\/\/apuntesdesanluis.com\/index.php\/2024\/03\/29\/las-jubilaciones-perdieron-hasta-un-47-de-su-poder-de-compra-en-un-ano\/\"},\"author\":{\"name\":\"apuntesdesanluis.com\",\"@id\":\"https:\/\/apuntesdesanluis.com\/#\/schema\/person\/b55151d52296fcce64d1a72538a70b90\"},\"headline\":\"LAS JUBILACIONES PERDIERON HASTA UN 47% DE SU PODER DE COMPRA EN UN A\u00d1O\",\"datePublished\":\"2024-03-30T00:35:19+00:00\",\"mainEntityOfPage\":{\"@id\":\"https:\/\/apuntesdesanluis.com\/index.php\/2024\/03\/29\/las-jubilaciones-perdieron-hasta-un-47-de-su-poder-de-compra-en-un-ano\/\"},\"wordCount\":398,\"publisher\":{\"@id\":\"https:\/\/apuntesdesanluis.com\/#\/schema\/person\/b55151d52296fcce64d1a72538a70b90\"},\"image\":{\"@id\":\"https:\/\/apuntesdesanluis.com\/index.php\/2024\/03\/29\/las-jubilaciones-perdieron-hasta-un-47-de-su-poder-de-compra-en-un-ano\/#primaryimage\"},\"thumbnailUrl\":\"https:\/\/apuntesdesanluis.com\/wp-content\/uploads\/2024\/03\/jubilados-1.png\",\"articleSection\":[\"Nacionales\/Internacionales\"],\"inLanguage\":\"es-AR\"},{\"@type\":\"WebPage\",\"@id\":\"https:\/\/apuntesdesanluis.com\/index.php\/2024\/03\/29\/las-jubilaciones-perdieron-hasta-un-47-de-su-poder-de-compra-en-un-ano\/\",\"url\":\"https:\/\/apuntesdesanluis.com\/index.php\/2024\/03\/29\/las-jubilaciones-perdieron-hasta-un-47-de-su-poder-de-compra-en-un-ano\/\",\"name\":\"LAS JUBILACIONES PERDIERON HASTA UN 47% DE SU PODER DE COMPRA EN UN A\u00d1O - Apuntes de San Luis\",\"isPartOf\":{\"@id\":\"https:\/\/apuntesdesanluis.com\/#website\"},\"primaryImageOfPage\":{\"@id\":\"https:\/\/apuntesdesanluis.com\/index.php\/2024\/03\/29\/las-jubilaciones-perdieron-hasta-un-47-de-su-poder-de-compra-en-un-ano\/#primaryimage\"},\"image\":{\"@id\":\"https:\/\/apuntesdesanluis.com\/index.php\/2024\/03\/29\/las-jubilaciones-perdieron-hasta-un-47-de-su-poder-de-compra-en-un-ano\/#primaryimage\"},\"thumbnailUrl\":\"https:\/\/apuntesdesanluis.com\/wp-content\/uploads\/2024\/03\/jubilados-1.png\",\"datePublished\":\"2024-03-30T00:35:19+00:00\",\"breadcrumb\":{\"@id\":\"https:\/\/apuntesdesanluis.com\/index.php\/2024\/03\/29\/las-jubilaciones-perdieron-hasta-un-47-de-su-poder-de-compra-en-un-ano\/#breadcrumb\"},\"inLanguage\":\"es-AR\",\"potentialAction\":[{\"@type\":\"ReadAction\",\"target\":[\"https:\/\/apuntesdesanluis.com\/index.php\/2024\/03\/29\/las-jubilaciones-perdieron-hasta-un-47-de-su-poder-de-compra-en-un-ano\/\"]}]},{\"@type\":\"ImageObject\",\"inLanguage\":\"es-AR\",\"@id\":\"https:\/\/apuntesdesanluis.com\/index.php\/2024\/03\/29\/las-jubilaciones-perdieron-hasta-un-47-de-su-poder-de-compra-en-un-ano\/#primaryimage\",\"url\":\"https:\/\/apuntesdesanluis.com\/wp-content\/uploads\/2024\/03\/jubilados-1.png\",\"contentUrl\":\"https:\/\/apuntesdesanluis.com\/wp-content\/uploads\/2024\/03\/jubilados-1.png\",\"width\":655,\"height\":406},{\"@type\":\"BreadcrumbList\",\"@id\":\"https:\/\/apuntesdesanluis.com\/index.php\/2024\/03\/29\/las-jubilaciones-perdieron-hasta-un-47-de-su-poder-de-compra-en-un-ano\/#breadcrumb\",\"itemListElement\":[{\"@type\":\"ListItem\",\"position\":1,\"name\":\"Inicio\",\"item\":\"https:\/\/apuntesdesanluis.com\/\"},{\"@type\":\"ListItem\",\"position\":2,\"name\":\"LAS JUBILACIONES PERDIERON HASTA UN 47% DE SU PODER DE COMPRA EN UN A\u00d1O\"}]},{\"@type\":\"WebSite\",\"@id\":\"https:\/\/apuntesdesanluis.com\/#website\",\"url\":\"https:\/\/apuntesdesanluis.com\/\",\"name\":\"Apuntes de San Luis\",\"description\":\"\",\"publisher\":{\"@id\":\"https:\/\/apuntesdesanluis.com\/#\/schema\/person\/b55151d52296fcce64d1a72538a70b90\"},\"potentialAction\":[{\"@type\":\"SearchAction\",\"target\":{\"@type\":\"EntryPoint\",\"urlTemplate\":\"https:\/\/apuntesdesanluis.com\/?s={search_term_string}\"},\"query-input\":{\"@type\":\"PropertyValueSpecification\",\"valueRequired\":true,\"valueName\":\"search_term_string\"}}],\"inLanguage\":\"es-AR\"},{\"@type\":[\"Person\",\"Organization\"],\"@id\":\"https:\/\/apuntesdesanluis.com\/#\/schema\/person\/b55151d52296fcce64d1a72538a70b90\",\"name\":\"apuntesdesanluis.com\",\"image\":{\"@type\":\"ImageObject\",\"inLanguage\":\"es-AR\",\"@id\":\"https:\/\/apuntesdesanluis.com\/#\/schema\/person\/image\/\",\"url\":\"https:\/\/apuntesdesanluis.com\/wp-content\/uploads\/2023\/07\/cropped-apuntesdesanluis.png\",\"contentUrl\":\"https:\/\/apuntesdesanluis.com\/wp-content\/uploads\/2023\/07\/cropped-apuntesdesanluis.png\",\"width\":450,\"height\":112,\"caption\":\"apuntesdesanluis.com\"},\"logo\":{\"@id\":\"https:\/\/apuntesdesanluis.com\/#\/schema\/person\/image\/\"},\"sameAs\":[\"https:\/\/apuntesdesanluis.com\"],\"url\":\"https:\/\/apuntesdesanluis.com\/index.php\/author\/apuntesdesanluis-com\/\"}]}<\/script>\n<!-- \/ Yoast SEO plugin. -->","yoast_head_json":{"title":"LAS JUBILACIONES PERDIERON HASTA UN 47% DE SU PODER DE COMPRA EN UN A\u00d1O - Apuntes de San Luis","robots":{"index":"index","follow":"follow","max-snippet":"max-snippet:-1","max-image-preview":"max-image-preview:large","max-video-preview":"max-video-preview:-1"},"canonical":"https:\/\/apuntesdesanluis.com\/index.php\/2024\/03\/29\/las-jubilaciones-perdieron-hasta-un-47-de-su-poder-de-compra-en-un-ano\/","og_locale":"es_ES","og_type":"article","og_title":"LAS JUBILACIONES PERDIERON HASTA UN 47% DE SU PODER DE COMPRA EN UN A\u00d1O - Apuntes de San Luis","og_description":"Con los fondos recibidos en febrero pasado, los jubilados y pensionados de la ANSES pudieron...","og_url":"https:\/\/apuntesdesanluis.com\/index.php\/2024\/03\/29\/las-jubilaciones-perdieron-hasta-un-47-de-su-poder-de-compra-en-un-ano\/","og_site_name":"Apuntes de San Luis","article_published_time":"2024-03-30T00:35:19+00:00","og_image":[{"width":655,"height":406,"url":"https:\/\/apuntesdesanluis.com\/wp-content\/uploads\/2024\/03\/jubilados-1.png","type":"image\/png"}],"author":"apuntesdesanluis.com","twitter_card":"summary_large_image","twitter_misc":{"Escrito por":"apuntesdesanluis.com","Tiempo de lectura":"2 minutos"},"schema":{"@context":"https:\/\/schema.org","@graph":[{"@type":"Article","@id":"https:\/\/apuntesdesanluis.com\/index.php\/2024\/03\/29\/las-jubilaciones-perdieron-hasta-un-47-de-su-poder-de-compra-en-un-ano\/#article","isPartOf":{"@id":"https:\/\/apuntesdesanluis.com\/index.php\/2024\/03\/29\/las-jubilaciones-perdieron-hasta-un-47-de-su-poder-de-compra-en-un-ano\/"},"author":{"name":"apuntesdesanluis.com","@id":"https:\/\/apuntesdesanluis.com\/#\/schema\/person\/b55151d52296fcce64d1a72538a70b90"},"headline":"LAS JUBILACIONES PERDIERON HASTA UN 47% DE SU PODER DE COMPRA EN UN A\u00d1O","datePublished":"2024-03-30T00:35:19+00:00","mainEntityOfPage":{"@id":"https:\/\/apuntesdesanluis.com\/index.php\/2024\/03\/29\/las-jubilaciones-perdieron-hasta-un-47-de-su-poder-de-compra-en-un-ano\/"},"wordCount":398,"publisher":{"@id":"https:\/\/apuntesdesanluis.com\/#\/schema\/person\/b55151d52296fcce64d1a72538a70b90"},"image":{"@id":"https:\/\/apuntesdesanluis.com\/index.php\/2024\/03\/29\/las-jubilaciones-perdieron-hasta-un-47-de-su-poder-de-compra-en-un-ano\/#primaryimage"},"thumbnailUrl":"https:\/\/apuntesdesanluis.com\/wp-content\/uploads\/2024\/03\/jubilados-1.png","articleSection":["Nacionales\/Internacionales"],"inLanguage":"es-AR"},{"@type":"WebPage","@id":"https:\/\/apuntesdesanluis.com\/index.php\/2024\/03\/29\/las-jubilaciones-perdieron-hasta-un-47-de-su-poder-de-compra-en-un-ano\/","url":"https:\/\/apuntesdesanluis.com\/index.php\/2024\/03\/29\/las-jubilaciones-perdieron-hasta-un-47-de-su-poder-de-compra-en-un-ano\/","name":"LAS JUBILACIONES PERDIERON HASTA UN 47% DE SU PODER DE COMPRA EN UN A\u00d1O - Apuntes de San Luis","isPartOf":{"@id":"https:\/\/apuntesdesanluis.com\/#website"},"primaryImageOfPage":{"@id":"https:\/\/apuntesdesanluis.com\/index.php\/2024\/03\/29\/las-jubilaciones-perdieron-hasta-un-47-de-su-poder-de-compra-en-un-ano\/#primaryimage"},"image":{"@id":"https:\/\/apuntesdesanluis.com\/index.php\/2024\/03\/29\/las-jubilaciones-perdieron-hasta-un-47-de-su-poder-de-compra-en-un-ano\/#primaryimage"},"thumbnailUrl":"https:\/\/apuntesdesanluis.com\/wp-content\/uploads\/2024\/03\/jubilados-1.png","datePublished":"2024-03-30T00:35:19+00:00","breadcrumb":{"@id":"https:\/\/apuntesdesanluis.com\/index.php\/2024\/03\/29\/las-jubilaciones-perdieron-hasta-un-47-de-su-poder-de-compra-en-un-ano\/#breadcrumb"},"inLanguage":"es-AR","potentialAction":[{"@type":"ReadAction","target":["https:\/\/apuntesdesanluis.com\/index.php\/2024\/03\/29\/las-jubilaciones-perdieron-hasta-un-47-de-su-poder-de-compra-en-un-ano\/"]}]},{"@type":"ImageObject","inLanguage":"es-AR","@id":"https:\/\/apuntesdesanluis.com\/index.php\/2024\/03\/29\/las-jubilaciones-perdieron-hasta-un-47-de-su-poder-de-compra-en-un-ano\/#primaryimage","url":"https:\/\/apuntesdesanluis.com\/wp-content\/uploads\/2024\/03\/jubilados-1.png","contentUrl":"https:\/\/apuntesdesanluis.com\/wp-content\/uploads\/2024\/03\/jubilados-1.png","width":655,"height":406},{"@type":"BreadcrumbList","@id":"https:\/\/apuntesdesanluis.com\/index.php\/2024\/03\/29\/las-jubilaciones-perdieron-hasta-un-47-de-su-poder-de-compra-en-un-ano\/#breadcrumb","itemListElement":[{"@type":"ListItem","position":1,"name":"Inicio","item":"https:\/\/apuntesdesanluis.com\/"},{"@type":"ListItem","position":2,"name":"LAS JUBILACIONES PERDIERON HASTA UN 47% DE SU PODER DE COMPRA EN UN A\u00d1O"}]},{"@type":"WebSite","@id":"https:\/\/apuntesdesanluis.com\/#website","url":"https:\/\/apuntesdesanluis.com\/","name":"Apuntes de San Luis","description":"","publisher":{"@id":"https:\/\/apuntesdesanluis.com\/#\/schema\/person\/b55151d52296fcce64d1a72538a70b90"},"potentialAction":[{"@type":"SearchAction","target":{"@type":"EntryPoint","urlTemplate":"https:\/\/apuntesdesanluis.com\/?s={search_term_string}"},"query-input":{"@type":"PropertyValueSpecification","valueRequired":true,"valueName":"search_term_string"}}],"inLanguage":"es-AR"},{"@type":["Person","Organization"],"@id":"https:\/\/apuntesdesanluis.com\/#\/schema\/person\/b55151d52296fcce64d1a72538a70b90","name":"apuntesdesanluis.com","image":{"@type":"ImageObject","inLanguage":"es-AR","@id":"https:\/\/apuntesdesanluis.com\/#\/schema\/person\/image\/","url":"https:\/\/apuntesdesanluis.com\/wp-content\/uploads\/2023\/07\/cropped-apuntesdesanluis.png","contentUrl":"https:\/\/apuntesdesanluis.com\/wp-content\/uploads\/2023\/07\/cropped-apuntesdesanluis.png","width":450,"height":112,"caption":"apuntesdesanluis.com"},"logo":{"@id":"https:\/\/apuntesdesanluis.com\/#\/schema\/person\/image\/"},"sameAs":["https:\/\/apuntesdesanluis.com"],"url":"https:\/\/apuntesdesanluis.com\/index.php\/author\/apuntesdesanluis-com\/"}]}},"featured_image_urls":{"full":["https:\/\/apuntesdesanluis.com\/wp-content\/uploads\/2024\/03\/jubilados-1.png",655,406,false],"thumbnail":["https:\/\/apuntesdesanluis.com\/wp-content\/uploads\/2024\/03\/jubilados-1-150x150.png",150,150,true],"medium":["https:\/\/apuntesdesanluis.com\/wp-content\/uploads\/2024\/03\/jubilados-1-300x186.png",300,186,true],"medium_large":["https:\/\/apuntesdesanluis.com\/wp-content\/uploads\/2024\/03\/jubilados-1.png",640,397,false],"large":["https:\/\/apuntesdesanluis.com\/wp-content\/uploads\/2024\/03\/jubilados-1.png",640,397,false],"1536x1536":["https:\/\/apuntesdesanluis.com\/wp-content\/uploads\/2024\/03\/jubilados-1.png",655,406,false],"2048x2048":["https:\/\/apuntesdesanluis.com\/wp-content\/uploads\/2024\/03\/jubilados-1.png",655,406,false],"newsever-slider-full":["https:\/\/apuntesdesanluis.com\/wp-content\/uploads\/2024\/03\/jubilados-1.png",655,406,false],"newsever-featured":["https:\/\/apuntesdesanluis.com\/wp-content\/uploads\/2024\/03\/jubilados-1.png",655,406,false],"newsever-medium":["https:\/\/apuntesdesanluis.com\/wp-content\/uploads\/2024\/03\/jubilados-1.png",655,406,false]},"author_info":{"display_name":"apuntesdesanluis.com","author_link":"https:\/\/apuntesdesanluis.com\/index.php\/author\/apuntesdesanluis-com\/"},"category_info":"<a href=\"https:\/\/apuntesdesanluis.com\/index.php\/category\/nacionales-internacionales\/\" rel=\"category tag\">Nacionales\/Internacionales<\/a>","tag_info":"Nacionales\/Internacionales","comment_count":"0","_links":{"self":[{"href":"https:\/\/apuntesdesanluis.com\/index.php\/wp-json\/wp\/v2\/posts\/13892","targetHints":{"allow":["GET"]}}],"collection":[{"href":"https:\/\/apuntesdesanluis.com\/index.php\/wp-json\/wp\/v2\/posts"}],"about":[{"href":"https:\/\/apuntesdesanluis.com\/index.php\/wp-json\/wp\/v2\/types\/post"}],"author":[{"embeddable":true,"href":"https:\/\/apuntesdesanluis.com\/index.php\/wp-json\/wp\/v2\/users\/1"}],"replies":[{"embeddable":true,"href":"https:\/\/apuntesdesanluis.com\/index.php\/wp-json\/wp\/v2\/comments?post=13892"}],"version-history":[{"count":2,"href":"https:\/\/apuntesdesanluis.com\/index.php\/wp-json\/wp\/v2\/posts\/13892\/revisions"}],"predecessor-version":[{"id":13895,"href":"https:\/\/apuntesdesanluis.com\/index.php\/wp-json\/wp\/v2\/posts\/13892\/revisions\/13895"}],"wp:featuredmedia":[{"embeddable":true,"href":"https:\/\/apuntesdesanluis.com\/index.php\/wp-json\/wp\/v2\/media\/13893"}],"wp:attachment":[{"href":"https:\/\/apuntesdesanluis.com\/index.php\/wp-json\/wp\/v2\/media?parent=13892"}],"wp:term":[{"taxonomy":"category","embeddable":true,"href":"https:\/\/apuntesdesanluis.com\/index.php\/wp-json\/wp\/v2\/categories?post=13892"},{"taxonomy":"post_tag","embeddable":true,"href":"https:\/\/apuntesdesanluis.com\/index.php\/wp-json\/wp\/v2\/tags?post=13892"}],"curies":[{"name":"wp","href":"https:\/\/api.w.org\/{rel}","templated":true}]}}