{"id":13896,"date":"2024-03-29T21:40:55","date_gmt":"2024-03-30T00:40:55","guid":{"rendered":"https:\/\/apuntesdesanluis.com\/?p=13896"},"modified":"2024-03-29T21:42:00","modified_gmt":"2024-03-30T00:42:00","slug":"el-rector-de-la-uba-ante-recorte-presupuestario-podemos-funcionar-solo-hasta-mayo-o-junio","status":"publish","type":"post","link":"https:\/\/apuntesdesanluis.com\/index.php\/2024\/03\/29\/el-rector-de-la-uba-ante-recorte-presupuestario-podemos-funcionar-solo-hasta-mayo-o-junio\/","title":{"rendered":"EL RECTOR DE LA UBA ANTE RECORTE PRESUPUESTARIO: &#8220;PODEMOS FUNCIONAR S\u00d3LO HASTA MAYO O JUNIO&#8221;"},"content":{"rendered":"<h3>El rector de la Universidad de Buenos Aires (UBA), <strong>Ricardo Gelpi<\/strong>, afirm\u00f3 hoy que la Casa de Estudios se encuentra atravesando \u201cmomentos muy graves y dram\u00e1ticos\u201d a ra\u00edz del recorte presupuestario del Gobierno nacional y advirti\u00f3 s\u00f3lo pueden funcionar &#8220;dos o tres meses m\u00e1s\u201d con los recursos que poseen.<\/h3>\n<h3>\u201cSon momentos muy graves y dram\u00e1ticos. Estamos terminando marzo, \u00e9poca en la cual comienzan las clases y toda la actividad de la UBA se empieza a mover, se reactiva con el inicio del a\u00f1o lectivo\u201d, explic\u00f3 Gelpi en declaraciones radiales.<\/h3>\n<h3>En esa l\u00ednea, el profesor de Medicina e investigador del CONICET hizo un duro pron\u00f3stico para una de las universidades emblema de la Argentina. \u201cLos c\u00e1lculos que hacemos nos dan unos dos o tres meses m\u00e1s. Hasta mayo o junio podemos funcionar con muchos recaudos y cuidando el dinero\u201d, asegur\u00f3.<\/h3>\n<h3>Gelpi dijo a su vez que, a pesar de haber congelado el presupuesto para la Casa de Estudios, el v\u00ednculo con la Secretaria de Educaci\u00f3n que conduce <strong>Carlos Horacio Torrendell<\/strong> es muy bueno.<\/h3>\n<p><img fetchpriority=\"high\" decoding=\"async\" class=\"wp-image-13898 aligncenter\" src=\"https:\/\/apuntesdesanluis.com\/wp-content\/uploads\/2024\/03\/GELPI-300x177.png\" alt=\"\" width=\"707\" height=\"417\" srcset=\"https:\/\/apuntesdesanluis.com\/wp-content\/uploads\/2024\/03\/GELPI-300x177.png 300w, https:\/\/apuntesdesanluis.com\/wp-content\/uploads\/2024\/03\/GELPI.png 521w\" sizes=\"(max-width: 707px) 100vw, 707px\" \/><\/p>\n<h3>\u201cEstamos en contacto y con una muy buena relaci\u00f3n con las autoridades educativas de Naci\u00f3n. Ellos reconocen que todo esto para la UBA es un tremendo problema, reconocen el rol de la UBA en Argentina y nos hablan de que esto se va a mejorar y recomponer. Por ahora, eso no se traduce en hechos concretos\u201d, se\u00f1al\u00f3 Gelpi.<\/h3>\n<h3>Adem\u00e1s, el rector de la UBA cont\u00f3, este viernes, que hay reuniones previstas con funcionarios de la cartera que encabeza Torrendell y eso le permite \u201cser levemente optimista\u201d.<\/h3>\n<h3>Por otra parte, aprovech\u00f3 para destacar el rol social, acad\u00e9mico y cient\u00edfico de la universidad de Buenos Aires. &#8220;Los muchachos y las chicas se forman en un ambiente acad\u00e9mico, cient\u00edfico y social, y todo eso est\u00e1 en peligro.<\/h3>\n<h3>\u201cLa UBA es mucho m\u00e1s que un lugar de educaci\u00f3n o de formaci\u00f3n de un profesional, tiene un rol social tremendamente importante, que es lo que todos valoramos. Estos recortes muy grandes afectan todo eso\u201d, plante\u00f3 Gelpi.<\/h3>\n<h3>En este sentido, el acad\u00e9mico manifest\u00f3: \u201cQuiero pensar que ac\u00e1 no hay ninguna mano negra, que lo que hay es un desconocimiento del rol de la UBA y de su potencial, por eso pasan estas cosas\u201d.<\/h3>\n<h3>Durante la semana, el director del CBC de la UBA, Felipe Vega Terra, hab\u00eda alertado sobre la crisis presupuestaria de las universidades y afirm\u00f3 que est\u00e1n &#8220;en riesgo actividades b\u00e1sicas&#8221; de la prestigiosa casa de altos estudios.<\/h3>\n<h3>&#8220;Por la desactualizaci\u00f3n del Presupuesto, tenemos en riesgo actividades b\u00e1sicas de la Universidad. Miles de chicos y de familias preguntan si van a poder empezar (las clases), por esta situaci\u00f3n compleja&#8221;, se\u00f1al\u00f3 el funcionario universitario.<\/h3>\n<p>&nbsp;<\/p>\n<p>&nbsp;<\/p>\n<p>&nbsp;<\/p>\n<p>&nbsp;<\/p>\n<p>&nbsp;<\/p>\n","protected":false},"excerpt":{"rendered":"<p>El rector de la Universidad de Buenos Aires (UBA), Ricardo Gelpi, afirm\u00f3 hoy que la&#8230;<\/p>\n","protected":false},"author":1,"featured_media":13897,"comment_status":"closed","ping_status":"closed","sticky":false,"template":"","format":"standard","meta":{"footnotes":""},"categories":[5],"tags":[],"class_list":["post-13896","post","type-post","status-publish","format-standard","has-post-thumbnail","hentry","category-nacionales-internacionales"],"yoast_head":"<!-- This site is optimized with the Yoast SEO plugin v26.1.1 - https:\/\/yoast.com\/wordpress\/plugins\/seo\/ -->\n<title>EL RECTOR DE LA UBA ANTE RECORTE PRESUPUESTARIO: &quot;PODEMOS FUNCIONAR S\u00d3LO HASTA MAYO O JUNIO&quot; - Apuntes de San Luis<\/title>\n<meta name=\"robots\" content=\"index, follow, max-snippet:-1, max-image-preview:large, max-video-preview:-1\" \/>\n<link rel=\"canonical\" href=\"https:\/\/apuntesdesanluis.com\/index.php\/2024\/03\/29\/el-rector-de-la-uba-ante-recorte-presupuestario-podemos-funcionar-solo-hasta-mayo-o-junio\/\" \/>\n<meta property=\"og:locale\" content=\"es_ES\" \/>\n<meta property=\"og:type\" content=\"article\" \/>\n<meta property=\"og:title\" content=\"EL RECTOR DE LA UBA ANTE RECORTE PRESUPUESTARIO: &quot;PODEMOS FUNCIONAR S\u00d3LO HASTA MAYO O JUNIO&quot; - Apuntes de San Luis\" \/>\n<meta property=\"og:description\" content=\"El rector de la Universidad de Buenos Aires (UBA), Ricardo Gelpi, afirm\u00f3 hoy que la...\" \/>\n<meta property=\"og:url\" content=\"https:\/\/apuntesdesanluis.com\/index.php\/2024\/03\/29\/el-rector-de-la-uba-ante-recorte-presupuestario-podemos-funcionar-solo-hasta-mayo-o-junio\/\" \/>\n<meta property=\"og:site_name\" content=\"Apuntes de San Luis\" \/>\n<meta property=\"article:published_time\" content=\"2024-03-30T00:40:55+00:00\" \/>\n<meta property=\"article:modified_time\" content=\"2024-03-30T00:42:00+00:00\" \/>\n<meta property=\"og:image\" content=\"https:\/\/apuntesdesanluis.com\/wp-content\/uploads\/2024\/03\/UBA.png\" \/>\n\t<meta property=\"og:image:width\" content=\"724\" \/>\n\t<meta property=\"og:image:height\" content=\"441\" \/>\n\t<meta property=\"og:image:type\" content=\"image\/png\" \/>\n<meta name=\"author\" content=\"apuntesdesanluis.com\" \/>\n<meta name=\"twitter:card\" content=\"summary_large_image\" \/>\n<meta name=\"twitter:label1\" content=\"Escrito por\" \/>\n\t<meta name=\"twitter:data1\" content=\"apuntesdesanluis.com\" \/>\n\t<meta name=\"twitter:label2\" content=\"Tiempo de lectura\" \/>\n\t<meta name=\"twitter:data2\" content=\"3 minutos\" \/>\n<script type=\"application\/ld+json\" class=\"yoast-schema-graph\">{\"@context\":\"https:\/\/schema.org\",\"@graph\":[{\"@type\":\"Article\",\"@id\":\"https:\/\/apuntesdesanluis.com\/index.php\/2024\/03\/29\/el-rector-de-la-uba-ante-recorte-presupuestario-podemos-funcionar-solo-hasta-mayo-o-junio\/#article\",\"isPartOf\":{\"@id\":\"https:\/\/apuntesdesanluis.com\/index.php\/2024\/03\/29\/el-rector-de-la-uba-ante-recorte-presupuestario-podemos-funcionar-solo-hasta-mayo-o-junio\/\"},\"author\":{\"name\":\"apuntesdesanluis.com\",\"@id\":\"https:\/\/apuntesdesanluis.com\/#\/schema\/person\/b55151d52296fcce64d1a72538a70b90\"},\"headline\":\"EL RECTOR DE LA UBA ANTE RECORTE PRESUPUESTARIO: &#8220;PODEMOS FUNCIONAR S\u00d3LO HASTA MAYO O JUNIO&#8221;\",\"datePublished\":\"2024-03-30T00:40:55+00:00\",\"dateModified\":\"2024-03-30T00:42:00+00:00\",\"mainEntityOfPage\":{\"@id\":\"https:\/\/apuntesdesanluis.com\/index.php\/2024\/03\/29\/el-rector-de-la-uba-ante-recorte-presupuestario-podemos-funcionar-solo-hasta-mayo-o-junio\/\"},\"wordCount\":493,\"publisher\":{\"@id\":\"https:\/\/apuntesdesanluis.com\/#\/schema\/person\/b55151d52296fcce64d1a72538a70b90\"},\"image\":{\"@id\":\"https:\/\/apuntesdesanluis.com\/index.php\/2024\/03\/29\/el-rector-de-la-uba-ante-recorte-presupuestario-podemos-funcionar-solo-hasta-mayo-o-junio\/#primaryimage\"},\"thumbnailUrl\":\"https:\/\/apuntesdesanluis.com\/wp-content\/uploads\/2024\/03\/UBA.png\",\"articleSection\":[\"Nacionales\/Internacionales\"],\"inLanguage\":\"es-AR\"},{\"@type\":\"WebPage\",\"@id\":\"https:\/\/apuntesdesanluis.com\/index.php\/2024\/03\/29\/el-rector-de-la-uba-ante-recorte-presupuestario-podemos-funcionar-solo-hasta-mayo-o-junio\/\",\"url\":\"https:\/\/apuntesdesanluis.com\/index.php\/2024\/03\/29\/el-rector-de-la-uba-ante-recorte-presupuestario-podemos-funcionar-solo-hasta-mayo-o-junio\/\",\"name\":\"EL RECTOR DE LA UBA ANTE RECORTE PRESUPUESTARIO: \\\"PODEMOS FUNCIONAR S\u00d3LO HASTA MAYO O JUNIO\\\" - Apuntes de San Luis\",\"isPartOf\":{\"@id\":\"https:\/\/apuntesdesanluis.com\/#website\"},\"primaryImageOfPage\":{\"@id\":\"https:\/\/apuntesdesanluis.com\/index.php\/2024\/03\/29\/el-rector-de-la-uba-ante-recorte-presupuestario-podemos-funcionar-solo-hasta-mayo-o-junio\/#primaryimage\"},\"image\":{\"@id\":\"https:\/\/apuntesdesanluis.com\/index.php\/2024\/03\/29\/el-rector-de-la-uba-ante-recorte-presupuestario-podemos-funcionar-solo-hasta-mayo-o-junio\/#primaryimage\"},\"thumbnailUrl\":\"https:\/\/apuntesdesanluis.com\/wp-content\/uploads\/2024\/03\/UBA.png\",\"datePublished\":\"2024-03-30T00:40:55+00:00\",\"dateModified\":\"2024-03-30T00:42:00+00:00\",\"breadcrumb\":{\"@id\":\"https:\/\/apuntesdesanluis.com\/index.php\/2024\/03\/29\/el-rector-de-la-uba-ante-recorte-presupuestario-podemos-funcionar-solo-hasta-mayo-o-junio\/#breadcrumb\"},\"inLanguage\":\"es-AR\",\"potentialAction\":[{\"@type\":\"ReadAction\",\"target\":[\"https:\/\/apuntesdesanluis.com\/index.php\/2024\/03\/29\/el-rector-de-la-uba-ante-recorte-presupuestario-podemos-funcionar-solo-hasta-mayo-o-junio\/\"]}]},{\"@type\":\"ImageObject\",\"inLanguage\":\"es-AR\",\"@id\":\"https:\/\/apuntesdesanluis.com\/index.php\/2024\/03\/29\/el-rector-de-la-uba-ante-recorte-presupuestario-podemos-funcionar-solo-hasta-mayo-o-junio\/#primaryimage\",\"url\":\"https:\/\/apuntesdesanluis.com\/wp-content\/uploads\/2024\/03\/UBA.png\",\"contentUrl\":\"https:\/\/apuntesdesanluis.com\/wp-content\/uploads\/2024\/03\/UBA.png\",\"width\":724,\"height\":441},{\"@type\":\"BreadcrumbList\",\"@id\":\"https:\/\/apuntesdesanluis.com\/index.php\/2024\/03\/29\/el-rector-de-la-uba-ante-recorte-presupuestario-podemos-funcionar-solo-hasta-mayo-o-junio\/#breadcrumb\",\"itemListElement\":[{\"@type\":\"ListItem\",\"position\":1,\"name\":\"Inicio\",\"item\":\"https:\/\/apuntesdesanluis.com\/\"},{\"@type\":\"ListItem\",\"position\":2,\"name\":\"EL RECTOR DE LA UBA ANTE RECORTE PRESUPUESTARIO: &#8220;PODEMOS FUNCIONAR S\u00d3LO HASTA MAYO O JUNIO&#8221;\"}]},{\"@type\":\"WebSite\",\"@id\":\"https:\/\/apuntesdesanluis.com\/#website\",\"url\":\"https:\/\/apuntesdesanluis.com\/\",\"name\":\"Apuntes de San Luis\",\"description\":\"\",\"publisher\":{\"@id\":\"https:\/\/apuntesdesanluis.com\/#\/schema\/person\/b55151d52296fcce64d1a72538a70b90\"},\"potentialAction\":[{\"@type\":\"SearchAction\",\"target\":{\"@type\":\"EntryPoint\",\"urlTemplate\":\"https:\/\/apuntesdesanluis.com\/?s={search_term_string}\"},\"query-input\":{\"@type\":\"PropertyValueSpecification\",\"valueRequired\":true,\"valueName\":\"search_term_string\"}}],\"inLanguage\":\"es-AR\"},{\"@type\":[\"Person\",\"Organization\"],\"@id\":\"https:\/\/apuntesdesanluis.com\/#\/schema\/person\/b55151d52296fcce64d1a72538a70b90\",\"name\":\"apuntesdesanluis.com\",\"image\":{\"@type\":\"ImageObject\",\"inLanguage\":\"es-AR\",\"@id\":\"https:\/\/apuntesdesanluis.com\/#\/schema\/person\/image\/\",\"url\":\"https:\/\/apuntesdesanluis.com\/wp-content\/uploads\/2023\/07\/cropped-apuntesdesanluis.png\",\"contentUrl\":\"https:\/\/apuntesdesanluis.com\/wp-content\/uploads\/2023\/07\/cropped-apuntesdesanluis.png\",\"width\":450,\"height\":112,\"caption\":\"apuntesdesanluis.com\"},\"logo\":{\"@id\":\"https:\/\/apuntesdesanluis.com\/#\/schema\/person\/image\/\"},\"sameAs\":[\"https:\/\/apuntesdesanluis.com\"],\"url\":\"https:\/\/apuntesdesanluis.com\/index.php\/author\/apuntesdesanluis-com\/\"}]}<\/script>\n<!-- \/ Yoast SEO plugin. -->","yoast_head_json":{"title":"EL RECTOR DE LA UBA ANTE RECORTE PRESUPUESTARIO: \"PODEMOS FUNCIONAR S\u00d3LO HASTA MAYO O JUNIO\" - Apuntes de San Luis","robots":{"index":"index","follow":"follow","max-snippet":"max-snippet:-1","max-image-preview":"max-image-preview:large","max-video-preview":"max-video-preview:-1"},"canonical":"https:\/\/apuntesdesanluis.com\/index.php\/2024\/03\/29\/el-rector-de-la-uba-ante-recorte-presupuestario-podemos-funcionar-solo-hasta-mayo-o-junio\/","og_locale":"es_ES","og_type":"article","og_title":"EL RECTOR DE LA UBA ANTE RECORTE PRESUPUESTARIO: \"PODEMOS FUNCIONAR S\u00d3LO HASTA MAYO O JUNIO\" - Apuntes de San Luis","og_description":"El rector de la Universidad de Buenos Aires (UBA), Ricardo Gelpi, afirm\u00f3 hoy que la...","og_url":"https:\/\/apuntesdesanluis.com\/index.php\/2024\/03\/29\/el-rector-de-la-uba-ante-recorte-presupuestario-podemos-funcionar-solo-hasta-mayo-o-junio\/","og_site_name":"Apuntes de San Luis","article_published_time":"2024-03-30T00:40:55+00:00","article_modified_time":"2024-03-30T00:42:00+00:00","og_image":[{"width":724,"height":441,"url":"https:\/\/apuntesdesanluis.com\/wp-content\/uploads\/2024\/03\/UBA.png","type":"image\/png"}],"author":"apuntesdesanluis.com","twitter_card":"summary_large_image","twitter_misc":{"Escrito por":"apuntesdesanluis.com","Tiempo de lectura":"3 minutos"},"schema":{"@context":"https:\/\/schema.org","@graph":[{"@type":"Article","@id":"https:\/\/apuntesdesanluis.com\/index.php\/2024\/03\/29\/el-rector-de-la-uba-ante-recorte-presupuestario-podemos-funcionar-solo-hasta-mayo-o-junio\/#article","isPartOf":{"@id":"https:\/\/apuntesdesanluis.com\/index.php\/2024\/03\/29\/el-rector-de-la-uba-ante-recorte-presupuestario-podemos-funcionar-solo-hasta-mayo-o-junio\/"},"author":{"name":"apuntesdesanluis.com","@id":"https:\/\/apuntesdesanluis.com\/#\/schema\/person\/b55151d52296fcce64d1a72538a70b90"},"headline":"EL RECTOR DE LA UBA ANTE RECORTE PRESUPUESTARIO: &#8220;PODEMOS FUNCIONAR S\u00d3LO HASTA MAYO O JUNIO&#8221;","datePublished":"2024-03-30T00:40:55+00:00","dateModified":"2024-03-30T00:42:00+00:00","mainEntityOfPage":{"@id":"https:\/\/apuntesdesanluis.com\/index.php\/2024\/03\/29\/el-rector-de-la-uba-ante-recorte-presupuestario-podemos-funcionar-solo-hasta-mayo-o-junio\/"},"wordCount":493,"publisher":{"@id":"https:\/\/apuntesdesanluis.com\/#\/schema\/person\/b55151d52296fcce64d1a72538a70b90"},"image":{"@id":"https:\/\/apuntesdesanluis.com\/index.php\/2024\/03\/29\/el-rector-de-la-uba-ante-recorte-presupuestario-podemos-funcionar-solo-hasta-mayo-o-junio\/#primaryimage"},"thumbnailUrl":"https:\/\/apuntesdesanluis.com\/wp-content\/uploads\/2024\/03\/UBA.png","articleSection":["Nacionales\/Internacionales"],"inLanguage":"es-AR"},{"@type":"WebPage","@id":"https:\/\/apuntesdesanluis.com\/index.php\/2024\/03\/29\/el-rector-de-la-uba-ante-recorte-presupuestario-podemos-funcionar-solo-hasta-mayo-o-junio\/","url":"https:\/\/apuntesdesanluis.com\/index.php\/2024\/03\/29\/el-rector-de-la-uba-ante-recorte-presupuestario-podemos-funcionar-solo-hasta-mayo-o-junio\/","name":"EL RECTOR DE LA UBA ANTE RECORTE PRESUPUESTARIO: \"PODEMOS FUNCIONAR S\u00d3LO HASTA MAYO O JUNIO\" - Apuntes de San Luis","isPartOf":{"@id":"https:\/\/apuntesdesanluis.com\/#website"},"primaryImageOfPage":{"@id":"https:\/\/apuntesdesanluis.com\/index.php\/2024\/03\/29\/el-rector-de-la-uba-ante-recorte-presupuestario-podemos-funcionar-solo-hasta-mayo-o-junio\/#primaryimage"},"image":{"@id":"https:\/\/apuntesdesanluis.com\/index.php\/2024\/03\/29\/el-rector-de-la-uba-ante-recorte-presupuestario-podemos-funcionar-solo-hasta-mayo-o-junio\/#primaryimage"},"thumbnailUrl":"https:\/\/apuntesdesanluis.com\/wp-content\/uploads\/2024\/03\/UBA.png","datePublished":"2024-03-30T00:40:55+00:00","dateModified":"2024-03-30T00:42:00+00:00","breadcrumb":{"@id":"https:\/\/apuntesdesanluis.com\/index.php\/2024\/03\/29\/el-rector-de-la-uba-ante-recorte-presupuestario-podemos-funcionar-solo-hasta-mayo-o-junio\/#breadcrumb"},"inLanguage":"es-AR","potentialAction":[{"@type":"ReadAction","target":["https:\/\/apuntesdesanluis.com\/index.php\/2024\/03\/29\/el-rector-de-la-uba-ante-recorte-presupuestario-podemos-funcionar-solo-hasta-mayo-o-junio\/"]}]},{"@type":"ImageObject","inLanguage":"es-AR","@id":"https:\/\/apuntesdesanluis.com\/index.php\/2024\/03\/29\/el-rector-de-la-uba-ante-recorte-presupuestario-podemos-funcionar-solo-hasta-mayo-o-junio\/#primaryimage","url":"https:\/\/apuntesdesanluis.com\/wp-content\/uploads\/2024\/03\/UBA.png","contentUrl":"https:\/\/apuntesdesanluis.com\/wp-content\/uploads\/2024\/03\/UBA.png","width":724,"height":441},{"@type":"BreadcrumbList","@id":"https:\/\/apuntesdesanluis.com\/index.php\/2024\/03\/29\/el-rector-de-la-uba-ante-recorte-presupuestario-podemos-funcionar-solo-hasta-mayo-o-junio\/#breadcrumb","itemListElement":[{"@type":"ListItem","position":1,"name":"Inicio","item":"https:\/\/apuntesdesanluis.com\/"},{"@type":"ListItem","position":2,"name":"EL RECTOR DE LA UBA ANTE RECORTE PRESUPUESTARIO: &#8220;PODEMOS FUNCIONAR S\u00d3LO HASTA MAYO O JUNIO&#8221;"}]},{"@type":"WebSite","@id":"https:\/\/apuntesdesanluis.com\/#website","url":"https:\/\/apuntesdesanluis.com\/","name":"Apuntes de San Luis","description":"","publisher":{"@id":"https:\/\/apuntesdesanluis.com\/#\/schema\/person\/b55151d52296fcce64d1a72538a70b90"},"potentialAction":[{"@type":"SearchAction","target":{"@type":"EntryPoint","urlTemplate":"https:\/\/apuntesdesanluis.com\/?s={search_term_string}"},"query-input":{"@type":"PropertyValueSpecification","valueRequired":true,"valueName":"search_term_string"}}],"inLanguage":"es-AR"},{"@type":["Person","Organization"],"@id":"https:\/\/apuntesdesanluis.com\/#\/schema\/person\/b55151d52296fcce64d1a72538a70b90","name":"apuntesdesanluis.com","image":{"@type":"ImageObject","inLanguage":"es-AR","@id":"https:\/\/apuntesdesanluis.com\/#\/schema\/person\/image\/","url":"https:\/\/apuntesdesanluis.com\/wp-content\/uploads\/2023\/07\/cropped-apuntesdesanluis.png","contentUrl":"https:\/\/apuntesdesanluis.com\/wp-content\/uploads\/2023\/07\/cropped-apuntesdesanluis.png","width":450,"height":112,"caption":"apuntesdesanluis.com"},"logo":{"@id":"https:\/\/apuntesdesanluis.com\/#\/schema\/person\/image\/"},"sameAs":["https:\/\/apuntesdesanluis.com"],"url":"https:\/\/apuntesdesanluis.com\/index.php\/author\/apuntesdesanluis-com\/"}]}},"featured_image_urls":{"full":["https:\/\/apuntesdesanluis.com\/wp-content\/uploads\/2024\/03\/UBA.png",724,441,false],"thumbnail":["https:\/\/apuntesdesanluis.com\/wp-content\/uploads\/2024\/03\/UBA-150x150.png",150,150,true],"medium":["https:\/\/apuntesdesanluis.com\/wp-content\/uploads\/2024\/03\/UBA-300x183.png",300,183,true],"medium_large":["https:\/\/apuntesdesanluis.com\/wp-content\/uploads\/2024\/03\/UBA.png",640,390,false],"large":["https:\/\/apuntesdesanluis.com\/wp-content\/uploads\/2024\/03\/UBA.png",640,390,false],"1536x1536":["https:\/\/apuntesdesanluis.com\/wp-content\/uploads\/2024\/03\/UBA.png",724,441,false],"2048x2048":["https:\/\/apuntesdesanluis.com\/wp-content\/uploads\/2024\/03\/UBA.png",724,441,false],"newsever-slider-full":["https:\/\/apuntesdesanluis.com\/wp-content\/uploads\/2024\/03\/UBA.png",724,441,false],"newsever-featured":["https:\/\/apuntesdesanluis.com\/wp-content\/uploads\/2024\/03\/UBA.png",724,441,false],"newsever-medium":["https:\/\/apuntesdesanluis.com\/wp-content\/uploads\/2024\/03\/UBA-720x441.png",720,441,true]},"author_info":{"display_name":"apuntesdesanluis.com","author_link":"https:\/\/apuntesdesanluis.com\/index.php\/author\/apuntesdesanluis-com\/"},"category_info":"<a href=\"https:\/\/apuntesdesanluis.com\/index.php\/category\/nacionales-internacionales\/\" rel=\"category tag\">Nacionales\/Internacionales<\/a>","tag_info":"Nacionales\/Internacionales","comment_count":"0","_links":{"self":[{"href":"https:\/\/apuntesdesanluis.com\/index.php\/wp-json\/wp\/v2\/posts\/13896","targetHints":{"allow":["GET"]}}],"collection":[{"href":"https:\/\/apuntesdesanluis.com\/index.php\/wp-json\/wp\/v2\/posts"}],"about":[{"href":"https:\/\/apuntesdesanluis.com\/index.php\/wp-json\/wp\/v2\/types\/post"}],"author":[{"embeddable":true,"href":"https:\/\/apuntesdesanluis.com\/index.php\/wp-json\/wp\/v2\/users\/1"}],"replies":[{"embeddable":true,"href":"https:\/\/apuntesdesanluis.com\/index.php\/wp-json\/wp\/v2\/comments?post=13896"}],"version-history":[{"count":2,"href":"https:\/\/apuntesdesanluis.com\/index.php\/wp-json\/wp\/v2\/posts\/13896\/revisions"}],"predecessor-version":[{"id":13900,"href":"https:\/\/apuntesdesanluis.com\/index.php\/wp-json\/wp\/v2\/posts\/13896\/revisions\/13900"}],"wp:featuredmedia":[{"embeddable":true,"href":"https:\/\/apuntesdesanluis.com\/index.php\/wp-json\/wp\/v2\/media\/13897"}],"wp:attachment":[{"href":"https:\/\/apuntesdesanluis.com\/index.php\/wp-json\/wp\/v2\/media?parent=13896"}],"wp:term":[{"taxonomy":"category","embeddable":true,"href":"https:\/\/apuntesdesanluis.com\/index.php\/wp-json\/wp\/v2\/categories?post=13896"},{"taxonomy":"post_tag","embeddable":true,"href":"https:\/\/apuntesdesanluis.com\/index.php\/wp-json\/wp\/v2\/tags?post=13896"}],"curies":[{"name":"wp","href":"https:\/\/api.w.org\/{rel}","templated":true}]}}