{"id":13901,"date":"2024-03-29T22:20:58","date_gmt":"2024-03-30T01:20:58","guid":{"rendered":"https:\/\/apuntesdesanluis.com\/?p=13901"},"modified":"2024-03-29T22:21:30","modified_gmt":"2024-03-30T01:21:30","slug":"fantino-exploto-por-la-millonaria-factura-de-luz-y-puso-en-duda-la-continuidad-de-su-radio","status":"publish","type":"post","link":"https:\/\/apuntesdesanluis.com\/index.php\/2024\/03\/29\/fantino-exploto-por-la-millonaria-factura-de-luz-y-puso-en-duda-la-continuidad-de-su-radio\/","title":{"rendered":"FANTINO EXPLOT\u00d3 POR LA MILLONARIA FACTURA DE LUZ Y PUSO EN DUDA LA CONTINUIDAD DE SU RADIO"},"content":{"rendered":"<h3>El conductor <strong>Alejandro Fantino<\/strong> estall\u00f3 contra las subas de tarifas despu\u00e9s de que le llegara una millonaria factura de luz por Neura, la empresa de comunicaci\u00f3n de la que forma parte y que abarca servicios de streaming y radio. Si bien baj\u00f3 el tono de la discusi\u00f3n, puso en duda la continuidad de la radio en caso de que contin\u00faen los aumentos tarifarios. &#8220;Si tengo que pagar para venir a laburar, cierro&#8221;, advirti\u00f3.<\/h3>\n<h3>En su programa, Fantino, se\u00f1alado en las redes por haber sido uno de los que m\u00e1s entrevistas le dio a Javier Milei, no pudo disimular su indignaci\u00f3n por la exorbitante cifra que supera los 4 millones de pesos y que posiblemente ir\u00e1 en aumento en l\u00ednea con la desregulaci\u00f3n del sector dispuesta por el gobierno nacional.<\/h3>\n<h3>&#8220;Esta es una empresa, Neura, que tiene streaming, Twitch, Youtube y tambi\u00e9n tiene radio, 89.7. Somos un grupo de socios y acaba de llegar la factura de luz de la planta transmisora de la radio. No somos Radio Mitre, no somos Radio Rivadavia. Somos 89.7&#8221;, comenz\u00f3 diciendo el periodista en su programa Multiverso Fantino.<\/h3>\n<h3><strong>LA CIFRA QUE DEBER\u00c1 PAGAR FANTINO POR LA LUZ<\/strong><\/h3>\n<h3>Acto seguido, el comunicador mostr\u00f3 ante la c\u00e1mara la factura de luz que deber\u00e1 abonar, una cifra que asciende a 4.294.566,42 de pesos. &#8220;Ah\u00ed va el n\u00famero. Cinco millones de pesos casi&#8221;, asegur\u00f3 Fantino, con un tono que denotaba cierta decepci\u00f3n.<\/h3>\n<p><img fetchpriority=\"high\" decoding=\"async\" class=\"wp-image-13903 aligncenter\" src=\"https:\/\/apuntesdesanluis.com\/wp-content\/uploads\/2024\/03\/factura-300x124.png\" alt=\"\" width=\"602\" height=\"249\" srcset=\"https:\/\/apuntesdesanluis.com\/wp-content\/uploads\/2024\/03\/factura-300x124.png 300w, https:\/\/apuntesdesanluis.com\/wp-content\/uploads\/2024\/03\/factura.png 650w\" sizes=\"(max-width: 602px) 100vw, 602px\" \/><\/p>\n<h3>El asunto fue sujeto a debate en la mesa de columnistas que lo acompa\u00f1an en su programa de streaming, y que cruzaron argumentos a favor y en contra de los aumentos tarifarios y la esencia de los subsidios. En un momento, Fantino indic\u00f3 que existe una posibilidad de que si sigue aumentando el costo de la luz tengan que cerrar la radio, por no poder &#8220;trasladar&#8221; el costo a los usuarios (en este caso, suscriptores).<\/h3>\n<h3>En ese contexto, la locutora que acompa\u00f1a a Fantino se pregunt\u00f3: \u00bfEstamos perdiendo el trabajo en vivo?&#8221;, acompa\u00f1ado de una risa nerviosa previendo los aumentos que regir\u00e1n a partir del 1 de abril. Pero Fantino, que hizo alusi\u00f3n al due\u00f1o de la radio FM que deber\u00e1 afrontar el costo, respondi\u00f3 que &#8220;por supuesto&#8221; que van a pagar la factura, y agreg\u00f3, con un gui\u00f1o a las PyMES y otros sectores que padecen los tarifazos:<\/h3>\n<h3>&#8220;Ahora, \u00bfqu\u00e9 hago yo? \u00bfqu\u00e9 te encarezco? Se lo pregunto a ustedes. \u00bfQu\u00e9 encarecemos? Es como que yo diga &#8216;a partir de ahora el s\u00faper chat m\u00ednimo (una funci\u00f3n que abonan los espectadores para participar del chat) son 50 d\u00f3lares&#8217;. Y no, no te lo puedo decir. Decime entonces qu\u00e9 pasa con una empresa com\u00fan y corriente&#8221;.<\/h3>\n<h3>&#8220;Vieron c\u00f3mo es cuando toca el culo propio&#8221;, reflexion\u00f3 despu\u00e9s Fantino, que adem\u00e1s, especulando con el cierre de Neura, dijo que en caso de que ocurra ir\u00e1 &#8220;a buscar trabajo a otro lado, hablaremos con Olga, llamar\u00e9 a Occhiato&#8221;.<\/h3>\n<p><iframe title=\"\u00bfOTRO ARREPENTIDO? A Fantino le lleg\u00f3 una factura de \u00a14 MILLONES DE PESOS! y no sab\u00eda d\u00f3nde meterse\" width=\"640\" height=\"360\" src=\"https:\/\/www.youtube.com\/embed\/c35ZEl_gSmk?start=2&#038;feature=oembed\" frameborder=\"0\" allow=\"accelerometer; autoplay; clipboard-write; encrypted-media; gyroscope; picture-in-picture; web-share\" referrerpolicy=\"strict-origin-when-cross-origin\" allowfullscreen><\/iframe><\/p>\n<h3>&#8220;Y yo lo voy a decir abiertamente a esto: a mi me encanta hacer comunicaci\u00f3n, laburar en Neura y hacer este fen\u00f3meno comunicacional que hacemos en Neura. Pero si empiezan a venir los chotazos as\u00ed, ma\u00f1ana se va el impuesto al streaming, te viene el impuesto a tal otra cosa y tengo que venir a trabajar pagando, no muchachos se los digo honestamente, cerramos esto y yo me voy a laburar al canal que me d\u00e9 laburo&#8221;, cerr\u00f3.<\/h3>\n<h3>A trav\u00e9s de las resoluciones 198\/2024 y 199\/2024 publicadas en el Bolet\u00edn Oficial, el presidente Milei aprob\u00f3 el nuevo cuadro tarifario de las empresas Edenor y Edesur, que brindan el suministro el\u00e9ctrico en el \u00c1rea Metropolitana de Buenos Aires. En l\u00edneas generales, habr\u00e1 un incremento del 185 por ciento para la gran mayor\u00eda de los usuarios, aunque otros deber\u00e1n enfrentar una suba cercana al 300%.<\/h3>\n<h3><strong>PELUQUERO ENOJADO<\/strong><\/h3>\n<h3>Otro afectado por el aumento en la luz fue <strong>Fabio Cuggini<\/strong>. El reconocido peluquero, comparti\u00f3 un posteo en sus redes sociales manifestando su enojo contra el Gobierno. El estilista, que el a\u00f1o pasado se mostr\u00f3 a favor de La Libertad Avanza durante las elecciones, fue cr\u00edtico de los primeros resultados de la gesti\u00f3n de Javier Milei al recibir una factura de luz de casi 600 mil pesos.<\/h3>\n<p><img decoding=\"async\" class=\"wp-image-13905 aligncenter\" src=\"https:\/\/apuntesdesanluis.com\/wp-content\/uploads\/2024\/03\/fabio-cuggini-300x194.png\" alt=\"\" width=\"614\" height=\"397\" srcset=\"https:\/\/apuntesdesanluis.com\/wp-content\/uploads\/2024\/03\/fabio-cuggini-300x194.png 300w, https:\/\/apuntesdesanluis.com\/wp-content\/uploads\/2024\/03\/fabio-cuggini.png 662w\" sizes=\"(max-width: 614px) 100vw, 614px\" \/><\/p>\n<h3>\u201cAs\u00ed nos fundimos las pymes! Me lleg\u00f3 la nueva factura de luz! La fiesta la seguimos pagando los ciudadanos de bien! $498.000 m\u00e1s retroactivo de $78.700 = $576.700.. FIN\u2026\u201d, escribi\u00f3 furioso el estilista en su cuenta de \u201cX\u201d (ex Twitter).<\/h3>\n<h3><img decoding=\"async\" class=\"wp-image-13906 aligncenter\" src=\"https:\/\/apuntesdesanluis.com\/wp-content\/uploads\/2024\/03\/factdura-238x300.png\" alt=\"\" width=\"594\" height=\"748\" \/><\/h3>\n<h3>En la publicaci\u00f3n a\u00f1adi\u00f3 la imagen completa de la boleta de Edesur comprobando que es real la gran cifra que debe pagar por el suministro de electricidad. En las im\u00e1genes se puede ver que la suma total que deber\u00e1 pagar por el mes de marzo es de 576.700 pesos.<\/h3>\n<h3>La publicaci\u00f3n de Cuggini caus\u00f3 revuelo en redes sociales ya que el peluquero hab\u00eda apoyado la campa\u00f1a de Javier Milei y hasta intent\u00f3 ser candidato dentro del espacio que el actual presidente ten\u00eda con Jos\u00e9 Luis Espert para las elecciones legislativas de 2021. Tambi\u00e9n, celebr\u00f3 el triunfo Milei luego del balotaje.<\/h3>\n<h3>En sus redes contin\u00faa mostrando su apoyo al Gobierno pese a esta cr\u00edtica. En su perfil de \u201cX\u201d cuenta con una carta abierta donde explica los motivos por los que vot\u00f3 a Javier Milei. \u201cDesde que empec\u00e9 a votar en 1983 siempre vot\u00e9 \u2018cuerdos\u2019 y mir\u00e1 c\u00f3mo dejaron a la pobre Argentina, mi pa\u00eds\u201d, expresa el comunicado y a\u00f1ade: \u201cYo esta vez voto al \u2018loco\u2019, capaz que este loco lindo nos saca adelante de una vez por todas\u201d.<\/h3>\n<h3><img loading=\"lazy\" decoding=\"async\" class=\"alignnone wp-image-13904 aligncenter\" src=\"https:\/\/apuntesdesanluis.com\/wp-content\/uploads\/2024\/03\/cuggini-con-milei-300x190.png\" alt=\"\" width=\"630\" height=\"399\" srcset=\"https:\/\/apuntesdesanluis.com\/wp-content\/uploads\/2024\/03\/cuggini-con-milei-300x190.png 300w, https:\/\/apuntesdesanluis.com\/wp-content\/uploads\/2024\/03\/cuggini-con-milei.png 595w\" sizes=\"(max-width: 630px) 100vw, 630px\" \/><\/h3>\n<h3>Su acercamiento con este espacio pol\u00edtico se debe a que fue fuerte opositor del gobierno de Alberto Fern\u00e1ndez. En agosto del a\u00f1o pasado mostr\u00f3 su disconformidad con los \u00faltimos 40 a\u00f1os de gobierno. \u201cDe Alfons\u00edn a la fecha me cagaron todos. Todo este quilombo se gener\u00f3 desde la vuelta a la democracia. Despu\u00e9s nos echan la culpa a nosotros. Entonces te sent\u00eds un boludo. El vivo vive del boludo, y el boludo del trabajo. Entonces me dedico a la pol\u00edtica y a chorear\u201d, declar\u00f3 a Cadena 3.<\/h3>\n<p>&nbsp;<\/p>\n<h3><span style=\"color: #3366ff;\"><strong>NOTICIA RELACIONADA:<\/strong><\/span><\/h3>\n<p><a href=\"https:\/\/apuntesdesanluis.com\/index.php\/2024\/03\/18\/un-hombre-fue-a-pagar-la-factura-de-luz-por-840-000-levando-el-dinero-en-carretilla\/\" target=\"_blank\" rel=\"noopener\"><img loading=\"lazy\" decoding=\"async\" class=\"alignnone wp-image-13907\" src=\"https:\/\/apuntesdesanluis.com\/wp-content\/uploads\/2024\/03\/POSTEO-10-300x205.png\" alt=\"\" width=\"474\" height=\"324\" srcset=\"https:\/\/apuntesdesanluis.com\/wp-content\/uploads\/2024\/03\/POSTEO-10-300x205.png 300w, https:\/\/apuntesdesanluis.com\/wp-content\/uploads\/2024\/03\/POSTEO-10.png 619w\" sizes=\"(max-width: 474px) 100vw, 474px\" \/><\/a><\/p>\n<p>&nbsp;<\/p>\n<p>&nbsp;<\/p>\n<p>&nbsp;<\/p>\n<p>&nbsp;<\/p>\n<p>&nbsp;<\/p>\n<p>&nbsp;<\/p>\n<p>&nbsp;<\/p>\n<p>&nbsp;<\/p>\n<p>&nbsp;<\/p>\n<p>&nbsp;<\/p>\n<p>&nbsp;<\/p>\n","protected":false},"excerpt":{"rendered":"<p>El conductor Alejandro Fantino estall\u00f3 contra las subas de tarifas despu\u00e9s de que le llegara&#8230;<\/p>\n","protected":false},"author":1,"featured_media":13902,"comment_status":"closed","ping_status":"closed","sticky":false,"template":"","format":"standard","meta":{"footnotes":""},"categories":[5],"tags":[],"class_list":["post-13901","post","type-post","status-publish","format-standard","has-post-thumbnail","hentry","category-nacionales-internacionales"],"yoast_head":"<!-- This site is optimized with the Yoast SEO plugin v26.1.1 - https:\/\/yoast.com\/wordpress\/plugins\/seo\/ -->\n<title>FANTINO EXPLOT\u00d3 POR LA MILLONARIA FACTURA DE LUZ Y PUSO EN DUDA LA CONTINUIDAD DE SU RADIO - Apuntes de San Luis<\/title>\n<meta name=\"robots\" content=\"index, follow, max-snippet:-1, max-image-preview:large, max-video-preview:-1\" \/>\n<link rel=\"canonical\" href=\"https:\/\/apuntesdesanluis.com\/index.php\/2024\/03\/29\/fantino-exploto-por-la-millonaria-factura-de-luz-y-puso-en-duda-la-continuidad-de-su-radio\/\" \/>\n<meta property=\"og:locale\" content=\"es_ES\" \/>\n<meta property=\"og:type\" content=\"article\" \/>\n<meta property=\"og:title\" content=\"FANTINO EXPLOT\u00d3 POR LA MILLONARIA FACTURA DE LUZ Y PUSO EN DUDA LA CONTINUIDAD DE SU RADIO - Apuntes de San Luis\" \/>\n<meta property=\"og:description\" content=\"El conductor Alejandro Fantino estall\u00f3 contra las subas de tarifas despu\u00e9s de que le llegara...\" \/>\n<meta property=\"og:url\" content=\"https:\/\/apuntesdesanluis.com\/index.php\/2024\/03\/29\/fantino-exploto-por-la-millonaria-factura-de-luz-y-puso-en-duda-la-continuidad-de-su-radio\/\" \/>\n<meta property=\"og:site_name\" content=\"Apuntes de San Luis\" \/>\n<meta property=\"article:published_time\" content=\"2024-03-30T01:20:58+00:00\" \/>\n<meta property=\"article:modified_time\" content=\"2024-03-30T01:21:30+00:00\" \/>\n<meta property=\"og:image\" content=\"https:\/\/apuntesdesanluis.com\/wp-content\/uploads\/2024\/03\/fatino.png\" \/>\n\t<meta property=\"og:image:width\" content=\"722\" \/>\n\t<meta property=\"og:image:height\" content=\"436\" \/>\n\t<meta property=\"og:image:type\" content=\"image\/png\" \/>\n<meta name=\"author\" content=\"apuntesdesanluis.com\" \/>\n<meta name=\"twitter:card\" content=\"summary_large_image\" \/>\n<meta name=\"twitter:label1\" content=\"Escrito por\" \/>\n\t<meta name=\"twitter:data1\" content=\"apuntesdesanluis.com\" \/>\n\t<meta name=\"twitter:label2\" content=\"Tiempo de lectura\" \/>\n\t<meta name=\"twitter:data2\" content=\"6 minutos\" \/>\n<script type=\"application\/ld+json\" class=\"yoast-schema-graph\">{\"@context\":\"https:\/\/schema.org\",\"@graph\":[{\"@type\":\"Article\",\"@id\":\"https:\/\/apuntesdesanluis.com\/index.php\/2024\/03\/29\/fantino-exploto-por-la-millonaria-factura-de-luz-y-puso-en-duda-la-continuidad-de-su-radio\/#article\",\"isPartOf\":{\"@id\":\"https:\/\/apuntesdesanluis.com\/index.php\/2024\/03\/29\/fantino-exploto-por-la-millonaria-factura-de-luz-y-puso-en-duda-la-continuidad-de-su-radio\/\"},\"author\":{\"name\":\"apuntesdesanluis.com\",\"@id\":\"https:\/\/apuntesdesanluis.com\/#\/schema\/person\/b55151d52296fcce64d1a72538a70b90\"},\"headline\":\"FANTINO EXPLOT\u00d3 POR LA MILLONARIA FACTURA DE LUZ Y PUSO EN DUDA LA CONTINUIDAD DE SU RADIO\",\"datePublished\":\"2024-03-30T01:20:58+00:00\",\"dateModified\":\"2024-03-30T01:21:30+00:00\",\"mainEntityOfPage\":{\"@id\":\"https:\/\/apuntesdesanluis.com\/index.php\/2024\/03\/29\/fantino-exploto-por-la-millonaria-factura-de-luz-y-puso-en-duda-la-continuidad-de-su-radio\/\"},\"wordCount\":1077,\"publisher\":{\"@id\":\"https:\/\/apuntesdesanluis.com\/#\/schema\/person\/b55151d52296fcce64d1a72538a70b90\"},\"image\":{\"@id\":\"https:\/\/apuntesdesanluis.com\/index.php\/2024\/03\/29\/fantino-exploto-por-la-millonaria-factura-de-luz-y-puso-en-duda-la-continuidad-de-su-radio\/#primaryimage\"},\"thumbnailUrl\":\"https:\/\/apuntesdesanluis.com\/wp-content\/uploads\/2024\/03\/fatino.png\",\"articleSection\":[\"Nacionales\/Internacionales\"],\"inLanguage\":\"es-AR\"},{\"@type\":\"WebPage\",\"@id\":\"https:\/\/apuntesdesanluis.com\/index.php\/2024\/03\/29\/fantino-exploto-por-la-millonaria-factura-de-luz-y-puso-en-duda-la-continuidad-de-su-radio\/\",\"url\":\"https:\/\/apuntesdesanluis.com\/index.php\/2024\/03\/29\/fantino-exploto-por-la-millonaria-factura-de-luz-y-puso-en-duda-la-continuidad-de-su-radio\/\",\"name\":\"FANTINO EXPLOT\u00d3 POR LA MILLONARIA FACTURA DE LUZ Y PUSO EN DUDA LA CONTINUIDAD DE SU RADIO - Apuntes de San Luis\",\"isPartOf\":{\"@id\":\"https:\/\/apuntesdesanluis.com\/#website\"},\"primaryImageOfPage\":{\"@id\":\"https:\/\/apuntesdesanluis.com\/index.php\/2024\/03\/29\/fantino-exploto-por-la-millonaria-factura-de-luz-y-puso-en-duda-la-continuidad-de-su-radio\/#primaryimage\"},\"image\":{\"@id\":\"https:\/\/apuntesdesanluis.com\/index.php\/2024\/03\/29\/fantino-exploto-por-la-millonaria-factura-de-luz-y-puso-en-duda-la-continuidad-de-su-radio\/#primaryimage\"},\"thumbnailUrl\":\"https:\/\/apuntesdesanluis.com\/wp-content\/uploads\/2024\/03\/fatino.png\",\"datePublished\":\"2024-03-30T01:20:58+00:00\",\"dateModified\":\"2024-03-30T01:21:30+00:00\",\"breadcrumb\":{\"@id\":\"https:\/\/apuntesdesanluis.com\/index.php\/2024\/03\/29\/fantino-exploto-por-la-millonaria-factura-de-luz-y-puso-en-duda-la-continuidad-de-su-radio\/#breadcrumb\"},\"inLanguage\":\"es-AR\",\"potentialAction\":[{\"@type\":\"ReadAction\",\"target\":[\"https:\/\/apuntesdesanluis.com\/index.php\/2024\/03\/29\/fantino-exploto-por-la-millonaria-factura-de-luz-y-puso-en-duda-la-continuidad-de-su-radio\/\"]}]},{\"@type\":\"ImageObject\",\"inLanguage\":\"es-AR\",\"@id\":\"https:\/\/apuntesdesanluis.com\/index.php\/2024\/03\/29\/fantino-exploto-por-la-millonaria-factura-de-luz-y-puso-en-duda-la-continuidad-de-su-radio\/#primaryimage\",\"url\":\"https:\/\/apuntesdesanluis.com\/wp-content\/uploads\/2024\/03\/fatino.png\",\"contentUrl\":\"https:\/\/apuntesdesanluis.com\/wp-content\/uploads\/2024\/03\/fatino.png\",\"width\":722,\"height\":436},{\"@type\":\"BreadcrumbList\",\"@id\":\"https:\/\/apuntesdesanluis.com\/index.php\/2024\/03\/29\/fantino-exploto-por-la-millonaria-factura-de-luz-y-puso-en-duda-la-continuidad-de-su-radio\/#breadcrumb\",\"itemListElement\":[{\"@type\":\"ListItem\",\"position\":1,\"name\":\"Inicio\",\"item\":\"https:\/\/apuntesdesanluis.com\/\"},{\"@type\":\"ListItem\",\"position\":2,\"name\":\"FANTINO EXPLOT\u00d3 POR LA MILLONARIA FACTURA DE LUZ Y PUSO EN DUDA LA CONTINUIDAD DE SU RADIO\"}]},{\"@type\":\"WebSite\",\"@id\":\"https:\/\/apuntesdesanluis.com\/#website\",\"url\":\"https:\/\/apuntesdesanluis.com\/\",\"name\":\"Apuntes de San Luis\",\"description\":\"\",\"publisher\":{\"@id\":\"https:\/\/apuntesdesanluis.com\/#\/schema\/person\/b55151d52296fcce64d1a72538a70b90\"},\"potentialAction\":[{\"@type\":\"SearchAction\",\"target\":{\"@type\":\"EntryPoint\",\"urlTemplate\":\"https:\/\/apuntesdesanluis.com\/?s={search_term_string}\"},\"query-input\":{\"@type\":\"PropertyValueSpecification\",\"valueRequired\":true,\"valueName\":\"search_term_string\"}}],\"inLanguage\":\"es-AR\"},{\"@type\":[\"Person\",\"Organization\"],\"@id\":\"https:\/\/apuntesdesanluis.com\/#\/schema\/person\/b55151d52296fcce64d1a72538a70b90\",\"name\":\"apuntesdesanluis.com\",\"image\":{\"@type\":\"ImageObject\",\"inLanguage\":\"es-AR\",\"@id\":\"https:\/\/apuntesdesanluis.com\/#\/schema\/person\/image\/\",\"url\":\"https:\/\/apuntesdesanluis.com\/wp-content\/uploads\/2023\/07\/cropped-apuntesdesanluis.png\",\"contentUrl\":\"https:\/\/apuntesdesanluis.com\/wp-content\/uploads\/2023\/07\/cropped-apuntesdesanluis.png\",\"width\":450,\"height\":112,\"caption\":\"apuntesdesanluis.com\"},\"logo\":{\"@id\":\"https:\/\/apuntesdesanluis.com\/#\/schema\/person\/image\/\"},\"sameAs\":[\"https:\/\/apuntesdesanluis.com\"],\"url\":\"https:\/\/apuntesdesanluis.com\/index.php\/author\/apuntesdesanluis-com\/\"}]}<\/script>\n<!-- \/ Yoast SEO plugin. -->","yoast_head_json":{"title":"FANTINO EXPLOT\u00d3 POR LA MILLONARIA FACTURA DE LUZ Y PUSO EN DUDA LA CONTINUIDAD DE SU RADIO - Apuntes de San Luis","robots":{"index":"index","follow":"follow","max-snippet":"max-snippet:-1","max-image-preview":"max-image-preview:large","max-video-preview":"max-video-preview:-1"},"canonical":"https:\/\/apuntesdesanluis.com\/index.php\/2024\/03\/29\/fantino-exploto-por-la-millonaria-factura-de-luz-y-puso-en-duda-la-continuidad-de-su-radio\/","og_locale":"es_ES","og_type":"article","og_title":"FANTINO EXPLOT\u00d3 POR LA MILLONARIA FACTURA DE LUZ Y PUSO EN DUDA LA CONTINUIDAD DE SU RADIO - Apuntes de San Luis","og_description":"El conductor Alejandro Fantino estall\u00f3 contra las subas de tarifas despu\u00e9s de que le llegara...","og_url":"https:\/\/apuntesdesanluis.com\/index.php\/2024\/03\/29\/fantino-exploto-por-la-millonaria-factura-de-luz-y-puso-en-duda-la-continuidad-de-su-radio\/","og_site_name":"Apuntes de San Luis","article_published_time":"2024-03-30T01:20:58+00:00","article_modified_time":"2024-03-30T01:21:30+00:00","og_image":[{"width":722,"height":436,"url":"https:\/\/apuntesdesanluis.com\/wp-content\/uploads\/2024\/03\/fatino.png","type":"image\/png"}],"author":"apuntesdesanluis.com","twitter_card":"summary_large_image","twitter_misc":{"Escrito por":"apuntesdesanluis.com","Tiempo de lectura":"6 minutos"},"schema":{"@context":"https:\/\/schema.org","@graph":[{"@type":"Article","@id":"https:\/\/apuntesdesanluis.com\/index.php\/2024\/03\/29\/fantino-exploto-por-la-millonaria-factura-de-luz-y-puso-en-duda-la-continuidad-de-su-radio\/#article","isPartOf":{"@id":"https:\/\/apuntesdesanluis.com\/index.php\/2024\/03\/29\/fantino-exploto-por-la-millonaria-factura-de-luz-y-puso-en-duda-la-continuidad-de-su-radio\/"},"author":{"name":"apuntesdesanluis.com","@id":"https:\/\/apuntesdesanluis.com\/#\/schema\/person\/b55151d52296fcce64d1a72538a70b90"},"headline":"FANTINO EXPLOT\u00d3 POR LA MILLONARIA FACTURA DE LUZ Y PUSO EN DUDA LA CONTINUIDAD DE SU RADIO","datePublished":"2024-03-30T01:20:58+00:00","dateModified":"2024-03-30T01:21:30+00:00","mainEntityOfPage":{"@id":"https:\/\/apuntesdesanluis.com\/index.php\/2024\/03\/29\/fantino-exploto-por-la-millonaria-factura-de-luz-y-puso-en-duda-la-continuidad-de-su-radio\/"},"wordCount":1077,"publisher":{"@id":"https:\/\/apuntesdesanluis.com\/#\/schema\/person\/b55151d52296fcce64d1a72538a70b90"},"image":{"@id":"https:\/\/apuntesdesanluis.com\/index.php\/2024\/03\/29\/fantino-exploto-por-la-millonaria-factura-de-luz-y-puso-en-duda-la-continuidad-de-su-radio\/#primaryimage"},"thumbnailUrl":"https:\/\/apuntesdesanluis.com\/wp-content\/uploads\/2024\/03\/fatino.png","articleSection":["Nacionales\/Internacionales"],"inLanguage":"es-AR"},{"@type":"WebPage","@id":"https:\/\/apuntesdesanluis.com\/index.php\/2024\/03\/29\/fantino-exploto-por-la-millonaria-factura-de-luz-y-puso-en-duda-la-continuidad-de-su-radio\/","url":"https:\/\/apuntesdesanluis.com\/index.php\/2024\/03\/29\/fantino-exploto-por-la-millonaria-factura-de-luz-y-puso-en-duda-la-continuidad-de-su-radio\/","name":"FANTINO EXPLOT\u00d3 POR LA MILLONARIA FACTURA DE LUZ Y PUSO EN DUDA LA CONTINUIDAD DE SU RADIO - Apuntes de San Luis","isPartOf":{"@id":"https:\/\/apuntesdesanluis.com\/#website"},"primaryImageOfPage":{"@id":"https:\/\/apuntesdesanluis.com\/index.php\/2024\/03\/29\/fantino-exploto-por-la-millonaria-factura-de-luz-y-puso-en-duda-la-continuidad-de-su-radio\/#primaryimage"},"image":{"@id":"https:\/\/apuntesdesanluis.com\/index.php\/2024\/03\/29\/fantino-exploto-por-la-millonaria-factura-de-luz-y-puso-en-duda-la-continuidad-de-su-radio\/#primaryimage"},"thumbnailUrl":"https:\/\/apuntesdesanluis.com\/wp-content\/uploads\/2024\/03\/fatino.png","datePublished":"2024-03-30T01:20:58+00:00","dateModified":"2024-03-30T01:21:30+00:00","breadcrumb":{"@id":"https:\/\/apuntesdesanluis.com\/index.php\/2024\/03\/29\/fantino-exploto-por-la-millonaria-factura-de-luz-y-puso-en-duda-la-continuidad-de-su-radio\/#breadcrumb"},"inLanguage":"es-AR","potentialAction":[{"@type":"ReadAction","target":["https:\/\/apuntesdesanluis.com\/index.php\/2024\/03\/29\/fantino-exploto-por-la-millonaria-factura-de-luz-y-puso-en-duda-la-continuidad-de-su-radio\/"]}]},{"@type":"ImageObject","inLanguage":"es-AR","@id":"https:\/\/apuntesdesanluis.com\/index.php\/2024\/03\/29\/fantino-exploto-por-la-millonaria-factura-de-luz-y-puso-en-duda-la-continuidad-de-su-radio\/#primaryimage","url":"https:\/\/apuntesdesanluis.com\/wp-content\/uploads\/2024\/03\/fatino.png","contentUrl":"https:\/\/apuntesdesanluis.com\/wp-content\/uploads\/2024\/03\/fatino.png","width":722,"height":436},{"@type":"BreadcrumbList","@id":"https:\/\/apuntesdesanluis.com\/index.php\/2024\/03\/29\/fantino-exploto-por-la-millonaria-factura-de-luz-y-puso-en-duda-la-continuidad-de-su-radio\/#breadcrumb","itemListElement":[{"@type":"ListItem","position":1,"name":"Inicio","item":"https:\/\/apuntesdesanluis.com\/"},{"@type":"ListItem","position":2,"name":"FANTINO EXPLOT\u00d3 POR LA MILLONARIA FACTURA DE LUZ Y PUSO EN DUDA LA CONTINUIDAD DE SU RADIO"}]},{"@type":"WebSite","@id":"https:\/\/apuntesdesanluis.com\/#website","url":"https:\/\/apuntesdesanluis.com\/","name":"Apuntes de San Luis","description":"","publisher":{"@id":"https:\/\/apuntesdesanluis.com\/#\/schema\/person\/b55151d52296fcce64d1a72538a70b90"},"potentialAction":[{"@type":"SearchAction","target":{"@type":"EntryPoint","urlTemplate":"https:\/\/apuntesdesanluis.com\/?s={search_term_string}"},"query-input":{"@type":"PropertyValueSpecification","valueRequired":true,"valueName":"search_term_string"}}],"inLanguage":"es-AR"},{"@type":["Person","Organization"],"@id":"https:\/\/apuntesdesanluis.com\/#\/schema\/person\/b55151d52296fcce64d1a72538a70b90","name":"apuntesdesanluis.com","image":{"@type":"ImageObject","inLanguage":"es-AR","@id":"https:\/\/apuntesdesanluis.com\/#\/schema\/person\/image\/","url":"https:\/\/apuntesdesanluis.com\/wp-content\/uploads\/2023\/07\/cropped-apuntesdesanluis.png","contentUrl":"https:\/\/apuntesdesanluis.com\/wp-content\/uploads\/2023\/07\/cropped-apuntesdesanluis.png","width":450,"height":112,"caption":"apuntesdesanluis.com"},"logo":{"@id":"https:\/\/apuntesdesanluis.com\/#\/schema\/person\/image\/"},"sameAs":["https:\/\/apuntesdesanluis.com"],"url":"https:\/\/apuntesdesanluis.com\/index.php\/author\/apuntesdesanluis-com\/"}]}},"featured_image_urls":{"full":["https:\/\/apuntesdesanluis.com\/wp-content\/uploads\/2024\/03\/fatino.png",722,436,false],"thumbnail":["https:\/\/apuntesdesanluis.com\/wp-content\/uploads\/2024\/03\/fatino-150x150.png",150,150,true],"medium":["https:\/\/apuntesdesanluis.com\/wp-content\/uploads\/2024\/03\/fatino-300x181.png",300,181,true],"medium_large":["https:\/\/apuntesdesanluis.com\/wp-content\/uploads\/2024\/03\/fatino.png",640,386,false],"large":["https:\/\/apuntesdesanluis.com\/wp-content\/uploads\/2024\/03\/fatino.png",640,386,false],"1536x1536":["https:\/\/apuntesdesanluis.com\/wp-content\/uploads\/2024\/03\/fatino.png",722,436,false],"2048x2048":["https:\/\/apuntesdesanluis.com\/wp-content\/uploads\/2024\/03\/fatino.png",722,436,false],"newsever-slider-full":["https:\/\/apuntesdesanluis.com\/wp-content\/uploads\/2024\/03\/fatino.png",722,436,false],"newsever-featured":["https:\/\/apuntesdesanluis.com\/wp-content\/uploads\/2024\/03\/fatino.png",722,436,false],"newsever-medium":["https:\/\/apuntesdesanluis.com\/wp-content\/uploads\/2024\/03\/fatino-720x436.png",720,436,true]},"author_info":{"display_name":"apuntesdesanluis.com","author_link":"https:\/\/apuntesdesanluis.com\/index.php\/author\/apuntesdesanluis-com\/"},"category_info":"<a href=\"https:\/\/apuntesdesanluis.com\/index.php\/category\/nacionales-internacionales\/\" rel=\"category tag\">Nacionales\/Internacionales<\/a>","tag_info":"Nacionales\/Internacionales","comment_count":"0","_links":{"self":[{"href":"https:\/\/apuntesdesanluis.com\/index.php\/wp-json\/wp\/v2\/posts\/13901","targetHints":{"allow":["GET"]}}],"collection":[{"href":"https:\/\/apuntesdesanluis.com\/index.php\/wp-json\/wp\/v2\/posts"}],"about":[{"href":"https:\/\/apuntesdesanluis.com\/index.php\/wp-json\/wp\/v2\/types\/post"}],"author":[{"embeddable":true,"href":"https:\/\/apuntesdesanluis.com\/index.php\/wp-json\/wp\/v2\/users\/1"}],"replies":[{"embeddable":true,"href":"https:\/\/apuntesdesanluis.com\/index.php\/wp-json\/wp\/v2\/comments?post=13901"}],"version-history":[{"count":2,"href":"https:\/\/apuntesdesanluis.com\/index.php\/wp-json\/wp\/v2\/posts\/13901\/revisions"}],"predecessor-version":[{"id":13909,"href":"https:\/\/apuntesdesanluis.com\/index.php\/wp-json\/wp\/v2\/posts\/13901\/revisions\/13909"}],"wp:featuredmedia":[{"embeddable":true,"href":"https:\/\/apuntesdesanluis.com\/index.php\/wp-json\/wp\/v2\/media\/13902"}],"wp:attachment":[{"href":"https:\/\/apuntesdesanluis.com\/index.php\/wp-json\/wp\/v2\/media?parent=13901"}],"wp:term":[{"taxonomy":"category","embeddable":true,"href":"https:\/\/apuntesdesanluis.com\/index.php\/wp-json\/wp\/v2\/categories?post=13901"},{"taxonomy":"post_tag","embeddable":true,"href":"https:\/\/apuntesdesanluis.com\/index.php\/wp-json\/wp\/v2\/tags?post=13901"}],"curies":[{"name":"wp","href":"https:\/\/api.w.org\/{rel}","templated":true}]}}