{"id":1391,"date":"2023-08-10T00:55:14","date_gmt":"2023-08-10T03:55:14","guid":{"rendered":"https:\/\/apuntesdesanluis.com\/?p=1391"},"modified":"2023-08-10T00:58:02","modified_gmt":"2023-08-10T03:58:02","slug":"vulpiani-rechazan-apelacion-de-fiscalia-y-continua-el-acampe-de-ambientalistas","status":"publish","type":"post","link":"https:\/\/apuntesdesanluis.com\/index.php\/2023\/08\/10\/vulpiani-rechazan-apelacion-de-fiscalia-y-continua-el-acampe-de-ambientalistas\/","title":{"rendered":"VULPIANI: RECHAZAN APELACI\u00d3N DE FISCAL\u00cdA Y CONTIN\u00daA EL ACAMPE DE AMBIENTALISTAS"},"content":{"rendered":"<h3>El Tribunal de Impugnaciones de la ciudad de San Luis rechaz\u00f3 el recurso de apelaci\u00f3n interpuesto por Fiscal\u00eda N\u00b0 4 y confirm\u00f3 la resoluci\u00f3n dictada por el Juzgado de Garant\u00edas N\u00b0 3 de no hacer lugar a la solicitud de desalojo del predio ubicado en Avenida San Roque y Ruta 20, donde un grupo de ambientalistas acampan en rechazo a la construcci\u00f3n de la obra \u201cParque Acueducto Vulpiani\u201d.<\/h3>\n<h3>En su fundamentaci\u00f3n, el tribunal expresa que de las constancias de la causa \u201cno se extraen m\u00ednimamente elementos que pudieren determinar la posible existencia de un delito, no pudiendo la apelante siquiera determinar con precisi\u00f3n de que delito se tratar\u00eda, ni pudiendo alegar las conductas que consecuentemente se encontraran tipificadas\u201d.<\/h3>\n<h3>Y agrega, en otro fragmento del escrito que \u201cs\u00f3lo surge la existencia de la denuncia del ciudadano (Sergio) Finelli, sin evidenciarse investigaci\u00f3n alguna, que pudiere determinar la posible comisi\u00f3n de alg\u00fan il\u00edcito que justificar\u00eda la competencia de estos tribunales y eventualmente podr\u00eda determinar la verosimilitud del derecho que requiere la norma, y que habilitar\u00eda la competencia penal para evaluar el dictado de la medida cautelar solicitada\u201d.<\/h3>\n<h3>Para finalizar, el jurado de Impugnaciones establece que no se encuentra determinada la conducta t\u00edpica ni cual ser\u00eda su encuadre jur\u00eddico por lo que no surge establecida la competencia penal para proceder, debiendo confirmarse lo resuelto por el juez de Garant\u00edas en relaci\u00f3n a su falta de competencia para el dictado de la medida cautelar solicitada.<\/h3>\n<p><img fetchpriority=\"high\" decoding=\"async\" class=\"wp-image-307 aligncenter\" src=\"https:\/\/apuntesdesanluis.com\/wp-content\/uploads\/2023\/07\/acampe-dique-vulpiani-300x193.png\" alt=\"\" width=\"682\" height=\"439\" srcset=\"https:\/\/apuntesdesanluis.com\/wp-content\/uploads\/2023\/07\/acampe-dique-vulpiani-300x193.png 300w, https:\/\/apuntesdesanluis.com\/wp-content\/uploads\/2023\/07\/acampe-dique-vulpiani-768x493.png 768w, https:\/\/apuntesdesanluis.com\/wp-content\/uploads\/2023\/07\/acampe-dique-vulpiani.png 964w\" sizes=\"(max-width: 682px) 100vw, 682px\" \/><\/p>\n<h3>La decisi\u00f3n del tribunal fue emitida este martes, un d\u00eda despu\u00e9s del desarrollo de la audiencia de apelaci\u00f3n presentada por la fiscal N\u00b0 4, Mar\u00eda del Valle Dur\u00e1n, para que se revoque la resoluci\u00f3n del juez de Garant\u00edas Marcos Flores Leyes y se ordene el desalojo de un grupo de ambientalistas que acampan en el Acueducto Vulpiani de Juana Koslay.<\/h3>\n<h3>En su dictamen del 6 de julio de 2023, Flores Leyes, no hizo lugar a la solicitud de Dur\u00e1n y orden\u00f3 el pase a visibilidad de las actuaciones al Juzgado Civil, Comercial y Ambiental, que por turno corresponda, para su conocimiento.<\/h3>\n<h3>El Tribunal de Impugnaciones de la Primera Circunscripci\u00f3n est\u00e1 integrado por Laura Molino en la presidencia y Jorge Sabaini Zapata y Yanina del Viso en las vocal\u00edas.<\/h3>\n","protected":false},"excerpt":{"rendered":"<p>El Tribunal de Impugnaciones de la ciudad de San Luis rechaz\u00f3 el recurso de apelaci\u00f3n&#8230;<\/p>\n","protected":false},"author":1,"featured_media":1392,"comment_status":"closed","ping_status":"closed","sticky":false,"template":"","format":"standard","meta":{"footnotes":""},"categories":[6],"tags":[],"class_list":["post-1391","post","type-post","status-publish","format-standard","has-post-thumbnail","hentry","category-ciudad-provincia"],"yoast_head":"<!-- This site is optimized with the Yoast SEO plugin v26.1.1 - https:\/\/yoast.com\/wordpress\/plugins\/seo\/ -->\n<title>VULPIANI: RECHAZAN APELACI\u00d3N DE FISCAL\u00cdA Y CONTIN\u00daA EL ACAMPE DE AMBIENTALISTAS - Apuntes de San Luis<\/title>\n<meta name=\"robots\" content=\"index, follow, max-snippet:-1, max-image-preview:large, max-video-preview:-1\" \/>\n<link rel=\"canonical\" href=\"https:\/\/apuntesdesanluis.com\/index.php\/2023\/08\/10\/vulpiani-rechazan-apelacion-de-fiscalia-y-continua-el-acampe-de-ambientalistas\/\" \/>\n<meta property=\"og:locale\" content=\"es_ES\" \/>\n<meta property=\"og:type\" content=\"article\" \/>\n<meta property=\"og:title\" content=\"VULPIANI: RECHAZAN APELACI\u00d3N DE FISCAL\u00cdA Y CONTIN\u00daA EL ACAMPE DE AMBIENTALISTAS - Apuntes de San Luis\" \/>\n<meta property=\"og:description\" content=\"El Tribunal de Impugnaciones de la ciudad de San Luis rechaz\u00f3 el recurso de apelaci\u00f3n...\" \/>\n<meta property=\"og:url\" content=\"https:\/\/apuntesdesanluis.com\/index.php\/2023\/08\/10\/vulpiani-rechazan-apelacion-de-fiscalia-y-continua-el-acampe-de-ambientalistas\/\" \/>\n<meta property=\"og:site_name\" content=\"Apuntes de San Luis\" \/>\n<meta property=\"article:published_time\" content=\"2023-08-10T03:55:14+00:00\" \/>\n<meta property=\"article:modified_time\" content=\"2023-08-10T03:58:02+00:00\" \/>\n<meta property=\"og:image\" content=\"https:\/\/apuntesdesanluis.com\/wp-content\/uploads\/2023\/08\/TRIBUNAL-1.png\" \/>\n\t<meta property=\"og:image:width\" content=\"743\" \/>\n\t<meta property=\"og:image:height\" content=\"413\" \/>\n\t<meta property=\"og:image:type\" content=\"image\/png\" \/>\n<meta name=\"author\" content=\"apuntesdesanluis.com\" \/>\n<meta name=\"twitter:card\" content=\"summary_large_image\" \/>\n<meta name=\"twitter:label1\" content=\"Escrito por\" \/>\n\t<meta name=\"twitter:data1\" content=\"apuntesdesanluis.com\" \/>\n\t<meta name=\"twitter:label2\" content=\"Tiempo de lectura\" \/>\n\t<meta name=\"twitter:data2\" content=\"2 minutos\" \/>\n<script type=\"application\/ld+json\" class=\"yoast-schema-graph\">{\"@context\":\"https:\/\/schema.org\",\"@graph\":[{\"@type\":\"Article\",\"@id\":\"https:\/\/apuntesdesanluis.com\/index.php\/2023\/08\/10\/vulpiani-rechazan-apelacion-de-fiscalia-y-continua-el-acampe-de-ambientalistas\/#article\",\"isPartOf\":{\"@id\":\"https:\/\/apuntesdesanluis.com\/index.php\/2023\/08\/10\/vulpiani-rechazan-apelacion-de-fiscalia-y-continua-el-acampe-de-ambientalistas\/\"},\"author\":{\"name\":\"apuntesdesanluis.com\",\"@id\":\"https:\/\/apuntesdesanluis.com\/#\/schema\/person\/b55151d52296fcce64d1a72538a70b90\"},\"headline\":\"VULPIANI: RECHAZAN APELACI\u00d3N DE FISCAL\u00cdA Y CONTIN\u00daA EL ACAMPE DE AMBIENTALISTAS\",\"datePublished\":\"2023-08-10T03:55:14+00:00\",\"dateModified\":\"2023-08-10T03:58:02+00:00\",\"mainEntityOfPage\":{\"@id\":\"https:\/\/apuntesdesanluis.com\/index.php\/2023\/08\/10\/vulpiani-rechazan-apelacion-de-fiscalia-y-continua-el-acampe-de-ambientalistas\/\"},\"wordCount\":409,\"publisher\":{\"@id\":\"https:\/\/apuntesdesanluis.com\/#\/schema\/person\/b55151d52296fcce64d1a72538a70b90\"},\"image\":{\"@id\":\"https:\/\/apuntesdesanluis.com\/index.php\/2023\/08\/10\/vulpiani-rechazan-apelacion-de-fiscalia-y-continua-el-acampe-de-ambientalistas\/#primaryimage\"},\"thumbnailUrl\":\"https:\/\/apuntesdesanluis.com\/wp-content\/uploads\/2023\/08\/TRIBUNAL-1.png\",\"articleSection\":[\"Ciudad\/Provincia\"],\"inLanguage\":\"es-AR\"},{\"@type\":\"WebPage\",\"@id\":\"https:\/\/apuntesdesanluis.com\/index.php\/2023\/08\/10\/vulpiani-rechazan-apelacion-de-fiscalia-y-continua-el-acampe-de-ambientalistas\/\",\"url\":\"https:\/\/apuntesdesanluis.com\/index.php\/2023\/08\/10\/vulpiani-rechazan-apelacion-de-fiscalia-y-continua-el-acampe-de-ambientalistas\/\",\"name\":\"VULPIANI: RECHAZAN APELACI\u00d3N DE FISCAL\u00cdA Y CONTIN\u00daA EL ACAMPE DE AMBIENTALISTAS - Apuntes de San Luis\",\"isPartOf\":{\"@id\":\"https:\/\/apuntesdesanluis.com\/#website\"},\"primaryImageOfPage\":{\"@id\":\"https:\/\/apuntesdesanluis.com\/index.php\/2023\/08\/10\/vulpiani-rechazan-apelacion-de-fiscalia-y-continua-el-acampe-de-ambientalistas\/#primaryimage\"},\"image\":{\"@id\":\"https:\/\/apuntesdesanluis.com\/index.php\/2023\/08\/10\/vulpiani-rechazan-apelacion-de-fiscalia-y-continua-el-acampe-de-ambientalistas\/#primaryimage\"},\"thumbnailUrl\":\"https:\/\/apuntesdesanluis.com\/wp-content\/uploads\/2023\/08\/TRIBUNAL-1.png\",\"datePublished\":\"2023-08-10T03:55:14+00:00\",\"dateModified\":\"2023-08-10T03:58:02+00:00\",\"breadcrumb\":{\"@id\":\"https:\/\/apuntesdesanluis.com\/index.php\/2023\/08\/10\/vulpiani-rechazan-apelacion-de-fiscalia-y-continua-el-acampe-de-ambientalistas\/#breadcrumb\"},\"inLanguage\":\"es-AR\",\"potentialAction\":[{\"@type\":\"ReadAction\",\"target\":[\"https:\/\/apuntesdesanluis.com\/index.php\/2023\/08\/10\/vulpiani-rechazan-apelacion-de-fiscalia-y-continua-el-acampe-de-ambientalistas\/\"]}]},{\"@type\":\"ImageObject\",\"inLanguage\":\"es-AR\",\"@id\":\"https:\/\/apuntesdesanluis.com\/index.php\/2023\/08\/10\/vulpiani-rechazan-apelacion-de-fiscalia-y-continua-el-acampe-de-ambientalistas\/#primaryimage\",\"url\":\"https:\/\/apuntesdesanluis.com\/wp-content\/uploads\/2023\/08\/TRIBUNAL-1.png\",\"contentUrl\":\"https:\/\/apuntesdesanluis.com\/wp-content\/uploads\/2023\/08\/TRIBUNAL-1.png\",\"width\":743,\"height\":413},{\"@type\":\"BreadcrumbList\",\"@id\":\"https:\/\/apuntesdesanluis.com\/index.php\/2023\/08\/10\/vulpiani-rechazan-apelacion-de-fiscalia-y-continua-el-acampe-de-ambientalistas\/#breadcrumb\",\"itemListElement\":[{\"@type\":\"ListItem\",\"position\":1,\"name\":\"Inicio\",\"item\":\"https:\/\/apuntesdesanluis.com\/\"},{\"@type\":\"ListItem\",\"position\":2,\"name\":\"VULPIANI: RECHAZAN APELACI\u00d3N DE FISCAL\u00cdA Y CONTIN\u00daA EL ACAMPE DE AMBIENTALISTAS\"}]},{\"@type\":\"WebSite\",\"@id\":\"https:\/\/apuntesdesanluis.com\/#website\",\"url\":\"https:\/\/apuntesdesanluis.com\/\",\"name\":\"Apuntes de San Luis\",\"description\":\"\",\"publisher\":{\"@id\":\"https:\/\/apuntesdesanluis.com\/#\/schema\/person\/b55151d52296fcce64d1a72538a70b90\"},\"potentialAction\":[{\"@type\":\"SearchAction\",\"target\":{\"@type\":\"EntryPoint\",\"urlTemplate\":\"https:\/\/apuntesdesanluis.com\/?s={search_term_string}\"},\"query-input\":{\"@type\":\"PropertyValueSpecification\",\"valueRequired\":true,\"valueName\":\"search_term_string\"}}],\"inLanguage\":\"es-AR\"},{\"@type\":[\"Person\",\"Organization\"],\"@id\":\"https:\/\/apuntesdesanluis.com\/#\/schema\/person\/b55151d52296fcce64d1a72538a70b90\",\"name\":\"apuntesdesanluis.com\",\"image\":{\"@type\":\"ImageObject\",\"inLanguage\":\"es-AR\",\"@id\":\"https:\/\/apuntesdesanluis.com\/#\/schema\/person\/image\/\",\"url\":\"https:\/\/apuntesdesanluis.com\/wp-content\/uploads\/2023\/07\/cropped-apuntesdesanluis.png\",\"contentUrl\":\"https:\/\/apuntesdesanluis.com\/wp-content\/uploads\/2023\/07\/cropped-apuntesdesanluis.png\",\"width\":450,\"height\":112,\"caption\":\"apuntesdesanluis.com\"},\"logo\":{\"@id\":\"https:\/\/apuntesdesanluis.com\/#\/schema\/person\/image\/\"},\"sameAs\":[\"https:\/\/apuntesdesanluis.com\"],\"url\":\"https:\/\/apuntesdesanluis.com\/index.php\/author\/apuntesdesanluis-com\/\"}]}<\/script>\n<!-- \/ Yoast SEO plugin. -->","yoast_head_json":{"title":"VULPIANI: RECHAZAN APELACI\u00d3N DE FISCAL\u00cdA Y CONTIN\u00daA EL ACAMPE DE AMBIENTALISTAS - Apuntes de San Luis","robots":{"index":"index","follow":"follow","max-snippet":"max-snippet:-1","max-image-preview":"max-image-preview:large","max-video-preview":"max-video-preview:-1"},"canonical":"https:\/\/apuntesdesanluis.com\/index.php\/2023\/08\/10\/vulpiani-rechazan-apelacion-de-fiscalia-y-continua-el-acampe-de-ambientalistas\/","og_locale":"es_ES","og_type":"article","og_title":"VULPIANI: RECHAZAN APELACI\u00d3N DE FISCAL\u00cdA Y CONTIN\u00daA EL ACAMPE DE AMBIENTALISTAS - Apuntes de San Luis","og_description":"El Tribunal de Impugnaciones de la ciudad de San Luis rechaz\u00f3 el recurso de apelaci\u00f3n...","og_url":"https:\/\/apuntesdesanluis.com\/index.php\/2023\/08\/10\/vulpiani-rechazan-apelacion-de-fiscalia-y-continua-el-acampe-de-ambientalistas\/","og_site_name":"Apuntes de San Luis","article_published_time":"2023-08-10T03:55:14+00:00","article_modified_time":"2023-08-10T03:58:02+00:00","og_image":[{"width":743,"height":413,"url":"https:\/\/apuntesdesanluis.com\/wp-content\/uploads\/2023\/08\/TRIBUNAL-1.png","type":"image\/png"}],"author":"apuntesdesanluis.com","twitter_card":"summary_large_image","twitter_misc":{"Escrito por":"apuntesdesanluis.com","Tiempo de lectura":"2 minutos"},"schema":{"@context":"https:\/\/schema.org","@graph":[{"@type":"Article","@id":"https:\/\/apuntesdesanluis.com\/index.php\/2023\/08\/10\/vulpiani-rechazan-apelacion-de-fiscalia-y-continua-el-acampe-de-ambientalistas\/#article","isPartOf":{"@id":"https:\/\/apuntesdesanluis.com\/index.php\/2023\/08\/10\/vulpiani-rechazan-apelacion-de-fiscalia-y-continua-el-acampe-de-ambientalistas\/"},"author":{"name":"apuntesdesanluis.com","@id":"https:\/\/apuntesdesanluis.com\/#\/schema\/person\/b55151d52296fcce64d1a72538a70b90"},"headline":"VULPIANI: RECHAZAN APELACI\u00d3N DE FISCAL\u00cdA Y CONTIN\u00daA EL ACAMPE DE AMBIENTALISTAS","datePublished":"2023-08-10T03:55:14+00:00","dateModified":"2023-08-10T03:58:02+00:00","mainEntityOfPage":{"@id":"https:\/\/apuntesdesanluis.com\/index.php\/2023\/08\/10\/vulpiani-rechazan-apelacion-de-fiscalia-y-continua-el-acampe-de-ambientalistas\/"},"wordCount":409,"publisher":{"@id":"https:\/\/apuntesdesanluis.com\/#\/schema\/person\/b55151d52296fcce64d1a72538a70b90"},"image":{"@id":"https:\/\/apuntesdesanluis.com\/index.php\/2023\/08\/10\/vulpiani-rechazan-apelacion-de-fiscalia-y-continua-el-acampe-de-ambientalistas\/#primaryimage"},"thumbnailUrl":"https:\/\/apuntesdesanluis.com\/wp-content\/uploads\/2023\/08\/TRIBUNAL-1.png","articleSection":["Ciudad\/Provincia"],"inLanguage":"es-AR"},{"@type":"WebPage","@id":"https:\/\/apuntesdesanluis.com\/index.php\/2023\/08\/10\/vulpiani-rechazan-apelacion-de-fiscalia-y-continua-el-acampe-de-ambientalistas\/","url":"https:\/\/apuntesdesanluis.com\/index.php\/2023\/08\/10\/vulpiani-rechazan-apelacion-de-fiscalia-y-continua-el-acampe-de-ambientalistas\/","name":"VULPIANI: RECHAZAN APELACI\u00d3N DE FISCAL\u00cdA Y CONTIN\u00daA EL ACAMPE DE AMBIENTALISTAS - Apuntes de San Luis","isPartOf":{"@id":"https:\/\/apuntesdesanluis.com\/#website"},"primaryImageOfPage":{"@id":"https:\/\/apuntesdesanluis.com\/index.php\/2023\/08\/10\/vulpiani-rechazan-apelacion-de-fiscalia-y-continua-el-acampe-de-ambientalistas\/#primaryimage"},"image":{"@id":"https:\/\/apuntesdesanluis.com\/index.php\/2023\/08\/10\/vulpiani-rechazan-apelacion-de-fiscalia-y-continua-el-acampe-de-ambientalistas\/#primaryimage"},"thumbnailUrl":"https:\/\/apuntesdesanluis.com\/wp-content\/uploads\/2023\/08\/TRIBUNAL-1.png","datePublished":"2023-08-10T03:55:14+00:00","dateModified":"2023-08-10T03:58:02+00:00","breadcrumb":{"@id":"https:\/\/apuntesdesanluis.com\/index.php\/2023\/08\/10\/vulpiani-rechazan-apelacion-de-fiscalia-y-continua-el-acampe-de-ambientalistas\/#breadcrumb"},"inLanguage":"es-AR","potentialAction":[{"@type":"ReadAction","target":["https:\/\/apuntesdesanluis.com\/index.php\/2023\/08\/10\/vulpiani-rechazan-apelacion-de-fiscalia-y-continua-el-acampe-de-ambientalistas\/"]}]},{"@type":"ImageObject","inLanguage":"es-AR","@id":"https:\/\/apuntesdesanluis.com\/index.php\/2023\/08\/10\/vulpiani-rechazan-apelacion-de-fiscalia-y-continua-el-acampe-de-ambientalistas\/#primaryimage","url":"https:\/\/apuntesdesanluis.com\/wp-content\/uploads\/2023\/08\/TRIBUNAL-1.png","contentUrl":"https:\/\/apuntesdesanluis.com\/wp-content\/uploads\/2023\/08\/TRIBUNAL-1.png","width":743,"height":413},{"@type":"BreadcrumbList","@id":"https:\/\/apuntesdesanluis.com\/index.php\/2023\/08\/10\/vulpiani-rechazan-apelacion-de-fiscalia-y-continua-el-acampe-de-ambientalistas\/#breadcrumb","itemListElement":[{"@type":"ListItem","position":1,"name":"Inicio","item":"https:\/\/apuntesdesanluis.com\/"},{"@type":"ListItem","position":2,"name":"VULPIANI: RECHAZAN APELACI\u00d3N DE FISCAL\u00cdA Y CONTIN\u00daA EL ACAMPE DE AMBIENTALISTAS"}]},{"@type":"WebSite","@id":"https:\/\/apuntesdesanluis.com\/#website","url":"https:\/\/apuntesdesanluis.com\/","name":"Apuntes de San Luis","description":"","publisher":{"@id":"https:\/\/apuntesdesanluis.com\/#\/schema\/person\/b55151d52296fcce64d1a72538a70b90"},"potentialAction":[{"@type":"SearchAction","target":{"@type":"EntryPoint","urlTemplate":"https:\/\/apuntesdesanluis.com\/?s={search_term_string}"},"query-input":{"@type":"PropertyValueSpecification","valueRequired":true,"valueName":"search_term_string"}}],"inLanguage":"es-AR"},{"@type":["Person","Organization"],"@id":"https:\/\/apuntesdesanluis.com\/#\/schema\/person\/b55151d52296fcce64d1a72538a70b90","name":"apuntesdesanluis.com","image":{"@type":"ImageObject","inLanguage":"es-AR","@id":"https:\/\/apuntesdesanluis.com\/#\/schema\/person\/image\/","url":"https:\/\/apuntesdesanluis.com\/wp-content\/uploads\/2023\/07\/cropped-apuntesdesanluis.png","contentUrl":"https:\/\/apuntesdesanluis.com\/wp-content\/uploads\/2023\/07\/cropped-apuntesdesanluis.png","width":450,"height":112,"caption":"apuntesdesanluis.com"},"logo":{"@id":"https:\/\/apuntesdesanluis.com\/#\/schema\/person\/image\/"},"sameAs":["https:\/\/apuntesdesanluis.com"],"url":"https:\/\/apuntesdesanluis.com\/index.php\/author\/apuntesdesanluis-com\/"}]}},"featured_image_urls":{"full":["https:\/\/apuntesdesanluis.com\/wp-content\/uploads\/2023\/08\/TRIBUNAL-1.png",743,413,false],"thumbnail":["https:\/\/apuntesdesanluis.com\/wp-content\/uploads\/2023\/08\/TRIBUNAL-1-150x150.png",150,150,true],"medium":["https:\/\/apuntesdesanluis.com\/wp-content\/uploads\/2023\/08\/TRIBUNAL-1-300x167.png",300,167,true],"medium_large":["https:\/\/apuntesdesanluis.com\/wp-content\/uploads\/2023\/08\/TRIBUNAL-1.png",640,356,false],"large":["https:\/\/apuntesdesanluis.com\/wp-content\/uploads\/2023\/08\/TRIBUNAL-1.png",640,356,false],"1536x1536":["https:\/\/apuntesdesanluis.com\/wp-content\/uploads\/2023\/08\/TRIBUNAL-1.png",743,413,false],"2048x2048":["https:\/\/apuntesdesanluis.com\/wp-content\/uploads\/2023\/08\/TRIBUNAL-1.png",743,413,false],"newsever-slider-full":["https:\/\/apuntesdesanluis.com\/wp-content\/uploads\/2023\/08\/TRIBUNAL-1.png",743,413,false],"newsever-featured":["https:\/\/apuntesdesanluis.com\/wp-content\/uploads\/2023\/08\/TRIBUNAL-1.png",743,413,false],"newsever-medium":["https:\/\/apuntesdesanluis.com\/wp-content\/uploads\/2023\/08\/TRIBUNAL-1-720x413.png",720,413,true]},"author_info":{"display_name":"apuntesdesanluis.com","author_link":"https:\/\/apuntesdesanluis.com\/index.php\/author\/apuntesdesanluis-com\/"},"category_info":"<a href=\"https:\/\/apuntesdesanluis.com\/index.php\/category\/ciudad-provincia\/\" rel=\"category tag\">Ciudad\/Provincia<\/a>","tag_info":"Ciudad\/Provincia","comment_count":"0","_links":{"self":[{"href":"https:\/\/apuntesdesanluis.com\/index.php\/wp-json\/wp\/v2\/posts\/1391","targetHints":{"allow":["GET"]}}],"collection":[{"href":"https:\/\/apuntesdesanluis.com\/index.php\/wp-json\/wp\/v2\/posts"}],"about":[{"href":"https:\/\/apuntesdesanluis.com\/index.php\/wp-json\/wp\/v2\/types\/post"}],"author":[{"embeddable":true,"href":"https:\/\/apuntesdesanluis.com\/index.php\/wp-json\/wp\/v2\/users\/1"}],"replies":[{"embeddable":true,"href":"https:\/\/apuntesdesanluis.com\/index.php\/wp-json\/wp\/v2\/comments?post=1391"}],"version-history":[{"count":2,"href":"https:\/\/apuntesdesanluis.com\/index.php\/wp-json\/wp\/v2\/posts\/1391\/revisions"}],"predecessor-version":[{"id":1394,"href":"https:\/\/apuntesdesanluis.com\/index.php\/wp-json\/wp\/v2\/posts\/1391\/revisions\/1394"}],"wp:featuredmedia":[{"embeddable":true,"href":"https:\/\/apuntesdesanluis.com\/index.php\/wp-json\/wp\/v2\/media\/1392"}],"wp:attachment":[{"href":"https:\/\/apuntesdesanluis.com\/index.php\/wp-json\/wp\/v2\/media?parent=1391"}],"wp:term":[{"taxonomy":"category","embeddable":true,"href":"https:\/\/apuntesdesanluis.com\/index.php\/wp-json\/wp\/v2\/categories?post=1391"},{"taxonomy":"post_tag","embeddable":true,"href":"https:\/\/apuntesdesanluis.com\/index.php\/wp-json\/wp\/v2\/tags?post=1391"}],"curies":[{"name":"wp","href":"https:\/\/api.w.org\/{rel}","templated":true}]}}