{"id":13916,"date":"2024-03-30T10:17:43","date_gmt":"2024-03-30T13:17:43","guid":{"rendered":"https:\/\/apuntesdesanluis.com\/?p=13916"},"modified":"2024-03-30T10:17:43","modified_gmt":"2024-03-30T13:17:43","slug":"milei-abrio-otro-frente-de-conflicto-con-gobernadores-anulo-transferencias-a-las-cajas-jubilatorias-de-13-provincias","status":"publish","type":"post","link":"https:\/\/apuntesdesanluis.com\/index.php\/2024\/03\/30\/milei-abrio-otro-frente-de-conflicto-con-gobernadores-anulo-transferencias-a-las-cajas-jubilatorias-de-13-provincias\/","title":{"rendered":"MILEI ABRI\u00d3 OTRO FRENTE DE CONFLICTO CON GOBERNADORES: ANUL\u00d3 TRANSFERENCIAS A LAS CAJAS JUBILATORIAS DE 13 PROVINCIAS"},"content":{"rendered":"<h3>El gobierno de Santa Fe calific\u00f3 la medida como &#8220;otra trastada del Presidente&#8221;. Anunci\u00f3 que ir\u00e1 a la justicia. C\u00f3rdoba eval\u00faa el mismo camino. La medida tambi\u00e9n afecta a Buenos Aires, Chaco, Chubut, Entre R\u00edos, Formosa, La Pampa, Misiones, Neuqu\u00e9n, Santa Cruz, Tierra del Fuego y Corrientes.<\/h3>\n<h3>La motosierra de <strong>Javier Milei<\/strong> no para con los recortes econ\u00f3micos a las provincias y profundiza el conflicto con los gobernadores. Con un nuevo Decreto de Necesidad y Urgencia (DNU) publicado este mi\u00e9rcoles, el Gobierno nacional elimin\u00f3 las transferencias que por ley la Anses realizaba a 13 cajas de jubilaciones provinciales y que &#8211;a pesar de los reclamos&#8211; tampoco se giraba desde que asumi\u00f3 Milei.<\/h3>\n<h3>La primera reacci\u00f3n surgi\u00f3 desde la administraci\u00f3n radical de Santa Fe, donde el secretario de Seguridad Social, Jorge Boasso, critic\u00f3 la decisi\u00f3n de Milei, sostuvo que &#8220;las Cajas de jubilaciones no son casta&#8221; sino &#8220;los aportes de los trabajadores durante su vida laboral&#8221; y advirti\u00f3 que la provincia analiza recurrir a la v\u00eda judicial para frenar el recorte.<\/h3>\n<h3>La eliminaci\u00f3n de las partidas tambi\u00e9n afecta a otras 12 provincias de distinto signo pol\u00edtico: Buenos Aires, Chaco, Chubut, C\u00f3rdoba, Entre R\u00edos, Formosa, La Pampa, Misiones, Neuqu\u00e9n, Santa Cruz, Tierra del Fuego y Corrientes.<\/h3>\n<h3>El DNU de Milei da de baja a varios art\u00edculos de la Ley de Presupuesto 2023 (prorrogado por la administraci\u00f3n de La Libertad Avanza) con los que poda m\u00e1s recursos a las provincias: all\u00ed derog\u00f3 la pr\u00f3rroga de los recursos destinados a las cajas jubilatorias de las provincias, y formaliz\u00f3 la eliminaci\u00f3n de los fondos de Compensaci\u00f3n al Transporte P\u00fablico del Interior y de Incentivo Docente. Lo que agrava las finanzas provinciales.<\/h3>\n<h3>Las partidas para las cajas jubilatorias provinciales no transferidas a la Naci\u00f3n est\u00e1n previstas por presupuesto nacional desde el gobierno de Mauricio Macri, cuando se alcanz\u00f3 un acuerdo entre Naci\u00f3n y provincias. Desde 2023, se estableci\u00f3 que se actualizar\u00edan en funci\u00f3n de la movilidad jubilatoria, aunque las transferencias no se actualizaron.<\/h3>\n<h3>Desde su llegada a la Casa Rosada, Milei no envi\u00f3 m\u00e1s ese dinero a las provincias, que recibieron por \u00faltima vez los recursos en diciembre pasado. Este fue uno de los puntos de negociaci\u00f3n al comienzo del Gobierno de la LLA: los gobernadores pidieron el pago de la deuda acumulada por falta de actualizaci\u00f3n de las cajas jubilatorias como una forma de descomprimir las tensiones frente a otros recortes. Pero el ministro de Econom\u00eda, Luis \u201cToto\u201d Caputo, se neg\u00f3.<\/h3>\n<h3>Desde entonces los mandatarios provinciales cubren con sus propios recursos el bache econ\u00f3mico que provoca la falta de las transferencias, que por decisi\u00f3n de Milei ya no recibir\u00e1n m\u00e1s. Seg\u00fan sus propias estimaciones, las provincias calculan que la deuda que el Estado Nacional acumular\u00eda con ellas en abril alcanzar\u00eda a 62.500 millones de pesos.<\/h3>\n<h3>NUEVO APRIETE<\/h3>\n<h3>Las decisiones del Presidente no parecen ser la mejor arma de seducci\u00f3n para que los gobernadores no intenten avanzar contra el DNU 70\/23 que desregul\u00f3 toda la econom\u00eda y que acompa\u00f1en la nueva versi\u00f3n reducida del proyecto de ley \u00f3mnibus, con la zanahoria por delante de arribar a alg\u00fan acuerdo posterior que Milei promete en su proclamado Pacto de Mayo en C\u00f3rdoba.<\/h3>\n<h3>Por el contrario, abri\u00f3 un nuevo conflicto con las provincias que se resisten a que el gobierno central las ahogue. As\u00ed, lo entendi\u00f3 el gobierno santafesino, que sali\u00f3 al cruce uno de sus funcionarios. Boasso se\u00f1al\u00f3 que el decreto responde a &#8220;otra trastada del Presidente&#8221; y puntualiz\u00f3 que, &#8220;mientras Milei convoca al consenso a los gobernadores para que lo acompa\u00f1en en sus leyes, saca por decreto un recorte de fondos adeudados por ley (no discrecionales) a las Cajas Jubilatorias de 13 provincias&#8221;.<\/h3>\n<h3>El funcionario de Pullaro en materia previsional provincial asegur\u00f3 adem\u00e1s que el DNU configura &#8220;una apropiaci\u00f3n indebida de fondos&#8221;. En una entrevista concedida al diario La Capital de Rosario, Boasso reclam\u00f3 \u2013-en sinton\u00eda con el gobernador&#8211; que &#8220;Naci\u00f3n le debe a Santa Fe alrededor de 700 mil millones de pesos&#8221;, y remarc\u00f3: &#8220;Imag\u00ednense los santafesinos las obras que se podr\u00edan encarar con 700 mil millones&#8221;.<\/h3>\n<h3>&#8220;Hay que terminar con el unitarismo y construir un pa\u00eds federal en serio&#8221;, pidi\u00f3 al tiempo que postul\u00f3 la necesidad de &#8220;aprobar urgente una ley de coparticipaci\u00f3n inversa, es decir que recauden municipios y provincias y despu\u00e9s coparticipen a la Naci\u00f3n&#8221;, agreg\u00f3 Boasso como propuesta para evitar el ahogo con el que somete La Naci\u00f3n a las provincias. &#8220;Las Cajas de jubilaciones no son casta&#8221; sino &#8220;los aportes de los trabajadores durante su vida laboral&#8221;, sentenci\u00f3 el funcionario santafesino y advirti\u00f3 que la provincia analiza recurrir a la v\u00eda judicial.<\/h3>\n<h3>Por ahora solo Santa Fe sali\u00f3 al cruce del nuevo recorte de Milei, ya hay antecedentes de reclamos judiciales de diversas provincias por los recursos de sus cajas de jubilaciones que desembocaron en fallos de la Corte Suprema que obligaron al Estado Nacional a desembolsar esas deudas.<\/h3>\n<h3>En tanto, el gobernador de C\u00f3rdoba Mart\u00edn Llaryora dej\u00f3 trascender que por ahora estudian la posibilidad de recurrir a la Corte Suprema de la Naci\u00f3n o a una C\u00e1mara Federal. La provincia tiene un fallo favorable de la Corte y los funcionarios cordobes consideran que el decreto consolida algo ilegal pero que la provincia tiene un marco legal para reclamar. Eso s\u00ed, dejaron trascender que por ahora contin\u00faan apoyando el proyecto de ley \u00f3mnibus.<\/h3>\n<h3>La medida afecta a otras 12 provincias. Pag\u00ednaI12 intent\u00f3 consultar a varias de las administraciones provinciales, que (al menos por ahora) prefieren evaluar sus respuestas para actuar en consecuencia.<\/h3>\n<h3>Pero el guada\u00f1azo de Milei abri\u00f3 un nuevo frente de conflicto con las provincias y el Pacto de Mayo aparece cada vez m\u00e1s lejos que la fecha que fij\u00f3 el Presidente. Especialmente porque los gobernadores \u201cdialoguistas\u201d figuran entre los m\u00e1s afectados.<\/h3>\n<p>&nbsp;<\/p>\n<p>&nbsp;<\/p>\n","protected":false},"excerpt":{"rendered":"<p>El gobierno de Santa Fe calific\u00f3 la medida como &#8220;otra trastada del Presidente&#8221;. Anunci\u00f3 que&#8230;<\/p>\n","protected":false},"author":1,"featured_media":13917,"comment_status":"closed","ping_status":"closed","sticky":false,"template":"","format":"standard","meta":{"footnotes":""},"categories":[5],"tags":[],"class_list":["post-13916","post","type-post","status-publish","format-standard","has-post-thumbnail","hentry","category-nacionales-internacionales"],"yoast_head":"<!-- This site is optimized with the Yoast SEO plugin v26.1.1 - https:\/\/yoast.com\/wordpress\/plugins\/seo\/ -->\n<title>MILEI ABRI\u00d3 OTRO FRENTE DE CONFLICTO CON GOBERNADORES: ANUL\u00d3 TRANSFERENCIAS A LAS CAJAS JUBILATORIAS DE 13 PROVINCIAS - Apuntes de San Luis<\/title>\n<meta name=\"robots\" content=\"index, follow, max-snippet:-1, max-image-preview:large, max-video-preview:-1\" \/>\n<link rel=\"canonical\" href=\"https:\/\/apuntesdesanluis.com\/index.php\/2024\/03\/30\/milei-abrio-otro-frente-de-conflicto-con-gobernadores-anulo-transferencias-a-las-cajas-jubilatorias-de-13-provincias\/\" \/>\n<meta property=\"og:locale\" content=\"es_ES\" \/>\n<meta property=\"og:type\" content=\"article\" \/>\n<meta property=\"og:title\" content=\"MILEI ABRI\u00d3 OTRO FRENTE DE CONFLICTO CON GOBERNADORES: ANUL\u00d3 TRANSFERENCIAS A LAS CAJAS JUBILATORIAS DE 13 PROVINCIAS - Apuntes de San Luis\" \/>\n<meta property=\"og:description\" content=\"El gobierno de Santa Fe calific\u00f3 la medida como &#8220;otra trastada del Presidente&#8221;. Anunci\u00f3 que...\" \/>\n<meta property=\"og:url\" content=\"https:\/\/apuntesdesanluis.com\/index.php\/2024\/03\/30\/milei-abrio-otro-frente-de-conflicto-con-gobernadores-anulo-transferencias-a-las-cajas-jubilatorias-de-13-provincias\/\" \/>\n<meta property=\"og:site_name\" content=\"Apuntes de San Luis\" \/>\n<meta property=\"article:published_time\" content=\"2024-03-30T13:17:43+00:00\" \/>\n<meta property=\"og:image\" content=\"https:\/\/apuntesdesanluis.com\/wp-content\/uploads\/2024\/03\/gobernadores.png\" \/>\n\t<meta property=\"og:image:width\" content=\"621\" \/>\n\t<meta property=\"og:image:height\" content=\"372\" \/>\n\t<meta property=\"og:image:type\" content=\"image\/png\" \/>\n<meta name=\"author\" content=\"apuntesdesanluis.com\" \/>\n<meta name=\"twitter:card\" content=\"summary_large_image\" \/>\n<meta name=\"twitter:label1\" content=\"Escrito por\" \/>\n\t<meta name=\"twitter:data1\" content=\"apuntesdesanluis.com\" \/>\n\t<meta name=\"twitter:label2\" content=\"Tiempo de lectura\" \/>\n\t<meta name=\"twitter:data2\" content=\"5 minutos\" \/>\n<script type=\"application\/ld+json\" class=\"yoast-schema-graph\">{\"@context\":\"https:\/\/schema.org\",\"@graph\":[{\"@type\":\"Article\",\"@id\":\"https:\/\/apuntesdesanluis.com\/index.php\/2024\/03\/30\/milei-abrio-otro-frente-de-conflicto-con-gobernadores-anulo-transferencias-a-las-cajas-jubilatorias-de-13-provincias\/#article\",\"isPartOf\":{\"@id\":\"https:\/\/apuntesdesanluis.com\/index.php\/2024\/03\/30\/milei-abrio-otro-frente-de-conflicto-con-gobernadores-anulo-transferencias-a-las-cajas-jubilatorias-de-13-provincias\/\"},\"author\":{\"name\":\"apuntesdesanluis.com\",\"@id\":\"https:\/\/apuntesdesanluis.com\/#\/schema\/person\/b55151d52296fcce64d1a72538a70b90\"},\"headline\":\"MILEI ABRI\u00d3 OTRO FRENTE DE CONFLICTO CON GOBERNADORES: ANUL\u00d3 TRANSFERENCIAS A LAS CAJAS JUBILATORIAS DE 13 PROVINCIAS\",\"datePublished\":\"2024-03-30T13:17:43+00:00\",\"mainEntityOfPage\":{\"@id\":\"https:\/\/apuntesdesanluis.com\/index.php\/2024\/03\/30\/milei-abrio-otro-frente-de-conflicto-con-gobernadores-anulo-transferencias-a-las-cajas-jubilatorias-de-13-provincias\/\"},\"wordCount\":1029,\"publisher\":{\"@id\":\"https:\/\/apuntesdesanluis.com\/#\/schema\/person\/b55151d52296fcce64d1a72538a70b90\"},\"image\":{\"@id\":\"https:\/\/apuntesdesanluis.com\/index.php\/2024\/03\/30\/milei-abrio-otro-frente-de-conflicto-con-gobernadores-anulo-transferencias-a-las-cajas-jubilatorias-de-13-provincias\/#primaryimage\"},\"thumbnailUrl\":\"https:\/\/apuntesdesanluis.com\/wp-content\/uploads\/2024\/03\/gobernadores.png\",\"articleSection\":[\"Nacionales\/Internacionales\"],\"inLanguage\":\"es-AR\"},{\"@type\":\"WebPage\",\"@id\":\"https:\/\/apuntesdesanluis.com\/index.php\/2024\/03\/30\/milei-abrio-otro-frente-de-conflicto-con-gobernadores-anulo-transferencias-a-las-cajas-jubilatorias-de-13-provincias\/\",\"url\":\"https:\/\/apuntesdesanluis.com\/index.php\/2024\/03\/30\/milei-abrio-otro-frente-de-conflicto-con-gobernadores-anulo-transferencias-a-las-cajas-jubilatorias-de-13-provincias\/\",\"name\":\"MILEI ABRI\u00d3 OTRO FRENTE DE CONFLICTO CON GOBERNADORES: ANUL\u00d3 TRANSFERENCIAS A LAS CAJAS JUBILATORIAS DE 13 PROVINCIAS - Apuntes de San Luis\",\"isPartOf\":{\"@id\":\"https:\/\/apuntesdesanluis.com\/#website\"},\"primaryImageOfPage\":{\"@id\":\"https:\/\/apuntesdesanluis.com\/index.php\/2024\/03\/30\/milei-abrio-otro-frente-de-conflicto-con-gobernadores-anulo-transferencias-a-las-cajas-jubilatorias-de-13-provincias\/#primaryimage\"},\"image\":{\"@id\":\"https:\/\/apuntesdesanluis.com\/index.php\/2024\/03\/30\/milei-abrio-otro-frente-de-conflicto-con-gobernadores-anulo-transferencias-a-las-cajas-jubilatorias-de-13-provincias\/#primaryimage\"},\"thumbnailUrl\":\"https:\/\/apuntesdesanluis.com\/wp-content\/uploads\/2024\/03\/gobernadores.png\",\"datePublished\":\"2024-03-30T13:17:43+00:00\",\"breadcrumb\":{\"@id\":\"https:\/\/apuntesdesanluis.com\/index.php\/2024\/03\/30\/milei-abrio-otro-frente-de-conflicto-con-gobernadores-anulo-transferencias-a-las-cajas-jubilatorias-de-13-provincias\/#breadcrumb\"},\"inLanguage\":\"es-AR\",\"potentialAction\":[{\"@type\":\"ReadAction\",\"target\":[\"https:\/\/apuntesdesanluis.com\/index.php\/2024\/03\/30\/milei-abrio-otro-frente-de-conflicto-con-gobernadores-anulo-transferencias-a-las-cajas-jubilatorias-de-13-provincias\/\"]}]},{\"@type\":\"ImageObject\",\"inLanguage\":\"es-AR\",\"@id\":\"https:\/\/apuntesdesanluis.com\/index.php\/2024\/03\/30\/milei-abrio-otro-frente-de-conflicto-con-gobernadores-anulo-transferencias-a-las-cajas-jubilatorias-de-13-provincias\/#primaryimage\",\"url\":\"https:\/\/apuntesdesanluis.com\/wp-content\/uploads\/2024\/03\/gobernadores.png\",\"contentUrl\":\"https:\/\/apuntesdesanluis.com\/wp-content\/uploads\/2024\/03\/gobernadores.png\",\"width\":621,\"height\":372},{\"@type\":\"BreadcrumbList\",\"@id\":\"https:\/\/apuntesdesanluis.com\/index.php\/2024\/03\/30\/milei-abrio-otro-frente-de-conflicto-con-gobernadores-anulo-transferencias-a-las-cajas-jubilatorias-de-13-provincias\/#breadcrumb\",\"itemListElement\":[{\"@type\":\"ListItem\",\"position\":1,\"name\":\"Inicio\",\"item\":\"https:\/\/apuntesdesanluis.com\/\"},{\"@type\":\"ListItem\",\"position\":2,\"name\":\"MILEI ABRI\u00d3 OTRO FRENTE DE CONFLICTO CON GOBERNADORES: ANUL\u00d3 TRANSFERENCIAS A LAS CAJAS JUBILATORIAS DE 13 PROVINCIAS\"}]},{\"@type\":\"WebSite\",\"@id\":\"https:\/\/apuntesdesanluis.com\/#website\",\"url\":\"https:\/\/apuntesdesanluis.com\/\",\"name\":\"Apuntes de San Luis\",\"description\":\"\",\"publisher\":{\"@id\":\"https:\/\/apuntesdesanluis.com\/#\/schema\/person\/b55151d52296fcce64d1a72538a70b90\"},\"potentialAction\":[{\"@type\":\"SearchAction\",\"target\":{\"@type\":\"EntryPoint\",\"urlTemplate\":\"https:\/\/apuntesdesanluis.com\/?s={search_term_string}\"},\"query-input\":{\"@type\":\"PropertyValueSpecification\",\"valueRequired\":true,\"valueName\":\"search_term_string\"}}],\"inLanguage\":\"es-AR\"},{\"@type\":[\"Person\",\"Organization\"],\"@id\":\"https:\/\/apuntesdesanluis.com\/#\/schema\/person\/b55151d52296fcce64d1a72538a70b90\",\"name\":\"apuntesdesanluis.com\",\"image\":{\"@type\":\"ImageObject\",\"inLanguage\":\"es-AR\",\"@id\":\"https:\/\/apuntesdesanluis.com\/#\/schema\/person\/image\/\",\"url\":\"https:\/\/apuntesdesanluis.com\/wp-content\/uploads\/2023\/07\/cropped-apuntesdesanluis.png\",\"contentUrl\":\"https:\/\/apuntesdesanluis.com\/wp-content\/uploads\/2023\/07\/cropped-apuntesdesanluis.png\",\"width\":450,\"height\":112,\"caption\":\"apuntesdesanluis.com\"},\"logo\":{\"@id\":\"https:\/\/apuntesdesanluis.com\/#\/schema\/person\/image\/\"},\"sameAs\":[\"https:\/\/apuntesdesanluis.com\"],\"url\":\"https:\/\/apuntesdesanluis.com\/index.php\/author\/apuntesdesanluis-com\/\"}]}<\/script>\n<!-- \/ Yoast SEO plugin. -->","yoast_head_json":{"title":"MILEI ABRI\u00d3 OTRO FRENTE DE CONFLICTO CON GOBERNADORES: ANUL\u00d3 TRANSFERENCIAS A LAS CAJAS JUBILATORIAS DE 13 PROVINCIAS - Apuntes de San Luis","robots":{"index":"index","follow":"follow","max-snippet":"max-snippet:-1","max-image-preview":"max-image-preview:large","max-video-preview":"max-video-preview:-1"},"canonical":"https:\/\/apuntesdesanluis.com\/index.php\/2024\/03\/30\/milei-abrio-otro-frente-de-conflicto-con-gobernadores-anulo-transferencias-a-las-cajas-jubilatorias-de-13-provincias\/","og_locale":"es_ES","og_type":"article","og_title":"MILEI ABRI\u00d3 OTRO FRENTE DE CONFLICTO CON GOBERNADORES: ANUL\u00d3 TRANSFERENCIAS A LAS CAJAS JUBILATORIAS DE 13 PROVINCIAS - Apuntes de San Luis","og_description":"El gobierno de Santa Fe calific\u00f3 la medida como &#8220;otra trastada del Presidente&#8221;. Anunci\u00f3 que...","og_url":"https:\/\/apuntesdesanluis.com\/index.php\/2024\/03\/30\/milei-abrio-otro-frente-de-conflicto-con-gobernadores-anulo-transferencias-a-las-cajas-jubilatorias-de-13-provincias\/","og_site_name":"Apuntes de San Luis","article_published_time":"2024-03-30T13:17:43+00:00","og_image":[{"width":621,"height":372,"url":"https:\/\/apuntesdesanluis.com\/wp-content\/uploads\/2024\/03\/gobernadores.png","type":"image\/png"}],"author":"apuntesdesanluis.com","twitter_card":"summary_large_image","twitter_misc":{"Escrito por":"apuntesdesanluis.com","Tiempo de lectura":"5 minutos"},"schema":{"@context":"https:\/\/schema.org","@graph":[{"@type":"Article","@id":"https:\/\/apuntesdesanluis.com\/index.php\/2024\/03\/30\/milei-abrio-otro-frente-de-conflicto-con-gobernadores-anulo-transferencias-a-las-cajas-jubilatorias-de-13-provincias\/#article","isPartOf":{"@id":"https:\/\/apuntesdesanluis.com\/index.php\/2024\/03\/30\/milei-abrio-otro-frente-de-conflicto-con-gobernadores-anulo-transferencias-a-las-cajas-jubilatorias-de-13-provincias\/"},"author":{"name":"apuntesdesanluis.com","@id":"https:\/\/apuntesdesanluis.com\/#\/schema\/person\/b55151d52296fcce64d1a72538a70b90"},"headline":"MILEI ABRI\u00d3 OTRO FRENTE DE CONFLICTO CON GOBERNADORES: ANUL\u00d3 TRANSFERENCIAS A LAS CAJAS JUBILATORIAS DE 13 PROVINCIAS","datePublished":"2024-03-30T13:17:43+00:00","mainEntityOfPage":{"@id":"https:\/\/apuntesdesanluis.com\/index.php\/2024\/03\/30\/milei-abrio-otro-frente-de-conflicto-con-gobernadores-anulo-transferencias-a-las-cajas-jubilatorias-de-13-provincias\/"},"wordCount":1029,"publisher":{"@id":"https:\/\/apuntesdesanluis.com\/#\/schema\/person\/b55151d52296fcce64d1a72538a70b90"},"image":{"@id":"https:\/\/apuntesdesanluis.com\/index.php\/2024\/03\/30\/milei-abrio-otro-frente-de-conflicto-con-gobernadores-anulo-transferencias-a-las-cajas-jubilatorias-de-13-provincias\/#primaryimage"},"thumbnailUrl":"https:\/\/apuntesdesanluis.com\/wp-content\/uploads\/2024\/03\/gobernadores.png","articleSection":["Nacionales\/Internacionales"],"inLanguage":"es-AR"},{"@type":"WebPage","@id":"https:\/\/apuntesdesanluis.com\/index.php\/2024\/03\/30\/milei-abrio-otro-frente-de-conflicto-con-gobernadores-anulo-transferencias-a-las-cajas-jubilatorias-de-13-provincias\/","url":"https:\/\/apuntesdesanluis.com\/index.php\/2024\/03\/30\/milei-abrio-otro-frente-de-conflicto-con-gobernadores-anulo-transferencias-a-las-cajas-jubilatorias-de-13-provincias\/","name":"MILEI ABRI\u00d3 OTRO FRENTE DE CONFLICTO CON GOBERNADORES: ANUL\u00d3 TRANSFERENCIAS A LAS CAJAS JUBILATORIAS DE 13 PROVINCIAS - Apuntes de San Luis","isPartOf":{"@id":"https:\/\/apuntesdesanluis.com\/#website"},"primaryImageOfPage":{"@id":"https:\/\/apuntesdesanluis.com\/index.php\/2024\/03\/30\/milei-abrio-otro-frente-de-conflicto-con-gobernadores-anulo-transferencias-a-las-cajas-jubilatorias-de-13-provincias\/#primaryimage"},"image":{"@id":"https:\/\/apuntesdesanluis.com\/index.php\/2024\/03\/30\/milei-abrio-otro-frente-de-conflicto-con-gobernadores-anulo-transferencias-a-las-cajas-jubilatorias-de-13-provincias\/#primaryimage"},"thumbnailUrl":"https:\/\/apuntesdesanluis.com\/wp-content\/uploads\/2024\/03\/gobernadores.png","datePublished":"2024-03-30T13:17:43+00:00","breadcrumb":{"@id":"https:\/\/apuntesdesanluis.com\/index.php\/2024\/03\/30\/milei-abrio-otro-frente-de-conflicto-con-gobernadores-anulo-transferencias-a-las-cajas-jubilatorias-de-13-provincias\/#breadcrumb"},"inLanguage":"es-AR","potentialAction":[{"@type":"ReadAction","target":["https:\/\/apuntesdesanluis.com\/index.php\/2024\/03\/30\/milei-abrio-otro-frente-de-conflicto-con-gobernadores-anulo-transferencias-a-las-cajas-jubilatorias-de-13-provincias\/"]}]},{"@type":"ImageObject","inLanguage":"es-AR","@id":"https:\/\/apuntesdesanluis.com\/index.php\/2024\/03\/30\/milei-abrio-otro-frente-de-conflicto-con-gobernadores-anulo-transferencias-a-las-cajas-jubilatorias-de-13-provincias\/#primaryimage","url":"https:\/\/apuntesdesanluis.com\/wp-content\/uploads\/2024\/03\/gobernadores.png","contentUrl":"https:\/\/apuntesdesanluis.com\/wp-content\/uploads\/2024\/03\/gobernadores.png","width":621,"height":372},{"@type":"BreadcrumbList","@id":"https:\/\/apuntesdesanluis.com\/index.php\/2024\/03\/30\/milei-abrio-otro-frente-de-conflicto-con-gobernadores-anulo-transferencias-a-las-cajas-jubilatorias-de-13-provincias\/#breadcrumb","itemListElement":[{"@type":"ListItem","position":1,"name":"Inicio","item":"https:\/\/apuntesdesanluis.com\/"},{"@type":"ListItem","position":2,"name":"MILEI ABRI\u00d3 OTRO FRENTE DE CONFLICTO CON GOBERNADORES: ANUL\u00d3 TRANSFERENCIAS A LAS CAJAS JUBILATORIAS DE 13 PROVINCIAS"}]},{"@type":"WebSite","@id":"https:\/\/apuntesdesanluis.com\/#website","url":"https:\/\/apuntesdesanluis.com\/","name":"Apuntes de San Luis","description":"","publisher":{"@id":"https:\/\/apuntesdesanluis.com\/#\/schema\/person\/b55151d52296fcce64d1a72538a70b90"},"potentialAction":[{"@type":"SearchAction","target":{"@type":"EntryPoint","urlTemplate":"https:\/\/apuntesdesanluis.com\/?s={search_term_string}"},"query-input":{"@type":"PropertyValueSpecification","valueRequired":true,"valueName":"search_term_string"}}],"inLanguage":"es-AR"},{"@type":["Person","Organization"],"@id":"https:\/\/apuntesdesanluis.com\/#\/schema\/person\/b55151d52296fcce64d1a72538a70b90","name":"apuntesdesanluis.com","image":{"@type":"ImageObject","inLanguage":"es-AR","@id":"https:\/\/apuntesdesanluis.com\/#\/schema\/person\/image\/","url":"https:\/\/apuntesdesanluis.com\/wp-content\/uploads\/2023\/07\/cropped-apuntesdesanluis.png","contentUrl":"https:\/\/apuntesdesanluis.com\/wp-content\/uploads\/2023\/07\/cropped-apuntesdesanluis.png","width":450,"height":112,"caption":"apuntesdesanluis.com"},"logo":{"@id":"https:\/\/apuntesdesanluis.com\/#\/schema\/person\/image\/"},"sameAs":["https:\/\/apuntesdesanluis.com"],"url":"https:\/\/apuntesdesanluis.com\/index.php\/author\/apuntesdesanluis-com\/"}]}},"featured_image_urls":{"full":["https:\/\/apuntesdesanluis.com\/wp-content\/uploads\/2024\/03\/gobernadores.png",621,372,false],"thumbnail":["https:\/\/apuntesdesanluis.com\/wp-content\/uploads\/2024\/03\/gobernadores-150x150.png",150,150,true],"medium":["https:\/\/apuntesdesanluis.com\/wp-content\/uploads\/2024\/03\/gobernadores-300x180.png",300,180,true],"medium_large":["https:\/\/apuntesdesanluis.com\/wp-content\/uploads\/2024\/03\/gobernadores.png",621,372,false],"large":["https:\/\/apuntesdesanluis.com\/wp-content\/uploads\/2024\/03\/gobernadores.png",621,372,false],"1536x1536":["https:\/\/apuntesdesanluis.com\/wp-content\/uploads\/2024\/03\/gobernadores.png",621,372,false],"2048x2048":["https:\/\/apuntesdesanluis.com\/wp-content\/uploads\/2024\/03\/gobernadores.png",621,372,false],"newsever-slider-full":["https:\/\/apuntesdesanluis.com\/wp-content\/uploads\/2024\/03\/gobernadores.png",621,372,false],"newsever-featured":["https:\/\/apuntesdesanluis.com\/wp-content\/uploads\/2024\/03\/gobernadores.png",621,372,false],"newsever-medium":["https:\/\/apuntesdesanluis.com\/wp-content\/uploads\/2024\/03\/gobernadores.png",621,372,false]},"author_info":{"display_name":"apuntesdesanluis.com","author_link":"https:\/\/apuntesdesanluis.com\/index.php\/author\/apuntesdesanluis-com\/"},"category_info":"<a href=\"https:\/\/apuntesdesanluis.com\/index.php\/category\/nacionales-internacionales\/\" rel=\"category tag\">Nacionales\/Internacionales<\/a>","tag_info":"Nacionales\/Internacionales","comment_count":"0","_links":{"self":[{"href":"https:\/\/apuntesdesanluis.com\/index.php\/wp-json\/wp\/v2\/posts\/13916","targetHints":{"allow":["GET"]}}],"collection":[{"href":"https:\/\/apuntesdesanluis.com\/index.php\/wp-json\/wp\/v2\/posts"}],"about":[{"href":"https:\/\/apuntesdesanluis.com\/index.php\/wp-json\/wp\/v2\/types\/post"}],"author":[{"embeddable":true,"href":"https:\/\/apuntesdesanluis.com\/index.php\/wp-json\/wp\/v2\/users\/1"}],"replies":[{"embeddable":true,"href":"https:\/\/apuntesdesanluis.com\/index.php\/wp-json\/wp\/v2\/comments?post=13916"}],"version-history":[{"count":1,"href":"https:\/\/apuntesdesanluis.com\/index.php\/wp-json\/wp\/v2\/posts\/13916\/revisions"}],"predecessor-version":[{"id":13918,"href":"https:\/\/apuntesdesanluis.com\/index.php\/wp-json\/wp\/v2\/posts\/13916\/revisions\/13918"}],"wp:featuredmedia":[{"embeddable":true,"href":"https:\/\/apuntesdesanluis.com\/index.php\/wp-json\/wp\/v2\/media\/13917"}],"wp:attachment":[{"href":"https:\/\/apuntesdesanluis.com\/index.php\/wp-json\/wp\/v2\/media?parent=13916"}],"wp:term":[{"taxonomy":"category","embeddable":true,"href":"https:\/\/apuntesdesanluis.com\/index.php\/wp-json\/wp\/v2\/categories?post=13916"},{"taxonomy":"post_tag","embeddable":true,"href":"https:\/\/apuntesdesanluis.com\/index.php\/wp-json\/wp\/v2\/tags?post=13916"}],"curies":[{"name":"wp","href":"https:\/\/api.w.org\/{rel}","templated":true}]}}