{"id":13919,"date":"2024-03-30T10:27:17","date_gmt":"2024-03-30T13:27:17","guid":{"rendered":"https:\/\/apuntesdesanluis.com\/?p=13919"},"modified":"2024-03-30T10:27:17","modified_gmt":"2024-03-30T13:27:17","slug":"encontraron-el-cuerpo-de-una-joven-cordobesa-en-mexico-que-era-buscada-desde-hacia-dias","status":"publish","type":"post","link":"https:\/\/apuntesdesanluis.com\/index.php\/2024\/03\/30\/encontraron-el-cuerpo-de-una-joven-cordobesa-en-mexico-que-era-buscada-desde-hacia-dias\/","title":{"rendered":"ENCONTRARON EL CUERPO DE UNA JOVEN CORDOBESA EN M\u00c9XICO QUE ERA BUSCADA DESDE HAC\u00cdA D\u00cdAS"},"content":{"rendered":"<h3>El cad\u00e1ver fue hallado completamente desnudo mientras flotaba en el agua en las cercan\u00edas de una zona de hospedajes en Puerto Morelos<\/h3>\n<h3>Tras d\u00edas de intensa b\u00fasqueda, encontraron el cuerpo de la joven cordobesa que hab\u00eda desaparecido en Playa del Carmen, M\u00e9xico. Su cad\u00e1ver fue visto por pescadores flotando en el mar y estaba completamente desnudo.<\/h3>\n<h3>Se trata de Ana Victoria \u201cNani\u201d \u00c1vila, de 28 a\u00f1os, quien trabajaba como fot\u00f3grafa en eventos sociales en una de las zonas m\u00e1s tur\u00edsticas del territorio mexicano, a donde hab\u00eda llegado en diciembre. Fotograf\u00eda bodas y compart\u00eda sus fotos en las redes sociales.<\/h3>\n<p><img fetchpriority=\"high\" decoding=\"async\" class=\"wp-image-13921 aligncenter\" src=\"https:\/\/apuntesdesanluis.com\/wp-content\/uploads\/2024\/03\/AVILA-DE-SOMBRERO-300x201.png\" alt=\"\" width=\"534\" height=\"358\" srcset=\"https:\/\/apuntesdesanluis.com\/wp-content\/uploads\/2024\/03\/AVILA-DE-SOMBRERO-300x201.png 300w, https:\/\/apuntesdesanluis.com\/wp-content\/uploads\/2024\/03\/AVILA-DE-SOMBRERO.png 527w\" sizes=\"(max-width: 534px) 100vw, 534px\" \/><\/p>\n<h3>La joven era intensamente buscada desde el mi\u00e9rcoles, cuando dej\u00f3 de tener contacto con su familia. Por esto mismo, iniciaron una campa\u00f1a por las redes sociales para intentar tener informaci\u00f3n sobre ella.<\/h3>\n<h3>La triste noticia fue confirmada por una de sus amigas Tamara Combina a La Voz del Interior. \u201cEstamos todos conmocionados, y en medio de la conmoci\u00f3n realizando tr\u00e1mites\u201d, expres\u00f3.<\/h3>\n<h3>De acuerdo con la informaci\u00f3n que difundieron los medios locales, el cuerpo fue encontrado completamente desnudo por unos pescadores cerca de una zona de hospedajes en las costas de Puerto Morelos.<\/h3>\n<p><img decoding=\"async\" class=\"wp-image-13922 aligncenter\" src=\"https:\/\/apuntesdesanluis.com\/wp-content\/uploads\/2024\/03\/AVILA-EN-EL-ESPEJO-300x176.png\" alt=\"\" width=\"534\" height=\"313\" srcset=\"https:\/\/apuntesdesanluis.com\/wp-content\/uploads\/2024\/03\/AVILA-EN-EL-ESPEJO-300x176.png 300w, https:\/\/apuntesdesanluis.com\/wp-content\/uploads\/2024\/03\/AVILA-EN-EL-ESPEJO.png 600w\" sizes=\"(max-width: 534px) 100vw, 534px\" \/><\/p>\n<h3>Pese a que la Secretar\u00eda de Seguridad Ciudadana del Estado de Quintana Roo se refiri\u00f3 al hecho como un \u201cahogamiento\u201d, no est\u00e1n esclarecidas las circunstancias en las que muri\u00f3 \u00c1vila. De hecho, la causa qued\u00f3 en manos de la Fiscal\u00eda General del Estado de Quintana Roo.<\/h3>\n<p>&nbsp;<\/p>\n<p>&nbsp;<\/p>\n<p>&nbsp;<\/p>\n","protected":false},"excerpt":{"rendered":"<p>El cad\u00e1ver fue hallado completamente desnudo mientras flotaba en el agua en las cercan\u00edas de&#8230;<\/p>\n","protected":false},"author":1,"featured_media":13920,"comment_status":"closed","ping_status":"closed","sticky":false,"template":"","format":"standard","meta":{"footnotes":""},"categories":[5],"tags":[],"class_list":["post-13919","post","type-post","status-publish","format-standard","has-post-thumbnail","hentry","category-nacionales-internacionales"],"yoast_head":"<!-- This site is optimized with the Yoast SEO plugin v26.1.1 - https:\/\/yoast.com\/wordpress\/plugins\/seo\/ -->\n<title>ENCONTRARON EL CUERPO DE UNA JOVEN CORDOBESA EN M\u00c9XICO QUE ERA BUSCADA DESDE HAC\u00cdA D\u00cdAS - Apuntes de San Luis<\/title>\n<meta name=\"robots\" content=\"index, follow, max-snippet:-1, max-image-preview:large, max-video-preview:-1\" \/>\n<link rel=\"canonical\" href=\"https:\/\/apuntesdesanluis.com\/index.php\/2024\/03\/30\/encontraron-el-cuerpo-de-una-joven-cordobesa-en-mexico-que-era-buscada-desde-hacia-dias\/\" \/>\n<meta property=\"og:locale\" content=\"es_ES\" \/>\n<meta property=\"og:type\" content=\"article\" \/>\n<meta property=\"og:title\" content=\"ENCONTRARON EL CUERPO DE UNA JOVEN CORDOBESA EN M\u00c9XICO QUE ERA BUSCADA DESDE HAC\u00cdA D\u00cdAS - Apuntes de San Luis\" \/>\n<meta property=\"og:description\" content=\"El cad\u00e1ver fue hallado completamente desnudo mientras flotaba en el agua en las cercan\u00edas de...\" \/>\n<meta property=\"og:url\" content=\"https:\/\/apuntesdesanluis.com\/index.php\/2024\/03\/30\/encontraron-el-cuerpo-de-una-joven-cordobesa-en-mexico-que-era-buscada-desde-hacia-dias\/\" \/>\n<meta property=\"og:site_name\" content=\"Apuntes de San Luis\" \/>\n<meta property=\"article:published_time\" content=\"2024-03-30T13:27:17+00:00\" \/>\n<meta property=\"og:image\" content=\"https:\/\/apuntesdesanluis.com\/wp-content\/uploads\/2024\/03\/AVILA-DE-MALLA.png\" \/>\n\t<meta property=\"og:image:width\" content=\"600\" \/>\n\t<meta property=\"og:image:height\" content=\"330\" \/>\n\t<meta property=\"og:image:type\" content=\"image\/png\" \/>\n<meta name=\"author\" content=\"apuntesdesanluis.com\" \/>\n<meta name=\"twitter:card\" content=\"summary_large_image\" \/>\n<meta name=\"twitter:label1\" content=\"Escrito por\" \/>\n\t<meta name=\"twitter:data1\" content=\"apuntesdesanluis.com\" \/>\n\t<meta name=\"twitter:label2\" content=\"Tiempo de lectura\" \/>\n\t<meta name=\"twitter:data2\" content=\"2 minutos\" \/>\n<script type=\"application\/ld+json\" class=\"yoast-schema-graph\">{\"@context\":\"https:\/\/schema.org\",\"@graph\":[{\"@type\":\"Article\",\"@id\":\"https:\/\/apuntesdesanluis.com\/index.php\/2024\/03\/30\/encontraron-el-cuerpo-de-una-joven-cordobesa-en-mexico-que-era-buscada-desde-hacia-dias\/#article\",\"isPartOf\":{\"@id\":\"https:\/\/apuntesdesanluis.com\/index.php\/2024\/03\/30\/encontraron-el-cuerpo-de-una-joven-cordobesa-en-mexico-que-era-buscada-desde-hacia-dias\/\"},\"author\":{\"name\":\"apuntesdesanluis.com\",\"@id\":\"https:\/\/apuntesdesanluis.com\/#\/schema\/person\/b55151d52296fcce64d1a72538a70b90\"},\"headline\":\"ENCONTRARON EL CUERPO DE UNA JOVEN CORDOBESA EN M\u00c9XICO QUE ERA BUSCADA DESDE HAC\u00cdA D\u00cdAS\",\"datePublished\":\"2024-03-30T13:27:17+00:00\",\"mainEntityOfPage\":{\"@id\":\"https:\/\/apuntesdesanluis.com\/index.php\/2024\/03\/30\/encontraron-el-cuerpo-de-una-joven-cordobesa-en-mexico-que-era-buscada-desde-hacia-dias\/\"},\"wordCount\":280,\"publisher\":{\"@id\":\"https:\/\/apuntesdesanluis.com\/#\/schema\/person\/b55151d52296fcce64d1a72538a70b90\"},\"image\":{\"@id\":\"https:\/\/apuntesdesanluis.com\/index.php\/2024\/03\/30\/encontraron-el-cuerpo-de-una-joven-cordobesa-en-mexico-que-era-buscada-desde-hacia-dias\/#primaryimage\"},\"thumbnailUrl\":\"https:\/\/apuntesdesanluis.com\/wp-content\/uploads\/2024\/03\/AVILA-DE-MALLA.png\",\"articleSection\":[\"Nacionales\/Internacionales\"],\"inLanguage\":\"es-AR\"},{\"@type\":\"WebPage\",\"@id\":\"https:\/\/apuntesdesanluis.com\/index.php\/2024\/03\/30\/encontraron-el-cuerpo-de-una-joven-cordobesa-en-mexico-que-era-buscada-desde-hacia-dias\/\",\"url\":\"https:\/\/apuntesdesanluis.com\/index.php\/2024\/03\/30\/encontraron-el-cuerpo-de-una-joven-cordobesa-en-mexico-que-era-buscada-desde-hacia-dias\/\",\"name\":\"ENCONTRARON EL CUERPO DE UNA JOVEN CORDOBESA EN M\u00c9XICO QUE ERA BUSCADA DESDE HAC\u00cdA D\u00cdAS - Apuntes de San Luis\",\"isPartOf\":{\"@id\":\"https:\/\/apuntesdesanluis.com\/#website\"},\"primaryImageOfPage\":{\"@id\":\"https:\/\/apuntesdesanluis.com\/index.php\/2024\/03\/30\/encontraron-el-cuerpo-de-una-joven-cordobesa-en-mexico-que-era-buscada-desde-hacia-dias\/#primaryimage\"},\"image\":{\"@id\":\"https:\/\/apuntesdesanluis.com\/index.php\/2024\/03\/30\/encontraron-el-cuerpo-de-una-joven-cordobesa-en-mexico-que-era-buscada-desde-hacia-dias\/#primaryimage\"},\"thumbnailUrl\":\"https:\/\/apuntesdesanluis.com\/wp-content\/uploads\/2024\/03\/AVILA-DE-MALLA.png\",\"datePublished\":\"2024-03-30T13:27:17+00:00\",\"breadcrumb\":{\"@id\":\"https:\/\/apuntesdesanluis.com\/index.php\/2024\/03\/30\/encontraron-el-cuerpo-de-una-joven-cordobesa-en-mexico-que-era-buscada-desde-hacia-dias\/#breadcrumb\"},\"inLanguage\":\"es-AR\",\"potentialAction\":[{\"@type\":\"ReadAction\",\"target\":[\"https:\/\/apuntesdesanluis.com\/index.php\/2024\/03\/30\/encontraron-el-cuerpo-de-una-joven-cordobesa-en-mexico-que-era-buscada-desde-hacia-dias\/\"]}]},{\"@type\":\"ImageObject\",\"inLanguage\":\"es-AR\",\"@id\":\"https:\/\/apuntesdesanluis.com\/index.php\/2024\/03\/30\/encontraron-el-cuerpo-de-una-joven-cordobesa-en-mexico-que-era-buscada-desde-hacia-dias\/#primaryimage\",\"url\":\"https:\/\/apuntesdesanluis.com\/wp-content\/uploads\/2024\/03\/AVILA-DE-MALLA.png\",\"contentUrl\":\"https:\/\/apuntesdesanluis.com\/wp-content\/uploads\/2024\/03\/AVILA-DE-MALLA.png\",\"width\":600,\"height\":330},{\"@type\":\"BreadcrumbList\",\"@id\":\"https:\/\/apuntesdesanluis.com\/index.php\/2024\/03\/30\/encontraron-el-cuerpo-de-una-joven-cordobesa-en-mexico-que-era-buscada-desde-hacia-dias\/#breadcrumb\",\"itemListElement\":[{\"@type\":\"ListItem\",\"position\":1,\"name\":\"Inicio\",\"item\":\"https:\/\/apuntesdesanluis.com\/\"},{\"@type\":\"ListItem\",\"position\":2,\"name\":\"ENCONTRARON EL CUERPO DE UNA JOVEN CORDOBESA EN M\u00c9XICO QUE ERA BUSCADA DESDE HAC\u00cdA D\u00cdAS\"}]},{\"@type\":\"WebSite\",\"@id\":\"https:\/\/apuntesdesanluis.com\/#website\",\"url\":\"https:\/\/apuntesdesanluis.com\/\",\"name\":\"Apuntes de San Luis\",\"description\":\"\",\"publisher\":{\"@id\":\"https:\/\/apuntesdesanluis.com\/#\/schema\/person\/b55151d52296fcce64d1a72538a70b90\"},\"potentialAction\":[{\"@type\":\"SearchAction\",\"target\":{\"@type\":\"EntryPoint\",\"urlTemplate\":\"https:\/\/apuntesdesanluis.com\/?s={search_term_string}\"},\"query-input\":{\"@type\":\"PropertyValueSpecification\",\"valueRequired\":true,\"valueName\":\"search_term_string\"}}],\"inLanguage\":\"es-AR\"},{\"@type\":[\"Person\",\"Organization\"],\"@id\":\"https:\/\/apuntesdesanluis.com\/#\/schema\/person\/b55151d52296fcce64d1a72538a70b90\",\"name\":\"apuntesdesanluis.com\",\"image\":{\"@type\":\"ImageObject\",\"inLanguage\":\"es-AR\",\"@id\":\"https:\/\/apuntesdesanluis.com\/#\/schema\/person\/image\/\",\"url\":\"https:\/\/apuntesdesanluis.com\/wp-content\/uploads\/2023\/07\/cropped-apuntesdesanluis.png\",\"contentUrl\":\"https:\/\/apuntesdesanluis.com\/wp-content\/uploads\/2023\/07\/cropped-apuntesdesanluis.png\",\"width\":450,\"height\":112,\"caption\":\"apuntesdesanluis.com\"},\"logo\":{\"@id\":\"https:\/\/apuntesdesanluis.com\/#\/schema\/person\/image\/\"},\"sameAs\":[\"https:\/\/apuntesdesanluis.com\"],\"url\":\"https:\/\/apuntesdesanluis.com\/index.php\/author\/apuntesdesanluis-com\/\"}]}<\/script>\n<!-- \/ Yoast SEO plugin. -->","yoast_head_json":{"title":"ENCONTRARON EL CUERPO DE UNA JOVEN CORDOBESA EN M\u00c9XICO QUE ERA BUSCADA DESDE HAC\u00cdA D\u00cdAS - Apuntes de San Luis","robots":{"index":"index","follow":"follow","max-snippet":"max-snippet:-1","max-image-preview":"max-image-preview:large","max-video-preview":"max-video-preview:-1"},"canonical":"https:\/\/apuntesdesanluis.com\/index.php\/2024\/03\/30\/encontraron-el-cuerpo-de-una-joven-cordobesa-en-mexico-que-era-buscada-desde-hacia-dias\/","og_locale":"es_ES","og_type":"article","og_title":"ENCONTRARON EL CUERPO DE UNA JOVEN CORDOBESA EN M\u00c9XICO QUE ERA BUSCADA DESDE HAC\u00cdA D\u00cdAS - Apuntes de San Luis","og_description":"El cad\u00e1ver fue hallado completamente desnudo mientras flotaba en el agua en las cercan\u00edas de...","og_url":"https:\/\/apuntesdesanluis.com\/index.php\/2024\/03\/30\/encontraron-el-cuerpo-de-una-joven-cordobesa-en-mexico-que-era-buscada-desde-hacia-dias\/","og_site_name":"Apuntes de San Luis","article_published_time":"2024-03-30T13:27:17+00:00","og_image":[{"width":600,"height":330,"url":"https:\/\/apuntesdesanluis.com\/wp-content\/uploads\/2024\/03\/AVILA-DE-MALLA.png","type":"image\/png"}],"author":"apuntesdesanluis.com","twitter_card":"summary_large_image","twitter_misc":{"Escrito por":"apuntesdesanluis.com","Tiempo de lectura":"2 minutos"},"schema":{"@context":"https:\/\/schema.org","@graph":[{"@type":"Article","@id":"https:\/\/apuntesdesanluis.com\/index.php\/2024\/03\/30\/encontraron-el-cuerpo-de-una-joven-cordobesa-en-mexico-que-era-buscada-desde-hacia-dias\/#article","isPartOf":{"@id":"https:\/\/apuntesdesanluis.com\/index.php\/2024\/03\/30\/encontraron-el-cuerpo-de-una-joven-cordobesa-en-mexico-que-era-buscada-desde-hacia-dias\/"},"author":{"name":"apuntesdesanluis.com","@id":"https:\/\/apuntesdesanluis.com\/#\/schema\/person\/b55151d52296fcce64d1a72538a70b90"},"headline":"ENCONTRARON EL CUERPO DE UNA JOVEN CORDOBESA EN M\u00c9XICO QUE ERA BUSCADA DESDE HAC\u00cdA D\u00cdAS","datePublished":"2024-03-30T13:27:17+00:00","mainEntityOfPage":{"@id":"https:\/\/apuntesdesanluis.com\/index.php\/2024\/03\/30\/encontraron-el-cuerpo-de-una-joven-cordobesa-en-mexico-que-era-buscada-desde-hacia-dias\/"},"wordCount":280,"publisher":{"@id":"https:\/\/apuntesdesanluis.com\/#\/schema\/person\/b55151d52296fcce64d1a72538a70b90"},"image":{"@id":"https:\/\/apuntesdesanluis.com\/index.php\/2024\/03\/30\/encontraron-el-cuerpo-de-una-joven-cordobesa-en-mexico-que-era-buscada-desde-hacia-dias\/#primaryimage"},"thumbnailUrl":"https:\/\/apuntesdesanluis.com\/wp-content\/uploads\/2024\/03\/AVILA-DE-MALLA.png","articleSection":["Nacionales\/Internacionales"],"inLanguage":"es-AR"},{"@type":"WebPage","@id":"https:\/\/apuntesdesanluis.com\/index.php\/2024\/03\/30\/encontraron-el-cuerpo-de-una-joven-cordobesa-en-mexico-que-era-buscada-desde-hacia-dias\/","url":"https:\/\/apuntesdesanluis.com\/index.php\/2024\/03\/30\/encontraron-el-cuerpo-de-una-joven-cordobesa-en-mexico-que-era-buscada-desde-hacia-dias\/","name":"ENCONTRARON EL CUERPO DE UNA JOVEN CORDOBESA EN M\u00c9XICO QUE ERA BUSCADA DESDE HAC\u00cdA D\u00cdAS - Apuntes de San Luis","isPartOf":{"@id":"https:\/\/apuntesdesanluis.com\/#website"},"primaryImageOfPage":{"@id":"https:\/\/apuntesdesanluis.com\/index.php\/2024\/03\/30\/encontraron-el-cuerpo-de-una-joven-cordobesa-en-mexico-que-era-buscada-desde-hacia-dias\/#primaryimage"},"image":{"@id":"https:\/\/apuntesdesanluis.com\/index.php\/2024\/03\/30\/encontraron-el-cuerpo-de-una-joven-cordobesa-en-mexico-que-era-buscada-desde-hacia-dias\/#primaryimage"},"thumbnailUrl":"https:\/\/apuntesdesanluis.com\/wp-content\/uploads\/2024\/03\/AVILA-DE-MALLA.png","datePublished":"2024-03-30T13:27:17+00:00","breadcrumb":{"@id":"https:\/\/apuntesdesanluis.com\/index.php\/2024\/03\/30\/encontraron-el-cuerpo-de-una-joven-cordobesa-en-mexico-que-era-buscada-desde-hacia-dias\/#breadcrumb"},"inLanguage":"es-AR","potentialAction":[{"@type":"ReadAction","target":["https:\/\/apuntesdesanluis.com\/index.php\/2024\/03\/30\/encontraron-el-cuerpo-de-una-joven-cordobesa-en-mexico-que-era-buscada-desde-hacia-dias\/"]}]},{"@type":"ImageObject","inLanguage":"es-AR","@id":"https:\/\/apuntesdesanluis.com\/index.php\/2024\/03\/30\/encontraron-el-cuerpo-de-una-joven-cordobesa-en-mexico-que-era-buscada-desde-hacia-dias\/#primaryimage","url":"https:\/\/apuntesdesanluis.com\/wp-content\/uploads\/2024\/03\/AVILA-DE-MALLA.png","contentUrl":"https:\/\/apuntesdesanluis.com\/wp-content\/uploads\/2024\/03\/AVILA-DE-MALLA.png","width":600,"height":330},{"@type":"BreadcrumbList","@id":"https:\/\/apuntesdesanluis.com\/index.php\/2024\/03\/30\/encontraron-el-cuerpo-de-una-joven-cordobesa-en-mexico-que-era-buscada-desde-hacia-dias\/#breadcrumb","itemListElement":[{"@type":"ListItem","position":1,"name":"Inicio","item":"https:\/\/apuntesdesanluis.com\/"},{"@type":"ListItem","position":2,"name":"ENCONTRARON EL CUERPO DE UNA JOVEN CORDOBESA EN M\u00c9XICO QUE ERA BUSCADA DESDE HAC\u00cdA D\u00cdAS"}]},{"@type":"WebSite","@id":"https:\/\/apuntesdesanluis.com\/#website","url":"https:\/\/apuntesdesanluis.com\/","name":"Apuntes de San Luis","description":"","publisher":{"@id":"https:\/\/apuntesdesanluis.com\/#\/schema\/person\/b55151d52296fcce64d1a72538a70b90"},"potentialAction":[{"@type":"SearchAction","target":{"@type":"EntryPoint","urlTemplate":"https:\/\/apuntesdesanluis.com\/?s={search_term_string}"},"query-input":{"@type":"PropertyValueSpecification","valueRequired":true,"valueName":"search_term_string"}}],"inLanguage":"es-AR"},{"@type":["Person","Organization"],"@id":"https:\/\/apuntesdesanluis.com\/#\/schema\/person\/b55151d52296fcce64d1a72538a70b90","name":"apuntesdesanluis.com","image":{"@type":"ImageObject","inLanguage":"es-AR","@id":"https:\/\/apuntesdesanluis.com\/#\/schema\/person\/image\/","url":"https:\/\/apuntesdesanluis.com\/wp-content\/uploads\/2023\/07\/cropped-apuntesdesanluis.png","contentUrl":"https:\/\/apuntesdesanluis.com\/wp-content\/uploads\/2023\/07\/cropped-apuntesdesanluis.png","width":450,"height":112,"caption":"apuntesdesanluis.com"},"logo":{"@id":"https:\/\/apuntesdesanluis.com\/#\/schema\/person\/image\/"},"sameAs":["https:\/\/apuntesdesanluis.com"],"url":"https:\/\/apuntesdesanluis.com\/index.php\/author\/apuntesdesanluis-com\/"}]}},"featured_image_urls":{"full":["https:\/\/apuntesdesanluis.com\/wp-content\/uploads\/2024\/03\/AVILA-DE-MALLA.png",600,330,false],"thumbnail":["https:\/\/apuntesdesanluis.com\/wp-content\/uploads\/2024\/03\/AVILA-DE-MALLA-150x150.png",150,150,true],"medium":["https:\/\/apuntesdesanluis.com\/wp-content\/uploads\/2024\/03\/AVILA-DE-MALLA-300x165.png",300,165,true],"medium_large":["https:\/\/apuntesdesanluis.com\/wp-content\/uploads\/2024\/03\/AVILA-DE-MALLA.png",600,330,false],"large":["https:\/\/apuntesdesanluis.com\/wp-content\/uploads\/2024\/03\/AVILA-DE-MALLA.png",600,330,false],"1536x1536":["https:\/\/apuntesdesanluis.com\/wp-content\/uploads\/2024\/03\/AVILA-DE-MALLA.png",600,330,false],"2048x2048":["https:\/\/apuntesdesanluis.com\/wp-content\/uploads\/2024\/03\/AVILA-DE-MALLA.png",600,330,false],"newsever-slider-full":["https:\/\/apuntesdesanluis.com\/wp-content\/uploads\/2024\/03\/AVILA-DE-MALLA.png",600,330,false],"newsever-featured":["https:\/\/apuntesdesanluis.com\/wp-content\/uploads\/2024\/03\/AVILA-DE-MALLA.png",600,330,false],"newsever-medium":["https:\/\/apuntesdesanluis.com\/wp-content\/uploads\/2024\/03\/AVILA-DE-MALLA.png",600,330,false]},"author_info":{"display_name":"apuntesdesanluis.com","author_link":"https:\/\/apuntesdesanluis.com\/index.php\/author\/apuntesdesanluis-com\/"},"category_info":"<a href=\"https:\/\/apuntesdesanluis.com\/index.php\/category\/nacionales-internacionales\/\" rel=\"category tag\">Nacionales\/Internacionales<\/a>","tag_info":"Nacionales\/Internacionales","comment_count":"0","_links":{"self":[{"href":"https:\/\/apuntesdesanluis.com\/index.php\/wp-json\/wp\/v2\/posts\/13919","targetHints":{"allow":["GET"]}}],"collection":[{"href":"https:\/\/apuntesdesanluis.com\/index.php\/wp-json\/wp\/v2\/posts"}],"about":[{"href":"https:\/\/apuntesdesanluis.com\/index.php\/wp-json\/wp\/v2\/types\/post"}],"author":[{"embeddable":true,"href":"https:\/\/apuntesdesanluis.com\/index.php\/wp-json\/wp\/v2\/users\/1"}],"replies":[{"embeddable":true,"href":"https:\/\/apuntesdesanluis.com\/index.php\/wp-json\/wp\/v2\/comments?post=13919"}],"version-history":[{"count":1,"href":"https:\/\/apuntesdesanluis.com\/index.php\/wp-json\/wp\/v2\/posts\/13919\/revisions"}],"predecessor-version":[{"id":13923,"href":"https:\/\/apuntesdesanluis.com\/index.php\/wp-json\/wp\/v2\/posts\/13919\/revisions\/13923"}],"wp:featuredmedia":[{"embeddable":true,"href":"https:\/\/apuntesdesanluis.com\/index.php\/wp-json\/wp\/v2\/media\/13920"}],"wp:attachment":[{"href":"https:\/\/apuntesdesanluis.com\/index.php\/wp-json\/wp\/v2\/media?parent=13919"}],"wp:term":[{"taxonomy":"category","embeddable":true,"href":"https:\/\/apuntesdesanluis.com\/index.php\/wp-json\/wp\/v2\/categories?post=13919"},{"taxonomy":"post_tag","embeddable":true,"href":"https:\/\/apuntesdesanluis.com\/index.php\/wp-json\/wp\/v2\/tags?post=13919"}],"curies":[{"name":"wp","href":"https:\/\/api.w.org\/{rel}","templated":true}]}}