{"id":13924,"date":"2024-03-30T10:33:47","date_gmt":"2024-03-30T13:33:47","guid":{"rendered":"https:\/\/apuntesdesanluis.com\/?p=13924"},"modified":"2024-03-30T10:33:47","modified_gmt":"2024-03-30T13:33:47","slug":"constituyeron-una-ong-destinada-a-los-villamercedinos-con-tea","status":"publish","type":"post","link":"https:\/\/apuntesdesanluis.com\/index.php\/2024\/03\/30\/constituyeron-una-ong-destinada-a-los-villamercedinos-con-tea\/","title":{"rendered":"CONSTITUYERON UNA ONG DESTINADA A LOS VILLAMERCEDINOS CON TEA"},"content":{"rendered":"<h3>\u201cDe Mercedes para Mercedes\u201d. As\u00ed calific\u00f3 Aldo Cristian \u00c1lvarez, a la Asociaci\u00f3n Civil \u2018Mundo Autismo Mercedes\u2019, quien despu\u00e9s de 17 a\u00f1os de lucha concret\u00f3 \u00f1a semana pasada un viejo anhelo: la oficializaci\u00f3n en Personer\u00eda Jur\u00eddica.<\/h3>\n<h3>\u201cEl foco lo hacemos en la problem\u00e1tica de la educaci\u00f3n y la salud de los chicos con autismo. Solamente las familias que est\u00e1n a cargo de ni\u00f1os, adolescentes y adultos con TEA (Trastorno del Espectro Autista) saben bien lo que es vivir esta batalla d\u00eda a d\u00eda\u201d, coment\u00f3 el dirigente.<\/h3>\n<h3>Sin embargo, pese a las dificultades, \u00c1lvarez destac\u00f3 las ganas y el esfuerzo que le ponen los propios chicos para romper las barreras. \u201cEl ejemplo es mi hijo mayor. Tiene 20 a\u00f1os y hoy es el primer estudiante en la Universidad Nacional de San Luis, en Villa Mercedes, estudiando con autismo. Y si nosotros como pap\u00e1s no le informamos a los profesores o a quienes est\u00e1n dictando la materia, no se enteran nunca de que mi hijo tiene autismo\u201d.<\/h3>\n<h3>Al respecto del programa de Fortalecimiento de las ONG, Aldo coment\u00f3: \u201cEs un orgullo recibir la personer\u00eda jur\u00eddica, porque es un instrumento legal para poder defendernos de todas estas injusticias con las cuales nosotros estamos literalmente atormentados\u201d.<\/h3>\n<p>&nbsp;<\/p>\n<p>&nbsp;<\/p>\n<p>&nbsp;<\/p>\n<p>&nbsp;<\/p>\n<p>&nbsp;<\/p>\n<p>&nbsp;<\/p>\n","protected":false},"excerpt":{"rendered":"<p>\u201cDe Mercedes para Mercedes\u201d. As\u00ed calific\u00f3 Aldo Cristian \u00c1lvarez, a la Asociaci\u00f3n Civil \u2018Mundo Autismo&#8230;<\/p>\n","protected":false},"author":1,"featured_media":13925,"comment_status":"closed","ping_status":"closed","sticky":false,"template":"","format":"standard","meta":{"footnotes":""},"categories":[6],"tags":[],"class_list":["post-13924","post","type-post","status-publish","format-standard","has-post-thumbnail","hentry","category-ciudad-provincia"],"yoast_head":"<!-- This site is optimized with the Yoast SEO plugin v26.1.1 - https:\/\/yoast.com\/wordpress\/plugins\/seo\/ -->\n<title>CONSTITUYERON UNA ONG DESTINADA A LOS VILLAMERCEDINOS CON TEA - Apuntes de San Luis<\/title>\n<meta name=\"robots\" content=\"index, follow, max-snippet:-1, max-image-preview:large, max-video-preview:-1\" \/>\n<link rel=\"canonical\" href=\"https:\/\/apuntesdesanluis.com\/index.php\/2024\/03\/30\/constituyeron-una-ong-destinada-a-los-villamercedinos-con-tea\/\" \/>\n<meta property=\"og:locale\" content=\"es_ES\" \/>\n<meta property=\"og:type\" content=\"article\" \/>\n<meta property=\"og:title\" content=\"CONSTITUYERON UNA ONG DESTINADA A LOS VILLAMERCEDINOS CON TEA - Apuntes de San Luis\" \/>\n<meta property=\"og:description\" content=\"\u201cDe Mercedes para Mercedes\u201d. As\u00ed calific\u00f3 Aldo Cristian \u00c1lvarez, a la Asociaci\u00f3n Civil \u2018Mundo Autismo...\" \/>\n<meta property=\"og:url\" content=\"https:\/\/apuntesdesanluis.com\/index.php\/2024\/03\/30\/constituyeron-una-ong-destinada-a-los-villamercedinos-con-tea\/\" \/>\n<meta property=\"og:site_name\" content=\"Apuntes de San Luis\" \/>\n<meta property=\"article:published_time\" content=\"2024-03-30T13:33:47+00:00\" \/>\n<meta property=\"og:image\" content=\"https:\/\/apuntesdesanluis.com\/wp-content\/uploads\/2024\/03\/cristian-alvarez-tea.png\" \/>\n\t<meta property=\"og:image:width\" content=\"600\" \/>\n\t<meta property=\"og:image:height\" content=\"371\" \/>\n\t<meta property=\"og:image:type\" content=\"image\/png\" \/>\n<meta name=\"author\" content=\"apuntesdesanluis.com\" \/>\n<meta name=\"twitter:card\" content=\"summary_large_image\" \/>\n<meta name=\"twitter:label1\" content=\"Escrito por\" \/>\n\t<meta name=\"twitter:data1\" content=\"apuntesdesanluis.com\" \/>\n\t<meta name=\"twitter:label2\" content=\"Tiempo de lectura\" \/>\n\t<meta name=\"twitter:data2\" content=\"1 minuto\" \/>\n<script type=\"application\/ld+json\" class=\"yoast-schema-graph\">{\"@context\":\"https:\/\/schema.org\",\"@graph\":[{\"@type\":\"Article\",\"@id\":\"https:\/\/apuntesdesanluis.com\/index.php\/2024\/03\/30\/constituyeron-una-ong-destinada-a-los-villamercedinos-con-tea\/#article\",\"isPartOf\":{\"@id\":\"https:\/\/apuntesdesanluis.com\/index.php\/2024\/03\/30\/constituyeron-una-ong-destinada-a-los-villamercedinos-con-tea\/\"},\"author\":{\"name\":\"apuntesdesanluis.com\",\"@id\":\"https:\/\/apuntesdesanluis.com\/#\/schema\/person\/b55151d52296fcce64d1a72538a70b90\"},\"headline\":\"CONSTITUYERON UNA ONG DESTINADA A LOS VILLAMERCEDINOS CON TEA\",\"datePublished\":\"2024-03-30T13:33:47+00:00\",\"mainEntityOfPage\":{\"@id\":\"https:\/\/apuntesdesanluis.com\/index.php\/2024\/03\/30\/constituyeron-una-ong-destinada-a-los-villamercedinos-con-tea\/\"},\"wordCount\":231,\"publisher\":{\"@id\":\"https:\/\/apuntesdesanluis.com\/#\/schema\/person\/b55151d52296fcce64d1a72538a70b90\"},\"image\":{\"@id\":\"https:\/\/apuntesdesanluis.com\/index.php\/2024\/03\/30\/constituyeron-una-ong-destinada-a-los-villamercedinos-con-tea\/#primaryimage\"},\"thumbnailUrl\":\"https:\/\/apuntesdesanluis.com\/wp-content\/uploads\/2024\/03\/cristian-alvarez-tea.png\",\"articleSection\":[\"Ciudad\/Provincia\"],\"inLanguage\":\"es-AR\"},{\"@type\":\"WebPage\",\"@id\":\"https:\/\/apuntesdesanluis.com\/index.php\/2024\/03\/30\/constituyeron-una-ong-destinada-a-los-villamercedinos-con-tea\/\",\"url\":\"https:\/\/apuntesdesanluis.com\/index.php\/2024\/03\/30\/constituyeron-una-ong-destinada-a-los-villamercedinos-con-tea\/\",\"name\":\"CONSTITUYERON UNA ONG DESTINADA A LOS VILLAMERCEDINOS CON TEA - Apuntes de San Luis\",\"isPartOf\":{\"@id\":\"https:\/\/apuntesdesanluis.com\/#website\"},\"primaryImageOfPage\":{\"@id\":\"https:\/\/apuntesdesanluis.com\/index.php\/2024\/03\/30\/constituyeron-una-ong-destinada-a-los-villamercedinos-con-tea\/#primaryimage\"},\"image\":{\"@id\":\"https:\/\/apuntesdesanluis.com\/index.php\/2024\/03\/30\/constituyeron-una-ong-destinada-a-los-villamercedinos-con-tea\/#primaryimage\"},\"thumbnailUrl\":\"https:\/\/apuntesdesanluis.com\/wp-content\/uploads\/2024\/03\/cristian-alvarez-tea.png\",\"datePublished\":\"2024-03-30T13:33:47+00:00\",\"breadcrumb\":{\"@id\":\"https:\/\/apuntesdesanluis.com\/index.php\/2024\/03\/30\/constituyeron-una-ong-destinada-a-los-villamercedinos-con-tea\/#breadcrumb\"},\"inLanguage\":\"es-AR\",\"potentialAction\":[{\"@type\":\"ReadAction\",\"target\":[\"https:\/\/apuntesdesanluis.com\/index.php\/2024\/03\/30\/constituyeron-una-ong-destinada-a-los-villamercedinos-con-tea\/\"]}]},{\"@type\":\"ImageObject\",\"inLanguage\":\"es-AR\",\"@id\":\"https:\/\/apuntesdesanluis.com\/index.php\/2024\/03\/30\/constituyeron-una-ong-destinada-a-los-villamercedinos-con-tea\/#primaryimage\",\"url\":\"https:\/\/apuntesdesanluis.com\/wp-content\/uploads\/2024\/03\/cristian-alvarez-tea.png\",\"contentUrl\":\"https:\/\/apuntesdesanluis.com\/wp-content\/uploads\/2024\/03\/cristian-alvarez-tea.png\",\"width\":600,\"height\":371},{\"@type\":\"BreadcrumbList\",\"@id\":\"https:\/\/apuntesdesanluis.com\/index.php\/2024\/03\/30\/constituyeron-una-ong-destinada-a-los-villamercedinos-con-tea\/#breadcrumb\",\"itemListElement\":[{\"@type\":\"ListItem\",\"position\":1,\"name\":\"Inicio\",\"item\":\"https:\/\/apuntesdesanluis.com\/\"},{\"@type\":\"ListItem\",\"position\":2,\"name\":\"CONSTITUYERON UNA ONG DESTINADA A LOS VILLAMERCEDINOS CON TEA\"}]},{\"@type\":\"WebSite\",\"@id\":\"https:\/\/apuntesdesanluis.com\/#website\",\"url\":\"https:\/\/apuntesdesanluis.com\/\",\"name\":\"Apuntes de San Luis\",\"description\":\"\",\"publisher\":{\"@id\":\"https:\/\/apuntesdesanluis.com\/#\/schema\/person\/b55151d52296fcce64d1a72538a70b90\"},\"potentialAction\":[{\"@type\":\"SearchAction\",\"target\":{\"@type\":\"EntryPoint\",\"urlTemplate\":\"https:\/\/apuntesdesanluis.com\/?s={search_term_string}\"},\"query-input\":{\"@type\":\"PropertyValueSpecification\",\"valueRequired\":true,\"valueName\":\"search_term_string\"}}],\"inLanguage\":\"es-AR\"},{\"@type\":[\"Person\",\"Organization\"],\"@id\":\"https:\/\/apuntesdesanluis.com\/#\/schema\/person\/b55151d52296fcce64d1a72538a70b90\",\"name\":\"apuntesdesanluis.com\",\"image\":{\"@type\":\"ImageObject\",\"inLanguage\":\"es-AR\",\"@id\":\"https:\/\/apuntesdesanluis.com\/#\/schema\/person\/image\/\",\"url\":\"https:\/\/apuntesdesanluis.com\/wp-content\/uploads\/2023\/07\/cropped-apuntesdesanluis.png\",\"contentUrl\":\"https:\/\/apuntesdesanluis.com\/wp-content\/uploads\/2023\/07\/cropped-apuntesdesanluis.png\",\"width\":450,\"height\":112,\"caption\":\"apuntesdesanluis.com\"},\"logo\":{\"@id\":\"https:\/\/apuntesdesanluis.com\/#\/schema\/person\/image\/\"},\"sameAs\":[\"https:\/\/apuntesdesanluis.com\"],\"url\":\"https:\/\/apuntesdesanluis.com\/index.php\/author\/apuntesdesanluis-com\/\"}]}<\/script>\n<!-- \/ Yoast SEO plugin. -->","yoast_head_json":{"title":"CONSTITUYERON UNA ONG DESTINADA A LOS VILLAMERCEDINOS CON TEA - Apuntes de San Luis","robots":{"index":"index","follow":"follow","max-snippet":"max-snippet:-1","max-image-preview":"max-image-preview:large","max-video-preview":"max-video-preview:-1"},"canonical":"https:\/\/apuntesdesanluis.com\/index.php\/2024\/03\/30\/constituyeron-una-ong-destinada-a-los-villamercedinos-con-tea\/","og_locale":"es_ES","og_type":"article","og_title":"CONSTITUYERON UNA ONG DESTINADA A LOS VILLAMERCEDINOS CON TEA - Apuntes de San Luis","og_description":"\u201cDe Mercedes para Mercedes\u201d. As\u00ed calific\u00f3 Aldo Cristian \u00c1lvarez, a la Asociaci\u00f3n Civil \u2018Mundo Autismo...","og_url":"https:\/\/apuntesdesanluis.com\/index.php\/2024\/03\/30\/constituyeron-una-ong-destinada-a-los-villamercedinos-con-tea\/","og_site_name":"Apuntes de San Luis","article_published_time":"2024-03-30T13:33:47+00:00","og_image":[{"width":600,"height":371,"url":"https:\/\/apuntesdesanluis.com\/wp-content\/uploads\/2024\/03\/cristian-alvarez-tea.png","type":"image\/png"}],"author":"apuntesdesanluis.com","twitter_card":"summary_large_image","twitter_misc":{"Escrito por":"apuntesdesanluis.com","Tiempo de lectura":"1 minuto"},"schema":{"@context":"https:\/\/schema.org","@graph":[{"@type":"Article","@id":"https:\/\/apuntesdesanluis.com\/index.php\/2024\/03\/30\/constituyeron-una-ong-destinada-a-los-villamercedinos-con-tea\/#article","isPartOf":{"@id":"https:\/\/apuntesdesanluis.com\/index.php\/2024\/03\/30\/constituyeron-una-ong-destinada-a-los-villamercedinos-con-tea\/"},"author":{"name":"apuntesdesanluis.com","@id":"https:\/\/apuntesdesanluis.com\/#\/schema\/person\/b55151d52296fcce64d1a72538a70b90"},"headline":"CONSTITUYERON UNA ONG DESTINADA A LOS VILLAMERCEDINOS CON TEA","datePublished":"2024-03-30T13:33:47+00:00","mainEntityOfPage":{"@id":"https:\/\/apuntesdesanluis.com\/index.php\/2024\/03\/30\/constituyeron-una-ong-destinada-a-los-villamercedinos-con-tea\/"},"wordCount":231,"publisher":{"@id":"https:\/\/apuntesdesanluis.com\/#\/schema\/person\/b55151d52296fcce64d1a72538a70b90"},"image":{"@id":"https:\/\/apuntesdesanluis.com\/index.php\/2024\/03\/30\/constituyeron-una-ong-destinada-a-los-villamercedinos-con-tea\/#primaryimage"},"thumbnailUrl":"https:\/\/apuntesdesanluis.com\/wp-content\/uploads\/2024\/03\/cristian-alvarez-tea.png","articleSection":["Ciudad\/Provincia"],"inLanguage":"es-AR"},{"@type":"WebPage","@id":"https:\/\/apuntesdesanluis.com\/index.php\/2024\/03\/30\/constituyeron-una-ong-destinada-a-los-villamercedinos-con-tea\/","url":"https:\/\/apuntesdesanluis.com\/index.php\/2024\/03\/30\/constituyeron-una-ong-destinada-a-los-villamercedinos-con-tea\/","name":"CONSTITUYERON UNA ONG DESTINADA A LOS VILLAMERCEDINOS CON TEA - Apuntes de San Luis","isPartOf":{"@id":"https:\/\/apuntesdesanluis.com\/#website"},"primaryImageOfPage":{"@id":"https:\/\/apuntesdesanluis.com\/index.php\/2024\/03\/30\/constituyeron-una-ong-destinada-a-los-villamercedinos-con-tea\/#primaryimage"},"image":{"@id":"https:\/\/apuntesdesanluis.com\/index.php\/2024\/03\/30\/constituyeron-una-ong-destinada-a-los-villamercedinos-con-tea\/#primaryimage"},"thumbnailUrl":"https:\/\/apuntesdesanluis.com\/wp-content\/uploads\/2024\/03\/cristian-alvarez-tea.png","datePublished":"2024-03-30T13:33:47+00:00","breadcrumb":{"@id":"https:\/\/apuntesdesanluis.com\/index.php\/2024\/03\/30\/constituyeron-una-ong-destinada-a-los-villamercedinos-con-tea\/#breadcrumb"},"inLanguage":"es-AR","potentialAction":[{"@type":"ReadAction","target":["https:\/\/apuntesdesanluis.com\/index.php\/2024\/03\/30\/constituyeron-una-ong-destinada-a-los-villamercedinos-con-tea\/"]}]},{"@type":"ImageObject","inLanguage":"es-AR","@id":"https:\/\/apuntesdesanluis.com\/index.php\/2024\/03\/30\/constituyeron-una-ong-destinada-a-los-villamercedinos-con-tea\/#primaryimage","url":"https:\/\/apuntesdesanluis.com\/wp-content\/uploads\/2024\/03\/cristian-alvarez-tea.png","contentUrl":"https:\/\/apuntesdesanluis.com\/wp-content\/uploads\/2024\/03\/cristian-alvarez-tea.png","width":600,"height":371},{"@type":"BreadcrumbList","@id":"https:\/\/apuntesdesanluis.com\/index.php\/2024\/03\/30\/constituyeron-una-ong-destinada-a-los-villamercedinos-con-tea\/#breadcrumb","itemListElement":[{"@type":"ListItem","position":1,"name":"Inicio","item":"https:\/\/apuntesdesanluis.com\/"},{"@type":"ListItem","position":2,"name":"CONSTITUYERON UNA ONG DESTINADA A LOS VILLAMERCEDINOS CON TEA"}]},{"@type":"WebSite","@id":"https:\/\/apuntesdesanluis.com\/#website","url":"https:\/\/apuntesdesanluis.com\/","name":"Apuntes de San Luis","description":"","publisher":{"@id":"https:\/\/apuntesdesanluis.com\/#\/schema\/person\/b55151d52296fcce64d1a72538a70b90"},"potentialAction":[{"@type":"SearchAction","target":{"@type":"EntryPoint","urlTemplate":"https:\/\/apuntesdesanluis.com\/?s={search_term_string}"},"query-input":{"@type":"PropertyValueSpecification","valueRequired":true,"valueName":"search_term_string"}}],"inLanguage":"es-AR"},{"@type":["Person","Organization"],"@id":"https:\/\/apuntesdesanluis.com\/#\/schema\/person\/b55151d52296fcce64d1a72538a70b90","name":"apuntesdesanluis.com","image":{"@type":"ImageObject","inLanguage":"es-AR","@id":"https:\/\/apuntesdesanluis.com\/#\/schema\/person\/image\/","url":"https:\/\/apuntesdesanluis.com\/wp-content\/uploads\/2023\/07\/cropped-apuntesdesanluis.png","contentUrl":"https:\/\/apuntesdesanluis.com\/wp-content\/uploads\/2023\/07\/cropped-apuntesdesanluis.png","width":450,"height":112,"caption":"apuntesdesanluis.com"},"logo":{"@id":"https:\/\/apuntesdesanluis.com\/#\/schema\/person\/image\/"},"sameAs":["https:\/\/apuntesdesanluis.com"],"url":"https:\/\/apuntesdesanluis.com\/index.php\/author\/apuntesdesanluis-com\/"}]}},"featured_image_urls":{"full":["https:\/\/apuntesdesanluis.com\/wp-content\/uploads\/2024\/03\/cristian-alvarez-tea.png",600,371,false],"thumbnail":["https:\/\/apuntesdesanluis.com\/wp-content\/uploads\/2024\/03\/cristian-alvarez-tea-150x150.png",150,150,true],"medium":["https:\/\/apuntesdesanluis.com\/wp-content\/uploads\/2024\/03\/cristian-alvarez-tea-300x186.png",300,186,true],"medium_large":["https:\/\/apuntesdesanluis.com\/wp-content\/uploads\/2024\/03\/cristian-alvarez-tea.png",600,371,false],"large":["https:\/\/apuntesdesanluis.com\/wp-content\/uploads\/2024\/03\/cristian-alvarez-tea.png",600,371,false],"1536x1536":["https:\/\/apuntesdesanluis.com\/wp-content\/uploads\/2024\/03\/cristian-alvarez-tea.png",600,371,false],"2048x2048":["https:\/\/apuntesdesanluis.com\/wp-content\/uploads\/2024\/03\/cristian-alvarez-tea.png",600,371,false],"newsever-slider-full":["https:\/\/apuntesdesanluis.com\/wp-content\/uploads\/2024\/03\/cristian-alvarez-tea.png",600,371,false],"newsever-featured":["https:\/\/apuntesdesanluis.com\/wp-content\/uploads\/2024\/03\/cristian-alvarez-tea.png",600,371,false],"newsever-medium":["https:\/\/apuntesdesanluis.com\/wp-content\/uploads\/2024\/03\/cristian-alvarez-tea.png",600,371,false]},"author_info":{"display_name":"apuntesdesanluis.com","author_link":"https:\/\/apuntesdesanluis.com\/index.php\/author\/apuntesdesanluis-com\/"},"category_info":"<a href=\"https:\/\/apuntesdesanluis.com\/index.php\/category\/ciudad-provincia\/\" rel=\"category tag\">Ciudad\/Provincia<\/a>","tag_info":"Ciudad\/Provincia","comment_count":"0","_links":{"self":[{"href":"https:\/\/apuntesdesanluis.com\/index.php\/wp-json\/wp\/v2\/posts\/13924","targetHints":{"allow":["GET"]}}],"collection":[{"href":"https:\/\/apuntesdesanluis.com\/index.php\/wp-json\/wp\/v2\/posts"}],"about":[{"href":"https:\/\/apuntesdesanluis.com\/index.php\/wp-json\/wp\/v2\/types\/post"}],"author":[{"embeddable":true,"href":"https:\/\/apuntesdesanluis.com\/index.php\/wp-json\/wp\/v2\/users\/1"}],"replies":[{"embeddable":true,"href":"https:\/\/apuntesdesanluis.com\/index.php\/wp-json\/wp\/v2\/comments?post=13924"}],"version-history":[{"count":1,"href":"https:\/\/apuntesdesanluis.com\/index.php\/wp-json\/wp\/v2\/posts\/13924\/revisions"}],"predecessor-version":[{"id":13926,"href":"https:\/\/apuntesdesanluis.com\/index.php\/wp-json\/wp\/v2\/posts\/13924\/revisions\/13926"}],"wp:featuredmedia":[{"embeddable":true,"href":"https:\/\/apuntesdesanluis.com\/index.php\/wp-json\/wp\/v2\/media\/13925"}],"wp:attachment":[{"href":"https:\/\/apuntesdesanluis.com\/index.php\/wp-json\/wp\/v2\/media?parent=13924"}],"wp:term":[{"taxonomy":"category","embeddable":true,"href":"https:\/\/apuntesdesanluis.com\/index.php\/wp-json\/wp\/v2\/categories?post=13924"},{"taxonomy":"post_tag","embeddable":true,"href":"https:\/\/apuntesdesanluis.com\/index.php\/wp-json\/wp\/v2\/tags?post=13924"}],"curies":[{"name":"wp","href":"https:\/\/api.w.org\/{rel}","templated":true}]}}