{"id":13941,"date":"2024-03-31T19:32:29","date_gmt":"2024-03-31T22:32:29","guid":{"rendered":"https:\/\/apuntesdesanluis.com\/?p=13941"},"modified":"2024-03-31T19:32:29","modified_gmt":"2024-03-31T22:32:29","slug":"el-ajuste-llego-al-servicio-meteorologico-nacional-y-hablo-el-vocero-despedido-yo-no-soy-un-noqui","status":"publish","type":"post","link":"https:\/\/apuntesdesanluis.com\/index.php\/2024\/03\/31\/el-ajuste-llego-al-servicio-meteorologico-nacional-y-hablo-el-vocero-despedido-yo-no-soy-un-noqui\/","title":{"rendered":"EL AJUSTE LLEG\u00d3 AL SERVICIO METEOROL\u00d3GICO NACIONAL Y HABL\u00d3 EL VOCERO DESPEDIDO: &#8220;YO NO SOY UN \u00d1OQUI&#8221;"},"content":{"rendered":"<h3>Se trata de<strong> Lucas Berengua<\/strong>, quien fue el meteor\u00f3logo m\u00e1s joven del pa\u00eds y cuenta con una trayectoria de 21 a\u00f1os en la agencia de gobierno. &#8220;Hay mucha maldad, mucha crueldad en lo que hicieron&#8221;, expres\u00f3.<\/h3>\n<h3>Tras 21 a\u00f1os de carrera en el Servicio Meteorol\u00f3gico Nacional (SMN), el vocero Lucas Berengua fue despedido en medio de la ola de cesant\u00edas de contratos en distintas dependencias de la Administraci\u00f3n P\u00fablica Nacional. Al respecto, el meteor\u00f3logo asegur\u00f3 que &#8220;no era un \u00f1oqui&#8221; de la agencia de gobierno, por lo que deb\u00eda haber &#8220;un error&#8221; en su caso.<\/h3>\n<h3>En declaraciones radiales, Berengua expres\u00f3 que a\u00fan se encuentra &#8220;muy shockeado con la situaci\u00f3n&#8221;. &#8220;La realidad es que hay 21 a\u00f1os de carrera. Yo no era un \u00f1oqui, as\u00ed que ac\u00e1 no me vengan con el verso del \u00f1oqui porque hasta ayer mismo a la ma\u00f1ana era el vocero del Servicio Meteorol\u00f3gico Nacional&#8221;, expres\u00f3 en di\u00e1logo con Radio con Vos.<\/h3>\n<h3>Sumado a esto, manifest\u00f3 que &#8220;no hay manera de comprobar&#8221; que no realizaba su trabajo. &#8220;Son a\u00f1os de estar a cargo del organismo en toda la parte de redes, de observaci\u00f3n meteorol\u00f3gica y ten\u00eda responsabilidad bajo tres centros internacionales en este momento&#8221;, explic\u00f3. &#8220;Tiene que ser un error. Todav\u00eda es indescriptible lo que se siente&#8221;, subray\u00f3.<\/h3>\n<h3>Seg\u00fan relat\u00f3, le informaron de la cesant\u00eda del contrato por tel\u00e9fono, acusando a su superior de &#8220;no dar la cara&#8221;: &#8220;Me llamaron a una oficina. Mi directora no quiso venir a dar la cara y me trasmitieron por un altavoz en un tel\u00e9fono&#8221;. En ese sentido, tild\u00f3 la notificaci\u00f3n de &#8220;muy bizarra y muy cruel&#8221;.<\/h3>\n<h3>&#8220;Ya no tenemos autorizado el ingreso al organismo. Nos sacaron las cosas, a m\u00ed mientras me lo dec\u00edan me sacaron la computadora&#8230; Hay mucha maldad, mucha crueldad en lo que hicieron&#8221;, a\u00f1adi\u00f3.<\/h3>\n<h3><img fetchpriority=\"high\" decoding=\"async\" class=\"wp-image-13943 aligncenter\" src=\"https:\/\/apuntesdesanluis.com\/wp-content\/uploads\/2024\/03\/SMN-300x167.png\" alt=\"\" width=\"622\" height=\"346\" srcset=\"https:\/\/apuntesdesanluis.com\/wp-content\/uploads\/2024\/03\/SMN-300x167.png 300w, https:\/\/apuntesdesanluis.com\/wp-content\/uploads\/2024\/03\/SMN.png 596w\" sizes=\"(max-width: 622px) 100vw, 622px\" \/><\/h3>\n<h3>En esa l\u00ednea, expres\u00f3 que estuvo &#8220;21 a\u00f1os ayud\u00e1ndoles a sostener el organismo, no solo a estas autoridades, sino a las anteriores, algunas de las cuales hoy est\u00e1n&#8221;. &#8220;Entr\u00e9 en el 2003 y pas\u00e9 por todo tipo de autoridades y gobiernos, jam\u00e1s con un cargo pol\u00edtico porque no voy por ese lado. Soy del cuerpo t\u00e9cnico, aparte de la cara visible del Servicio Meteorol\u00f3gico Nacional en todos los medios&#8221;, manifest\u00f3.<\/h3>\n<h3>Asimismo, indic\u00f3 que hay un clima de incertidumbre en la agencia de gobierno y que a\u00fan no se asesor\u00f3 legalmente ante el despido. &#8220;Estoy todav\u00eda muy shockeado con la situaci\u00f3n y no me asesor\u00e9. Es lo que nos estamos preguntando con mis compa\u00f1eros: qu\u00e9 hacemos. En el caso m\u00edo yo no voy a cobrar indemnizaci\u00f3n porque el art. 9 as\u00ed lo dispone&#8221;, detall\u00f3.<\/h3>\n<h3>Al respecto, precis\u00f3 que la lista inicial de despidos era de 120, pero que fue reducida a 54 empleados, entre los que se encuentra \u00e9l. &#8220;Ayer fuimos notificados 54 de que no nos van a renovar el contrato el 1\u00b0 de abril&#8221;. En esa l\u00ednea, consider\u00f3 que el criterio de selecci\u00f3n para las cesant\u00edas fue &#8220;la perversidad&#8221;. &#8220;En la mayor\u00eda de los casos hay un dedo perverso que aprovech\u00f3 el escudo del ajuste para sacarse gente de encima o no sacar a su gente y, en el caso m\u00edo, volar a un profesional&#8221;, opin\u00f3.<\/h3>\n<h3>Adem\u00e1s, advirti\u00f3 que los despidos ponen &#8220;en riesgo total&#8221; una serie de servicios que brinda el SMN. &#8220;Nunca pens\u00e9 que una cosa como la que hoy me pasa a m\u00ed era posible porque hay toda una trayectoria y una cantidad de servicios que nosotros prest\u00e1bamos y que hoy se ven en riesgo total&#8221;, alert\u00f3.<\/h3>\n<h3>Dentro de las prestaciones, puntualiz\u00f3 que la que m\u00e1s se ver\u00eda afectada es la red de observaciones meteorol\u00f3gicas. &#8220;Hay estaciones que diezmaron la gente. La Plata es una, por ejemplo: quitaron tres personas y a fin de a\u00f1o se jubilan cuatro, as\u00ed que queda diezmado. Despu\u00e9s hay casos particulares como el de La Flores en Buenos Aires, San Carlos en Mendoza&#8221;, precis\u00f3. En ese sentido, explic\u00f3 que dichos sitios van a perder la medici\u00f3n de los datos de temperatura, humedad, presi\u00f3n y viento &#8220;hasta que hagan algo al respecto&#8221;.<\/h3>\n<h3>Finalmente, lament\u00f3 la p\u00e9rdida de m\u00e1s de un siglo de datos meteorol\u00f3gicos del pa\u00eds. &#8220;Tambi\u00e9n se pierden series de 120 a\u00f1os de datos. No nos olvidemos que este el tercer servicio meteorol\u00f3gico que se cre\u00f3 en el mundo, fundado en 1872&#8221;, concluy\u00f3.<\/h3>\n<h3>La noticia del despido de Berengua gener\u00f3 repudio luego de que se viralizara un video donde le realizaron un homenaje a quien fue el meteor\u00f3logo m\u00e1s joven del pa\u00eds y que actualmente se encuentra batallando contra una enfermedad terminal. En la filmaci\u00f3n, se escucha a sus compa\u00f1eros gritando &#8220;Lucas no se va&#8221;, mientras el exvocero saluda y abraza a algunos de ellos.<\/h3>\n<h3>Los despidos en el SMN se suman a las cesant\u00edas que se est\u00e1n realizando en la TV P\u00fablica, Anses, Conicet y diversos organismos nacionales. En el caso del SMN, decenas de empleados est\u00e1n en duda sobre la continuidad de sus tareas debido a que sus contratos vencen el 31 de marzo. Al respecto, la Asociaci\u00f3n de Trabajadores del Estado (ATE) advirti\u00f3 sobre la preocupante situaci\u00f3n que atraviesan las dependencias estatales.<\/h3>\n<p>&nbsp;<\/p>\n<p>&nbsp;<\/p>\n<p>&nbsp;<\/p>\n","protected":false},"excerpt":{"rendered":"<p>Se trata de Lucas Berengua, quien fue el meteor\u00f3logo m\u00e1s joven del pa\u00eds y cuenta&#8230;<\/p>\n","protected":false},"author":1,"featured_media":13942,"comment_status":"closed","ping_status":"closed","sticky":false,"template":"","format":"standard","meta":{"footnotes":""},"categories":[5],"tags":[],"class_list":["post-13941","post","type-post","status-publish","format-standard","has-post-thumbnail","hentry","category-nacionales-internacionales"],"yoast_head":"<!-- This site is optimized with the Yoast SEO plugin v26.1.1 - https:\/\/yoast.com\/wordpress\/plugins\/seo\/ -->\n<title>EL AJUSTE LLEG\u00d3 AL SERVICIO METEOROL\u00d3GICO NACIONAL Y HABL\u00d3 EL VOCERO DESPEDIDO: &quot;YO NO SOY UN \u00d1OQUI&quot; - Apuntes de San Luis<\/title>\n<meta name=\"robots\" content=\"index, follow, max-snippet:-1, max-image-preview:large, max-video-preview:-1\" \/>\n<link rel=\"canonical\" href=\"https:\/\/apuntesdesanluis.com\/index.php\/2024\/03\/31\/el-ajuste-llego-al-servicio-meteorologico-nacional-y-hablo-el-vocero-despedido-yo-no-soy-un-noqui\/\" \/>\n<meta property=\"og:locale\" content=\"es_ES\" \/>\n<meta property=\"og:type\" content=\"article\" \/>\n<meta property=\"og:title\" content=\"EL AJUSTE LLEG\u00d3 AL SERVICIO METEOROL\u00d3GICO NACIONAL Y HABL\u00d3 EL VOCERO DESPEDIDO: &quot;YO NO SOY UN \u00d1OQUI&quot; - Apuntes de San Luis\" \/>\n<meta property=\"og:description\" content=\"Se trata de Lucas Berengua, quien fue el meteor\u00f3logo m\u00e1s joven del pa\u00eds y cuenta...\" \/>\n<meta property=\"og:url\" content=\"https:\/\/apuntesdesanluis.com\/index.php\/2024\/03\/31\/el-ajuste-llego-al-servicio-meteorologico-nacional-y-hablo-el-vocero-despedido-yo-no-soy-un-noqui\/\" \/>\n<meta property=\"og:site_name\" content=\"Apuntes de San Luis\" \/>\n<meta property=\"article:published_time\" content=\"2024-03-31T22:32:29+00:00\" \/>\n<meta property=\"og:image\" content=\"https:\/\/apuntesdesanluis.com\/wp-content\/uploads\/2024\/03\/LUCAS-BERENGUA.png\" \/>\n\t<meta property=\"og:image:width\" content=\"741\" \/>\n\t<meta property=\"og:image:height\" content=\"430\" \/>\n\t<meta property=\"og:image:type\" content=\"image\/png\" \/>\n<meta name=\"author\" content=\"apuntesdesanluis.com\" \/>\n<meta name=\"twitter:card\" content=\"summary_large_image\" \/>\n<meta name=\"twitter:label1\" content=\"Escrito por\" \/>\n\t<meta name=\"twitter:data1\" content=\"apuntesdesanluis.com\" \/>\n\t<meta name=\"twitter:label2\" content=\"Tiempo de lectura\" \/>\n\t<meta name=\"twitter:data2\" content=\"5 minutos\" \/>\n<script type=\"application\/ld+json\" class=\"yoast-schema-graph\">{\"@context\":\"https:\/\/schema.org\",\"@graph\":[{\"@type\":\"Article\",\"@id\":\"https:\/\/apuntesdesanluis.com\/index.php\/2024\/03\/31\/el-ajuste-llego-al-servicio-meteorologico-nacional-y-hablo-el-vocero-despedido-yo-no-soy-un-noqui\/#article\",\"isPartOf\":{\"@id\":\"https:\/\/apuntesdesanluis.com\/index.php\/2024\/03\/31\/el-ajuste-llego-al-servicio-meteorologico-nacional-y-hablo-el-vocero-despedido-yo-no-soy-un-noqui\/\"},\"author\":{\"name\":\"apuntesdesanluis.com\",\"@id\":\"https:\/\/apuntesdesanluis.com\/#\/schema\/person\/b55151d52296fcce64d1a72538a70b90\"},\"headline\":\"EL AJUSTE LLEG\u00d3 AL SERVICIO METEOROL\u00d3GICO NACIONAL Y HABL\u00d3 EL VOCERO DESPEDIDO: &#8220;YO NO SOY UN \u00d1OQUI&#8221;\",\"datePublished\":\"2024-03-31T22:32:29+00:00\",\"mainEntityOfPage\":{\"@id\":\"https:\/\/apuntesdesanluis.com\/index.php\/2024\/03\/31\/el-ajuste-llego-al-servicio-meteorologico-nacional-y-hablo-el-vocero-despedido-yo-no-soy-un-noqui\/\"},\"wordCount\":925,\"publisher\":{\"@id\":\"https:\/\/apuntesdesanluis.com\/#\/schema\/person\/b55151d52296fcce64d1a72538a70b90\"},\"image\":{\"@id\":\"https:\/\/apuntesdesanluis.com\/index.php\/2024\/03\/31\/el-ajuste-llego-al-servicio-meteorologico-nacional-y-hablo-el-vocero-despedido-yo-no-soy-un-noqui\/#primaryimage\"},\"thumbnailUrl\":\"https:\/\/apuntesdesanluis.com\/wp-content\/uploads\/2024\/03\/LUCAS-BERENGUA.png\",\"articleSection\":[\"Nacionales\/Internacionales\"],\"inLanguage\":\"es-AR\"},{\"@type\":\"WebPage\",\"@id\":\"https:\/\/apuntesdesanluis.com\/index.php\/2024\/03\/31\/el-ajuste-llego-al-servicio-meteorologico-nacional-y-hablo-el-vocero-despedido-yo-no-soy-un-noqui\/\",\"url\":\"https:\/\/apuntesdesanluis.com\/index.php\/2024\/03\/31\/el-ajuste-llego-al-servicio-meteorologico-nacional-y-hablo-el-vocero-despedido-yo-no-soy-un-noqui\/\",\"name\":\"EL AJUSTE LLEG\u00d3 AL SERVICIO METEOROL\u00d3GICO NACIONAL Y HABL\u00d3 EL VOCERO DESPEDIDO: \\\"YO NO SOY UN \u00d1OQUI\\\" - Apuntes de San Luis\",\"isPartOf\":{\"@id\":\"https:\/\/apuntesdesanluis.com\/#website\"},\"primaryImageOfPage\":{\"@id\":\"https:\/\/apuntesdesanluis.com\/index.php\/2024\/03\/31\/el-ajuste-llego-al-servicio-meteorologico-nacional-y-hablo-el-vocero-despedido-yo-no-soy-un-noqui\/#primaryimage\"},\"image\":{\"@id\":\"https:\/\/apuntesdesanluis.com\/index.php\/2024\/03\/31\/el-ajuste-llego-al-servicio-meteorologico-nacional-y-hablo-el-vocero-despedido-yo-no-soy-un-noqui\/#primaryimage\"},\"thumbnailUrl\":\"https:\/\/apuntesdesanluis.com\/wp-content\/uploads\/2024\/03\/LUCAS-BERENGUA.png\",\"datePublished\":\"2024-03-31T22:32:29+00:00\",\"breadcrumb\":{\"@id\":\"https:\/\/apuntesdesanluis.com\/index.php\/2024\/03\/31\/el-ajuste-llego-al-servicio-meteorologico-nacional-y-hablo-el-vocero-despedido-yo-no-soy-un-noqui\/#breadcrumb\"},\"inLanguage\":\"es-AR\",\"potentialAction\":[{\"@type\":\"ReadAction\",\"target\":[\"https:\/\/apuntesdesanluis.com\/index.php\/2024\/03\/31\/el-ajuste-llego-al-servicio-meteorologico-nacional-y-hablo-el-vocero-despedido-yo-no-soy-un-noqui\/\"]}]},{\"@type\":\"ImageObject\",\"inLanguage\":\"es-AR\",\"@id\":\"https:\/\/apuntesdesanluis.com\/index.php\/2024\/03\/31\/el-ajuste-llego-al-servicio-meteorologico-nacional-y-hablo-el-vocero-despedido-yo-no-soy-un-noqui\/#primaryimage\",\"url\":\"https:\/\/apuntesdesanluis.com\/wp-content\/uploads\/2024\/03\/LUCAS-BERENGUA.png\",\"contentUrl\":\"https:\/\/apuntesdesanluis.com\/wp-content\/uploads\/2024\/03\/LUCAS-BERENGUA.png\",\"width\":741,\"height\":430},{\"@type\":\"BreadcrumbList\",\"@id\":\"https:\/\/apuntesdesanluis.com\/index.php\/2024\/03\/31\/el-ajuste-llego-al-servicio-meteorologico-nacional-y-hablo-el-vocero-despedido-yo-no-soy-un-noqui\/#breadcrumb\",\"itemListElement\":[{\"@type\":\"ListItem\",\"position\":1,\"name\":\"Inicio\",\"item\":\"https:\/\/apuntesdesanluis.com\/\"},{\"@type\":\"ListItem\",\"position\":2,\"name\":\"EL AJUSTE LLEG\u00d3 AL SERVICIO METEOROL\u00d3GICO NACIONAL Y HABL\u00d3 EL VOCERO DESPEDIDO: &#8220;YO NO SOY UN \u00d1OQUI&#8221;\"}]},{\"@type\":\"WebSite\",\"@id\":\"https:\/\/apuntesdesanluis.com\/#website\",\"url\":\"https:\/\/apuntesdesanluis.com\/\",\"name\":\"Apuntes de San Luis\",\"description\":\"\",\"publisher\":{\"@id\":\"https:\/\/apuntesdesanluis.com\/#\/schema\/person\/b55151d52296fcce64d1a72538a70b90\"},\"potentialAction\":[{\"@type\":\"SearchAction\",\"target\":{\"@type\":\"EntryPoint\",\"urlTemplate\":\"https:\/\/apuntesdesanluis.com\/?s={search_term_string}\"},\"query-input\":{\"@type\":\"PropertyValueSpecification\",\"valueRequired\":true,\"valueName\":\"search_term_string\"}}],\"inLanguage\":\"es-AR\"},{\"@type\":[\"Person\",\"Organization\"],\"@id\":\"https:\/\/apuntesdesanluis.com\/#\/schema\/person\/b55151d52296fcce64d1a72538a70b90\",\"name\":\"apuntesdesanluis.com\",\"image\":{\"@type\":\"ImageObject\",\"inLanguage\":\"es-AR\",\"@id\":\"https:\/\/apuntesdesanluis.com\/#\/schema\/person\/image\/\",\"url\":\"https:\/\/apuntesdesanluis.com\/wp-content\/uploads\/2023\/07\/cropped-apuntesdesanluis.png\",\"contentUrl\":\"https:\/\/apuntesdesanluis.com\/wp-content\/uploads\/2023\/07\/cropped-apuntesdesanluis.png\",\"width\":450,\"height\":112,\"caption\":\"apuntesdesanluis.com\"},\"logo\":{\"@id\":\"https:\/\/apuntesdesanluis.com\/#\/schema\/person\/image\/\"},\"sameAs\":[\"https:\/\/apuntesdesanluis.com\"],\"url\":\"https:\/\/apuntesdesanluis.com\/index.php\/author\/apuntesdesanluis-com\/\"}]}<\/script>\n<!-- \/ Yoast SEO plugin. -->","yoast_head_json":{"title":"EL AJUSTE LLEG\u00d3 AL SERVICIO METEOROL\u00d3GICO NACIONAL Y HABL\u00d3 EL VOCERO DESPEDIDO: \"YO NO SOY UN \u00d1OQUI\" - Apuntes de San Luis","robots":{"index":"index","follow":"follow","max-snippet":"max-snippet:-1","max-image-preview":"max-image-preview:large","max-video-preview":"max-video-preview:-1"},"canonical":"https:\/\/apuntesdesanluis.com\/index.php\/2024\/03\/31\/el-ajuste-llego-al-servicio-meteorologico-nacional-y-hablo-el-vocero-despedido-yo-no-soy-un-noqui\/","og_locale":"es_ES","og_type":"article","og_title":"EL AJUSTE LLEG\u00d3 AL SERVICIO METEOROL\u00d3GICO NACIONAL Y HABL\u00d3 EL VOCERO DESPEDIDO: \"YO NO SOY UN \u00d1OQUI\" - Apuntes de San Luis","og_description":"Se trata de Lucas Berengua, quien fue el meteor\u00f3logo m\u00e1s joven del pa\u00eds y cuenta...","og_url":"https:\/\/apuntesdesanluis.com\/index.php\/2024\/03\/31\/el-ajuste-llego-al-servicio-meteorologico-nacional-y-hablo-el-vocero-despedido-yo-no-soy-un-noqui\/","og_site_name":"Apuntes de San Luis","article_published_time":"2024-03-31T22:32:29+00:00","og_image":[{"width":741,"height":430,"url":"https:\/\/apuntesdesanluis.com\/wp-content\/uploads\/2024\/03\/LUCAS-BERENGUA.png","type":"image\/png"}],"author":"apuntesdesanluis.com","twitter_card":"summary_large_image","twitter_misc":{"Escrito por":"apuntesdesanluis.com","Tiempo de lectura":"5 minutos"},"schema":{"@context":"https:\/\/schema.org","@graph":[{"@type":"Article","@id":"https:\/\/apuntesdesanluis.com\/index.php\/2024\/03\/31\/el-ajuste-llego-al-servicio-meteorologico-nacional-y-hablo-el-vocero-despedido-yo-no-soy-un-noqui\/#article","isPartOf":{"@id":"https:\/\/apuntesdesanluis.com\/index.php\/2024\/03\/31\/el-ajuste-llego-al-servicio-meteorologico-nacional-y-hablo-el-vocero-despedido-yo-no-soy-un-noqui\/"},"author":{"name":"apuntesdesanluis.com","@id":"https:\/\/apuntesdesanluis.com\/#\/schema\/person\/b55151d52296fcce64d1a72538a70b90"},"headline":"EL AJUSTE LLEG\u00d3 AL SERVICIO METEOROL\u00d3GICO NACIONAL Y HABL\u00d3 EL VOCERO DESPEDIDO: &#8220;YO NO SOY UN \u00d1OQUI&#8221;","datePublished":"2024-03-31T22:32:29+00:00","mainEntityOfPage":{"@id":"https:\/\/apuntesdesanluis.com\/index.php\/2024\/03\/31\/el-ajuste-llego-al-servicio-meteorologico-nacional-y-hablo-el-vocero-despedido-yo-no-soy-un-noqui\/"},"wordCount":925,"publisher":{"@id":"https:\/\/apuntesdesanluis.com\/#\/schema\/person\/b55151d52296fcce64d1a72538a70b90"},"image":{"@id":"https:\/\/apuntesdesanluis.com\/index.php\/2024\/03\/31\/el-ajuste-llego-al-servicio-meteorologico-nacional-y-hablo-el-vocero-despedido-yo-no-soy-un-noqui\/#primaryimage"},"thumbnailUrl":"https:\/\/apuntesdesanluis.com\/wp-content\/uploads\/2024\/03\/LUCAS-BERENGUA.png","articleSection":["Nacionales\/Internacionales"],"inLanguage":"es-AR"},{"@type":"WebPage","@id":"https:\/\/apuntesdesanluis.com\/index.php\/2024\/03\/31\/el-ajuste-llego-al-servicio-meteorologico-nacional-y-hablo-el-vocero-despedido-yo-no-soy-un-noqui\/","url":"https:\/\/apuntesdesanluis.com\/index.php\/2024\/03\/31\/el-ajuste-llego-al-servicio-meteorologico-nacional-y-hablo-el-vocero-despedido-yo-no-soy-un-noqui\/","name":"EL AJUSTE LLEG\u00d3 AL SERVICIO METEOROL\u00d3GICO NACIONAL Y HABL\u00d3 EL VOCERO DESPEDIDO: \"YO NO SOY UN \u00d1OQUI\" - Apuntes de San Luis","isPartOf":{"@id":"https:\/\/apuntesdesanluis.com\/#website"},"primaryImageOfPage":{"@id":"https:\/\/apuntesdesanluis.com\/index.php\/2024\/03\/31\/el-ajuste-llego-al-servicio-meteorologico-nacional-y-hablo-el-vocero-despedido-yo-no-soy-un-noqui\/#primaryimage"},"image":{"@id":"https:\/\/apuntesdesanluis.com\/index.php\/2024\/03\/31\/el-ajuste-llego-al-servicio-meteorologico-nacional-y-hablo-el-vocero-despedido-yo-no-soy-un-noqui\/#primaryimage"},"thumbnailUrl":"https:\/\/apuntesdesanluis.com\/wp-content\/uploads\/2024\/03\/LUCAS-BERENGUA.png","datePublished":"2024-03-31T22:32:29+00:00","breadcrumb":{"@id":"https:\/\/apuntesdesanluis.com\/index.php\/2024\/03\/31\/el-ajuste-llego-al-servicio-meteorologico-nacional-y-hablo-el-vocero-despedido-yo-no-soy-un-noqui\/#breadcrumb"},"inLanguage":"es-AR","potentialAction":[{"@type":"ReadAction","target":["https:\/\/apuntesdesanluis.com\/index.php\/2024\/03\/31\/el-ajuste-llego-al-servicio-meteorologico-nacional-y-hablo-el-vocero-despedido-yo-no-soy-un-noqui\/"]}]},{"@type":"ImageObject","inLanguage":"es-AR","@id":"https:\/\/apuntesdesanluis.com\/index.php\/2024\/03\/31\/el-ajuste-llego-al-servicio-meteorologico-nacional-y-hablo-el-vocero-despedido-yo-no-soy-un-noqui\/#primaryimage","url":"https:\/\/apuntesdesanluis.com\/wp-content\/uploads\/2024\/03\/LUCAS-BERENGUA.png","contentUrl":"https:\/\/apuntesdesanluis.com\/wp-content\/uploads\/2024\/03\/LUCAS-BERENGUA.png","width":741,"height":430},{"@type":"BreadcrumbList","@id":"https:\/\/apuntesdesanluis.com\/index.php\/2024\/03\/31\/el-ajuste-llego-al-servicio-meteorologico-nacional-y-hablo-el-vocero-despedido-yo-no-soy-un-noqui\/#breadcrumb","itemListElement":[{"@type":"ListItem","position":1,"name":"Inicio","item":"https:\/\/apuntesdesanluis.com\/"},{"@type":"ListItem","position":2,"name":"EL AJUSTE LLEG\u00d3 AL SERVICIO METEOROL\u00d3GICO NACIONAL Y HABL\u00d3 EL VOCERO DESPEDIDO: &#8220;YO NO SOY UN \u00d1OQUI&#8221;"}]},{"@type":"WebSite","@id":"https:\/\/apuntesdesanluis.com\/#website","url":"https:\/\/apuntesdesanluis.com\/","name":"Apuntes de San Luis","description":"","publisher":{"@id":"https:\/\/apuntesdesanluis.com\/#\/schema\/person\/b55151d52296fcce64d1a72538a70b90"},"potentialAction":[{"@type":"SearchAction","target":{"@type":"EntryPoint","urlTemplate":"https:\/\/apuntesdesanluis.com\/?s={search_term_string}"},"query-input":{"@type":"PropertyValueSpecification","valueRequired":true,"valueName":"search_term_string"}}],"inLanguage":"es-AR"},{"@type":["Person","Organization"],"@id":"https:\/\/apuntesdesanluis.com\/#\/schema\/person\/b55151d52296fcce64d1a72538a70b90","name":"apuntesdesanluis.com","image":{"@type":"ImageObject","inLanguage":"es-AR","@id":"https:\/\/apuntesdesanluis.com\/#\/schema\/person\/image\/","url":"https:\/\/apuntesdesanluis.com\/wp-content\/uploads\/2023\/07\/cropped-apuntesdesanluis.png","contentUrl":"https:\/\/apuntesdesanluis.com\/wp-content\/uploads\/2023\/07\/cropped-apuntesdesanluis.png","width":450,"height":112,"caption":"apuntesdesanluis.com"},"logo":{"@id":"https:\/\/apuntesdesanluis.com\/#\/schema\/person\/image\/"},"sameAs":["https:\/\/apuntesdesanluis.com"],"url":"https:\/\/apuntesdesanluis.com\/index.php\/author\/apuntesdesanluis-com\/"}]}},"featured_image_urls":{"full":["https:\/\/apuntesdesanluis.com\/wp-content\/uploads\/2024\/03\/LUCAS-BERENGUA.png",741,430,false],"thumbnail":["https:\/\/apuntesdesanluis.com\/wp-content\/uploads\/2024\/03\/LUCAS-BERENGUA-150x150.png",150,150,true],"medium":["https:\/\/apuntesdesanluis.com\/wp-content\/uploads\/2024\/03\/LUCAS-BERENGUA-300x174.png",300,174,true],"medium_large":["https:\/\/apuntesdesanluis.com\/wp-content\/uploads\/2024\/03\/LUCAS-BERENGUA.png",640,371,false],"large":["https:\/\/apuntesdesanluis.com\/wp-content\/uploads\/2024\/03\/LUCAS-BERENGUA.png",640,371,false],"1536x1536":["https:\/\/apuntesdesanluis.com\/wp-content\/uploads\/2024\/03\/LUCAS-BERENGUA.png",741,430,false],"2048x2048":["https:\/\/apuntesdesanluis.com\/wp-content\/uploads\/2024\/03\/LUCAS-BERENGUA.png",741,430,false],"newsever-slider-full":["https:\/\/apuntesdesanluis.com\/wp-content\/uploads\/2024\/03\/LUCAS-BERENGUA.png",741,430,false],"newsever-featured":["https:\/\/apuntesdesanluis.com\/wp-content\/uploads\/2024\/03\/LUCAS-BERENGUA.png",741,430,false],"newsever-medium":["https:\/\/apuntesdesanluis.com\/wp-content\/uploads\/2024\/03\/LUCAS-BERENGUA-720x430.png",720,430,true]},"author_info":{"display_name":"apuntesdesanluis.com","author_link":"https:\/\/apuntesdesanluis.com\/index.php\/author\/apuntesdesanluis-com\/"},"category_info":"<a href=\"https:\/\/apuntesdesanluis.com\/index.php\/category\/nacionales-internacionales\/\" rel=\"category tag\">Nacionales\/Internacionales<\/a>","tag_info":"Nacionales\/Internacionales","comment_count":"0","_links":{"self":[{"href":"https:\/\/apuntesdesanluis.com\/index.php\/wp-json\/wp\/v2\/posts\/13941","targetHints":{"allow":["GET"]}}],"collection":[{"href":"https:\/\/apuntesdesanluis.com\/index.php\/wp-json\/wp\/v2\/posts"}],"about":[{"href":"https:\/\/apuntesdesanluis.com\/index.php\/wp-json\/wp\/v2\/types\/post"}],"author":[{"embeddable":true,"href":"https:\/\/apuntesdesanluis.com\/index.php\/wp-json\/wp\/v2\/users\/1"}],"replies":[{"embeddable":true,"href":"https:\/\/apuntesdesanluis.com\/index.php\/wp-json\/wp\/v2\/comments?post=13941"}],"version-history":[{"count":1,"href":"https:\/\/apuntesdesanluis.com\/index.php\/wp-json\/wp\/v2\/posts\/13941\/revisions"}],"predecessor-version":[{"id":13944,"href":"https:\/\/apuntesdesanluis.com\/index.php\/wp-json\/wp\/v2\/posts\/13941\/revisions\/13944"}],"wp:featuredmedia":[{"embeddable":true,"href":"https:\/\/apuntesdesanluis.com\/index.php\/wp-json\/wp\/v2\/media\/13942"}],"wp:attachment":[{"href":"https:\/\/apuntesdesanluis.com\/index.php\/wp-json\/wp\/v2\/media?parent=13941"}],"wp:term":[{"taxonomy":"category","embeddable":true,"href":"https:\/\/apuntesdesanluis.com\/index.php\/wp-json\/wp\/v2\/categories?post=13941"},{"taxonomy":"post_tag","embeddable":true,"href":"https:\/\/apuntesdesanluis.com\/index.php\/wp-json\/wp\/v2\/tags?post=13941"}],"curies":[{"name":"wp","href":"https:\/\/api.w.org\/{rel}","templated":true}]}}