{"id":13945,"date":"2024-03-31T20:09:37","date_gmt":"2024-03-31T23:09:37","guid":{"rendered":"https:\/\/apuntesdesanluis.com\/?p=13945"},"modified":"2024-04-02T21:45:10","modified_gmt":"2024-04-03T00:45:10","slug":"despidos-ate-protestara-con-ingresos-masivos-a-ministerios-y-organismos-el-3-de-abril","status":"publish","type":"post","link":"https:\/\/apuntesdesanluis.com\/index.php\/2024\/03\/31\/despidos-ate-protestara-con-ingresos-masivos-a-ministerios-y-organismos-el-3-de-abril\/","title":{"rendered":"DESPIDOS: ATE PROTESTAR\u00c1 ESTE MI\u00c9RCOLES CON INGRESOS MASIVOS A MINISTERIOS Y ORGANISMOS"},"content":{"rendered":"<h3>\u201cNos vamos a defender con las herramientas m\u00e1s efectivas que tenemos, que es ejerciendo nuestros derechos constitucionales de huelga, manifestaci\u00f3n y libertad de expresi\u00f3n. Hacemos responsable al Gobierno por cualquier hecho violento que hubiera que lamentar\u201d, se\u00f1al\u00f3 el Secretario General <strong>Rodolfo Aguiar<\/strong>.<\/h3>\n<h3>La <strong>Asociaci\u00f3n Trabajadores del Estado (ATE)<\/strong> realizar\u00e1 una nueva Jornada Nacional de Protesta con ingresos masivos y simult\u00e1neos a todos los organismos nacionales y ministerios este mi\u00e9rcoles 3 de abril, ante la llegada de miles de telegramas de despidos a trabajadores de la Administraci\u00f3n P\u00fablica. \u201cMilei encabeza un Gobierno da\u00f1ino y cruel\u201d, se\u00f1al\u00f3 Rodolfo Aguiar, Secretario General del sindicato.<\/h3>\n<h3>\u201cLos estatales ya empezamos a recibir miles de telegramas de despidos, pero el d\u00eda 3 de abril igual nos vamos a presentar en nuestros puestos de trabajo, haci\u00e9ndolo exclusivo responsable por cualquier hecho violento que hubiera que lamentar\u201d, indic\u00f3 el referente de ATE. Seg\u00fan un relevamiento del sindicato, a la fecha de hoy, jueves 28 de marzo, ya son m\u00e1s de 5 mil las cesant\u00edas confirmadas, y 2 mil m\u00e1s que est\u00e1n en proceso de materializarse durante la jornada de hoy.<\/h3>\n<h3>En esta l\u00ednea, Aguiar continu\u00f3: \u201cEsperamos que no se repitan escenarios del pasado, que la Administraci\u00f3n P\u00fablica no est\u00e9 militarizada y la Polic\u00eda no bloquee las puertas de los ministerios con listados de quienes s\u00ed y quienes no pueden ingresar\u201d. Cabe destacar que el Gobierno pretende despedir a trabajadores de 10, 15 y hasta 20 a\u00f1os de antig\u00fcedad en el Estado.<\/h3>\n<h3>\u201cEl Presidente y sus funcionarios que tanto hablan de respetar la ley, han decidido quebrantar normas fundamentales y violar el derecho constitucional a la estabilidad en el Empleo P\u00fablico, como figura en el art\u00edculo 14 bis. Cada cesant\u00eda se convierte en un calvario para el trabajador y la familia que la sufre, pero tambi\u00e9n detr\u00e1s de cada puesto de empleo que se pierde, hay una pol\u00edtica p\u00fablica que se desmantela\u201d, apunt\u00f3 el Secretario General de ATE.<\/h3>\n<h3>De cara a lo que ser\u00e1 la jornada de ingresos de este mi\u00e9rcoles, Aguiar concluy\u00f3: \u201cFrente a esta tragedia social que est\u00e1n provocando, nos vamos a defender con las herramientas m\u00e1s efectivas que tenemos, que es ejerciendo nuestros derechos constitucionales de huelga, manifestaci\u00f3n y libertad de expresi\u00f3n. Como son peligrosos y despiadados, anticipamos nuestro repudio a cualquier hecho de represi\u00f3n que desde la Casa Rosada se pudiera ordenar\u201d.<\/h3>\n<h3>Se trata de m\u00e1s de 70 mil los v\u00ednculos laborales que est\u00e1n en riesgo por estas horas. De ese total, 65 mil corresponden a los denominados Art\u00edculo 9 de la planta transitoria del Estado, y el resto son contratos de Asistencia T\u00e9cnica y Profesional (ATP).<\/h3>\n<h3>En una nota firmada y dirigida al Ministerio de Capital Humano que conduce Sandra Pettovello, el sindicato inform\u00f3 que la medida de fuerza nacional se desarrollar\u00e1 en reclamo de:<\/h3>\n<ul>\n<li>\n<h3>Aumento salarial que supere la inflaci\u00f3n.<\/h3>\n<\/li>\n<li>\n<h3>Pase a Planta Permanente y Estabilidad Laboral para todos los trabajadores.<\/h3>\n<\/li>\n<li>\n<h3>Cese de los despidos y reincorporaci\u00f3n inmediata de todos los despedidos.<\/h3>\n<\/li>\n<li>\n<h3>Cese de las pol\u00edticas de ajuste, miseria y hambre.<\/h3>\n<\/li>\n<li>\n<h3>Rechazo a cualquier privatizaci\u00f3n de empresas p\u00fablicas.<\/h3>\n<\/li>\n<li>\n<h3>Defensa del Fondo de Garant\u00eda de Sustentabilidad (FGS) y de todos los trabajadores jubilados.<\/h3>\n<\/li>\n<li>\n<h3>Anulaci\u00f3n del Protocolo Anti-Movilizaciones.<\/h3>\n<\/li>\n<li>\n<h3>Cese de las pol\u00edticas de amedrentamiento hacia los trabajadores estatales.<\/h3>\n<\/li>\n<li>\n<h3>Anulaci\u00f3n del DNU 70\/23<\/h3>\n<\/li>\n<\/ul>\n<h3><\/h3>\n<h3><span style=\"color: #3366ff;\">NOTICIAS RELACIONADAS:<\/span><\/h3>\n<h3><a href=\"https:\/\/apuntesdesanluis.com\/index.php\/2024\/03\/27\/el-gobierno-cerro-las-delegaciones-provinciales-del-enacom-y-se-estiman-500-despidos\/\" target=\"_blank\" rel=\"noopener\"><span style=\"color: #ff0000;\">DESPIDOS EN ENACOM<\/span><\/a><\/h3>\n<h3><a href=\"https:\/\/apuntesdesanluis.com\/index.php\/2024\/03\/31\/informequienes-deciden-los-despidos-y-freezan-las-pensiones-en-la-agencia-nacional-de-discapacidad\/\" target=\"_blank\" rel=\"noopener\"><span style=\"color: #ff0000;\">DESPIDOS EN LA ANDIS<\/span><\/a><\/h3>\n<h3><a href=\"https:\/\/apuntesdesanluis.com\/index.php\/2024\/03\/31\/el-ajuste-llego-al-servicio-meteorologico-nacional-y-hablo-el-vocero-despedido-yo-no-soy-un-noqui\/\" target=\"_blank\" rel=\"noopener\"><span style=\"color: #ff0000;\">DESPIDOS EN EL SMN<\/span><\/a><\/h3>\n<h3><a href=\"https:\/\/apuntesdesanluis.com\/index.php\/2024\/03\/31\/despiden-520-empleados-de-la-secretaria-de-trabajo-de-la-nacion\/\" target=\"_blank\" rel=\"noopener\"><span style=\"color: #ff0000;\">DESPIDOS EN LA SECRETAR\u00cdA DE TRABAJO<\/span><\/a><\/h3>\n<h3><a href=\"https:\/\/apuntesdesanluis.com\/index.php\/2024\/03\/26\/comenzaron-a-cerrar-oficinas-de-anses-en-varias-provincias\/\" target=\"_blank\" rel=\"noopener\"><span style=\"color: #ff0000;\">DESPIDOS EN ANSES<\/span><\/a><\/h3>\n<h3><a href=\"https:\/\/apuntesdesanluis.com\/index.php\/2024\/02\/22\/el-gobierno-decidio-el-cierre-definitivo-del-inadi\/\" target=\"_blank\" rel=\"noopener\"><span style=\"color: #ff0000;\">CIERRE DEL INADI<\/span><\/a><\/h3>\n<h3><a href=\"https:\/\/apuntesdesanluis.com\/index.php\/2023\/11\/29\/javier-milei-anuncio-el-cierre-de-la-secretaria-de-comercio\/\" target=\"_blank\" rel=\"noopener\"><span style=\"color: #ff0000;\">CIERRE DE LA SECRETAR\u00cdA DE COMERCIO<\/span><\/a><\/h3>\n<h3><a href=\"https:\/\/apuntesdesanluis.com\/index.php\/2024\/03\/06\/entusiasmado-por-el-caso-telam-ahora-milei-quiere-cerrar-canal-7-radio-nacional-y-paka-paka\/\" target=\"_blank\" rel=\"noopener\"><span style=\"color: #ff0000;\">CIERRE DE TELAM<\/span><\/a><\/h3>\n<h3><\/h3>\n<p>&nbsp;<\/p>\n","protected":false},"excerpt":{"rendered":"<p>\u201cNos vamos a defender con las herramientas m\u00e1s efectivas que tenemos, que es ejerciendo nuestros&#8230;<\/p>\n","protected":false},"author":1,"featured_media":13946,"comment_status":"closed","ping_status":"closed","sticky":false,"template":"","format":"standard","meta":{"footnotes":""},"categories":[5],"tags":[],"class_list":["post-13945","post","type-post","status-publish","format-standard","has-post-thumbnail","hentry","category-nacionales-internacionales"],"yoast_head":"<!-- This site is optimized with the Yoast SEO plugin v26.1.1 - https:\/\/yoast.com\/wordpress\/plugins\/seo\/ -->\n<title>DESPIDOS: ATE PROTESTAR\u00c1 ESTE MI\u00c9RCOLES CON INGRESOS MASIVOS A MINISTERIOS Y ORGANISMOS - Apuntes de San Luis<\/title>\n<meta name=\"robots\" content=\"index, follow, max-snippet:-1, max-image-preview:large, max-video-preview:-1\" \/>\n<link rel=\"canonical\" href=\"https:\/\/apuntesdesanluis.com\/index.php\/2024\/03\/31\/despidos-ate-protestara-con-ingresos-masivos-a-ministerios-y-organismos-el-3-de-abril\/\" \/>\n<meta property=\"og:locale\" content=\"es_ES\" \/>\n<meta property=\"og:type\" content=\"article\" \/>\n<meta property=\"og:title\" content=\"DESPIDOS: ATE PROTESTAR\u00c1 ESTE MI\u00c9RCOLES CON INGRESOS MASIVOS A MINISTERIOS Y ORGANISMOS - Apuntes de San Luis\" \/>\n<meta property=\"og:description\" content=\"\u201cNos vamos a defender con las herramientas m\u00e1s efectivas que tenemos, que es ejerciendo nuestros...\" \/>\n<meta property=\"og:url\" content=\"https:\/\/apuntesdesanluis.com\/index.php\/2024\/03\/31\/despidos-ate-protestara-con-ingresos-masivos-a-ministerios-y-organismos-el-3-de-abril\/\" \/>\n<meta property=\"og:site_name\" content=\"Apuntes de San Luis\" \/>\n<meta property=\"article:published_time\" content=\"2024-03-31T23:09:37+00:00\" \/>\n<meta property=\"article:modified_time\" content=\"2024-04-03T00:45:10+00:00\" \/>\n<meta property=\"og:image\" content=\"https:\/\/apuntesdesanluis.com\/wp-content\/uploads\/2024\/03\/aguiar.png\" \/>\n\t<meta property=\"og:image:width\" content=\"600\" \/>\n\t<meta property=\"og:image:height\" content=\"332\" \/>\n\t<meta property=\"og:image:type\" content=\"image\/png\" \/>\n<meta name=\"author\" content=\"apuntesdesanluis.com\" \/>\n<meta name=\"twitter:card\" content=\"summary_large_image\" \/>\n<meta name=\"twitter:label1\" content=\"Escrito por\" \/>\n\t<meta name=\"twitter:data1\" content=\"apuntesdesanluis.com\" \/>\n\t<meta name=\"twitter:label2\" content=\"Tiempo de lectura\" \/>\n\t<meta name=\"twitter:data2\" content=\"3 minutos\" \/>\n<script type=\"application\/ld+json\" class=\"yoast-schema-graph\">{\"@context\":\"https:\/\/schema.org\",\"@graph\":[{\"@type\":\"Article\",\"@id\":\"https:\/\/apuntesdesanluis.com\/index.php\/2024\/03\/31\/despidos-ate-protestara-con-ingresos-masivos-a-ministerios-y-organismos-el-3-de-abril\/#article\",\"isPartOf\":{\"@id\":\"https:\/\/apuntesdesanluis.com\/index.php\/2024\/03\/31\/despidos-ate-protestara-con-ingresos-masivos-a-ministerios-y-organismos-el-3-de-abril\/\"},\"author\":{\"name\":\"apuntesdesanluis.com\",\"@id\":\"https:\/\/apuntesdesanluis.com\/#\/schema\/person\/b55151d52296fcce64d1a72538a70b90\"},\"headline\":\"DESPIDOS: ATE PROTESTAR\u00c1 ESTE MI\u00c9RCOLES CON INGRESOS MASIVOS A MINISTERIOS Y ORGANISMOS\",\"datePublished\":\"2024-03-31T23:09:37+00:00\",\"dateModified\":\"2024-04-03T00:45:10+00:00\",\"mainEntityOfPage\":{\"@id\":\"https:\/\/apuntesdesanluis.com\/index.php\/2024\/03\/31\/despidos-ate-protestara-con-ingresos-masivos-a-ministerios-y-organismos-el-3-de-abril\/\"},\"wordCount\":625,\"publisher\":{\"@id\":\"https:\/\/apuntesdesanluis.com\/#\/schema\/person\/b55151d52296fcce64d1a72538a70b90\"},\"image\":{\"@id\":\"https:\/\/apuntesdesanluis.com\/index.php\/2024\/03\/31\/despidos-ate-protestara-con-ingresos-masivos-a-ministerios-y-organismos-el-3-de-abril\/#primaryimage\"},\"thumbnailUrl\":\"https:\/\/apuntesdesanluis.com\/wp-content\/uploads\/2024\/03\/aguiar.png\",\"articleSection\":[\"Nacionales\/Internacionales\"],\"inLanguage\":\"es-AR\"},{\"@type\":\"WebPage\",\"@id\":\"https:\/\/apuntesdesanluis.com\/index.php\/2024\/03\/31\/despidos-ate-protestara-con-ingresos-masivos-a-ministerios-y-organismos-el-3-de-abril\/\",\"url\":\"https:\/\/apuntesdesanluis.com\/index.php\/2024\/03\/31\/despidos-ate-protestara-con-ingresos-masivos-a-ministerios-y-organismos-el-3-de-abril\/\",\"name\":\"DESPIDOS: ATE PROTESTAR\u00c1 ESTE MI\u00c9RCOLES CON INGRESOS MASIVOS A MINISTERIOS Y ORGANISMOS - Apuntes de San Luis\",\"isPartOf\":{\"@id\":\"https:\/\/apuntesdesanluis.com\/#website\"},\"primaryImageOfPage\":{\"@id\":\"https:\/\/apuntesdesanluis.com\/index.php\/2024\/03\/31\/despidos-ate-protestara-con-ingresos-masivos-a-ministerios-y-organismos-el-3-de-abril\/#primaryimage\"},\"image\":{\"@id\":\"https:\/\/apuntesdesanluis.com\/index.php\/2024\/03\/31\/despidos-ate-protestara-con-ingresos-masivos-a-ministerios-y-organismos-el-3-de-abril\/#primaryimage\"},\"thumbnailUrl\":\"https:\/\/apuntesdesanluis.com\/wp-content\/uploads\/2024\/03\/aguiar.png\",\"datePublished\":\"2024-03-31T23:09:37+00:00\",\"dateModified\":\"2024-04-03T00:45:10+00:00\",\"breadcrumb\":{\"@id\":\"https:\/\/apuntesdesanluis.com\/index.php\/2024\/03\/31\/despidos-ate-protestara-con-ingresos-masivos-a-ministerios-y-organismos-el-3-de-abril\/#breadcrumb\"},\"inLanguage\":\"es-AR\",\"potentialAction\":[{\"@type\":\"ReadAction\",\"target\":[\"https:\/\/apuntesdesanluis.com\/index.php\/2024\/03\/31\/despidos-ate-protestara-con-ingresos-masivos-a-ministerios-y-organismos-el-3-de-abril\/\"]}]},{\"@type\":\"ImageObject\",\"inLanguage\":\"es-AR\",\"@id\":\"https:\/\/apuntesdesanluis.com\/index.php\/2024\/03\/31\/despidos-ate-protestara-con-ingresos-masivos-a-ministerios-y-organismos-el-3-de-abril\/#primaryimage\",\"url\":\"https:\/\/apuntesdesanluis.com\/wp-content\/uploads\/2024\/03\/aguiar.png\",\"contentUrl\":\"https:\/\/apuntesdesanluis.com\/wp-content\/uploads\/2024\/03\/aguiar.png\",\"width\":600,\"height\":332},{\"@type\":\"BreadcrumbList\",\"@id\":\"https:\/\/apuntesdesanluis.com\/index.php\/2024\/03\/31\/despidos-ate-protestara-con-ingresos-masivos-a-ministerios-y-organismos-el-3-de-abril\/#breadcrumb\",\"itemListElement\":[{\"@type\":\"ListItem\",\"position\":1,\"name\":\"Inicio\",\"item\":\"https:\/\/apuntesdesanluis.com\/\"},{\"@type\":\"ListItem\",\"position\":2,\"name\":\"DESPIDOS: ATE PROTESTAR\u00c1 ESTE MI\u00c9RCOLES CON INGRESOS MASIVOS A MINISTERIOS Y ORGANISMOS\"}]},{\"@type\":\"WebSite\",\"@id\":\"https:\/\/apuntesdesanluis.com\/#website\",\"url\":\"https:\/\/apuntesdesanluis.com\/\",\"name\":\"Apuntes de San Luis\",\"description\":\"\",\"publisher\":{\"@id\":\"https:\/\/apuntesdesanluis.com\/#\/schema\/person\/b55151d52296fcce64d1a72538a70b90\"},\"potentialAction\":[{\"@type\":\"SearchAction\",\"target\":{\"@type\":\"EntryPoint\",\"urlTemplate\":\"https:\/\/apuntesdesanluis.com\/?s={search_term_string}\"},\"query-input\":{\"@type\":\"PropertyValueSpecification\",\"valueRequired\":true,\"valueName\":\"search_term_string\"}}],\"inLanguage\":\"es-AR\"},{\"@type\":[\"Person\",\"Organization\"],\"@id\":\"https:\/\/apuntesdesanluis.com\/#\/schema\/person\/b55151d52296fcce64d1a72538a70b90\",\"name\":\"apuntesdesanluis.com\",\"image\":{\"@type\":\"ImageObject\",\"inLanguage\":\"es-AR\",\"@id\":\"https:\/\/apuntesdesanluis.com\/#\/schema\/person\/image\/\",\"url\":\"https:\/\/apuntesdesanluis.com\/wp-content\/uploads\/2023\/07\/cropped-apuntesdesanluis.png\",\"contentUrl\":\"https:\/\/apuntesdesanluis.com\/wp-content\/uploads\/2023\/07\/cropped-apuntesdesanluis.png\",\"width\":450,\"height\":112,\"caption\":\"apuntesdesanluis.com\"},\"logo\":{\"@id\":\"https:\/\/apuntesdesanluis.com\/#\/schema\/person\/image\/\"},\"sameAs\":[\"https:\/\/apuntesdesanluis.com\"],\"url\":\"https:\/\/apuntesdesanluis.com\/index.php\/author\/apuntesdesanluis-com\/\"}]}<\/script>\n<!-- \/ Yoast SEO plugin. -->","yoast_head_json":{"title":"DESPIDOS: ATE PROTESTAR\u00c1 ESTE MI\u00c9RCOLES CON INGRESOS MASIVOS A MINISTERIOS Y ORGANISMOS - Apuntes de San Luis","robots":{"index":"index","follow":"follow","max-snippet":"max-snippet:-1","max-image-preview":"max-image-preview:large","max-video-preview":"max-video-preview:-1"},"canonical":"https:\/\/apuntesdesanluis.com\/index.php\/2024\/03\/31\/despidos-ate-protestara-con-ingresos-masivos-a-ministerios-y-organismos-el-3-de-abril\/","og_locale":"es_ES","og_type":"article","og_title":"DESPIDOS: ATE PROTESTAR\u00c1 ESTE MI\u00c9RCOLES CON INGRESOS MASIVOS A MINISTERIOS Y ORGANISMOS - Apuntes de San Luis","og_description":"\u201cNos vamos a defender con las herramientas m\u00e1s efectivas que tenemos, que es ejerciendo nuestros...","og_url":"https:\/\/apuntesdesanluis.com\/index.php\/2024\/03\/31\/despidos-ate-protestara-con-ingresos-masivos-a-ministerios-y-organismos-el-3-de-abril\/","og_site_name":"Apuntes de San Luis","article_published_time":"2024-03-31T23:09:37+00:00","article_modified_time":"2024-04-03T00:45:10+00:00","og_image":[{"width":600,"height":332,"url":"https:\/\/apuntesdesanluis.com\/wp-content\/uploads\/2024\/03\/aguiar.png","type":"image\/png"}],"author":"apuntesdesanluis.com","twitter_card":"summary_large_image","twitter_misc":{"Escrito por":"apuntesdesanluis.com","Tiempo de lectura":"3 minutos"},"schema":{"@context":"https:\/\/schema.org","@graph":[{"@type":"Article","@id":"https:\/\/apuntesdesanluis.com\/index.php\/2024\/03\/31\/despidos-ate-protestara-con-ingresos-masivos-a-ministerios-y-organismos-el-3-de-abril\/#article","isPartOf":{"@id":"https:\/\/apuntesdesanluis.com\/index.php\/2024\/03\/31\/despidos-ate-protestara-con-ingresos-masivos-a-ministerios-y-organismos-el-3-de-abril\/"},"author":{"name":"apuntesdesanluis.com","@id":"https:\/\/apuntesdesanluis.com\/#\/schema\/person\/b55151d52296fcce64d1a72538a70b90"},"headline":"DESPIDOS: ATE PROTESTAR\u00c1 ESTE MI\u00c9RCOLES CON INGRESOS MASIVOS A MINISTERIOS Y ORGANISMOS","datePublished":"2024-03-31T23:09:37+00:00","dateModified":"2024-04-03T00:45:10+00:00","mainEntityOfPage":{"@id":"https:\/\/apuntesdesanluis.com\/index.php\/2024\/03\/31\/despidos-ate-protestara-con-ingresos-masivos-a-ministerios-y-organismos-el-3-de-abril\/"},"wordCount":625,"publisher":{"@id":"https:\/\/apuntesdesanluis.com\/#\/schema\/person\/b55151d52296fcce64d1a72538a70b90"},"image":{"@id":"https:\/\/apuntesdesanluis.com\/index.php\/2024\/03\/31\/despidos-ate-protestara-con-ingresos-masivos-a-ministerios-y-organismos-el-3-de-abril\/#primaryimage"},"thumbnailUrl":"https:\/\/apuntesdesanluis.com\/wp-content\/uploads\/2024\/03\/aguiar.png","articleSection":["Nacionales\/Internacionales"],"inLanguage":"es-AR"},{"@type":"WebPage","@id":"https:\/\/apuntesdesanluis.com\/index.php\/2024\/03\/31\/despidos-ate-protestara-con-ingresos-masivos-a-ministerios-y-organismos-el-3-de-abril\/","url":"https:\/\/apuntesdesanluis.com\/index.php\/2024\/03\/31\/despidos-ate-protestara-con-ingresos-masivos-a-ministerios-y-organismos-el-3-de-abril\/","name":"DESPIDOS: ATE PROTESTAR\u00c1 ESTE MI\u00c9RCOLES CON INGRESOS MASIVOS A MINISTERIOS Y ORGANISMOS - Apuntes de San Luis","isPartOf":{"@id":"https:\/\/apuntesdesanluis.com\/#website"},"primaryImageOfPage":{"@id":"https:\/\/apuntesdesanluis.com\/index.php\/2024\/03\/31\/despidos-ate-protestara-con-ingresos-masivos-a-ministerios-y-organismos-el-3-de-abril\/#primaryimage"},"image":{"@id":"https:\/\/apuntesdesanluis.com\/index.php\/2024\/03\/31\/despidos-ate-protestara-con-ingresos-masivos-a-ministerios-y-organismos-el-3-de-abril\/#primaryimage"},"thumbnailUrl":"https:\/\/apuntesdesanluis.com\/wp-content\/uploads\/2024\/03\/aguiar.png","datePublished":"2024-03-31T23:09:37+00:00","dateModified":"2024-04-03T00:45:10+00:00","breadcrumb":{"@id":"https:\/\/apuntesdesanluis.com\/index.php\/2024\/03\/31\/despidos-ate-protestara-con-ingresos-masivos-a-ministerios-y-organismos-el-3-de-abril\/#breadcrumb"},"inLanguage":"es-AR","potentialAction":[{"@type":"ReadAction","target":["https:\/\/apuntesdesanluis.com\/index.php\/2024\/03\/31\/despidos-ate-protestara-con-ingresos-masivos-a-ministerios-y-organismos-el-3-de-abril\/"]}]},{"@type":"ImageObject","inLanguage":"es-AR","@id":"https:\/\/apuntesdesanluis.com\/index.php\/2024\/03\/31\/despidos-ate-protestara-con-ingresos-masivos-a-ministerios-y-organismos-el-3-de-abril\/#primaryimage","url":"https:\/\/apuntesdesanluis.com\/wp-content\/uploads\/2024\/03\/aguiar.png","contentUrl":"https:\/\/apuntesdesanluis.com\/wp-content\/uploads\/2024\/03\/aguiar.png","width":600,"height":332},{"@type":"BreadcrumbList","@id":"https:\/\/apuntesdesanluis.com\/index.php\/2024\/03\/31\/despidos-ate-protestara-con-ingresos-masivos-a-ministerios-y-organismos-el-3-de-abril\/#breadcrumb","itemListElement":[{"@type":"ListItem","position":1,"name":"Inicio","item":"https:\/\/apuntesdesanluis.com\/"},{"@type":"ListItem","position":2,"name":"DESPIDOS: ATE PROTESTAR\u00c1 ESTE MI\u00c9RCOLES CON INGRESOS MASIVOS A MINISTERIOS Y ORGANISMOS"}]},{"@type":"WebSite","@id":"https:\/\/apuntesdesanluis.com\/#website","url":"https:\/\/apuntesdesanluis.com\/","name":"Apuntes de San Luis","description":"","publisher":{"@id":"https:\/\/apuntesdesanluis.com\/#\/schema\/person\/b55151d52296fcce64d1a72538a70b90"},"potentialAction":[{"@type":"SearchAction","target":{"@type":"EntryPoint","urlTemplate":"https:\/\/apuntesdesanluis.com\/?s={search_term_string}"},"query-input":{"@type":"PropertyValueSpecification","valueRequired":true,"valueName":"search_term_string"}}],"inLanguage":"es-AR"},{"@type":["Person","Organization"],"@id":"https:\/\/apuntesdesanluis.com\/#\/schema\/person\/b55151d52296fcce64d1a72538a70b90","name":"apuntesdesanluis.com","image":{"@type":"ImageObject","inLanguage":"es-AR","@id":"https:\/\/apuntesdesanluis.com\/#\/schema\/person\/image\/","url":"https:\/\/apuntesdesanluis.com\/wp-content\/uploads\/2023\/07\/cropped-apuntesdesanluis.png","contentUrl":"https:\/\/apuntesdesanluis.com\/wp-content\/uploads\/2023\/07\/cropped-apuntesdesanluis.png","width":450,"height":112,"caption":"apuntesdesanluis.com"},"logo":{"@id":"https:\/\/apuntesdesanluis.com\/#\/schema\/person\/image\/"},"sameAs":["https:\/\/apuntesdesanluis.com"],"url":"https:\/\/apuntesdesanluis.com\/index.php\/author\/apuntesdesanluis-com\/"}]}},"featured_image_urls":{"full":["https:\/\/apuntesdesanluis.com\/wp-content\/uploads\/2024\/03\/aguiar.png",600,332,false],"thumbnail":["https:\/\/apuntesdesanluis.com\/wp-content\/uploads\/2024\/03\/aguiar-150x150.png",150,150,true],"medium":["https:\/\/apuntesdesanluis.com\/wp-content\/uploads\/2024\/03\/aguiar-300x166.png",300,166,true],"medium_large":["https:\/\/apuntesdesanluis.com\/wp-content\/uploads\/2024\/03\/aguiar.png",600,332,false],"large":["https:\/\/apuntesdesanluis.com\/wp-content\/uploads\/2024\/03\/aguiar.png",600,332,false],"1536x1536":["https:\/\/apuntesdesanluis.com\/wp-content\/uploads\/2024\/03\/aguiar.png",600,332,false],"2048x2048":["https:\/\/apuntesdesanluis.com\/wp-content\/uploads\/2024\/03\/aguiar.png",600,332,false],"newsever-slider-full":["https:\/\/apuntesdesanluis.com\/wp-content\/uploads\/2024\/03\/aguiar.png",600,332,false],"newsever-featured":["https:\/\/apuntesdesanluis.com\/wp-content\/uploads\/2024\/03\/aguiar.png",600,332,false],"newsever-medium":["https:\/\/apuntesdesanluis.com\/wp-content\/uploads\/2024\/03\/aguiar.png",600,332,false]},"author_info":{"display_name":"apuntesdesanluis.com","author_link":"https:\/\/apuntesdesanluis.com\/index.php\/author\/apuntesdesanluis-com\/"},"category_info":"<a href=\"https:\/\/apuntesdesanluis.com\/index.php\/category\/nacionales-internacionales\/\" rel=\"category tag\">Nacionales\/Internacionales<\/a>","tag_info":"Nacionales\/Internacionales","comment_count":"0","_links":{"self":[{"href":"https:\/\/apuntesdesanluis.com\/index.php\/wp-json\/wp\/v2\/posts\/13945","targetHints":{"allow":["GET"]}}],"collection":[{"href":"https:\/\/apuntesdesanluis.com\/index.php\/wp-json\/wp\/v2\/posts"}],"about":[{"href":"https:\/\/apuntesdesanluis.com\/index.php\/wp-json\/wp\/v2\/types\/post"}],"author":[{"embeddable":true,"href":"https:\/\/apuntesdesanluis.com\/index.php\/wp-json\/wp\/v2\/users\/1"}],"replies":[{"embeddable":true,"href":"https:\/\/apuntesdesanluis.com\/index.php\/wp-json\/wp\/v2\/comments?post=13945"}],"version-history":[{"count":3,"href":"https:\/\/apuntesdesanluis.com\/index.php\/wp-json\/wp\/v2\/posts\/13945\/revisions"}],"predecessor-version":[{"id":14068,"href":"https:\/\/apuntesdesanluis.com\/index.php\/wp-json\/wp\/v2\/posts\/13945\/revisions\/14068"}],"wp:featuredmedia":[{"embeddable":true,"href":"https:\/\/apuntesdesanluis.com\/index.php\/wp-json\/wp\/v2\/media\/13946"}],"wp:attachment":[{"href":"https:\/\/apuntesdesanluis.com\/index.php\/wp-json\/wp\/v2\/media?parent=13945"}],"wp:term":[{"taxonomy":"category","embeddable":true,"href":"https:\/\/apuntesdesanluis.com\/index.php\/wp-json\/wp\/v2\/categories?post=13945"},{"taxonomy":"post_tag","embeddable":true,"href":"https:\/\/apuntesdesanluis.com\/index.php\/wp-json\/wp\/v2\/tags?post=13945"}],"curies":[{"name":"wp","href":"https:\/\/api.w.org\/{rel}","templated":true}]}}