{"id":1395,"date":"2023-08-09T23:10:51","date_gmt":"2023-08-10T02:10:51","guid":{"rendered":"https:\/\/apuntesdesanluis.com\/?p=1395"},"modified":"2023-08-10T01:12:54","modified_gmt":"2023-08-10T04:12:54","slug":"en-las-escuelas-donde-se-vote-clases-virtuales-a-la-manana-y-actividad-normal-por-la-tarde","status":"publish","type":"post","link":"https:\/\/apuntesdesanluis.com\/index.php\/2023\/08\/09\/en-las-escuelas-donde-se-vote-clases-virtuales-a-la-manana-y-actividad-normal-por-la-tarde\/","title":{"rendered":"EN LAS ESCUELAS DONDE SE VOTE, CLASES VIRTUALES A LA MA\u00d1ANA Y ACTIVIDAD NORMAL POR LA TARDE"},"content":{"rendered":"<h3 class=\"yiv7409174924ydp6329976emsonormal\" style=\"background: white;\"><span style=\"font-family: 'Arial','sans-serif'; color: #1d2228;\">En los establecimientos educativos donde se vota, no habr\u00e1 actividad escolar presencial en el turno ma\u00f1ana, a los fines de que se puedan realizar las tareas de limpieza y acondicionamiento necesarias. Mientras que el turno tarde tendr\u00e1 clases con normalidad.<\/span><\/h3>\n<h3 class=\"yiv7409174924ydp6329976emsonormal\" style=\"background: white;\"><span style=\"font-family: 'Arial','sans-serif'; color: #1d2228;\">A trav\u00e9s de la Circular N\u00ba8-PGCE-2023, el Ministerio de Educaci\u00f3n comunic\u00f3 las distintas disposiciones a los establecimientos educativos donde se votar\u00e1 este domingo en el marco de las Elecciones Primarias, Abiertas, Simult\u00e1neas y Obligatorias (PASO) que se celebrar\u00e1n en todo el pa\u00eds.<\/span><\/h3>\n<h3 class=\"yiv7409174924ydp6329976emsonormal\" style=\"background: white;\"><span style=\"font-family: 'Arial','sans-serif'; color: #1d2228;\">A fines de limpiar y acondicionar todos los edificios, se determin\u00f3 que en el turno ma\u00f1ana dicte clases virtuales. En tanto que para el turno tarde, la actividad escolar ser\u00e1 normal.<\/span><\/h3>\n","protected":false},"excerpt":{"rendered":"<p>En los establecimientos educativos donde se vota, no habr\u00e1 actividad escolar presencial en el turno&#8230;<\/p>\n","protected":false},"author":1,"featured_media":1396,"comment_status":"closed","ping_status":"closed","sticky":false,"template":"","format":"standard","meta":{"footnotes":""},"categories":[6],"tags":[],"class_list":["post-1395","post","type-post","status-publish","format-standard","has-post-thumbnail","hentry","category-ciudad-provincia"],"yoast_head":"<!-- This site is optimized with the Yoast SEO plugin v26.1.1 - https:\/\/yoast.com\/wordpress\/plugins\/seo\/ -->\n<title>EN LAS ESCUELAS DONDE SE VOTE, CLASES VIRTUALES A LA MA\u00d1ANA Y ACTIVIDAD NORMAL POR LA TARDE - Apuntes de San Luis<\/title>\n<meta name=\"robots\" content=\"index, follow, max-snippet:-1, max-image-preview:large, max-video-preview:-1\" \/>\n<link rel=\"canonical\" href=\"https:\/\/apuntesdesanluis.com\/index.php\/2023\/08\/09\/en-las-escuelas-donde-se-vote-clases-virtuales-a-la-manana-y-actividad-normal-por-la-tarde\/\" \/>\n<meta property=\"og:locale\" content=\"es_ES\" \/>\n<meta property=\"og:type\" content=\"article\" \/>\n<meta property=\"og:title\" content=\"EN LAS ESCUELAS DONDE SE VOTE, CLASES VIRTUALES A LA MA\u00d1ANA Y ACTIVIDAD NORMAL POR LA TARDE - Apuntes de San Luis\" \/>\n<meta property=\"og:description\" content=\"En los establecimientos educativos donde se vota, no habr\u00e1 actividad escolar presencial en el turno...\" \/>\n<meta property=\"og:url\" content=\"https:\/\/apuntesdesanluis.com\/index.php\/2023\/08\/09\/en-las-escuelas-donde-se-vote-clases-virtuales-a-la-manana-y-actividad-normal-por-la-tarde\/\" \/>\n<meta property=\"og:site_name\" content=\"Apuntes de San Luis\" \/>\n<meta property=\"article:published_time\" content=\"2023-08-10T02:10:51+00:00\" \/>\n<meta property=\"article:modified_time\" content=\"2023-08-10T04:12:54+00:00\" \/>\n<meta property=\"og:image\" content=\"https:\/\/apuntesdesanluis.com\/wp-content\/uploads\/2023\/08\/ministerio-de-educacion.png\" \/>\n\t<meta property=\"og:image:width\" content=\"564\" \/>\n\t<meta property=\"og:image:height\" content=\"378\" \/>\n\t<meta property=\"og:image:type\" content=\"image\/png\" \/>\n<meta name=\"author\" content=\"apuntesdesanluis.com\" \/>\n<meta name=\"twitter:card\" content=\"summary_large_image\" \/>\n<meta name=\"twitter:label1\" content=\"Escrito por\" \/>\n\t<meta name=\"twitter:data1\" content=\"apuntesdesanluis.com\" \/>\n\t<meta name=\"twitter:label2\" content=\"Tiempo de lectura\" \/>\n\t<meta name=\"twitter:data2\" content=\"1 minuto\" \/>\n<script type=\"application\/ld+json\" class=\"yoast-schema-graph\">{\"@context\":\"https:\/\/schema.org\",\"@graph\":[{\"@type\":\"Article\",\"@id\":\"https:\/\/apuntesdesanluis.com\/index.php\/2023\/08\/09\/en-las-escuelas-donde-se-vote-clases-virtuales-a-la-manana-y-actividad-normal-por-la-tarde\/#article\",\"isPartOf\":{\"@id\":\"https:\/\/apuntesdesanluis.com\/index.php\/2023\/08\/09\/en-las-escuelas-donde-se-vote-clases-virtuales-a-la-manana-y-actividad-normal-por-la-tarde\/\"},\"author\":{\"name\":\"apuntesdesanluis.com\",\"@id\":\"https:\/\/apuntesdesanluis.com\/#\/schema\/person\/b55151d52296fcce64d1a72538a70b90\"},\"headline\":\"EN LAS ESCUELAS DONDE SE VOTE, CLASES VIRTUALES A LA MA\u00d1ANA Y ACTIVIDAD NORMAL POR LA TARDE\",\"datePublished\":\"2023-08-10T02:10:51+00:00\",\"dateModified\":\"2023-08-10T04:12:54+00:00\",\"mainEntityOfPage\":{\"@id\":\"https:\/\/apuntesdesanluis.com\/index.php\/2023\/08\/09\/en-las-escuelas-donde-se-vote-clases-virtuales-a-la-manana-y-actividad-normal-por-la-tarde\/\"},\"wordCount\":139,\"publisher\":{\"@id\":\"https:\/\/apuntesdesanluis.com\/#\/schema\/person\/b55151d52296fcce64d1a72538a70b90\"},\"image\":{\"@id\":\"https:\/\/apuntesdesanluis.com\/index.php\/2023\/08\/09\/en-las-escuelas-donde-se-vote-clases-virtuales-a-la-manana-y-actividad-normal-por-la-tarde\/#primaryimage\"},\"thumbnailUrl\":\"https:\/\/apuntesdesanluis.com\/wp-content\/uploads\/2023\/08\/ministerio-de-educacion.png\",\"articleSection\":[\"Ciudad\/Provincia\"],\"inLanguage\":\"es-AR\"},{\"@type\":\"WebPage\",\"@id\":\"https:\/\/apuntesdesanluis.com\/index.php\/2023\/08\/09\/en-las-escuelas-donde-se-vote-clases-virtuales-a-la-manana-y-actividad-normal-por-la-tarde\/\",\"url\":\"https:\/\/apuntesdesanluis.com\/index.php\/2023\/08\/09\/en-las-escuelas-donde-se-vote-clases-virtuales-a-la-manana-y-actividad-normal-por-la-tarde\/\",\"name\":\"EN LAS ESCUELAS DONDE SE VOTE, CLASES VIRTUALES A LA MA\u00d1ANA Y ACTIVIDAD NORMAL POR LA TARDE - Apuntes de San Luis\",\"isPartOf\":{\"@id\":\"https:\/\/apuntesdesanluis.com\/#website\"},\"primaryImageOfPage\":{\"@id\":\"https:\/\/apuntesdesanluis.com\/index.php\/2023\/08\/09\/en-las-escuelas-donde-se-vote-clases-virtuales-a-la-manana-y-actividad-normal-por-la-tarde\/#primaryimage\"},\"image\":{\"@id\":\"https:\/\/apuntesdesanluis.com\/index.php\/2023\/08\/09\/en-las-escuelas-donde-se-vote-clases-virtuales-a-la-manana-y-actividad-normal-por-la-tarde\/#primaryimage\"},\"thumbnailUrl\":\"https:\/\/apuntesdesanluis.com\/wp-content\/uploads\/2023\/08\/ministerio-de-educacion.png\",\"datePublished\":\"2023-08-10T02:10:51+00:00\",\"dateModified\":\"2023-08-10T04:12:54+00:00\",\"breadcrumb\":{\"@id\":\"https:\/\/apuntesdesanluis.com\/index.php\/2023\/08\/09\/en-las-escuelas-donde-se-vote-clases-virtuales-a-la-manana-y-actividad-normal-por-la-tarde\/#breadcrumb\"},\"inLanguage\":\"es-AR\",\"potentialAction\":[{\"@type\":\"ReadAction\",\"target\":[\"https:\/\/apuntesdesanluis.com\/index.php\/2023\/08\/09\/en-las-escuelas-donde-se-vote-clases-virtuales-a-la-manana-y-actividad-normal-por-la-tarde\/\"]}]},{\"@type\":\"ImageObject\",\"inLanguage\":\"es-AR\",\"@id\":\"https:\/\/apuntesdesanluis.com\/index.php\/2023\/08\/09\/en-las-escuelas-donde-se-vote-clases-virtuales-a-la-manana-y-actividad-normal-por-la-tarde\/#primaryimage\",\"url\":\"https:\/\/apuntesdesanluis.com\/wp-content\/uploads\/2023\/08\/ministerio-de-educacion.png\",\"contentUrl\":\"https:\/\/apuntesdesanluis.com\/wp-content\/uploads\/2023\/08\/ministerio-de-educacion.png\",\"width\":564,\"height\":378},{\"@type\":\"BreadcrumbList\",\"@id\":\"https:\/\/apuntesdesanluis.com\/index.php\/2023\/08\/09\/en-las-escuelas-donde-se-vote-clases-virtuales-a-la-manana-y-actividad-normal-por-la-tarde\/#breadcrumb\",\"itemListElement\":[{\"@type\":\"ListItem\",\"position\":1,\"name\":\"Inicio\",\"item\":\"https:\/\/apuntesdesanluis.com\/\"},{\"@type\":\"ListItem\",\"position\":2,\"name\":\"EN LAS ESCUELAS DONDE SE VOTE, CLASES VIRTUALES A LA MA\u00d1ANA Y ACTIVIDAD NORMAL POR LA TARDE\"}]},{\"@type\":\"WebSite\",\"@id\":\"https:\/\/apuntesdesanluis.com\/#website\",\"url\":\"https:\/\/apuntesdesanluis.com\/\",\"name\":\"Apuntes de San Luis\",\"description\":\"\",\"publisher\":{\"@id\":\"https:\/\/apuntesdesanluis.com\/#\/schema\/person\/b55151d52296fcce64d1a72538a70b90\"},\"potentialAction\":[{\"@type\":\"SearchAction\",\"target\":{\"@type\":\"EntryPoint\",\"urlTemplate\":\"https:\/\/apuntesdesanluis.com\/?s={search_term_string}\"},\"query-input\":{\"@type\":\"PropertyValueSpecification\",\"valueRequired\":true,\"valueName\":\"search_term_string\"}}],\"inLanguage\":\"es-AR\"},{\"@type\":[\"Person\",\"Organization\"],\"@id\":\"https:\/\/apuntesdesanluis.com\/#\/schema\/person\/b55151d52296fcce64d1a72538a70b90\",\"name\":\"apuntesdesanluis.com\",\"image\":{\"@type\":\"ImageObject\",\"inLanguage\":\"es-AR\",\"@id\":\"https:\/\/apuntesdesanluis.com\/#\/schema\/person\/image\/\",\"url\":\"https:\/\/apuntesdesanluis.com\/wp-content\/uploads\/2023\/07\/cropped-apuntesdesanluis.png\",\"contentUrl\":\"https:\/\/apuntesdesanluis.com\/wp-content\/uploads\/2023\/07\/cropped-apuntesdesanluis.png\",\"width\":450,\"height\":112,\"caption\":\"apuntesdesanluis.com\"},\"logo\":{\"@id\":\"https:\/\/apuntesdesanluis.com\/#\/schema\/person\/image\/\"},\"sameAs\":[\"https:\/\/apuntesdesanluis.com\"],\"url\":\"https:\/\/apuntesdesanluis.com\/index.php\/author\/apuntesdesanluis-com\/\"}]}<\/script>\n<!-- \/ Yoast SEO plugin. -->","yoast_head_json":{"title":"EN LAS ESCUELAS DONDE SE VOTE, CLASES VIRTUALES A LA MA\u00d1ANA Y ACTIVIDAD NORMAL POR LA TARDE - Apuntes de San Luis","robots":{"index":"index","follow":"follow","max-snippet":"max-snippet:-1","max-image-preview":"max-image-preview:large","max-video-preview":"max-video-preview:-1"},"canonical":"https:\/\/apuntesdesanluis.com\/index.php\/2023\/08\/09\/en-las-escuelas-donde-se-vote-clases-virtuales-a-la-manana-y-actividad-normal-por-la-tarde\/","og_locale":"es_ES","og_type":"article","og_title":"EN LAS ESCUELAS DONDE SE VOTE, CLASES VIRTUALES A LA MA\u00d1ANA Y ACTIVIDAD NORMAL POR LA TARDE - Apuntes de San Luis","og_description":"En los establecimientos educativos donde se vota, no habr\u00e1 actividad escolar presencial en el turno...","og_url":"https:\/\/apuntesdesanluis.com\/index.php\/2023\/08\/09\/en-las-escuelas-donde-se-vote-clases-virtuales-a-la-manana-y-actividad-normal-por-la-tarde\/","og_site_name":"Apuntes de San Luis","article_published_time":"2023-08-10T02:10:51+00:00","article_modified_time":"2023-08-10T04:12:54+00:00","og_image":[{"width":564,"height":378,"url":"https:\/\/apuntesdesanluis.com\/wp-content\/uploads\/2023\/08\/ministerio-de-educacion.png","type":"image\/png"}],"author":"apuntesdesanluis.com","twitter_card":"summary_large_image","twitter_misc":{"Escrito por":"apuntesdesanluis.com","Tiempo de lectura":"1 minuto"},"schema":{"@context":"https:\/\/schema.org","@graph":[{"@type":"Article","@id":"https:\/\/apuntesdesanluis.com\/index.php\/2023\/08\/09\/en-las-escuelas-donde-se-vote-clases-virtuales-a-la-manana-y-actividad-normal-por-la-tarde\/#article","isPartOf":{"@id":"https:\/\/apuntesdesanluis.com\/index.php\/2023\/08\/09\/en-las-escuelas-donde-se-vote-clases-virtuales-a-la-manana-y-actividad-normal-por-la-tarde\/"},"author":{"name":"apuntesdesanluis.com","@id":"https:\/\/apuntesdesanluis.com\/#\/schema\/person\/b55151d52296fcce64d1a72538a70b90"},"headline":"EN LAS ESCUELAS DONDE SE VOTE, CLASES VIRTUALES A LA MA\u00d1ANA Y ACTIVIDAD NORMAL POR LA TARDE","datePublished":"2023-08-10T02:10:51+00:00","dateModified":"2023-08-10T04:12:54+00:00","mainEntityOfPage":{"@id":"https:\/\/apuntesdesanluis.com\/index.php\/2023\/08\/09\/en-las-escuelas-donde-se-vote-clases-virtuales-a-la-manana-y-actividad-normal-por-la-tarde\/"},"wordCount":139,"publisher":{"@id":"https:\/\/apuntesdesanluis.com\/#\/schema\/person\/b55151d52296fcce64d1a72538a70b90"},"image":{"@id":"https:\/\/apuntesdesanluis.com\/index.php\/2023\/08\/09\/en-las-escuelas-donde-se-vote-clases-virtuales-a-la-manana-y-actividad-normal-por-la-tarde\/#primaryimage"},"thumbnailUrl":"https:\/\/apuntesdesanluis.com\/wp-content\/uploads\/2023\/08\/ministerio-de-educacion.png","articleSection":["Ciudad\/Provincia"],"inLanguage":"es-AR"},{"@type":"WebPage","@id":"https:\/\/apuntesdesanluis.com\/index.php\/2023\/08\/09\/en-las-escuelas-donde-se-vote-clases-virtuales-a-la-manana-y-actividad-normal-por-la-tarde\/","url":"https:\/\/apuntesdesanluis.com\/index.php\/2023\/08\/09\/en-las-escuelas-donde-se-vote-clases-virtuales-a-la-manana-y-actividad-normal-por-la-tarde\/","name":"EN LAS ESCUELAS DONDE SE VOTE, CLASES VIRTUALES A LA MA\u00d1ANA Y ACTIVIDAD NORMAL POR LA TARDE - Apuntes de San Luis","isPartOf":{"@id":"https:\/\/apuntesdesanluis.com\/#website"},"primaryImageOfPage":{"@id":"https:\/\/apuntesdesanluis.com\/index.php\/2023\/08\/09\/en-las-escuelas-donde-se-vote-clases-virtuales-a-la-manana-y-actividad-normal-por-la-tarde\/#primaryimage"},"image":{"@id":"https:\/\/apuntesdesanluis.com\/index.php\/2023\/08\/09\/en-las-escuelas-donde-se-vote-clases-virtuales-a-la-manana-y-actividad-normal-por-la-tarde\/#primaryimage"},"thumbnailUrl":"https:\/\/apuntesdesanluis.com\/wp-content\/uploads\/2023\/08\/ministerio-de-educacion.png","datePublished":"2023-08-10T02:10:51+00:00","dateModified":"2023-08-10T04:12:54+00:00","breadcrumb":{"@id":"https:\/\/apuntesdesanluis.com\/index.php\/2023\/08\/09\/en-las-escuelas-donde-se-vote-clases-virtuales-a-la-manana-y-actividad-normal-por-la-tarde\/#breadcrumb"},"inLanguage":"es-AR","potentialAction":[{"@type":"ReadAction","target":["https:\/\/apuntesdesanluis.com\/index.php\/2023\/08\/09\/en-las-escuelas-donde-se-vote-clases-virtuales-a-la-manana-y-actividad-normal-por-la-tarde\/"]}]},{"@type":"ImageObject","inLanguage":"es-AR","@id":"https:\/\/apuntesdesanluis.com\/index.php\/2023\/08\/09\/en-las-escuelas-donde-se-vote-clases-virtuales-a-la-manana-y-actividad-normal-por-la-tarde\/#primaryimage","url":"https:\/\/apuntesdesanluis.com\/wp-content\/uploads\/2023\/08\/ministerio-de-educacion.png","contentUrl":"https:\/\/apuntesdesanluis.com\/wp-content\/uploads\/2023\/08\/ministerio-de-educacion.png","width":564,"height":378},{"@type":"BreadcrumbList","@id":"https:\/\/apuntesdesanluis.com\/index.php\/2023\/08\/09\/en-las-escuelas-donde-se-vote-clases-virtuales-a-la-manana-y-actividad-normal-por-la-tarde\/#breadcrumb","itemListElement":[{"@type":"ListItem","position":1,"name":"Inicio","item":"https:\/\/apuntesdesanluis.com\/"},{"@type":"ListItem","position":2,"name":"EN LAS ESCUELAS DONDE SE VOTE, CLASES VIRTUALES A LA MA\u00d1ANA Y ACTIVIDAD NORMAL POR LA TARDE"}]},{"@type":"WebSite","@id":"https:\/\/apuntesdesanluis.com\/#website","url":"https:\/\/apuntesdesanluis.com\/","name":"Apuntes de San Luis","description":"","publisher":{"@id":"https:\/\/apuntesdesanluis.com\/#\/schema\/person\/b55151d52296fcce64d1a72538a70b90"},"potentialAction":[{"@type":"SearchAction","target":{"@type":"EntryPoint","urlTemplate":"https:\/\/apuntesdesanluis.com\/?s={search_term_string}"},"query-input":{"@type":"PropertyValueSpecification","valueRequired":true,"valueName":"search_term_string"}}],"inLanguage":"es-AR"},{"@type":["Person","Organization"],"@id":"https:\/\/apuntesdesanluis.com\/#\/schema\/person\/b55151d52296fcce64d1a72538a70b90","name":"apuntesdesanluis.com","image":{"@type":"ImageObject","inLanguage":"es-AR","@id":"https:\/\/apuntesdesanluis.com\/#\/schema\/person\/image\/","url":"https:\/\/apuntesdesanluis.com\/wp-content\/uploads\/2023\/07\/cropped-apuntesdesanluis.png","contentUrl":"https:\/\/apuntesdesanluis.com\/wp-content\/uploads\/2023\/07\/cropped-apuntesdesanluis.png","width":450,"height":112,"caption":"apuntesdesanluis.com"},"logo":{"@id":"https:\/\/apuntesdesanluis.com\/#\/schema\/person\/image\/"},"sameAs":["https:\/\/apuntesdesanluis.com"],"url":"https:\/\/apuntesdesanluis.com\/index.php\/author\/apuntesdesanluis-com\/"}]}},"featured_image_urls":{"full":["https:\/\/apuntesdesanluis.com\/wp-content\/uploads\/2023\/08\/ministerio-de-educacion.png",564,378,false],"thumbnail":["https:\/\/apuntesdesanluis.com\/wp-content\/uploads\/2023\/08\/ministerio-de-educacion-150x150.png",150,150,true],"medium":["https:\/\/apuntesdesanluis.com\/wp-content\/uploads\/2023\/08\/ministerio-de-educacion-300x201.png",300,201,true],"medium_large":["https:\/\/apuntesdesanluis.com\/wp-content\/uploads\/2023\/08\/ministerio-de-educacion.png",564,378,false],"large":["https:\/\/apuntesdesanluis.com\/wp-content\/uploads\/2023\/08\/ministerio-de-educacion.png",564,378,false],"1536x1536":["https:\/\/apuntesdesanluis.com\/wp-content\/uploads\/2023\/08\/ministerio-de-educacion.png",564,378,false],"2048x2048":["https:\/\/apuntesdesanluis.com\/wp-content\/uploads\/2023\/08\/ministerio-de-educacion.png",564,378,false],"newsever-slider-full":["https:\/\/apuntesdesanluis.com\/wp-content\/uploads\/2023\/08\/ministerio-de-educacion.png",564,378,false],"newsever-featured":["https:\/\/apuntesdesanluis.com\/wp-content\/uploads\/2023\/08\/ministerio-de-educacion.png",564,378,false],"newsever-medium":["https:\/\/apuntesdesanluis.com\/wp-content\/uploads\/2023\/08\/ministerio-de-educacion.png",564,378,false]},"author_info":{"display_name":"apuntesdesanluis.com","author_link":"https:\/\/apuntesdesanluis.com\/index.php\/author\/apuntesdesanluis-com\/"},"category_info":"<a href=\"https:\/\/apuntesdesanluis.com\/index.php\/category\/ciudad-provincia\/\" rel=\"category tag\">Ciudad\/Provincia<\/a>","tag_info":"Ciudad\/Provincia","comment_count":"0","_links":{"self":[{"href":"https:\/\/apuntesdesanluis.com\/index.php\/wp-json\/wp\/v2\/posts\/1395","targetHints":{"allow":["GET"]}}],"collection":[{"href":"https:\/\/apuntesdesanluis.com\/index.php\/wp-json\/wp\/v2\/posts"}],"about":[{"href":"https:\/\/apuntesdesanluis.com\/index.php\/wp-json\/wp\/v2\/types\/post"}],"author":[{"embeddable":true,"href":"https:\/\/apuntesdesanluis.com\/index.php\/wp-json\/wp\/v2\/users\/1"}],"replies":[{"embeddable":true,"href":"https:\/\/apuntesdesanluis.com\/index.php\/wp-json\/wp\/v2\/comments?post=1395"}],"version-history":[{"count":2,"href":"https:\/\/apuntesdesanluis.com\/index.php\/wp-json\/wp\/v2\/posts\/1395\/revisions"}],"predecessor-version":[{"id":1398,"href":"https:\/\/apuntesdesanluis.com\/index.php\/wp-json\/wp\/v2\/posts\/1395\/revisions\/1398"}],"wp:featuredmedia":[{"embeddable":true,"href":"https:\/\/apuntesdesanluis.com\/index.php\/wp-json\/wp\/v2\/media\/1396"}],"wp:attachment":[{"href":"https:\/\/apuntesdesanluis.com\/index.php\/wp-json\/wp\/v2\/media?parent=1395"}],"wp:term":[{"taxonomy":"category","embeddable":true,"href":"https:\/\/apuntesdesanluis.com\/index.php\/wp-json\/wp\/v2\/categories?post=1395"},{"taxonomy":"post_tag","embeddable":true,"href":"https:\/\/apuntesdesanluis.com\/index.php\/wp-json\/wp\/v2\/tags?post=1395"}],"curies":[{"name":"wp","href":"https:\/\/api.w.org\/{rel}","templated":true}]}}