{"id":13952,"date":"2024-03-31T20:36:13","date_gmt":"2024-03-31T23:36:13","guid":{"rendered":"https:\/\/apuntesdesanluis.com\/?p=13952"},"modified":"2024-03-31T22:08:36","modified_gmt":"2024-04-01T01:08:36","slug":"el-sindicato-judicial-comunico-que-no-se-movilizara-este-lunes","status":"publish","type":"post","link":"https:\/\/apuntesdesanluis.com\/index.php\/2024\/03\/31\/el-sindicato-judicial-comunico-que-no-se-movilizara-este-lunes\/","title":{"rendered":"EL SINDICATO JUDICIAL COMUNIC\u00d3 QUE NO SE MOVILIZAR\u00c1 ESTE LUNES"},"content":{"rendered":"<h3>El <strong>Sindicato Judiciales Puntanos (SiJuPu)<\/strong> emiti\u00f3 un comunicado informando sobre la situaci\u00f3n actual en relaci\u00f3n a las negociaciones salariales con el gobierno provincial.<\/h3>\n<h3>El pronunciamiento textual es el siguiente:<\/h3>\n<h3>\u201cDespu\u00e9s de varias reuniones y debates entre los sindicatos estatales, habiendo sido invitados todos los integrantes del plenario, solo participaron los referentes de la mesa intersindical, no pudi\u00e9ndose alcanzar un acuerdo unificado en la acci\u00f3n. Respetamos completamente la decisi\u00f3n de cada sector y sus lineamientos nacionales en relaci\u00f3n a cada situaci\u00f3n en particular.<\/h3>\n<h3>Si bien ten\u00edamos prevista una manifestaci\u00f3n para el primero de abril en la apertura de sesiones legislativas, decisi\u00f3n tomada en el plenario, esta se ha visto afectada por tintes partidarios que no representan los intereses del conjunto de los y las trabajadoras, afectando la participaci\u00f3n total de los sindicatos.<\/h3>\n<h3>Sin embargo, continuamos trabajando en la b\u00fasqueda de soluciones concretas en lo que respecta a la recomposici\u00f3n salarial para nuestra comunidad judicial. La reciente reuni\u00f3n entre el presidente del Superior Tribunal de Justicia (STJ) y el vicegobernador, as\u00ed como la pr\u00f3xima reuni\u00f3n programada entre los ministros del Alto Cuerpo, los Colegios de Magistrados y Funcionarios de Villa Mercedes y San Luis, junto a esta asociaci\u00f3n sindical; y la reuni\u00f3n con el Poder Ejecutivo programada para la pr\u00f3xima semana, anunciada en los medios oficiales del gobierno, son pasos que ratifican firmemente la voluntad de resolver nuestras demandas salariales a trav\u00e9s del di\u00e1logo ya en curso.<\/h3>\n<h3>Seguiremos trabajando incansablemente en pos de obtener mejoras salariales para la comunidad judicial y garantizar que todos los salarios superen la l\u00ednea de pobreza.<\/h3>\n<h3>\u00a1Juntos y juntas, lograremos la justicia salarial que merecemos!\u201d, concluye el comunicado.<\/h3>\n<h3>Tambi\u00e9n pudo confirmarse que no marchar\u00e1 este lunes la <strong>Uni\u00f3n Docentes Argentinos<\/strong> (UDA), indic\u00f3 el secretario general<strong> Jorge Lazzarini<\/strong>.<\/h3>\n<p>&nbsp;<\/p>\n<p>&nbsp;<\/p>\n<p>&nbsp;<\/p>\n<p>&nbsp;<\/p>\n<p>&nbsp;<\/p>\n<p>&nbsp;<\/p>\n","protected":false},"excerpt":{"rendered":"<p>El Sindicato Judiciales Puntanos (SiJuPu) emiti\u00f3 un comunicado informando sobre la situaci\u00f3n actual en relaci\u00f3n&#8230;<\/p>\n","protected":false},"author":1,"featured_media":13954,"comment_status":"closed","ping_status":"closed","sticky":false,"template":"","format":"standard","meta":{"footnotes":""},"categories":[6],"tags":[],"class_list":["post-13952","post","type-post","status-publish","format-standard","has-post-thumbnail","hentry","category-ciudad-provincia"],"yoast_head":"<!-- This site is optimized with the Yoast SEO plugin v26.1.1 - https:\/\/yoast.com\/wordpress\/plugins\/seo\/ -->\n<title>EL SINDICATO JUDICIAL COMUNIC\u00d3 QUE NO SE MOVILIZAR\u00c1 ESTE LUNES - Apuntes de San Luis<\/title>\n<meta name=\"robots\" content=\"index, follow, max-snippet:-1, max-image-preview:large, max-video-preview:-1\" \/>\n<link rel=\"canonical\" href=\"https:\/\/apuntesdesanluis.com\/index.php\/2024\/03\/31\/el-sindicato-judicial-comunico-que-no-se-movilizara-este-lunes\/\" \/>\n<meta property=\"og:locale\" content=\"es_ES\" \/>\n<meta property=\"og:type\" content=\"article\" \/>\n<meta property=\"og:title\" content=\"EL SINDICATO JUDICIAL COMUNIC\u00d3 QUE NO SE MOVILIZAR\u00c1 ESTE LUNES - Apuntes de San Luis\" \/>\n<meta property=\"og:description\" content=\"El Sindicato Judiciales Puntanos (SiJuPu) emiti\u00f3 un comunicado informando sobre la situaci\u00f3n actual en relaci\u00f3n...\" \/>\n<meta property=\"og:url\" content=\"https:\/\/apuntesdesanluis.com\/index.php\/2024\/03\/31\/el-sindicato-judicial-comunico-que-no-se-movilizara-este-lunes\/\" \/>\n<meta property=\"og:site_name\" content=\"Apuntes de San Luis\" \/>\n<meta property=\"article:published_time\" content=\"2024-03-31T23:36:13+00:00\" \/>\n<meta property=\"article:modified_time\" content=\"2024-04-01T01:08:36+00:00\" \/>\n<meta property=\"og:image\" content=\"https:\/\/apuntesdesanluis.com\/wp-content\/uploads\/2024\/03\/sijupu.png\" \/>\n\t<meta property=\"og:image:width\" content=\"600\" \/>\n\t<meta property=\"og:image:height\" content=\"348\" \/>\n\t<meta property=\"og:image:type\" content=\"image\/png\" \/>\n<meta name=\"author\" content=\"apuntesdesanluis.com\" \/>\n<meta name=\"twitter:card\" content=\"summary_large_image\" \/>\n<meta name=\"twitter:label1\" content=\"Escrito por\" \/>\n\t<meta name=\"twitter:data1\" content=\"apuntesdesanluis.com\" \/>\n\t<meta name=\"twitter:label2\" content=\"Tiempo de lectura\" \/>\n\t<meta name=\"twitter:data2\" content=\"2 minutos\" \/>\n<script type=\"application\/ld+json\" class=\"yoast-schema-graph\">{\"@context\":\"https:\/\/schema.org\",\"@graph\":[{\"@type\":\"Article\",\"@id\":\"https:\/\/apuntesdesanluis.com\/index.php\/2024\/03\/31\/el-sindicato-judicial-comunico-que-no-se-movilizara-este-lunes\/#article\",\"isPartOf\":{\"@id\":\"https:\/\/apuntesdesanluis.com\/index.php\/2024\/03\/31\/el-sindicato-judicial-comunico-que-no-se-movilizara-este-lunes\/\"},\"author\":{\"name\":\"apuntesdesanluis.com\",\"@id\":\"https:\/\/apuntesdesanluis.com\/#\/schema\/person\/b55151d52296fcce64d1a72538a70b90\"},\"headline\":\"EL SINDICATO JUDICIAL COMUNIC\u00d3 QUE NO SE MOVILIZAR\u00c1 ESTE LUNES\",\"datePublished\":\"2024-03-31T23:36:13+00:00\",\"dateModified\":\"2024-04-01T01:08:36+00:00\",\"mainEntityOfPage\":{\"@id\":\"https:\/\/apuntesdesanluis.com\/index.php\/2024\/03\/31\/el-sindicato-judicial-comunico-que-no-se-movilizara-este-lunes\/\"},\"wordCount\":331,\"publisher\":{\"@id\":\"https:\/\/apuntesdesanluis.com\/#\/schema\/person\/b55151d52296fcce64d1a72538a70b90\"},\"image\":{\"@id\":\"https:\/\/apuntesdesanluis.com\/index.php\/2024\/03\/31\/el-sindicato-judicial-comunico-que-no-se-movilizara-este-lunes\/#primaryimage\"},\"thumbnailUrl\":\"https:\/\/apuntesdesanluis.com\/wp-content\/uploads\/2024\/03\/sijupu.png\",\"articleSection\":[\"Ciudad\/Provincia\"],\"inLanguage\":\"es-AR\"},{\"@type\":\"WebPage\",\"@id\":\"https:\/\/apuntesdesanluis.com\/index.php\/2024\/03\/31\/el-sindicato-judicial-comunico-que-no-se-movilizara-este-lunes\/\",\"url\":\"https:\/\/apuntesdesanluis.com\/index.php\/2024\/03\/31\/el-sindicato-judicial-comunico-que-no-se-movilizara-este-lunes\/\",\"name\":\"EL SINDICATO JUDICIAL COMUNIC\u00d3 QUE NO SE MOVILIZAR\u00c1 ESTE LUNES - Apuntes de San Luis\",\"isPartOf\":{\"@id\":\"https:\/\/apuntesdesanluis.com\/#website\"},\"primaryImageOfPage\":{\"@id\":\"https:\/\/apuntesdesanluis.com\/index.php\/2024\/03\/31\/el-sindicato-judicial-comunico-que-no-se-movilizara-este-lunes\/#primaryimage\"},\"image\":{\"@id\":\"https:\/\/apuntesdesanluis.com\/index.php\/2024\/03\/31\/el-sindicato-judicial-comunico-que-no-se-movilizara-este-lunes\/#primaryimage\"},\"thumbnailUrl\":\"https:\/\/apuntesdesanluis.com\/wp-content\/uploads\/2024\/03\/sijupu.png\",\"datePublished\":\"2024-03-31T23:36:13+00:00\",\"dateModified\":\"2024-04-01T01:08:36+00:00\",\"breadcrumb\":{\"@id\":\"https:\/\/apuntesdesanluis.com\/index.php\/2024\/03\/31\/el-sindicato-judicial-comunico-que-no-se-movilizara-este-lunes\/#breadcrumb\"},\"inLanguage\":\"es-AR\",\"potentialAction\":[{\"@type\":\"ReadAction\",\"target\":[\"https:\/\/apuntesdesanluis.com\/index.php\/2024\/03\/31\/el-sindicato-judicial-comunico-que-no-se-movilizara-este-lunes\/\"]}]},{\"@type\":\"ImageObject\",\"inLanguage\":\"es-AR\",\"@id\":\"https:\/\/apuntesdesanluis.com\/index.php\/2024\/03\/31\/el-sindicato-judicial-comunico-que-no-se-movilizara-este-lunes\/#primaryimage\",\"url\":\"https:\/\/apuntesdesanluis.com\/wp-content\/uploads\/2024\/03\/sijupu.png\",\"contentUrl\":\"https:\/\/apuntesdesanluis.com\/wp-content\/uploads\/2024\/03\/sijupu.png\",\"width\":600,\"height\":348},{\"@type\":\"BreadcrumbList\",\"@id\":\"https:\/\/apuntesdesanluis.com\/index.php\/2024\/03\/31\/el-sindicato-judicial-comunico-que-no-se-movilizara-este-lunes\/#breadcrumb\",\"itemListElement\":[{\"@type\":\"ListItem\",\"position\":1,\"name\":\"Inicio\",\"item\":\"https:\/\/apuntesdesanluis.com\/\"},{\"@type\":\"ListItem\",\"position\":2,\"name\":\"EL SINDICATO JUDICIAL COMUNIC\u00d3 QUE NO SE MOVILIZAR\u00c1 ESTE LUNES\"}]},{\"@type\":\"WebSite\",\"@id\":\"https:\/\/apuntesdesanluis.com\/#website\",\"url\":\"https:\/\/apuntesdesanluis.com\/\",\"name\":\"Apuntes de San Luis\",\"description\":\"\",\"publisher\":{\"@id\":\"https:\/\/apuntesdesanluis.com\/#\/schema\/person\/b55151d52296fcce64d1a72538a70b90\"},\"potentialAction\":[{\"@type\":\"SearchAction\",\"target\":{\"@type\":\"EntryPoint\",\"urlTemplate\":\"https:\/\/apuntesdesanluis.com\/?s={search_term_string}\"},\"query-input\":{\"@type\":\"PropertyValueSpecification\",\"valueRequired\":true,\"valueName\":\"search_term_string\"}}],\"inLanguage\":\"es-AR\"},{\"@type\":[\"Person\",\"Organization\"],\"@id\":\"https:\/\/apuntesdesanluis.com\/#\/schema\/person\/b55151d52296fcce64d1a72538a70b90\",\"name\":\"apuntesdesanluis.com\",\"image\":{\"@type\":\"ImageObject\",\"inLanguage\":\"es-AR\",\"@id\":\"https:\/\/apuntesdesanluis.com\/#\/schema\/person\/image\/\",\"url\":\"https:\/\/apuntesdesanluis.com\/wp-content\/uploads\/2023\/07\/cropped-apuntesdesanluis.png\",\"contentUrl\":\"https:\/\/apuntesdesanluis.com\/wp-content\/uploads\/2023\/07\/cropped-apuntesdesanluis.png\",\"width\":450,\"height\":112,\"caption\":\"apuntesdesanluis.com\"},\"logo\":{\"@id\":\"https:\/\/apuntesdesanluis.com\/#\/schema\/person\/image\/\"},\"sameAs\":[\"https:\/\/apuntesdesanluis.com\"],\"url\":\"https:\/\/apuntesdesanluis.com\/index.php\/author\/apuntesdesanluis-com\/\"}]}<\/script>\n<!-- \/ Yoast SEO plugin. -->","yoast_head_json":{"title":"EL SINDICATO JUDICIAL COMUNIC\u00d3 QUE NO SE MOVILIZAR\u00c1 ESTE LUNES - Apuntes de San Luis","robots":{"index":"index","follow":"follow","max-snippet":"max-snippet:-1","max-image-preview":"max-image-preview:large","max-video-preview":"max-video-preview:-1"},"canonical":"https:\/\/apuntesdesanluis.com\/index.php\/2024\/03\/31\/el-sindicato-judicial-comunico-que-no-se-movilizara-este-lunes\/","og_locale":"es_ES","og_type":"article","og_title":"EL SINDICATO JUDICIAL COMUNIC\u00d3 QUE NO SE MOVILIZAR\u00c1 ESTE LUNES - Apuntes de San Luis","og_description":"El Sindicato Judiciales Puntanos (SiJuPu) emiti\u00f3 un comunicado informando sobre la situaci\u00f3n actual en relaci\u00f3n...","og_url":"https:\/\/apuntesdesanluis.com\/index.php\/2024\/03\/31\/el-sindicato-judicial-comunico-que-no-se-movilizara-este-lunes\/","og_site_name":"Apuntes de San Luis","article_published_time":"2024-03-31T23:36:13+00:00","article_modified_time":"2024-04-01T01:08:36+00:00","og_image":[{"width":600,"height":348,"url":"https:\/\/apuntesdesanluis.com\/wp-content\/uploads\/2024\/03\/sijupu.png","type":"image\/png"}],"author":"apuntesdesanluis.com","twitter_card":"summary_large_image","twitter_misc":{"Escrito por":"apuntesdesanluis.com","Tiempo de lectura":"2 minutos"},"schema":{"@context":"https:\/\/schema.org","@graph":[{"@type":"Article","@id":"https:\/\/apuntesdesanluis.com\/index.php\/2024\/03\/31\/el-sindicato-judicial-comunico-que-no-se-movilizara-este-lunes\/#article","isPartOf":{"@id":"https:\/\/apuntesdesanluis.com\/index.php\/2024\/03\/31\/el-sindicato-judicial-comunico-que-no-se-movilizara-este-lunes\/"},"author":{"name":"apuntesdesanluis.com","@id":"https:\/\/apuntesdesanluis.com\/#\/schema\/person\/b55151d52296fcce64d1a72538a70b90"},"headline":"EL SINDICATO JUDICIAL COMUNIC\u00d3 QUE NO SE MOVILIZAR\u00c1 ESTE LUNES","datePublished":"2024-03-31T23:36:13+00:00","dateModified":"2024-04-01T01:08:36+00:00","mainEntityOfPage":{"@id":"https:\/\/apuntesdesanluis.com\/index.php\/2024\/03\/31\/el-sindicato-judicial-comunico-que-no-se-movilizara-este-lunes\/"},"wordCount":331,"publisher":{"@id":"https:\/\/apuntesdesanluis.com\/#\/schema\/person\/b55151d52296fcce64d1a72538a70b90"},"image":{"@id":"https:\/\/apuntesdesanluis.com\/index.php\/2024\/03\/31\/el-sindicato-judicial-comunico-que-no-se-movilizara-este-lunes\/#primaryimage"},"thumbnailUrl":"https:\/\/apuntesdesanluis.com\/wp-content\/uploads\/2024\/03\/sijupu.png","articleSection":["Ciudad\/Provincia"],"inLanguage":"es-AR"},{"@type":"WebPage","@id":"https:\/\/apuntesdesanluis.com\/index.php\/2024\/03\/31\/el-sindicato-judicial-comunico-que-no-se-movilizara-este-lunes\/","url":"https:\/\/apuntesdesanluis.com\/index.php\/2024\/03\/31\/el-sindicato-judicial-comunico-que-no-se-movilizara-este-lunes\/","name":"EL SINDICATO JUDICIAL COMUNIC\u00d3 QUE NO SE MOVILIZAR\u00c1 ESTE LUNES - Apuntes de San Luis","isPartOf":{"@id":"https:\/\/apuntesdesanluis.com\/#website"},"primaryImageOfPage":{"@id":"https:\/\/apuntesdesanluis.com\/index.php\/2024\/03\/31\/el-sindicato-judicial-comunico-que-no-se-movilizara-este-lunes\/#primaryimage"},"image":{"@id":"https:\/\/apuntesdesanluis.com\/index.php\/2024\/03\/31\/el-sindicato-judicial-comunico-que-no-se-movilizara-este-lunes\/#primaryimage"},"thumbnailUrl":"https:\/\/apuntesdesanluis.com\/wp-content\/uploads\/2024\/03\/sijupu.png","datePublished":"2024-03-31T23:36:13+00:00","dateModified":"2024-04-01T01:08:36+00:00","breadcrumb":{"@id":"https:\/\/apuntesdesanluis.com\/index.php\/2024\/03\/31\/el-sindicato-judicial-comunico-que-no-se-movilizara-este-lunes\/#breadcrumb"},"inLanguage":"es-AR","potentialAction":[{"@type":"ReadAction","target":["https:\/\/apuntesdesanluis.com\/index.php\/2024\/03\/31\/el-sindicato-judicial-comunico-que-no-se-movilizara-este-lunes\/"]}]},{"@type":"ImageObject","inLanguage":"es-AR","@id":"https:\/\/apuntesdesanluis.com\/index.php\/2024\/03\/31\/el-sindicato-judicial-comunico-que-no-se-movilizara-este-lunes\/#primaryimage","url":"https:\/\/apuntesdesanluis.com\/wp-content\/uploads\/2024\/03\/sijupu.png","contentUrl":"https:\/\/apuntesdesanluis.com\/wp-content\/uploads\/2024\/03\/sijupu.png","width":600,"height":348},{"@type":"BreadcrumbList","@id":"https:\/\/apuntesdesanluis.com\/index.php\/2024\/03\/31\/el-sindicato-judicial-comunico-que-no-se-movilizara-este-lunes\/#breadcrumb","itemListElement":[{"@type":"ListItem","position":1,"name":"Inicio","item":"https:\/\/apuntesdesanluis.com\/"},{"@type":"ListItem","position":2,"name":"EL SINDICATO JUDICIAL COMUNIC\u00d3 QUE NO SE MOVILIZAR\u00c1 ESTE LUNES"}]},{"@type":"WebSite","@id":"https:\/\/apuntesdesanluis.com\/#website","url":"https:\/\/apuntesdesanluis.com\/","name":"Apuntes de San Luis","description":"","publisher":{"@id":"https:\/\/apuntesdesanluis.com\/#\/schema\/person\/b55151d52296fcce64d1a72538a70b90"},"potentialAction":[{"@type":"SearchAction","target":{"@type":"EntryPoint","urlTemplate":"https:\/\/apuntesdesanluis.com\/?s={search_term_string}"},"query-input":{"@type":"PropertyValueSpecification","valueRequired":true,"valueName":"search_term_string"}}],"inLanguage":"es-AR"},{"@type":["Person","Organization"],"@id":"https:\/\/apuntesdesanluis.com\/#\/schema\/person\/b55151d52296fcce64d1a72538a70b90","name":"apuntesdesanluis.com","image":{"@type":"ImageObject","inLanguage":"es-AR","@id":"https:\/\/apuntesdesanluis.com\/#\/schema\/person\/image\/","url":"https:\/\/apuntesdesanluis.com\/wp-content\/uploads\/2023\/07\/cropped-apuntesdesanluis.png","contentUrl":"https:\/\/apuntesdesanluis.com\/wp-content\/uploads\/2023\/07\/cropped-apuntesdesanluis.png","width":450,"height":112,"caption":"apuntesdesanluis.com"},"logo":{"@id":"https:\/\/apuntesdesanluis.com\/#\/schema\/person\/image\/"},"sameAs":["https:\/\/apuntesdesanluis.com"],"url":"https:\/\/apuntesdesanluis.com\/index.php\/author\/apuntesdesanluis-com\/"}]}},"featured_image_urls":{"full":["https:\/\/apuntesdesanluis.com\/wp-content\/uploads\/2024\/03\/sijupu.png",600,348,false],"thumbnail":["https:\/\/apuntesdesanluis.com\/wp-content\/uploads\/2024\/03\/sijupu-150x150.png",150,150,true],"medium":["https:\/\/apuntesdesanluis.com\/wp-content\/uploads\/2024\/03\/sijupu-300x174.png",300,174,true],"medium_large":["https:\/\/apuntesdesanluis.com\/wp-content\/uploads\/2024\/03\/sijupu.png",600,348,false],"large":["https:\/\/apuntesdesanluis.com\/wp-content\/uploads\/2024\/03\/sijupu.png",600,348,false],"1536x1536":["https:\/\/apuntesdesanluis.com\/wp-content\/uploads\/2024\/03\/sijupu.png",600,348,false],"2048x2048":["https:\/\/apuntesdesanluis.com\/wp-content\/uploads\/2024\/03\/sijupu.png",600,348,false],"newsever-slider-full":["https:\/\/apuntesdesanluis.com\/wp-content\/uploads\/2024\/03\/sijupu.png",600,348,false],"newsever-featured":["https:\/\/apuntesdesanluis.com\/wp-content\/uploads\/2024\/03\/sijupu.png",600,348,false],"newsever-medium":["https:\/\/apuntesdesanluis.com\/wp-content\/uploads\/2024\/03\/sijupu.png",600,348,false]},"author_info":{"display_name":"apuntesdesanluis.com","author_link":"https:\/\/apuntesdesanluis.com\/index.php\/author\/apuntesdesanluis-com\/"},"category_info":"<a href=\"https:\/\/apuntesdesanluis.com\/index.php\/category\/ciudad-provincia\/\" rel=\"category tag\">Ciudad\/Provincia<\/a>","tag_info":"Ciudad\/Provincia","comment_count":"0","_links":{"self":[{"href":"https:\/\/apuntesdesanluis.com\/index.php\/wp-json\/wp\/v2\/posts\/13952","targetHints":{"allow":["GET"]}}],"collection":[{"href":"https:\/\/apuntesdesanluis.com\/index.php\/wp-json\/wp\/v2\/posts"}],"about":[{"href":"https:\/\/apuntesdesanluis.com\/index.php\/wp-json\/wp\/v2\/types\/post"}],"author":[{"embeddable":true,"href":"https:\/\/apuntesdesanluis.com\/index.php\/wp-json\/wp\/v2\/users\/1"}],"replies":[{"embeddable":true,"href":"https:\/\/apuntesdesanluis.com\/index.php\/wp-json\/wp\/v2\/comments?post=13952"}],"version-history":[{"count":4,"href":"https:\/\/apuntesdesanluis.com\/index.php\/wp-json\/wp\/v2\/posts\/13952\/revisions"}],"predecessor-version":[{"id":13975,"href":"https:\/\/apuntesdesanluis.com\/index.php\/wp-json\/wp\/v2\/posts\/13952\/revisions\/13975"}],"wp:featuredmedia":[{"embeddable":true,"href":"https:\/\/apuntesdesanluis.com\/index.php\/wp-json\/wp\/v2\/media\/13954"}],"wp:attachment":[{"href":"https:\/\/apuntesdesanluis.com\/index.php\/wp-json\/wp\/v2\/media?parent=13952"}],"wp:term":[{"taxonomy":"category","embeddable":true,"href":"https:\/\/apuntesdesanluis.com\/index.php\/wp-json\/wp\/v2\/categories?post=13952"},{"taxonomy":"post_tag","embeddable":true,"href":"https:\/\/apuntesdesanluis.com\/index.php\/wp-json\/wp\/v2\/tags?post=13952"}],"curies":[{"name":"wp","href":"https:\/\/api.w.org\/{rel}","templated":true}]}}