{"id":13956,"date":"2024-03-31T20:58:43","date_gmt":"2024-03-31T23:58:43","guid":{"rendered":"https:\/\/apuntesdesanluis.com\/?p=13956"},"modified":"2024-03-31T21:03:46","modified_gmt":"2024-04-01T00:03:46","slug":"gremios-estatales-ratificaron-la-movilizacion-a-la-legislatura","status":"publish","type":"post","link":"https:\/\/apuntesdesanluis.com\/index.php\/2024\/03\/31\/gremios-estatales-ratificaron-la-movilizacion-a-la-legislatura\/","title":{"rendered":"GREMIOS ESTATALES RATIFICARON LA MOVILIZACI\u00d3N A LA LEGISLATURA"},"content":{"rendered":"<h3>Para reclamar una urgente recomposici\u00f3n salarial, numerosos gremios que representan a diferentes ramas del Estado ratificaron que este lunes se movilizar\u00e1n hacia el Parlamento provincial.<\/h3>\n<h3>Para este lunes 1\u00b0 de abril est\u00e1 prevista la apertura del per\u00edodo ordinario de sesiones de ambas c\u00e1maras y el discurso que pronunciar\u00e1 el gobernador<strong> Claudio Poggi<\/strong>.<\/h3>\n<h3>La concentraci\u00f3n ser\u00e1 a las 10:00 h a la altura del Shopping Center.<\/h3>\n<p><img fetchpriority=\"high\" decoding=\"async\" class=\"wp-image-13957 aligncenter\" src=\"https:\/\/apuntesdesanluis.com\/wp-content\/uploads\/2024\/03\/flyer-con-la-marcha-175x300.png\" alt=\"\" width=\"561\" height=\"962\" srcset=\"https:\/\/apuntesdesanluis.com\/wp-content\/uploads\/2024\/03\/flyer-con-la-marcha-175x300.png 175w, https:\/\/apuntesdesanluis.com\/wp-content\/uploads\/2024\/03\/flyer-con-la-marcha.png 422w\" sizes=\"(max-width: 561px) 100vw, 561px\" \/><\/p>\n<p><img decoding=\"async\" class=\"wp-image-13958 aligncenter\" src=\"https:\/\/apuntesdesanluis.com\/wp-content\/uploads\/2024\/03\/asde-212x300.jpg\" alt=\"\" width=\"562\" height=\"795\" srcset=\"https:\/\/apuntesdesanluis.com\/wp-content\/uploads\/2024\/03\/asde-212x300.jpg 212w, https:\/\/apuntesdesanluis.com\/wp-content\/uploads\/2024\/03\/asde.jpg 600w\" sizes=\"(max-width: 562px) 100vw, 562px\" \/><\/p>\n<p><img decoding=\"async\" class=\"wp-image-13959 aligncenter\" src=\"https:\/\/apuntesdesanluis.com\/wp-content\/uploads\/2024\/03\/ate-218x300.png\" alt=\"\" width=\"563\" height=\"775\" srcset=\"https:\/\/apuntesdesanluis.com\/wp-content\/uploads\/2024\/03\/ate-218x300.png 218w, https:\/\/apuntesdesanluis.com\/wp-content\/uploads\/2024\/03\/ate.png 456w\" sizes=\"(max-width: 563px) 100vw, 563px\" \/><\/p>\n<p>&nbsp;<\/p>\n<p>&nbsp;<\/p>\n<p>&nbsp;<\/p>\n<p>&nbsp;<\/p>\n","protected":false},"excerpt":{"rendered":"<p>Para reclamar una urgente recomposici\u00f3n salarial, numerosos gremios que representan a diferentes ramas del Estado&#8230;<\/p>\n","protected":false},"author":1,"featured_media":13961,"comment_status":"closed","ping_status":"closed","sticky":false,"template":"","format":"standard","meta":{"footnotes":""},"categories":[6],"tags":[],"class_list":["post-13956","post","type-post","status-publish","format-standard","has-post-thumbnail","hentry","category-ciudad-provincia"],"yoast_head":"<!-- This site is optimized with the Yoast SEO plugin v26.1.1 - https:\/\/yoast.com\/wordpress\/plugins\/seo\/ -->\n<title>GREMIOS ESTATALES RATIFICARON LA MOVILIZACI\u00d3N A LA LEGISLATURA - Apuntes de San Luis<\/title>\n<meta name=\"robots\" content=\"index, follow, max-snippet:-1, max-image-preview:large, max-video-preview:-1\" \/>\n<link rel=\"canonical\" href=\"https:\/\/apuntesdesanluis.com\/index.php\/2024\/03\/31\/gremios-estatales-ratificaron-la-movilizacion-a-la-legislatura\/\" \/>\n<meta property=\"og:locale\" content=\"es_ES\" \/>\n<meta property=\"og:type\" content=\"article\" \/>\n<meta property=\"og:title\" content=\"GREMIOS ESTATALES RATIFICARON LA MOVILIZACI\u00d3N A LA LEGISLATURA - Apuntes de San Luis\" \/>\n<meta property=\"og:description\" content=\"Para reclamar una urgente recomposici\u00f3n salarial, numerosos gremios que representan a diferentes ramas del Estado...\" \/>\n<meta property=\"og:url\" content=\"https:\/\/apuntesdesanluis.com\/index.php\/2024\/03\/31\/gremios-estatales-ratificaron-la-movilizacion-a-la-legislatura\/\" \/>\n<meta property=\"og:site_name\" content=\"Apuntes de San Luis\" \/>\n<meta property=\"article:published_time\" content=\"2024-03-31T23:58:43+00:00\" \/>\n<meta property=\"article:modified_time\" content=\"2024-04-01T00:03:46+00:00\" \/>\n<meta property=\"og:image\" content=\"https:\/\/apuntesdesanluis.com\/wp-content\/uploads\/2024\/03\/gremios-estatales-1.png\" \/>\n\t<meta property=\"og:image:width\" content=\"507\" \/>\n\t<meta property=\"og:image:height\" content=\"276\" \/>\n\t<meta property=\"og:image:type\" content=\"image\/png\" \/>\n<meta name=\"author\" content=\"apuntesdesanluis.com\" \/>\n<meta name=\"twitter:card\" content=\"summary_large_image\" \/>\n<meta name=\"twitter:label1\" content=\"Escrito por\" \/>\n\t<meta name=\"twitter:data1\" content=\"apuntesdesanluis.com\" \/>\n\t<meta name=\"twitter:label2\" content=\"Tiempo de lectura\" \/>\n\t<meta name=\"twitter:data2\" content=\"1 minuto\" \/>\n<script type=\"application\/ld+json\" class=\"yoast-schema-graph\">{\"@context\":\"https:\/\/schema.org\",\"@graph\":[{\"@type\":\"Article\",\"@id\":\"https:\/\/apuntesdesanluis.com\/index.php\/2024\/03\/31\/gremios-estatales-ratificaron-la-movilizacion-a-la-legislatura\/#article\",\"isPartOf\":{\"@id\":\"https:\/\/apuntesdesanluis.com\/index.php\/2024\/03\/31\/gremios-estatales-ratificaron-la-movilizacion-a-la-legislatura\/\"},\"author\":{\"name\":\"apuntesdesanluis.com\",\"@id\":\"https:\/\/apuntesdesanluis.com\/#\/schema\/person\/b55151d52296fcce64d1a72538a70b90\"},\"headline\":\"GREMIOS ESTATALES RATIFICARON LA MOVILIZACI\u00d3N A LA LEGISLATURA\",\"datePublished\":\"2024-03-31T23:58:43+00:00\",\"dateModified\":\"2024-04-01T00:03:46+00:00\",\"mainEntityOfPage\":{\"@id\":\"https:\/\/apuntesdesanluis.com\/index.php\/2024\/03\/31\/gremios-estatales-ratificaron-la-movilizacion-a-la-legislatura\/\"},\"wordCount\":81,\"publisher\":{\"@id\":\"https:\/\/apuntesdesanluis.com\/#\/schema\/person\/b55151d52296fcce64d1a72538a70b90\"},\"image\":{\"@id\":\"https:\/\/apuntesdesanluis.com\/index.php\/2024\/03\/31\/gremios-estatales-ratificaron-la-movilizacion-a-la-legislatura\/#primaryimage\"},\"thumbnailUrl\":\"https:\/\/apuntesdesanluis.com\/wp-content\/uploads\/2024\/03\/gremios-estatales-1.png\",\"articleSection\":[\"Ciudad\/Provincia\"],\"inLanguage\":\"es-AR\"},{\"@type\":\"WebPage\",\"@id\":\"https:\/\/apuntesdesanluis.com\/index.php\/2024\/03\/31\/gremios-estatales-ratificaron-la-movilizacion-a-la-legislatura\/\",\"url\":\"https:\/\/apuntesdesanluis.com\/index.php\/2024\/03\/31\/gremios-estatales-ratificaron-la-movilizacion-a-la-legislatura\/\",\"name\":\"GREMIOS ESTATALES RATIFICARON LA MOVILIZACI\u00d3N A LA LEGISLATURA - Apuntes de San Luis\",\"isPartOf\":{\"@id\":\"https:\/\/apuntesdesanluis.com\/#website\"},\"primaryImageOfPage\":{\"@id\":\"https:\/\/apuntesdesanluis.com\/index.php\/2024\/03\/31\/gremios-estatales-ratificaron-la-movilizacion-a-la-legislatura\/#primaryimage\"},\"image\":{\"@id\":\"https:\/\/apuntesdesanluis.com\/index.php\/2024\/03\/31\/gremios-estatales-ratificaron-la-movilizacion-a-la-legislatura\/#primaryimage\"},\"thumbnailUrl\":\"https:\/\/apuntesdesanluis.com\/wp-content\/uploads\/2024\/03\/gremios-estatales-1.png\",\"datePublished\":\"2024-03-31T23:58:43+00:00\",\"dateModified\":\"2024-04-01T00:03:46+00:00\",\"breadcrumb\":{\"@id\":\"https:\/\/apuntesdesanluis.com\/index.php\/2024\/03\/31\/gremios-estatales-ratificaron-la-movilizacion-a-la-legislatura\/#breadcrumb\"},\"inLanguage\":\"es-AR\",\"potentialAction\":[{\"@type\":\"ReadAction\",\"target\":[\"https:\/\/apuntesdesanluis.com\/index.php\/2024\/03\/31\/gremios-estatales-ratificaron-la-movilizacion-a-la-legislatura\/\"]}]},{\"@type\":\"ImageObject\",\"inLanguage\":\"es-AR\",\"@id\":\"https:\/\/apuntesdesanluis.com\/index.php\/2024\/03\/31\/gremios-estatales-ratificaron-la-movilizacion-a-la-legislatura\/#primaryimage\",\"url\":\"https:\/\/apuntesdesanluis.com\/wp-content\/uploads\/2024\/03\/gremios-estatales-1.png\",\"contentUrl\":\"https:\/\/apuntesdesanluis.com\/wp-content\/uploads\/2024\/03\/gremios-estatales-1.png\",\"width\":507,\"height\":276},{\"@type\":\"BreadcrumbList\",\"@id\":\"https:\/\/apuntesdesanluis.com\/index.php\/2024\/03\/31\/gremios-estatales-ratificaron-la-movilizacion-a-la-legislatura\/#breadcrumb\",\"itemListElement\":[{\"@type\":\"ListItem\",\"position\":1,\"name\":\"Inicio\",\"item\":\"https:\/\/apuntesdesanluis.com\/\"},{\"@type\":\"ListItem\",\"position\":2,\"name\":\"GREMIOS ESTATALES RATIFICARON LA MOVILIZACI\u00d3N A LA LEGISLATURA\"}]},{\"@type\":\"WebSite\",\"@id\":\"https:\/\/apuntesdesanluis.com\/#website\",\"url\":\"https:\/\/apuntesdesanluis.com\/\",\"name\":\"Apuntes de San Luis\",\"description\":\"\",\"publisher\":{\"@id\":\"https:\/\/apuntesdesanluis.com\/#\/schema\/person\/b55151d52296fcce64d1a72538a70b90\"},\"potentialAction\":[{\"@type\":\"SearchAction\",\"target\":{\"@type\":\"EntryPoint\",\"urlTemplate\":\"https:\/\/apuntesdesanluis.com\/?s={search_term_string}\"},\"query-input\":{\"@type\":\"PropertyValueSpecification\",\"valueRequired\":true,\"valueName\":\"search_term_string\"}}],\"inLanguage\":\"es-AR\"},{\"@type\":[\"Person\",\"Organization\"],\"@id\":\"https:\/\/apuntesdesanluis.com\/#\/schema\/person\/b55151d52296fcce64d1a72538a70b90\",\"name\":\"apuntesdesanluis.com\",\"image\":{\"@type\":\"ImageObject\",\"inLanguage\":\"es-AR\",\"@id\":\"https:\/\/apuntesdesanluis.com\/#\/schema\/person\/image\/\",\"url\":\"https:\/\/apuntesdesanluis.com\/wp-content\/uploads\/2023\/07\/cropped-apuntesdesanluis.png\",\"contentUrl\":\"https:\/\/apuntesdesanluis.com\/wp-content\/uploads\/2023\/07\/cropped-apuntesdesanluis.png\",\"width\":450,\"height\":112,\"caption\":\"apuntesdesanluis.com\"},\"logo\":{\"@id\":\"https:\/\/apuntesdesanluis.com\/#\/schema\/person\/image\/\"},\"sameAs\":[\"https:\/\/apuntesdesanluis.com\"],\"url\":\"https:\/\/apuntesdesanluis.com\/index.php\/author\/apuntesdesanluis-com\/\"}]}<\/script>\n<!-- \/ Yoast SEO plugin. -->","yoast_head_json":{"title":"GREMIOS ESTATALES RATIFICARON LA MOVILIZACI\u00d3N A LA LEGISLATURA - Apuntes de San Luis","robots":{"index":"index","follow":"follow","max-snippet":"max-snippet:-1","max-image-preview":"max-image-preview:large","max-video-preview":"max-video-preview:-1"},"canonical":"https:\/\/apuntesdesanluis.com\/index.php\/2024\/03\/31\/gremios-estatales-ratificaron-la-movilizacion-a-la-legislatura\/","og_locale":"es_ES","og_type":"article","og_title":"GREMIOS ESTATALES RATIFICARON LA MOVILIZACI\u00d3N A LA LEGISLATURA - Apuntes de San Luis","og_description":"Para reclamar una urgente recomposici\u00f3n salarial, numerosos gremios que representan a diferentes ramas del Estado...","og_url":"https:\/\/apuntesdesanluis.com\/index.php\/2024\/03\/31\/gremios-estatales-ratificaron-la-movilizacion-a-la-legislatura\/","og_site_name":"Apuntes de San Luis","article_published_time":"2024-03-31T23:58:43+00:00","article_modified_time":"2024-04-01T00:03:46+00:00","og_image":[{"width":507,"height":276,"url":"https:\/\/apuntesdesanluis.com\/wp-content\/uploads\/2024\/03\/gremios-estatales-1.png","type":"image\/png"}],"author":"apuntesdesanluis.com","twitter_card":"summary_large_image","twitter_misc":{"Escrito por":"apuntesdesanluis.com","Tiempo de lectura":"1 minuto"},"schema":{"@context":"https:\/\/schema.org","@graph":[{"@type":"Article","@id":"https:\/\/apuntesdesanluis.com\/index.php\/2024\/03\/31\/gremios-estatales-ratificaron-la-movilizacion-a-la-legislatura\/#article","isPartOf":{"@id":"https:\/\/apuntesdesanluis.com\/index.php\/2024\/03\/31\/gremios-estatales-ratificaron-la-movilizacion-a-la-legislatura\/"},"author":{"name":"apuntesdesanluis.com","@id":"https:\/\/apuntesdesanluis.com\/#\/schema\/person\/b55151d52296fcce64d1a72538a70b90"},"headline":"GREMIOS ESTATALES RATIFICARON LA MOVILIZACI\u00d3N A LA LEGISLATURA","datePublished":"2024-03-31T23:58:43+00:00","dateModified":"2024-04-01T00:03:46+00:00","mainEntityOfPage":{"@id":"https:\/\/apuntesdesanluis.com\/index.php\/2024\/03\/31\/gremios-estatales-ratificaron-la-movilizacion-a-la-legislatura\/"},"wordCount":81,"publisher":{"@id":"https:\/\/apuntesdesanluis.com\/#\/schema\/person\/b55151d52296fcce64d1a72538a70b90"},"image":{"@id":"https:\/\/apuntesdesanluis.com\/index.php\/2024\/03\/31\/gremios-estatales-ratificaron-la-movilizacion-a-la-legislatura\/#primaryimage"},"thumbnailUrl":"https:\/\/apuntesdesanluis.com\/wp-content\/uploads\/2024\/03\/gremios-estatales-1.png","articleSection":["Ciudad\/Provincia"],"inLanguage":"es-AR"},{"@type":"WebPage","@id":"https:\/\/apuntesdesanluis.com\/index.php\/2024\/03\/31\/gremios-estatales-ratificaron-la-movilizacion-a-la-legislatura\/","url":"https:\/\/apuntesdesanluis.com\/index.php\/2024\/03\/31\/gremios-estatales-ratificaron-la-movilizacion-a-la-legislatura\/","name":"GREMIOS ESTATALES RATIFICARON LA MOVILIZACI\u00d3N A LA LEGISLATURA - Apuntes de San Luis","isPartOf":{"@id":"https:\/\/apuntesdesanluis.com\/#website"},"primaryImageOfPage":{"@id":"https:\/\/apuntesdesanluis.com\/index.php\/2024\/03\/31\/gremios-estatales-ratificaron-la-movilizacion-a-la-legislatura\/#primaryimage"},"image":{"@id":"https:\/\/apuntesdesanluis.com\/index.php\/2024\/03\/31\/gremios-estatales-ratificaron-la-movilizacion-a-la-legislatura\/#primaryimage"},"thumbnailUrl":"https:\/\/apuntesdesanluis.com\/wp-content\/uploads\/2024\/03\/gremios-estatales-1.png","datePublished":"2024-03-31T23:58:43+00:00","dateModified":"2024-04-01T00:03:46+00:00","breadcrumb":{"@id":"https:\/\/apuntesdesanluis.com\/index.php\/2024\/03\/31\/gremios-estatales-ratificaron-la-movilizacion-a-la-legislatura\/#breadcrumb"},"inLanguage":"es-AR","potentialAction":[{"@type":"ReadAction","target":["https:\/\/apuntesdesanluis.com\/index.php\/2024\/03\/31\/gremios-estatales-ratificaron-la-movilizacion-a-la-legislatura\/"]}]},{"@type":"ImageObject","inLanguage":"es-AR","@id":"https:\/\/apuntesdesanluis.com\/index.php\/2024\/03\/31\/gremios-estatales-ratificaron-la-movilizacion-a-la-legislatura\/#primaryimage","url":"https:\/\/apuntesdesanluis.com\/wp-content\/uploads\/2024\/03\/gremios-estatales-1.png","contentUrl":"https:\/\/apuntesdesanluis.com\/wp-content\/uploads\/2024\/03\/gremios-estatales-1.png","width":507,"height":276},{"@type":"BreadcrumbList","@id":"https:\/\/apuntesdesanluis.com\/index.php\/2024\/03\/31\/gremios-estatales-ratificaron-la-movilizacion-a-la-legislatura\/#breadcrumb","itemListElement":[{"@type":"ListItem","position":1,"name":"Inicio","item":"https:\/\/apuntesdesanluis.com\/"},{"@type":"ListItem","position":2,"name":"GREMIOS ESTATALES RATIFICARON LA MOVILIZACI\u00d3N A LA LEGISLATURA"}]},{"@type":"WebSite","@id":"https:\/\/apuntesdesanluis.com\/#website","url":"https:\/\/apuntesdesanluis.com\/","name":"Apuntes de San Luis","description":"","publisher":{"@id":"https:\/\/apuntesdesanluis.com\/#\/schema\/person\/b55151d52296fcce64d1a72538a70b90"},"potentialAction":[{"@type":"SearchAction","target":{"@type":"EntryPoint","urlTemplate":"https:\/\/apuntesdesanluis.com\/?s={search_term_string}"},"query-input":{"@type":"PropertyValueSpecification","valueRequired":true,"valueName":"search_term_string"}}],"inLanguage":"es-AR"},{"@type":["Person","Organization"],"@id":"https:\/\/apuntesdesanluis.com\/#\/schema\/person\/b55151d52296fcce64d1a72538a70b90","name":"apuntesdesanluis.com","image":{"@type":"ImageObject","inLanguage":"es-AR","@id":"https:\/\/apuntesdesanluis.com\/#\/schema\/person\/image\/","url":"https:\/\/apuntesdesanluis.com\/wp-content\/uploads\/2023\/07\/cropped-apuntesdesanluis.png","contentUrl":"https:\/\/apuntesdesanluis.com\/wp-content\/uploads\/2023\/07\/cropped-apuntesdesanluis.png","width":450,"height":112,"caption":"apuntesdesanluis.com"},"logo":{"@id":"https:\/\/apuntesdesanluis.com\/#\/schema\/person\/image\/"},"sameAs":["https:\/\/apuntesdesanluis.com"],"url":"https:\/\/apuntesdesanluis.com\/index.php\/author\/apuntesdesanluis-com\/"}]}},"featured_image_urls":{"full":["https:\/\/apuntesdesanluis.com\/wp-content\/uploads\/2024\/03\/gremios-estatales-1.png",507,276,false],"thumbnail":["https:\/\/apuntesdesanluis.com\/wp-content\/uploads\/2024\/03\/gremios-estatales-1-150x150.png",150,150,true],"medium":["https:\/\/apuntesdesanluis.com\/wp-content\/uploads\/2024\/03\/gremios-estatales-1-300x163.png",300,163,true],"medium_large":["https:\/\/apuntesdesanluis.com\/wp-content\/uploads\/2024\/03\/gremios-estatales-1.png",507,276,false],"large":["https:\/\/apuntesdesanluis.com\/wp-content\/uploads\/2024\/03\/gremios-estatales-1.png",507,276,false],"1536x1536":["https:\/\/apuntesdesanluis.com\/wp-content\/uploads\/2024\/03\/gremios-estatales-1.png",507,276,false],"2048x2048":["https:\/\/apuntesdesanluis.com\/wp-content\/uploads\/2024\/03\/gremios-estatales-1.png",507,276,false],"newsever-slider-full":["https:\/\/apuntesdesanluis.com\/wp-content\/uploads\/2024\/03\/gremios-estatales-1.png",507,276,false],"newsever-featured":["https:\/\/apuntesdesanluis.com\/wp-content\/uploads\/2024\/03\/gremios-estatales-1.png",507,276,false],"newsever-medium":["https:\/\/apuntesdesanluis.com\/wp-content\/uploads\/2024\/03\/gremios-estatales-1.png",507,276,false]},"author_info":{"display_name":"apuntesdesanluis.com","author_link":"https:\/\/apuntesdesanluis.com\/index.php\/author\/apuntesdesanluis-com\/"},"category_info":"<a href=\"https:\/\/apuntesdesanluis.com\/index.php\/category\/ciudad-provincia\/\" rel=\"category tag\">Ciudad\/Provincia<\/a>","tag_info":"Ciudad\/Provincia","comment_count":"0","_links":{"self":[{"href":"https:\/\/apuntesdesanluis.com\/index.php\/wp-json\/wp\/v2\/posts\/13956","targetHints":{"allow":["GET"]}}],"collection":[{"href":"https:\/\/apuntesdesanluis.com\/index.php\/wp-json\/wp\/v2\/posts"}],"about":[{"href":"https:\/\/apuntesdesanluis.com\/index.php\/wp-json\/wp\/v2\/types\/post"}],"author":[{"embeddable":true,"href":"https:\/\/apuntesdesanluis.com\/index.php\/wp-json\/wp\/v2\/users\/1"}],"replies":[{"embeddable":true,"href":"https:\/\/apuntesdesanluis.com\/index.php\/wp-json\/wp\/v2\/comments?post=13956"}],"version-history":[{"count":2,"href":"https:\/\/apuntesdesanluis.com\/index.php\/wp-json\/wp\/v2\/posts\/13956\/revisions"}],"predecessor-version":[{"id":13962,"href":"https:\/\/apuntesdesanluis.com\/index.php\/wp-json\/wp\/v2\/posts\/13956\/revisions\/13962"}],"wp:featuredmedia":[{"embeddable":true,"href":"https:\/\/apuntesdesanluis.com\/index.php\/wp-json\/wp\/v2\/media\/13961"}],"wp:attachment":[{"href":"https:\/\/apuntesdesanluis.com\/index.php\/wp-json\/wp\/v2\/media?parent=13956"}],"wp:term":[{"taxonomy":"category","embeddable":true,"href":"https:\/\/apuntesdesanluis.com\/index.php\/wp-json\/wp\/v2\/categories?post=13956"},{"taxonomy":"post_tag","embeddable":true,"href":"https:\/\/apuntesdesanluis.com\/index.php\/wp-json\/wp\/v2\/tags?post=13956"}],"curies":[{"name":"wp","href":"https:\/\/api.w.org\/{rel}","templated":true}]}}