{"id":13976,"date":"2024-03-31T10:13:00","date_gmt":"2024-03-31T13:13:00","guid":{"rendered":"https:\/\/apuntesdesanluis.com\/?p=13976"},"modified":"2024-03-31T22:15:45","modified_gmt":"2024-04-01T01:15:45","slug":"trifulca-familiar-en-los-molles-danos-en-moviles-policiales-un-detenido-y-secuestro-de-marihuana","status":"publish","type":"post","link":"https:\/\/apuntesdesanluis.com\/index.php\/2024\/03\/31\/trifulca-familiar-en-los-molles-danos-en-moviles-policiales-un-detenido-y-secuestro-de-marihuana\/","title":{"rendered":"TRIFULCA FAMILIAR EN LOS MOLLES: DA\u00d1OS EN M\u00d3VILES POLICIALES, UN DETENIDO Y SECUESTRO DE MARIHUANA"},"content":{"rendered":"<h3>Este s\u00e1bado se produjo un disturbio en la zona de Los Molles, espec\u00edficamente a la altura del kil\u00f3metro 21 de la Autopista 25 de Mayo, el cual fue originado a ra\u00edz de una pelea familiar, de acuerdo a las averiguaciones.<\/h3>\n<h3>Efectivos de la comisar\u00eda de Villa de la Quebrada acudieron al lugar, donde al llegar observaron a una pareja -un hombre de 31 a\u00f1os de edad (con un beb\u00e9 en brazos) y una mujer de 20 a\u00f1os- que estaban discutiendo en la v\u00eda p\u00fablica, aparentemente por una planta de marihuana.<\/h3>\n<h3>En ese momento, intervino en la discusi\u00f3n el hermano de la mujer -un joven de 18 a\u00f1os-, quien manifest\u00f3 que todos hab\u00edan estado ingiriendo bebidas alcoh\u00f3licas en el domicilio ubicado en esa zona y que familiares de su cu\u00f1ado lo hab\u00edan golpeado.<\/h3>\n<h3>Luego, las personas que hab\u00edan estado en la reuni\u00f3n familiar en ese sitio comenzaron a arrojar piedras al m\u00f3vil policial de la comisar\u00eda de Villa de la Quebrada, como as\u00ed tambi\u00e9n a un m\u00f3vil de la Comisar\u00eda 37\u00b0 de La Punta que hab\u00eda llegado al lugar para prestar colaboraci\u00f3n, produciendo diferentes da\u00f1os en ambos veh\u00edculos policiales y heridas en un efectivo policial debido a una esquirla que se desprendi\u00f3 por el estallido de un parabrisas.<\/h3>\n<h3>Adem\u00e1s, un auto particular que circulaba por la autopista tambi\u00e9n sufri\u00f3 da\u00f1os debido a las piedras arrojadas por los protagonistas del disturbio.<\/h3>\n<h3>Posteriormente, en el puesto de Polic\u00eda Caminera ubicado en el kil\u00f3metro 18 de la Autopista 25 de Mayo, el joven de 18 a\u00f1os involucrado en la pelea y los da\u00f1os a los m\u00f3viles, insult\u00f3 a los uniformados y fue detenido.<\/h3>\n<h3>Asimismo, en el lugar del hecho se hizo presente personal de la Comisar\u00eda de Atenci\u00f3n a la Ni\u00f1ez, Adolescencia y Familia (CANAF) quienes se hicieron cargo de la mujer de 20 a\u00f1os y dos menores de edad.<\/h3>\n<p><img fetchpriority=\"high\" decoding=\"async\" class=\"wp-image-13978 aligncenter\" src=\"https:\/\/apuntesdesanluis.com\/wp-content\/uploads\/2024\/03\/Imagen-de-WhatsApp-2024-03-31-a-las-14.44.53_4a39a739-300x197.jpg\" alt=\"\" width=\"594\" height=\"390\" srcset=\"https:\/\/apuntesdesanluis.com\/wp-content\/uploads\/2024\/03\/Imagen-de-WhatsApp-2024-03-31-a-las-14.44.53_4a39a739-300x197.jpg 300w, https:\/\/apuntesdesanluis.com\/wp-content\/uploads\/2024\/03\/Imagen-de-WhatsApp-2024-03-31-a-las-14.44.53_4a39a739.jpg 600w\" sizes=\"(max-width: 594px) 100vw, 594px\" \/><\/p>\n<h3>Una vez en la dependencia policial, los efectivos constataron que la mujer ten\u00eda en un bolso un frasco con marihuana. En ese sentido se le dio intervenci\u00f3n a personal de la Divisi\u00f3n Lucha Contra el Narcotr\u00e1fico, quienes secuestraron 23 florescencias de marihuana y un elemento utilizado para el triturado de la sustancia.<\/h3>\n<h3>La causa est\u00e1 caratulada \u201cAveriguaci\u00f3n lesiones, da\u00f1os a bienes del estado y resistencia a la autoridad\u201d, e interviene la Fiscal\u00eda N\u00b0 3 de la Primera Circunscripci\u00f3n Judicial, a cargo del Dr. Esteban Roche.<\/h3>\n<p>&nbsp;<\/p>\n<p>&nbsp;<\/p>\n<p>&nbsp;<\/p>\n<p>&nbsp;<\/p>\n<p>&nbsp;<\/p>\n<p>&nbsp;<\/p>\n","protected":false},"excerpt":{"rendered":"<p>Este s\u00e1bado se produjo un disturbio en la zona de Los Molles, espec\u00edficamente a la&#8230;<\/p>\n","protected":false},"author":1,"featured_media":13977,"comment_status":"closed","ping_status":"closed","sticky":false,"template":"","format":"standard","meta":{"footnotes":""},"categories":[6],"tags":[],"class_list":["post-13976","post","type-post","status-publish","format-standard","has-post-thumbnail","hentry","category-ciudad-provincia"],"yoast_head":"<!-- This site is optimized with the Yoast SEO plugin v26.1.1 - https:\/\/yoast.com\/wordpress\/plugins\/seo\/ -->\n<title>TRIFULCA FAMILIAR EN LOS MOLLES: DA\u00d1OS EN M\u00d3VILES POLICIALES, UN DETENIDO Y SECUESTRO DE MARIHUANA - Apuntes de San Luis<\/title>\n<meta name=\"robots\" content=\"index, follow, max-snippet:-1, max-image-preview:large, max-video-preview:-1\" \/>\n<link rel=\"canonical\" href=\"https:\/\/apuntesdesanluis.com\/index.php\/2024\/03\/31\/trifulca-familiar-en-los-molles-danos-en-moviles-policiales-un-detenido-y-secuestro-de-marihuana\/\" \/>\n<meta property=\"og:locale\" content=\"es_ES\" \/>\n<meta property=\"og:type\" content=\"article\" \/>\n<meta property=\"og:title\" content=\"TRIFULCA FAMILIAR EN LOS MOLLES: DA\u00d1OS EN M\u00d3VILES POLICIALES, UN DETENIDO Y SECUESTRO DE MARIHUANA - Apuntes de San Luis\" \/>\n<meta property=\"og:description\" content=\"Este s\u00e1bado se produjo un disturbio en la zona de Los Molles, espec\u00edficamente a la...\" \/>\n<meta property=\"og:url\" content=\"https:\/\/apuntesdesanluis.com\/index.php\/2024\/03\/31\/trifulca-familiar-en-los-molles-danos-en-moviles-policiales-un-detenido-y-secuestro-de-marihuana\/\" \/>\n<meta property=\"og:site_name\" content=\"Apuntes de San Luis\" \/>\n<meta property=\"article:published_time\" content=\"2024-03-31T13:13:00+00:00\" \/>\n<meta property=\"article:modified_time\" content=\"2024-04-01T01:15:45+00:00\" \/>\n<meta property=\"og:image\" content=\"https:\/\/apuntesdesanluis.com\/wp-content\/uploads\/2024\/03\/Imagen-de-WhatsApp-2024-03-31-a-las-14.44.52_3d78713b.jpg\" \/>\n\t<meta property=\"og:image:width\" content=\"600\" \/>\n\t<meta property=\"og:image:height\" content=\"434\" \/>\n\t<meta property=\"og:image:type\" content=\"image\/jpeg\" \/>\n<meta name=\"author\" content=\"apuntesdesanluis.com\" \/>\n<meta name=\"twitter:card\" content=\"summary_large_image\" \/>\n<meta name=\"twitter:label1\" content=\"Escrito por\" \/>\n\t<meta name=\"twitter:data1\" content=\"apuntesdesanluis.com\" \/>\n\t<meta name=\"twitter:label2\" content=\"Tiempo de lectura\" \/>\n\t<meta name=\"twitter:data2\" content=\"2 minutos\" \/>\n<script type=\"application\/ld+json\" class=\"yoast-schema-graph\">{\"@context\":\"https:\/\/schema.org\",\"@graph\":[{\"@type\":\"Article\",\"@id\":\"https:\/\/apuntesdesanluis.com\/index.php\/2024\/03\/31\/trifulca-familiar-en-los-molles-danos-en-moviles-policiales-un-detenido-y-secuestro-de-marihuana\/#article\",\"isPartOf\":{\"@id\":\"https:\/\/apuntesdesanluis.com\/index.php\/2024\/03\/31\/trifulca-familiar-en-los-molles-danos-en-moviles-policiales-un-detenido-y-secuestro-de-marihuana\/\"},\"author\":{\"name\":\"apuntesdesanluis.com\",\"@id\":\"https:\/\/apuntesdesanluis.com\/#\/schema\/person\/b55151d52296fcce64d1a72538a70b90\"},\"headline\":\"TRIFULCA FAMILIAR EN LOS MOLLES: DA\u00d1OS EN M\u00d3VILES POLICIALES, UN DETENIDO Y SECUESTRO DE MARIHUANA\",\"datePublished\":\"2024-03-31T13:13:00+00:00\",\"dateModified\":\"2024-04-01T01:15:45+00:00\",\"mainEntityOfPage\":{\"@id\":\"https:\/\/apuntesdesanluis.com\/index.php\/2024\/03\/31\/trifulca-familiar-en-los-molles-danos-en-moviles-policiales-un-detenido-y-secuestro-de-marihuana\/\"},\"wordCount\":448,\"publisher\":{\"@id\":\"https:\/\/apuntesdesanluis.com\/#\/schema\/person\/b55151d52296fcce64d1a72538a70b90\"},\"image\":{\"@id\":\"https:\/\/apuntesdesanluis.com\/index.php\/2024\/03\/31\/trifulca-familiar-en-los-molles-danos-en-moviles-policiales-un-detenido-y-secuestro-de-marihuana\/#primaryimage\"},\"thumbnailUrl\":\"https:\/\/apuntesdesanluis.com\/wp-content\/uploads\/2024\/03\/Imagen-de-WhatsApp-2024-03-31-a-las-14.44.52_3d78713b.jpg\",\"articleSection\":[\"Ciudad\/Provincia\"],\"inLanguage\":\"es-AR\"},{\"@type\":\"WebPage\",\"@id\":\"https:\/\/apuntesdesanluis.com\/index.php\/2024\/03\/31\/trifulca-familiar-en-los-molles-danos-en-moviles-policiales-un-detenido-y-secuestro-de-marihuana\/\",\"url\":\"https:\/\/apuntesdesanluis.com\/index.php\/2024\/03\/31\/trifulca-familiar-en-los-molles-danos-en-moviles-policiales-un-detenido-y-secuestro-de-marihuana\/\",\"name\":\"TRIFULCA FAMILIAR EN LOS MOLLES: DA\u00d1OS EN M\u00d3VILES POLICIALES, UN DETENIDO Y SECUESTRO DE MARIHUANA - Apuntes de San Luis\",\"isPartOf\":{\"@id\":\"https:\/\/apuntesdesanluis.com\/#website\"},\"primaryImageOfPage\":{\"@id\":\"https:\/\/apuntesdesanluis.com\/index.php\/2024\/03\/31\/trifulca-familiar-en-los-molles-danos-en-moviles-policiales-un-detenido-y-secuestro-de-marihuana\/#primaryimage\"},\"image\":{\"@id\":\"https:\/\/apuntesdesanluis.com\/index.php\/2024\/03\/31\/trifulca-familiar-en-los-molles-danos-en-moviles-policiales-un-detenido-y-secuestro-de-marihuana\/#primaryimage\"},\"thumbnailUrl\":\"https:\/\/apuntesdesanluis.com\/wp-content\/uploads\/2024\/03\/Imagen-de-WhatsApp-2024-03-31-a-las-14.44.52_3d78713b.jpg\",\"datePublished\":\"2024-03-31T13:13:00+00:00\",\"dateModified\":\"2024-04-01T01:15:45+00:00\",\"breadcrumb\":{\"@id\":\"https:\/\/apuntesdesanluis.com\/index.php\/2024\/03\/31\/trifulca-familiar-en-los-molles-danos-en-moviles-policiales-un-detenido-y-secuestro-de-marihuana\/#breadcrumb\"},\"inLanguage\":\"es-AR\",\"potentialAction\":[{\"@type\":\"ReadAction\",\"target\":[\"https:\/\/apuntesdesanluis.com\/index.php\/2024\/03\/31\/trifulca-familiar-en-los-molles-danos-en-moviles-policiales-un-detenido-y-secuestro-de-marihuana\/\"]}]},{\"@type\":\"ImageObject\",\"inLanguage\":\"es-AR\",\"@id\":\"https:\/\/apuntesdesanluis.com\/index.php\/2024\/03\/31\/trifulca-familiar-en-los-molles-danos-en-moviles-policiales-un-detenido-y-secuestro-de-marihuana\/#primaryimage\",\"url\":\"https:\/\/apuntesdesanluis.com\/wp-content\/uploads\/2024\/03\/Imagen-de-WhatsApp-2024-03-31-a-las-14.44.52_3d78713b.jpg\",\"contentUrl\":\"https:\/\/apuntesdesanluis.com\/wp-content\/uploads\/2024\/03\/Imagen-de-WhatsApp-2024-03-31-a-las-14.44.52_3d78713b.jpg\",\"width\":600,\"height\":434},{\"@type\":\"BreadcrumbList\",\"@id\":\"https:\/\/apuntesdesanluis.com\/index.php\/2024\/03\/31\/trifulca-familiar-en-los-molles-danos-en-moviles-policiales-un-detenido-y-secuestro-de-marihuana\/#breadcrumb\",\"itemListElement\":[{\"@type\":\"ListItem\",\"position\":1,\"name\":\"Inicio\",\"item\":\"https:\/\/apuntesdesanluis.com\/\"},{\"@type\":\"ListItem\",\"position\":2,\"name\":\"TRIFULCA FAMILIAR EN LOS MOLLES: DA\u00d1OS EN M\u00d3VILES POLICIALES, UN DETENIDO Y SECUESTRO DE MARIHUANA\"}]},{\"@type\":\"WebSite\",\"@id\":\"https:\/\/apuntesdesanluis.com\/#website\",\"url\":\"https:\/\/apuntesdesanluis.com\/\",\"name\":\"Apuntes de San Luis\",\"description\":\"\",\"publisher\":{\"@id\":\"https:\/\/apuntesdesanluis.com\/#\/schema\/person\/b55151d52296fcce64d1a72538a70b90\"},\"potentialAction\":[{\"@type\":\"SearchAction\",\"target\":{\"@type\":\"EntryPoint\",\"urlTemplate\":\"https:\/\/apuntesdesanluis.com\/?s={search_term_string}\"},\"query-input\":{\"@type\":\"PropertyValueSpecification\",\"valueRequired\":true,\"valueName\":\"search_term_string\"}}],\"inLanguage\":\"es-AR\"},{\"@type\":[\"Person\",\"Organization\"],\"@id\":\"https:\/\/apuntesdesanluis.com\/#\/schema\/person\/b55151d52296fcce64d1a72538a70b90\",\"name\":\"apuntesdesanluis.com\",\"image\":{\"@type\":\"ImageObject\",\"inLanguage\":\"es-AR\",\"@id\":\"https:\/\/apuntesdesanluis.com\/#\/schema\/person\/image\/\",\"url\":\"https:\/\/apuntesdesanluis.com\/wp-content\/uploads\/2023\/07\/cropped-apuntesdesanluis.png\",\"contentUrl\":\"https:\/\/apuntesdesanluis.com\/wp-content\/uploads\/2023\/07\/cropped-apuntesdesanluis.png\",\"width\":450,\"height\":112,\"caption\":\"apuntesdesanluis.com\"},\"logo\":{\"@id\":\"https:\/\/apuntesdesanluis.com\/#\/schema\/person\/image\/\"},\"sameAs\":[\"https:\/\/apuntesdesanluis.com\"],\"url\":\"https:\/\/apuntesdesanluis.com\/index.php\/author\/apuntesdesanluis-com\/\"}]}<\/script>\n<!-- \/ Yoast SEO plugin. -->","yoast_head_json":{"title":"TRIFULCA FAMILIAR EN LOS MOLLES: DA\u00d1OS EN M\u00d3VILES POLICIALES, UN DETENIDO Y SECUESTRO DE MARIHUANA - Apuntes de San Luis","robots":{"index":"index","follow":"follow","max-snippet":"max-snippet:-1","max-image-preview":"max-image-preview:large","max-video-preview":"max-video-preview:-1"},"canonical":"https:\/\/apuntesdesanluis.com\/index.php\/2024\/03\/31\/trifulca-familiar-en-los-molles-danos-en-moviles-policiales-un-detenido-y-secuestro-de-marihuana\/","og_locale":"es_ES","og_type":"article","og_title":"TRIFULCA FAMILIAR EN LOS MOLLES: DA\u00d1OS EN M\u00d3VILES POLICIALES, UN DETENIDO Y SECUESTRO DE MARIHUANA - Apuntes de San Luis","og_description":"Este s\u00e1bado se produjo un disturbio en la zona de Los Molles, espec\u00edficamente a la...","og_url":"https:\/\/apuntesdesanluis.com\/index.php\/2024\/03\/31\/trifulca-familiar-en-los-molles-danos-en-moviles-policiales-un-detenido-y-secuestro-de-marihuana\/","og_site_name":"Apuntes de San Luis","article_published_time":"2024-03-31T13:13:00+00:00","article_modified_time":"2024-04-01T01:15:45+00:00","og_image":[{"width":600,"height":434,"url":"https:\/\/apuntesdesanluis.com\/wp-content\/uploads\/2024\/03\/Imagen-de-WhatsApp-2024-03-31-a-las-14.44.52_3d78713b.jpg","type":"image\/jpeg"}],"author":"apuntesdesanluis.com","twitter_card":"summary_large_image","twitter_misc":{"Escrito por":"apuntesdesanluis.com","Tiempo de lectura":"2 minutos"},"schema":{"@context":"https:\/\/schema.org","@graph":[{"@type":"Article","@id":"https:\/\/apuntesdesanluis.com\/index.php\/2024\/03\/31\/trifulca-familiar-en-los-molles-danos-en-moviles-policiales-un-detenido-y-secuestro-de-marihuana\/#article","isPartOf":{"@id":"https:\/\/apuntesdesanluis.com\/index.php\/2024\/03\/31\/trifulca-familiar-en-los-molles-danos-en-moviles-policiales-un-detenido-y-secuestro-de-marihuana\/"},"author":{"name":"apuntesdesanluis.com","@id":"https:\/\/apuntesdesanluis.com\/#\/schema\/person\/b55151d52296fcce64d1a72538a70b90"},"headline":"TRIFULCA FAMILIAR EN LOS MOLLES: DA\u00d1OS EN M\u00d3VILES POLICIALES, UN DETENIDO Y SECUESTRO DE MARIHUANA","datePublished":"2024-03-31T13:13:00+00:00","dateModified":"2024-04-01T01:15:45+00:00","mainEntityOfPage":{"@id":"https:\/\/apuntesdesanluis.com\/index.php\/2024\/03\/31\/trifulca-familiar-en-los-molles-danos-en-moviles-policiales-un-detenido-y-secuestro-de-marihuana\/"},"wordCount":448,"publisher":{"@id":"https:\/\/apuntesdesanluis.com\/#\/schema\/person\/b55151d52296fcce64d1a72538a70b90"},"image":{"@id":"https:\/\/apuntesdesanluis.com\/index.php\/2024\/03\/31\/trifulca-familiar-en-los-molles-danos-en-moviles-policiales-un-detenido-y-secuestro-de-marihuana\/#primaryimage"},"thumbnailUrl":"https:\/\/apuntesdesanluis.com\/wp-content\/uploads\/2024\/03\/Imagen-de-WhatsApp-2024-03-31-a-las-14.44.52_3d78713b.jpg","articleSection":["Ciudad\/Provincia"],"inLanguage":"es-AR"},{"@type":"WebPage","@id":"https:\/\/apuntesdesanluis.com\/index.php\/2024\/03\/31\/trifulca-familiar-en-los-molles-danos-en-moviles-policiales-un-detenido-y-secuestro-de-marihuana\/","url":"https:\/\/apuntesdesanluis.com\/index.php\/2024\/03\/31\/trifulca-familiar-en-los-molles-danos-en-moviles-policiales-un-detenido-y-secuestro-de-marihuana\/","name":"TRIFULCA FAMILIAR EN LOS MOLLES: DA\u00d1OS EN M\u00d3VILES POLICIALES, UN DETENIDO Y SECUESTRO DE MARIHUANA - Apuntes de San Luis","isPartOf":{"@id":"https:\/\/apuntesdesanluis.com\/#website"},"primaryImageOfPage":{"@id":"https:\/\/apuntesdesanluis.com\/index.php\/2024\/03\/31\/trifulca-familiar-en-los-molles-danos-en-moviles-policiales-un-detenido-y-secuestro-de-marihuana\/#primaryimage"},"image":{"@id":"https:\/\/apuntesdesanluis.com\/index.php\/2024\/03\/31\/trifulca-familiar-en-los-molles-danos-en-moviles-policiales-un-detenido-y-secuestro-de-marihuana\/#primaryimage"},"thumbnailUrl":"https:\/\/apuntesdesanluis.com\/wp-content\/uploads\/2024\/03\/Imagen-de-WhatsApp-2024-03-31-a-las-14.44.52_3d78713b.jpg","datePublished":"2024-03-31T13:13:00+00:00","dateModified":"2024-04-01T01:15:45+00:00","breadcrumb":{"@id":"https:\/\/apuntesdesanluis.com\/index.php\/2024\/03\/31\/trifulca-familiar-en-los-molles-danos-en-moviles-policiales-un-detenido-y-secuestro-de-marihuana\/#breadcrumb"},"inLanguage":"es-AR","potentialAction":[{"@type":"ReadAction","target":["https:\/\/apuntesdesanluis.com\/index.php\/2024\/03\/31\/trifulca-familiar-en-los-molles-danos-en-moviles-policiales-un-detenido-y-secuestro-de-marihuana\/"]}]},{"@type":"ImageObject","inLanguage":"es-AR","@id":"https:\/\/apuntesdesanluis.com\/index.php\/2024\/03\/31\/trifulca-familiar-en-los-molles-danos-en-moviles-policiales-un-detenido-y-secuestro-de-marihuana\/#primaryimage","url":"https:\/\/apuntesdesanluis.com\/wp-content\/uploads\/2024\/03\/Imagen-de-WhatsApp-2024-03-31-a-las-14.44.52_3d78713b.jpg","contentUrl":"https:\/\/apuntesdesanluis.com\/wp-content\/uploads\/2024\/03\/Imagen-de-WhatsApp-2024-03-31-a-las-14.44.52_3d78713b.jpg","width":600,"height":434},{"@type":"BreadcrumbList","@id":"https:\/\/apuntesdesanluis.com\/index.php\/2024\/03\/31\/trifulca-familiar-en-los-molles-danos-en-moviles-policiales-un-detenido-y-secuestro-de-marihuana\/#breadcrumb","itemListElement":[{"@type":"ListItem","position":1,"name":"Inicio","item":"https:\/\/apuntesdesanluis.com\/"},{"@type":"ListItem","position":2,"name":"TRIFULCA FAMILIAR EN LOS MOLLES: DA\u00d1OS EN M\u00d3VILES POLICIALES, UN DETENIDO Y SECUESTRO DE MARIHUANA"}]},{"@type":"WebSite","@id":"https:\/\/apuntesdesanluis.com\/#website","url":"https:\/\/apuntesdesanluis.com\/","name":"Apuntes de San Luis","description":"","publisher":{"@id":"https:\/\/apuntesdesanluis.com\/#\/schema\/person\/b55151d52296fcce64d1a72538a70b90"},"potentialAction":[{"@type":"SearchAction","target":{"@type":"EntryPoint","urlTemplate":"https:\/\/apuntesdesanluis.com\/?s={search_term_string}"},"query-input":{"@type":"PropertyValueSpecification","valueRequired":true,"valueName":"search_term_string"}}],"inLanguage":"es-AR"},{"@type":["Person","Organization"],"@id":"https:\/\/apuntesdesanluis.com\/#\/schema\/person\/b55151d52296fcce64d1a72538a70b90","name":"apuntesdesanluis.com","image":{"@type":"ImageObject","inLanguage":"es-AR","@id":"https:\/\/apuntesdesanluis.com\/#\/schema\/person\/image\/","url":"https:\/\/apuntesdesanluis.com\/wp-content\/uploads\/2023\/07\/cropped-apuntesdesanluis.png","contentUrl":"https:\/\/apuntesdesanluis.com\/wp-content\/uploads\/2023\/07\/cropped-apuntesdesanluis.png","width":450,"height":112,"caption":"apuntesdesanluis.com"},"logo":{"@id":"https:\/\/apuntesdesanluis.com\/#\/schema\/person\/image\/"},"sameAs":["https:\/\/apuntesdesanluis.com"],"url":"https:\/\/apuntesdesanluis.com\/index.php\/author\/apuntesdesanluis-com\/"}]}},"featured_image_urls":{"full":["https:\/\/apuntesdesanluis.com\/wp-content\/uploads\/2024\/03\/Imagen-de-WhatsApp-2024-03-31-a-las-14.44.52_3d78713b.jpg",600,434,false],"thumbnail":["https:\/\/apuntesdesanluis.com\/wp-content\/uploads\/2024\/03\/Imagen-de-WhatsApp-2024-03-31-a-las-14.44.52_3d78713b-150x150.jpg",150,150,true],"medium":["https:\/\/apuntesdesanluis.com\/wp-content\/uploads\/2024\/03\/Imagen-de-WhatsApp-2024-03-31-a-las-14.44.52_3d78713b-300x217.jpg",300,217,true],"medium_large":["https:\/\/apuntesdesanluis.com\/wp-content\/uploads\/2024\/03\/Imagen-de-WhatsApp-2024-03-31-a-las-14.44.52_3d78713b.jpg",600,434,false],"large":["https:\/\/apuntesdesanluis.com\/wp-content\/uploads\/2024\/03\/Imagen-de-WhatsApp-2024-03-31-a-las-14.44.52_3d78713b.jpg",600,434,false],"1536x1536":["https:\/\/apuntesdesanluis.com\/wp-content\/uploads\/2024\/03\/Imagen-de-WhatsApp-2024-03-31-a-las-14.44.52_3d78713b.jpg",600,434,false],"2048x2048":["https:\/\/apuntesdesanluis.com\/wp-content\/uploads\/2024\/03\/Imagen-de-WhatsApp-2024-03-31-a-las-14.44.52_3d78713b.jpg",600,434,false],"newsever-slider-full":["https:\/\/apuntesdesanluis.com\/wp-content\/uploads\/2024\/03\/Imagen-de-WhatsApp-2024-03-31-a-las-14.44.52_3d78713b.jpg",600,434,false],"newsever-featured":["https:\/\/apuntesdesanluis.com\/wp-content\/uploads\/2024\/03\/Imagen-de-WhatsApp-2024-03-31-a-las-14.44.52_3d78713b.jpg",600,434,false],"newsever-medium":["https:\/\/apuntesdesanluis.com\/wp-content\/uploads\/2024\/03\/Imagen-de-WhatsApp-2024-03-31-a-las-14.44.52_3d78713b.jpg",600,434,false]},"author_info":{"display_name":"apuntesdesanluis.com","author_link":"https:\/\/apuntesdesanluis.com\/index.php\/author\/apuntesdesanluis-com\/"},"category_info":"<a href=\"https:\/\/apuntesdesanluis.com\/index.php\/category\/ciudad-provincia\/\" rel=\"category tag\">Ciudad\/Provincia<\/a>","tag_info":"Ciudad\/Provincia","comment_count":"0","_links":{"self":[{"href":"https:\/\/apuntesdesanluis.com\/index.php\/wp-json\/wp\/v2\/posts\/13976","targetHints":{"allow":["GET"]}}],"collection":[{"href":"https:\/\/apuntesdesanluis.com\/index.php\/wp-json\/wp\/v2\/posts"}],"about":[{"href":"https:\/\/apuntesdesanluis.com\/index.php\/wp-json\/wp\/v2\/types\/post"}],"author":[{"embeddable":true,"href":"https:\/\/apuntesdesanluis.com\/index.php\/wp-json\/wp\/v2\/users\/1"}],"replies":[{"embeddable":true,"href":"https:\/\/apuntesdesanluis.com\/index.php\/wp-json\/wp\/v2\/comments?post=13976"}],"version-history":[{"count":1,"href":"https:\/\/apuntesdesanluis.com\/index.php\/wp-json\/wp\/v2\/posts\/13976\/revisions"}],"predecessor-version":[{"id":13979,"href":"https:\/\/apuntesdesanluis.com\/index.php\/wp-json\/wp\/v2\/posts\/13976\/revisions\/13979"}],"wp:featuredmedia":[{"embeddable":true,"href":"https:\/\/apuntesdesanluis.com\/index.php\/wp-json\/wp\/v2\/media\/13977"}],"wp:attachment":[{"href":"https:\/\/apuntesdesanluis.com\/index.php\/wp-json\/wp\/v2\/media?parent=13976"}],"wp:term":[{"taxonomy":"category","embeddable":true,"href":"https:\/\/apuntesdesanluis.com\/index.php\/wp-json\/wp\/v2\/categories?post=13976"},{"taxonomy":"post_tag","embeddable":true,"href":"https:\/\/apuntesdesanluis.com\/index.php\/wp-json\/wp\/v2\/tags?post=13976"}],"curies":[{"name":"wp","href":"https:\/\/api.w.org\/{rel}","templated":true}]}}