{"id":13980,"date":"2024-03-31T23:12:00","date_gmt":"2024-04-01T02:12:00","guid":{"rendered":"https:\/\/apuntesdesanluis.com\/?p=13980"},"modified":"2024-03-31T23:16:00","modified_gmt":"2024-04-01T02:16:00","slug":"apts-comunico-que-tampoco-participara-de-la-marcha-de-este-lunes","status":"publish","type":"post","link":"https:\/\/apuntesdesanluis.com\/index.php\/2024\/03\/31\/apts-comunico-que-tampoco-participara-de-la-marcha-de-este-lunes\/","title":{"rendered":"APTS COMUNIC\u00d3 QUE TAMPOCO PARTICIPAR\u00c1 DE LA MARCHA DE ESTE LUNES"},"content":{"rendered":"<h3>Lo inform\u00f3 a trav\u00e9s de un comunicado emitido en las \u00faltimas horas de hoy, luego de haber mantenido una reuni\u00f3n su comisi\u00f3n directiva.<\/h3>\n<h3>Como se recordar\u00e1, m\u00e1s temprano tambi\u00e9n hab\u00edan comunicado que desist\u00edan de participar de la movilizaci\u00f3n el <strong>Sindicato Judiciales Puntanos (SiJuPu)<\/strong> y la <strong>Uni\u00f3n Docentes Argentinos. E<\/strong>n tanto que el resto de gremios estatales con ATE a la cabeza ratificaron la marcha y se concentrar\u00e1n a las 10:00 h en el Shopping Center, para marchar a la Legislatura, donde el gobernador <strong>Claudio Poggi<\/strong> dirigir\u00e1 su discurso anual y dejar\u00e1 inaugurado el 148\u00b0 per\u00edodo de sesiones ordinarias.<\/h3>\n<h3>El comunicado de la <strong>Asociaci\u00f3n de Profesionales y T\u00e9cnicos de la Salud<\/strong> (APTS) San Luis es el siguiente:<\/h3>\n<p><img fetchpriority=\"high\" decoding=\"async\" class=\"wp-image-13981 aligncenter\" src=\"https:\/\/apuntesdesanluis.com\/wp-content\/uploads\/2024\/03\/apts-300x290.jpg\" alt=\"\" width=\"522\" height=\"505\" srcset=\"https:\/\/apuntesdesanluis.com\/wp-content\/uploads\/2024\/03\/apts-300x290.jpg 300w, https:\/\/apuntesdesanluis.com\/wp-content\/uploads\/2024\/03\/apts.jpg 600w\" sizes=\"(max-width: 522px) 100vw, 522px\" \/><\/p>\n<p>&nbsp;<\/p>\n<p>&nbsp;<\/p>\n<p>&nbsp;<\/p>\n<p>&nbsp;<\/p>\n","protected":false},"excerpt":{"rendered":"<p>Lo inform\u00f3 a trav\u00e9s de un comunicado emitido en las \u00faltimas horas de hoy, luego&#8230;<\/p>\n","protected":false},"author":1,"featured_media":13982,"comment_status":"closed","ping_status":"closed","sticky":false,"template":"","format":"standard","meta":{"footnotes":""},"categories":[6],"tags":[],"class_list":["post-13980","post","type-post","status-publish","format-standard","has-post-thumbnail","hentry","category-ciudad-provincia"],"yoast_head":"<!-- This site is optimized with the Yoast SEO plugin v26.1.1 - https:\/\/yoast.com\/wordpress\/plugins\/seo\/ -->\n<title>APTS COMUNIC\u00d3 QUE TAMPOCO PARTICIPAR\u00c1 DE LA MARCHA DE ESTE LUNES - Apuntes de San Luis<\/title>\n<meta name=\"robots\" content=\"index, follow, max-snippet:-1, max-image-preview:large, max-video-preview:-1\" \/>\n<link rel=\"canonical\" href=\"https:\/\/apuntesdesanluis.com\/index.php\/2024\/03\/31\/apts-comunico-que-tampoco-participara-de-la-marcha-de-este-lunes\/\" \/>\n<meta property=\"og:locale\" content=\"es_ES\" \/>\n<meta property=\"og:type\" content=\"article\" \/>\n<meta property=\"og:title\" content=\"APTS COMUNIC\u00d3 QUE TAMPOCO PARTICIPAR\u00c1 DE LA MARCHA DE ESTE LUNES - Apuntes de San Luis\" \/>\n<meta property=\"og:description\" content=\"Lo inform\u00f3 a trav\u00e9s de un comunicado emitido en las \u00faltimas horas de hoy, luego...\" \/>\n<meta property=\"og:url\" content=\"https:\/\/apuntesdesanluis.com\/index.php\/2024\/03\/31\/apts-comunico-que-tampoco-participara-de-la-marcha-de-este-lunes\/\" \/>\n<meta property=\"og:site_name\" content=\"Apuntes de San Luis\" \/>\n<meta property=\"article:published_time\" content=\"2024-04-01T02:12:00+00:00\" \/>\n<meta property=\"article:modified_time\" content=\"2024-04-01T02:16:00+00:00\" \/>\n<meta property=\"og:image\" content=\"https:\/\/apuntesdesanluis.com\/wp-content\/uploads\/2024\/03\/apts-san-luis.png\" \/>\n\t<meta property=\"og:image:width\" content=\"616\" \/>\n\t<meta property=\"og:image:height\" content=\"347\" \/>\n\t<meta property=\"og:image:type\" content=\"image\/png\" \/>\n<meta name=\"author\" content=\"apuntesdesanluis.com\" \/>\n<meta name=\"twitter:card\" content=\"summary_large_image\" \/>\n<meta name=\"twitter:label1\" content=\"Escrito por\" \/>\n\t<meta name=\"twitter:data1\" content=\"apuntesdesanluis.com\" \/>\n\t<meta name=\"twitter:label2\" content=\"Tiempo de lectura\" \/>\n\t<meta name=\"twitter:data2\" content=\"1 minuto\" \/>\n<script type=\"application\/ld+json\" class=\"yoast-schema-graph\">{\"@context\":\"https:\/\/schema.org\",\"@graph\":[{\"@type\":\"Article\",\"@id\":\"https:\/\/apuntesdesanluis.com\/index.php\/2024\/03\/31\/apts-comunico-que-tampoco-participara-de-la-marcha-de-este-lunes\/#article\",\"isPartOf\":{\"@id\":\"https:\/\/apuntesdesanluis.com\/index.php\/2024\/03\/31\/apts-comunico-que-tampoco-participara-de-la-marcha-de-este-lunes\/\"},\"author\":{\"name\":\"apuntesdesanluis.com\",\"@id\":\"https:\/\/apuntesdesanluis.com\/#\/schema\/person\/b55151d52296fcce64d1a72538a70b90\"},\"headline\":\"APTS COMUNIC\u00d3 QUE TAMPOCO PARTICIPAR\u00c1 DE LA MARCHA DE ESTE LUNES\",\"datePublished\":\"2024-04-01T02:12:00+00:00\",\"dateModified\":\"2024-04-01T02:16:00+00:00\",\"mainEntityOfPage\":{\"@id\":\"https:\/\/apuntesdesanluis.com\/index.php\/2024\/03\/31\/apts-comunico-que-tampoco-participara-de-la-marcha-de-este-lunes\/\"},\"wordCount\":142,\"publisher\":{\"@id\":\"https:\/\/apuntesdesanluis.com\/#\/schema\/person\/b55151d52296fcce64d1a72538a70b90\"},\"image\":{\"@id\":\"https:\/\/apuntesdesanluis.com\/index.php\/2024\/03\/31\/apts-comunico-que-tampoco-participara-de-la-marcha-de-este-lunes\/#primaryimage\"},\"thumbnailUrl\":\"https:\/\/apuntesdesanluis.com\/wp-content\/uploads\/2024\/03\/apts-san-luis.png\",\"articleSection\":[\"Ciudad\/Provincia\"],\"inLanguage\":\"es-AR\"},{\"@type\":\"WebPage\",\"@id\":\"https:\/\/apuntesdesanluis.com\/index.php\/2024\/03\/31\/apts-comunico-que-tampoco-participara-de-la-marcha-de-este-lunes\/\",\"url\":\"https:\/\/apuntesdesanluis.com\/index.php\/2024\/03\/31\/apts-comunico-que-tampoco-participara-de-la-marcha-de-este-lunes\/\",\"name\":\"APTS COMUNIC\u00d3 QUE TAMPOCO PARTICIPAR\u00c1 DE LA MARCHA DE ESTE LUNES - Apuntes de San Luis\",\"isPartOf\":{\"@id\":\"https:\/\/apuntesdesanluis.com\/#website\"},\"primaryImageOfPage\":{\"@id\":\"https:\/\/apuntesdesanluis.com\/index.php\/2024\/03\/31\/apts-comunico-que-tampoco-participara-de-la-marcha-de-este-lunes\/#primaryimage\"},\"image\":{\"@id\":\"https:\/\/apuntesdesanluis.com\/index.php\/2024\/03\/31\/apts-comunico-que-tampoco-participara-de-la-marcha-de-este-lunes\/#primaryimage\"},\"thumbnailUrl\":\"https:\/\/apuntesdesanluis.com\/wp-content\/uploads\/2024\/03\/apts-san-luis.png\",\"datePublished\":\"2024-04-01T02:12:00+00:00\",\"dateModified\":\"2024-04-01T02:16:00+00:00\",\"breadcrumb\":{\"@id\":\"https:\/\/apuntesdesanluis.com\/index.php\/2024\/03\/31\/apts-comunico-que-tampoco-participara-de-la-marcha-de-este-lunes\/#breadcrumb\"},\"inLanguage\":\"es-AR\",\"potentialAction\":[{\"@type\":\"ReadAction\",\"target\":[\"https:\/\/apuntesdesanluis.com\/index.php\/2024\/03\/31\/apts-comunico-que-tampoco-participara-de-la-marcha-de-este-lunes\/\"]}]},{\"@type\":\"ImageObject\",\"inLanguage\":\"es-AR\",\"@id\":\"https:\/\/apuntesdesanluis.com\/index.php\/2024\/03\/31\/apts-comunico-que-tampoco-participara-de-la-marcha-de-este-lunes\/#primaryimage\",\"url\":\"https:\/\/apuntesdesanluis.com\/wp-content\/uploads\/2024\/03\/apts-san-luis.png\",\"contentUrl\":\"https:\/\/apuntesdesanluis.com\/wp-content\/uploads\/2024\/03\/apts-san-luis.png\",\"width\":616,\"height\":347},{\"@type\":\"BreadcrumbList\",\"@id\":\"https:\/\/apuntesdesanluis.com\/index.php\/2024\/03\/31\/apts-comunico-que-tampoco-participara-de-la-marcha-de-este-lunes\/#breadcrumb\",\"itemListElement\":[{\"@type\":\"ListItem\",\"position\":1,\"name\":\"Inicio\",\"item\":\"https:\/\/apuntesdesanluis.com\/\"},{\"@type\":\"ListItem\",\"position\":2,\"name\":\"APTS COMUNIC\u00d3 QUE TAMPOCO PARTICIPAR\u00c1 DE LA MARCHA DE ESTE LUNES\"}]},{\"@type\":\"WebSite\",\"@id\":\"https:\/\/apuntesdesanluis.com\/#website\",\"url\":\"https:\/\/apuntesdesanluis.com\/\",\"name\":\"Apuntes de San Luis\",\"description\":\"\",\"publisher\":{\"@id\":\"https:\/\/apuntesdesanluis.com\/#\/schema\/person\/b55151d52296fcce64d1a72538a70b90\"},\"potentialAction\":[{\"@type\":\"SearchAction\",\"target\":{\"@type\":\"EntryPoint\",\"urlTemplate\":\"https:\/\/apuntesdesanluis.com\/?s={search_term_string}\"},\"query-input\":{\"@type\":\"PropertyValueSpecification\",\"valueRequired\":true,\"valueName\":\"search_term_string\"}}],\"inLanguage\":\"es-AR\"},{\"@type\":[\"Person\",\"Organization\"],\"@id\":\"https:\/\/apuntesdesanluis.com\/#\/schema\/person\/b55151d52296fcce64d1a72538a70b90\",\"name\":\"apuntesdesanluis.com\",\"image\":{\"@type\":\"ImageObject\",\"inLanguage\":\"es-AR\",\"@id\":\"https:\/\/apuntesdesanluis.com\/#\/schema\/person\/image\/\",\"url\":\"https:\/\/apuntesdesanluis.com\/wp-content\/uploads\/2023\/07\/cropped-apuntesdesanluis.png\",\"contentUrl\":\"https:\/\/apuntesdesanluis.com\/wp-content\/uploads\/2023\/07\/cropped-apuntesdesanluis.png\",\"width\":450,\"height\":112,\"caption\":\"apuntesdesanluis.com\"},\"logo\":{\"@id\":\"https:\/\/apuntesdesanluis.com\/#\/schema\/person\/image\/\"},\"sameAs\":[\"https:\/\/apuntesdesanluis.com\"],\"url\":\"https:\/\/apuntesdesanluis.com\/index.php\/author\/apuntesdesanluis-com\/\"}]}<\/script>\n<!-- \/ Yoast SEO plugin. -->","yoast_head_json":{"title":"APTS COMUNIC\u00d3 QUE TAMPOCO PARTICIPAR\u00c1 DE LA MARCHA DE ESTE LUNES - Apuntes de San Luis","robots":{"index":"index","follow":"follow","max-snippet":"max-snippet:-1","max-image-preview":"max-image-preview:large","max-video-preview":"max-video-preview:-1"},"canonical":"https:\/\/apuntesdesanluis.com\/index.php\/2024\/03\/31\/apts-comunico-que-tampoco-participara-de-la-marcha-de-este-lunes\/","og_locale":"es_ES","og_type":"article","og_title":"APTS COMUNIC\u00d3 QUE TAMPOCO PARTICIPAR\u00c1 DE LA MARCHA DE ESTE LUNES - Apuntes de San Luis","og_description":"Lo inform\u00f3 a trav\u00e9s de un comunicado emitido en las \u00faltimas horas de hoy, luego...","og_url":"https:\/\/apuntesdesanluis.com\/index.php\/2024\/03\/31\/apts-comunico-que-tampoco-participara-de-la-marcha-de-este-lunes\/","og_site_name":"Apuntes de San Luis","article_published_time":"2024-04-01T02:12:00+00:00","article_modified_time":"2024-04-01T02:16:00+00:00","og_image":[{"width":616,"height":347,"url":"https:\/\/apuntesdesanluis.com\/wp-content\/uploads\/2024\/03\/apts-san-luis.png","type":"image\/png"}],"author":"apuntesdesanluis.com","twitter_card":"summary_large_image","twitter_misc":{"Escrito por":"apuntesdesanluis.com","Tiempo de lectura":"1 minuto"},"schema":{"@context":"https:\/\/schema.org","@graph":[{"@type":"Article","@id":"https:\/\/apuntesdesanluis.com\/index.php\/2024\/03\/31\/apts-comunico-que-tampoco-participara-de-la-marcha-de-este-lunes\/#article","isPartOf":{"@id":"https:\/\/apuntesdesanluis.com\/index.php\/2024\/03\/31\/apts-comunico-que-tampoco-participara-de-la-marcha-de-este-lunes\/"},"author":{"name":"apuntesdesanluis.com","@id":"https:\/\/apuntesdesanluis.com\/#\/schema\/person\/b55151d52296fcce64d1a72538a70b90"},"headline":"APTS COMUNIC\u00d3 QUE TAMPOCO PARTICIPAR\u00c1 DE LA MARCHA DE ESTE LUNES","datePublished":"2024-04-01T02:12:00+00:00","dateModified":"2024-04-01T02:16:00+00:00","mainEntityOfPage":{"@id":"https:\/\/apuntesdesanluis.com\/index.php\/2024\/03\/31\/apts-comunico-que-tampoco-participara-de-la-marcha-de-este-lunes\/"},"wordCount":142,"publisher":{"@id":"https:\/\/apuntesdesanluis.com\/#\/schema\/person\/b55151d52296fcce64d1a72538a70b90"},"image":{"@id":"https:\/\/apuntesdesanluis.com\/index.php\/2024\/03\/31\/apts-comunico-que-tampoco-participara-de-la-marcha-de-este-lunes\/#primaryimage"},"thumbnailUrl":"https:\/\/apuntesdesanluis.com\/wp-content\/uploads\/2024\/03\/apts-san-luis.png","articleSection":["Ciudad\/Provincia"],"inLanguage":"es-AR"},{"@type":"WebPage","@id":"https:\/\/apuntesdesanluis.com\/index.php\/2024\/03\/31\/apts-comunico-que-tampoco-participara-de-la-marcha-de-este-lunes\/","url":"https:\/\/apuntesdesanluis.com\/index.php\/2024\/03\/31\/apts-comunico-que-tampoco-participara-de-la-marcha-de-este-lunes\/","name":"APTS COMUNIC\u00d3 QUE TAMPOCO PARTICIPAR\u00c1 DE LA MARCHA DE ESTE LUNES - Apuntes de San Luis","isPartOf":{"@id":"https:\/\/apuntesdesanluis.com\/#website"},"primaryImageOfPage":{"@id":"https:\/\/apuntesdesanluis.com\/index.php\/2024\/03\/31\/apts-comunico-que-tampoco-participara-de-la-marcha-de-este-lunes\/#primaryimage"},"image":{"@id":"https:\/\/apuntesdesanluis.com\/index.php\/2024\/03\/31\/apts-comunico-que-tampoco-participara-de-la-marcha-de-este-lunes\/#primaryimage"},"thumbnailUrl":"https:\/\/apuntesdesanluis.com\/wp-content\/uploads\/2024\/03\/apts-san-luis.png","datePublished":"2024-04-01T02:12:00+00:00","dateModified":"2024-04-01T02:16:00+00:00","breadcrumb":{"@id":"https:\/\/apuntesdesanluis.com\/index.php\/2024\/03\/31\/apts-comunico-que-tampoco-participara-de-la-marcha-de-este-lunes\/#breadcrumb"},"inLanguage":"es-AR","potentialAction":[{"@type":"ReadAction","target":["https:\/\/apuntesdesanluis.com\/index.php\/2024\/03\/31\/apts-comunico-que-tampoco-participara-de-la-marcha-de-este-lunes\/"]}]},{"@type":"ImageObject","inLanguage":"es-AR","@id":"https:\/\/apuntesdesanluis.com\/index.php\/2024\/03\/31\/apts-comunico-que-tampoco-participara-de-la-marcha-de-este-lunes\/#primaryimage","url":"https:\/\/apuntesdesanluis.com\/wp-content\/uploads\/2024\/03\/apts-san-luis.png","contentUrl":"https:\/\/apuntesdesanluis.com\/wp-content\/uploads\/2024\/03\/apts-san-luis.png","width":616,"height":347},{"@type":"BreadcrumbList","@id":"https:\/\/apuntesdesanluis.com\/index.php\/2024\/03\/31\/apts-comunico-que-tampoco-participara-de-la-marcha-de-este-lunes\/#breadcrumb","itemListElement":[{"@type":"ListItem","position":1,"name":"Inicio","item":"https:\/\/apuntesdesanluis.com\/"},{"@type":"ListItem","position":2,"name":"APTS COMUNIC\u00d3 QUE TAMPOCO PARTICIPAR\u00c1 DE LA MARCHA DE ESTE LUNES"}]},{"@type":"WebSite","@id":"https:\/\/apuntesdesanluis.com\/#website","url":"https:\/\/apuntesdesanluis.com\/","name":"Apuntes de San Luis","description":"","publisher":{"@id":"https:\/\/apuntesdesanluis.com\/#\/schema\/person\/b55151d52296fcce64d1a72538a70b90"},"potentialAction":[{"@type":"SearchAction","target":{"@type":"EntryPoint","urlTemplate":"https:\/\/apuntesdesanluis.com\/?s={search_term_string}"},"query-input":{"@type":"PropertyValueSpecification","valueRequired":true,"valueName":"search_term_string"}}],"inLanguage":"es-AR"},{"@type":["Person","Organization"],"@id":"https:\/\/apuntesdesanluis.com\/#\/schema\/person\/b55151d52296fcce64d1a72538a70b90","name":"apuntesdesanluis.com","image":{"@type":"ImageObject","inLanguage":"es-AR","@id":"https:\/\/apuntesdesanluis.com\/#\/schema\/person\/image\/","url":"https:\/\/apuntesdesanluis.com\/wp-content\/uploads\/2023\/07\/cropped-apuntesdesanluis.png","contentUrl":"https:\/\/apuntesdesanluis.com\/wp-content\/uploads\/2023\/07\/cropped-apuntesdesanluis.png","width":450,"height":112,"caption":"apuntesdesanluis.com"},"logo":{"@id":"https:\/\/apuntesdesanluis.com\/#\/schema\/person\/image\/"},"sameAs":["https:\/\/apuntesdesanluis.com"],"url":"https:\/\/apuntesdesanluis.com\/index.php\/author\/apuntesdesanluis-com\/"}]}},"featured_image_urls":{"full":["https:\/\/apuntesdesanluis.com\/wp-content\/uploads\/2024\/03\/apts-san-luis.png",616,347,false],"thumbnail":["https:\/\/apuntesdesanluis.com\/wp-content\/uploads\/2024\/03\/apts-san-luis-150x150.png",150,150,true],"medium":["https:\/\/apuntesdesanluis.com\/wp-content\/uploads\/2024\/03\/apts-san-luis-300x169.png",300,169,true],"medium_large":["https:\/\/apuntesdesanluis.com\/wp-content\/uploads\/2024\/03\/apts-san-luis.png",616,347,false],"large":["https:\/\/apuntesdesanluis.com\/wp-content\/uploads\/2024\/03\/apts-san-luis.png",616,347,false],"1536x1536":["https:\/\/apuntesdesanluis.com\/wp-content\/uploads\/2024\/03\/apts-san-luis.png",616,347,false],"2048x2048":["https:\/\/apuntesdesanluis.com\/wp-content\/uploads\/2024\/03\/apts-san-luis.png",616,347,false],"newsever-slider-full":["https:\/\/apuntesdesanluis.com\/wp-content\/uploads\/2024\/03\/apts-san-luis.png",616,347,false],"newsever-featured":["https:\/\/apuntesdesanluis.com\/wp-content\/uploads\/2024\/03\/apts-san-luis.png",616,347,false],"newsever-medium":["https:\/\/apuntesdesanluis.com\/wp-content\/uploads\/2024\/03\/apts-san-luis.png",616,347,false]},"author_info":{"display_name":"apuntesdesanluis.com","author_link":"https:\/\/apuntesdesanluis.com\/index.php\/author\/apuntesdesanluis-com\/"},"category_info":"<a href=\"https:\/\/apuntesdesanluis.com\/index.php\/category\/ciudad-provincia\/\" rel=\"category tag\">Ciudad\/Provincia<\/a>","tag_info":"Ciudad\/Provincia","comment_count":"0","_links":{"self":[{"href":"https:\/\/apuntesdesanluis.com\/index.php\/wp-json\/wp\/v2\/posts\/13980","targetHints":{"allow":["GET"]}}],"collection":[{"href":"https:\/\/apuntesdesanluis.com\/index.php\/wp-json\/wp\/v2\/posts"}],"about":[{"href":"https:\/\/apuntesdesanluis.com\/index.php\/wp-json\/wp\/v2\/types\/post"}],"author":[{"embeddable":true,"href":"https:\/\/apuntesdesanluis.com\/index.php\/wp-json\/wp\/v2\/users\/1"}],"replies":[{"embeddable":true,"href":"https:\/\/apuntesdesanluis.com\/index.php\/wp-json\/wp\/v2\/comments?post=13980"}],"version-history":[{"count":5,"href":"https:\/\/apuntesdesanluis.com\/index.php\/wp-json\/wp\/v2\/posts\/13980\/revisions"}],"predecessor-version":[{"id":13987,"href":"https:\/\/apuntesdesanluis.com\/index.php\/wp-json\/wp\/v2\/posts\/13980\/revisions\/13987"}],"wp:featuredmedia":[{"embeddable":true,"href":"https:\/\/apuntesdesanluis.com\/index.php\/wp-json\/wp\/v2\/media\/13982"}],"wp:attachment":[{"href":"https:\/\/apuntesdesanluis.com\/index.php\/wp-json\/wp\/v2\/media?parent=13980"}],"wp:term":[{"taxonomy":"category","embeddable":true,"href":"https:\/\/apuntesdesanluis.com\/index.php\/wp-json\/wp\/v2\/categories?post=13980"},{"taxonomy":"post_tag","embeddable":true,"href":"https:\/\/apuntesdesanluis.com\/index.php\/wp-json\/wp\/v2\/tags?post=13980"}],"curies":[{"name":"wp","href":"https:\/\/api.w.org\/{rel}","templated":true}]}}