{"id":13991,"date":"2024-04-02T09:29:38","date_gmt":"2024-04-02T12:29:38","guid":{"rendered":"https:\/\/apuntesdesanluis.com\/?p=13991"},"modified":"2024-04-02T12:03:38","modified_gmt":"2024-04-02T15:03:38","slug":"reconstruir-el-tejido-social-uno-de-los-principales-ejes-de-gestion","status":"publish","type":"post","link":"https:\/\/apuntesdesanluis.com\/index.php\/2024\/04\/02\/reconstruir-el-tejido-social-uno-de-los-principales-ejes-de-gestion\/","title":{"rendered":"\u201cRECONSTRUIR EL TEJIDO SOCIAL\u201d, UNO DE LOS PRINCIPALES EJES DE GESTI\u00d3N"},"content":{"rendered":"<h3>En el marco de la 148\u00b0 Apertura de Sesiones Ordinarias de la Legislatura Provincial, el gobernador <strong>Claudio Poggi<\/strong> abord\u00f3 la problem\u00e1tica social que se incrusta en cada una de las familias sanluise\u00f1as, en la cual las carencias, la droga y la inseguridad funcionan como motores para sostener esa ruptura en el tejido social. Tambi\u00e9n formul\u00f3 distintos anuncios (Ver aparte)<\/h3>\n<h3>El Jefe de Estado remarc\u00f3 que la recuperaci\u00f3n de la vida social en San Luis ser\u00e1 uno de los cuatro ejes que marquen el norte para su administraci\u00f3n. \u201cLo vamos a reconstruir con m\u00e1s educaci\u00f3n, con m\u00e1s salud, con acceso a la vivienda, con m\u00e1s deporte y cultura que permitan contener a nuestros chicos, con m\u00e1s pol\u00edticas para la primera infancia, para nuestros mayores y para la discapacidad\u201d, resalt\u00f3.<\/h3>\n<h3>Defini\u00f3 como visi\u00f3n general, que su gobierno \u201ctendr\u00e1 un norte, una direcci\u00f3n bien clara, en el convencimiento de que cada paso que demos en esa direcci\u00f3n vamos a ir mejorando nuestra calidad de vida, y vamos a ir fortaleciendo la esperanza y consolidando el futuro\u201d.<\/h3>\n<h3>Al respecto indic\u00f3 que esa direcci\u00f3n estar\u00e1 sustentada en cuatro ejes centrales:<\/h3>\n<h3>1) Generar las condiciones para el sector privado de San Luis, que se achic\u00f3 en los \u00faltimos a\u00f1os y que perdi\u00f3 puestos de trabajo, vuelva a crecer, recupere los puestos de trabajo que perdi\u00f3, los consolide, y genere nuevos y mejores puestos de trabajo.<\/h3>\n<h3>2) Luchar sin cuartel contra la inseguridad y la droga, que alter\u00f3 nuestra tranquilidad como sociedad.<\/h3>\n<h3>3) Reconstruir el tejido social roto en San Luis. Y ese tejido social roto, lo vamos a reconstruir con m\u00e1s educaci\u00f3n, con m\u00e1s salud, con acceso a la vivienda, con m\u00e1s deporte y cultura que permitan contener a nuestros chicos, con m\u00e1s pol\u00edticas para la primera infancia, con m\u00e1s pol\u00edticas para nuestros mayores y con m\u00e1s pol\u00edticas para la discapacidad.<\/h3>\n<h3>4) Recuperar y fortalecer la institucionalidad en San Luis.<\/h3>\n<h3>\u201cEstos cuatro ejes de gobierno ser\u00e1n nuestro norte, nuestra hoja de ruta, que en el medio de un contexto lleno de incertidumbre y crisis econ\u00f3mica y social har\u00e1 que algunas cuestiones las vayamos logrando antes y otras despu\u00e9s, puede ser\u2026 Pero tenemos clara la hoja de ruta y ya hemos comenzado a ejecutar sus cimientos en estos primeros 113 d\u00edas de gobierno desde el 10 de diciembre a la fecha\u201d.<\/h3>\n<h3>La \u2018tragedia social\u2019 que vive la provincia tiene culpables directos. Uno de ellos es la carencia que penetra en las familias y, particularmente, en los m\u00e1s peque\u00f1os. \u201c7 de cada 10 chicos viven en hogares con severas carencias, econ\u00f3micas, educativas, sanitarias, culturales. Carencias de sue\u00f1os. Viven con la familia rota, sin trabajo o acceso a la vivienda, con mucha violencia intrafamiliar y una inseguridad que alter\u00f3 nuestra tranquilidad como sociedad\u201d, asever\u00f3 el Primer mandatario.<\/h3>\n<p><iframe title=\"Vamos a reconstruir el tejido social roto que tenemos en San Luis\" width=\"640\" height=\"360\" src=\"https:\/\/www.youtube.com\/embed\/_DzPVC-M-4k?feature=oembed\" frameborder=\"0\" allow=\"accelerometer; autoplay; clipboard-write; encrypted-media; gyroscope; picture-in-picture; web-share\" referrerpolicy=\"strict-origin-when-cross-origin\" allowfullscreen><\/iframe><\/p>\n<h3>La droga es otro aspecto al cual Poggi responsabiliz\u00f3 sobre la actual realidad social en San Luis y respecto a las formas de atacar el problema, el Gobernador repar\u00f3 en la importancia de la educaci\u00f3n, especialmente en los inicios formativos de cada chico.<\/h3>\n<h3>\u201cEl contexto social grave de hoy hizo que tuvi\u00e9ramos que priorizar pol\u00edticas p\u00fablicas de contenci\u00f3n social. Priorizamos la alimentaci\u00f3n nutricional escolar de nuestros ni\u00f1os, porque un ni\u00f1o con hambre no aprende, no comprende, lo condenamos a no tener la educaci\u00f3n que necesita para su futuro.<\/h3>\n<h3>Creamos el Plan Alimentario Nutricional Escolar (PANE), que apunta a llegar al 100% de los chicos del Nivel Inicial, Primario y Secundario de la escuela p\u00fablica, en cuanto al desayuno y merienda. Y luego, gradualmente en junio, alcanzar tambi\u00e9n con el almuerzo a 40 mil chicos de las escuelas m\u00e1s vulnerables de la provincia\u201d, destac\u00f3.<\/h3>\n<h3><strong>RATIFICACI\u00d3N DE OBJETIVOS EN EDUCACI\u00d3N<\/strong><\/h3>\n<h3>Los tres objetivos en materia educativa que remarc\u00f3 Poggi en su discurso est\u00e1n referidos a la universalizaci\u00f3n de la sala de 3 a\u00f1os, el Programa de Alfabetizaci\u00f3n Inicial y fortalecer el v\u00ednculo entre las escuelas secundarias y los niveles de estudio universitarios o superiores.<\/h3>\n<p><iframe title=\"Los 3 objetivos en materia educativa que remarc\u00f3 Claudio Poggi\" width=\"640\" height=\"360\" src=\"https:\/\/www.youtube.com\/embed\/CkmcxH5Nqjo?feature=oembed\" frameborder=\"0\" allow=\"accelerometer; autoplay; clipboard-write; encrypted-media; gyroscope; picture-in-picture; web-share\" referrerpolicy=\"strict-origin-when-cross-origin\" allowfullscreen><\/iframe><\/p>\n<h3>Respecto a la UNSL, el Gobernador resalt\u00f3 el reciente acuerdo mediante un convenio marco de colaboraci\u00f3n rec\u00edproca en el que ambas partes se comprometieron a ejecutar proyectos de manera conjunta. Esto abarca tanto las pr\u00e1cticas preprofesionales como los trabajos de investigaci\u00f3n.<\/h3>\n<h3>Sobre la Universidad Nacional de Villa Mercedes (UNViMe) y la UPrO, Poggi destac\u00f3 la confraternidad que ambas instituciones demostraron para poder comenzar el ciclo lectivo actual con la disponibilidad de aulas que cada casa de altos estudios necesitaba. \u201cEl Gobierno provincial le cedi\u00f3 en pr\u00e9stamo a la UNViMe uno de los edificios de la UPrO de Villa Mercedes, el que est\u00e1 ubicado en el barrio Los Poetas, y la UPrO mantuvo su sede central en el exHogar Escuela. Gracias a eso, hoy la UNViMe tiene el espacio \u00e1ulico necesario y pudo comenzar sus clases como corresponde\u201d, explic\u00f3 el Jefe de Estado.<\/h3>\n<h3>Adem\u00e1s, resalt\u00f3 que \u201cestos son solo dos ejemplos de c\u00f3mo el Gobierno va a trabajar en conjunto con todas las universidades para proyectos que impliquen mejorar la calidad de vida de los sanluise\u00f1os\u201d.<\/h3>\n<h3><strong>DOS POL\u00cdTICAS DE IMPACTO DIRECTO<\/strong><\/h3>\n<h3>El gobernador Claudio Poggi mencion\u00f3 durante su discurso en la Legislatura dos pol\u00edticas que ya est\u00e1n en marcha y tienen impacto directo en la calidad de vida de la poblaci\u00f3n de San Luis: \u2018Escritur\u00e1 tu casa\u2019 y el fortalecimiento de las ONG.<\/h3>\n<h3>\u00a0\u201cLanzamos y comenzamos a ejecutar el programa \u2018Escritur\u00e1 tu Casa\u2019, \u201ccon el cual eliminamos un derecho de escrituraci\u00f3n o sobretasa que se cobraba para poder escriturar, cuyo costo era del 30% del valor de la propiedad.\u201d, dijo.<\/h3>\n<h3>\u201cEra un verdadero obst\u00e1culo econ\u00f3mico para que las familias obtuvieran su escritura y la seguridad jur\u00eddica y tranquilidad que ello implica.<\/h3>\n<p><iframe title=\"Pol\u00edtica habitacional y Fortalecimiento Institucional ONG\" width=\"640\" height=\"360\" src=\"https:\/\/www.youtube.com\/embed\/J35fIRuK9PI?feature=oembed\" frameborder=\"0\" allow=\"accelerometer; autoplay; clipboard-write; encrypted-media; gyroscope; picture-in-picture; web-share\" referrerpolicy=\"strict-origin-when-cross-origin\" allowfullscreen><\/iframe><\/p>\n<h3><strong>H\u00c9ROES DE MALVINAS<\/strong><\/h3>\n<h3>\u201cHace 42 a\u00f1os, un 2 de abril, un grupo de soldados viajaba en representaci\u00f3n del reclamo hist\u00f3rico de todo el pueblo argentino y desembarcaba en nuestras Islas Malvinas\u201d, record\u00f3 el gobernador Claudio Poggi, en el final de su discurso en la 148\u00b0 Apertura de Sesiones Ordinarias de la Legislatura Provincial, para referirse a la gesta patria en la v\u00edspera de un nuevo aniversario.<\/h3>\n<p><img fetchpriority=\"high\" decoding=\"async\" class=\"wp-image-14011 aligncenter\" src=\"https:\/\/apuntesdesanluis.com\/wp-content\/uploads\/2024\/04\/ex-combatientes-300x164.png\" alt=\"\" width=\"631\" height=\"345\" srcset=\"https:\/\/apuntesdesanluis.com\/wp-content\/uploads\/2024\/04\/ex-combatientes-300x164.png 300w, https:\/\/apuntesdesanluis.com\/wp-content\/uploads\/2024\/04\/ex-combatientes.png 600w\" sizes=\"(max-width: 631px) 100vw, 631px\" \/><\/p>\n<h3>\u201cEn esta fecha tan especial, traigo a esta Asamblea la memoria de quienes se quedaron custodiando nuestro territorio argentino, abrazados a nuestro mar y nuestra tierra\u201d, continu\u00f3 Poggi, quien adem\u00e1s remarc\u00f3 la importancia de mostrar \u201cel reconocimiento a nuestros veteranos que mantienen viva la llama de aquella gesta y el honor para quienes volvieron del horror de la guerra y hoy ya no est\u00e1n con nosotros\u201d.<\/h3>\n<h3>El mandatario record\u00f3 tambi\u00e9n que, durante su anterior gesti\u00f3n, lider\u00f3 a un equipo gubernamental que facilit\u00f3 el regreso a las islas de los veteranos radicados en la provincia y sus familias. En este marco, inst\u00f3 a \u201cenarbolar la bandera de la memoria y del reclamo permanente de soberan\u00eda sobre nuestro territorio\u201d.<\/h3>\n<p>&nbsp;<\/p>\n<p>&nbsp;<\/p>\n<p>&nbsp;<\/p>\n<p>&nbsp;<\/p>\n","protected":false},"excerpt":{"rendered":"<p>En el marco de la 148\u00b0 Apertura de Sesiones Ordinarias de la Legislatura Provincial, el&#8230;<\/p>\n","protected":false},"author":1,"featured_media":13992,"comment_status":"closed","ping_status":"closed","sticky":false,"template":"","format":"standard","meta":{"footnotes":""},"categories":[6],"tags":[],"class_list":["post-13991","post","type-post","status-publish","format-standard","has-post-thumbnail","hentry","category-ciudad-provincia"],"yoast_head":"<!-- This site is optimized with the Yoast SEO plugin v26.1.1 - https:\/\/yoast.com\/wordpress\/plugins\/seo\/ -->\n<title>\u201cRECONSTRUIR EL TEJIDO SOCIAL\u201d, UNO DE LOS PRINCIPALES EJES DE GESTI\u00d3N - Apuntes de San Luis<\/title>\n<meta name=\"robots\" content=\"index, follow, max-snippet:-1, max-image-preview:large, max-video-preview:-1\" \/>\n<link rel=\"canonical\" href=\"https:\/\/apuntesdesanluis.com\/index.php\/2024\/04\/02\/reconstruir-el-tejido-social-uno-de-los-principales-ejes-de-gestion\/\" \/>\n<meta property=\"og:locale\" content=\"es_ES\" \/>\n<meta property=\"og:type\" content=\"article\" \/>\n<meta property=\"og:title\" content=\"\u201cRECONSTRUIR EL TEJIDO SOCIAL\u201d, UNO DE LOS PRINCIPALES EJES DE GESTI\u00d3N - Apuntes de San Luis\" \/>\n<meta property=\"og:description\" content=\"En el marco de la 148\u00b0 Apertura de Sesiones Ordinarias de la Legislatura Provincial, el...\" \/>\n<meta property=\"og:url\" content=\"https:\/\/apuntesdesanluis.com\/index.php\/2024\/04\/02\/reconstruir-el-tejido-social-uno-de-los-principales-ejes-de-gestion\/\" \/>\n<meta property=\"og:site_name\" content=\"Apuntes de San Luis\" \/>\n<meta property=\"article:published_time\" content=\"2024-04-02T12:29:38+00:00\" \/>\n<meta property=\"article:modified_time\" content=\"2024-04-02T15:03:38+00:00\" \/>\n<meta property=\"og:image\" content=\"https:\/\/apuntesdesanluis.com\/wp-content\/uploads\/2024\/04\/poggi-discurso.png\" \/>\n\t<meta property=\"og:image:width\" content=\"783\" \/>\n\t<meta property=\"og:image:height\" content=\"454\" \/>\n\t<meta property=\"og:image:type\" content=\"image\/png\" \/>\n<meta name=\"author\" content=\"apuntesdesanluis.com\" \/>\n<meta name=\"twitter:card\" content=\"summary_large_image\" \/>\n<meta name=\"twitter:label1\" content=\"Escrito por\" \/>\n\t<meta name=\"twitter:data1\" content=\"apuntesdesanluis.com\" \/>\n\t<meta name=\"twitter:label2\" content=\"Tiempo de lectura\" \/>\n\t<meta name=\"twitter:data2\" content=\"6 minutos\" \/>\n<script type=\"application\/ld+json\" class=\"yoast-schema-graph\">{\"@context\":\"https:\/\/schema.org\",\"@graph\":[{\"@type\":\"Article\",\"@id\":\"https:\/\/apuntesdesanluis.com\/index.php\/2024\/04\/02\/reconstruir-el-tejido-social-uno-de-los-principales-ejes-de-gestion\/#article\",\"isPartOf\":{\"@id\":\"https:\/\/apuntesdesanluis.com\/index.php\/2024\/04\/02\/reconstruir-el-tejido-social-uno-de-los-principales-ejes-de-gestion\/\"},\"author\":{\"name\":\"apuntesdesanluis.com\",\"@id\":\"https:\/\/apuntesdesanluis.com\/#\/schema\/person\/b55151d52296fcce64d1a72538a70b90\"},\"headline\":\"\u201cRECONSTRUIR EL TEJIDO SOCIAL\u201d, UNO DE LOS PRINCIPALES EJES DE GESTI\u00d3N\",\"datePublished\":\"2024-04-02T12:29:38+00:00\",\"dateModified\":\"2024-04-02T15:03:38+00:00\",\"mainEntityOfPage\":{\"@id\":\"https:\/\/apuntesdesanluis.com\/index.php\/2024\/04\/02\/reconstruir-el-tejido-social-uno-de-los-principales-ejes-de-gestion\/\"},\"wordCount\":1214,\"publisher\":{\"@id\":\"https:\/\/apuntesdesanluis.com\/#\/schema\/person\/b55151d52296fcce64d1a72538a70b90\"},\"image\":{\"@id\":\"https:\/\/apuntesdesanluis.com\/index.php\/2024\/04\/02\/reconstruir-el-tejido-social-uno-de-los-principales-ejes-de-gestion\/#primaryimage\"},\"thumbnailUrl\":\"https:\/\/apuntesdesanluis.com\/wp-content\/uploads\/2024\/04\/poggi-discurso.png\",\"articleSection\":[\"Ciudad\/Provincia\"],\"inLanguage\":\"es-AR\"},{\"@type\":\"WebPage\",\"@id\":\"https:\/\/apuntesdesanluis.com\/index.php\/2024\/04\/02\/reconstruir-el-tejido-social-uno-de-los-principales-ejes-de-gestion\/\",\"url\":\"https:\/\/apuntesdesanluis.com\/index.php\/2024\/04\/02\/reconstruir-el-tejido-social-uno-de-los-principales-ejes-de-gestion\/\",\"name\":\"\u201cRECONSTRUIR EL TEJIDO SOCIAL\u201d, UNO DE LOS PRINCIPALES EJES DE GESTI\u00d3N - Apuntes de San Luis\",\"isPartOf\":{\"@id\":\"https:\/\/apuntesdesanluis.com\/#website\"},\"primaryImageOfPage\":{\"@id\":\"https:\/\/apuntesdesanluis.com\/index.php\/2024\/04\/02\/reconstruir-el-tejido-social-uno-de-los-principales-ejes-de-gestion\/#primaryimage\"},\"image\":{\"@id\":\"https:\/\/apuntesdesanluis.com\/index.php\/2024\/04\/02\/reconstruir-el-tejido-social-uno-de-los-principales-ejes-de-gestion\/#primaryimage\"},\"thumbnailUrl\":\"https:\/\/apuntesdesanluis.com\/wp-content\/uploads\/2024\/04\/poggi-discurso.png\",\"datePublished\":\"2024-04-02T12:29:38+00:00\",\"dateModified\":\"2024-04-02T15:03:38+00:00\",\"breadcrumb\":{\"@id\":\"https:\/\/apuntesdesanluis.com\/index.php\/2024\/04\/02\/reconstruir-el-tejido-social-uno-de-los-principales-ejes-de-gestion\/#breadcrumb\"},\"inLanguage\":\"es-AR\",\"potentialAction\":[{\"@type\":\"ReadAction\",\"target\":[\"https:\/\/apuntesdesanluis.com\/index.php\/2024\/04\/02\/reconstruir-el-tejido-social-uno-de-los-principales-ejes-de-gestion\/\"]}]},{\"@type\":\"ImageObject\",\"inLanguage\":\"es-AR\",\"@id\":\"https:\/\/apuntesdesanluis.com\/index.php\/2024\/04\/02\/reconstruir-el-tejido-social-uno-de-los-principales-ejes-de-gestion\/#primaryimage\",\"url\":\"https:\/\/apuntesdesanluis.com\/wp-content\/uploads\/2024\/04\/poggi-discurso.png\",\"contentUrl\":\"https:\/\/apuntesdesanluis.com\/wp-content\/uploads\/2024\/04\/poggi-discurso.png\",\"width\":783,\"height\":454},{\"@type\":\"BreadcrumbList\",\"@id\":\"https:\/\/apuntesdesanluis.com\/index.php\/2024\/04\/02\/reconstruir-el-tejido-social-uno-de-los-principales-ejes-de-gestion\/#breadcrumb\",\"itemListElement\":[{\"@type\":\"ListItem\",\"position\":1,\"name\":\"Inicio\",\"item\":\"https:\/\/apuntesdesanluis.com\/\"},{\"@type\":\"ListItem\",\"position\":2,\"name\":\"\u201cRECONSTRUIR EL TEJIDO SOCIAL\u201d, UNO DE LOS PRINCIPALES EJES DE GESTI\u00d3N\"}]},{\"@type\":\"WebSite\",\"@id\":\"https:\/\/apuntesdesanluis.com\/#website\",\"url\":\"https:\/\/apuntesdesanluis.com\/\",\"name\":\"Apuntes de San Luis\",\"description\":\"\",\"publisher\":{\"@id\":\"https:\/\/apuntesdesanluis.com\/#\/schema\/person\/b55151d52296fcce64d1a72538a70b90\"},\"potentialAction\":[{\"@type\":\"SearchAction\",\"target\":{\"@type\":\"EntryPoint\",\"urlTemplate\":\"https:\/\/apuntesdesanluis.com\/?s={search_term_string}\"},\"query-input\":{\"@type\":\"PropertyValueSpecification\",\"valueRequired\":true,\"valueName\":\"search_term_string\"}}],\"inLanguage\":\"es-AR\"},{\"@type\":[\"Person\",\"Organization\"],\"@id\":\"https:\/\/apuntesdesanluis.com\/#\/schema\/person\/b55151d52296fcce64d1a72538a70b90\",\"name\":\"apuntesdesanluis.com\",\"image\":{\"@type\":\"ImageObject\",\"inLanguage\":\"es-AR\",\"@id\":\"https:\/\/apuntesdesanluis.com\/#\/schema\/person\/image\/\",\"url\":\"https:\/\/apuntesdesanluis.com\/wp-content\/uploads\/2023\/07\/cropped-apuntesdesanluis.png\",\"contentUrl\":\"https:\/\/apuntesdesanluis.com\/wp-content\/uploads\/2023\/07\/cropped-apuntesdesanluis.png\",\"width\":450,\"height\":112,\"caption\":\"apuntesdesanluis.com\"},\"logo\":{\"@id\":\"https:\/\/apuntesdesanluis.com\/#\/schema\/person\/image\/\"},\"sameAs\":[\"https:\/\/apuntesdesanluis.com\"],\"url\":\"https:\/\/apuntesdesanluis.com\/index.php\/author\/apuntesdesanluis-com\/\"}]}<\/script>\n<!-- \/ Yoast SEO plugin. -->","yoast_head_json":{"title":"\u201cRECONSTRUIR EL TEJIDO SOCIAL\u201d, UNO DE LOS PRINCIPALES EJES DE GESTI\u00d3N - Apuntes de San Luis","robots":{"index":"index","follow":"follow","max-snippet":"max-snippet:-1","max-image-preview":"max-image-preview:large","max-video-preview":"max-video-preview:-1"},"canonical":"https:\/\/apuntesdesanluis.com\/index.php\/2024\/04\/02\/reconstruir-el-tejido-social-uno-de-los-principales-ejes-de-gestion\/","og_locale":"es_ES","og_type":"article","og_title":"\u201cRECONSTRUIR EL TEJIDO SOCIAL\u201d, UNO DE LOS PRINCIPALES EJES DE GESTI\u00d3N - Apuntes de San Luis","og_description":"En el marco de la 148\u00b0 Apertura de Sesiones Ordinarias de la Legislatura Provincial, el...","og_url":"https:\/\/apuntesdesanluis.com\/index.php\/2024\/04\/02\/reconstruir-el-tejido-social-uno-de-los-principales-ejes-de-gestion\/","og_site_name":"Apuntes de San Luis","article_published_time":"2024-04-02T12:29:38+00:00","article_modified_time":"2024-04-02T15:03:38+00:00","og_image":[{"width":783,"height":454,"url":"https:\/\/apuntesdesanluis.com\/wp-content\/uploads\/2024\/04\/poggi-discurso.png","type":"image\/png"}],"author":"apuntesdesanluis.com","twitter_card":"summary_large_image","twitter_misc":{"Escrito por":"apuntesdesanluis.com","Tiempo de lectura":"6 minutos"},"schema":{"@context":"https:\/\/schema.org","@graph":[{"@type":"Article","@id":"https:\/\/apuntesdesanluis.com\/index.php\/2024\/04\/02\/reconstruir-el-tejido-social-uno-de-los-principales-ejes-de-gestion\/#article","isPartOf":{"@id":"https:\/\/apuntesdesanluis.com\/index.php\/2024\/04\/02\/reconstruir-el-tejido-social-uno-de-los-principales-ejes-de-gestion\/"},"author":{"name":"apuntesdesanluis.com","@id":"https:\/\/apuntesdesanluis.com\/#\/schema\/person\/b55151d52296fcce64d1a72538a70b90"},"headline":"\u201cRECONSTRUIR EL TEJIDO SOCIAL\u201d, UNO DE LOS PRINCIPALES EJES DE GESTI\u00d3N","datePublished":"2024-04-02T12:29:38+00:00","dateModified":"2024-04-02T15:03:38+00:00","mainEntityOfPage":{"@id":"https:\/\/apuntesdesanluis.com\/index.php\/2024\/04\/02\/reconstruir-el-tejido-social-uno-de-los-principales-ejes-de-gestion\/"},"wordCount":1214,"publisher":{"@id":"https:\/\/apuntesdesanluis.com\/#\/schema\/person\/b55151d52296fcce64d1a72538a70b90"},"image":{"@id":"https:\/\/apuntesdesanluis.com\/index.php\/2024\/04\/02\/reconstruir-el-tejido-social-uno-de-los-principales-ejes-de-gestion\/#primaryimage"},"thumbnailUrl":"https:\/\/apuntesdesanluis.com\/wp-content\/uploads\/2024\/04\/poggi-discurso.png","articleSection":["Ciudad\/Provincia"],"inLanguage":"es-AR"},{"@type":"WebPage","@id":"https:\/\/apuntesdesanluis.com\/index.php\/2024\/04\/02\/reconstruir-el-tejido-social-uno-de-los-principales-ejes-de-gestion\/","url":"https:\/\/apuntesdesanluis.com\/index.php\/2024\/04\/02\/reconstruir-el-tejido-social-uno-de-los-principales-ejes-de-gestion\/","name":"\u201cRECONSTRUIR EL TEJIDO SOCIAL\u201d, UNO DE LOS PRINCIPALES EJES DE GESTI\u00d3N - Apuntes de San Luis","isPartOf":{"@id":"https:\/\/apuntesdesanluis.com\/#website"},"primaryImageOfPage":{"@id":"https:\/\/apuntesdesanluis.com\/index.php\/2024\/04\/02\/reconstruir-el-tejido-social-uno-de-los-principales-ejes-de-gestion\/#primaryimage"},"image":{"@id":"https:\/\/apuntesdesanluis.com\/index.php\/2024\/04\/02\/reconstruir-el-tejido-social-uno-de-los-principales-ejes-de-gestion\/#primaryimage"},"thumbnailUrl":"https:\/\/apuntesdesanluis.com\/wp-content\/uploads\/2024\/04\/poggi-discurso.png","datePublished":"2024-04-02T12:29:38+00:00","dateModified":"2024-04-02T15:03:38+00:00","breadcrumb":{"@id":"https:\/\/apuntesdesanluis.com\/index.php\/2024\/04\/02\/reconstruir-el-tejido-social-uno-de-los-principales-ejes-de-gestion\/#breadcrumb"},"inLanguage":"es-AR","potentialAction":[{"@type":"ReadAction","target":["https:\/\/apuntesdesanluis.com\/index.php\/2024\/04\/02\/reconstruir-el-tejido-social-uno-de-los-principales-ejes-de-gestion\/"]}]},{"@type":"ImageObject","inLanguage":"es-AR","@id":"https:\/\/apuntesdesanluis.com\/index.php\/2024\/04\/02\/reconstruir-el-tejido-social-uno-de-los-principales-ejes-de-gestion\/#primaryimage","url":"https:\/\/apuntesdesanluis.com\/wp-content\/uploads\/2024\/04\/poggi-discurso.png","contentUrl":"https:\/\/apuntesdesanluis.com\/wp-content\/uploads\/2024\/04\/poggi-discurso.png","width":783,"height":454},{"@type":"BreadcrumbList","@id":"https:\/\/apuntesdesanluis.com\/index.php\/2024\/04\/02\/reconstruir-el-tejido-social-uno-de-los-principales-ejes-de-gestion\/#breadcrumb","itemListElement":[{"@type":"ListItem","position":1,"name":"Inicio","item":"https:\/\/apuntesdesanluis.com\/"},{"@type":"ListItem","position":2,"name":"\u201cRECONSTRUIR EL TEJIDO SOCIAL\u201d, UNO DE LOS PRINCIPALES EJES DE GESTI\u00d3N"}]},{"@type":"WebSite","@id":"https:\/\/apuntesdesanluis.com\/#website","url":"https:\/\/apuntesdesanluis.com\/","name":"Apuntes de San Luis","description":"","publisher":{"@id":"https:\/\/apuntesdesanluis.com\/#\/schema\/person\/b55151d52296fcce64d1a72538a70b90"},"potentialAction":[{"@type":"SearchAction","target":{"@type":"EntryPoint","urlTemplate":"https:\/\/apuntesdesanluis.com\/?s={search_term_string}"},"query-input":{"@type":"PropertyValueSpecification","valueRequired":true,"valueName":"search_term_string"}}],"inLanguage":"es-AR"},{"@type":["Person","Organization"],"@id":"https:\/\/apuntesdesanluis.com\/#\/schema\/person\/b55151d52296fcce64d1a72538a70b90","name":"apuntesdesanluis.com","image":{"@type":"ImageObject","inLanguage":"es-AR","@id":"https:\/\/apuntesdesanluis.com\/#\/schema\/person\/image\/","url":"https:\/\/apuntesdesanluis.com\/wp-content\/uploads\/2023\/07\/cropped-apuntesdesanluis.png","contentUrl":"https:\/\/apuntesdesanluis.com\/wp-content\/uploads\/2023\/07\/cropped-apuntesdesanluis.png","width":450,"height":112,"caption":"apuntesdesanluis.com"},"logo":{"@id":"https:\/\/apuntesdesanluis.com\/#\/schema\/person\/image\/"},"sameAs":["https:\/\/apuntesdesanluis.com"],"url":"https:\/\/apuntesdesanluis.com\/index.php\/author\/apuntesdesanluis-com\/"}]}},"featured_image_urls":{"full":["https:\/\/apuntesdesanluis.com\/wp-content\/uploads\/2024\/04\/poggi-discurso.png",783,454,false],"thumbnail":["https:\/\/apuntesdesanluis.com\/wp-content\/uploads\/2024\/04\/poggi-discurso-150x150.png",150,150,true],"medium":["https:\/\/apuntesdesanluis.com\/wp-content\/uploads\/2024\/04\/poggi-discurso-300x174.png",300,174,true],"medium_large":["https:\/\/apuntesdesanluis.com\/wp-content\/uploads\/2024\/04\/poggi-discurso-768x445.png",640,371,true],"large":["https:\/\/apuntesdesanluis.com\/wp-content\/uploads\/2024\/04\/poggi-discurso.png",640,371,false],"1536x1536":["https:\/\/apuntesdesanluis.com\/wp-content\/uploads\/2024\/04\/poggi-discurso.png",783,454,false],"2048x2048":["https:\/\/apuntesdesanluis.com\/wp-content\/uploads\/2024\/04\/poggi-discurso.png",783,454,false],"newsever-slider-full":["https:\/\/apuntesdesanluis.com\/wp-content\/uploads\/2024\/04\/poggi-discurso.png",783,454,false],"newsever-featured":["https:\/\/apuntesdesanluis.com\/wp-content\/uploads\/2024\/04\/poggi-discurso.png",783,454,false],"newsever-medium":["https:\/\/apuntesdesanluis.com\/wp-content\/uploads\/2024\/04\/poggi-discurso-720x454.png",720,454,true]},"author_info":{"display_name":"apuntesdesanluis.com","author_link":"https:\/\/apuntesdesanluis.com\/index.php\/author\/apuntesdesanluis-com\/"},"category_info":"<a href=\"https:\/\/apuntesdesanluis.com\/index.php\/category\/ciudad-provincia\/\" rel=\"category tag\">Ciudad\/Provincia<\/a>","tag_info":"Ciudad\/Provincia","comment_count":"0","_links":{"self":[{"href":"https:\/\/apuntesdesanluis.com\/index.php\/wp-json\/wp\/v2\/posts\/13991","targetHints":{"allow":["GET"]}}],"collection":[{"href":"https:\/\/apuntesdesanluis.com\/index.php\/wp-json\/wp\/v2\/posts"}],"about":[{"href":"https:\/\/apuntesdesanluis.com\/index.php\/wp-json\/wp\/v2\/types\/post"}],"author":[{"embeddable":true,"href":"https:\/\/apuntesdesanluis.com\/index.php\/wp-json\/wp\/v2\/users\/1"}],"replies":[{"embeddable":true,"href":"https:\/\/apuntesdesanluis.com\/index.php\/wp-json\/wp\/v2\/comments?post=13991"}],"version-history":[{"count":8,"href":"https:\/\/apuntesdesanluis.com\/index.php\/wp-json\/wp\/v2\/posts\/13991\/revisions"}],"predecessor-version":[{"id":14033,"href":"https:\/\/apuntesdesanluis.com\/index.php\/wp-json\/wp\/v2\/posts\/13991\/revisions\/14033"}],"wp:featuredmedia":[{"embeddable":true,"href":"https:\/\/apuntesdesanluis.com\/index.php\/wp-json\/wp\/v2\/media\/13992"}],"wp:attachment":[{"href":"https:\/\/apuntesdesanluis.com\/index.php\/wp-json\/wp\/v2\/media?parent=13991"}],"wp:term":[{"taxonomy":"category","embeddable":true,"href":"https:\/\/apuntesdesanluis.com\/index.php\/wp-json\/wp\/v2\/categories?post=13991"},{"taxonomy":"post_tag","embeddable":true,"href":"https:\/\/apuntesdesanluis.com\/index.php\/wp-json\/wp\/v2\/tags?post=13991"}],"curies":[{"name":"wp","href":"https:\/\/api.w.org\/{rel}","templated":true}]}}