{"id":1400,"date":"2023-08-10T09:13:56","date_gmt":"2023-08-10T12:13:56","guid":{"rendered":"https:\/\/apuntesdesanluis.com\/?p=1400"},"modified":"2023-08-10T09:14:47","modified_gmt":"2023-08-10T12:14:47","slug":"el-asesinato-de-la-nena-de-11-anos-en-lanus-irrumpio-en-la-campana-y-paralizo-su-final","status":"publish","type":"post","link":"https:\/\/apuntesdesanluis.com\/index.php\/2023\/08\/10\/el-asesinato-de-la-nena-de-11-anos-en-lanus-irrumpio-en-la-campana-y-paralizo-su-final\/","title":{"rendered":"EL ASESINATO DE LA NENA DE 11 A\u00d1OS EN LAN\u00daS IRRUMPI\u00d3 EN LA CAMPA\u00d1A Y PARALIZ\u00d3 SU FINAL"},"content":{"rendered":"<h3>El asesinato de <strong>Morena Dom\u00ednguez<\/strong>, de 11 a\u00f1os, en un episodio de inseguridad en la localidad bonaerense de Lan\u00fas irrumpi\u00f3 en la campa\u00f1a electoral y aceler\u00f3 su final, especialmente en la provincia de Buenos Aires, donde la mayor\u00eda de los candidatos suspendi\u00f3 actividades.<\/h3>\n<h3>Adem\u00e1s, a nivel nacional los postulantes tambi\u00e9n analizaban los pasos a seguir para los actos previstos para este jueves.<\/h3>\n<h3>El gobernador de Buenos Aires, <strong>Axel Kicillof<\/strong>; la postulante presidencial del PRO, Patricia Bullrich; su precandidato a gobernador, <strong>N\u00e9stor Grindetti<\/strong>; el precandidato a jefe de Gobierno <strong>Mart\u00edn Lousteau<\/strong>; y el precandidato a primer concejal por el Frente de Todos en Lan\u00fas, <strong>Juli\u00e1n \u00c1lvarez<\/strong>, ya anunciaron cancelaciones.<\/h3>\n<h3>Los primeros en suspender su campa\u00f1a fueron los locales N\u00e9stor Grindetti y el postulante a intendente de Lan\u00fas de la misma fuerza Diego Kravetz.<\/h3>\n<h3>El gobernador de Buenos Aires tambi\u00e9n decidi\u00f3 suspender sus actividades de campa\u00f1a de la jornada por el asesinato de la ni\u00f1a en la localidad bonaerense.<\/h3>\n<h3>El mandatario provincial ten\u00eda previsto estar esta tarde en el Club Social Deportivo Merlo, donde iba a tener el acto de cierre de campa\u00f1a de Uni\u00f3n por la Patria bonaerense de cara a las Primarias Abiertas Simult\u00e1neas y Obligatorias.<\/h3>\n<h3>La precandidata del PRO tambi\u00e9n decidi\u00f3 suspender su acto de cierre previsto que iba a realizarse ma\u00f1ana en el microestadio del Club Lan\u00fas, ya que su precandidato a gobernador es el intendente local, Grindetti.<\/h3>\n<h3>&#8220;Debido a los tristes hechos de p\u00fablico conocimiento, enviamos nuestras condolencias y solidaridad a la familia y amigos de Morena. Hemos decidido suspender el acto de cierre de campa\u00f1a en la Provincia de Buenos Aires previsto para ma\u00f1ana&#8221;, expres\u00f3 el jefe de campa\u00f1a de Bullrich, Juan Pablo Arenaza.<\/h3>\n<h3>El postulante porte\u00f1o, Mart\u00edn Lousteau, fue otro de los que se sum\u00f3 a esa decisi\u00f3n.<\/h3>\n<h3>&#8220;Debido al aberrante crimen que nos conmueve a todos, resolvimos suspender el mensaje final y toda la actividad de campa\u00f1a que ten\u00edamos prevista para hoy a las 17h en Parque Centenario. Acompa\u00f1amos en este doloroso momento a la familia y amigos de Morena&#8221;, afirm\u00f3 Lousteau.<\/h3>\n<h3><strong>SILENCIO OFICIAL<\/strong><\/h3>\n<h3>En las horas posteriores al asesinato de la nena de 11 a\u00f1os, quien muri\u00f3 en Lan\u00fas tras ser arrojada al piso en un violento robo, desde la Casa Rosada no se pronunciaron acerca de lo sucedido y se limitaron a precisar que &#8220;no sirve hablar para no decir nada&#8221;.<\/h3>\n<h3>As\u00ed lo indic\u00f3 a Noticias Argentinas una importante fuente con despacho en la Casa de Gobierno, en medio del &#8220;prudente silencio&#8221; del presidente Alberto Fern\u00e1ndez, tal como lo se\u00f1al\u00f3 un funcionario nacional.<\/h3>\n<h3>&#8220;La situaci\u00f3n es muy delicada, no se puede hablar con liviandad. Hay una nena que perdi\u00f3 la vida&#8221;, expresaron desde Balcarce 50 ante la consulta de NA respecto del silencio generalizado ante el asesinato de la peque\u00f1a de 11 a\u00f1os.<\/h3>\n<h3>Pasadas las 19, la \u00fanica expresi\u00f3n oficial que se conoci\u00f3 fue la del precandidato presidencial y ministro de Econom\u00eda, Sergio Massa, quien desde la ciudad balnearia de Mar del Plata afirm\u00f3 que el caso es la &#8220;clara muestra de que hay que poner el acento en la lucha contra la inseguridad y consolidar un programa que permita trabajar en prevenci\u00f3n en todas las ciudades&#8221;.<\/h3>\n","protected":false},"excerpt":{"rendered":"<p>El asesinato de Morena Dom\u00ednguez, de 11 a\u00f1os, en un episodio de inseguridad en la&#8230;<\/p>\n","protected":false},"author":1,"featured_media":1401,"comment_status":"closed","ping_status":"closed","sticky":false,"template":"","format":"standard","meta":{"footnotes":""},"categories":[5],"tags":[],"class_list":["post-1400","post","type-post","status-publish","format-standard","has-post-thumbnail","hentry","category-nacionales-internacionales"],"yoast_head":"<!-- This site is optimized with the Yoast SEO plugin v26.1.1 - https:\/\/yoast.com\/wordpress\/plugins\/seo\/ -->\n<title>EL ASESINATO DE LA NENA DE 11 A\u00d1OS EN LAN\u00daS IRRUMPI\u00d3 EN LA CAMPA\u00d1A Y PARALIZ\u00d3 SU FINAL - Apuntes de San Luis<\/title>\n<meta name=\"robots\" content=\"index, follow, max-snippet:-1, max-image-preview:large, max-video-preview:-1\" \/>\n<link rel=\"canonical\" href=\"https:\/\/apuntesdesanluis.com\/index.php\/2023\/08\/10\/el-asesinato-de-la-nena-de-11-anos-en-lanus-irrumpio-en-la-campana-y-paralizo-su-final\/\" \/>\n<meta property=\"og:locale\" content=\"es_ES\" \/>\n<meta property=\"og:type\" content=\"article\" \/>\n<meta property=\"og:title\" content=\"EL ASESINATO DE LA NENA DE 11 A\u00d1OS EN LAN\u00daS IRRUMPI\u00d3 EN LA CAMPA\u00d1A Y PARALIZ\u00d3 SU FINAL - Apuntes de San Luis\" \/>\n<meta property=\"og:description\" content=\"El asesinato de Morena Dom\u00ednguez, de 11 a\u00f1os, en un episodio de inseguridad en la...\" \/>\n<meta property=\"og:url\" content=\"https:\/\/apuntesdesanluis.com\/index.php\/2023\/08\/10\/el-asesinato-de-la-nena-de-11-anos-en-lanus-irrumpio-en-la-campana-y-paralizo-su-final\/\" \/>\n<meta property=\"og:site_name\" content=\"Apuntes de San Luis\" \/>\n<meta property=\"article:published_time\" content=\"2023-08-10T12:13:56+00:00\" \/>\n<meta property=\"article:modified_time\" content=\"2023-08-10T12:14:47+00:00\" \/>\n<meta property=\"og:image\" content=\"https:\/\/apuntesdesanluis.com\/wp-content\/uploads\/2023\/08\/Movilizacion.png\" \/>\n\t<meta property=\"og:image:width\" content=\"577\" \/>\n\t<meta property=\"og:image:height\" content=\"387\" \/>\n\t<meta property=\"og:image:type\" content=\"image\/png\" \/>\n<meta name=\"author\" content=\"apuntesdesanluis.com\" \/>\n<meta name=\"twitter:card\" content=\"summary_large_image\" \/>\n<meta name=\"twitter:label1\" content=\"Escrito por\" \/>\n\t<meta name=\"twitter:data1\" content=\"apuntesdesanluis.com\" \/>\n\t<meta name=\"twitter:label2\" content=\"Tiempo de lectura\" \/>\n\t<meta name=\"twitter:data2\" content=\"3 minutos\" \/>\n<script type=\"application\/ld+json\" class=\"yoast-schema-graph\">{\"@context\":\"https:\/\/schema.org\",\"@graph\":[{\"@type\":\"Article\",\"@id\":\"https:\/\/apuntesdesanluis.com\/index.php\/2023\/08\/10\/el-asesinato-de-la-nena-de-11-anos-en-lanus-irrumpio-en-la-campana-y-paralizo-su-final\/#article\",\"isPartOf\":{\"@id\":\"https:\/\/apuntesdesanluis.com\/index.php\/2023\/08\/10\/el-asesinato-de-la-nena-de-11-anos-en-lanus-irrumpio-en-la-campana-y-paralizo-su-final\/\"},\"author\":{\"name\":\"apuntesdesanluis.com\",\"@id\":\"https:\/\/apuntesdesanluis.com\/#\/schema\/person\/b55151d52296fcce64d1a72538a70b90\"},\"headline\":\"EL ASESINATO DE LA NENA DE 11 A\u00d1OS EN LAN\u00daS IRRUMPI\u00d3 EN LA CAMPA\u00d1A Y PARALIZ\u00d3 SU FINAL\",\"datePublished\":\"2023-08-10T12:13:56+00:00\",\"dateModified\":\"2023-08-10T12:14:47+00:00\",\"mainEntityOfPage\":{\"@id\":\"https:\/\/apuntesdesanluis.com\/index.php\/2023\/08\/10\/el-asesinato-de-la-nena-de-11-anos-en-lanus-irrumpio-en-la-campana-y-paralizo-su-final\/\"},\"wordCount\":584,\"publisher\":{\"@id\":\"https:\/\/apuntesdesanluis.com\/#\/schema\/person\/b55151d52296fcce64d1a72538a70b90\"},\"image\":{\"@id\":\"https:\/\/apuntesdesanluis.com\/index.php\/2023\/08\/10\/el-asesinato-de-la-nena-de-11-anos-en-lanus-irrumpio-en-la-campana-y-paralizo-su-final\/#primaryimage\"},\"thumbnailUrl\":\"https:\/\/apuntesdesanluis.com\/wp-content\/uploads\/2023\/08\/Movilizacion.png\",\"articleSection\":[\"Nacionales\/Internacionales\"],\"inLanguage\":\"es-AR\"},{\"@type\":\"WebPage\",\"@id\":\"https:\/\/apuntesdesanluis.com\/index.php\/2023\/08\/10\/el-asesinato-de-la-nena-de-11-anos-en-lanus-irrumpio-en-la-campana-y-paralizo-su-final\/\",\"url\":\"https:\/\/apuntesdesanluis.com\/index.php\/2023\/08\/10\/el-asesinato-de-la-nena-de-11-anos-en-lanus-irrumpio-en-la-campana-y-paralizo-su-final\/\",\"name\":\"EL ASESINATO DE LA NENA DE 11 A\u00d1OS EN LAN\u00daS IRRUMPI\u00d3 EN LA CAMPA\u00d1A Y PARALIZ\u00d3 SU FINAL - Apuntes de San Luis\",\"isPartOf\":{\"@id\":\"https:\/\/apuntesdesanluis.com\/#website\"},\"primaryImageOfPage\":{\"@id\":\"https:\/\/apuntesdesanluis.com\/index.php\/2023\/08\/10\/el-asesinato-de-la-nena-de-11-anos-en-lanus-irrumpio-en-la-campana-y-paralizo-su-final\/#primaryimage\"},\"image\":{\"@id\":\"https:\/\/apuntesdesanluis.com\/index.php\/2023\/08\/10\/el-asesinato-de-la-nena-de-11-anos-en-lanus-irrumpio-en-la-campana-y-paralizo-su-final\/#primaryimage\"},\"thumbnailUrl\":\"https:\/\/apuntesdesanluis.com\/wp-content\/uploads\/2023\/08\/Movilizacion.png\",\"datePublished\":\"2023-08-10T12:13:56+00:00\",\"dateModified\":\"2023-08-10T12:14:47+00:00\",\"breadcrumb\":{\"@id\":\"https:\/\/apuntesdesanluis.com\/index.php\/2023\/08\/10\/el-asesinato-de-la-nena-de-11-anos-en-lanus-irrumpio-en-la-campana-y-paralizo-su-final\/#breadcrumb\"},\"inLanguage\":\"es-AR\",\"potentialAction\":[{\"@type\":\"ReadAction\",\"target\":[\"https:\/\/apuntesdesanluis.com\/index.php\/2023\/08\/10\/el-asesinato-de-la-nena-de-11-anos-en-lanus-irrumpio-en-la-campana-y-paralizo-su-final\/\"]}]},{\"@type\":\"ImageObject\",\"inLanguage\":\"es-AR\",\"@id\":\"https:\/\/apuntesdesanluis.com\/index.php\/2023\/08\/10\/el-asesinato-de-la-nena-de-11-anos-en-lanus-irrumpio-en-la-campana-y-paralizo-su-final\/#primaryimage\",\"url\":\"https:\/\/apuntesdesanluis.com\/wp-content\/uploads\/2023\/08\/Movilizacion.png\",\"contentUrl\":\"https:\/\/apuntesdesanluis.com\/wp-content\/uploads\/2023\/08\/Movilizacion.png\",\"width\":577,\"height\":387},{\"@type\":\"BreadcrumbList\",\"@id\":\"https:\/\/apuntesdesanluis.com\/index.php\/2023\/08\/10\/el-asesinato-de-la-nena-de-11-anos-en-lanus-irrumpio-en-la-campana-y-paralizo-su-final\/#breadcrumb\",\"itemListElement\":[{\"@type\":\"ListItem\",\"position\":1,\"name\":\"Inicio\",\"item\":\"https:\/\/apuntesdesanluis.com\/\"},{\"@type\":\"ListItem\",\"position\":2,\"name\":\"EL ASESINATO DE LA NENA DE 11 A\u00d1OS EN LAN\u00daS IRRUMPI\u00d3 EN LA CAMPA\u00d1A Y PARALIZ\u00d3 SU FINAL\"}]},{\"@type\":\"WebSite\",\"@id\":\"https:\/\/apuntesdesanluis.com\/#website\",\"url\":\"https:\/\/apuntesdesanluis.com\/\",\"name\":\"Apuntes de San Luis\",\"description\":\"\",\"publisher\":{\"@id\":\"https:\/\/apuntesdesanluis.com\/#\/schema\/person\/b55151d52296fcce64d1a72538a70b90\"},\"potentialAction\":[{\"@type\":\"SearchAction\",\"target\":{\"@type\":\"EntryPoint\",\"urlTemplate\":\"https:\/\/apuntesdesanluis.com\/?s={search_term_string}\"},\"query-input\":{\"@type\":\"PropertyValueSpecification\",\"valueRequired\":true,\"valueName\":\"search_term_string\"}}],\"inLanguage\":\"es-AR\"},{\"@type\":[\"Person\",\"Organization\"],\"@id\":\"https:\/\/apuntesdesanluis.com\/#\/schema\/person\/b55151d52296fcce64d1a72538a70b90\",\"name\":\"apuntesdesanluis.com\",\"image\":{\"@type\":\"ImageObject\",\"inLanguage\":\"es-AR\",\"@id\":\"https:\/\/apuntesdesanluis.com\/#\/schema\/person\/image\/\",\"url\":\"https:\/\/apuntesdesanluis.com\/wp-content\/uploads\/2023\/07\/cropped-apuntesdesanluis.png\",\"contentUrl\":\"https:\/\/apuntesdesanluis.com\/wp-content\/uploads\/2023\/07\/cropped-apuntesdesanluis.png\",\"width\":450,\"height\":112,\"caption\":\"apuntesdesanluis.com\"},\"logo\":{\"@id\":\"https:\/\/apuntesdesanluis.com\/#\/schema\/person\/image\/\"},\"sameAs\":[\"https:\/\/apuntesdesanluis.com\"],\"url\":\"https:\/\/apuntesdesanluis.com\/index.php\/author\/apuntesdesanluis-com\/\"}]}<\/script>\n<!-- \/ Yoast SEO plugin. -->","yoast_head_json":{"title":"EL ASESINATO DE LA NENA DE 11 A\u00d1OS EN LAN\u00daS IRRUMPI\u00d3 EN LA CAMPA\u00d1A Y PARALIZ\u00d3 SU FINAL - Apuntes de San Luis","robots":{"index":"index","follow":"follow","max-snippet":"max-snippet:-1","max-image-preview":"max-image-preview:large","max-video-preview":"max-video-preview:-1"},"canonical":"https:\/\/apuntesdesanluis.com\/index.php\/2023\/08\/10\/el-asesinato-de-la-nena-de-11-anos-en-lanus-irrumpio-en-la-campana-y-paralizo-su-final\/","og_locale":"es_ES","og_type":"article","og_title":"EL ASESINATO DE LA NENA DE 11 A\u00d1OS EN LAN\u00daS IRRUMPI\u00d3 EN LA CAMPA\u00d1A Y PARALIZ\u00d3 SU FINAL - Apuntes de San Luis","og_description":"El asesinato de Morena Dom\u00ednguez, de 11 a\u00f1os, en un episodio de inseguridad en la...","og_url":"https:\/\/apuntesdesanluis.com\/index.php\/2023\/08\/10\/el-asesinato-de-la-nena-de-11-anos-en-lanus-irrumpio-en-la-campana-y-paralizo-su-final\/","og_site_name":"Apuntes de San Luis","article_published_time":"2023-08-10T12:13:56+00:00","article_modified_time":"2023-08-10T12:14:47+00:00","og_image":[{"width":577,"height":387,"url":"https:\/\/apuntesdesanluis.com\/wp-content\/uploads\/2023\/08\/Movilizacion.png","type":"image\/png"}],"author":"apuntesdesanluis.com","twitter_card":"summary_large_image","twitter_misc":{"Escrito por":"apuntesdesanluis.com","Tiempo de lectura":"3 minutos"},"schema":{"@context":"https:\/\/schema.org","@graph":[{"@type":"Article","@id":"https:\/\/apuntesdesanluis.com\/index.php\/2023\/08\/10\/el-asesinato-de-la-nena-de-11-anos-en-lanus-irrumpio-en-la-campana-y-paralizo-su-final\/#article","isPartOf":{"@id":"https:\/\/apuntesdesanluis.com\/index.php\/2023\/08\/10\/el-asesinato-de-la-nena-de-11-anos-en-lanus-irrumpio-en-la-campana-y-paralizo-su-final\/"},"author":{"name":"apuntesdesanluis.com","@id":"https:\/\/apuntesdesanluis.com\/#\/schema\/person\/b55151d52296fcce64d1a72538a70b90"},"headline":"EL ASESINATO DE LA NENA DE 11 A\u00d1OS EN LAN\u00daS IRRUMPI\u00d3 EN LA CAMPA\u00d1A Y PARALIZ\u00d3 SU FINAL","datePublished":"2023-08-10T12:13:56+00:00","dateModified":"2023-08-10T12:14:47+00:00","mainEntityOfPage":{"@id":"https:\/\/apuntesdesanluis.com\/index.php\/2023\/08\/10\/el-asesinato-de-la-nena-de-11-anos-en-lanus-irrumpio-en-la-campana-y-paralizo-su-final\/"},"wordCount":584,"publisher":{"@id":"https:\/\/apuntesdesanluis.com\/#\/schema\/person\/b55151d52296fcce64d1a72538a70b90"},"image":{"@id":"https:\/\/apuntesdesanluis.com\/index.php\/2023\/08\/10\/el-asesinato-de-la-nena-de-11-anos-en-lanus-irrumpio-en-la-campana-y-paralizo-su-final\/#primaryimage"},"thumbnailUrl":"https:\/\/apuntesdesanluis.com\/wp-content\/uploads\/2023\/08\/Movilizacion.png","articleSection":["Nacionales\/Internacionales"],"inLanguage":"es-AR"},{"@type":"WebPage","@id":"https:\/\/apuntesdesanluis.com\/index.php\/2023\/08\/10\/el-asesinato-de-la-nena-de-11-anos-en-lanus-irrumpio-en-la-campana-y-paralizo-su-final\/","url":"https:\/\/apuntesdesanluis.com\/index.php\/2023\/08\/10\/el-asesinato-de-la-nena-de-11-anos-en-lanus-irrumpio-en-la-campana-y-paralizo-su-final\/","name":"EL ASESINATO DE LA NENA DE 11 A\u00d1OS EN LAN\u00daS IRRUMPI\u00d3 EN LA CAMPA\u00d1A Y PARALIZ\u00d3 SU FINAL - Apuntes de San Luis","isPartOf":{"@id":"https:\/\/apuntesdesanluis.com\/#website"},"primaryImageOfPage":{"@id":"https:\/\/apuntesdesanluis.com\/index.php\/2023\/08\/10\/el-asesinato-de-la-nena-de-11-anos-en-lanus-irrumpio-en-la-campana-y-paralizo-su-final\/#primaryimage"},"image":{"@id":"https:\/\/apuntesdesanluis.com\/index.php\/2023\/08\/10\/el-asesinato-de-la-nena-de-11-anos-en-lanus-irrumpio-en-la-campana-y-paralizo-su-final\/#primaryimage"},"thumbnailUrl":"https:\/\/apuntesdesanluis.com\/wp-content\/uploads\/2023\/08\/Movilizacion.png","datePublished":"2023-08-10T12:13:56+00:00","dateModified":"2023-08-10T12:14:47+00:00","breadcrumb":{"@id":"https:\/\/apuntesdesanluis.com\/index.php\/2023\/08\/10\/el-asesinato-de-la-nena-de-11-anos-en-lanus-irrumpio-en-la-campana-y-paralizo-su-final\/#breadcrumb"},"inLanguage":"es-AR","potentialAction":[{"@type":"ReadAction","target":["https:\/\/apuntesdesanluis.com\/index.php\/2023\/08\/10\/el-asesinato-de-la-nena-de-11-anos-en-lanus-irrumpio-en-la-campana-y-paralizo-su-final\/"]}]},{"@type":"ImageObject","inLanguage":"es-AR","@id":"https:\/\/apuntesdesanluis.com\/index.php\/2023\/08\/10\/el-asesinato-de-la-nena-de-11-anos-en-lanus-irrumpio-en-la-campana-y-paralizo-su-final\/#primaryimage","url":"https:\/\/apuntesdesanluis.com\/wp-content\/uploads\/2023\/08\/Movilizacion.png","contentUrl":"https:\/\/apuntesdesanluis.com\/wp-content\/uploads\/2023\/08\/Movilizacion.png","width":577,"height":387},{"@type":"BreadcrumbList","@id":"https:\/\/apuntesdesanluis.com\/index.php\/2023\/08\/10\/el-asesinato-de-la-nena-de-11-anos-en-lanus-irrumpio-en-la-campana-y-paralizo-su-final\/#breadcrumb","itemListElement":[{"@type":"ListItem","position":1,"name":"Inicio","item":"https:\/\/apuntesdesanluis.com\/"},{"@type":"ListItem","position":2,"name":"EL ASESINATO DE LA NENA DE 11 A\u00d1OS EN LAN\u00daS IRRUMPI\u00d3 EN LA CAMPA\u00d1A Y PARALIZ\u00d3 SU FINAL"}]},{"@type":"WebSite","@id":"https:\/\/apuntesdesanluis.com\/#website","url":"https:\/\/apuntesdesanluis.com\/","name":"Apuntes de San Luis","description":"","publisher":{"@id":"https:\/\/apuntesdesanluis.com\/#\/schema\/person\/b55151d52296fcce64d1a72538a70b90"},"potentialAction":[{"@type":"SearchAction","target":{"@type":"EntryPoint","urlTemplate":"https:\/\/apuntesdesanluis.com\/?s={search_term_string}"},"query-input":{"@type":"PropertyValueSpecification","valueRequired":true,"valueName":"search_term_string"}}],"inLanguage":"es-AR"},{"@type":["Person","Organization"],"@id":"https:\/\/apuntesdesanluis.com\/#\/schema\/person\/b55151d52296fcce64d1a72538a70b90","name":"apuntesdesanluis.com","image":{"@type":"ImageObject","inLanguage":"es-AR","@id":"https:\/\/apuntesdesanluis.com\/#\/schema\/person\/image\/","url":"https:\/\/apuntesdesanluis.com\/wp-content\/uploads\/2023\/07\/cropped-apuntesdesanluis.png","contentUrl":"https:\/\/apuntesdesanluis.com\/wp-content\/uploads\/2023\/07\/cropped-apuntesdesanluis.png","width":450,"height":112,"caption":"apuntesdesanluis.com"},"logo":{"@id":"https:\/\/apuntesdesanluis.com\/#\/schema\/person\/image\/"},"sameAs":["https:\/\/apuntesdesanluis.com"],"url":"https:\/\/apuntesdesanluis.com\/index.php\/author\/apuntesdesanluis-com\/"}]}},"featured_image_urls":{"full":["https:\/\/apuntesdesanluis.com\/wp-content\/uploads\/2023\/08\/Movilizacion.png",577,387,false],"thumbnail":["https:\/\/apuntesdesanluis.com\/wp-content\/uploads\/2023\/08\/Movilizacion-150x150.png",150,150,true],"medium":["https:\/\/apuntesdesanluis.com\/wp-content\/uploads\/2023\/08\/Movilizacion-300x201.png",300,201,true],"medium_large":["https:\/\/apuntesdesanluis.com\/wp-content\/uploads\/2023\/08\/Movilizacion.png",577,387,false],"large":["https:\/\/apuntesdesanluis.com\/wp-content\/uploads\/2023\/08\/Movilizacion.png",577,387,false],"1536x1536":["https:\/\/apuntesdesanluis.com\/wp-content\/uploads\/2023\/08\/Movilizacion.png",577,387,false],"2048x2048":["https:\/\/apuntesdesanluis.com\/wp-content\/uploads\/2023\/08\/Movilizacion.png",577,387,false],"newsever-slider-full":["https:\/\/apuntesdesanluis.com\/wp-content\/uploads\/2023\/08\/Movilizacion.png",577,387,false],"newsever-featured":["https:\/\/apuntesdesanluis.com\/wp-content\/uploads\/2023\/08\/Movilizacion.png",577,387,false],"newsever-medium":["https:\/\/apuntesdesanluis.com\/wp-content\/uploads\/2023\/08\/Movilizacion.png",577,387,false]},"author_info":{"display_name":"apuntesdesanluis.com","author_link":"https:\/\/apuntesdesanluis.com\/index.php\/author\/apuntesdesanluis-com\/"},"category_info":"<a href=\"https:\/\/apuntesdesanluis.com\/index.php\/category\/nacionales-internacionales\/\" rel=\"category tag\">Nacionales\/Internacionales<\/a>","tag_info":"Nacionales\/Internacionales","comment_count":"0","_links":{"self":[{"href":"https:\/\/apuntesdesanluis.com\/index.php\/wp-json\/wp\/v2\/posts\/1400","targetHints":{"allow":["GET"]}}],"collection":[{"href":"https:\/\/apuntesdesanluis.com\/index.php\/wp-json\/wp\/v2\/posts"}],"about":[{"href":"https:\/\/apuntesdesanluis.com\/index.php\/wp-json\/wp\/v2\/types\/post"}],"author":[{"embeddable":true,"href":"https:\/\/apuntesdesanluis.com\/index.php\/wp-json\/wp\/v2\/users\/1"}],"replies":[{"embeddable":true,"href":"https:\/\/apuntesdesanluis.com\/index.php\/wp-json\/wp\/v2\/comments?post=1400"}],"version-history":[{"count":2,"href":"https:\/\/apuntesdesanluis.com\/index.php\/wp-json\/wp\/v2\/posts\/1400\/revisions"}],"predecessor-version":[{"id":1403,"href":"https:\/\/apuntesdesanluis.com\/index.php\/wp-json\/wp\/v2\/posts\/1400\/revisions\/1403"}],"wp:featuredmedia":[{"embeddable":true,"href":"https:\/\/apuntesdesanluis.com\/index.php\/wp-json\/wp\/v2\/media\/1401"}],"wp:attachment":[{"href":"https:\/\/apuntesdesanluis.com\/index.php\/wp-json\/wp\/v2\/media?parent=1400"}],"wp:term":[{"taxonomy":"category","embeddable":true,"href":"https:\/\/apuntesdesanluis.com\/index.php\/wp-json\/wp\/v2\/categories?post=1400"},{"taxonomy":"post_tag","embeddable":true,"href":"https:\/\/apuntesdesanluis.com\/index.php\/wp-json\/wp\/v2\/tags?post=1400"}],"curies":[{"name":"wp","href":"https:\/\/api.w.org\/{rel}","templated":true}]}}