{"id":14000,"date":"2024-04-02T09:56:37","date_gmt":"2024-04-02T12:56:37","guid":{"rendered":"https:\/\/apuntesdesanluis.com\/?p=14000"},"modified":"2024-04-02T10:16:20","modified_gmt":"2024-04-02T13:16:20","slug":"el-6-de-abril-lanzaremos-medidas-para-ayudar-al-sector-privado","status":"publish","type":"post","link":"https:\/\/apuntesdesanluis.com\/index.php\/2024\/04\/02\/el-6-de-abril-lanzaremos-medidas-para-ayudar-al-sector-privado\/","title":{"rendered":"\u201cEL 6 DE ABRIL LANZAREMOS MEDIDAS PARA AYUDAR AL SECTOR PRIVADO\u201d"},"content":{"rendered":"<h3>Lo anunci\u00f3 este domingo el gobernador <strong>Claudio Poggi<\/strong>, con el objetivo de que el sector privado crezca y sea el motor generador de empleo y reactivaci\u00f3n econ\u00f3mica. Anunci\u00f3 adem\u00e1s que la provincia volver\u00e1 a formar parte del Consejo Federal de Inversiones (CFI), ya que era la \u00fanica que no estaba.<\/h3>\n<h3>\u201cConformamos el 16 de diciembre, a seis d\u00edas de asumir, el Consejo Provincial Productivo y de Servicios, bajo la premisa que San Luis tiene que tener un sector p\u00fablico tan grande como se necesite, y un sector privado tan grande como se pueda. En esa direcci\u00f3n, este Consejo pretende ser el \u00e1mbito p\u00fablico\/privado para generar las condiciones para que el sector privado de San Luis, que se achic\u00f3 en los \u00faltimos a\u00f1os, se recupere, crezca, recupere sus puestos de trabajo, los consolide y genere nuevos puestos de trabajo\u201d, asegur\u00f3 Claudio Poggi.<\/h3>\n<h3>Para lograr la vinculaci\u00f3n, se dividi\u00f3 la provincia en siete regiones productivas y durante estos 113 d\u00edas de gobierno se realizaron siete jornadas participativas con mesas sectoriales por actividad en cada una de las regiones. \u201cPersonalmente particip\u00e9 de las siete jornadas y recib\u00ed personalmente las conclusiones. Participaron m\u00e1s de 6.000 sanluise\u00f1os de la actividad privada, nos escuchamos y nos vinculamos. El pr\u00f3ximo s\u00e1bado nos volvemos convocar para lanzar una bater\u00eda de medidas de acompa\u00f1amiento al sector privado\u201d, describi\u00f3 el Gobernador.<\/h3>\n<p><iframe title=\"El 6 de abril lanzaremos medidas para ayudar al sector privado\" width=\"640\" height=\"360\" src=\"https:\/\/www.youtube.com\/embed\/T0WDXQcSdvA?feature=oembed\" frameborder=\"0\" allow=\"accelerometer; autoplay; clipboard-write; encrypted-media; gyroscope; picture-in-picture; web-share\" referrerpolicy=\"strict-origin-when-cross-origin\" allowfullscreen><\/iframe><\/p>\n<h3><strong>MEDIDAS DE AUSTERIDAD<\/strong><\/h3>\n<h3>\u201cDeclaramos la emergencia p\u00fablica en materia econ\u00f3mica, financiera, administrativa, social, alimentaria, sanitaria, educativa, y de seguridad por el t\u00e9rmino de un a\u00f1o, prorrogable por un a\u00f1o m\u00e1s\u201d, record\u00f3, adem\u00e1s de \u201ccongelar la planta de personal al 30 de noviembre, ya que nos auto limitamos y no designamos un empleado m\u00e1s\u201d.<\/h3>\n<h3>Para conocer la realidad, debido a la falta de una transici\u00f3n por la negativa de la administraci\u00f3n saliente, tuvo que realizar un censo presencial de empleados p\u00fablicos.<\/h3>\n<h3>\u201cRespetados empleados p\u00fablicos que todos los santos d\u00edas de su vida concurren al trabajo y lo hacen con total responsabilidad, \u2018conocieron\u2019 a nuevos empleados p\u00fablicos que se presentaron ese d\u00eda del censo. O sea que antes no hab\u00edan asistido nunca a su lugar de trabajo; otros ni se presentaron al censo, no les dio la cara. Inclusive algunos que estaban viviendo desde hace a\u00f1os en el exterior, todos cobrando su sueldo. Por supuesto que se dieron de baja todos esos casos\u201d, cont\u00f3 el primer mandatario, quien congel\u00f3 la n\u00f3mina de beneficiarios de planes sociales al 30 de noviembre\u201d.<\/h3>\n<p><iframe title=\"Las medidas de austeridad tomadas en los primeros 113 d\u00edas de gobierno\" width=\"640\" height=\"360\" src=\"https:\/\/www.youtube.com\/embed\/iJjr-0mgV5g?feature=oembed\" frameborder=\"0\" allow=\"accelerometer; autoplay; clipboard-write; encrypted-media; gyroscope; picture-in-picture; web-share\" referrerpolicy=\"strict-origin-when-cross-origin\" allowfullscreen><\/iframe><\/p>\n<h3>Con los planes sociales ocurri\u00f3 lo mismo, tambi\u00e9n hubo un censo presencial. \u201cUno de los beneficios sociales es la beca 22 AG, dirigida a j\u00f3venes de 16 a 30 a\u00f1os. Al 10 de diciembre ascend\u00edan a 19 mil los que ven\u00edan cobrando la beca, del censo surgi\u00f3 que 2.861 superaban la edad de los 30 a\u00f1os (es decir no cumpl\u00edan los requisitos) y 3.208 ni se presentaron al censo. Todos ven\u00edan cobrando, por supuesto; es decir que de los 19 mil becados, 6 mil se dieron de baja en diciembre, quedando 13 mil, a quienes les vamos a mantener la beca y por primera vez ser\u00e1 destinada para que completen sus estudios primarios, secundarios o superiores o se inserten en el mundo laboral\u201d, anunci\u00f3.<\/h3>\n<h3>El tercer censo fue el del parque automotor. \u201cLa mayor\u00eda estaba fuera de servicio, muchos desmantelados o para remate. Tuvimos que ir a buscar a muchos lugares de la provincia veh\u00edculos que eran de propiedad del Estado y que se usaban para fines particulares. M\u00e1s a\u00fan, nos dejaban algunos autos con las llaves puestas en la puerta de la Casa de Gobierno, o en lugares descampados, personas an\u00f3nimas que se ve que ven\u00edan usando los autos. Un desastre\u201d, calific\u00f3.<\/h3>\n<p><img fetchpriority=\"high\" decoding=\"async\" class=\"wp-image-14001 aligncenter\" src=\"https:\/\/apuntesdesanluis.com\/wp-content\/uploads\/2024\/04\/poggi-saluda-300x168.png\" alt=\"\" width=\"654\" height=\"366\" srcset=\"https:\/\/apuntesdesanluis.com\/wp-content\/uploads\/2024\/04\/poggi-saluda-300x168.png 300w, https:\/\/apuntesdesanluis.com\/wp-content\/uploads\/2024\/04\/poggi-saluda.png 600w\" sizes=\"(max-width: 654px) 100vw, 654px\" \/><\/p>\n<h3>La situaci\u00f3n oblig\u00f3 a la nueva gesti\u00f3n a realizar un fuerte plan de austeridad en el gasto p\u00fablico superfluo y en materia de obras p\u00fablicas, \u201cse rescindieron algunas por montos millonarios, contratadas pocos d\u00edas antes del cambio de gobierno, que no solo no ten\u00edan partida presupuestaria suficiente en la Ley de Presupuesto 2024, sino que antes del 10 de diciembre hab\u00edan cobrados anticipos financieros. Se recuperaron esos anticipos financieros para las arcas de la Provincia, tarea que seguimos haciendo hasta hoy\u201d, asegur\u00f3 el Gobernador.<\/h3>\n<p>&nbsp;<\/p>\n<p>&nbsp;<\/p>\n<p>&nbsp;<\/p>\n<p>&nbsp;<\/p>\n","protected":false},"excerpt":{"rendered":"<p>Lo anunci\u00f3 este domingo el gobernador Claudio Poggi, con el objetivo de que el sector&#8230;<\/p>\n","protected":false},"author":1,"featured_media":14002,"comment_status":"closed","ping_status":"closed","sticky":false,"template":"","format":"standard","meta":{"footnotes":""},"categories":[6],"tags":[],"class_list":["post-14000","post","type-post","status-publish","format-standard","has-post-thumbnail","hentry","category-ciudad-provincia"],"yoast_head":"<!-- This site is optimized with the Yoast SEO plugin v26.1.1 - https:\/\/yoast.com\/wordpress\/plugins\/seo\/ -->\n<title>\u201cEL 6 DE ABRIL LANZAREMOS MEDIDAS PARA AYUDAR AL SECTOR PRIVADO\u201d - Apuntes de San Luis<\/title>\n<meta name=\"robots\" content=\"index, follow, max-snippet:-1, max-image-preview:large, max-video-preview:-1\" \/>\n<link rel=\"canonical\" href=\"https:\/\/apuntesdesanluis.com\/index.php\/2024\/04\/02\/el-6-de-abril-lanzaremos-medidas-para-ayudar-al-sector-privado\/\" \/>\n<meta property=\"og:locale\" content=\"es_ES\" \/>\n<meta property=\"og:type\" content=\"article\" \/>\n<meta property=\"og:title\" content=\"\u201cEL 6 DE ABRIL LANZAREMOS MEDIDAS PARA AYUDAR AL SECTOR PRIVADO\u201d - Apuntes de San Luis\" \/>\n<meta property=\"og:description\" content=\"Lo anunci\u00f3 este domingo el gobernador Claudio Poggi, con el objetivo de que el sector...\" \/>\n<meta property=\"og:url\" content=\"https:\/\/apuntesdesanluis.com\/index.php\/2024\/04\/02\/el-6-de-abril-lanzaremos-medidas-para-ayudar-al-sector-privado\/\" \/>\n<meta property=\"og:site_name\" content=\"Apuntes de San Luis\" \/>\n<meta property=\"article:published_time\" content=\"2024-04-02T12:56:37+00:00\" \/>\n<meta property=\"article:modified_time\" content=\"2024-04-02T13:16:20+00:00\" \/>\n<meta property=\"og:image\" content=\"https:\/\/apuntesdesanluis.com\/wp-content\/uploads\/2024\/04\/poggi-sonriente.png\" \/>\n\t<meta property=\"og:image:width\" content=\"600\" \/>\n\t<meta property=\"og:image:height\" content=\"360\" \/>\n\t<meta property=\"og:image:type\" content=\"image\/png\" \/>\n<meta name=\"author\" content=\"apuntesdesanluis.com\" \/>\n<meta name=\"twitter:card\" content=\"summary_large_image\" \/>\n<meta name=\"twitter:label1\" content=\"Escrito por\" \/>\n\t<meta name=\"twitter:data1\" content=\"apuntesdesanluis.com\" \/>\n\t<meta name=\"twitter:label2\" content=\"Tiempo de lectura\" \/>\n\t<meta name=\"twitter:data2\" content=\"4 minutos\" \/>\n<script type=\"application\/ld+json\" class=\"yoast-schema-graph\">{\"@context\":\"https:\/\/schema.org\",\"@graph\":[{\"@type\":\"Article\",\"@id\":\"https:\/\/apuntesdesanluis.com\/index.php\/2024\/04\/02\/el-6-de-abril-lanzaremos-medidas-para-ayudar-al-sector-privado\/#article\",\"isPartOf\":{\"@id\":\"https:\/\/apuntesdesanluis.com\/index.php\/2024\/04\/02\/el-6-de-abril-lanzaremos-medidas-para-ayudar-al-sector-privado\/\"},\"author\":{\"name\":\"apuntesdesanluis.com\",\"@id\":\"https:\/\/apuntesdesanluis.com\/#\/schema\/person\/b55151d52296fcce64d1a72538a70b90\"},\"headline\":\"\u201cEL 6 DE ABRIL LANZAREMOS MEDIDAS PARA AYUDAR AL SECTOR PRIVADO\u201d\",\"datePublished\":\"2024-04-02T12:56:37+00:00\",\"dateModified\":\"2024-04-02T13:16:20+00:00\",\"mainEntityOfPage\":{\"@id\":\"https:\/\/apuntesdesanluis.com\/index.php\/2024\/04\/02\/el-6-de-abril-lanzaremos-medidas-para-ayudar-al-sector-privado\/\"},\"wordCount\":753,\"publisher\":{\"@id\":\"https:\/\/apuntesdesanluis.com\/#\/schema\/person\/b55151d52296fcce64d1a72538a70b90\"},\"image\":{\"@id\":\"https:\/\/apuntesdesanluis.com\/index.php\/2024\/04\/02\/el-6-de-abril-lanzaremos-medidas-para-ayudar-al-sector-privado\/#primaryimage\"},\"thumbnailUrl\":\"https:\/\/apuntesdesanluis.com\/wp-content\/uploads\/2024\/04\/poggi-sonriente.png\",\"articleSection\":[\"Ciudad\/Provincia\"],\"inLanguage\":\"es-AR\"},{\"@type\":\"WebPage\",\"@id\":\"https:\/\/apuntesdesanluis.com\/index.php\/2024\/04\/02\/el-6-de-abril-lanzaremos-medidas-para-ayudar-al-sector-privado\/\",\"url\":\"https:\/\/apuntesdesanluis.com\/index.php\/2024\/04\/02\/el-6-de-abril-lanzaremos-medidas-para-ayudar-al-sector-privado\/\",\"name\":\"\u201cEL 6 DE ABRIL LANZAREMOS MEDIDAS PARA AYUDAR AL SECTOR PRIVADO\u201d - Apuntes de San Luis\",\"isPartOf\":{\"@id\":\"https:\/\/apuntesdesanluis.com\/#website\"},\"primaryImageOfPage\":{\"@id\":\"https:\/\/apuntesdesanluis.com\/index.php\/2024\/04\/02\/el-6-de-abril-lanzaremos-medidas-para-ayudar-al-sector-privado\/#primaryimage\"},\"image\":{\"@id\":\"https:\/\/apuntesdesanluis.com\/index.php\/2024\/04\/02\/el-6-de-abril-lanzaremos-medidas-para-ayudar-al-sector-privado\/#primaryimage\"},\"thumbnailUrl\":\"https:\/\/apuntesdesanluis.com\/wp-content\/uploads\/2024\/04\/poggi-sonriente.png\",\"datePublished\":\"2024-04-02T12:56:37+00:00\",\"dateModified\":\"2024-04-02T13:16:20+00:00\",\"breadcrumb\":{\"@id\":\"https:\/\/apuntesdesanluis.com\/index.php\/2024\/04\/02\/el-6-de-abril-lanzaremos-medidas-para-ayudar-al-sector-privado\/#breadcrumb\"},\"inLanguage\":\"es-AR\",\"potentialAction\":[{\"@type\":\"ReadAction\",\"target\":[\"https:\/\/apuntesdesanluis.com\/index.php\/2024\/04\/02\/el-6-de-abril-lanzaremos-medidas-para-ayudar-al-sector-privado\/\"]}]},{\"@type\":\"ImageObject\",\"inLanguage\":\"es-AR\",\"@id\":\"https:\/\/apuntesdesanluis.com\/index.php\/2024\/04\/02\/el-6-de-abril-lanzaremos-medidas-para-ayudar-al-sector-privado\/#primaryimage\",\"url\":\"https:\/\/apuntesdesanluis.com\/wp-content\/uploads\/2024\/04\/poggi-sonriente.png\",\"contentUrl\":\"https:\/\/apuntesdesanluis.com\/wp-content\/uploads\/2024\/04\/poggi-sonriente.png\",\"width\":600,\"height\":360},{\"@type\":\"BreadcrumbList\",\"@id\":\"https:\/\/apuntesdesanluis.com\/index.php\/2024\/04\/02\/el-6-de-abril-lanzaremos-medidas-para-ayudar-al-sector-privado\/#breadcrumb\",\"itemListElement\":[{\"@type\":\"ListItem\",\"position\":1,\"name\":\"Inicio\",\"item\":\"https:\/\/apuntesdesanluis.com\/\"},{\"@type\":\"ListItem\",\"position\":2,\"name\":\"\u201cEL 6 DE ABRIL LANZAREMOS MEDIDAS PARA AYUDAR AL SECTOR PRIVADO\u201d\"}]},{\"@type\":\"WebSite\",\"@id\":\"https:\/\/apuntesdesanluis.com\/#website\",\"url\":\"https:\/\/apuntesdesanluis.com\/\",\"name\":\"Apuntes de San Luis\",\"description\":\"\",\"publisher\":{\"@id\":\"https:\/\/apuntesdesanluis.com\/#\/schema\/person\/b55151d52296fcce64d1a72538a70b90\"},\"potentialAction\":[{\"@type\":\"SearchAction\",\"target\":{\"@type\":\"EntryPoint\",\"urlTemplate\":\"https:\/\/apuntesdesanluis.com\/?s={search_term_string}\"},\"query-input\":{\"@type\":\"PropertyValueSpecification\",\"valueRequired\":true,\"valueName\":\"search_term_string\"}}],\"inLanguage\":\"es-AR\"},{\"@type\":[\"Person\",\"Organization\"],\"@id\":\"https:\/\/apuntesdesanluis.com\/#\/schema\/person\/b55151d52296fcce64d1a72538a70b90\",\"name\":\"apuntesdesanluis.com\",\"image\":{\"@type\":\"ImageObject\",\"inLanguage\":\"es-AR\",\"@id\":\"https:\/\/apuntesdesanluis.com\/#\/schema\/person\/image\/\",\"url\":\"https:\/\/apuntesdesanluis.com\/wp-content\/uploads\/2023\/07\/cropped-apuntesdesanluis.png\",\"contentUrl\":\"https:\/\/apuntesdesanluis.com\/wp-content\/uploads\/2023\/07\/cropped-apuntesdesanluis.png\",\"width\":450,\"height\":112,\"caption\":\"apuntesdesanluis.com\"},\"logo\":{\"@id\":\"https:\/\/apuntesdesanluis.com\/#\/schema\/person\/image\/\"},\"sameAs\":[\"https:\/\/apuntesdesanluis.com\"],\"url\":\"https:\/\/apuntesdesanluis.com\/index.php\/author\/apuntesdesanluis-com\/\"}]}<\/script>\n<!-- \/ Yoast SEO plugin. -->","yoast_head_json":{"title":"\u201cEL 6 DE ABRIL LANZAREMOS MEDIDAS PARA AYUDAR AL SECTOR PRIVADO\u201d - Apuntes de San Luis","robots":{"index":"index","follow":"follow","max-snippet":"max-snippet:-1","max-image-preview":"max-image-preview:large","max-video-preview":"max-video-preview:-1"},"canonical":"https:\/\/apuntesdesanluis.com\/index.php\/2024\/04\/02\/el-6-de-abril-lanzaremos-medidas-para-ayudar-al-sector-privado\/","og_locale":"es_ES","og_type":"article","og_title":"\u201cEL 6 DE ABRIL LANZAREMOS MEDIDAS PARA AYUDAR AL SECTOR PRIVADO\u201d - Apuntes de San Luis","og_description":"Lo anunci\u00f3 este domingo el gobernador Claudio Poggi, con el objetivo de que el sector...","og_url":"https:\/\/apuntesdesanluis.com\/index.php\/2024\/04\/02\/el-6-de-abril-lanzaremos-medidas-para-ayudar-al-sector-privado\/","og_site_name":"Apuntes de San Luis","article_published_time":"2024-04-02T12:56:37+00:00","article_modified_time":"2024-04-02T13:16:20+00:00","og_image":[{"width":600,"height":360,"url":"https:\/\/apuntesdesanluis.com\/wp-content\/uploads\/2024\/04\/poggi-sonriente.png","type":"image\/png"}],"author":"apuntesdesanluis.com","twitter_card":"summary_large_image","twitter_misc":{"Escrito por":"apuntesdesanluis.com","Tiempo de lectura":"4 minutos"},"schema":{"@context":"https:\/\/schema.org","@graph":[{"@type":"Article","@id":"https:\/\/apuntesdesanluis.com\/index.php\/2024\/04\/02\/el-6-de-abril-lanzaremos-medidas-para-ayudar-al-sector-privado\/#article","isPartOf":{"@id":"https:\/\/apuntesdesanluis.com\/index.php\/2024\/04\/02\/el-6-de-abril-lanzaremos-medidas-para-ayudar-al-sector-privado\/"},"author":{"name":"apuntesdesanluis.com","@id":"https:\/\/apuntesdesanluis.com\/#\/schema\/person\/b55151d52296fcce64d1a72538a70b90"},"headline":"\u201cEL 6 DE ABRIL LANZAREMOS MEDIDAS PARA AYUDAR AL SECTOR PRIVADO\u201d","datePublished":"2024-04-02T12:56:37+00:00","dateModified":"2024-04-02T13:16:20+00:00","mainEntityOfPage":{"@id":"https:\/\/apuntesdesanluis.com\/index.php\/2024\/04\/02\/el-6-de-abril-lanzaremos-medidas-para-ayudar-al-sector-privado\/"},"wordCount":753,"publisher":{"@id":"https:\/\/apuntesdesanluis.com\/#\/schema\/person\/b55151d52296fcce64d1a72538a70b90"},"image":{"@id":"https:\/\/apuntesdesanluis.com\/index.php\/2024\/04\/02\/el-6-de-abril-lanzaremos-medidas-para-ayudar-al-sector-privado\/#primaryimage"},"thumbnailUrl":"https:\/\/apuntesdesanluis.com\/wp-content\/uploads\/2024\/04\/poggi-sonriente.png","articleSection":["Ciudad\/Provincia"],"inLanguage":"es-AR"},{"@type":"WebPage","@id":"https:\/\/apuntesdesanluis.com\/index.php\/2024\/04\/02\/el-6-de-abril-lanzaremos-medidas-para-ayudar-al-sector-privado\/","url":"https:\/\/apuntesdesanluis.com\/index.php\/2024\/04\/02\/el-6-de-abril-lanzaremos-medidas-para-ayudar-al-sector-privado\/","name":"\u201cEL 6 DE ABRIL LANZAREMOS MEDIDAS PARA AYUDAR AL SECTOR PRIVADO\u201d - Apuntes de San Luis","isPartOf":{"@id":"https:\/\/apuntesdesanluis.com\/#website"},"primaryImageOfPage":{"@id":"https:\/\/apuntesdesanluis.com\/index.php\/2024\/04\/02\/el-6-de-abril-lanzaremos-medidas-para-ayudar-al-sector-privado\/#primaryimage"},"image":{"@id":"https:\/\/apuntesdesanluis.com\/index.php\/2024\/04\/02\/el-6-de-abril-lanzaremos-medidas-para-ayudar-al-sector-privado\/#primaryimage"},"thumbnailUrl":"https:\/\/apuntesdesanluis.com\/wp-content\/uploads\/2024\/04\/poggi-sonriente.png","datePublished":"2024-04-02T12:56:37+00:00","dateModified":"2024-04-02T13:16:20+00:00","breadcrumb":{"@id":"https:\/\/apuntesdesanluis.com\/index.php\/2024\/04\/02\/el-6-de-abril-lanzaremos-medidas-para-ayudar-al-sector-privado\/#breadcrumb"},"inLanguage":"es-AR","potentialAction":[{"@type":"ReadAction","target":["https:\/\/apuntesdesanluis.com\/index.php\/2024\/04\/02\/el-6-de-abril-lanzaremos-medidas-para-ayudar-al-sector-privado\/"]}]},{"@type":"ImageObject","inLanguage":"es-AR","@id":"https:\/\/apuntesdesanluis.com\/index.php\/2024\/04\/02\/el-6-de-abril-lanzaremos-medidas-para-ayudar-al-sector-privado\/#primaryimage","url":"https:\/\/apuntesdesanluis.com\/wp-content\/uploads\/2024\/04\/poggi-sonriente.png","contentUrl":"https:\/\/apuntesdesanluis.com\/wp-content\/uploads\/2024\/04\/poggi-sonriente.png","width":600,"height":360},{"@type":"BreadcrumbList","@id":"https:\/\/apuntesdesanluis.com\/index.php\/2024\/04\/02\/el-6-de-abril-lanzaremos-medidas-para-ayudar-al-sector-privado\/#breadcrumb","itemListElement":[{"@type":"ListItem","position":1,"name":"Inicio","item":"https:\/\/apuntesdesanluis.com\/"},{"@type":"ListItem","position":2,"name":"\u201cEL 6 DE ABRIL LANZAREMOS MEDIDAS PARA AYUDAR AL SECTOR PRIVADO\u201d"}]},{"@type":"WebSite","@id":"https:\/\/apuntesdesanluis.com\/#website","url":"https:\/\/apuntesdesanluis.com\/","name":"Apuntes de San Luis","description":"","publisher":{"@id":"https:\/\/apuntesdesanluis.com\/#\/schema\/person\/b55151d52296fcce64d1a72538a70b90"},"potentialAction":[{"@type":"SearchAction","target":{"@type":"EntryPoint","urlTemplate":"https:\/\/apuntesdesanluis.com\/?s={search_term_string}"},"query-input":{"@type":"PropertyValueSpecification","valueRequired":true,"valueName":"search_term_string"}}],"inLanguage":"es-AR"},{"@type":["Person","Organization"],"@id":"https:\/\/apuntesdesanluis.com\/#\/schema\/person\/b55151d52296fcce64d1a72538a70b90","name":"apuntesdesanluis.com","image":{"@type":"ImageObject","inLanguage":"es-AR","@id":"https:\/\/apuntesdesanluis.com\/#\/schema\/person\/image\/","url":"https:\/\/apuntesdesanluis.com\/wp-content\/uploads\/2023\/07\/cropped-apuntesdesanluis.png","contentUrl":"https:\/\/apuntesdesanluis.com\/wp-content\/uploads\/2023\/07\/cropped-apuntesdesanluis.png","width":450,"height":112,"caption":"apuntesdesanluis.com"},"logo":{"@id":"https:\/\/apuntesdesanluis.com\/#\/schema\/person\/image\/"},"sameAs":["https:\/\/apuntesdesanluis.com"],"url":"https:\/\/apuntesdesanluis.com\/index.php\/author\/apuntesdesanluis-com\/"}]}},"featured_image_urls":{"full":["https:\/\/apuntesdesanluis.com\/wp-content\/uploads\/2024\/04\/poggi-sonriente.png",600,360,false],"thumbnail":["https:\/\/apuntesdesanluis.com\/wp-content\/uploads\/2024\/04\/poggi-sonriente-150x150.png",150,150,true],"medium":["https:\/\/apuntesdesanluis.com\/wp-content\/uploads\/2024\/04\/poggi-sonriente-300x180.png",300,180,true],"medium_large":["https:\/\/apuntesdesanluis.com\/wp-content\/uploads\/2024\/04\/poggi-sonriente.png",600,360,false],"large":["https:\/\/apuntesdesanluis.com\/wp-content\/uploads\/2024\/04\/poggi-sonriente.png",600,360,false],"1536x1536":["https:\/\/apuntesdesanluis.com\/wp-content\/uploads\/2024\/04\/poggi-sonriente.png",600,360,false],"2048x2048":["https:\/\/apuntesdesanluis.com\/wp-content\/uploads\/2024\/04\/poggi-sonriente.png",600,360,false],"newsever-slider-full":["https:\/\/apuntesdesanluis.com\/wp-content\/uploads\/2024\/04\/poggi-sonriente.png",600,360,false],"newsever-featured":["https:\/\/apuntesdesanluis.com\/wp-content\/uploads\/2024\/04\/poggi-sonriente.png",600,360,false],"newsever-medium":["https:\/\/apuntesdesanluis.com\/wp-content\/uploads\/2024\/04\/poggi-sonriente.png",600,360,false]},"author_info":{"display_name":"apuntesdesanluis.com","author_link":"https:\/\/apuntesdesanluis.com\/index.php\/author\/apuntesdesanluis-com\/"},"category_info":"<a href=\"https:\/\/apuntesdesanluis.com\/index.php\/category\/ciudad-provincia\/\" rel=\"category tag\">Ciudad\/Provincia<\/a>","tag_info":"Ciudad\/Provincia","comment_count":"0","_links":{"self":[{"href":"https:\/\/apuntesdesanluis.com\/index.php\/wp-json\/wp\/v2\/posts\/14000","targetHints":{"allow":["GET"]}}],"collection":[{"href":"https:\/\/apuntesdesanluis.com\/index.php\/wp-json\/wp\/v2\/posts"}],"about":[{"href":"https:\/\/apuntesdesanluis.com\/index.php\/wp-json\/wp\/v2\/types\/post"}],"author":[{"embeddable":true,"href":"https:\/\/apuntesdesanluis.com\/index.php\/wp-json\/wp\/v2\/users\/1"}],"replies":[{"embeddable":true,"href":"https:\/\/apuntesdesanluis.com\/index.php\/wp-json\/wp\/v2\/comments?post=14000"}],"version-history":[{"count":2,"href":"https:\/\/apuntesdesanluis.com\/index.php\/wp-json\/wp\/v2\/posts\/14000\/revisions"}],"predecessor-version":[{"id":14006,"href":"https:\/\/apuntesdesanluis.com\/index.php\/wp-json\/wp\/v2\/posts\/14000\/revisions\/14006"}],"wp:featuredmedia":[{"embeddable":true,"href":"https:\/\/apuntesdesanluis.com\/index.php\/wp-json\/wp\/v2\/media\/14002"}],"wp:attachment":[{"href":"https:\/\/apuntesdesanluis.com\/index.php\/wp-json\/wp\/v2\/media?parent=14000"}],"wp:term":[{"taxonomy":"category","embeddable":true,"href":"https:\/\/apuntesdesanluis.com\/index.php\/wp-json\/wp\/v2\/categories?post=14000"},{"taxonomy":"post_tag","embeddable":true,"href":"https:\/\/apuntesdesanluis.com\/index.php\/wp-json\/wp\/v2\/tags?post=14000"}],"curies":[{"name":"wp","href":"https:\/\/api.w.org\/{rel}","templated":true}]}}