{"id":14004,"date":"2024-04-02T10:17:48","date_gmt":"2024-04-02T13:17:48","guid":{"rendered":"https:\/\/apuntesdesanluis.com\/?p=14004"},"modified":"2024-04-02T11:56:34","modified_gmt":"2024-04-02T14:56:34","slug":"sintesis-de-los-principales-anuncios-que-formulo-el-gobernador","status":"publish","type":"post","link":"https:\/\/apuntesdesanluis.com\/index.php\/2024\/04\/02\/sintesis-de-los-principales-anuncios-que-formulo-el-gobernador\/","title":{"rendered":"S\u00cdNTESIS DE LOS PRINCIPALES ANUNCIOS QUE FORMUL\u00d3 EL GOBERNADOR"},"content":{"rendered":"<h3>Entre los principales anuncios que formul\u00f3 el gobernador Claudio Poggi al dejar inaugurado el 148\u00b0 per\u00edodo de sesiones ordinarias de la bicameral, se encuentran los siguientes:<\/h3>\n<ul>\n<li>\n<h3><strong>Construcci\u00f3n de Jardines Maternales<\/strong><\/h3>\n<\/li>\n<\/ul>\n<h3>\u201cNuestro objetivo es llenar la provincia de jardines maternales, para que los pap\u00e1s que lo necesiten, sea por razones laborales o de estudio, puedan dejar tranquilos a sus peque\u00f1os en los Centros de Desarrollo Infantil (CDI). Queremos que sean lugares seguros y atendidos por profesionales y personal con una gran sensibilidad humana\u201d, argument\u00f3 el Gobernador.<\/h3>\n<h3>Ya se inaugur\u00f3 uno en Terrazas del Portezuelo y este viernes habilitar\u00e1n otro en Villa Mercedes.<\/h3>\n<ul>\n<li>\n<h3><strong>Nuevas viviendas y un gran \u2018Compre Local\u2019<\/strong><\/h3>\n<\/li>\n<\/ul>\n<h3>\u201cSiempre dije que la prioridad de las primeras viviendas a construir en esta nueva gesti\u00f3n son para aquellos inscriptos en los planes Progreso y Sue\u00f1os, a finales de 2011, y que a diciembre de 2015 ten\u00edan sus cuotas al d\u00eda (de $350 o $ 500), a los que luego les dieron injustificadamente de baja\u201d.<\/h3>\n<h3>Record\u00f3 que muchos tienen 50, 60 hasta 72 cuotas pagas. \u201cVamos a cumplir con ustedes, por supuesto con quienes mantienen la condici\u00f3n de elegibles, que no tengan en la actualidad una propiedad. A partir del 22 de abril los vamos a convocar en forma digital con un formulario que estar\u00e1 en la p\u00e1gina oficial del Gobierno para un empadronamiento y nos provean la informaci\u00f3n requerida\u201d.<\/h3>\n<h3>Sobre las cuotas, reconocer\u00e1n las pagas, definir\u00e1n una nueva cuota para las que faltan hasta llegar a las 300 cuotas que contemplaba el plan habitacional. \u201cYa no ser\u00e1n cuotas fijas, sino actualizables con cierta periodicidad. Y la novedad para este nuevo plan habitacional es que la cuota nueva reci\u00e9n se pagar\u00e1 cuando la vivienda sea entregada, no antes, siendo conscientes de que durante la construcci\u00f3n de la casa est\u00e1n pagando un alquiler\u201d. La buena noticia es que \u201ca partir del mes de junio o julio ya estaremos comenzando las primeras licitaciones de viviendas para esas familias\u201d, adelant\u00f3.<\/h3>\n<p><iframe title=\"Nuevas viviendas y un gran \u2018Compre Local\u2019\" width=\"640\" height=\"360\" src=\"https:\/\/www.youtube.com\/embed\/UUhO2AWoyPs?feature=oembed\" frameborder=\"0\" allow=\"accelerometer; autoplay; clipboard-write; encrypted-media; gyroscope; picture-in-picture; web-share\" referrerpolicy=\"strict-origin-when-cross-origin\" allowfullscreen><\/iframe><\/p>\n<ul>\n<li>\n<h3><strong>Medidas para el sector privado<\/strong><\/h3>\n<\/li>\n<\/ul>\n<h3>\u201cVamos a lanzar formalmente una bater\u00eda de medidas para el acompa\u00f1amiento al sector privado que permitan su crecimiento. Tenemos que recuperar los puestos de trabajo que el sector privado provincial perdi\u00f3 en estos \u00faltimos a\u00f1os\u201d.<\/h3>\n<h3>\u201cIncluir\u00e1n un renovado impulso en el fomento a nuevas inversiones, incubadoras de empresas, desburocratizaci\u00f3n, asistencia t\u00e9cnica,\u00a0 capacitaciones y financiamiento. Escuchamos, planificamos y ejecutamos\u201d, asegur\u00f3.<\/h3>\n<ul>\n<li>\n<h3><strong>Reformas electoral y de la Constituci\u00f3n<\/strong><\/h3>\n<\/li>\n<\/ul>\n<h3>El Gobierno enviar\u00e1 a la Legislatura dos proyectos de ley \u201cque cambiar\u00e1n para siempre el sistema pol\u00edtico, para hacerlo m\u00e1s moderno\u201d. Propone un sistema unicameral, empezar a votar cada cuatro a\u00f1os, establecer un sistema de capitales alternas y, en una norma aparte, modificar la Constituci\u00f3n provincial, que ya tiene 38 a\u00f1os desde su \u00faltima reforma integral.<\/h3>\n<h3>\u201cMi visi\u00f3n es que debemos modernizar la legislaci\u00f3n electoral, eliminar la ley de lemas que rigi\u00f3 en la \u00faltima elecci\u00f3n provincial, ir a un sistema de boleta \u00fanica papel, o voto electr\u00f3nico, y que adem\u00e1s exista una legislaci\u00f3n sobre las transiciones para que los perjudicados ante cambios de gobierno no sean los ciudadanos\u201d.<\/h3>\n<h3>El otro proyecto girar\u00e1 sobre la creaci\u00f3n en el \u00e1mbito legislativo de una comisi\u00f3n de an\u00e1lisis y conveniencia de una reforma de la Constituci\u00f3n provincial.<\/h3>\n<h3>\u201cNo es una cuesti\u00f3n menor advertir que la Constituci\u00f3n de la provincia est\u00e1 pronta a cumplir 38 a\u00f1os desde su \u00faltima reforma integral. Propongo la evaluaci\u00f3n consensuada de una reforma o modificaci\u00f3n constitucional es una propuesta que d\u00e9 debate, el \u2018aggiornamiento\u2019 de nuestra carta magna a los tiempos que corren, a los reclamos de la sociedad, a la necesidad de una mayor austeridad del Estado, a una mejor institucionalidad, entre otras cuestiones\u201d, reflexion\u00f3 Poggi, quien remarc\u00f3 que \u201cel desaf\u00edo es actualizar nuestra Constituci\u00f3n provincial para enfrentar las futuras d\u00e9cadas de la provincia\u201d.<\/h3>\n<p><img fetchpriority=\"high\" decoding=\"async\" class=\"wp-image-14019 aligncenter\" src=\"https:\/\/apuntesdesanluis.com\/wp-content\/uploads\/2024\/04\/poggi-anuncios-300x164.png\" alt=\"\" width=\"613\" height=\"335\" srcset=\"https:\/\/apuntesdesanluis.com\/wp-content\/uploads\/2024\/04\/poggi-anuncios-300x164.png 300w, https:\/\/apuntesdesanluis.com\/wp-content\/uploads\/2024\/04\/poggi-anuncios.png 600w\" sizes=\"(max-width: 613px) 100vw, 613px\" \/><\/p>\n<ul>\n<li>\n<h3><strong>Medidas contra la corrupci\u00f3n<\/strong><\/h3>\n<\/li>\n<\/ul>\n<h3>Sobre la corrupci\u00f3n, anticip\u00f3 que va a presentar en los pr\u00f3ximos d\u00edas en la Legislatura un proyecto de ley conocido como \u2018extinci\u00f3n de dominio\u2019, para recuperar los bienes que se llevaron los corruptos.<\/h3>\n<h3>\u201cVamos por la recuperaci\u00f3n de los bienes materiales il\u00edcitamente obtenidos en actos de corrupci\u00f3n por parte de funcionarios a los fines que sus valores o especies vuelvan al patrimonio estatal. Quiero reconocer que hacemos propio un proyecto que en ese sentido present\u00f3 el diputado Carlos Pereyra y que luego fue trabajado en conjunto por la secretar\u00eda de Control de Gesti\u00f3n y \u00c9tica P\u00fablica, m\u00e1s el aporte de prestigiosos juristas y profesionales del medio\u201d.<\/h3>\n<ul>\n<li>\n<h3><strong>Se subastar\u00e1 la Casa de San Luis en Buenos Aires<\/strong><\/h3>\n<\/li>\n<\/ul>\n<h3>Al referirse a la salud y al estado de los edificios p\u00fablicos mencion\u00f3 el Policl\u00ednico Regional \u2018Juan Domingo Per\u00f3n\u2019 de Villa Mercedes, el cual visit\u00f3 y encontr\u00f3 \u201cdestruido ediliciamente en m\u00e1s del 60%, es decir solo funcionando el 40% del hospital\u201d. Anunci\u00f3 que trabajan en un plan estrat\u00e9gico que ya est\u00e1 en marcha, para recuperar espacios en la planta baja, aunque inform\u00f3 que se deber\u00e1 \u00a0\u201chacer una inversi\u00f3n millonaria para volver a ponerlo en valor y en funcionamiento\u201d.<\/h3>\n<h3>Explic\u00f3 que se buscar\u00e1 la financiaci\u00f3n necesaria para completar esa obra a trav\u00e9s de la venta, subastaci\u00f3n o licitaci\u00f3n p\u00fablica de la Casa de San Luis que opera actualmente en Buenos Aires.<\/h3>\n<h3>\u201cEnviaremos el proyecto de ley para que la legislatura habilite poder disponer de ese inmueble. Es una gran casona que cumpli\u00f3 un rol importante durante muchos a\u00f1os, pero hoy ya no es necesaria esa magnitud de tama\u00f1o de inmueble y sus gastos de mantenimiento\u201d. Por otro lado, asegur\u00f3 que el personal de la actual Casa no ver\u00e1 afectada su estabilidad laboral porque \u201cvamos a reubicar el espacio en otro lugar que sea m\u00e1s funcional, econ\u00f3mico, austero y operativo\u201d.<\/h3>\n<h3>Los fondos obtenidos en la venta p\u00fablica del inmueble ir\u00e1n destinados a financiar la recuperaci\u00f3n edilicia del Policl\u00ednico Regional de Villa Mercedes y, en menor medida, a la apertura de una nueva y optimizada Casa de San Luis.<\/h3>\n<p><iframe title=\"La nueva cara de la salud p\u00fablica\" width=\"640\" height=\"360\" src=\"https:\/\/www.youtube.com\/embed\/5UhaMY65v-w?feature=oembed\" frameborder=\"0\" allow=\"accelerometer; autoplay; clipboard-write; encrypted-media; gyroscope; picture-in-picture; web-share\" referrerpolicy=\"strict-origin-when-cross-origin\" allowfullscreen><\/iframe><\/p>\n<ul>\n<li>\n<h3><strong>Concursos para cargos directivos<\/strong><\/h3>\n<\/li>\n<\/ul>\n<h3>En materia de educaci\u00f3n, propuso \u201cretomar los concursos directivos docentes, que desde hace 10 a\u00f1os no se hacen. En mi anterior gobernaci\u00f3n fue un proceso exitoso, a criterio de los mismos directivos, y a juzgar por lo que significa en la gesti\u00f3n en cada escuela. Vamos a procurar que durante este a\u00f1o se puedan realizar el 100 % de los concursos en los establecimientos que no tienen un directivo concursado\u201d.<\/h3>\n<ul>\n<li>\n<h3><strong>Dos remates de veh\u00edculos oficiales<\/strong><\/h3>\n<\/li>\n<\/ul>\n<h3>\u201cSe realizar\u00e1n dos remates de veh\u00edculos fuera de servicio, el primero ser\u00e1 el pr\u00f3ximo 8 de junio con 450 unidades, o mejor dicho de lo que qued\u00f3 de ellas, y el segundo remate a definir la fecha en meses posteriores\u201d.<\/h3>\n<h3>\u201cEstos remates se realizar\u00e1n en el marco de un convenio suscripto con el Colegio de Martilleros de la provincia\u201d.<\/h3>\n<ul>\n<li>\n<h3><strong>Eliminaci\u00f3n de la Feria Judicial<\/strong><\/h3>\n<\/li>\n<\/ul>\n<h3>\u201cEl derecho de acceso a la justicia de los ciudadanos se contrapone con la paralizaci\u00f3n de la Justicia por un mes y medio. El lapso prolongado de suspensi\u00f3n de los plazos procesales conspira contra la eficiencia del servicio\u201d.<\/h3>\n<h3>\u201cA esta altura de los tiempos, con el expediente digital, las comunicaciones electr\u00f3nicas, m\u00e1s que una necesidad, la Feria Judicial aparece como un privilegio del Estado\u201d.<\/h3>\n<h3>\u201cEsta propuesta nada tiene que ver, ni afecta, el derecho al descanso de los agentes judiciales, as\u00ed como en un hospital, o en una comisaria, las vacaciones se organizan y se coordinan. Esta modificaci\u00f3n legal que se pondr\u00e1 a consideraci\u00f3n de la Legislatura apunta a la no suspensi\u00f3n de los plazos procesales por 45 d\u00edas, para que el servicio de Justicia no se paralice durante ese tiempo\u201d.<\/h3>\n<ul>\n<li>\n<h3><strong>C\u00e9dula Escolar<\/strong><\/h3>\n<\/li>\n<\/ul>\n<h3>Se presentar\u00e1 en los pr\u00f3ximos d\u00edas un proyecto de ley de Adhesi\u00f3n a la Ley Nacional 27.489 de creaci\u00f3n del Programa \u201cC\u00e9dula Escolar Nacional\u201d.<\/h3>\n<h3>\u201cPosibilitar\u00e1 integrar la provincia a un sistema de informaci\u00f3n nacional educativo, que aportar\u00e1 estad\u00edsticas educativas, posibilitando la mejor toma de decisiones en la materia\u201d.<\/h3>\n<p>&nbsp;<\/p>\n","protected":false},"excerpt":{"rendered":"<p>Entre los principales anuncios que formul\u00f3 el gobernador Claudio Poggi al dejar inaugurado el 148\u00b0&#8230;<\/p>\n","protected":false},"author":1,"featured_media":14007,"comment_status":"closed","ping_status":"closed","sticky":false,"template":"","format":"standard","meta":{"footnotes":""},"categories":[6],"tags":[],"class_list":["post-14004","post","type-post","status-publish","format-standard","has-post-thumbnail","hentry","category-ciudad-provincia"],"yoast_head":"<!-- This site is optimized with the Yoast SEO plugin v26.1.1 - https:\/\/yoast.com\/wordpress\/plugins\/seo\/ -->\n<title>S\u00cdNTESIS DE LOS PRINCIPALES ANUNCIOS QUE FORMUL\u00d3 EL GOBERNADOR - Apuntes de San Luis<\/title>\n<meta name=\"robots\" content=\"index, follow, max-snippet:-1, max-image-preview:large, max-video-preview:-1\" \/>\n<link rel=\"canonical\" href=\"https:\/\/apuntesdesanluis.com\/index.php\/2024\/04\/02\/sintesis-de-los-principales-anuncios-que-formulo-el-gobernador\/\" \/>\n<meta property=\"og:locale\" content=\"es_ES\" \/>\n<meta property=\"og:type\" content=\"article\" \/>\n<meta property=\"og:title\" content=\"S\u00cdNTESIS DE LOS PRINCIPALES ANUNCIOS QUE FORMUL\u00d3 EL GOBERNADOR - Apuntes de San Luis\" \/>\n<meta property=\"og:description\" content=\"Entre los principales anuncios que formul\u00f3 el gobernador Claudio Poggi al dejar inaugurado el 148\u00b0...\" \/>\n<meta property=\"og:url\" content=\"https:\/\/apuntesdesanluis.com\/index.php\/2024\/04\/02\/sintesis-de-los-principales-anuncios-que-formulo-el-gobernador\/\" \/>\n<meta property=\"og:site_name\" content=\"Apuntes de San Luis\" \/>\n<meta property=\"article:published_time\" content=\"2024-04-02T13:17:48+00:00\" \/>\n<meta property=\"article:modified_time\" content=\"2024-04-02T14:56:34+00:00\" \/>\n<meta property=\"og:image\" content=\"https:\/\/apuntesdesanluis.com\/wp-content\/uploads\/2024\/04\/poggi-con-endeiza.png\" \/>\n\t<meta property=\"og:image:width\" content=\"600\" \/>\n\t<meta property=\"og:image:height\" content=\"329\" \/>\n\t<meta property=\"og:image:type\" content=\"image\/png\" \/>\n<meta name=\"author\" content=\"apuntesdesanluis.com\" \/>\n<meta name=\"twitter:card\" content=\"summary_large_image\" \/>\n<meta name=\"twitter:label1\" content=\"Escrito por\" \/>\n\t<meta name=\"twitter:data1\" content=\"apuntesdesanluis.com\" \/>\n\t<meta name=\"twitter:label2\" content=\"Tiempo de lectura\" \/>\n\t<meta name=\"twitter:data2\" content=\"7 minutos\" \/>\n<script type=\"application\/ld+json\" class=\"yoast-schema-graph\">{\"@context\":\"https:\/\/schema.org\",\"@graph\":[{\"@type\":\"Article\",\"@id\":\"https:\/\/apuntesdesanluis.com\/index.php\/2024\/04\/02\/sintesis-de-los-principales-anuncios-que-formulo-el-gobernador\/#article\",\"isPartOf\":{\"@id\":\"https:\/\/apuntesdesanluis.com\/index.php\/2024\/04\/02\/sintesis-de-los-principales-anuncios-que-formulo-el-gobernador\/\"},\"author\":{\"name\":\"apuntesdesanluis.com\",\"@id\":\"https:\/\/apuntesdesanluis.com\/#\/schema\/person\/b55151d52296fcce64d1a72538a70b90\"},\"headline\":\"S\u00cdNTESIS DE LOS PRINCIPALES ANUNCIOS QUE FORMUL\u00d3 EL GOBERNADOR\",\"datePublished\":\"2024-04-02T13:17:48+00:00\",\"dateModified\":\"2024-04-02T14:56:34+00:00\",\"mainEntityOfPage\":{\"@id\":\"https:\/\/apuntesdesanluis.com\/index.php\/2024\/04\/02\/sintesis-de-los-principales-anuncios-que-formulo-el-gobernador\/\"},\"wordCount\":1400,\"publisher\":{\"@id\":\"https:\/\/apuntesdesanluis.com\/#\/schema\/person\/b55151d52296fcce64d1a72538a70b90\"},\"image\":{\"@id\":\"https:\/\/apuntesdesanluis.com\/index.php\/2024\/04\/02\/sintesis-de-los-principales-anuncios-que-formulo-el-gobernador\/#primaryimage\"},\"thumbnailUrl\":\"https:\/\/apuntesdesanluis.com\/wp-content\/uploads\/2024\/04\/poggi-con-endeiza.png\",\"articleSection\":[\"Ciudad\/Provincia\"],\"inLanguage\":\"es-AR\"},{\"@type\":\"WebPage\",\"@id\":\"https:\/\/apuntesdesanluis.com\/index.php\/2024\/04\/02\/sintesis-de-los-principales-anuncios-que-formulo-el-gobernador\/\",\"url\":\"https:\/\/apuntesdesanluis.com\/index.php\/2024\/04\/02\/sintesis-de-los-principales-anuncios-que-formulo-el-gobernador\/\",\"name\":\"S\u00cdNTESIS DE LOS PRINCIPALES ANUNCIOS QUE FORMUL\u00d3 EL GOBERNADOR - Apuntes de San Luis\",\"isPartOf\":{\"@id\":\"https:\/\/apuntesdesanluis.com\/#website\"},\"primaryImageOfPage\":{\"@id\":\"https:\/\/apuntesdesanluis.com\/index.php\/2024\/04\/02\/sintesis-de-los-principales-anuncios-que-formulo-el-gobernador\/#primaryimage\"},\"image\":{\"@id\":\"https:\/\/apuntesdesanluis.com\/index.php\/2024\/04\/02\/sintesis-de-los-principales-anuncios-que-formulo-el-gobernador\/#primaryimage\"},\"thumbnailUrl\":\"https:\/\/apuntesdesanluis.com\/wp-content\/uploads\/2024\/04\/poggi-con-endeiza.png\",\"datePublished\":\"2024-04-02T13:17:48+00:00\",\"dateModified\":\"2024-04-02T14:56:34+00:00\",\"breadcrumb\":{\"@id\":\"https:\/\/apuntesdesanluis.com\/index.php\/2024\/04\/02\/sintesis-de-los-principales-anuncios-que-formulo-el-gobernador\/#breadcrumb\"},\"inLanguage\":\"es-AR\",\"potentialAction\":[{\"@type\":\"ReadAction\",\"target\":[\"https:\/\/apuntesdesanluis.com\/index.php\/2024\/04\/02\/sintesis-de-los-principales-anuncios-que-formulo-el-gobernador\/\"]}]},{\"@type\":\"ImageObject\",\"inLanguage\":\"es-AR\",\"@id\":\"https:\/\/apuntesdesanluis.com\/index.php\/2024\/04\/02\/sintesis-de-los-principales-anuncios-que-formulo-el-gobernador\/#primaryimage\",\"url\":\"https:\/\/apuntesdesanluis.com\/wp-content\/uploads\/2024\/04\/poggi-con-endeiza.png\",\"contentUrl\":\"https:\/\/apuntesdesanluis.com\/wp-content\/uploads\/2024\/04\/poggi-con-endeiza.png\",\"width\":600,\"height\":329},{\"@type\":\"BreadcrumbList\",\"@id\":\"https:\/\/apuntesdesanluis.com\/index.php\/2024\/04\/02\/sintesis-de-los-principales-anuncios-que-formulo-el-gobernador\/#breadcrumb\",\"itemListElement\":[{\"@type\":\"ListItem\",\"position\":1,\"name\":\"Inicio\",\"item\":\"https:\/\/apuntesdesanluis.com\/\"},{\"@type\":\"ListItem\",\"position\":2,\"name\":\"S\u00cdNTESIS DE LOS PRINCIPALES ANUNCIOS QUE FORMUL\u00d3 EL GOBERNADOR\"}]},{\"@type\":\"WebSite\",\"@id\":\"https:\/\/apuntesdesanluis.com\/#website\",\"url\":\"https:\/\/apuntesdesanluis.com\/\",\"name\":\"Apuntes de San Luis\",\"description\":\"\",\"publisher\":{\"@id\":\"https:\/\/apuntesdesanluis.com\/#\/schema\/person\/b55151d52296fcce64d1a72538a70b90\"},\"potentialAction\":[{\"@type\":\"SearchAction\",\"target\":{\"@type\":\"EntryPoint\",\"urlTemplate\":\"https:\/\/apuntesdesanluis.com\/?s={search_term_string}\"},\"query-input\":{\"@type\":\"PropertyValueSpecification\",\"valueRequired\":true,\"valueName\":\"search_term_string\"}}],\"inLanguage\":\"es-AR\"},{\"@type\":[\"Person\",\"Organization\"],\"@id\":\"https:\/\/apuntesdesanluis.com\/#\/schema\/person\/b55151d52296fcce64d1a72538a70b90\",\"name\":\"apuntesdesanluis.com\",\"image\":{\"@type\":\"ImageObject\",\"inLanguage\":\"es-AR\",\"@id\":\"https:\/\/apuntesdesanluis.com\/#\/schema\/person\/image\/\",\"url\":\"https:\/\/apuntesdesanluis.com\/wp-content\/uploads\/2023\/07\/cropped-apuntesdesanluis.png\",\"contentUrl\":\"https:\/\/apuntesdesanluis.com\/wp-content\/uploads\/2023\/07\/cropped-apuntesdesanluis.png\",\"width\":450,\"height\":112,\"caption\":\"apuntesdesanluis.com\"},\"logo\":{\"@id\":\"https:\/\/apuntesdesanluis.com\/#\/schema\/person\/image\/\"},\"sameAs\":[\"https:\/\/apuntesdesanluis.com\"],\"url\":\"https:\/\/apuntesdesanluis.com\/index.php\/author\/apuntesdesanluis-com\/\"}]}<\/script>\n<!-- \/ Yoast SEO plugin. -->","yoast_head_json":{"title":"S\u00cdNTESIS DE LOS PRINCIPALES ANUNCIOS QUE FORMUL\u00d3 EL GOBERNADOR - Apuntes de San Luis","robots":{"index":"index","follow":"follow","max-snippet":"max-snippet:-1","max-image-preview":"max-image-preview:large","max-video-preview":"max-video-preview:-1"},"canonical":"https:\/\/apuntesdesanluis.com\/index.php\/2024\/04\/02\/sintesis-de-los-principales-anuncios-que-formulo-el-gobernador\/","og_locale":"es_ES","og_type":"article","og_title":"S\u00cdNTESIS DE LOS PRINCIPALES ANUNCIOS QUE FORMUL\u00d3 EL GOBERNADOR - Apuntes de San Luis","og_description":"Entre los principales anuncios que formul\u00f3 el gobernador Claudio Poggi al dejar inaugurado el 148\u00b0...","og_url":"https:\/\/apuntesdesanluis.com\/index.php\/2024\/04\/02\/sintesis-de-los-principales-anuncios-que-formulo-el-gobernador\/","og_site_name":"Apuntes de San Luis","article_published_time":"2024-04-02T13:17:48+00:00","article_modified_time":"2024-04-02T14:56:34+00:00","og_image":[{"width":600,"height":329,"url":"https:\/\/apuntesdesanluis.com\/wp-content\/uploads\/2024\/04\/poggi-con-endeiza.png","type":"image\/png"}],"author":"apuntesdesanluis.com","twitter_card":"summary_large_image","twitter_misc":{"Escrito por":"apuntesdesanluis.com","Tiempo de lectura":"7 minutos"},"schema":{"@context":"https:\/\/schema.org","@graph":[{"@type":"Article","@id":"https:\/\/apuntesdesanluis.com\/index.php\/2024\/04\/02\/sintesis-de-los-principales-anuncios-que-formulo-el-gobernador\/#article","isPartOf":{"@id":"https:\/\/apuntesdesanluis.com\/index.php\/2024\/04\/02\/sintesis-de-los-principales-anuncios-que-formulo-el-gobernador\/"},"author":{"name":"apuntesdesanluis.com","@id":"https:\/\/apuntesdesanluis.com\/#\/schema\/person\/b55151d52296fcce64d1a72538a70b90"},"headline":"S\u00cdNTESIS DE LOS PRINCIPALES ANUNCIOS QUE FORMUL\u00d3 EL GOBERNADOR","datePublished":"2024-04-02T13:17:48+00:00","dateModified":"2024-04-02T14:56:34+00:00","mainEntityOfPage":{"@id":"https:\/\/apuntesdesanluis.com\/index.php\/2024\/04\/02\/sintesis-de-los-principales-anuncios-que-formulo-el-gobernador\/"},"wordCount":1400,"publisher":{"@id":"https:\/\/apuntesdesanluis.com\/#\/schema\/person\/b55151d52296fcce64d1a72538a70b90"},"image":{"@id":"https:\/\/apuntesdesanluis.com\/index.php\/2024\/04\/02\/sintesis-de-los-principales-anuncios-que-formulo-el-gobernador\/#primaryimage"},"thumbnailUrl":"https:\/\/apuntesdesanluis.com\/wp-content\/uploads\/2024\/04\/poggi-con-endeiza.png","articleSection":["Ciudad\/Provincia"],"inLanguage":"es-AR"},{"@type":"WebPage","@id":"https:\/\/apuntesdesanluis.com\/index.php\/2024\/04\/02\/sintesis-de-los-principales-anuncios-que-formulo-el-gobernador\/","url":"https:\/\/apuntesdesanluis.com\/index.php\/2024\/04\/02\/sintesis-de-los-principales-anuncios-que-formulo-el-gobernador\/","name":"S\u00cdNTESIS DE LOS PRINCIPALES ANUNCIOS QUE FORMUL\u00d3 EL GOBERNADOR - Apuntes de San Luis","isPartOf":{"@id":"https:\/\/apuntesdesanluis.com\/#website"},"primaryImageOfPage":{"@id":"https:\/\/apuntesdesanluis.com\/index.php\/2024\/04\/02\/sintesis-de-los-principales-anuncios-que-formulo-el-gobernador\/#primaryimage"},"image":{"@id":"https:\/\/apuntesdesanluis.com\/index.php\/2024\/04\/02\/sintesis-de-los-principales-anuncios-que-formulo-el-gobernador\/#primaryimage"},"thumbnailUrl":"https:\/\/apuntesdesanluis.com\/wp-content\/uploads\/2024\/04\/poggi-con-endeiza.png","datePublished":"2024-04-02T13:17:48+00:00","dateModified":"2024-04-02T14:56:34+00:00","breadcrumb":{"@id":"https:\/\/apuntesdesanluis.com\/index.php\/2024\/04\/02\/sintesis-de-los-principales-anuncios-que-formulo-el-gobernador\/#breadcrumb"},"inLanguage":"es-AR","potentialAction":[{"@type":"ReadAction","target":["https:\/\/apuntesdesanluis.com\/index.php\/2024\/04\/02\/sintesis-de-los-principales-anuncios-que-formulo-el-gobernador\/"]}]},{"@type":"ImageObject","inLanguage":"es-AR","@id":"https:\/\/apuntesdesanluis.com\/index.php\/2024\/04\/02\/sintesis-de-los-principales-anuncios-que-formulo-el-gobernador\/#primaryimage","url":"https:\/\/apuntesdesanluis.com\/wp-content\/uploads\/2024\/04\/poggi-con-endeiza.png","contentUrl":"https:\/\/apuntesdesanluis.com\/wp-content\/uploads\/2024\/04\/poggi-con-endeiza.png","width":600,"height":329},{"@type":"BreadcrumbList","@id":"https:\/\/apuntesdesanluis.com\/index.php\/2024\/04\/02\/sintesis-de-los-principales-anuncios-que-formulo-el-gobernador\/#breadcrumb","itemListElement":[{"@type":"ListItem","position":1,"name":"Inicio","item":"https:\/\/apuntesdesanluis.com\/"},{"@type":"ListItem","position":2,"name":"S\u00cdNTESIS DE LOS PRINCIPALES ANUNCIOS QUE FORMUL\u00d3 EL GOBERNADOR"}]},{"@type":"WebSite","@id":"https:\/\/apuntesdesanluis.com\/#website","url":"https:\/\/apuntesdesanluis.com\/","name":"Apuntes de San Luis","description":"","publisher":{"@id":"https:\/\/apuntesdesanluis.com\/#\/schema\/person\/b55151d52296fcce64d1a72538a70b90"},"potentialAction":[{"@type":"SearchAction","target":{"@type":"EntryPoint","urlTemplate":"https:\/\/apuntesdesanluis.com\/?s={search_term_string}"},"query-input":{"@type":"PropertyValueSpecification","valueRequired":true,"valueName":"search_term_string"}}],"inLanguage":"es-AR"},{"@type":["Person","Organization"],"@id":"https:\/\/apuntesdesanluis.com\/#\/schema\/person\/b55151d52296fcce64d1a72538a70b90","name":"apuntesdesanluis.com","image":{"@type":"ImageObject","inLanguage":"es-AR","@id":"https:\/\/apuntesdesanluis.com\/#\/schema\/person\/image\/","url":"https:\/\/apuntesdesanluis.com\/wp-content\/uploads\/2023\/07\/cropped-apuntesdesanluis.png","contentUrl":"https:\/\/apuntesdesanluis.com\/wp-content\/uploads\/2023\/07\/cropped-apuntesdesanluis.png","width":450,"height":112,"caption":"apuntesdesanluis.com"},"logo":{"@id":"https:\/\/apuntesdesanluis.com\/#\/schema\/person\/image\/"},"sameAs":["https:\/\/apuntesdesanluis.com"],"url":"https:\/\/apuntesdesanluis.com\/index.php\/author\/apuntesdesanluis-com\/"}]}},"featured_image_urls":{"full":["https:\/\/apuntesdesanluis.com\/wp-content\/uploads\/2024\/04\/poggi-con-endeiza.png",600,329,false],"thumbnail":["https:\/\/apuntesdesanluis.com\/wp-content\/uploads\/2024\/04\/poggi-con-endeiza-150x150.png",150,150,true],"medium":["https:\/\/apuntesdesanluis.com\/wp-content\/uploads\/2024\/04\/poggi-con-endeiza-300x165.png",300,165,true],"medium_large":["https:\/\/apuntesdesanluis.com\/wp-content\/uploads\/2024\/04\/poggi-con-endeiza.png",600,329,false],"large":["https:\/\/apuntesdesanluis.com\/wp-content\/uploads\/2024\/04\/poggi-con-endeiza.png",600,329,false],"1536x1536":["https:\/\/apuntesdesanluis.com\/wp-content\/uploads\/2024\/04\/poggi-con-endeiza.png",600,329,false],"2048x2048":["https:\/\/apuntesdesanluis.com\/wp-content\/uploads\/2024\/04\/poggi-con-endeiza.png",600,329,false],"newsever-slider-full":["https:\/\/apuntesdesanluis.com\/wp-content\/uploads\/2024\/04\/poggi-con-endeiza.png",600,329,false],"newsever-featured":["https:\/\/apuntesdesanluis.com\/wp-content\/uploads\/2024\/04\/poggi-con-endeiza.png",600,329,false],"newsever-medium":["https:\/\/apuntesdesanluis.com\/wp-content\/uploads\/2024\/04\/poggi-con-endeiza.png",600,329,false]},"author_info":{"display_name":"apuntesdesanluis.com","author_link":"https:\/\/apuntesdesanluis.com\/index.php\/author\/apuntesdesanluis-com\/"},"category_info":"<a href=\"https:\/\/apuntesdesanluis.com\/index.php\/category\/ciudad-provincia\/\" rel=\"category tag\">Ciudad\/Provincia<\/a>","tag_info":"Ciudad\/Provincia","comment_count":"0","_links":{"self":[{"href":"https:\/\/apuntesdesanluis.com\/index.php\/wp-json\/wp\/v2\/posts\/14004","targetHints":{"allow":["GET"]}}],"collection":[{"href":"https:\/\/apuntesdesanluis.com\/index.php\/wp-json\/wp\/v2\/posts"}],"about":[{"href":"https:\/\/apuntesdesanluis.com\/index.php\/wp-json\/wp\/v2\/types\/post"}],"author":[{"embeddable":true,"href":"https:\/\/apuntesdesanluis.com\/index.php\/wp-json\/wp\/v2\/users\/1"}],"replies":[{"embeddable":true,"href":"https:\/\/apuntesdesanluis.com\/index.php\/wp-json\/wp\/v2\/comments?post=14004"}],"version-history":[{"count":9,"href":"https:\/\/apuntesdesanluis.com\/index.php\/wp-json\/wp\/v2\/posts\/14004\/revisions"}],"predecessor-version":[{"id":14032,"href":"https:\/\/apuntesdesanluis.com\/index.php\/wp-json\/wp\/v2\/posts\/14004\/revisions\/14032"}],"wp:featuredmedia":[{"embeddable":true,"href":"https:\/\/apuntesdesanluis.com\/index.php\/wp-json\/wp\/v2\/media\/14007"}],"wp:attachment":[{"href":"https:\/\/apuntesdesanluis.com\/index.php\/wp-json\/wp\/v2\/media?parent=14004"}],"wp:term":[{"taxonomy":"category","embeddable":true,"href":"https:\/\/apuntesdesanluis.com\/index.php\/wp-json\/wp\/v2\/categories?post=14004"},{"taxonomy":"post_tag","embeddable":true,"href":"https:\/\/apuntesdesanluis.com\/index.php\/wp-json\/wp\/v2\/tags?post=14004"}],"curies":[{"name":"wp","href":"https:\/\/api.w.org\/{rel}","templated":true}]}}