{"id":14055,"date":"2024-04-02T21:20:47","date_gmt":"2024-04-03T00:20:47","guid":{"rendered":"https:\/\/apuntesdesanluis.com\/?p=14055"},"modified":"2024-04-02T21:20:47","modified_gmt":"2024-04-03T00:20:47","slug":"en-la-iglesia-catedral-se-celebro-una-misa-en-recordacion-a-nuestros-heroes","status":"publish","type":"post","link":"https:\/\/apuntesdesanluis.com\/index.php\/2024\/04\/02\/en-la-iglesia-catedral-se-celebro-una-misa-en-recordacion-a-nuestros-heroes\/","title":{"rendered":"EN LA IGLESIA CATEDRAL SE CELEBR\u00d3 UNA MISA EN RECORDACI\u00d3N A NUESTROS H\u00c9ROES"},"content":{"rendered":"<h3>\u201cMuchos est\u00e1n aqu\u00ed presentes otros no, por ello pedimos en esta santa misa especialmente por los 362 ca\u00eddos en Malvinas\u201d, dijo el p\u00e1rroco <strong>Daniel Chillemi<\/strong> ante las autoridades que se dieron cita en la Iglesia Catedral en el d\u00eda de los Veteranos y Ca\u00eddos en Malvinas, entre las que sobresali\u00f3 el gobernador <strong>Claudio Poggi<\/strong>.<\/h3>\n<h3>Tambi\u00e9n participaron de la misa por el 42\u00b0 aniversario de la gesta del Atl\u00e1ntico Sur el intendente de la Ciudad, Gast\u00f3n Hissa, ministros del gobierno, legisladores provinciales, referentes del Centro de Ex Combatientes de Malvinas \u20182 de Abril\u2019 y de las fuerzas de seguridad de San Luis.<\/h3>\n<p><iframe title=\"Claudio Poggi en la Misa del Dos de Abril\" width=\"640\" height=\"360\" src=\"https:\/\/www.youtube.com\/embed\/i9KbMosKuBQ?feature=oembed\" frameborder=\"0\" allow=\"accelerometer; autoplay; clipboard-write; encrypted-media; gyroscope; picture-in-picture; web-share\" referrerpolicy=\"strict-origin-when-cross-origin\" allowfullscreen><\/iframe><\/p>\n<h3>\u201cSuena un poco duro que la guerra sea un importante acontecimiento, pero es lo que la guerra rodea a esa gesta\u201d, indic\u00f3 Chillemi en la homil\u00eda, quien agreg\u00f3, tomando palabras del Papa Francisco, que \u201cla guerra es una derrota en s\u00ed para la humanidad\u201d.<\/h3>\n<h3>\u201cLuego de la guerra aparecieron virtudes maravillosas y eso es lo que hoy reconocemos, agradecemos y por lo que nos alegramos. Las familias que han perdido seres queridos entienden, en medio del dolor, esta alegr\u00eda\u201d, se\u00f1al\u00f3 el p\u00e1rroco, remarcando que de estas gestas nace el esp\u00edritu patri\u00f3tico. \u201cHoy pedimos por ellos y por nuestra patria\u201d, destac\u00f3.<\/h3>\n<h3>El sonar de las campanas le puso el broche final a la emotiva ceremonia que inici\u00f3 a las 9 y se extendi\u00f3 por 45 minutos.<\/h3>\n<p>&nbsp;<\/p>\n<p>&nbsp;<\/p>\n<p>&nbsp;<\/p>\n<p>&nbsp;<\/p>\n<p>&nbsp;<\/p>\n<p>&nbsp;<\/p>\n","protected":false},"excerpt":{"rendered":"<p>\u201cMuchos est\u00e1n aqu\u00ed presentes otros no, por ello pedimos en esta santa misa especialmente por&#8230;<\/p>\n","protected":false},"author":1,"featured_media":14056,"comment_status":"closed","ping_status":"closed","sticky":false,"template":"","format":"standard","meta":{"footnotes":""},"categories":[6],"tags":[],"class_list":["post-14055","post","type-post","status-publish","format-standard","has-post-thumbnail","hentry","category-ciudad-provincia"],"yoast_head":"<!-- This site is optimized with the Yoast SEO plugin v26.1.1 - https:\/\/yoast.com\/wordpress\/plugins\/seo\/ -->\n<title>EN LA IGLESIA CATEDRAL SE CELEBR\u00d3 UNA MISA EN RECORDACI\u00d3N A NUESTROS H\u00c9ROES - Apuntes de San Luis<\/title>\n<meta name=\"robots\" content=\"index, follow, max-snippet:-1, max-image-preview:large, max-video-preview:-1\" \/>\n<link rel=\"canonical\" href=\"https:\/\/apuntesdesanluis.com\/index.php\/2024\/04\/02\/en-la-iglesia-catedral-se-celebro-una-misa-en-recordacion-a-nuestros-heroes\/\" \/>\n<meta property=\"og:locale\" content=\"es_ES\" \/>\n<meta property=\"og:type\" content=\"article\" \/>\n<meta property=\"og:title\" content=\"EN LA IGLESIA CATEDRAL SE CELEBR\u00d3 UNA MISA EN RECORDACI\u00d3N A NUESTROS H\u00c9ROES - Apuntes de San Luis\" \/>\n<meta property=\"og:description\" content=\"\u201cMuchos est\u00e1n aqu\u00ed presentes otros no, por ello pedimos en esta santa misa especialmente por...\" \/>\n<meta property=\"og:url\" content=\"https:\/\/apuntesdesanluis.com\/index.php\/2024\/04\/02\/en-la-iglesia-catedral-se-celebro-una-misa-en-recordacion-a-nuestros-heroes\/\" \/>\n<meta property=\"og:site_name\" content=\"Apuntes de San Luis\" \/>\n<meta property=\"article:published_time\" content=\"2024-04-03T00:20:47+00:00\" \/>\n<meta property=\"og:image\" content=\"https:\/\/apuntesdesanluis.com\/wp-content\/uploads\/2024\/04\/CATEDRAL.png\" \/>\n\t<meta property=\"og:image:width\" content=\"600\" \/>\n\t<meta property=\"og:image:height\" content=\"352\" \/>\n\t<meta property=\"og:image:type\" content=\"image\/png\" \/>\n<meta name=\"author\" content=\"apuntesdesanluis.com\" \/>\n<meta name=\"twitter:card\" content=\"summary_large_image\" \/>\n<meta name=\"twitter:label1\" content=\"Escrito por\" \/>\n\t<meta name=\"twitter:data1\" content=\"apuntesdesanluis.com\" \/>\n\t<meta name=\"twitter:label2\" content=\"Tiempo de lectura\" \/>\n\t<meta name=\"twitter:data2\" content=\"2 minutos\" \/>\n<script type=\"application\/ld+json\" class=\"yoast-schema-graph\">{\"@context\":\"https:\/\/schema.org\",\"@graph\":[{\"@type\":\"Article\",\"@id\":\"https:\/\/apuntesdesanluis.com\/index.php\/2024\/04\/02\/en-la-iglesia-catedral-se-celebro-una-misa-en-recordacion-a-nuestros-heroes\/#article\",\"isPartOf\":{\"@id\":\"https:\/\/apuntesdesanluis.com\/index.php\/2024\/04\/02\/en-la-iglesia-catedral-se-celebro-una-misa-en-recordacion-a-nuestros-heroes\/\"},\"author\":{\"name\":\"apuntesdesanluis.com\",\"@id\":\"https:\/\/apuntesdesanluis.com\/#\/schema\/person\/b55151d52296fcce64d1a72538a70b90\"},\"headline\":\"EN LA IGLESIA CATEDRAL SE CELEBR\u00d3 UNA MISA EN RECORDACI\u00d3N A NUESTROS H\u00c9ROES\",\"datePublished\":\"2024-04-03T00:20:47+00:00\",\"mainEntityOfPage\":{\"@id\":\"https:\/\/apuntesdesanluis.com\/index.php\/2024\/04\/02\/en-la-iglesia-catedral-se-celebro-una-misa-en-recordacion-a-nuestros-heroes\/\"},\"wordCount\":263,\"publisher\":{\"@id\":\"https:\/\/apuntesdesanluis.com\/#\/schema\/person\/b55151d52296fcce64d1a72538a70b90\"},\"image\":{\"@id\":\"https:\/\/apuntesdesanluis.com\/index.php\/2024\/04\/02\/en-la-iglesia-catedral-se-celebro-una-misa-en-recordacion-a-nuestros-heroes\/#primaryimage\"},\"thumbnailUrl\":\"https:\/\/apuntesdesanluis.com\/wp-content\/uploads\/2024\/04\/CATEDRAL.png\",\"articleSection\":[\"Ciudad\/Provincia\"],\"inLanguage\":\"es-AR\"},{\"@type\":\"WebPage\",\"@id\":\"https:\/\/apuntesdesanluis.com\/index.php\/2024\/04\/02\/en-la-iglesia-catedral-se-celebro-una-misa-en-recordacion-a-nuestros-heroes\/\",\"url\":\"https:\/\/apuntesdesanluis.com\/index.php\/2024\/04\/02\/en-la-iglesia-catedral-se-celebro-una-misa-en-recordacion-a-nuestros-heroes\/\",\"name\":\"EN LA IGLESIA CATEDRAL SE CELEBR\u00d3 UNA MISA EN RECORDACI\u00d3N A NUESTROS H\u00c9ROES - Apuntes de San Luis\",\"isPartOf\":{\"@id\":\"https:\/\/apuntesdesanluis.com\/#website\"},\"primaryImageOfPage\":{\"@id\":\"https:\/\/apuntesdesanluis.com\/index.php\/2024\/04\/02\/en-la-iglesia-catedral-se-celebro-una-misa-en-recordacion-a-nuestros-heroes\/#primaryimage\"},\"image\":{\"@id\":\"https:\/\/apuntesdesanluis.com\/index.php\/2024\/04\/02\/en-la-iglesia-catedral-se-celebro-una-misa-en-recordacion-a-nuestros-heroes\/#primaryimage\"},\"thumbnailUrl\":\"https:\/\/apuntesdesanluis.com\/wp-content\/uploads\/2024\/04\/CATEDRAL.png\",\"datePublished\":\"2024-04-03T00:20:47+00:00\",\"breadcrumb\":{\"@id\":\"https:\/\/apuntesdesanluis.com\/index.php\/2024\/04\/02\/en-la-iglesia-catedral-se-celebro-una-misa-en-recordacion-a-nuestros-heroes\/#breadcrumb\"},\"inLanguage\":\"es-AR\",\"potentialAction\":[{\"@type\":\"ReadAction\",\"target\":[\"https:\/\/apuntesdesanluis.com\/index.php\/2024\/04\/02\/en-la-iglesia-catedral-se-celebro-una-misa-en-recordacion-a-nuestros-heroes\/\"]}]},{\"@type\":\"ImageObject\",\"inLanguage\":\"es-AR\",\"@id\":\"https:\/\/apuntesdesanluis.com\/index.php\/2024\/04\/02\/en-la-iglesia-catedral-se-celebro-una-misa-en-recordacion-a-nuestros-heroes\/#primaryimage\",\"url\":\"https:\/\/apuntesdesanluis.com\/wp-content\/uploads\/2024\/04\/CATEDRAL.png\",\"contentUrl\":\"https:\/\/apuntesdesanluis.com\/wp-content\/uploads\/2024\/04\/CATEDRAL.png\",\"width\":600,\"height\":352},{\"@type\":\"BreadcrumbList\",\"@id\":\"https:\/\/apuntesdesanluis.com\/index.php\/2024\/04\/02\/en-la-iglesia-catedral-se-celebro-una-misa-en-recordacion-a-nuestros-heroes\/#breadcrumb\",\"itemListElement\":[{\"@type\":\"ListItem\",\"position\":1,\"name\":\"Inicio\",\"item\":\"https:\/\/apuntesdesanluis.com\/\"},{\"@type\":\"ListItem\",\"position\":2,\"name\":\"EN LA IGLESIA CATEDRAL SE CELEBR\u00d3 UNA MISA EN RECORDACI\u00d3N A NUESTROS H\u00c9ROES\"}]},{\"@type\":\"WebSite\",\"@id\":\"https:\/\/apuntesdesanluis.com\/#website\",\"url\":\"https:\/\/apuntesdesanluis.com\/\",\"name\":\"Apuntes de San Luis\",\"description\":\"\",\"publisher\":{\"@id\":\"https:\/\/apuntesdesanluis.com\/#\/schema\/person\/b55151d52296fcce64d1a72538a70b90\"},\"potentialAction\":[{\"@type\":\"SearchAction\",\"target\":{\"@type\":\"EntryPoint\",\"urlTemplate\":\"https:\/\/apuntesdesanluis.com\/?s={search_term_string}\"},\"query-input\":{\"@type\":\"PropertyValueSpecification\",\"valueRequired\":true,\"valueName\":\"search_term_string\"}}],\"inLanguage\":\"es-AR\"},{\"@type\":[\"Person\",\"Organization\"],\"@id\":\"https:\/\/apuntesdesanluis.com\/#\/schema\/person\/b55151d52296fcce64d1a72538a70b90\",\"name\":\"apuntesdesanluis.com\",\"image\":{\"@type\":\"ImageObject\",\"inLanguage\":\"es-AR\",\"@id\":\"https:\/\/apuntesdesanluis.com\/#\/schema\/person\/image\/\",\"url\":\"https:\/\/apuntesdesanluis.com\/wp-content\/uploads\/2023\/07\/cropped-apuntesdesanluis.png\",\"contentUrl\":\"https:\/\/apuntesdesanluis.com\/wp-content\/uploads\/2023\/07\/cropped-apuntesdesanluis.png\",\"width\":450,\"height\":112,\"caption\":\"apuntesdesanluis.com\"},\"logo\":{\"@id\":\"https:\/\/apuntesdesanluis.com\/#\/schema\/person\/image\/\"},\"sameAs\":[\"https:\/\/apuntesdesanluis.com\"],\"url\":\"https:\/\/apuntesdesanluis.com\/index.php\/author\/apuntesdesanluis-com\/\"}]}<\/script>\n<!-- \/ Yoast SEO plugin. -->","yoast_head_json":{"title":"EN LA IGLESIA CATEDRAL SE CELEBR\u00d3 UNA MISA EN RECORDACI\u00d3N A NUESTROS H\u00c9ROES - Apuntes de San Luis","robots":{"index":"index","follow":"follow","max-snippet":"max-snippet:-1","max-image-preview":"max-image-preview:large","max-video-preview":"max-video-preview:-1"},"canonical":"https:\/\/apuntesdesanluis.com\/index.php\/2024\/04\/02\/en-la-iglesia-catedral-se-celebro-una-misa-en-recordacion-a-nuestros-heroes\/","og_locale":"es_ES","og_type":"article","og_title":"EN LA IGLESIA CATEDRAL SE CELEBR\u00d3 UNA MISA EN RECORDACI\u00d3N A NUESTROS H\u00c9ROES - Apuntes de San Luis","og_description":"\u201cMuchos est\u00e1n aqu\u00ed presentes otros no, por ello pedimos en esta santa misa especialmente por...","og_url":"https:\/\/apuntesdesanluis.com\/index.php\/2024\/04\/02\/en-la-iglesia-catedral-se-celebro-una-misa-en-recordacion-a-nuestros-heroes\/","og_site_name":"Apuntes de San Luis","article_published_time":"2024-04-03T00:20:47+00:00","og_image":[{"width":600,"height":352,"url":"https:\/\/apuntesdesanluis.com\/wp-content\/uploads\/2024\/04\/CATEDRAL.png","type":"image\/png"}],"author":"apuntesdesanluis.com","twitter_card":"summary_large_image","twitter_misc":{"Escrito por":"apuntesdesanluis.com","Tiempo de lectura":"2 minutos"},"schema":{"@context":"https:\/\/schema.org","@graph":[{"@type":"Article","@id":"https:\/\/apuntesdesanluis.com\/index.php\/2024\/04\/02\/en-la-iglesia-catedral-se-celebro-una-misa-en-recordacion-a-nuestros-heroes\/#article","isPartOf":{"@id":"https:\/\/apuntesdesanluis.com\/index.php\/2024\/04\/02\/en-la-iglesia-catedral-se-celebro-una-misa-en-recordacion-a-nuestros-heroes\/"},"author":{"name":"apuntesdesanluis.com","@id":"https:\/\/apuntesdesanluis.com\/#\/schema\/person\/b55151d52296fcce64d1a72538a70b90"},"headline":"EN LA IGLESIA CATEDRAL SE CELEBR\u00d3 UNA MISA EN RECORDACI\u00d3N A NUESTROS H\u00c9ROES","datePublished":"2024-04-03T00:20:47+00:00","mainEntityOfPage":{"@id":"https:\/\/apuntesdesanluis.com\/index.php\/2024\/04\/02\/en-la-iglesia-catedral-se-celebro-una-misa-en-recordacion-a-nuestros-heroes\/"},"wordCount":263,"publisher":{"@id":"https:\/\/apuntesdesanluis.com\/#\/schema\/person\/b55151d52296fcce64d1a72538a70b90"},"image":{"@id":"https:\/\/apuntesdesanluis.com\/index.php\/2024\/04\/02\/en-la-iglesia-catedral-se-celebro-una-misa-en-recordacion-a-nuestros-heroes\/#primaryimage"},"thumbnailUrl":"https:\/\/apuntesdesanluis.com\/wp-content\/uploads\/2024\/04\/CATEDRAL.png","articleSection":["Ciudad\/Provincia"],"inLanguage":"es-AR"},{"@type":"WebPage","@id":"https:\/\/apuntesdesanluis.com\/index.php\/2024\/04\/02\/en-la-iglesia-catedral-se-celebro-una-misa-en-recordacion-a-nuestros-heroes\/","url":"https:\/\/apuntesdesanluis.com\/index.php\/2024\/04\/02\/en-la-iglesia-catedral-se-celebro-una-misa-en-recordacion-a-nuestros-heroes\/","name":"EN LA IGLESIA CATEDRAL SE CELEBR\u00d3 UNA MISA EN RECORDACI\u00d3N A NUESTROS H\u00c9ROES - Apuntes de San Luis","isPartOf":{"@id":"https:\/\/apuntesdesanluis.com\/#website"},"primaryImageOfPage":{"@id":"https:\/\/apuntesdesanluis.com\/index.php\/2024\/04\/02\/en-la-iglesia-catedral-se-celebro-una-misa-en-recordacion-a-nuestros-heroes\/#primaryimage"},"image":{"@id":"https:\/\/apuntesdesanluis.com\/index.php\/2024\/04\/02\/en-la-iglesia-catedral-se-celebro-una-misa-en-recordacion-a-nuestros-heroes\/#primaryimage"},"thumbnailUrl":"https:\/\/apuntesdesanluis.com\/wp-content\/uploads\/2024\/04\/CATEDRAL.png","datePublished":"2024-04-03T00:20:47+00:00","breadcrumb":{"@id":"https:\/\/apuntesdesanluis.com\/index.php\/2024\/04\/02\/en-la-iglesia-catedral-se-celebro-una-misa-en-recordacion-a-nuestros-heroes\/#breadcrumb"},"inLanguage":"es-AR","potentialAction":[{"@type":"ReadAction","target":["https:\/\/apuntesdesanluis.com\/index.php\/2024\/04\/02\/en-la-iglesia-catedral-se-celebro-una-misa-en-recordacion-a-nuestros-heroes\/"]}]},{"@type":"ImageObject","inLanguage":"es-AR","@id":"https:\/\/apuntesdesanluis.com\/index.php\/2024\/04\/02\/en-la-iglesia-catedral-se-celebro-una-misa-en-recordacion-a-nuestros-heroes\/#primaryimage","url":"https:\/\/apuntesdesanluis.com\/wp-content\/uploads\/2024\/04\/CATEDRAL.png","contentUrl":"https:\/\/apuntesdesanluis.com\/wp-content\/uploads\/2024\/04\/CATEDRAL.png","width":600,"height":352},{"@type":"BreadcrumbList","@id":"https:\/\/apuntesdesanluis.com\/index.php\/2024\/04\/02\/en-la-iglesia-catedral-se-celebro-una-misa-en-recordacion-a-nuestros-heroes\/#breadcrumb","itemListElement":[{"@type":"ListItem","position":1,"name":"Inicio","item":"https:\/\/apuntesdesanluis.com\/"},{"@type":"ListItem","position":2,"name":"EN LA IGLESIA CATEDRAL SE CELEBR\u00d3 UNA MISA EN RECORDACI\u00d3N A NUESTROS H\u00c9ROES"}]},{"@type":"WebSite","@id":"https:\/\/apuntesdesanluis.com\/#website","url":"https:\/\/apuntesdesanluis.com\/","name":"Apuntes de San Luis","description":"","publisher":{"@id":"https:\/\/apuntesdesanluis.com\/#\/schema\/person\/b55151d52296fcce64d1a72538a70b90"},"potentialAction":[{"@type":"SearchAction","target":{"@type":"EntryPoint","urlTemplate":"https:\/\/apuntesdesanluis.com\/?s={search_term_string}"},"query-input":{"@type":"PropertyValueSpecification","valueRequired":true,"valueName":"search_term_string"}}],"inLanguage":"es-AR"},{"@type":["Person","Organization"],"@id":"https:\/\/apuntesdesanluis.com\/#\/schema\/person\/b55151d52296fcce64d1a72538a70b90","name":"apuntesdesanluis.com","image":{"@type":"ImageObject","inLanguage":"es-AR","@id":"https:\/\/apuntesdesanluis.com\/#\/schema\/person\/image\/","url":"https:\/\/apuntesdesanluis.com\/wp-content\/uploads\/2023\/07\/cropped-apuntesdesanluis.png","contentUrl":"https:\/\/apuntesdesanluis.com\/wp-content\/uploads\/2023\/07\/cropped-apuntesdesanluis.png","width":450,"height":112,"caption":"apuntesdesanluis.com"},"logo":{"@id":"https:\/\/apuntesdesanluis.com\/#\/schema\/person\/image\/"},"sameAs":["https:\/\/apuntesdesanluis.com"],"url":"https:\/\/apuntesdesanluis.com\/index.php\/author\/apuntesdesanluis-com\/"}]}},"featured_image_urls":{"full":["https:\/\/apuntesdesanluis.com\/wp-content\/uploads\/2024\/04\/CATEDRAL.png",600,352,false],"thumbnail":["https:\/\/apuntesdesanluis.com\/wp-content\/uploads\/2024\/04\/CATEDRAL-150x150.png",150,150,true],"medium":["https:\/\/apuntesdesanluis.com\/wp-content\/uploads\/2024\/04\/CATEDRAL-300x176.png",300,176,true],"medium_large":["https:\/\/apuntesdesanluis.com\/wp-content\/uploads\/2024\/04\/CATEDRAL.png",600,352,false],"large":["https:\/\/apuntesdesanluis.com\/wp-content\/uploads\/2024\/04\/CATEDRAL.png",600,352,false],"1536x1536":["https:\/\/apuntesdesanluis.com\/wp-content\/uploads\/2024\/04\/CATEDRAL.png",600,352,false],"2048x2048":["https:\/\/apuntesdesanluis.com\/wp-content\/uploads\/2024\/04\/CATEDRAL.png",600,352,false],"newsever-slider-full":["https:\/\/apuntesdesanluis.com\/wp-content\/uploads\/2024\/04\/CATEDRAL.png",600,352,false],"newsever-featured":["https:\/\/apuntesdesanluis.com\/wp-content\/uploads\/2024\/04\/CATEDRAL.png",600,352,false],"newsever-medium":["https:\/\/apuntesdesanluis.com\/wp-content\/uploads\/2024\/04\/CATEDRAL.png",600,352,false]},"author_info":{"display_name":"apuntesdesanluis.com","author_link":"https:\/\/apuntesdesanluis.com\/index.php\/author\/apuntesdesanluis-com\/"},"category_info":"<a href=\"https:\/\/apuntesdesanluis.com\/index.php\/category\/ciudad-provincia\/\" rel=\"category tag\">Ciudad\/Provincia<\/a>","tag_info":"Ciudad\/Provincia","comment_count":"0","_links":{"self":[{"href":"https:\/\/apuntesdesanluis.com\/index.php\/wp-json\/wp\/v2\/posts\/14055","targetHints":{"allow":["GET"]}}],"collection":[{"href":"https:\/\/apuntesdesanluis.com\/index.php\/wp-json\/wp\/v2\/posts"}],"about":[{"href":"https:\/\/apuntesdesanluis.com\/index.php\/wp-json\/wp\/v2\/types\/post"}],"author":[{"embeddable":true,"href":"https:\/\/apuntesdesanluis.com\/index.php\/wp-json\/wp\/v2\/users\/1"}],"replies":[{"embeddable":true,"href":"https:\/\/apuntesdesanluis.com\/index.php\/wp-json\/wp\/v2\/comments?post=14055"}],"version-history":[{"count":1,"href":"https:\/\/apuntesdesanluis.com\/index.php\/wp-json\/wp\/v2\/posts\/14055\/revisions"}],"predecessor-version":[{"id":14057,"href":"https:\/\/apuntesdesanluis.com\/index.php\/wp-json\/wp\/v2\/posts\/14055\/revisions\/14057"}],"wp:featuredmedia":[{"embeddable":true,"href":"https:\/\/apuntesdesanluis.com\/index.php\/wp-json\/wp\/v2\/media\/14056"}],"wp:attachment":[{"href":"https:\/\/apuntesdesanluis.com\/index.php\/wp-json\/wp\/v2\/media?parent=14055"}],"wp:term":[{"taxonomy":"category","embeddable":true,"href":"https:\/\/apuntesdesanluis.com\/index.php\/wp-json\/wp\/v2\/categories?post=14055"},{"taxonomy":"post_tag","embeddable":true,"href":"https:\/\/apuntesdesanluis.com\/index.php\/wp-json\/wp\/v2\/tags?post=14055"}],"curies":[{"name":"wp","href":"https:\/\/api.w.org\/{rel}","templated":true}]}}