{"id":14058,"date":"2024-04-02T21:26:43","date_gmt":"2024-04-03T00:26:43","guid":{"rendered":"https:\/\/apuntesdesanluis.com\/?p=14058"},"modified":"2024-04-02T21:26:43","modified_gmt":"2024-04-03T00:26:43","slug":"milei-volvio-a-convocar-a-la-oposicion-a-firmar-el-pacto-de-mayo","status":"publish","type":"post","link":"https:\/\/apuntesdesanluis.com\/index.php\/2024\/04\/02\/milei-volvio-a-convocar-a-la-oposicion-a-firmar-el-pacto-de-mayo\/","title":{"rendered":"MILEI VOLVI\u00d3 A CONVOCAR A LA OPOSICI\u00d3N A FIRMAR EL PACTO DE MAYO"},"content":{"rendered":"<h3>El presidente <strong>Javier Milei<\/strong> volvi\u00f3 a convocar a los dirigentes de la oposici\u00f3n a firmar el Pacto de Mayo, al encabezar el acto central en homenaje a los ca\u00eddos y veteranos de la Guerra de Malvinas.<\/h3>\n<h3>Durante la actividad, que se llev\u00f3 a cabo en el Cenotafio de la Plaza San Mart\u00edn y fue transmitido por cadena nacional, se\u00f1al\u00f3 que invitar\u00e1 para la ocasi\u00f3n especialmente a los jefes de las Fuerzas Armadas y a las organizaciones de veteranos de Malvinas &#8220;para que sean testigos y estandartes de la nueva Argentina&#8221;.<\/h3>\n<h3>\u201cEl primer paso lo daremos el 25 de mayo en la provincia de C\u00f3rdoba donde firmaremos el Pacto de Mayo estableciendo las diez pol\u00edticas de Estado del nuevo orden econ\u00f3mico argentino y para el que quiero extender una invitaci\u00f3n especial\u201d, indic\u00f3 el Presidente.<\/h3>\n<h3>Asimismo, a\u00f1adi\u00f3: \u201cNo solo a los miembros del Estado Mayor conjunto y las Fuerzas Armadas sino tambi\u00e9n a las organizaciones de Veteranos de Malvinas para que sean testigos y estandartes de la nueva Argentina&#8221;.<\/h3>\n<h3>En ese sentido, pidi\u00f3 que el respeto a los h\u00e9roes del conflicto b\u00e9lico y a los militares &#8220;no sea monopolio de un espacio pol\u00edtico&#8221;.<\/h3>\n<h3><strong>HOMENAJE A ROCA<\/strong><\/h3>\n<h3>El presidente Javier Milei lanz\u00f3 su ya cl\u00e1sico grito de \u201cViva la libertad, carajo\u201d en el cierre del acto central en homenaje a los ca\u00eddos y veteranos de la Guerra de Malvinas, ocasi\u00f3n en la que tambi\u00e9n destac\u00f3 la figura del ex mandatario Julio Argentino Roca, referente de la Generaci\u00f3n del 80.<\/h3>\n<h3>En el Cenotafio de la Plaza San Mart\u00edn, el mandatario resalt\u00f3 a Roca y destac\u00f3 el rol que tuvo en la &#8220;modernizaci\u00f3n&#8221; de la Argentina.<\/h3>\n<h3>Milei encabez\u00f3 el acto por la Guerra de Malvinas y pidi\u00f3 inaugurar &#8220;una nueva era de reconciliaci\u00f3n con las Fuerzas Armadas&#8221;<\/h3>\n<h3>Tras resaltar la figura del ex presidente y emblema de la Generaci\u00f3n del 80, Milei asegur\u00f3 que \u201cno existe soberan\u00eda sin prosperidad econ\u00f3mica y, como muestra toda la evidencia emp\u00edrica, no existe prosperidad econ\u00f3mica sin libertad econ\u00f3mica&#8221;.<\/h3>\n<h3>Como cierre de su discurso, el jefe de Estado lanz\u00f3 su reconocida arenga, ante funcionarios nacionales, jefes militares, veteranos y familiares de ca\u00eddos en la Guerra de Malvinas: \u201cViva la libertad, carajo\u201d.<\/h3>\n<p>&nbsp;<\/p>\n<p>&nbsp;<\/p>\n<p>&nbsp;<\/p>\n","protected":false},"excerpt":{"rendered":"<p>El presidente Javier Milei volvi\u00f3 a convocar a los dirigentes de la oposici\u00f3n a firmar&#8230;<\/p>\n","protected":false},"author":1,"featured_media":14059,"comment_status":"closed","ping_status":"closed","sticky":false,"template":"","format":"standard","meta":{"footnotes":""},"categories":[5],"tags":[],"class_list":["post-14058","post","type-post","status-publish","format-standard","has-post-thumbnail","hentry","category-nacionales-internacionales"],"yoast_head":"<!-- This site is optimized with the Yoast SEO plugin v26.1.1 - https:\/\/yoast.com\/wordpress\/plugins\/seo\/ -->\n<title>MILEI VOLVI\u00d3 A CONVOCAR A LA OPOSICI\u00d3N A FIRMAR EL PACTO DE MAYO - Apuntes de San Luis<\/title>\n<meta name=\"robots\" content=\"index, follow, max-snippet:-1, max-image-preview:large, max-video-preview:-1\" \/>\n<link rel=\"canonical\" href=\"https:\/\/apuntesdesanluis.com\/index.php\/2024\/04\/02\/milei-volvio-a-convocar-a-la-oposicion-a-firmar-el-pacto-de-mayo\/\" \/>\n<meta property=\"og:locale\" content=\"es_ES\" \/>\n<meta property=\"og:type\" content=\"article\" \/>\n<meta property=\"og:title\" content=\"MILEI VOLVI\u00d3 A CONVOCAR A LA OPOSICI\u00d3N A FIRMAR EL PACTO DE MAYO - Apuntes de San Luis\" \/>\n<meta property=\"og:description\" content=\"El presidente Javier Milei volvi\u00f3 a convocar a los dirigentes de la oposici\u00f3n a firmar...\" \/>\n<meta property=\"og:url\" content=\"https:\/\/apuntesdesanluis.com\/index.php\/2024\/04\/02\/milei-volvio-a-convocar-a-la-oposicion-a-firmar-el-pacto-de-mayo\/\" \/>\n<meta property=\"og:site_name\" content=\"Apuntes de San Luis\" \/>\n<meta property=\"article:published_time\" content=\"2024-04-03T00:26:43+00:00\" \/>\n<meta property=\"og:image\" content=\"https:\/\/apuntesdesanluis.com\/wp-content\/uploads\/2024\/04\/milei.png\" \/>\n\t<meta property=\"og:image:width\" content=\"596\" \/>\n\t<meta property=\"og:image:height\" content=\"356\" \/>\n\t<meta property=\"og:image:type\" content=\"image\/png\" \/>\n<meta name=\"author\" content=\"apuntesdesanluis.com\" \/>\n<meta name=\"twitter:card\" content=\"summary_large_image\" \/>\n<meta name=\"twitter:label1\" content=\"Escrito por\" \/>\n\t<meta name=\"twitter:data1\" content=\"apuntesdesanluis.com\" \/>\n\t<meta name=\"twitter:label2\" content=\"Tiempo de lectura\" \/>\n\t<meta name=\"twitter:data2\" content=\"2 minutos\" \/>\n<script type=\"application\/ld+json\" class=\"yoast-schema-graph\">{\"@context\":\"https:\/\/schema.org\",\"@graph\":[{\"@type\":\"Article\",\"@id\":\"https:\/\/apuntesdesanluis.com\/index.php\/2024\/04\/02\/milei-volvio-a-convocar-a-la-oposicion-a-firmar-el-pacto-de-mayo\/#article\",\"isPartOf\":{\"@id\":\"https:\/\/apuntesdesanluis.com\/index.php\/2024\/04\/02\/milei-volvio-a-convocar-a-la-oposicion-a-firmar-el-pacto-de-mayo\/\"},\"author\":{\"name\":\"apuntesdesanluis.com\",\"@id\":\"https:\/\/apuntesdesanluis.com\/#\/schema\/person\/b55151d52296fcce64d1a72538a70b90\"},\"headline\":\"MILEI VOLVI\u00d3 A CONVOCAR A LA OPOSICI\u00d3N A FIRMAR EL PACTO DE MAYO\",\"datePublished\":\"2024-04-03T00:26:43+00:00\",\"mainEntityOfPage\":{\"@id\":\"https:\/\/apuntesdesanluis.com\/index.php\/2024\/04\/02\/milei-volvio-a-convocar-a-la-oposicion-a-firmar-el-pacto-de-mayo\/\"},\"wordCount\":404,\"publisher\":{\"@id\":\"https:\/\/apuntesdesanluis.com\/#\/schema\/person\/b55151d52296fcce64d1a72538a70b90\"},\"image\":{\"@id\":\"https:\/\/apuntesdesanluis.com\/index.php\/2024\/04\/02\/milei-volvio-a-convocar-a-la-oposicion-a-firmar-el-pacto-de-mayo\/#primaryimage\"},\"thumbnailUrl\":\"https:\/\/apuntesdesanluis.com\/wp-content\/uploads\/2024\/04\/milei.png\",\"articleSection\":[\"Nacionales\/Internacionales\"],\"inLanguage\":\"es-AR\"},{\"@type\":\"WebPage\",\"@id\":\"https:\/\/apuntesdesanluis.com\/index.php\/2024\/04\/02\/milei-volvio-a-convocar-a-la-oposicion-a-firmar-el-pacto-de-mayo\/\",\"url\":\"https:\/\/apuntesdesanluis.com\/index.php\/2024\/04\/02\/milei-volvio-a-convocar-a-la-oposicion-a-firmar-el-pacto-de-mayo\/\",\"name\":\"MILEI VOLVI\u00d3 A CONVOCAR A LA OPOSICI\u00d3N A FIRMAR EL PACTO DE MAYO - Apuntes de San Luis\",\"isPartOf\":{\"@id\":\"https:\/\/apuntesdesanluis.com\/#website\"},\"primaryImageOfPage\":{\"@id\":\"https:\/\/apuntesdesanluis.com\/index.php\/2024\/04\/02\/milei-volvio-a-convocar-a-la-oposicion-a-firmar-el-pacto-de-mayo\/#primaryimage\"},\"image\":{\"@id\":\"https:\/\/apuntesdesanluis.com\/index.php\/2024\/04\/02\/milei-volvio-a-convocar-a-la-oposicion-a-firmar-el-pacto-de-mayo\/#primaryimage\"},\"thumbnailUrl\":\"https:\/\/apuntesdesanluis.com\/wp-content\/uploads\/2024\/04\/milei.png\",\"datePublished\":\"2024-04-03T00:26:43+00:00\",\"breadcrumb\":{\"@id\":\"https:\/\/apuntesdesanluis.com\/index.php\/2024\/04\/02\/milei-volvio-a-convocar-a-la-oposicion-a-firmar-el-pacto-de-mayo\/#breadcrumb\"},\"inLanguage\":\"es-AR\",\"potentialAction\":[{\"@type\":\"ReadAction\",\"target\":[\"https:\/\/apuntesdesanluis.com\/index.php\/2024\/04\/02\/milei-volvio-a-convocar-a-la-oposicion-a-firmar-el-pacto-de-mayo\/\"]}]},{\"@type\":\"ImageObject\",\"inLanguage\":\"es-AR\",\"@id\":\"https:\/\/apuntesdesanluis.com\/index.php\/2024\/04\/02\/milei-volvio-a-convocar-a-la-oposicion-a-firmar-el-pacto-de-mayo\/#primaryimage\",\"url\":\"https:\/\/apuntesdesanluis.com\/wp-content\/uploads\/2024\/04\/milei.png\",\"contentUrl\":\"https:\/\/apuntesdesanluis.com\/wp-content\/uploads\/2024\/04\/milei.png\",\"width\":596,\"height\":356},{\"@type\":\"BreadcrumbList\",\"@id\":\"https:\/\/apuntesdesanluis.com\/index.php\/2024\/04\/02\/milei-volvio-a-convocar-a-la-oposicion-a-firmar-el-pacto-de-mayo\/#breadcrumb\",\"itemListElement\":[{\"@type\":\"ListItem\",\"position\":1,\"name\":\"Inicio\",\"item\":\"https:\/\/apuntesdesanluis.com\/\"},{\"@type\":\"ListItem\",\"position\":2,\"name\":\"MILEI VOLVI\u00d3 A CONVOCAR A LA OPOSICI\u00d3N A FIRMAR EL PACTO DE MAYO\"}]},{\"@type\":\"WebSite\",\"@id\":\"https:\/\/apuntesdesanluis.com\/#website\",\"url\":\"https:\/\/apuntesdesanluis.com\/\",\"name\":\"Apuntes de San Luis\",\"description\":\"\",\"publisher\":{\"@id\":\"https:\/\/apuntesdesanluis.com\/#\/schema\/person\/b55151d52296fcce64d1a72538a70b90\"},\"potentialAction\":[{\"@type\":\"SearchAction\",\"target\":{\"@type\":\"EntryPoint\",\"urlTemplate\":\"https:\/\/apuntesdesanluis.com\/?s={search_term_string}\"},\"query-input\":{\"@type\":\"PropertyValueSpecification\",\"valueRequired\":true,\"valueName\":\"search_term_string\"}}],\"inLanguage\":\"es-AR\"},{\"@type\":[\"Person\",\"Organization\"],\"@id\":\"https:\/\/apuntesdesanluis.com\/#\/schema\/person\/b55151d52296fcce64d1a72538a70b90\",\"name\":\"apuntesdesanluis.com\",\"image\":{\"@type\":\"ImageObject\",\"inLanguage\":\"es-AR\",\"@id\":\"https:\/\/apuntesdesanluis.com\/#\/schema\/person\/image\/\",\"url\":\"https:\/\/apuntesdesanluis.com\/wp-content\/uploads\/2023\/07\/cropped-apuntesdesanluis.png\",\"contentUrl\":\"https:\/\/apuntesdesanluis.com\/wp-content\/uploads\/2023\/07\/cropped-apuntesdesanluis.png\",\"width\":450,\"height\":112,\"caption\":\"apuntesdesanluis.com\"},\"logo\":{\"@id\":\"https:\/\/apuntesdesanluis.com\/#\/schema\/person\/image\/\"},\"sameAs\":[\"https:\/\/apuntesdesanluis.com\"],\"url\":\"https:\/\/apuntesdesanluis.com\/index.php\/author\/apuntesdesanluis-com\/\"}]}<\/script>\n<!-- \/ Yoast SEO plugin. -->","yoast_head_json":{"title":"MILEI VOLVI\u00d3 A CONVOCAR A LA OPOSICI\u00d3N A FIRMAR EL PACTO DE MAYO - Apuntes de San Luis","robots":{"index":"index","follow":"follow","max-snippet":"max-snippet:-1","max-image-preview":"max-image-preview:large","max-video-preview":"max-video-preview:-1"},"canonical":"https:\/\/apuntesdesanluis.com\/index.php\/2024\/04\/02\/milei-volvio-a-convocar-a-la-oposicion-a-firmar-el-pacto-de-mayo\/","og_locale":"es_ES","og_type":"article","og_title":"MILEI VOLVI\u00d3 A CONVOCAR A LA OPOSICI\u00d3N A FIRMAR EL PACTO DE MAYO - Apuntes de San Luis","og_description":"El presidente Javier Milei volvi\u00f3 a convocar a los dirigentes de la oposici\u00f3n a firmar...","og_url":"https:\/\/apuntesdesanluis.com\/index.php\/2024\/04\/02\/milei-volvio-a-convocar-a-la-oposicion-a-firmar-el-pacto-de-mayo\/","og_site_name":"Apuntes de San Luis","article_published_time":"2024-04-03T00:26:43+00:00","og_image":[{"width":596,"height":356,"url":"https:\/\/apuntesdesanluis.com\/wp-content\/uploads\/2024\/04\/milei.png","type":"image\/png"}],"author":"apuntesdesanluis.com","twitter_card":"summary_large_image","twitter_misc":{"Escrito por":"apuntesdesanluis.com","Tiempo de lectura":"2 minutos"},"schema":{"@context":"https:\/\/schema.org","@graph":[{"@type":"Article","@id":"https:\/\/apuntesdesanluis.com\/index.php\/2024\/04\/02\/milei-volvio-a-convocar-a-la-oposicion-a-firmar-el-pacto-de-mayo\/#article","isPartOf":{"@id":"https:\/\/apuntesdesanluis.com\/index.php\/2024\/04\/02\/milei-volvio-a-convocar-a-la-oposicion-a-firmar-el-pacto-de-mayo\/"},"author":{"name":"apuntesdesanluis.com","@id":"https:\/\/apuntesdesanluis.com\/#\/schema\/person\/b55151d52296fcce64d1a72538a70b90"},"headline":"MILEI VOLVI\u00d3 A CONVOCAR A LA OPOSICI\u00d3N A FIRMAR EL PACTO DE MAYO","datePublished":"2024-04-03T00:26:43+00:00","mainEntityOfPage":{"@id":"https:\/\/apuntesdesanluis.com\/index.php\/2024\/04\/02\/milei-volvio-a-convocar-a-la-oposicion-a-firmar-el-pacto-de-mayo\/"},"wordCount":404,"publisher":{"@id":"https:\/\/apuntesdesanluis.com\/#\/schema\/person\/b55151d52296fcce64d1a72538a70b90"},"image":{"@id":"https:\/\/apuntesdesanluis.com\/index.php\/2024\/04\/02\/milei-volvio-a-convocar-a-la-oposicion-a-firmar-el-pacto-de-mayo\/#primaryimage"},"thumbnailUrl":"https:\/\/apuntesdesanluis.com\/wp-content\/uploads\/2024\/04\/milei.png","articleSection":["Nacionales\/Internacionales"],"inLanguage":"es-AR"},{"@type":"WebPage","@id":"https:\/\/apuntesdesanluis.com\/index.php\/2024\/04\/02\/milei-volvio-a-convocar-a-la-oposicion-a-firmar-el-pacto-de-mayo\/","url":"https:\/\/apuntesdesanluis.com\/index.php\/2024\/04\/02\/milei-volvio-a-convocar-a-la-oposicion-a-firmar-el-pacto-de-mayo\/","name":"MILEI VOLVI\u00d3 A CONVOCAR A LA OPOSICI\u00d3N A FIRMAR EL PACTO DE MAYO - Apuntes de San Luis","isPartOf":{"@id":"https:\/\/apuntesdesanluis.com\/#website"},"primaryImageOfPage":{"@id":"https:\/\/apuntesdesanluis.com\/index.php\/2024\/04\/02\/milei-volvio-a-convocar-a-la-oposicion-a-firmar-el-pacto-de-mayo\/#primaryimage"},"image":{"@id":"https:\/\/apuntesdesanluis.com\/index.php\/2024\/04\/02\/milei-volvio-a-convocar-a-la-oposicion-a-firmar-el-pacto-de-mayo\/#primaryimage"},"thumbnailUrl":"https:\/\/apuntesdesanluis.com\/wp-content\/uploads\/2024\/04\/milei.png","datePublished":"2024-04-03T00:26:43+00:00","breadcrumb":{"@id":"https:\/\/apuntesdesanluis.com\/index.php\/2024\/04\/02\/milei-volvio-a-convocar-a-la-oposicion-a-firmar-el-pacto-de-mayo\/#breadcrumb"},"inLanguage":"es-AR","potentialAction":[{"@type":"ReadAction","target":["https:\/\/apuntesdesanluis.com\/index.php\/2024\/04\/02\/milei-volvio-a-convocar-a-la-oposicion-a-firmar-el-pacto-de-mayo\/"]}]},{"@type":"ImageObject","inLanguage":"es-AR","@id":"https:\/\/apuntesdesanluis.com\/index.php\/2024\/04\/02\/milei-volvio-a-convocar-a-la-oposicion-a-firmar-el-pacto-de-mayo\/#primaryimage","url":"https:\/\/apuntesdesanluis.com\/wp-content\/uploads\/2024\/04\/milei.png","contentUrl":"https:\/\/apuntesdesanluis.com\/wp-content\/uploads\/2024\/04\/milei.png","width":596,"height":356},{"@type":"BreadcrumbList","@id":"https:\/\/apuntesdesanluis.com\/index.php\/2024\/04\/02\/milei-volvio-a-convocar-a-la-oposicion-a-firmar-el-pacto-de-mayo\/#breadcrumb","itemListElement":[{"@type":"ListItem","position":1,"name":"Inicio","item":"https:\/\/apuntesdesanluis.com\/"},{"@type":"ListItem","position":2,"name":"MILEI VOLVI\u00d3 A CONVOCAR A LA OPOSICI\u00d3N A FIRMAR EL PACTO DE MAYO"}]},{"@type":"WebSite","@id":"https:\/\/apuntesdesanluis.com\/#website","url":"https:\/\/apuntesdesanluis.com\/","name":"Apuntes de San Luis","description":"","publisher":{"@id":"https:\/\/apuntesdesanluis.com\/#\/schema\/person\/b55151d52296fcce64d1a72538a70b90"},"potentialAction":[{"@type":"SearchAction","target":{"@type":"EntryPoint","urlTemplate":"https:\/\/apuntesdesanluis.com\/?s={search_term_string}"},"query-input":{"@type":"PropertyValueSpecification","valueRequired":true,"valueName":"search_term_string"}}],"inLanguage":"es-AR"},{"@type":["Person","Organization"],"@id":"https:\/\/apuntesdesanluis.com\/#\/schema\/person\/b55151d52296fcce64d1a72538a70b90","name":"apuntesdesanluis.com","image":{"@type":"ImageObject","inLanguage":"es-AR","@id":"https:\/\/apuntesdesanluis.com\/#\/schema\/person\/image\/","url":"https:\/\/apuntesdesanluis.com\/wp-content\/uploads\/2023\/07\/cropped-apuntesdesanluis.png","contentUrl":"https:\/\/apuntesdesanluis.com\/wp-content\/uploads\/2023\/07\/cropped-apuntesdesanluis.png","width":450,"height":112,"caption":"apuntesdesanluis.com"},"logo":{"@id":"https:\/\/apuntesdesanluis.com\/#\/schema\/person\/image\/"},"sameAs":["https:\/\/apuntesdesanluis.com"],"url":"https:\/\/apuntesdesanluis.com\/index.php\/author\/apuntesdesanluis-com\/"}]}},"featured_image_urls":{"full":["https:\/\/apuntesdesanluis.com\/wp-content\/uploads\/2024\/04\/milei.png",596,356,false],"thumbnail":["https:\/\/apuntesdesanluis.com\/wp-content\/uploads\/2024\/04\/milei-150x150.png",150,150,true],"medium":["https:\/\/apuntesdesanluis.com\/wp-content\/uploads\/2024\/04\/milei-300x179.png",300,179,true],"medium_large":["https:\/\/apuntesdesanluis.com\/wp-content\/uploads\/2024\/04\/milei.png",596,356,false],"large":["https:\/\/apuntesdesanluis.com\/wp-content\/uploads\/2024\/04\/milei.png",596,356,false],"1536x1536":["https:\/\/apuntesdesanluis.com\/wp-content\/uploads\/2024\/04\/milei.png",596,356,false],"2048x2048":["https:\/\/apuntesdesanluis.com\/wp-content\/uploads\/2024\/04\/milei.png",596,356,false],"newsever-slider-full":["https:\/\/apuntesdesanluis.com\/wp-content\/uploads\/2024\/04\/milei.png",596,356,false],"newsever-featured":["https:\/\/apuntesdesanluis.com\/wp-content\/uploads\/2024\/04\/milei.png",596,356,false],"newsever-medium":["https:\/\/apuntesdesanluis.com\/wp-content\/uploads\/2024\/04\/milei.png",596,356,false]},"author_info":{"display_name":"apuntesdesanluis.com","author_link":"https:\/\/apuntesdesanluis.com\/index.php\/author\/apuntesdesanluis-com\/"},"category_info":"<a href=\"https:\/\/apuntesdesanluis.com\/index.php\/category\/nacionales-internacionales\/\" rel=\"category tag\">Nacionales\/Internacionales<\/a>","tag_info":"Nacionales\/Internacionales","comment_count":"0","_links":{"self":[{"href":"https:\/\/apuntesdesanluis.com\/index.php\/wp-json\/wp\/v2\/posts\/14058","targetHints":{"allow":["GET"]}}],"collection":[{"href":"https:\/\/apuntesdesanluis.com\/index.php\/wp-json\/wp\/v2\/posts"}],"about":[{"href":"https:\/\/apuntesdesanluis.com\/index.php\/wp-json\/wp\/v2\/types\/post"}],"author":[{"embeddable":true,"href":"https:\/\/apuntesdesanluis.com\/index.php\/wp-json\/wp\/v2\/users\/1"}],"replies":[{"embeddable":true,"href":"https:\/\/apuntesdesanluis.com\/index.php\/wp-json\/wp\/v2\/comments?post=14058"}],"version-history":[{"count":1,"href":"https:\/\/apuntesdesanluis.com\/index.php\/wp-json\/wp\/v2\/posts\/14058\/revisions"}],"predecessor-version":[{"id":14060,"href":"https:\/\/apuntesdesanluis.com\/index.php\/wp-json\/wp\/v2\/posts\/14058\/revisions\/14060"}],"wp:featuredmedia":[{"embeddable":true,"href":"https:\/\/apuntesdesanluis.com\/index.php\/wp-json\/wp\/v2\/media\/14059"}],"wp:attachment":[{"href":"https:\/\/apuntesdesanluis.com\/index.php\/wp-json\/wp\/v2\/media?parent=14058"}],"wp:term":[{"taxonomy":"category","embeddable":true,"href":"https:\/\/apuntesdesanluis.com\/index.php\/wp-json\/wp\/v2\/categories?post=14058"},{"taxonomy":"post_tag","embeddable":true,"href":"https:\/\/apuntesdesanluis.com\/index.php\/wp-json\/wp\/v2\/tags?post=14058"}],"curies":[{"name":"wp","href":"https:\/\/api.w.org\/{rel}","templated":true}]}}