{"id":14079,"date":"2024-04-03T17:19:47","date_gmt":"2024-04-03T20:19:47","guid":{"rendered":"https:\/\/apuntesdesanluis.com\/?p=14079"},"modified":"2024-04-03T17:19:47","modified_gmt":"2024-04-03T20:19:47","slug":"comienza-la-capacitacion-del-plan-provincial-de-alfabetizacion-inicial","status":"publish","type":"post","link":"https:\/\/apuntesdesanluis.com\/index.php\/2024\/04\/03\/comienza-la-capacitacion-del-plan-provincial-de-alfabetizacion-inicial\/","title":{"rendered":"COMIENZA LA CAPACITACI\u00d3N DEL PLAN PROVINCIAL DE ALFABETIZACI\u00d3N INICIAL"},"content":{"rendered":"<h3>M\u00e1s de 3.900 directivos y docentes de todo el territorio provincial se inscribieron para llevar adelante esta iniciativa enmarcada entre las pol\u00edticas educativas b\u00e1sicas que plantea el Gobierno para los pr\u00f3ximos cuatro a\u00f1os.<\/h3>\n<h3>Este jueves, a trav\u00e9s de la plataforma Meet, la doctora en Filosof\u00eda y Letras e investigadora del Conicet, <strong>Ana Mar\u00eda Borzone<\/strong>, brindar\u00e1 el primer encuentro sincr\u00f3nico de capacitaci\u00f3n, \u2018Queremos aprender\u2019, con los pasos a seguir.<\/h3>\n<h3>El Plan de Alfabetizaci\u00f3n promueve, en los ni\u00f1os, el aprendizaje de las habilidades y conocimientos necesarios para leer, comprender y escribir textos en un marco l\u00fadico y narrativo. Adem\u00e1s, forma parte de los tres objetivos principales de la cartera educativa, que apunta a mejorar los \u00edndices de alfabetizaci\u00f3n temprana en San Luis, luego de que estudios nacionales e internacionales demostraran bajos niveles de desempe\u00f1o lector en ni\u00f1os y ni\u00f1as al ingresar a la primaria.<\/h3>\n<h3>\u201cVamos a trabajar en conjunto para disponer de todo lo necesario y bajar este programa a las aulas de forma efectiva. Surgi\u00f3 de una necesidad de San Luis y de la Argentina toda de comenzar a disminuir el porcentaje de chicos que no alcanza los niveles satisfactorios de lectoescritura. Por eso vamos a atacar r\u00e1pidamente el problema implementando este plan, acompa\u00f1ando a los docentes sanluise\u00f1os en las aulas a trav\u00e9s de los referentes\u201d, explic\u00f3 el ministro de Educaci\u00f3n, Guillermo Araujo.<\/h3>\n<h3>El plan prev\u00e9 un proceso de diagn\u00f3stico inicial para abril, luego har\u00e1n entrega del material y continuar\u00e1n con un proceso de seguimiento en mayo. En noviembre, habr\u00e1 un diagn\u00f3stico final para sacar conclusiones y ofrecer un balance general.<\/h3>\n<h3>\u00bfC\u00f3mo acceder a la Capacitaci\u00f3n?<\/h3>\n<h3>La formaci\u00f3n comenzar\u00e1 a las 18:30 del jueves 4 de abril y se extender\u00e1 por una hora y media. Se transmitir\u00e1 por el canal de YouTube del ministerio de Educaci\u00f3n para que todos los interesados puedan visualizarlo correctamente.<\/h3>\n<h3>El link: <span style=\"color: #3366ff;\"><a style=\"color: #3366ff;\" href=\"https:\/\/www.youtube.com\/channel\/UCOqR4ktGi0bZVANdhFuxY3A\">https:\/\/www.youtube.com\/channel\/UCOqR4ktGi0bZVANdhFuxY3A<\/a><\/span><\/h3>\n<h3>La direcci\u00f3n de Innovaci\u00f3n y Planeamiento inform\u00f3 que cada jueves se realizar\u00e1n las capacitaciones en simult\u00e1neo seg\u00fan el nivel: Inicial sala de 5, 1\u00ba Ciclo y 2\u00ba Ciclo.<\/h3>\n<p>&nbsp;<\/p>\n<p>&nbsp;<\/p>\n<p>&nbsp;<\/p>\n","protected":false},"excerpt":{"rendered":"<p>M\u00e1s de 3.900 directivos y docentes de todo el territorio provincial se inscribieron para llevar&#8230;<\/p>\n","protected":false},"author":1,"featured_media":14080,"comment_status":"closed","ping_status":"closed","sticky":false,"template":"","format":"standard","meta":{"footnotes":""},"categories":[6],"tags":[],"class_list":["post-14079","post","type-post","status-publish","format-standard","has-post-thumbnail","hentry","category-ciudad-provincia"],"yoast_head":"<!-- This site is optimized with the Yoast SEO plugin v26.1.1 - https:\/\/yoast.com\/wordpress\/plugins\/seo\/ -->\n<title>COMIENZA LA CAPACITACI\u00d3N DEL PLAN PROVINCIAL DE ALFABETIZACI\u00d3N INICIAL - Apuntes de San Luis<\/title>\n<meta name=\"robots\" content=\"index, follow, max-snippet:-1, max-image-preview:large, max-video-preview:-1\" \/>\n<link rel=\"canonical\" href=\"https:\/\/apuntesdesanluis.com\/index.php\/2024\/04\/03\/comienza-la-capacitacion-del-plan-provincial-de-alfabetizacion-inicial\/\" \/>\n<meta property=\"og:locale\" content=\"es_ES\" \/>\n<meta property=\"og:type\" content=\"article\" \/>\n<meta property=\"og:title\" content=\"COMIENZA LA CAPACITACI\u00d3N DEL PLAN PROVINCIAL DE ALFABETIZACI\u00d3N INICIAL - Apuntes de San Luis\" \/>\n<meta property=\"og:description\" content=\"M\u00e1s de 3.900 directivos y docentes de todo el territorio provincial se inscribieron para llevar...\" \/>\n<meta property=\"og:url\" content=\"https:\/\/apuntesdesanluis.com\/index.php\/2024\/04\/03\/comienza-la-capacitacion-del-plan-provincial-de-alfabetizacion-inicial\/\" \/>\n<meta property=\"og:site_name\" content=\"Apuntes de San Luis\" \/>\n<meta property=\"article:published_time\" content=\"2024-04-03T20:19:47+00:00\" \/>\n<meta property=\"og:image\" content=\"https:\/\/apuntesdesanluis.com\/wp-content\/uploads\/2024\/04\/CAPACITACION.png\" \/>\n\t<meta property=\"og:image:width\" content=\"600\" \/>\n\t<meta property=\"og:image:height\" content=\"346\" \/>\n\t<meta property=\"og:image:type\" content=\"image\/png\" \/>\n<meta name=\"author\" content=\"apuntesdesanluis.com\" \/>\n<meta name=\"twitter:card\" content=\"summary_large_image\" \/>\n<meta name=\"twitter:label1\" content=\"Escrito por\" \/>\n\t<meta name=\"twitter:data1\" content=\"apuntesdesanluis.com\" \/>\n\t<meta name=\"twitter:label2\" content=\"Tiempo de lectura\" \/>\n\t<meta name=\"twitter:data2\" content=\"2 minutos\" \/>\n<script type=\"application\/ld+json\" class=\"yoast-schema-graph\">{\"@context\":\"https:\/\/schema.org\",\"@graph\":[{\"@type\":\"Article\",\"@id\":\"https:\/\/apuntesdesanluis.com\/index.php\/2024\/04\/03\/comienza-la-capacitacion-del-plan-provincial-de-alfabetizacion-inicial\/#article\",\"isPartOf\":{\"@id\":\"https:\/\/apuntesdesanluis.com\/index.php\/2024\/04\/03\/comienza-la-capacitacion-del-plan-provincial-de-alfabetizacion-inicial\/\"},\"author\":{\"name\":\"apuntesdesanluis.com\",\"@id\":\"https:\/\/apuntesdesanluis.com\/#\/schema\/person\/b55151d52296fcce64d1a72538a70b90\"},\"headline\":\"COMIENZA LA CAPACITACI\u00d3N DEL PLAN PROVINCIAL DE ALFABETIZACI\u00d3N INICIAL\",\"datePublished\":\"2024-04-03T20:19:47+00:00\",\"mainEntityOfPage\":{\"@id\":\"https:\/\/apuntesdesanluis.com\/index.php\/2024\/04\/03\/comienza-la-capacitacion-del-plan-provincial-de-alfabetizacion-inicial\/\"},\"wordCount\":386,\"publisher\":{\"@id\":\"https:\/\/apuntesdesanluis.com\/#\/schema\/person\/b55151d52296fcce64d1a72538a70b90\"},\"image\":{\"@id\":\"https:\/\/apuntesdesanluis.com\/index.php\/2024\/04\/03\/comienza-la-capacitacion-del-plan-provincial-de-alfabetizacion-inicial\/#primaryimage\"},\"thumbnailUrl\":\"https:\/\/apuntesdesanluis.com\/wp-content\/uploads\/2024\/04\/CAPACITACION.png\",\"articleSection\":[\"Ciudad\/Provincia\"],\"inLanguage\":\"es-AR\"},{\"@type\":\"WebPage\",\"@id\":\"https:\/\/apuntesdesanluis.com\/index.php\/2024\/04\/03\/comienza-la-capacitacion-del-plan-provincial-de-alfabetizacion-inicial\/\",\"url\":\"https:\/\/apuntesdesanluis.com\/index.php\/2024\/04\/03\/comienza-la-capacitacion-del-plan-provincial-de-alfabetizacion-inicial\/\",\"name\":\"COMIENZA LA CAPACITACI\u00d3N DEL PLAN PROVINCIAL DE ALFABETIZACI\u00d3N INICIAL - Apuntes de San Luis\",\"isPartOf\":{\"@id\":\"https:\/\/apuntesdesanluis.com\/#website\"},\"primaryImageOfPage\":{\"@id\":\"https:\/\/apuntesdesanluis.com\/index.php\/2024\/04\/03\/comienza-la-capacitacion-del-plan-provincial-de-alfabetizacion-inicial\/#primaryimage\"},\"image\":{\"@id\":\"https:\/\/apuntesdesanluis.com\/index.php\/2024\/04\/03\/comienza-la-capacitacion-del-plan-provincial-de-alfabetizacion-inicial\/#primaryimage\"},\"thumbnailUrl\":\"https:\/\/apuntesdesanluis.com\/wp-content\/uploads\/2024\/04\/CAPACITACION.png\",\"datePublished\":\"2024-04-03T20:19:47+00:00\",\"breadcrumb\":{\"@id\":\"https:\/\/apuntesdesanluis.com\/index.php\/2024\/04\/03\/comienza-la-capacitacion-del-plan-provincial-de-alfabetizacion-inicial\/#breadcrumb\"},\"inLanguage\":\"es-AR\",\"potentialAction\":[{\"@type\":\"ReadAction\",\"target\":[\"https:\/\/apuntesdesanluis.com\/index.php\/2024\/04\/03\/comienza-la-capacitacion-del-plan-provincial-de-alfabetizacion-inicial\/\"]}]},{\"@type\":\"ImageObject\",\"inLanguage\":\"es-AR\",\"@id\":\"https:\/\/apuntesdesanluis.com\/index.php\/2024\/04\/03\/comienza-la-capacitacion-del-plan-provincial-de-alfabetizacion-inicial\/#primaryimage\",\"url\":\"https:\/\/apuntesdesanluis.com\/wp-content\/uploads\/2024\/04\/CAPACITACION.png\",\"contentUrl\":\"https:\/\/apuntesdesanluis.com\/wp-content\/uploads\/2024\/04\/CAPACITACION.png\",\"width\":600,\"height\":346},{\"@type\":\"BreadcrumbList\",\"@id\":\"https:\/\/apuntesdesanluis.com\/index.php\/2024\/04\/03\/comienza-la-capacitacion-del-plan-provincial-de-alfabetizacion-inicial\/#breadcrumb\",\"itemListElement\":[{\"@type\":\"ListItem\",\"position\":1,\"name\":\"Inicio\",\"item\":\"https:\/\/apuntesdesanluis.com\/\"},{\"@type\":\"ListItem\",\"position\":2,\"name\":\"COMIENZA LA CAPACITACI\u00d3N DEL PLAN PROVINCIAL DE ALFABETIZACI\u00d3N INICIAL\"}]},{\"@type\":\"WebSite\",\"@id\":\"https:\/\/apuntesdesanluis.com\/#website\",\"url\":\"https:\/\/apuntesdesanluis.com\/\",\"name\":\"Apuntes de San Luis\",\"description\":\"\",\"publisher\":{\"@id\":\"https:\/\/apuntesdesanluis.com\/#\/schema\/person\/b55151d52296fcce64d1a72538a70b90\"},\"potentialAction\":[{\"@type\":\"SearchAction\",\"target\":{\"@type\":\"EntryPoint\",\"urlTemplate\":\"https:\/\/apuntesdesanluis.com\/?s={search_term_string}\"},\"query-input\":{\"@type\":\"PropertyValueSpecification\",\"valueRequired\":true,\"valueName\":\"search_term_string\"}}],\"inLanguage\":\"es-AR\"},{\"@type\":[\"Person\",\"Organization\"],\"@id\":\"https:\/\/apuntesdesanluis.com\/#\/schema\/person\/b55151d52296fcce64d1a72538a70b90\",\"name\":\"apuntesdesanluis.com\",\"image\":{\"@type\":\"ImageObject\",\"inLanguage\":\"es-AR\",\"@id\":\"https:\/\/apuntesdesanluis.com\/#\/schema\/person\/image\/\",\"url\":\"https:\/\/apuntesdesanluis.com\/wp-content\/uploads\/2023\/07\/cropped-apuntesdesanluis.png\",\"contentUrl\":\"https:\/\/apuntesdesanluis.com\/wp-content\/uploads\/2023\/07\/cropped-apuntesdesanluis.png\",\"width\":450,\"height\":112,\"caption\":\"apuntesdesanluis.com\"},\"logo\":{\"@id\":\"https:\/\/apuntesdesanluis.com\/#\/schema\/person\/image\/\"},\"sameAs\":[\"https:\/\/apuntesdesanluis.com\"],\"url\":\"https:\/\/apuntesdesanluis.com\/index.php\/author\/apuntesdesanluis-com\/\"}]}<\/script>\n<!-- \/ Yoast SEO plugin. -->","yoast_head_json":{"title":"COMIENZA LA CAPACITACI\u00d3N DEL PLAN PROVINCIAL DE ALFABETIZACI\u00d3N INICIAL - Apuntes de San Luis","robots":{"index":"index","follow":"follow","max-snippet":"max-snippet:-1","max-image-preview":"max-image-preview:large","max-video-preview":"max-video-preview:-1"},"canonical":"https:\/\/apuntesdesanluis.com\/index.php\/2024\/04\/03\/comienza-la-capacitacion-del-plan-provincial-de-alfabetizacion-inicial\/","og_locale":"es_ES","og_type":"article","og_title":"COMIENZA LA CAPACITACI\u00d3N DEL PLAN PROVINCIAL DE ALFABETIZACI\u00d3N INICIAL - Apuntes de San Luis","og_description":"M\u00e1s de 3.900 directivos y docentes de todo el territorio provincial se inscribieron para llevar...","og_url":"https:\/\/apuntesdesanluis.com\/index.php\/2024\/04\/03\/comienza-la-capacitacion-del-plan-provincial-de-alfabetizacion-inicial\/","og_site_name":"Apuntes de San Luis","article_published_time":"2024-04-03T20:19:47+00:00","og_image":[{"width":600,"height":346,"url":"https:\/\/apuntesdesanluis.com\/wp-content\/uploads\/2024\/04\/CAPACITACION.png","type":"image\/png"}],"author":"apuntesdesanluis.com","twitter_card":"summary_large_image","twitter_misc":{"Escrito por":"apuntesdesanluis.com","Tiempo de lectura":"2 minutos"},"schema":{"@context":"https:\/\/schema.org","@graph":[{"@type":"Article","@id":"https:\/\/apuntesdesanluis.com\/index.php\/2024\/04\/03\/comienza-la-capacitacion-del-plan-provincial-de-alfabetizacion-inicial\/#article","isPartOf":{"@id":"https:\/\/apuntesdesanluis.com\/index.php\/2024\/04\/03\/comienza-la-capacitacion-del-plan-provincial-de-alfabetizacion-inicial\/"},"author":{"name":"apuntesdesanluis.com","@id":"https:\/\/apuntesdesanluis.com\/#\/schema\/person\/b55151d52296fcce64d1a72538a70b90"},"headline":"COMIENZA LA CAPACITACI\u00d3N DEL PLAN PROVINCIAL DE ALFABETIZACI\u00d3N INICIAL","datePublished":"2024-04-03T20:19:47+00:00","mainEntityOfPage":{"@id":"https:\/\/apuntesdesanluis.com\/index.php\/2024\/04\/03\/comienza-la-capacitacion-del-plan-provincial-de-alfabetizacion-inicial\/"},"wordCount":386,"publisher":{"@id":"https:\/\/apuntesdesanluis.com\/#\/schema\/person\/b55151d52296fcce64d1a72538a70b90"},"image":{"@id":"https:\/\/apuntesdesanluis.com\/index.php\/2024\/04\/03\/comienza-la-capacitacion-del-plan-provincial-de-alfabetizacion-inicial\/#primaryimage"},"thumbnailUrl":"https:\/\/apuntesdesanluis.com\/wp-content\/uploads\/2024\/04\/CAPACITACION.png","articleSection":["Ciudad\/Provincia"],"inLanguage":"es-AR"},{"@type":"WebPage","@id":"https:\/\/apuntesdesanluis.com\/index.php\/2024\/04\/03\/comienza-la-capacitacion-del-plan-provincial-de-alfabetizacion-inicial\/","url":"https:\/\/apuntesdesanluis.com\/index.php\/2024\/04\/03\/comienza-la-capacitacion-del-plan-provincial-de-alfabetizacion-inicial\/","name":"COMIENZA LA CAPACITACI\u00d3N DEL PLAN PROVINCIAL DE ALFABETIZACI\u00d3N INICIAL - Apuntes de San Luis","isPartOf":{"@id":"https:\/\/apuntesdesanluis.com\/#website"},"primaryImageOfPage":{"@id":"https:\/\/apuntesdesanluis.com\/index.php\/2024\/04\/03\/comienza-la-capacitacion-del-plan-provincial-de-alfabetizacion-inicial\/#primaryimage"},"image":{"@id":"https:\/\/apuntesdesanluis.com\/index.php\/2024\/04\/03\/comienza-la-capacitacion-del-plan-provincial-de-alfabetizacion-inicial\/#primaryimage"},"thumbnailUrl":"https:\/\/apuntesdesanluis.com\/wp-content\/uploads\/2024\/04\/CAPACITACION.png","datePublished":"2024-04-03T20:19:47+00:00","breadcrumb":{"@id":"https:\/\/apuntesdesanluis.com\/index.php\/2024\/04\/03\/comienza-la-capacitacion-del-plan-provincial-de-alfabetizacion-inicial\/#breadcrumb"},"inLanguage":"es-AR","potentialAction":[{"@type":"ReadAction","target":["https:\/\/apuntesdesanluis.com\/index.php\/2024\/04\/03\/comienza-la-capacitacion-del-plan-provincial-de-alfabetizacion-inicial\/"]}]},{"@type":"ImageObject","inLanguage":"es-AR","@id":"https:\/\/apuntesdesanluis.com\/index.php\/2024\/04\/03\/comienza-la-capacitacion-del-plan-provincial-de-alfabetizacion-inicial\/#primaryimage","url":"https:\/\/apuntesdesanluis.com\/wp-content\/uploads\/2024\/04\/CAPACITACION.png","contentUrl":"https:\/\/apuntesdesanluis.com\/wp-content\/uploads\/2024\/04\/CAPACITACION.png","width":600,"height":346},{"@type":"BreadcrumbList","@id":"https:\/\/apuntesdesanluis.com\/index.php\/2024\/04\/03\/comienza-la-capacitacion-del-plan-provincial-de-alfabetizacion-inicial\/#breadcrumb","itemListElement":[{"@type":"ListItem","position":1,"name":"Inicio","item":"https:\/\/apuntesdesanluis.com\/"},{"@type":"ListItem","position":2,"name":"COMIENZA LA CAPACITACI\u00d3N DEL PLAN PROVINCIAL DE ALFABETIZACI\u00d3N INICIAL"}]},{"@type":"WebSite","@id":"https:\/\/apuntesdesanluis.com\/#website","url":"https:\/\/apuntesdesanluis.com\/","name":"Apuntes de San Luis","description":"","publisher":{"@id":"https:\/\/apuntesdesanluis.com\/#\/schema\/person\/b55151d52296fcce64d1a72538a70b90"},"potentialAction":[{"@type":"SearchAction","target":{"@type":"EntryPoint","urlTemplate":"https:\/\/apuntesdesanluis.com\/?s={search_term_string}"},"query-input":{"@type":"PropertyValueSpecification","valueRequired":true,"valueName":"search_term_string"}}],"inLanguage":"es-AR"},{"@type":["Person","Organization"],"@id":"https:\/\/apuntesdesanluis.com\/#\/schema\/person\/b55151d52296fcce64d1a72538a70b90","name":"apuntesdesanluis.com","image":{"@type":"ImageObject","inLanguage":"es-AR","@id":"https:\/\/apuntesdesanluis.com\/#\/schema\/person\/image\/","url":"https:\/\/apuntesdesanluis.com\/wp-content\/uploads\/2023\/07\/cropped-apuntesdesanluis.png","contentUrl":"https:\/\/apuntesdesanluis.com\/wp-content\/uploads\/2023\/07\/cropped-apuntesdesanluis.png","width":450,"height":112,"caption":"apuntesdesanluis.com"},"logo":{"@id":"https:\/\/apuntesdesanluis.com\/#\/schema\/person\/image\/"},"sameAs":["https:\/\/apuntesdesanluis.com"],"url":"https:\/\/apuntesdesanluis.com\/index.php\/author\/apuntesdesanluis-com\/"}]}},"featured_image_urls":{"full":["https:\/\/apuntesdesanluis.com\/wp-content\/uploads\/2024\/04\/CAPACITACION.png",600,346,false],"thumbnail":["https:\/\/apuntesdesanluis.com\/wp-content\/uploads\/2024\/04\/CAPACITACION-150x150.png",150,150,true],"medium":["https:\/\/apuntesdesanluis.com\/wp-content\/uploads\/2024\/04\/CAPACITACION-300x173.png",300,173,true],"medium_large":["https:\/\/apuntesdesanluis.com\/wp-content\/uploads\/2024\/04\/CAPACITACION.png",600,346,false],"large":["https:\/\/apuntesdesanluis.com\/wp-content\/uploads\/2024\/04\/CAPACITACION.png",600,346,false],"1536x1536":["https:\/\/apuntesdesanluis.com\/wp-content\/uploads\/2024\/04\/CAPACITACION.png",600,346,false],"2048x2048":["https:\/\/apuntesdesanluis.com\/wp-content\/uploads\/2024\/04\/CAPACITACION.png",600,346,false],"newsever-slider-full":["https:\/\/apuntesdesanluis.com\/wp-content\/uploads\/2024\/04\/CAPACITACION.png",600,346,false],"newsever-featured":["https:\/\/apuntesdesanluis.com\/wp-content\/uploads\/2024\/04\/CAPACITACION.png",600,346,false],"newsever-medium":["https:\/\/apuntesdesanluis.com\/wp-content\/uploads\/2024\/04\/CAPACITACION.png",600,346,false]},"author_info":{"display_name":"apuntesdesanluis.com","author_link":"https:\/\/apuntesdesanluis.com\/index.php\/author\/apuntesdesanluis-com\/"},"category_info":"<a href=\"https:\/\/apuntesdesanluis.com\/index.php\/category\/ciudad-provincia\/\" rel=\"category tag\">Ciudad\/Provincia<\/a>","tag_info":"Ciudad\/Provincia","comment_count":"0","_links":{"self":[{"href":"https:\/\/apuntesdesanluis.com\/index.php\/wp-json\/wp\/v2\/posts\/14079","targetHints":{"allow":["GET"]}}],"collection":[{"href":"https:\/\/apuntesdesanluis.com\/index.php\/wp-json\/wp\/v2\/posts"}],"about":[{"href":"https:\/\/apuntesdesanluis.com\/index.php\/wp-json\/wp\/v2\/types\/post"}],"author":[{"embeddable":true,"href":"https:\/\/apuntesdesanluis.com\/index.php\/wp-json\/wp\/v2\/users\/1"}],"replies":[{"embeddable":true,"href":"https:\/\/apuntesdesanluis.com\/index.php\/wp-json\/wp\/v2\/comments?post=14079"}],"version-history":[{"count":1,"href":"https:\/\/apuntesdesanluis.com\/index.php\/wp-json\/wp\/v2\/posts\/14079\/revisions"}],"predecessor-version":[{"id":14081,"href":"https:\/\/apuntesdesanluis.com\/index.php\/wp-json\/wp\/v2\/posts\/14079\/revisions\/14081"}],"wp:featuredmedia":[{"embeddable":true,"href":"https:\/\/apuntesdesanluis.com\/index.php\/wp-json\/wp\/v2\/media\/14080"}],"wp:attachment":[{"href":"https:\/\/apuntesdesanluis.com\/index.php\/wp-json\/wp\/v2\/media?parent=14079"}],"wp:term":[{"taxonomy":"category","embeddable":true,"href":"https:\/\/apuntesdesanluis.com\/index.php\/wp-json\/wp\/v2\/categories?post=14079"},{"taxonomy":"post_tag","embeddable":true,"href":"https:\/\/apuntesdesanluis.com\/index.php\/wp-json\/wp\/v2\/tags?post=14079"}],"curies":[{"name":"wp","href":"https:\/\/api.w.org\/{rel}","templated":true}]}}