{"id":1408,"date":"2023-08-10T10:15:18","date_gmt":"2023-08-10T13:15:18","guid":{"rendered":"https:\/\/apuntesdesanluis.com\/?p=1408"},"modified":"2023-08-10T10:19:25","modified_gmt":"2023-08-10T13:19:25","slug":"nuevo-reves-judicial-confirman-la-condena-de-6-anos-de-prision-al-ex-ministro-freixes-y-a-mario-zavala","status":"publish","type":"post","link":"https:\/\/apuntesdesanluis.com\/index.php\/2023\/08\/10\/nuevo-reves-judicial-confirman-la-condena-de-6-anos-de-prision-al-ex-ministro-freixes-y-a-mario-zavala\/","title":{"rendered":"OTRO REV\u00c9S JUDICIAL: CONFIRMAN CONDENA DE 6 A\u00d1OS DE PRISI\u00d3N A FREIXES Y ZAVALA"},"content":{"rendered":"<h3>La causa por la renuncia anticipada de los jueces en nuestra provincia, que involucr\u00f3 a <strong>Sergio Freixes<\/strong> y <strong>Mario Zavala<\/strong> escribi\u00f3 un nuevo cap\u00edtulo en el \u00e1mbito judicial. Se trata de uno de los mayores esc\u00e1ndalos institucionales que se produjo en nuestra provincia, que se destap\u00f3 al conocerse la pr\u00e1ctica a la que eran sometidos los magistrados como condici\u00f3n para poder jurar el cargo.<\/h3>\n<h3>Ayer mi\u00e9rcoles la C\u00e1mara Federal de Casaci\u00f3n Penal confirm\u00f3 la condena de 6 a\u00f1os para Sergio Freixes y Mario Zavala, por los delitos de amenazas coactivas y amenazas agravadas contra de la ex jueza <strong>Marina Ziliotto<\/strong> en los a\u00f1os 2004 y 2005, cuando se desempe\u00f1aban como ministro y viceministro de la Legalidad, respectivamente.<\/h3>\n<h3>En el fallo de la C\u00e1mara de Casaci\u00f3n Penal se rechazaron por mayor\u00eda los recursos de casaci\u00f3n interpuestos por Freixes y Zavala. A los ex funcionarios les queda solamente la instancia de la Corte Suprema para revertir las condenas, pero es muy poco probable que suceda.<\/h3>\n<h3>En julio de 2019, la C\u00e1mara de Casaci\u00f3n Penal ratific\u00f3 la condena que el Tribunal Oral en lo Criminal Federal de San Luis dict\u00f3 el 1\u00b0 de noviembre de 2018 y la ampli\u00f3 de 5 a 6 a\u00f1os de prisi\u00f3n. El Tribunal de San Luis conden\u00f3 a Freixes y Zavala por coacci\u00f3n agravada, pero los absolvi\u00f3 en el caso de las amenazas. La C\u00e1mara los consider\u00f3 culpables de las amenazas.<\/h3>\n<h3>El esc\u00e1ndalo tuvo su origen en una modificaci\u00f3n en la Ley Org\u00e1nica de Administraci\u00f3n Judicial, en 2004, la cual determin\u00f3 que el proceso de selecci\u00f3n de jueces quedaba bajo responsabilidad del \u201cMinisterio de la Legalidad\u201d, a cargo entonces de Sergio Gustavo Freixes y Edgar Mario Zavala. La ingenier\u00eda que se estableci\u00f3 les habr\u00eda permitido a estos funcionarios, desde su posici\u00f3n, condicionar la designaci\u00f3n de cargos de la magistratura provincial a que los aspirantes dejasen firmada su renuncia en blanco, la cual quedaba a disposici\u00f3n del gobernador de la Provincia de San Luis.<\/h3>\n<p><strong><a href=\"https:\/\/apuntesdesanluis.com\/wp-content\/uploads\/2023\/08\/SENTENCIA-CAMARA-CASACION.pdf\">SENTENCIA C\u00c1MARA CASACI\u00d3N<\/a><\/strong><\/p>\n<p>&nbsp;<\/p>\n<p>&nbsp;<\/p>\n<p>&nbsp;<\/p>\n","protected":false},"excerpt":{"rendered":"<p>La causa por la renuncia anticipada de los jueces en nuestra provincia, que involucr\u00f3 a&#8230;<\/p>\n","protected":false},"author":1,"featured_media":1409,"comment_status":"closed","ping_status":"closed","sticky":false,"template":"","format":"standard","meta":{"footnotes":""},"categories":[6],"tags":[],"class_list":["post-1408","post","type-post","status-publish","format-standard","has-post-thumbnail","hentry","category-ciudad-provincia"],"yoast_head":"<!-- This site is optimized with the Yoast SEO plugin v26.1.1 - https:\/\/yoast.com\/wordpress\/plugins\/seo\/ -->\n<title>OTRO REV\u00c9S JUDICIAL: CONFIRMAN CONDENA DE 6 A\u00d1OS DE PRISI\u00d3N A FREIXES Y ZAVALA - Apuntes de San Luis<\/title>\n<meta name=\"robots\" content=\"index, follow, max-snippet:-1, max-image-preview:large, max-video-preview:-1\" \/>\n<link rel=\"canonical\" href=\"https:\/\/apuntesdesanluis.com\/index.php\/2023\/08\/10\/nuevo-reves-judicial-confirman-la-condena-de-6-anos-de-prision-al-ex-ministro-freixes-y-a-mario-zavala\/\" \/>\n<meta property=\"og:locale\" content=\"es_ES\" \/>\n<meta property=\"og:type\" content=\"article\" \/>\n<meta property=\"og:title\" content=\"OTRO REV\u00c9S JUDICIAL: CONFIRMAN CONDENA DE 6 A\u00d1OS DE PRISI\u00d3N A FREIXES Y ZAVALA - Apuntes de San Luis\" \/>\n<meta property=\"og:description\" content=\"La causa por la renuncia anticipada de los jueces en nuestra provincia, que involucr\u00f3 a...\" \/>\n<meta property=\"og:url\" content=\"https:\/\/apuntesdesanluis.com\/index.php\/2023\/08\/10\/nuevo-reves-judicial-confirman-la-condena-de-6-anos-de-prision-al-ex-ministro-freixes-y-a-mario-zavala\/\" \/>\n<meta property=\"og:site_name\" content=\"Apuntes de San Luis\" \/>\n<meta property=\"article:published_time\" content=\"2023-08-10T13:15:18+00:00\" \/>\n<meta property=\"article:modified_time\" content=\"2023-08-10T13:19:25+00:00\" \/>\n<meta property=\"og:image\" content=\"https:\/\/apuntesdesanluis.com\/wp-content\/uploads\/2023\/08\/freixes-zavala.png\" \/>\n\t<meta property=\"og:image:width\" content=\"575\" \/>\n\t<meta property=\"og:image:height\" content=\"347\" \/>\n\t<meta property=\"og:image:type\" content=\"image\/png\" \/>\n<meta name=\"author\" content=\"apuntesdesanluis.com\" \/>\n<meta name=\"twitter:card\" content=\"summary_large_image\" \/>\n<meta name=\"twitter:label1\" content=\"Escrito por\" \/>\n\t<meta name=\"twitter:data1\" content=\"apuntesdesanluis.com\" \/>\n\t<meta name=\"twitter:label2\" content=\"Tiempo de lectura\" \/>\n\t<meta name=\"twitter:data2\" content=\"2 minutos\" \/>\n<script type=\"application\/ld+json\" class=\"yoast-schema-graph\">{\"@context\":\"https:\/\/schema.org\",\"@graph\":[{\"@type\":\"Article\",\"@id\":\"https:\/\/apuntesdesanluis.com\/index.php\/2023\/08\/10\/nuevo-reves-judicial-confirman-la-condena-de-6-anos-de-prision-al-ex-ministro-freixes-y-a-mario-zavala\/#article\",\"isPartOf\":{\"@id\":\"https:\/\/apuntesdesanluis.com\/index.php\/2023\/08\/10\/nuevo-reves-judicial-confirman-la-condena-de-6-anos-de-prision-al-ex-ministro-freixes-y-a-mario-zavala\/\"},\"author\":{\"name\":\"apuntesdesanluis.com\",\"@id\":\"https:\/\/apuntesdesanluis.com\/#\/schema\/person\/b55151d52296fcce64d1a72538a70b90\"},\"headline\":\"OTRO REV\u00c9S JUDICIAL: CONFIRMAN CONDENA DE 6 A\u00d1OS DE PRISI\u00d3N A FREIXES Y ZAVALA\",\"datePublished\":\"2023-08-10T13:15:18+00:00\",\"dateModified\":\"2023-08-10T13:19:25+00:00\",\"mainEntityOfPage\":{\"@id\":\"https:\/\/apuntesdesanluis.com\/index.php\/2023\/08\/10\/nuevo-reves-judicial-confirman-la-condena-de-6-anos-de-prision-al-ex-ministro-freixes-y-a-mario-zavala\/\"},\"wordCount\":370,\"publisher\":{\"@id\":\"https:\/\/apuntesdesanluis.com\/#\/schema\/person\/b55151d52296fcce64d1a72538a70b90\"},\"image\":{\"@id\":\"https:\/\/apuntesdesanluis.com\/index.php\/2023\/08\/10\/nuevo-reves-judicial-confirman-la-condena-de-6-anos-de-prision-al-ex-ministro-freixes-y-a-mario-zavala\/#primaryimage\"},\"thumbnailUrl\":\"https:\/\/apuntesdesanluis.com\/wp-content\/uploads\/2023\/08\/freixes-zavala.png\",\"articleSection\":[\"Ciudad\/Provincia\"],\"inLanguage\":\"es-AR\"},{\"@type\":\"WebPage\",\"@id\":\"https:\/\/apuntesdesanluis.com\/index.php\/2023\/08\/10\/nuevo-reves-judicial-confirman-la-condena-de-6-anos-de-prision-al-ex-ministro-freixes-y-a-mario-zavala\/\",\"url\":\"https:\/\/apuntesdesanluis.com\/index.php\/2023\/08\/10\/nuevo-reves-judicial-confirman-la-condena-de-6-anos-de-prision-al-ex-ministro-freixes-y-a-mario-zavala\/\",\"name\":\"OTRO REV\u00c9S JUDICIAL: CONFIRMAN CONDENA DE 6 A\u00d1OS DE PRISI\u00d3N A FREIXES Y ZAVALA - Apuntes de San Luis\",\"isPartOf\":{\"@id\":\"https:\/\/apuntesdesanluis.com\/#website\"},\"primaryImageOfPage\":{\"@id\":\"https:\/\/apuntesdesanluis.com\/index.php\/2023\/08\/10\/nuevo-reves-judicial-confirman-la-condena-de-6-anos-de-prision-al-ex-ministro-freixes-y-a-mario-zavala\/#primaryimage\"},\"image\":{\"@id\":\"https:\/\/apuntesdesanluis.com\/index.php\/2023\/08\/10\/nuevo-reves-judicial-confirman-la-condena-de-6-anos-de-prision-al-ex-ministro-freixes-y-a-mario-zavala\/#primaryimage\"},\"thumbnailUrl\":\"https:\/\/apuntesdesanluis.com\/wp-content\/uploads\/2023\/08\/freixes-zavala.png\",\"datePublished\":\"2023-08-10T13:15:18+00:00\",\"dateModified\":\"2023-08-10T13:19:25+00:00\",\"breadcrumb\":{\"@id\":\"https:\/\/apuntesdesanluis.com\/index.php\/2023\/08\/10\/nuevo-reves-judicial-confirman-la-condena-de-6-anos-de-prision-al-ex-ministro-freixes-y-a-mario-zavala\/#breadcrumb\"},\"inLanguage\":\"es-AR\",\"potentialAction\":[{\"@type\":\"ReadAction\",\"target\":[\"https:\/\/apuntesdesanluis.com\/index.php\/2023\/08\/10\/nuevo-reves-judicial-confirman-la-condena-de-6-anos-de-prision-al-ex-ministro-freixes-y-a-mario-zavala\/\"]}]},{\"@type\":\"ImageObject\",\"inLanguage\":\"es-AR\",\"@id\":\"https:\/\/apuntesdesanluis.com\/index.php\/2023\/08\/10\/nuevo-reves-judicial-confirman-la-condena-de-6-anos-de-prision-al-ex-ministro-freixes-y-a-mario-zavala\/#primaryimage\",\"url\":\"https:\/\/apuntesdesanluis.com\/wp-content\/uploads\/2023\/08\/freixes-zavala.png\",\"contentUrl\":\"https:\/\/apuntesdesanluis.com\/wp-content\/uploads\/2023\/08\/freixes-zavala.png\",\"width\":575,\"height\":347},{\"@type\":\"BreadcrumbList\",\"@id\":\"https:\/\/apuntesdesanluis.com\/index.php\/2023\/08\/10\/nuevo-reves-judicial-confirman-la-condena-de-6-anos-de-prision-al-ex-ministro-freixes-y-a-mario-zavala\/#breadcrumb\",\"itemListElement\":[{\"@type\":\"ListItem\",\"position\":1,\"name\":\"Inicio\",\"item\":\"https:\/\/apuntesdesanluis.com\/\"},{\"@type\":\"ListItem\",\"position\":2,\"name\":\"OTRO REV\u00c9S JUDICIAL: CONFIRMAN CONDENA DE 6 A\u00d1OS DE PRISI\u00d3N A FREIXES Y ZAVALA\"}]},{\"@type\":\"WebSite\",\"@id\":\"https:\/\/apuntesdesanluis.com\/#website\",\"url\":\"https:\/\/apuntesdesanluis.com\/\",\"name\":\"Apuntes de San Luis\",\"description\":\"\",\"publisher\":{\"@id\":\"https:\/\/apuntesdesanluis.com\/#\/schema\/person\/b55151d52296fcce64d1a72538a70b90\"},\"potentialAction\":[{\"@type\":\"SearchAction\",\"target\":{\"@type\":\"EntryPoint\",\"urlTemplate\":\"https:\/\/apuntesdesanluis.com\/?s={search_term_string}\"},\"query-input\":{\"@type\":\"PropertyValueSpecification\",\"valueRequired\":true,\"valueName\":\"search_term_string\"}}],\"inLanguage\":\"es-AR\"},{\"@type\":[\"Person\",\"Organization\"],\"@id\":\"https:\/\/apuntesdesanluis.com\/#\/schema\/person\/b55151d52296fcce64d1a72538a70b90\",\"name\":\"apuntesdesanluis.com\",\"image\":{\"@type\":\"ImageObject\",\"inLanguage\":\"es-AR\",\"@id\":\"https:\/\/apuntesdesanluis.com\/#\/schema\/person\/image\/\",\"url\":\"https:\/\/apuntesdesanluis.com\/wp-content\/uploads\/2023\/07\/cropped-apuntesdesanluis.png\",\"contentUrl\":\"https:\/\/apuntesdesanluis.com\/wp-content\/uploads\/2023\/07\/cropped-apuntesdesanluis.png\",\"width\":450,\"height\":112,\"caption\":\"apuntesdesanluis.com\"},\"logo\":{\"@id\":\"https:\/\/apuntesdesanluis.com\/#\/schema\/person\/image\/\"},\"sameAs\":[\"https:\/\/apuntesdesanluis.com\"],\"url\":\"https:\/\/apuntesdesanluis.com\/index.php\/author\/apuntesdesanluis-com\/\"}]}<\/script>\n<!-- \/ Yoast SEO plugin. -->","yoast_head_json":{"title":"OTRO REV\u00c9S JUDICIAL: CONFIRMAN CONDENA DE 6 A\u00d1OS DE PRISI\u00d3N A FREIXES Y ZAVALA - Apuntes de San Luis","robots":{"index":"index","follow":"follow","max-snippet":"max-snippet:-1","max-image-preview":"max-image-preview:large","max-video-preview":"max-video-preview:-1"},"canonical":"https:\/\/apuntesdesanluis.com\/index.php\/2023\/08\/10\/nuevo-reves-judicial-confirman-la-condena-de-6-anos-de-prision-al-ex-ministro-freixes-y-a-mario-zavala\/","og_locale":"es_ES","og_type":"article","og_title":"OTRO REV\u00c9S JUDICIAL: CONFIRMAN CONDENA DE 6 A\u00d1OS DE PRISI\u00d3N A FREIXES Y ZAVALA - Apuntes de San Luis","og_description":"La causa por la renuncia anticipada de los jueces en nuestra provincia, que involucr\u00f3 a...","og_url":"https:\/\/apuntesdesanluis.com\/index.php\/2023\/08\/10\/nuevo-reves-judicial-confirman-la-condena-de-6-anos-de-prision-al-ex-ministro-freixes-y-a-mario-zavala\/","og_site_name":"Apuntes de San Luis","article_published_time":"2023-08-10T13:15:18+00:00","article_modified_time":"2023-08-10T13:19:25+00:00","og_image":[{"width":575,"height":347,"url":"https:\/\/apuntesdesanluis.com\/wp-content\/uploads\/2023\/08\/freixes-zavala.png","type":"image\/png"}],"author":"apuntesdesanluis.com","twitter_card":"summary_large_image","twitter_misc":{"Escrito por":"apuntesdesanluis.com","Tiempo de lectura":"2 minutos"},"schema":{"@context":"https:\/\/schema.org","@graph":[{"@type":"Article","@id":"https:\/\/apuntesdesanluis.com\/index.php\/2023\/08\/10\/nuevo-reves-judicial-confirman-la-condena-de-6-anos-de-prision-al-ex-ministro-freixes-y-a-mario-zavala\/#article","isPartOf":{"@id":"https:\/\/apuntesdesanluis.com\/index.php\/2023\/08\/10\/nuevo-reves-judicial-confirman-la-condena-de-6-anos-de-prision-al-ex-ministro-freixes-y-a-mario-zavala\/"},"author":{"name":"apuntesdesanluis.com","@id":"https:\/\/apuntesdesanluis.com\/#\/schema\/person\/b55151d52296fcce64d1a72538a70b90"},"headline":"OTRO REV\u00c9S JUDICIAL: CONFIRMAN CONDENA DE 6 A\u00d1OS DE PRISI\u00d3N A FREIXES Y ZAVALA","datePublished":"2023-08-10T13:15:18+00:00","dateModified":"2023-08-10T13:19:25+00:00","mainEntityOfPage":{"@id":"https:\/\/apuntesdesanluis.com\/index.php\/2023\/08\/10\/nuevo-reves-judicial-confirman-la-condena-de-6-anos-de-prision-al-ex-ministro-freixes-y-a-mario-zavala\/"},"wordCount":370,"publisher":{"@id":"https:\/\/apuntesdesanluis.com\/#\/schema\/person\/b55151d52296fcce64d1a72538a70b90"},"image":{"@id":"https:\/\/apuntesdesanluis.com\/index.php\/2023\/08\/10\/nuevo-reves-judicial-confirman-la-condena-de-6-anos-de-prision-al-ex-ministro-freixes-y-a-mario-zavala\/#primaryimage"},"thumbnailUrl":"https:\/\/apuntesdesanluis.com\/wp-content\/uploads\/2023\/08\/freixes-zavala.png","articleSection":["Ciudad\/Provincia"],"inLanguage":"es-AR"},{"@type":"WebPage","@id":"https:\/\/apuntesdesanluis.com\/index.php\/2023\/08\/10\/nuevo-reves-judicial-confirman-la-condena-de-6-anos-de-prision-al-ex-ministro-freixes-y-a-mario-zavala\/","url":"https:\/\/apuntesdesanluis.com\/index.php\/2023\/08\/10\/nuevo-reves-judicial-confirman-la-condena-de-6-anos-de-prision-al-ex-ministro-freixes-y-a-mario-zavala\/","name":"OTRO REV\u00c9S JUDICIAL: CONFIRMAN CONDENA DE 6 A\u00d1OS DE PRISI\u00d3N A FREIXES Y ZAVALA - Apuntes de San Luis","isPartOf":{"@id":"https:\/\/apuntesdesanluis.com\/#website"},"primaryImageOfPage":{"@id":"https:\/\/apuntesdesanluis.com\/index.php\/2023\/08\/10\/nuevo-reves-judicial-confirman-la-condena-de-6-anos-de-prision-al-ex-ministro-freixes-y-a-mario-zavala\/#primaryimage"},"image":{"@id":"https:\/\/apuntesdesanluis.com\/index.php\/2023\/08\/10\/nuevo-reves-judicial-confirman-la-condena-de-6-anos-de-prision-al-ex-ministro-freixes-y-a-mario-zavala\/#primaryimage"},"thumbnailUrl":"https:\/\/apuntesdesanluis.com\/wp-content\/uploads\/2023\/08\/freixes-zavala.png","datePublished":"2023-08-10T13:15:18+00:00","dateModified":"2023-08-10T13:19:25+00:00","breadcrumb":{"@id":"https:\/\/apuntesdesanluis.com\/index.php\/2023\/08\/10\/nuevo-reves-judicial-confirman-la-condena-de-6-anos-de-prision-al-ex-ministro-freixes-y-a-mario-zavala\/#breadcrumb"},"inLanguage":"es-AR","potentialAction":[{"@type":"ReadAction","target":["https:\/\/apuntesdesanluis.com\/index.php\/2023\/08\/10\/nuevo-reves-judicial-confirman-la-condena-de-6-anos-de-prision-al-ex-ministro-freixes-y-a-mario-zavala\/"]}]},{"@type":"ImageObject","inLanguage":"es-AR","@id":"https:\/\/apuntesdesanluis.com\/index.php\/2023\/08\/10\/nuevo-reves-judicial-confirman-la-condena-de-6-anos-de-prision-al-ex-ministro-freixes-y-a-mario-zavala\/#primaryimage","url":"https:\/\/apuntesdesanluis.com\/wp-content\/uploads\/2023\/08\/freixes-zavala.png","contentUrl":"https:\/\/apuntesdesanluis.com\/wp-content\/uploads\/2023\/08\/freixes-zavala.png","width":575,"height":347},{"@type":"BreadcrumbList","@id":"https:\/\/apuntesdesanluis.com\/index.php\/2023\/08\/10\/nuevo-reves-judicial-confirman-la-condena-de-6-anos-de-prision-al-ex-ministro-freixes-y-a-mario-zavala\/#breadcrumb","itemListElement":[{"@type":"ListItem","position":1,"name":"Inicio","item":"https:\/\/apuntesdesanluis.com\/"},{"@type":"ListItem","position":2,"name":"OTRO REV\u00c9S JUDICIAL: CONFIRMAN CONDENA DE 6 A\u00d1OS DE PRISI\u00d3N A FREIXES Y ZAVALA"}]},{"@type":"WebSite","@id":"https:\/\/apuntesdesanluis.com\/#website","url":"https:\/\/apuntesdesanluis.com\/","name":"Apuntes de San Luis","description":"","publisher":{"@id":"https:\/\/apuntesdesanluis.com\/#\/schema\/person\/b55151d52296fcce64d1a72538a70b90"},"potentialAction":[{"@type":"SearchAction","target":{"@type":"EntryPoint","urlTemplate":"https:\/\/apuntesdesanluis.com\/?s={search_term_string}"},"query-input":{"@type":"PropertyValueSpecification","valueRequired":true,"valueName":"search_term_string"}}],"inLanguage":"es-AR"},{"@type":["Person","Organization"],"@id":"https:\/\/apuntesdesanluis.com\/#\/schema\/person\/b55151d52296fcce64d1a72538a70b90","name":"apuntesdesanluis.com","image":{"@type":"ImageObject","inLanguage":"es-AR","@id":"https:\/\/apuntesdesanluis.com\/#\/schema\/person\/image\/","url":"https:\/\/apuntesdesanluis.com\/wp-content\/uploads\/2023\/07\/cropped-apuntesdesanluis.png","contentUrl":"https:\/\/apuntesdesanluis.com\/wp-content\/uploads\/2023\/07\/cropped-apuntesdesanluis.png","width":450,"height":112,"caption":"apuntesdesanluis.com"},"logo":{"@id":"https:\/\/apuntesdesanluis.com\/#\/schema\/person\/image\/"},"sameAs":["https:\/\/apuntesdesanluis.com"],"url":"https:\/\/apuntesdesanluis.com\/index.php\/author\/apuntesdesanluis-com\/"}]}},"featured_image_urls":{"full":["https:\/\/apuntesdesanluis.com\/wp-content\/uploads\/2023\/08\/freixes-zavala.png",575,347,false],"thumbnail":["https:\/\/apuntesdesanluis.com\/wp-content\/uploads\/2023\/08\/freixes-zavala-150x150.png",150,150,true],"medium":["https:\/\/apuntesdesanluis.com\/wp-content\/uploads\/2023\/08\/freixes-zavala-300x181.png",300,181,true],"medium_large":["https:\/\/apuntesdesanluis.com\/wp-content\/uploads\/2023\/08\/freixes-zavala.png",575,347,false],"large":["https:\/\/apuntesdesanluis.com\/wp-content\/uploads\/2023\/08\/freixes-zavala.png",575,347,false],"1536x1536":["https:\/\/apuntesdesanluis.com\/wp-content\/uploads\/2023\/08\/freixes-zavala.png",575,347,false],"2048x2048":["https:\/\/apuntesdesanluis.com\/wp-content\/uploads\/2023\/08\/freixes-zavala.png",575,347,false],"newsever-slider-full":["https:\/\/apuntesdesanluis.com\/wp-content\/uploads\/2023\/08\/freixes-zavala.png",575,347,false],"newsever-featured":["https:\/\/apuntesdesanluis.com\/wp-content\/uploads\/2023\/08\/freixes-zavala.png",575,347,false],"newsever-medium":["https:\/\/apuntesdesanluis.com\/wp-content\/uploads\/2023\/08\/freixes-zavala.png",575,347,false]},"author_info":{"display_name":"apuntesdesanluis.com","author_link":"https:\/\/apuntesdesanluis.com\/index.php\/author\/apuntesdesanluis-com\/"},"category_info":"<a href=\"https:\/\/apuntesdesanluis.com\/index.php\/category\/ciudad-provincia\/\" rel=\"category tag\">Ciudad\/Provincia<\/a>","tag_info":"Ciudad\/Provincia","comment_count":"0","_links":{"self":[{"href":"https:\/\/apuntesdesanluis.com\/index.php\/wp-json\/wp\/v2\/posts\/1408","targetHints":{"allow":["GET"]}}],"collection":[{"href":"https:\/\/apuntesdesanluis.com\/index.php\/wp-json\/wp\/v2\/posts"}],"about":[{"href":"https:\/\/apuntesdesanluis.com\/index.php\/wp-json\/wp\/v2\/types\/post"}],"author":[{"embeddable":true,"href":"https:\/\/apuntesdesanluis.com\/index.php\/wp-json\/wp\/v2\/users\/1"}],"replies":[{"embeddable":true,"href":"https:\/\/apuntesdesanluis.com\/index.php\/wp-json\/wp\/v2\/comments?post=1408"}],"version-history":[{"count":5,"href":"https:\/\/apuntesdesanluis.com\/index.php\/wp-json\/wp\/v2\/posts\/1408\/revisions"}],"predecessor-version":[{"id":1416,"href":"https:\/\/apuntesdesanluis.com\/index.php\/wp-json\/wp\/v2\/posts\/1408\/revisions\/1416"}],"wp:featuredmedia":[{"embeddable":true,"href":"https:\/\/apuntesdesanluis.com\/index.php\/wp-json\/wp\/v2\/media\/1409"}],"wp:attachment":[{"href":"https:\/\/apuntesdesanluis.com\/index.php\/wp-json\/wp\/v2\/media?parent=1408"}],"wp:term":[{"taxonomy":"category","embeddable":true,"href":"https:\/\/apuntesdesanluis.com\/index.php\/wp-json\/wp\/v2\/categories?post=1408"},{"taxonomy":"post_tag","embeddable":true,"href":"https:\/\/apuntesdesanluis.com\/index.php\/wp-json\/wp\/v2\/tags?post=1408"}],"curies":[{"name":"wp","href":"https:\/\/api.w.org\/{rel}","templated":true}]}}