{"id":14082,"date":"2024-04-03T17:30:42","date_gmt":"2024-04-03T20:30:42","guid":{"rendered":"https:\/\/apuntesdesanluis.com\/?p=14082"},"modified":"2024-04-03T17:30:42","modified_gmt":"2024-04-03T20:30:42","slug":"confirman-que-la-causa-de-la-muerte-de-la-preventora-fue-un-infarto-masivo","status":"publish","type":"post","link":"https:\/\/apuntesdesanluis.com\/index.php\/2024\/04\/03\/confirman-que-la-causa-de-la-muerte-de-la-preventora-fue-un-infarto-masivo\/","title":{"rendered":"CONFIRMAN QUE LA CAUSA DE LA MUERTE DE LA PREVENTORA FUE UN \u201cINFARTO MASIVO\u201d"},"content":{"rendered":"<h3>El hecho tuvo lugar este martes por la tarde, cuando la mujer de 51 a\u00f1os que se desempe\u00f1aba como preventora en el Sal\u00f3n de la Comisi\u00f3n de Fomento General San Mart\u00edn de la ciudad de San Luis falleci\u00f3 mientras desempe\u00f1aba sus funciones.<\/h3>\n<h3>De acuerdo a las primeras averiguaciones, la mujer se descompens\u00f3 en ese sitio (donde funciona una escuela generativa) y sus compa\u00f1eros le realizaron los primeros auxilios.<\/h3>\n<h3>Posteriormente acudi\u00f3 una ambulancia del SEMPRO y personal m\u00e9dico le realiz\u00f3 las tareas de reanimaci\u00f3n cardiopulmonar (RCP) durante varios minutos, pero la mujer no respondi\u00f3 y falleci\u00f3 en el lugar.<\/h3>\n<h3>Durante la ma\u00f1ana de este mi\u00e9rcoles se llev\u00f3 a cabo la autopsia al cuerpo de <strong>M\u00f3nica Viviana \u00c1vila<\/strong>, cuyo resultado fue \u201cinfarto masivo &#8211; fallo multiorg\u00e1nico\u201d.<\/h3>\n<h3>La autopsia fue realizada por la m\u00e9dica forense Laura Marcela G\u00f3mez.<\/h3>\n<p>&nbsp;<\/p>\n<p>&nbsp;<\/p>\n<p>&nbsp;<\/p>\n","protected":false},"excerpt":{"rendered":"<p>El hecho tuvo lugar este martes por la tarde, cuando la mujer de 51 a\u00f1os&#8230;<\/p>\n","protected":false},"author":1,"featured_media":14083,"comment_status":"closed","ping_status":"closed","sticky":false,"template":"","format":"standard","meta":{"footnotes":""},"categories":[6],"tags":[],"class_list":["post-14082","post","type-post","status-publish","format-standard","has-post-thumbnail","hentry","category-ciudad-provincia"],"yoast_head":"<!-- This site is optimized with the Yoast SEO plugin v26.1.1 - https:\/\/yoast.com\/wordpress\/plugins\/seo\/ -->\n<title>CONFIRMAN QUE LA CAUSA DE LA MUERTE DE LA PREVENTORA FUE UN \u201cINFARTO MASIVO\u201d - Apuntes de San Luis<\/title>\n<meta name=\"robots\" content=\"index, follow, max-snippet:-1, max-image-preview:large, max-video-preview:-1\" \/>\n<link rel=\"canonical\" href=\"https:\/\/apuntesdesanluis.com\/index.php\/2024\/04\/03\/confirman-que-la-causa-de-la-muerte-de-la-preventora-fue-un-infarto-masivo\/\" \/>\n<meta property=\"og:locale\" content=\"es_ES\" \/>\n<meta property=\"og:type\" content=\"article\" \/>\n<meta property=\"og:title\" content=\"CONFIRMAN QUE LA CAUSA DE LA MUERTE DE LA PREVENTORA FUE UN \u201cINFARTO MASIVO\u201d - Apuntes de San Luis\" \/>\n<meta property=\"og:description\" content=\"El hecho tuvo lugar este martes por la tarde, cuando la mujer de 51 a\u00f1os...\" \/>\n<meta property=\"og:url\" content=\"https:\/\/apuntesdesanluis.com\/index.php\/2024\/04\/03\/confirman-que-la-causa-de-la-muerte-de-la-preventora-fue-un-infarto-masivo\/\" \/>\n<meta property=\"og:site_name\" content=\"Apuntes de San Luis\" \/>\n<meta property=\"article:published_time\" content=\"2024-04-03T20:30:42+00:00\" \/>\n<meta property=\"og:image\" content=\"https:\/\/apuntesdesanluis.com\/wp-content\/uploads\/2024\/04\/comision.png\" \/>\n\t<meta property=\"og:image:width\" content=\"514\" \/>\n\t<meta property=\"og:image:height\" content=\"268\" \/>\n\t<meta property=\"og:image:type\" content=\"image\/png\" \/>\n<meta name=\"author\" content=\"apuntesdesanluis.com\" \/>\n<meta name=\"twitter:card\" content=\"summary_large_image\" \/>\n<meta name=\"twitter:label1\" content=\"Escrito por\" \/>\n\t<meta name=\"twitter:data1\" content=\"apuntesdesanluis.com\" \/>\n\t<meta name=\"twitter:label2\" content=\"Tiempo de lectura\" \/>\n\t<meta name=\"twitter:data2\" content=\"1 minuto\" \/>\n<script type=\"application\/ld+json\" class=\"yoast-schema-graph\">{\"@context\":\"https:\/\/schema.org\",\"@graph\":[{\"@type\":\"Article\",\"@id\":\"https:\/\/apuntesdesanluis.com\/index.php\/2024\/04\/03\/confirman-que-la-causa-de-la-muerte-de-la-preventora-fue-un-infarto-masivo\/#article\",\"isPartOf\":{\"@id\":\"https:\/\/apuntesdesanluis.com\/index.php\/2024\/04\/03\/confirman-que-la-causa-de-la-muerte-de-la-preventora-fue-un-infarto-masivo\/\"},\"author\":{\"name\":\"apuntesdesanluis.com\",\"@id\":\"https:\/\/apuntesdesanluis.com\/#\/schema\/person\/b55151d52296fcce64d1a72538a70b90\"},\"headline\":\"CONFIRMAN QUE LA CAUSA DE LA MUERTE DE LA PREVENTORA FUE UN \u201cINFARTO MASIVO\u201d\",\"datePublished\":\"2024-04-03T20:30:42+00:00\",\"mainEntityOfPage\":{\"@id\":\"https:\/\/apuntesdesanluis.com\/index.php\/2024\/04\/03\/confirman-que-la-causa-de-la-muerte-de-la-preventora-fue-un-infarto-masivo\/\"},\"wordCount\":166,\"publisher\":{\"@id\":\"https:\/\/apuntesdesanluis.com\/#\/schema\/person\/b55151d52296fcce64d1a72538a70b90\"},\"image\":{\"@id\":\"https:\/\/apuntesdesanluis.com\/index.php\/2024\/04\/03\/confirman-que-la-causa-de-la-muerte-de-la-preventora-fue-un-infarto-masivo\/#primaryimage\"},\"thumbnailUrl\":\"https:\/\/apuntesdesanluis.com\/wp-content\/uploads\/2024\/04\/comision.png\",\"articleSection\":[\"Ciudad\/Provincia\"],\"inLanguage\":\"es-AR\"},{\"@type\":\"WebPage\",\"@id\":\"https:\/\/apuntesdesanluis.com\/index.php\/2024\/04\/03\/confirman-que-la-causa-de-la-muerte-de-la-preventora-fue-un-infarto-masivo\/\",\"url\":\"https:\/\/apuntesdesanluis.com\/index.php\/2024\/04\/03\/confirman-que-la-causa-de-la-muerte-de-la-preventora-fue-un-infarto-masivo\/\",\"name\":\"CONFIRMAN QUE LA CAUSA DE LA MUERTE DE LA PREVENTORA FUE UN \u201cINFARTO MASIVO\u201d - Apuntes de San Luis\",\"isPartOf\":{\"@id\":\"https:\/\/apuntesdesanluis.com\/#website\"},\"primaryImageOfPage\":{\"@id\":\"https:\/\/apuntesdesanluis.com\/index.php\/2024\/04\/03\/confirman-que-la-causa-de-la-muerte-de-la-preventora-fue-un-infarto-masivo\/#primaryimage\"},\"image\":{\"@id\":\"https:\/\/apuntesdesanluis.com\/index.php\/2024\/04\/03\/confirman-que-la-causa-de-la-muerte-de-la-preventora-fue-un-infarto-masivo\/#primaryimage\"},\"thumbnailUrl\":\"https:\/\/apuntesdesanluis.com\/wp-content\/uploads\/2024\/04\/comision.png\",\"datePublished\":\"2024-04-03T20:30:42+00:00\",\"breadcrumb\":{\"@id\":\"https:\/\/apuntesdesanluis.com\/index.php\/2024\/04\/03\/confirman-que-la-causa-de-la-muerte-de-la-preventora-fue-un-infarto-masivo\/#breadcrumb\"},\"inLanguage\":\"es-AR\",\"potentialAction\":[{\"@type\":\"ReadAction\",\"target\":[\"https:\/\/apuntesdesanluis.com\/index.php\/2024\/04\/03\/confirman-que-la-causa-de-la-muerte-de-la-preventora-fue-un-infarto-masivo\/\"]}]},{\"@type\":\"ImageObject\",\"inLanguage\":\"es-AR\",\"@id\":\"https:\/\/apuntesdesanluis.com\/index.php\/2024\/04\/03\/confirman-que-la-causa-de-la-muerte-de-la-preventora-fue-un-infarto-masivo\/#primaryimage\",\"url\":\"https:\/\/apuntesdesanluis.com\/wp-content\/uploads\/2024\/04\/comision.png\",\"contentUrl\":\"https:\/\/apuntesdesanluis.com\/wp-content\/uploads\/2024\/04\/comision.png\",\"width\":514,\"height\":268},{\"@type\":\"BreadcrumbList\",\"@id\":\"https:\/\/apuntesdesanluis.com\/index.php\/2024\/04\/03\/confirman-que-la-causa-de-la-muerte-de-la-preventora-fue-un-infarto-masivo\/#breadcrumb\",\"itemListElement\":[{\"@type\":\"ListItem\",\"position\":1,\"name\":\"Inicio\",\"item\":\"https:\/\/apuntesdesanluis.com\/\"},{\"@type\":\"ListItem\",\"position\":2,\"name\":\"CONFIRMAN QUE LA CAUSA DE LA MUERTE DE LA PREVENTORA FUE UN \u201cINFARTO MASIVO\u201d\"}]},{\"@type\":\"WebSite\",\"@id\":\"https:\/\/apuntesdesanluis.com\/#website\",\"url\":\"https:\/\/apuntesdesanluis.com\/\",\"name\":\"Apuntes de San Luis\",\"description\":\"\",\"publisher\":{\"@id\":\"https:\/\/apuntesdesanluis.com\/#\/schema\/person\/b55151d52296fcce64d1a72538a70b90\"},\"potentialAction\":[{\"@type\":\"SearchAction\",\"target\":{\"@type\":\"EntryPoint\",\"urlTemplate\":\"https:\/\/apuntesdesanluis.com\/?s={search_term_string}\"},\"query-input\":{\"@type\":\"PropertyValueSpecification\",\"valueRequired\":true,\"valueName\":\"search_term_string\"}}],\"inLanguage\":\"es-AR\"},{\"@type\":[\"Person\",\"Organization\"],\"@id\":\"https:\/\/apuntesdesanluis.com\/#\/schema\/person\/b55151d52296fcce64d1a72538a70b90\",\"name\":\"apuntesdesanluis.com\",\"image\":{\"@type\":\"ImageObject\",\"inLanguage\":\"es-AR\",\"@id\":\"https:\/\/apuntesdesanluis.com\/#\/schema\/person\/image\/\",\"url\":\"https:\/\/apuntesdesanluis.com\/wp-content\/uploads\/2023\/07\/cropped-apuntesdesanluis.png\",\"contentUrl\":\"https:\/\/apuntesdesanluis.com\/wp-content\/uploads\/2023\/07\/cropped-apuntesdesanluis.png\",\"width\":450,\"height\":112,\"caption\":\"apuntesdesanluis.com\"},\"logo\":{\"@id\":\"https:\/\/apuntesdesanluis.com\/#\/schema\/person\/image\/\"},\"sameAs\":[\"https:\/\/apuntesdesanluis.com\"],\"url\":\"https:\/\/apuntesdesanluis.com\/index.php\/author\/apuntesdesanluis-com\/\"}]}<\/script>\n<!-- \/ Yoast SEO plugin. -->","yoast_head_json":{"title":"CONFIRMAN QUE LA CAUSA DE LA MUERTE DE LA PREVENTORA FUE UN \u201cINFARTO MASIVO\u201d - Apuntes de San Luis","robots":{"index":"index","follow":"follow","max-snippet":"max-snippet:-1","max-image-preview":"max-image-preview:large","max-video-preview":"max-video-preview:-1"},"canonical":"https:\/\/apuntesdesanluis.com\/index.php\/2024\/04\/03\/confirman-que-la-causa-de-la-muerte-de-la-preventora-fue-un-infarto-masivo\/","og_locale":"es_ES","og_type":"article","og_title":"CONFIRMAN QUE LA CAUSA DE LA MUERTE DE LA PREVENTORA FUE UN \u201cINFARTO MASIVO\u201d - Apuntes de San Luis","og_description":"El hecho tuvo lugar este martes por la tarde, cuando la mujer de 51 a\u00f1os...","og_url":"https:\/\/apuntesdesanluis.com\/index.php\/2024\/04\/03\/confirman-que-la-causa-de-la-muerte-de-la-preventora-fue-un-infarto-masivo\/","og_site_name":"Apuntes de San Luis","article_published_time":"2024-04-03T20:30:42+00:00","og_image":[{"width":514,"height":268,"url":"https:\/\/apuntesdesanluis.com\/wp-content\/uploads\/2024\/04\/comision.png","type":"image\/png"}],"author":"apuntesdesanluis.com","twitter_card":"summary_large_image","twitter_misc":{"Escrito por":"apuntesdesanluis.com","Tiempo de lectura":"1 minuto"},"schema":{"@context":"https:\/\/schema.org","@graph":[{"@type":"Article","@id":"https:\/\/apuntesdesanluis.com\/index.php\/2024\/04\/03\/confirman-que-la-causa-de-la-muerte-de-la-preventora-fue-un-infarto-masivo\/#article","isPartOf":{"@id":"https:\/\/apuntesdesanluis.com\/index.php\/2024\/04\/03\/confirman-que-la-causa-de-la-muerte-de-la-preventora-fue-un-infarto-masivo\/"},"author":{"name":"apuntesdesanluis.com","@id":"https:\/\/apuntesdesanluis.com\/#\/schema\/person\/b55151d52296fcce64d1a72538a70b90"},"headline":"CONFIRMAN QUE LA CAUSA DE LA MUERTE DE LA PREVENTORA FUE UN \u201cINFARTO MASIVO\u201d","datePublished":"2024-04-03T20:30:42+00:00","mainEntityOfPage":{"@id":"https:\/\/apuntesdesanluis.com\/index.php\/2024\/04\/03\/confirman-que-la-causa-de-la-muerte-de-la-preventora-fue-un-infarto-masivo\/"},"wordCount":166,"publisher":{"@id":"https:\/\/apuntesdesanluis.com\/#\/schema\/person\/b55151d52296fcce64d1a72538a70b90"},"image":{"@id":"https:\/\/apuntesdesanluis.com\/index.php\/2024\/04\/03\/confirman-que-la-causa-de-la-muerte-de-la-preventora-fue-un-infarto-masivo\/#primaryimage"},"thumbnailUrl":"https:\/\/apuntesdesanluis.com\/wp-content\/uploads\/2024\/04\/comision.png","articleSection":["Ciudad\/Provincia"],"inLanguage":"es-AR"},{"@type":"WebPage","@id":"https:\/\/apuntesdesanluis.com\/index.php\/2024\/04\/03\/confirman-que-la-causa-de-la-muerte-de-la-preventora-fue-un-infarto-masivo\/","url":"https:\/\/apuntesdesanluis.com\/index.php\/2024\/04\/03\/confirman-que-la-causa-de-la-muerte-de-la-preventora-fue-un-infarto-masivo\/","name":"CONFIRMAN QUE LA CAUSA DE LA MUERTE DE LA PREVENTORA FUE UN \u201cINFARTO MASIVO\u201d - Apuntes de San Luis","isPartOf":{"@id":"https:\/\/apuntesdesanluis.com\/#website"},"primaryImageOfPage":{"@id":"https:\/\/apuntesdesanluis.com\/index.php\/2024\/04\/03\/confirman-que-la-causa-de-la-muerte-de-la-preventora-fue-un-infarto-masivo\/#primaryimage"},"image":{"@id":"https:\/\/apuntesdesanluis.com\/index.php\/2024\/04\/03\/confirman-que-la-causa-de-la-muerte-de-la-preventora-fue-un-infarto-masivo\/#primaryimage"},"thumbnailUrl":"https:\/\/apuntesdesanluis.com\/wp-content\/uploads\/2024\/04\/comision.png","datePublished":"2024-04-03T20:30:42+00:00","breadcrumb":{"@id":"https:\/\/apuntesdesanluis.com\/index.php\/2024\/04\/03\/confirman-que-la-causa-de-la-muerte-de-la-preventora-fue-un-infarto-masivo\/#breadcrumb"},"inLanguage":"es-AR","potentialAction":[{"@type":"ReadAction","target":["https:\/\/apuntesdesanluis.com\/index.php\/2024\/04\/03\/confirman-que-la-causa-de-la-muerte-de-la-preventora-fue-un-infarto-masivo\/"]}]},{"@type":"ImageObject","inLanguage":"es-AR","@id":"https:\/\/apuntesdesanluis.com\/index.php\/2024\/04\/03\/confirman-que-la-causa-de-la-muerte-de-la-preventora-fue-un-infarto-masivo\/#primaryimage","url":"https:\/\/apuntesdesanluis.com\/wp-content\/uploads\/2024\/04\/comision.png","contentUrl":"https:\/\/apuntesdesanluis.com\/wp-content\/uploads\/2024\/04\/comision.png","width":514,"height":268},{"@type":"BreadcrumbList","@id":"https:\/\/apuntesdesanluis.com\/index.php\/2024\/04\/03\/confirman-que-la-causa-de-la-muerte-de-la-preventora-fue-un-infarto-masivo\/#breadcrumb","itemListElement":[{"@type":"ListItem","position":1,"name":"Inicio","item":"https:\/\/apuntesdesanluis.com\/"},{"@type":"ListItem","position":2,"name":"CONFIRMAN QUE LA CAUSA DE LA MUERTE DE LA PREVENTORA FUE UN \u201cINFARTO MASIVO\u201d"}]},{"@type":"WebSite","@id":"https:\/\/apuntesdesanluis.com\/#website","url":"https:\/\/apuntesdesanluis.com\/","name":"Apuntes de San Luis","description":"","publisher":{"@id":"https:\/\/apuntesdesanluis.com\/#\/schema\/person\/b55151d52296fcce64d1a72538a70b90"},"potentialAction":[{"@type":"SearchAction","target":{"@type":"EntryPoint","urlTemplate":"https:\/\/apuntesdesanluis.com\/?s={search_term_string}"},"query-input":{"@type":"PropertyValueSpecification","valueRequired":true,"valueName":"search_term_string"}}],"inLanguage":"es-AR"},{"@type":["Person","Organization"],"@id":"https:\/\/apuntesdesanluis.com\/#\/schema\/person\/b55151d52296fcce64d1a72538a70b90","name":"apuntesdesanluis.com","image":{"@type":"ImageObject","inLanguage":"es-AR","@id":"https:\/\/apuntesdesanluis.com\/#\/schema\/person\/image\/","url":"https:\/\/apuntesdesanluis.com\/wp-content\/uploads\/2023\/07\/cropped-apuntesdesanluis.png","contentUrl":"https:\/\/apuntesdesanluis.com\/wp-content\/uploads\/2023\/07\/cropped-apuntesdesanluis.png","width":450,"height":112,"caption":"apuntesdesanluis.com"},"logo":{"@id":"https:\/\/apuntesdesanluis.com\/#\/schema\/person\/image\/"},"sameAs":["https:\/\/apuntesdesanluis.com"],"url":"https:\/\/apuntesdesanluis.com\/index.php\/author\/apuntesdesanluis-com\/"}]}},"featured_image_urls":{"full":["https:\/\/apuntesdesanluis.com\/wp-content\/uploads\/2024\/04\/comision.png",514,268,false],"thumbnail":["https:\/\/apuntesdesanluis.com\/wp-content\/uploads\/2024\/04\/comision-150x150.png",150,150,true],"medium":["https:\/\/apuntesdesanluis.com\/wp-content\/uploads\/2024\/04\/comision-300x156.png",300,156,true],"medium_large":["https:\/\/apuntesdesanluis.com\/wp-content\/uploads\/2024\/04\/comision.png",514,268,false],"large":["https:\/\/apuntesdesanluis.com\/wp-content\/uploads\/2024\/04\/comision.png",514,268,false],"1536x1536":["https:\/\/apuntesdesanluis.com\/wp-content\/uploads\/2024\/04\/comision.png",514,268,false],"2048x2048":["https:\/\/apuntesdesanluis.com\/wp-content\/uploads\/2024\/04\/comision.png",514,268,false],"newsever-slider-full":["https:\/\/apuntesdesanluis.com\/wp-content\/uploads\/2024\/04\/comision.png",514,268,false],"newsever-featured":["https:\/\/apuntesdesanluis.com\/wp-content\/uploads\/2024\/04\/comision.png",514,268,false],"newsever-medium":["https:\/\/apuntesdesanluis.com\/wp-content\/uploads\/2024\/04\/comision.png",514,268,false]},"author_info":{"display_name":"apuntesdesanluis.com","author_link":"https:\/\/apuntesdesanluis.com\/index.php\/author\/apuntesdesanluis-com\/"},"category_info":"<a href=\"https:\/\/apuntesdesanluis.com\/index.php\/category\/ciudad-provincia\/\" rel=\"category tag\">Ciudad\/Provincia<\/a>","tag_info":"Ciudad\/Provincia","comment_count":"0","_links":{"self":[{"href":"https:\/\/apuntesdesanluis.com\/index.php\/wp-json\/wp\/v2\/posts\/14082","targetHints":{"allow":["GET"]}}],"collection":[{"href":"https:\/\/apuntesdesanluis.com\/index.php\/wp-json\/wp\/v2\/posts"}],"about":[{"href":"https:\/\/apuntesdesanluis.com\/index.php\/wp-json\/wp\/v2\/types\/post"}],"author":[{"embeddable":true,"href":"https:\/\/apuntesdesanluis.com\/index.php\/wp-json\/wp\/v2\/users\/1"}],"replies":[{"embeddable":true,"href":"https:\/\/apuntesdesanluis.com\/index.php\/wp-json\/wp\/v2\/comments?post=14082"}],"version-history":[{"count":1,"href":"https:\/\/apuntesdesanluis.com\/index.php\/wp-json\/wp\/v2\/posts\/14082\/revisions"}],"predecessor-version":[{"id":14084,"href":"https:\/\/apuntesdesanluis.com\/index.php\/wp-json\/wp\/v2\/posts\/14082\/revisions\/14084"}],"wp:featuredmedia":[{"embeddable":true,"href":"https:\/\/apuntesdesanluis.com\/index.php\/wp-json\/wp\/v2\/media\/14083"}],"wp:attachment":[{"href":"https:\/\/apuntesdesanluis.com\/index.php\/wp-json\/wp\/v2\/media?parent=14082"}],"wp:term":[{"taxonomy":"category","embeddable":true,"href":"https:\/\/apuntesdesanluis.com\/index.php\/wp-json\/wp\/v2\/categories?post=14082"},{"taxonomy":"post_tag","embeddable":true,"href":"https:\/\/apuntesdesanluis.com\/index.php\/wp-json\/wp\/v2\/tags?post=14082"}],"curies":[{"name":"wp","href":"https:\/\/api.w.org\/{rel}","templated":true}]}}