{"id":14085,"date":"2024-04-03T17:47:25","date_gmt":"2024-04-03T20:47:25","guid":{"rendered":"https:\/\/apuntesdesanluis.com\/?p=14085"},"modified":"2024-04-03T17:47:25","modified_gmt":"2024-04-03T20:47:25","slug":"ordenan-restituir-en-su-lugar-de-trabajo-a-una-mujer-despedida-que-tenia-fuero-gremial","status":"publish","type":"post","link":"https:\/\/apuntesdesanluis.com\/index.php\/2024\/04\/03\/ordenan-restituir-en-su-lugar-de-trabajo-a-una-mujer-despedida-que-tenia-fuero-gremial\/","title":{"rendered":"ORDENAN RESTITUIR EN SU LUGAR DE TRABAJO A UNA MUJER DESPEDIDA QUE TEN\u00cdA FUERO GREMIAL"},"content":{"rendered":"<h3>EL <strong>Superior Tribunal de Justicia<\/strong> confirm\u00f3 una sentencia que hizo lugar al reclamo de una trabajadora, donde se declar\u00f3 la nulidad del despido y se orden\u00f3 su reincorporaci\u00f3n laboral. Pertenece al sindicato panadero.<\/h3>\n<h3>La causa inici\u00f3 con la demanda promovida por una trabajadora que solicit\u00f3 la declaraci\u00f3n de nulidad de su despido y la reincorporaci\u00f3n por considerar la conducta del empleador como discriminatoria, arbitraria, desleal y antisindical ya que la mujer pertenec\u00eda a la comisi\u00f3n directiva del sindicato.<\/h3>\n<h3>El Juzgado Laboral de primera instancia, hizo lugar a la acci\u00f3n, declar\u00f3 la nulidad del despido y orden\u00f3 la inmediata reincorporaci\u00f3n\u00a0 de la mujer en id\u00e9nticas condiciones que las anteriores y conden\u00f3 a la empleadora al pago de los salarios.<\/h3>\n<h3>\u201cLa Juez de primera instancia hizo lugar a la acci\u00f3n declarando la nulidad del despido, por considerar que el mismo se efectiviz\u00f3 una vez que se encontraba plenamente vigente la tutela sindical y que, al no haberse acreditado los incumplimientos alegados por la empleadora solo puede concluir que el mismo es el resultado de una pr\u00e1ctica desleal y por ello lo considera injustificado\u201d.<\/h3>\n<h3>Por otra parte, la parte demandada apel\u00f3 dicha decisi\u00f3n y la Sala N\u00ba 2 de la C\u00e1mara de Apelaciones en lo Civil, Comercial, Ambiental, Familia, Ni\u00f1ez, Adolescencia, Violencia y Laboral de la Segunda Circunscripci\u00f3n Judicial resolvi\u00f3 revocar la sentencia de primera instancia y rechaz\u00f3 la demanda.<\/h3>\n<h3>\u201cEs que el actor en su demanda, no solicit\u00f3 como prueba informativa del Correo la acreditaci\u00f3n de la fecha de recepci\u00f3n del despido, cuesti\u00f3n que constitu\u00eda su prueba fundamental para acreditar si el despido hab\u00eda ocurrido antes o despu\u00e9s de la notificaci\u00f3n a la demandada de su designaci\u00f3n. En suma, de autos, no surge la manera de saber cuando en realidad fue recibida la comunicaci\u00f3n del despido\u2026\u201d.<\/h3>\n<h3>En consecuencia, la parte actora (mujer) interpuso un recurso de casaci\u00f3n y un recurso extraordinario de inconstitucionalidad por ser arbitraria la sentencia, en ese entonces fue declarado inadmisible por la C\u00e1mara y recibido por el Alto Cuerpo Judicial.<\/h3>\n<h3>\u201cEl objeto del recurso reside en determinar si la extinci\u00f3n del contrato laboral o de la relaci\u00f3n laboral se produjo con anterioridad a la fecha 01\/08\/19, en la que la actora comunic\u00f3 a la empresa que hab\u00eda sido designada como Vocal Titular Tercera del Sindicato Uni\u00f3n Personal de Panaderos de la Provincia o con posterioridad a dicha comunicaci\u00f3n, para as\u00ed establecer si se trata de un despido arbitrario o no\u201d.<\/h3>\n<h3>Entre otras cuestiones, el abogado de la trabajadora consider\u00f3 que se violaron normas constitucionales como derecho de defensa en juicio, debido proceso, interpretaci\u00f3n y apreciaci\u00f3n favorable al trabajador (arts. 18, 19 y 75 inc. 23 CN; arts. 43 y 59 Constituci\u00f3n Provincial). Asimismo, argument\u00f3 que se realiz\u00f3 una valoraci\u00f3n equivocada de la realidad de los hechos probados en autos.<\/h3>\n<h3>\u201c(\u2026) el derecho de defensa en juicio, como el derecho de propiedad del trabajador, se ven afectados por la omisi\u00f3n en que incurren los se\u00f1ores camaristas al no valorar constancias objetivas de la causa que comprueban los hechos denunciados en la demanda en relaci\u00f3n al despido arbitrario y nulo que sufre la actora por parte de la demandada\u201d expresa la sentencia.<\/h3>\n<h3>Asimismo, la actora (trabajadora) sostuvo que los camaristas omitieron, al momento de efectuar la valoraci\u00f3n de las pruebas rendidas en la causa, un principio de derecho procesal laboral tan importante como es el \u201cin dubio pro operario\u201d y que la falta de consideraci\u00f3n de las pruebas aportadas por su parte han menoscabado el debido proceso legal, contenida dicha garant\u00eda en el art. 59 de la Constituci\u00f3n de esta Provincia, tornando la resoluci\u00f3n dictada manifiestamente arbitraria e injusta.<\/h3>\n<h3>El Superior Tribunal de Justicia en este caso integrado por los Dres. Jorge Levingston, Andrea Carolina Monte Riso y Eduardo Segundo Allende \u2013 llamado a integrar el Dr. Horacio Zavala Rodr\u00edguez (h), expusieron en la resoluci\u00f3n que la sentencia cuestionada es arbitraria pues resolvi\u00f3 apart\u00e1ndose de las constancias de la causa, no constituyendo una derivaci\u00f3n razonada del derecho vigente (art. 210 de la Constituci\u00f3n Provincial), vulnerando con ello el debido proceso y el derecho de defensa del actor (art. 43 de la Constituci\u00f3n Provincial).<\/h3>\n<h3>\u201cEn virtud de lo se\u00f1alado, debo concluir que, conforme surge de la documental acompa\u00f1ada (\u2026), que no fuera desconocida por la empleadora, y por aplicaci\u00f3n del principio del indubio pro operario (art. 9 de la LCT) surge acreditado que la trabajadora, recibi\u00f3 la Carta Documento (\u2026) un d\u00eda despu\u00e9s de la notificaci\u00f3n a la empleadora de su calidad de Vocal Titular Tercera del <strong>Sindicato Uni\u00f3n de Panaderos<\/strong> de la Provincia y por lo tanto el despido de la misma, resulta tal y como sostiene la Juez de Primera Instancia, discriminatorio y arbitrario, por lo que considero que este agravio resulta procedente\u201d.<\/h3>\n<h3>El tribunal hizo lugar al recurso de queja deducido por la parte actora y en consecuencia concedi\u00f3 el recurso de inconstitucionalidad local por arbitrariedad de sentencia, interpuesto en contra de una Sentencia Definitiva dictada en segunda instancia.<\/h3>\n<p>&nbsp;<\/p>\n<p>&nbsp;<\/p>\n<p>&nbsp;<\/p>\n<p>&nbsp;<\/p>\n<p>&nbsp;<\/p>\n<p>&nbsp;<\/p>\n","protected":false},"excerpt":{"rendered":"<p>EL Superior Tribunal de Justicia confirm\u00f3 una sentencia que hizo lugar al reclamo de una&#8230;<\/p>\n","protected":false},"author":1,"featured_media":14086,"comment_status":"closed","ping_status":"closed","sticky":false,"template":"","format":"standard","meta":{"footnotes":""},"categories":[6],"tags":[],"class_list":["post-14085","post","type-post","status-publish","format-standard","has-post-thumbnail","hentry","category-ciudad-provincia"],"yoast_head":"<!-- This site is optimized with the Yoast SEO plugin v26.1.1 - https:\/\/yoast.com\/wordpress\/plugins\/seo\/ -->\n<title>ORDENAN RESTITUIR EN SU LUGAR DE TRABAJO A UNA MUJER DESPEDIDA QUE TEN\u00cdA FUERO GREMIAL - Apuntes de San Luis<\/title>\n<meta name=\"robots\" content=\"index, follow, max-snippet:-1, max-image-preview:large, max-video-preview:-1\" \/>\n<link rel=\"canonical\" href=\"https:\/\/apuntesdesanluis.com\/index.php\/2024\/04\/03\/ordenan-restituir-en-su-lugar-de-trabajo-a-una-mujer-despedida-que-tenia-fuero-gremial\/\" \/>\n<meta property=\"og:locale\" content=\"es_ES\" \/>\n<meta property=\"og:type\" content=\"article\" \/>\n<meta property=\"og:title\" content=\"ORDENAN RESTITUIR EN SU LUGAR DE TRABAJO A UNA MUJER DESPEDIDA QUE TEN\u00cdA FUERO GREMIAL - Apuntes de San Luis\" \/>\n<meta property=\"og:description\" content=\"EL Superior Tribunal de Justicia confirm\u00f3 una sentencia que hizo lugar al reclamo de una...\" \/>\n<meta property=\"og:url\" content=\"https:\/\/apuntesdesanluis.com\/index.php\/2024\/04\/03\/ordenan-restituir-en-su-lugar-de-trabajo-a-una-mujer-despedida-que-tenia-fuero-gremial\/\" \/>\n<meta property=\"og:site_name\" content=\"Apuntes de San Luis\" \/>\n<meta property=\"article:published_time\" content=\"2024-04-03T20:47:25+00:00\" \/>\n<meta property=\"og:image\" content=\"https:\/\/apuntesdesanluis.com\/wp-content\/uploads\/2024\/04\/despedida.png\" \/>\n\t<meta property=\"og:image:width\" content=\"589\" \/>\n\t<meta property=\"og:image:height\" content=\"332\" \/>\n\t<meta property=\"og:image:type\" content=\"image\/png\" \/>\n<meta name=\"author\" content=\"apuntesdesanluis.com\" \/>\n<meta name=\"twitter:card\" content=\"summary_large_image\" \/>\n<meta name=\"twitter:label1\" content=\"Escrito por\" \/>\n\t<meta name=\"twitter:data1\" content=\"apuntesdesanluis.com\" \/>\n\t<meta name=\"twitter:label2\" content=\"Tiempo de lectura\" \/>\n\t<meta name=\"twitter:data2\" content=\"4 minutos\" \/>\n<script type=\"application\/ld+json\" class=\"yoast-schema-graph\">{\"@context\":\"https:\/\/schema.org\",\"@graph\":[{\"@type\":\"Article\",\"@id\":\"https:\/\/apuntesdesanluis.com\/index.php\/2024\/04\/03\/ordenan-restituir-en-su-lugar-de-trabajo-a-una-mujer-despedida-que-tenia-fuero-gremial\/#article\",\"isPartOf\":{\"@id\":\"https:\/\/apuntesdesanluis.com\/index.php\/2024\/04\/03\/ordenan-restituir-en-su-lugar-de-trabajo-a-una-mujer-despedida-que-tenia-fuero-gremial\/\"},\"author\":{\"name\":\"apuntesdesanluis.com\",\"@id\":\"https:\/\/apuntesdesanluis.com\/#\/schema\/person\/b55151d52296fcce64d1a72538a70b90\"},\"headline\":\"ORDENAN RESTITUIR EN SU LUGAR DE TRABAJO A UNA MUJER DESPEDIDA QUE TEN\u00cdA FUERO GREMIAL\",\"datePublished\":\"2024-04-03T20:47:25+00:00\",\"mainEntityOfPage\":{\"@id\":\"https:\/\/apuntesdesanluis.com\/index.php\/2024\/04\/03\/ordenan-restituir-en-su-lugar-de-trabajo-a-una-mujer-despedida-que-tenia-fuero-gremial\/\"},\"wordCount\":882,\"publisher\":{\"@id\":\"https:\/\/apuntesdesanluis.com\/#\/schema\/person\/b55151d52296fcce64d1a72538a70b90\"},\"image\":{\"@id\":\"https:\/\/apuntesdesanluis.com\/index.php\/2024\/04\/03\/ordenan-restituir-en-su-lugar-de-trabajo-a-una-mujer-despedida-que-tenia-fuero-gremial\/#primaryimage\"},\"thumbnailUrl\":\"https:\/\/apuntesdesanluis.com\/wp-content\/uploads\/2024\/04\/despedida.png\",\"articleSection\":[\"Ciudad\/Provincia\"],\"inLanguage\":\"es-AR\"},{\"@type\":\"WebPage\",\"@id\":\"https:\/\/apuntesdesanluis.com\/index.php\/2024\/04\/03\/ordenan-restituir-en-su-lugar-de-trabajo-a-una-mujer-despedida-que-tenia-fuero-gremial\/\",\"url\":\"https:\/\/apuntesdesanluis.com\/index.php\/2024\/04\/03\/ordenan-restituir-en-su-lugar-de-trabajo-a-una-mujer-despedida-que-tenia-fuero-gremial\/\",\"name\":\"ORDENAN RESTITUIR EN SU LUGAR DE TRABAJO A UNA MUJER DESPEDIDA QUE TEN\u00cdA FUERO GREMIAL - Apuntes de San Luis\",\"isPartOf\":{\"@id\":\"https:\/\/apuntesdesanluis.com\/#website\"},\"primaryImageOfPage\":{\"@id\":\"https:\/\/apuntesdesanluis.com\/index.php\/2024\/04\/03\/ordenan-restituir-en-su-lugar-de-trabajo-a-una-mujer-despedida-que-tenia-fuero-gremial\/#primaryimage\"},\"image\":{\"@id\":\"https:\/\/apuntesdesanluis.com\/index.php\/2024\/04\/03\/ordenan-restituir-en-su-lugar-de-trabajo-a-una-mujer-despedida-que-tenia-fuero-gremial\/#primaryimage\"},\"thumbnailUrl\":\"https:\/\/apuntesdesanluis.com\/wp-content\/uploads\/2024\/04\/despedida.png\",\"datePublished\":\"2024-04-03T20:47:25+00:00\",\"breadcrumb\":{\"@id\":\"https:\/\/apuntesdesanluis.com\/index.php\/2024\/04\/03\/ordenan-restituir-en-su-lugar-de-trabajo-a-una-mujer-despedida-que-tenia-fuero-gremial\/#breadcrumb\"},\"inLanguage\":\"es-AR\",\"potentialAction\":[{\"@type\":\"ReadAction\",\"target\":[\"https:\/\/apuntesdesanluis.com\/index.php\/2024\/04\/03\/ordenan-restituir-en-su-lugar-de-trabajo-a-una-mujer-despedida-que-tenia-fuero-gremial\/\"]}]},{\"@type\":\"ImageObject\",\"inLanguage\":\"es-AR\",\"@id\":\"https:\/\/apuntesdesanluis.com\/index.php\/2024\/04\/03\/ordenan-restituir-en-su-lugar-de-trabajo-a-una-mujer-despedida-que-tenia-fuero-gremial\/#primaryimage\",\"url\":\"https:\/\/apuntesdesanluis.com\/wp-content\/uploads\/2024\/04\/despedida.png\",\"contentUrl\":\"https:\/\/apuntesdesanluis.com\/wp-content\/uploads\/2024\/04\/despedida.png\",\"width\":589,\"height\":332},{\"@type\":\"BreadcrumbList\",\"@id\":\"https:\/\/apuntesdesanluis.com\/index.php\/2024\/04\/03\/ordenan-restituir-en-su-lugar-de-trabajo-a-una-mujer-despedida-que-tenia-fuero-gremial\/#breadcrumb\",\"itemListElement\":[{\"@type\":\"ListItem\",\"position\":1,\"name\":\"Inicio\",\"item\":\"https:\/\/apuntesdesanluis.com\/\"},{\"@type\":\"ListItem\",\"position\":2,\"name\":\"ORDENAN RESTITUIR EN SU LUGAR DE TRABAJO A UNA MUJER DESPEDIDA QUE TEN\u00cdA FUERO GREMIAL\"}]},{\"@type\":\"WebSite\",\"@id\":\"https:\/\/apuntesdesanluis.com\/#website\",\"url\":\"https:\/\/apuntesdesanluis.com\/\",\"name\":\"Apuntes de San Luis\",\"description\":\"\",\"publisher\":{\"@id\":\"https:\/\/apuntesdesanluis.com\/#\/schema\/person\/b55151d52296fcce64d1a72538a70b90\"},\"potentialAction\":[{\"@type\":\"SearchAction\",\"target\":{\"@type\":\"EntryPoint\",\"urlTemplate\":\"https:\/\/apuntesdesanluis.com\/?s={search_term_string}\"},\"query-input\":{\"@type\":\"PropertyValueSpecification\",\"valueRequired\":true,\"valueName\":\"search_term_string\"}}],\"inLanguage\":\"es-AR\"},{\"@type\":[\"Person\",\"Organization\"],\"@id\":\"https:\/\/apuntesdesanluis.com\/#\/schema\/person\/b55151d52296fcce64d1a72538a70b90\",\"name\":\"apuntesdesanluis.com\",\"image\":{\"@type\":\"ImageObject\",\"inLanguage\":\"es-AR\",\"@id\":\"https:\/\/apuntesdesanluis.com\/#\/schema\/person\/image\/\",\"url\":\"https:\/\/apuntesdesanluis.com\/wp-content\/uploads\/2023\/07\/cropped-apuntesdesanluis.png\",\"contentUrl\":\"https:\/\/apuntesdesanluis.com\/wp-content\/uploads\/2023\/07\/cropped-apuntesdesanluis.png\",\"width\":450,\"height\":112,\"caption\":\"apuntesdesanluis.com\"},\"logo\":{\"@id\":\"https:\/\/apuntesdesanluis.com\/#\/schema\/person\/image\/\"},\"sameAs\":[\"https:\/\/apuntesdesanluis.com\"],\"url\":\"https:\/\/apuntesdesanluis.com\/index.php\/author\/apuntesdesanluis-com\/\"}]}<\/script>\n<!-- \/ Yoast SEO plugin. -->","yoast_head_json":{"title":"ORDENAN RESTITUIR EN SU LUGAR DE TRABAJO A UNA MUJER DESPEDIDA QUE TEN\u00cdA FUERO GREMIAL - Apuntes de San Luis","robots":{"index":"index","follow":"follow","max-snippet":"max-snippet:-1","max-image-preview":"max-image-preview:large","max-video-preview":"max-video-preview:-1"},"canonical":"https:\/\/apuntesdesanluis.com\/index.php\/2024\/04\/03\/ordenan-restituir-en-su-lugar-de-trabajo-a-una-mujer-despedida-que-tenia-fuero-gremial\/","og_locale":"es_ES","og_type":"article","og_title":"ORDENAN RESTITUIR EN SU LUGAR DE TRABAJO A UNA MUJER DESPEDIDA QUE TEN\u00cdA FUERO GREMIAL - Apuntes de San Luis","og_description":"EL Superior Tribunal de Justicia confirm\u00f3 una sentencia que hizo lugar al reclamo de una...","og_url":"https:\/\/apuntesdesanluis.com\/index.php\/2024\/04\/03\/ordenan-restituir-en-su-lugar-de-trabajo-a-una-mujer-despedida-que-tenia-fuero-gremial\/","og_site_name":"Apuntes de San Luis","article_published_time":"2024-04-03T20:47:25+00:00","og_image":[{"width":589,"height":332,"url":"https:\/\/apuntesdesanluis.com\/wp-content\/uploads\/2024\/04\/despedida.png","type":"image\/png"}],"author":"apuntesdesanluis.com","twitter_card":"summary_large_image","twitter_misc":{"Escrito por":"apuntesdesanluis.com","Tiempo de lectura":"4 minutos"},"schema":{"@context":"https:\/\/schema.org","@graph":[{"@type":"Article","@id":"https:\/\/apuntesdesanluis.com\/index.php\/2024\/04\/03\/ordenan-restituir-en-su-lugar-de-trabajo-a-una-mujer-despedida-que-tenia-fuero-gremial\/#article","isPartOf":{"@id":"https:\/\/apuntesdesanluis.com\/index.php\/2024\/04\/03\/ordenan-restituir-en-su-lugar-de-trabajo-a-una-mujer-despedida-que-tenia-fuero-gremial\/"},"author":{"name":"apuntesdesanluis.com","@id":"https:\/\/apuntesdesanluis.com\/#\/schema\/person\/b55151d52296fcce64d1a72538a70b90"},"headline":"ORDENAN RESTITUIR EN SU LUGAR DE TRABAJO A UNA MUJER DESPEDIDA QUE TEN\u00cdA FUERO GREMIAL","datePublished":"2024-04-03T20:47:25+00:00","mainEntityOfPage":{"@id":"https:\/\/apuntesdesanluis.com\/index.php\/2024\/04\/03\/ordenan-restituir-en-su-lugar-de-trabajo-a-una-mujer-despedida-que-tenia-fuero-gremial\/"},"wordCount":882,"publisher":{"@id":"https:\/\/apuntesdesanluis.com\/#\/schema\/person\/b55151d52296fcce64d1a72538a70b90"},"image":{"@id":"https:\/\/apuntesdesanluis.com\/index.php\/2024\/04\/03\/ordenan-restituir-en-su-lugar-de-trabajo-a-una-mujer-despedida-que-tenia-fuero-gremial\/#primaryimage"},"thumbnailUrl":"https:\/\/apuntesdesanluis.com\/wp-content\/uploads\/2024\/04\/despedida.png","articleSection":["Ciudad\/Provincia"],"inLanguage":"es-AR"},{"@type":"WebPage","@id":"https:\/\/apuntesdesanluis.com\/index.php\/2024\/04\/03\/ordenan-restituir-en-su-lugar-de-trabajo-a-una-mujer-despedida-que-tenia-fuero-gremial\/","url":"https:\/\/apuntesdesanluis.com\/index.php\/2024\/04\/03\/ordenan-restituir-en-su-lugar-de-trabajo-a-una-mujer-despedida-que-tenia-fuero-gremial\/","name":"ORDENAN RESTITUIR EN SU LUGAR DE TRABAJO A UNA MUJER DESPEDIDA QUE TEN\u00cdA FUERO GREMIAL - Apuntes de San Luis","isPartOf":{"@id":"https:\/\/apuntesdesanluis.com\/#website"},"primaryImageOfPage":{"@id":"https:\/\/apuntesdesanluis.com\/index.php\/2024\/04\/03\/ordenan-restituir-en-su-lugar-de-trabajo-a-una-mujer-despedida-que-tenia-fuero-gremial\/#primaryimage"},"image":{"@id":"https:\/\/apuntesdesanluis.com\/index.php\/2024\/04\/03\/ordenan-restituir-en-su-lugar-de-trabajo-a-una-mujer-despedida-que-tenia-fuero-gremial\/#primaryimage"},"thumbnailUrl":"https:\/\/apuntesdesanluis.com\/wp-content\/uploads\/2024\/04\/despedida.png","datePublished":"2024-04-03T20:47:25+00:00","breadcrumb":{"@id":"https:\/\/apuntesdesanluis.com\/index.php\/2024\/04\/03\/ordenan-restituir-en-su-lugar-de-trabajo-a-una-mujer-despedida-que-tenia-fuero-gremial\/#breadcrumb"},"inLanguage":"es-AR","potentialAction":[{"@type":"ReadAction","target":["https:\/\/apuntesdesanluis.com\/index.php\/2024\/04\/03\/ordenan-restituir-en-su-lugar-de-trabajo-a-una-mujer-despedida-que-tenia-fuero-gremial\/"]}]},{"@type":"ImageObject","inLanguage":"es-AR","@id":"https:\/\/apuntesdesanluis.com\/index.php\/2024\/04\/03\/ordenan-restituir-en-su-lugar-de-trabajo-a-una-mujer-despedida-que-tenia-fuero-gremial\/#primaryimage","url":"https:\/\/apuntesdesanluis.com\/wp-content\/uploads\/2024\/04\/despedida.png","contentUrl":"https:\/\/apuntesdesanluis.com\/wp-content\/uploads\/2024\/04\/despedida.png","width":589,"height":332},{"@type":"BreadcrumbList","@id":"https:\/\/apuntesdesanluis.com\/index.php\/2024\/04\/03\/ordenan-restituir-en-su-lugar-de-trabajo-a-una-mujer-despedida-que-tenia-fuero-gremial\/#breadcrumb","itemListElement":[{"@type":"ListItem","position":1,"name":"Inicio","item":"https:\/\/apuntesdesanluis.com\/"},{"@type":"ListItem","position":2,"name":"ORDENAN RESTITUIR EN SU LUGAR DE TRABAJO A UNA MUJER DESPEDIDA QUE TEN\u00cdA FUERO GREMIAL"}]},{"@type":"WebSite","@id":"https:\/\/apuntesdesanluis.com\/#website","url":"https:\/\/apuntesdesanluis.com\/","name":"Apuntes de San Luis","description":"","publisher":{"@id":"https:\/\/apuntesdesanluis.com\/#\/schema\/person\/b55151d52296fcce64d1a72538a70b90"},"potentialAction":[{"@type":"SearchAction","target":{"@type":"EntryPoint","urlTemplate":"https:\/\/apuntesdesanluis.com\/?s={search_term_string}"},"query-input":{"@type":"PropertyValueSpecification","valueRequired":true,"valueName":"search_term_string"}}],"inLanguage":"es-AR"},{"@type":["Person","Organization"],"@id":"https:\/\/apuntesdesanluis.com\/#\/schema\/person\/b55151d52296fcce64d1a72538a70b90","name":"apuntesdesanluis.com","image":{"@type":"ImageObject","inLanguage":"es-AR","@id":"https:\/\/apuntesdesanluis.com\/#\/schema\/person\/image\/","url":"https:\/\/apuntesdesanluis.com\/wp-content\/uploads\/2023\/07\/cropped-apuntesdesanluis.png","contentUrl":"https:\/\/apuntesdesanluis.com\/wp-content\/uploads\/2023\/07\/cropped-apuntesdesanluis.png","width":450,"height":112,"caption":"apuntesdesanluis.com"},"logo":{"@id":"https:\/\/apuntesdesanluis.com\/#\/schema\/person\/image\/"},"sameAs":["https:\/\/apuntesdesanluis.com"],"url":"https:\/\/apuntesdesanluis.com\/index.php\/author\/apuntesdesanluis-com\/"}]}},"featured_image_urls":{"full":["https:\/\/apuntesdesanluis.com\/wp-content\/uploads\/2024\/04\/despedida.png",589,332,false],"thumbnail":["https:\/\/apuntesdesanluis.com\/wp-content\/uploads\/2024\/04\/despedida-150x150.png",150,150,true],"medium":["https:\/\/apuntesdesanluis.com\/wp-content\/uploads\/2024\/04\/despedida-300x169.png",300,169,true],"medium_large":["https:\/\/apuntesdesanluis.com\/wp-content\/uploads\/2024\/04\/despedida.png",589,332,false],"large":["https:\/\/apuntesdesanluis.com\/wp-content\/uploads\/2024\/04\/despedida.png",589,332,false],"1536x1536":["https:\/\/apuntesdesanluis.com\/wp-content\/uploads\/2024\/04\/despedida.png",589,332,false],"2048x2048":["https:\/\/apuntesdesanluis.com\/wp-content\/uploads\/2024\/04\/despedida.png",589,332,false],"newsever-slider-full":["https:\/\/apuntesdesanluis.com\/wp-content\/uploads\/2024\/04\/despedida.png",589,332,false],"newsever-featured":["https:\/\/apuntesdesanluis.com\/wp-content\/uploads\/2024\/04\/despedida.png",589,332,false],"newsever-medium":["https:\/\/apuntesdesanluis.com\/wp-content\/uploads\/2024\/04\/despedida.png",589,332,false]},"author_info":{"display_name":"apuntesdesanluis.com","author_link":"https:\/\/apuntesdesanluis.com\/index.php\/author\/apuntesdesanluis-com\/"},"category_info":"<a href=\"https:\/\/apuntesdesanluis.com\/index.php\/category\/ciudad-provincia\/\" rel=\"category tag\">Ciudad\/Provincia<\/a>","tag_info":"Ciudad\/Provincia","comment_count":"0","_links":{"self":[{"href":"https:\/\/apuntesdesanluis.com\/index.php\/wp-json\/wp\/v2\/posts\/14085","targetHints":{"allow":["GET"]}}],"collection":[{"href":"https:\/\/apuntesdesanluis.com\/index.php\/wp-json\/wp\/v2\/posts"}],"about":[{"href":"https:\/\/apuntesdesanluis.com\/index.php\/wp-json\/wp\/v2\/types\/post"}],"author":[{"embeddable":true,"href":"https:\/\/apuntesdesanluis.com\/index.php\/wp-json\/wp\/v2\/users\/1"}],"replies":[{"embeddable":true,"href":"https:\/\/apuntesdesanluis.com\/index.php\/wp-json\/wp\/v2\/comments?post=14085"}],"version-history":[{"count":1,"href":"https:\/\/apuntesdesanluis.com\/index.php\/wp-json\/wp\/v2\/posts\/14085\/revisions"}],"predecessor-version":[{"id":14087,"href":"https:\/\/apuntesdesanluis.com\/index.php\/wp-json\/wp\/v2\/posts\/14085\/revisions\/14087"}],"wp:featuredmedia":[{"embeddable":true,"href":"https:\/\/apuntesdesanluis.com\/index.php\/wp-json\/wp\/v2\/media\/14086"}],"wp:attachment":[{"href":"https:\/\/apuntesdesanluis.com\/index.php\/wp-json\/wp\/v2\/media?parent=14085"}],"wp:term":[{"taxonomy":"category","embeddable":true,"href":"https:\/\/apuntesdesanluis.com\/index.php\/wp-json\/wp\/v2\/categories?post=14085"},{"taxonomy":"post_tag","embeddable":true,"href":"https:\/\/apuntesdesanluis.com\/index.php\/wp-json\/wp\/v2\/tags?post=14085"}],"curies":[{"name":"wp","href":"https:\/\/api.w.org\/{rel}","templated":true}]}}