{"id":14091,"date":"2024-04-03T18:04:22","date_gmt":"2024-04-03T21:04:22","guid":{"rendered":"https:\/\/apuntesdesanluis.com\/?p=14091"},"modified":"2024-04-03T18:04:22","modified_gmt":"2024-04-03T21:04:22","slug":"un-efectivo-de-la-policia-federal-cayo-de-su-moto-en-la-ruta-y-fallecio","status":"publish","type":"post","link":"https:\/\/apuntesdesanluis.com\/index.php\/2024\/04\/03\/un-efectivo-de-la-policia-federal-cayo-de-su-moto-en-la-ruta-y-fallecio\/","title":{"rendered":"UN EFECTIVO DE LA POLIC\u00cdA FEDERAL CAY\u00d3 DE SU MOTO EN LA RUTA Y FALLECI\u00d3"},"content":{"rendered":"<h3>El tr\u00e1gico accidente se produjo este mi\u00e9rcoles por la ma\u00f1ana, en la ruta nacional N\u00b0 146, a la altura del kil\u00f3metro 104. El parte oficial de la polic\u00eda no dio a conocer la identidad de la v\u00edctima.<\/h3>\n<h3>En ese lugar, un efectivo de la Polic\u00eda Federal (en ese momento iba de civil) que conduc\u00eda una moto Yamaha Cripton 110 cc, por razones que se tratan de establecer, perdi\u00f3 el control del rodado, impact\u00f3 contra un guardarrail al costado de la ruta y sali\u00f3 despedido, de acuerdo a las primeras averiguaciones.<\/h3>\n<h3>Una ambulancia del sistema de salud p\u00fablico que acudi\u00f3 al lugar del accidente traslad\u00f3 al hombre hacia el Hospital \u201cDra. Mar\u00eda Juliana Becker\u201d de la ciudad de La Punta para su atenci\u00f3n.<\/h3>\n<h3>Posteriormente fue derivado al Hospital Central \u201cDr. Ram\u00f3n Carrillo\u201d, donde falleci\u00f3 en el \u00e1rea de shock room.<\/h3>\n<p>&nbsp;<\/p>\n<h4><span style=\"color: #3366ff;\">(IMAGEN ILUSTRATIVA)<\/span><\/h4>\n<p>&nbsp;<\/p>\n<p>&nbsp;<\/p>\n<p>&nbsp;<\/p>\n","protected":false},"excerpt":{"rendered":"<p>El tr\u00e1gico accidente se produjo este mi\u00e9rcoles por la ma\u00f1ana, en la ruta nacional N\u00b0&#8230;<\/p>\n","protected":false},"author":1,"featured_media":14092,"comment_status":"closed","ping_status":"closed","sticky":false,"template":"","format":"standard","meta":{"footnotes":""},"categories":[6],"tags":[],"class_list":["post-14091","post","type-post","status-publish","format-standard","has-post-thumbnail","hentry","category-ciudad-provincia"],"yoast_head":"<!-- This site is optimized with the Yoast SEO plugin v26.1.1 - https:\/\/yoast.com\/wordpress\/plugins\/seo\/ -->\n<title>UN EFECTIVO DE LA POLIC\u00cdA FEDERAL CAY\u00d3 DE SU MOTO EN LA RUTA Y FALLECI\u00d3 - Apuntes de San Luis<\/title>\n<meta name=\"robots\" content=\"index, follow, max-snippet:-1, max-image-preview:large, max-video-preview:-1\" \/>\n<link rel=\"canonical\" href=\"https:\/\/apuntesdesanluis.com\/index.php\/2024\/04\/03\/un-efectivo-de-la-policia-federal-cayo-de-su-moto-en-la-ruta-y-fallecio\/\" \/>\n<meta property=\"og:locale\" content=\"es_ES\" \/>\n<meta property=\"og:type\" content=\"article\" \/>\n<meta property=\"og:title\" content=\"UN EFECTIVO DE LA POLIC\u00cdA FEDERAL CAY\u00d3 DE SU MOTO EN LA RUTA Y FALLECI\u00d3 - Apuntes de San Luis\" \/>\n<meta property=\"og:description\" content=\"El tr\u00e1gico accidente se produjo este mi\u00e9rcoles por la ma\u00f1ana, en la ruta nacional N\u00b0...\" \/>\n<meta property=\"og:url\" content=\"https:\/\/apuntesdesanluis.com\/index.php\/2024\/04\/03\/un-efectivo-de-la-policia-federal-cayo-de-su-moto-en-la-ruta-y-fallecio\/\" \/>\n<meta property=\"og:site_name\" content=\"Apuntes de San Luis\" \/>\n<meta property=\"article:published_time\" content=\"2024-04-03T21:04:22+00:00\" \/>\n<meta property=\"og:image\" content=\"https:\/\/apuntesdesanluis.com\/wp-content\/uploads\/2024\/04\/moto.png\" \/>\n\t<meta property=\"og:image:width\" content=\"647\" \/>\n\t<meta property=\"og:image:height\" content=\"380\" \/>\n\t<meta property=\"og:image:type\" content=\"image\/png\" \/>\n<meta name=\"author\" content=\"apuntesdesanluis.com\" \/>\n<meta name=\"twitter:card\" content=\"summary_large_image\" \/>\n<meta name=\"twitter:label1\" content=\"Escrito por\" \/>\n\t<meta name=\"twitter:data1\" content=\"apuntesdesanluis.com\" \/>\n\t<meta name=\"twitter:label2\" content=\"Tiempo de lectura\" \/>\n\t<meta name=\"twitter:data2\" content=\"1 minuto\" \/>\n<script type=\"application\/ld+json\" class=\"yoast-schema-graph\">{\"@context\":\"https:\/\/schema.org\",\"@graph\":[{\"@type\":\"Article\",\"@id\":\"https:\/\/apuntesdesanluis.com\/index.php\/2024\/04\/03\/un-efectivo-de-la-policia-federal-cayo-de-su-moto-en-la-ruta-y-fallecio\/#article\",\"isPartOf\":{\"@id\":\"https:\/\/apuntesdesanluis.com\/index.php\/2024\/04\/03\/un-efectivo-de-la-policia-federal-cayo-de-su-moto-en-la-ruta-y-fallecio\/\"},\"author\":{\"name\":\"apuntesdesanluis.com\",\"@id\":\"https:\/\/apuntesdesanluis.com\/#\/schema\/person\/b55151d52296fcce64d1a72538a70b90\"},\"headline\":\"UN EFECTIVO DE LA POLIC\u00cdA FEDERAL CAY\u00d3 DE SU MOTO EN LA RUTA Y FALLECI\u00d3\",\"datePublished\":\"2024-04-03T21:04:22+00:00\",\"mainEntityOfPage\":{\"@id\":\"https:\/\/apuntesdesanluis.com\/index.php\/2024\/04\/03\/un-efectivo-de-la-policia-federal-cayo-de-su-moto-en-la-ruta-y-fallecio\/\"},\"wordCount\":170,\"publisher\":{\"@id\":\"https:\/\/apuntesdesanluis.com\/#\/schema\/person\/b55151d52296fcce64d1a72538a70b90\"},\"image\":{\"@id\":\"https:\/\/apuntesdesanluis.com\/index.php\/2024\/04\/03\/un-efectivo-de-la-policia-federal-cayo-de-su-moto-en-la-ruta-y-fallecio\/#primaryimage\"},\"thumbnailUrl\":\"https:\/\/apuntesdesanluis.com\/wp-content\/uploads\/2024\/04\/moto.png\",\"articleSection\":[\"Ciudad\/Provincia\"],\"inLanguage\":\"es-AR\"},{\"@type\":\"WebPage\",\"@id\":\"https:\/\/apuntesdesanluis.com\/index.php\/2024\/04\/03\/un-efectivo-de-la-policia-federal-cayo-de-su-moto-en-la-ruta-y-fallecio\/\",\"url\":\"https:\/\/apuntesdesanluis.com\/index.php\/2024\/04\/03\/un-efectivo-de-la-policia-federal-cayo-de-su-moto-en-la-ruta-y-fallecio\/\",\"name\":\"UN EFECTIVO DE LA POLIC\u00cdA FEDERAL CAY\u00d3 DE SU MOTO EN LA RUTA Y FALLECI\u00d3 - Apuntes de San Luis\",\"isPartOf\":{\"@id\":\"https:\/\/apuntesdesanluis.com\/#website\"},\"primaryImageOfPage\":{\"@id\":\"https:\/\/apuntesdesanluis.com\/index.php\/2024\/04\/03\/un-efectivo-de-la-policia-federal-cayo-de-su-moto-en-la-ruta-y-fallecio\/#primaryimage\"},\"image\":{\"@id\":\"https:\/\/apuntesdesanluis.com\/index.php\/2024\/04\/03\/un-efectivo-de-la-policia-federal-cayo-de-su-moto-en-la-ruta-y-fallecio\/#primaryimage\"},\"thumbnailUrl\":\"https:\/\/apuntesdesanluis.com\/wp-content\/uploads\/2024\/04\/moto.png\",\"datePublished\":\"2024-04-03T21:04:22+00:00\",\"breadcrumb\":{\"@id\":\"https:\/\/apuntesdesanluis.com\/index.php\/2024\/04\/03\/un-efectivo-de-la-policia-federal-cayo-de-su-moto-en-la-ruta-y-fallecio\/#breadcrumb\"},\"inLanguage\":\"es-AR\",\"potentialAction\":[{\"@type\":\"ReadAction\",\"target\":[\"https:\/\/apuntesdesanluis.com\/index.php\/2024\/04\/03\/un-efectivo-de-la-policia-federal-cayo-de-su-moto-en-la-ruta-y-fallecio\/\"]}]},{\"@type\":\"ImageObject\",\"inLanguage\":\"es-AR\",\"@id\":\"https:\/\/apuntesdesanluis.com\/index.php\/2024\/04\/03\/un-efectivo-de-la-policia-federal-cayo-de-su-moto-en-la-ruta-y-fallecio\/#primaryimage\",\"url\":\"https:\/\/apuntesdesanluis.com\/wp-content\/uploads\/2024\/04\/moto.png\",\"contentUrl\":\"https:\/\/apuntesdesanluis.com\/wp-content\/uploads\/2024\/04\/moto.png\",\"width\":647,\"height\":380},{\"@type\":\"BreadcrumbList\",\"@id\":\"https:\/\/apuntesdesanluis.com\/index.php\/2024\/04\/03\/un-efectivo-de-la-policia-federal-cayo-de-su-moto-en-la-ruta-y-fallecio\/#breadcrumb\",\"itemListElement\":[{\"@type\":\"ListItem\",\"position\":1,\"name\":\"Inicio\",\"item\":\"https:\/\/apuntesdesanluis.com\/\"},{\"@type\":\"ListItem\",\"position\":2,\"name\":\"UN EFECTIVO DE LA POLIC\u00cdA FEDERAL CAY\u00d3 DE SU MOTO EN LA RUTA Y FALLECI\u00d3\"}]},{\"@type\":\"WebSite\",\"@id\":\"https:\/\/apuntesdesanluis.com\/#website\",\"url\":\"https:\/\/apuntesdesanluis.com\/\",\"name\":\"Apuntes de San Luis\",\"description\":\"\",\"publisher\":{\"@id\":\"https:\/\/apuntesdesanluis.com\/#\/schema\/person\/b55151d52296fcce64d1a72538a70b90\"},\"potentialAction\":[{\"@type\":\"SearchAction\",\"target\":{\"@type\":\"EntryPoint\",\"urlTemplate\":\"https:\/\/apuntesdesanluis.com\/?s={search_term_string}\"},\"query-input\":{\"@type\":\"PropertyValueSpecification\",\"valueRequired\":true,\"valueName\":\"search_term_string\"}}],\"inLanguage\":\"es-AR\"},{\"@type\":[\"Person\",\"Organization\"],\"@id\":\"https:\/\/apuntesdesanluis.com\/#\/schema\/person\/b55151d52296fcce64d1a72538a70b90\",\"name\":\"apuntesdesanluis.com\",\"image\":{\"@type\":\"ImageObject\",\"inLanguage\":\"es-AR\",\"@id\":\"https:\/\/apuntesdesanluis.com\/#\/schema\/person\/image\/\",\"url\":\"https:\/\/apuntesdesanluis.com\/wp-content\/uploads\/2023\/07\/cropped-apuntesdesanluis.png\",\"contentUrl\":\"https:\/\/apuntesdesanluis.com\/wp-content\/uploads\/2023\/07\/cropped-apuntesdesanluis.png\",\"width\":450,\"height\":112,\"caption\":\"apuntesdesanluis.com\"},\"logo\":{\"@id\":\"https:\/\/apuntesdesanluis.com\/#\/schema\/person\/image\/\"},\"sameAs\":[\"https:\/\/apuntesdesanluis.com\"],\"url\":\"https:\/\/apuntesdesanluis.com\/index.php\/author\/apuntesdesanluis-com\/\"}]}<\/script>\n<!-- \/ Yoast SEO plugin. -->","yoast_head_json":{"title":"UN EFECTIVO DE LA POLIC\u00cdA FEDERAL CAY\u00d3 DE SU MOTO EN LA RUTA Y FALLECI\u00d3 - Apuntes de San Luis","robots":{"index":"index","follow":"follow","max-snippet":"max-snippet:-1","max-image-preview":"max-image-preview:large","max-video-preview":"max-video-preview:-1"},"canonical":"https:\/\/apuntesdesanluis.com\/index.php\/2024\/04\/03\/un-efectivo-de-la-policia-federal-cayo-de-su-moto-en-la-ruta-y-fallecio\/","og_locale":"es_ES","og_type":"article","og_title":"UN EFECTIVO DE LA POLIC\u00cdA FEDERAL CAY\u00d3 DE SU MOTO EN LA RUTA Y FALLECI\u00d3 - Apuntes de San Luis","og_description":"El tr\u00e1gico accidente se produjo este mi\u00e9rcoles por la ma\u00f1ana, en la ruta nacional N\u00b0...","og_url":"https:\/\/apuntesdesanluis.com\/index.php\/2024\/04\/03\/un-efectivo-de-la-policia-federal-cayo-de-su-moto-en-la-ruta-y-fallecio\/","og_site_name":"Apuntes de San Luis","article_published_time":"2024-04-03T21:04:22+00:00","og_image":[{"width":647,"height":380,"url":"https:\/\/apuntesdesanluis.com\/wp-content\/uploads\/2024\/04\/moto.png","type":"image\/png"}],"author":"apuntesdesanluis.com","twitter_card":"summary_large_image","twitter_misc":{"Escrito por":"apuntesdesanluis.com","Tiempo de lectura":"1 minuto"},"schema":{"@context":"https:\/\/schema.org","@graph":[{"@type":"Article","@id":"https:\/\/apuntesdesanluis.com\/index.php\/2024\/04\/03\/un-efectivo-de-la-policia-federal-cayo-de-su-moto-en-la-ruta-y-fallecio\/#article","isPartOf":{"@id":"https:\/\/apuntesdesanluis.com\/index.php\/2024\/04\/03\/un-efectivo-de-la-policia-federal-cayo-de-su-moto-en-la-ruta-y-fallecio\/"},"author":{"name":"apuntesdesanluis.com","@id":"https:\/\/apuntesdesanluis.com\/#\/schema\/person\/b55151d52296fcce64d1a72538a70b90"},"headline":"UN EFECTIVO DE LA POLIC\u00cdA FEDERAL CAY\u00d3 DE SU MOTO EN LA RUTA Y FALLECI\u00d3","datePublished":"2024-04-03T21:04:22+00:00","mainEntityOfPage":{"@id":"https:\/\/apuntesdesanluis.com\/index.php\/2024\/04\/03\/un-efectivo-de-la-policia-federal-cayo-de-su-moto-en-la-ruta-y-fallecio\/"},"wordCount":170,"publisher":{"@id":"https:\/\/apuntesdesanluis.com\/#\/schema\/person\/b55151d52296fcce64d1a72538a70b90"},"image":{"@id":"https:\/\/apuntesdesanluis.com\/index.php\/2024\/04\/03\/un-efectivo-de-la-policia-federal-cayo-de-su-moto-en-la-ruta-y-fallecio\/#primaryimage"},"thumbnailUrl":"https:\/\/apuntesdesanluis.com\/wp-content\/uploads\/2024\/04\/moto.png","articleSection":["Ciudad\/Provincia"],"inLanguage":"es-AR"},{"@type":"WebPage","@id":"https:\/\/apuntesdesanluis.com\/index.php\/2024\/04\/03\/un-efectivo-de-la-policia-federal-cayo-de-su-moto-en-la-ruta-y-fallecio\/","url":"https:\/\/apuntesdesanluis.com\/index.php\/2024\/04\/03\/un-efectivo-de-la-policia-federal-cayo-de-su-moto-en-la-ruta-y-fallecio\/","name":"UN EFECTIVO DE LA POLIC\u00cdA FEDERAL CAY\u00d3 DE SU MOTO EN LA RUTA Y FALLECI\u00d3 - Apuntes de San Luis","isPartOf":{"@id":"https:\/\/apuntesdesanluis.com\/#website"},"primaryImageOfPage":{"@id":"https:\/\/apuntesdesanluis.com\/index.php\/2024\/04\/03\/un-efectivo-de-la-policia-federal-cayo-de-su-moto-en-la-ruta-y-fallecio\/#primaryimage"},"image":{"@id":"https:\/\/apuntesdesanluis.com\/index.php\/2024\/04\/03\/un-efectivo-de-la-policia-federal-cayo-de-su-moto-en-la-ruta-y-fallecio\/#primaryimage"},"thumbnailUrl":"https:\/\/apuntesdesanluis.com\/wp-content\/uploads\/2024\/04\/moto.png","datePublished":"2024-04-03T21:04:22+00:00","breadcrumb":{"@id":"https:\/\/apuntesdesanluis.com\/index.php\/2024\/04\/03\/un-efectivo-de-la-policia-federal-cayo-de-su-moto-en-la-ruta-y-fallecio\/#breadcrumb"},"inLanguage":"es-AR","potentialAction":[{"@type":"ReadAction","target":["https:\/\/apuntesdesanluis.com\/index.php\/2024\/04\/03\/un-efectivo-de-la-policia-federal-cayo-de-su-moto-en-la-ruta-y-fallecio\/"]}]},{"@type":"ImageObject","inLanguage":"es-AR","@id":"https:\/\/apuntesdesanluis.com\/index.php\/2024\/04\/03\/un-efectivo-de-la-policia-federal-cayo-de-su-moto-en-la-ruta-y-fallecio\/#primaryimage","url":"https:\/\/apuntesdesanluis.com\/wp-content\/uploads\/2024\/04\/moto.png","contentUrl":"https:\/\/apuntesdesanluis.com\/wp-content\/uploads\/2024\/04\/moto.png","width":647,"height":380},{"@type":"BreadcrumbList","@id":"https:\/\/apuntesdesanluis.com\/index.php\/2024\/04\/03\/un-efectivo-de-la-policia-federal-cayo-de-su-moto-en-la-ruta-y-fallecio\/#breadcrumb","itemListElement":[{"@type":"ListItem","position":1,"name":"Inicio","item":"https:\/\/apuntesdesanluis.com\/"},{"@type":"ListItem","position":2,"name":"UN EFECTIVO DE LA POLIC\u00cdA FEDERAL CAY\u00d3 DE SU MOTO EN LA RUTA Y FALLECI\u00d3"}]},{"@type":"WebSite","@id":"https:\/\/apuntesdesanluis.com\/#website","url":"https:\/\/apuntesdesanluis.com\/","name":"Apuntes de San Luis","description":"","publisher":{"@id":"https:\/\/apuntesdesanluis.com\/#\/schema\/person\/b55151d52296fcce64d1a72538a70b90"},"potentialAction":[{"@type":"SearchAction","target":{"@type":"EntryPoint","urlTemplate":"https:\/\/apuntesdesanluis.com\/?s={search_term_string}"},"query-input":{"@type":"PropertyValueSpecification","valueRequired":true,"valueName":"search_term_string"}}],"inLanguage":"es-AR"},{"@type":["Person","Organization"],"@id":"https:\/\/apuntesdesanluis.com\/#\/schema\/person\/b55151d52296fcce64d1a72538a70b90","name":"apuntesdesanluis.com","image":{"@type":"ImageObject","inLanguage":"es-AR","@id":"https:\/\/apuntesdesanluis.com\/#\/schema\/person\/image\/","url":"https:\/\/apuntesdesanluis.com\/wp-content\/uploads\/2023\/07\/cropped-apuntesdesanluis.png","contentUrl":"https:\/\/apuntesdesanluis.com\/wp-content\/uploads\/2023\/07\/cropped-apuntesdesanluis.png","width":450,"height":112,"caption":"apuntesdesanluis.com"},"logo":{"@id":"https:\/\/apuntesdesanluis.com\/#\/schema\/person\/image\/"},"sameAs":["https:\/\/apuntesdesanluis.com"],"url":"https:\/\/apuntesdesanluis.com\/index.php\/author\/apuntesdesanluis-com\/"}]}},"featured_image_urls":{"full":["https:\/\/apuntesdesanluis.com\/wp-content\/uploads\/2024\/04\/moto.png",647,380,false],"thumbnail":["https:\/\/apuntesdesanluis.com\/wp-content\/uploads\/2024\/04\/moto-150x150.png",150,150,true],"medium":["https:\/\/apuntesdesanluis.com\/wp-content\/uploads\/2024\/04\/moto-300x176.png",300,176,true],"medium_large":["https:\/\/apuntesdesanluis.com\/wp-content\/uploads\/2024\/04\/moto.png",640,376,false],"large":["https:\/\/apuntesdesanluis.com\/wp-content\/uploads\/2024\/04\/moto.png",640,376,false],"1536x1536":["https:\/\/apuntesdesanluis.com\/wp-content\/uploads\/2024\/04\/moto.png",647,380,false],"2048x2048":["https:\/\/apuntesdesanluis.com\/wp-content\/uploads\/2024\/04\/moto.png",647,380,false],"newsever-slider-full":["https:\/\/apuntesdesanluis.com\/wp-content\/uploads\/2024\/04\/moto.png",647,380,false],"newsever-featured":["https:\/\/apuntesdesanluis.com\/wp-content\/uploads\/2024\/04\/moto.png",647,380,false],"newsever-medium":["https:\/\/apuntesdesanluis.com\/wp-content\/uploads\/2024\/04\/moto.png",647,380,false]},"author_info":{"display_name":"apuntesdesanluis.com","author_link":"https:\/\/apuntesdesanluis.com\/index.php\/author\/apuntesdesanluis-com\/"},"category_info":"<a href=\"https:\/\/apuntesdesanluis.com\/index.php\/category\/ciudad-provincia\/\" rel=\"category tag\">Ciudad\/Provincia<\/a>","tag_info":"Ciudad\/Provincia","comment_count":"0","_links":{"self":[{"href":"https:\/\/apuntesdesanluis.com\/index.php\/wp-json\/wp\/v2\/posts\/14091","targetHints":{"allow":["GET"]}}],"collection":[{"href":"https:\/\/apuntesdesanluis.com\/index.php\/wp-json\/wp\/v2\/posts"}],"about":[{"href":"https:\/\/apuntesdesanluis.com\/index.php\/wp-json\/wp\/v2\/types\/post"}],"author":[{"embeddable":true,"href":"https:\/\/apuntesdesanluis.com\/index.php\/wp-json\/wp\/v2\/users\/1"}],"replies":[{"embeddable":true,"href":"https:\/\/apuntesdesanluis.com\/index.php\/wp-json\/wp\/v2\/comments?post=14091"}],"version-history":[{"count":1,"href":"https:\/\/apuntesdesanluis.com\/index.php\/wp-json\/wp\/v2\/posts\/14091\/revisions"}],"predecessor-version":[{"id":14093,"href":"https:\/\/apuntesdesanluis.com\/index.php\/wp-json\/wp\/v2\/posts\/14091\/revisions\/14093"}],"wp:featuredmedia":[{"embeddable":true,"href":"https:\/\/apuntesdesanluis.com\/index.php\/wp-json\/wp\/v2\/media\/14092"}],"wp:attachment":[{"href":"https:\/\/apuntesdesanluis.com\/index.php\/wp-json\/wp\/v2\/media?parent=14091"}],"wp:term":[{"taxonomy":"category","embeddable":true,"href":"https:\/\/apuntesdesanluis.com\/index.php\/wp-json\/wp\/v2\/categories?post=14091"},{"taxonomy":"post_tag","embeddable":true,"href":"https:\/\/apuntesdesanluis.com\/index.php\/wp-json\/wp\/v2\/tags?post=14091"}],"curies":[{"name":"wp","href":"https:\/\/api.w.org\/{rel}","templated":true}]}}