{"id":14098,"date":"2024-04-03T18:24:36","date_gmt":"2024-04-03T21:24:36","guid":{"rendered":"https:\/\/apuntesdesanluis.com\/?p=14098"},"modified":"2024-04-03T18:24:36","modified_gmt":"2024-04-03T21:24:36","slug":"la-jefa-del-comando-sur-de-estados-unidos-se-reunio-con-el-jefe-de-gabinete-en-casa-rosada","status":"publish","type":"post","link":"https:\/\/apuntesdesanluis.com\/index.php\/2024\/04\/03\/la-jefa-del-comando-sur-de-estados-unidos-se-reunio-con-el-jefe-de-gabinete-en-casa-rosada\/","title":{"rendered":"LA JEFA DEL COMANDO SUR DE ESTADOS UNIDOS SE REUNI\u00d3 CON EL JEFE DE GABINETE EN CASA ROSADA"},"content":{"rendered":"<h3>La jefa del Comando Sur de Estados Unidos, <strong>Laura Richardson<\/strong>, mantuvo una reuni\u00f3n en Casa Rosada con el jefe de Gabinete, <strong>Nicol\u00e1s Posse<\/strong>, y el ministro de Defensa, <strong>Luis Petri<\/strong>, en el marco de la agenda que llevar\u00e1 a cabo durante su visita a la Argentina.<\/h3>\n<h3>Formaron parte del encuentro, adem\u00e1s el embajador estadounidense en en el pa\u00eds, <strong>Marc Stanle<\/strong>y; el jefe del Estado Mayor Conjunto de las Fuerzas Armadas, <strong>Xavier Isaac<\/strong>, y titulares de las tres fuerzas.<\/h3>\n<h3>En una nueva visita al pa\u00eds, la jefe del Comando Sur tiene intenciones de avanzar en la cooperaci\u00f3n de seguridad regional y alertar sobre la influencia de China en el continente.<\/h3>\n<h3>Adem\u00e1s, acompa\u00f1ada por su asesora especial Sara-Ann Lynch, har\u00e1 foco en el accionar de la base espacial china instalada en la Patagonia que opera bajo el permanente monitoreo de Beijing.<\/h3>\n<h3>En la previa de su visita a Casa Rosada, Richardson se reuni\u00f3 con el ministro de Defensa, Luis Petri, ante quien oficializ\u00f3 la transferencia de un nuevo avi\u00f3n H\u00e9rcules C-130H a la Fuerza A\u00e9rea.<\/h3>\n<h3>Desde la cartera liderada por Petri informaron que la visita de Richardson incluy\u00f3 lo que calificaron de \u201cmomento hist\u00f3rico\u201d que se concret\u00f3 con la transferencia de un nuevo avi\u00f3n de transporte, un H\u00e9rcules C-130H a la Fuerza A\u00e9rea Argentina, que fue le\u00eddo como \u201cs\u00edmbolo de la s\u00f3lida cooperaci\u00f3n bilateral\u201d.<\/h3>\n<h3>\u201cEste avi\u00f3n ic\u00f3nico, con trayectoria de servicio en 70 pa\u00edses, fortalecer\u00e1 nuestras capacidades\u201d, precisaron desde el Ministerio de Defensa, y agregaron: \u201cAgradecemos a Estados Unidos por su apoyo continuo, seguimos trabajando juntos en \u00e1reas clave como la ciberdefensa y la preparaci\u00f3n para desastres, construyendo un futuro seguro\u201d.<\/h3>\n<h3>Adem\u00e1s de la reuni\u00f3n con el funcionarios que responden al presidente Javier Milei, Rirchardson tiene previsto disertar en un panel de debate sobre la integraci\u00f3n de las mujeres en misiones de paz, defensa y seguridad, con especial eje en la importancia de la inclusi\u00f3n y la diversidad en los esfuerzos de seguridad global.<\/h3>\n<h3>Su paso por la Argentina incluye tambi\u00e9n una escala en Ushuaia, donde visitar\u00e1 al personal militar local para conocer sus misiones y el papel que desempe\u00f1an en la salvaguardia de rutas mar\u00edtimas vitales para el comercio global.<\/h3>\n<h3>En tanto, Richardson dar\u00e1 el presente en la ceremonia que se realizar\u00e1 el pr\u00f3ximo viernes donde se concretar\u00e1 la transferencia de un avi\u00f3n de transporte H\u00e9rcules C-130H a la Fuerza A\u00e9rea Argentina. La aeronave est\u00e1 valuada en aproximadamente 30 millones de d\u00f3lares y es parte de una donaci\u00f3n de asistencia de seguridad financiada por Estados Unidos.<\/h3>\n<p>&nbsp;<\/p>\n<p>&nbsp;<\/p>\n<p>&nbsp;<\/p>\n<p>&nbsp;<\/p>\n<p>&nbsp;<\/p>\n<p>&nbsp;<\/p>\n","protected":false},"excerpt":{"rendered":"<p>La jefa del Comando Sur de Estados Unidos, Laura Richardson, mantuvo una reuni\u00f3n en Casa&#8230;<\/p>\n","protected":false},"author":1,"featured_media":14099,"comment_status":"closed","ping_status":"closed","sticky":false,"template":"","format":"standard","meta":{"footnotes":""},"categories":[5],"tags":[],"class_list":["post-14098","post","type-post","status-publish","format-standard","has-post-thumbnail","hentry","category-nacionales-internacionales"],"yoast_head":"<!-- This site is optimized with the Yoast SEO plugin v26.1.1 - https:\/\/yoast.com\/wordpress\/plugins\/seo\/ -->\n<title>LA JEFA DEL COMANDO SUR DE ESTADOS UNIDOS SE REUNI\u00d3 CON EL JEFE DE GABINETE EN CASA ROSADA - Apuntes de San Luis<\/title>\n<meta name=\"robots\" content=\"index, follow, max-snippet:-1, max-image-preview:large, max-video-preview:-1\" \/>\n<link rel=\"canonical\" href=\"https:\/\/apuntesdesanluis.com\/index.php\/2024\/04\/03\/la-jefa-del-comando-sur-de-estados-unidos-se-reunio-con-el-jefe-de-gabinete-en-casa-rosada\/\" \/>\n<meta property=\"og:locale\" content=\"es_ES\" \/>\n<meta property=\"og:type\" content=\"article\" \/>\n<meta property=\"og:title\" content=\"LA JEFA DEL COMANDO SUR DE ESTADOS UNIDOS SE REUNI\u00d3 CON EL JEFE DE GABINETE EN CASA ROSADA - Apuntes de San Luis\" \/>\n<meta property=\"og:description\" content=\"La jefa del Comando Sur de Estados Unidos, Laura Richardson, mantuvo una reuni\u00f3n en Casa...\" \/>\n<meta property=\"og:url\" content=\"https:\/\/apuntesdesanluis.com\/index.php\/2024\/04\/03\/la-jefa-del-comando-sur-de-estados-unidos-se-reunio-con-el-jefe-de-gabinete-en-casa-rosada\/\" \/>\n<meta property=\"og:site_name\" content=\"Apuntes de San Luis\" \/>\n<meta property=\"article:published_time\" content=\"2024-04-03T21:24:36+00:00\" \/>\n<meta property=\"og:image\" content=\"https:\/\/apuntesdesanluis.com\/wp-content\/uploads\/2024\/04\/milicos-con-posse.png\" \/>\n\t<meta property=\"og:image:width\" content=\"626\" \/>\n\t<meta property=\"og:image:height\" content=\"437\" \/>\n\t<meta property=\"og:image:type\" content=\"image\/png\" \/>\n<meta name=\"author\" content=\"apuntesdesanluis.com\" \/>\n<meta name=\"twitter:card\" content=\"summary_large_image\" \/>\n<meta name=\"twitter:label1\" content=\"Escrito por\" \/>\n\t<meta name=\"twitter:data1\" content=\"apuntesdesanluis.com\" \/>\n\t<meta name=\"twitter:label2\" content=\"Tiempo de lectura\" \/>\n\t<meta name=\"twitter:data2\" content=\"2 minutos\" \/>\n<script type=\"application\/ld+json\" class=\"yoast-schema-graph\">{\"@context\":\"https:\/\/schema.org\",\"@graph\":[{\"@type\":\"Article\",\"@id\":\"https:\/\/apuntesdesanluis.com\/index.php\/2024\/04\/03\/la-jefa-del-comando-sur-de-estados-unidos-se-reunio-con-el-jefe-de-gabinete-en-casa-rosada\/#article\",\"isPartOf\":{\"@id\":\"https:\/\/apuntesdesanluis.com\/index.php\/2024\/04\/03\/la-jefa-del-comando-sur-de-estados-unidos-se-reunio-con-el-jefe-de-gabinete-en-casa-rosada\/\"},\"author\":{\"name\":\"apuntesdesanluis.com\",\"@id\":\"https:\/\/apuntesdesanluis.com\/#\/schema\/person\/b55151d52296fcce64d1a72538a70b90\"},\"headline\":\"LA JEFA DEL COMANDO SUR DE ESTADOS UNIDOS SE REUNI\u00d3 CON EL JEFE DE GABINETE EN CASA ROSADA\",\"datePublished\":\"2024-04-03T21:24:36+00:00\",\"mainEntityOfPage\":{\"@id\":\"https:\/\/apuntesdesanluis.com\/index.php\/2024\/04\/03\/la-jefa-del-comando-sur-de-estados-unidos-se-reunio-con-el-jefe-de-gabinete-en-casa-rosada\/\"},\"wordCount\":476,\"publisher\":{\"@id\":\"https:\/\/apuntesdesanluis.com\/#\/schema\/person\/b55151d52296fcce64d1a72538a70b90\"},\"image\":{\"@id\":\"https:\/\/apuntesdesanluis.com\/index.php\/2024\/04\/03\/la-jefa-del-comando-sur-de-estados-unidos-se-reunio-con-el-jefe-de-gabinete-en-casa-rosada\/#primaryimage\"},\"thumbnailUrl\":\"https:\/\/apuntesdesanluis.com\/wp-content\/uploads\/2024\/04\/milicos-con-posse.png\",\"articleSection\":[\"Nacionales\/Internacionales\"],\"inLanguage\":\"es-AR\"},{\"@type\":\"WebPage\",\"@id\":\"https:\/\/apuntesdesanluis.com\/index.php\/2024\/04\/03\/la-jefa-del-comando-sur-de-estados-unidos-se-reunio-con-el-jefe-de-gabinete-en-casa-rosada\/\",\"url\":\"https:\/\/apuntesdesanluis.com\/index.php\/2024\/04\/03\/la-jefa-del-comando-sur-de-estados-unidos-se-reunio-con-el-jefe-de-gabinete-en-casa-rosada\/\",\"name\":\"LA JEFA DEL COMANDO SUR DE ESTADOS UNIDOS SE REUNI\u00d3 CON EL JEFE DE GABINETE EN CASA ROSADA - Apuntes de San Luis\",\"isPartOf\":{\"@id\":\"https:\/\/apuntesdesanluis.com\/#website\"},\"primaryImageOfPage\":{\"@id\":\"https:\/\/apuntesdesanluis.com\/index.php\/2024\/04\/03\/la-jefa-del-comando-sur-de-estados-unidos-se-reunio-con-el-jefe-de-gabinete-en-casa-rosada\/#primaryimage\"},\"image\":{\"@id\":\"https:\/\/apuntesdesanluis.com\/index.php\/2024\/04\/03\/la-jefa-del-comando-sur-de-estados-unidos-se-reunio-con-el-jefe-de-gabinete-en-casa-rosada\/#primaryimage\"},\"thumbnailUrl\":\"https:\/\/apuntesdesanluis.com\/wp-content\/uploads\/2024\/04\/milicos-con-posse.png\",\"datePublished\":\"2024-04-03T21:24:36+00:00\",\"breadcrumb\":{\"@id\":\"https:\/\/apuntesdesanluis.com\/index.php\/2024\/04\/03\/la-jefa-del-comando-sur-de-estados-unidos-se-reunio-con-el-jefe-de-gabinete-en-casa-rosada\/#breadcrumb\"},\"inLanguage\":\"es-AR\",\"potentialAction\":[{\"@type\":\"ReadAction\",\"target\":[\"https:\/\/apuntesdesanluis.com\/index.php\/2024\/04\/03\/la-jefa-del-comando-sur-de-estados-unidos-se-reunio-con-el-jefe-de-gabinete-en-casa-rosada\/\"]}]},{\"@type\":\"ImageObject\",\"inLanguage\":\"es-AR\",\"@id\":\"https:\/\/apuntesdesanluis.com\/index.php\/2024\/04\/03\/la-jefa-del-comando-sur-de-estados-unidos-se-reunio-con-el-jefe-de-gabinete-en-casa-rosada\/#primaryimage\",\"url\":\"https:\/\/apuntesdesanluis.com\/wp-content\/uploads\/2024\/04\/milicos-con-posse.png\",\"contentUrl\":\"https:\/\/apuntesdesanluis.com\/wp-content\/uploads\/2024\/04\/milicos-con-posse.png\",\"width\":626,\"height\":437},{\"@type\":\"BreadcrumbList\",\"@id\":\"https:\/\/apuntesdesanluis.com\/index.php\/2024\/04\/03\/la-jefa-del-comando-sur-de-estados-unidos-se-reunio-con-el-jefe-de-gabinete-en-casa-rosada\/#breadcrumb\",\"itemListElement\":[{\"@type\":\"ListItem\",\"position\":1,\"name\":\"Inicio\",\"item\":\"https:\/\/apuntesdesanluis.com\/\"},{\"@type\":\"ListItem\",\"position\":2,\"name\":\"LA JEFA DEL COMANDO SUR DE ESTADOS UNIDOS SE REUNI\u00d3 CON EL JEFE DE GABINETE EN CASA ROSADA\"}]},{\"@type\":\"WebSite\",\"@id\":\"https:\/\/apuntesdesanluis.com\/#website\",\"url\":\"https:\/\/apuntesdesanluis.com\/\",\"name\":\"Apuntes de San Luis\",\"description\":\"\",\"publisher\":{\"@id\":\"https:\/\/apuntesdesanluis.com\/#\/schema\/person\/b55151d52296fcce64d1a72538a70b90\"},\"potentialAction\":[{\"@type\":\"SearchAction\",\"target\":{\"@type\":\"EntryPoint\",\"urlTemplate\":\"https:\/\/apuntesdesanluis.com\/?s={search_term_string}\"},\"query-input\":{\"@type\":\"PropertyValueSpecification\",\"valueRequired\":true,\"valueName\":\"search_term_string\"}}],\"inLanguage\":\"es-AR\"},{\"@type\":[\"Person\",\"Organization\"],\"@id\":\"https:\/\/apuntesdesanluis.com\/#\/schema\/person\/b55151d52296fcce64d1a72538a70b90\",\"name\":\"apuntesdesanluis.com\",\"image\":{\"@type\":\"ImageObject\",\"inLanguage\":\"es-AR\",\"@id\":\"https:\/\/apuntesdesanluis.com\/#\/schema\/person\/image\/\",\"url\":\"https:\/\/apuntesdesanluis.com\/wp-content\/uploads\/2023\/07\/cropped-apuntesdesanluis.png\",\"contentUrl\":\"https:\/\/apuntesdesanluis.com\/wp-content\/uploads\/2023\/07\/cropped-apuntesdesanluis.png\",\"width\":450,\"height\":112,\"caption\":\"apuntesdesanluis.com\"},\"logo\":{\"@id\":\"https:\/\/apuntesdesanluis.com\/#\/schema\/person\/image\/\"},\"sameAs\":[\"https:\/\/apuntesdesanluis.com\"],\"url\":\"https:\/\/apuntesdesanluis.com\/index.php\/author\/apuntesdesanluis-com\/\"}]}<\/script>\n<!-- \/ Yoast SEO plugin. -->","yoast_head_json":{"title":"LA JEFA DEL COMANDO SUR DE ESTADOS UNIDOS SE REUNI\u00d3 CON EL JEFE DE GABINETE EN CASA ROSADA - Apuntes de San Luis","robots":{"index":"index","follow":"follow","max-snippet":"max-snippet:-1","max-image-preview":"max-image-preview:large","max-video-preview":"max-video-preview:-1"},"canonical":"https:\/\/apuntesdesanluis.com\/index.php\/2024\/04\/03\/la-jefa-del-comando-sur-de-estados-unidos-se-reunio-con-el-jefe-de-gabinete-en-casa-rosada\/","og_locale":"es_ES","og_type":"article","og_title":"LA JEFA DEL COMANDO SUR DE ESTADOS UNIDOS SE REUNI\u00d3 CON EL JEFE DE GABINETE EN CASA ROSADA - Apuntes de San Luis","og_description":"La jefa del Comando Sur de Estados Unidos, Laura Richardson, mantuvo una reuni\u00f3n en Casa...","og_url":"https:\/\/apuntesdesanluis.com\/index.php\/2024\/04\/03\/la-jefa-del-comando-sur-de-estados-unidos-se-reunio-con-el-jefe-de-gabinete-en-casa-rosada\/","og_site_name":"Apuntes de San Luis","article_published_time":"2024-04-03T21:24:36+00:00","og_image":[{"width":626,"height":437,"url":"https:\/\/apuntesdesanluis.com\/wp-content\/uploads\/2024\/04\/milicos-con-posse.png","type":"image\/png"}],"author":"apuntesdesanluis.com","twitter_card":"summary_large_image","twitter_misc":{"Escrito por":"apuntesdesanluis.com","Tiempo de lectura":"2 minutos"},"schema":{"@context":"https:\/\/schema.org","@graph":[{"@type":"Article","@id":"https:\/\/apuntesdesanluis.com\/index.php\/2024\/04\/03\/la-jefa-del-comando-sur-de-estados-unidos-se-reunio-con-el-jefe-de-gabinete-en-casa-rosada\/#article","isPartOf":{"@id":"https:\/\/apuntesdesanluis.com\/index.php\/2024\/04\/03\/la-jefa-del-comando-sur-de-estados-unidos-se-reunio-con-el-jefe-de-gabinete-en-casa-rosada\/"},"author":{"name":"apuntesdesanluis.com","@id":"https:\/\/apuntesdesanluis.com\/#\/schema\/person\/b55151d52296fcce64d1a72538a70b90"},"headline":"LA JEFA DEL COMANDO SUR DE ESTADOS UNIDOS SE REUNI\u00d3 CON EL JEFE DE GABINETE EN CASA ROSADA","datePublished":"2024-04-03T21:24:36+00:00","mainEntityOfPage":{"@id":"https:\/\/apuntesdesanluis.com\/index.php\/2024\/04\/03\/la-jefa-del-comando-sur-de-estados-unidos-se-reunio-con-el-jefe-de-gabinete-en-casa-rosada\/"},"wordCount":476,"publisher":{"@id":"https:\/\/apuntesdesanluis.com\/#\/schema\/person\/b55151d52296fcce64d1a72538a70b90"},"image":{"@id":"https:\/\/apuntesdesanluis.com\/index.php\/2024\/04\/03\/la-jefa-del-comando-sur-de-estados-unidos-se-reunio-con-el-jefe-de-gabinete-en-casa-rosada\/#primaryimage"},"thumbnailUrl":"https:\/\/apuntesdesanluis.com\/wp-content\/uploads\/2024\/04\/milicos-con-posse.png","articleSection":["Nacionales\/Internacionales"],"inLanguage":"es-AR"},{"@type":"WebPage","@id":"https:\/\/apuntesdesanluis.com\/index.php\/2024\/04\/03\/la-jefa-del-comando-sur-de-estados-unidos-se-reunio-con-el-jefe-de-gabinete-en-casa-rosada\/","url":"https:\/\/apuntesdesanluis.com\/index.php\/2024\/04\/03\/la-jefa-del-comando-sur-de-estados-unidos-se-reunio-con-el-jefe-de-gabinete-en-casa-rosada\/","name":"LA JEFA DEL COMANDO SUR DE ESTADOS UNIDOS SE REUNI\u00d3 CON EL JEFE DE GABINETE EN CASA ROSADA - Apuntes de San Luis","isPartOf":{"@id":"https:\/\/apuntesdesanluis.com\/#website"},"primaryImageOfPage":{"@id":"https:\/\/apuntesdesanluis.com\/index.php\/2024\/04\/03\/la-jefa-del-comando-sur-de-estados-unidos-se-reunio-con-el-jefe-de-gabinete-en-casa-rosada\/#primaryimage"},"image":{"@id":"https:\/\/apuntesdesanluis.com\/index.php\/2024\/04\/03\/la-jefa-del-comando-sur-de-estados-unidos-se-reunio-con-el-jefe-de-gabinete-en-casa-rosada\/#primaryimage"},"thumbnailUrl":"https:\/\/apuntesdesanluis.com\/wp-content\/uploads\/2024\/04\/milicos-con-posse.png","datePublished":"2024-04-03T21:24:36+00:00","breadcrumb":{"@id":"https:\/\/apuntesdesanluis.com\/index.php\/2024\/04\/03\/la-jefa-del-comando-sur-de-estados-unidos-se-reunio-con-el-jefe-de-gabinete-en-casa-rosada\/#breadcrumb"},"inLanguage":"es-AR","potentialAction":[{"@type":"ReadAction","target":["https:\/\/apuntesdesanluis.com\/index.php\/2024\/04\/03\/la-jefa-del-comando-sur-de-estados-unidos-se-reunio-con-el-jefe-de-gabinete-en-casa-rosada\/"]}]},{"@type":"ImageObject","inLanguage":"es-AR","@id":"https:\/\/apuntesdesanluis.com\/index.php\/2024\/04\/03\/la-jefa-del-comando-sur-de-estados-unidos-se-reunio-con-el-jefe-de-gabinete-en-casa-rosada\/#primaryimage","url":"https:\/\/apuntesdesanluis.com\/wp-content\/uploads\/2024\/04\/milicos-con-posse.png","contentUrl":"https:\/\/apuntesdesanluis.com\/wp-content\/uploads\/2024\/04\/milicos-con-posse.png","width":626,"height":437},{"@type":"BreadcrumbList","@id":"https:\/\/apuntesdesanluis.com\/index.php\/2024\/04\/03\/la-jefa-del-comando-sur-de-estados-unidos-se-reunio-con-el-jefe-de-gabinete-en-casa-rosada\/#breadcrumb","itemListElement":[{"@type":"ListItem","position":1,"name":"Inicio","item":"https:\/\/apuntesdesanluis.com\/"},{"@type":"ListItem","position":2,"name":"LA JEFA DEL COMANDO SUR DE ESTADOS UNIDOS SE REUNI\u00d3 CON EL JEFE DE GABINETE EN CASA ROSADA"}]},{"@type":"WebSite","@id":"https:\/\/apuntesdesanluis.com\/#website","url":"https:\/\/apuntesdesanluis.com\/","name":"Apuntes de San Luis","description":"","publisher":{"@id":"https:\/\/apuntesdesanluis.com\/#\/schema\/person\/b55151d52296fcce64d1a72538a70b90"},"potentialAction":[{"@type":"SearchAction","target":{"@type":"EntryPoint","urlTemplate":"https:\/\/apuntesdesanluis.com\/?s={search_term_string}"},"query-input":{"@type":"PropertyValueSpecification","valueRequired":true,"valueName":"search_term_string"}}],"inLanguage":"es-AR"},{"@type":["Person","Organization"],"@id":"https:\/\/apuntesdesanluis.com\/#\/schema\/person\/b55151d52296fcce64d1a72538a70b90","name":"apuntesdesanluis.com","image":{"@type":"ImageObject","inLanguage":"es-AR","@id":"https:\/\/apuntesdesanluis.com\/#\/schema\/person\/image\/","url":"https:\/\/apuntesdesanluis.com\/wp-content\/uploads\/2023\/07\/cropped-apuntesdesanluis.png","contentUrl":"https:\/\/apuntesdesanluis.com\/wp-content\/uploads\/2023\/07\/cropped-apuntesdesanluis.png","width":450,"height":112,"caption":"apuntesdesanluis.com"},"logo":{"@id":"https:\/\/apuntesdesanluis.com\/#\/schema\/person\/image\/"},"sameAs":["https:\/\/apuntesdesanluis.com"],"url":"https:\/\/apuntesdesanluis.com\/index.php\/author\/apuntesdesanluis-com\/"}]}},"featured_image_urls":{"full":["https:\/\/apuntesdesanluis.com\/wp-content\/uploads\/2024\/04\/milicos-con-posse.png",626,437,false],"thumbnail":["https:\/\/apuntesdesanluis.com\/wp-content\/uploads\/2024\/04\/milicos-con-posse-150x150.png",150,150,true],"medium":["https:\/\/apuntesdesanluis.com\/wp-content\/uploads\/2024\/04\/milicos-con-posse-300x209.png",300,209,true],"medium_large":["https:\/\/apuntesdesanluis.com\/wp-content\/uploads\/2024\/04\/milicos-con-posse.png",626,437,false],"large":["https:\/\/apuntesdesanluis.com\/wp-content\/uploads\/2024\/04\/milicos-con-posse.png",626,437,false],"1536x1536":["https:\/\/apuntesdesanluis.com\/wp-content\/uploads\/2024\/04\/milicos-con-posse.png",626,437,false],"2048x2048":["https:\/\/apuntesdesanluis.com\/wp-content\/uploads\/2024\/04\/milicos-con-posse.png",626,437,false],"newsever-slider-full":["https:\/\/apuntesdesanluis.com\/wp-content\/uploads\/2024\/04\/milicos-con-posse.png",626,437,false],"newsever-featured":["https:\/\/apuntesdesanluis.com\/wp-content\/uploads\/2024\/04\/milicos-con-posse.png",626,437,false],"newsever-medium":["https:\/\/apuntesdesanluis.com\/wp-content\/uploads\/2024\/04\/milicos-con-posse.png",626,437,false]},"author_info":{"display_name":"apuntesdesanluis.com","author_link":"https:\/\/apuntesdesanluis.com\/index.php\/author\/apuntesdesanluis-com\/"},"category_info":"<a href=\"https:\/\/apuntesdesanluis.com\/index.php\/category\/nacionales-internacionales\/\" rel=\"category tag\">Nacionales\/Internacionales<\/a>","tag_info":"Nacionales\/Internacionales","comment_count":"0","_links":{"self":[{"href":"https:\/\/apuntesdesanluis.com\/index.php\/wp-json\/wp\/v2\/posts\/14098","targetHints":{"allow":["GET"]}}],"collection":[{"href":"https:\/\/apuntesdesanluis.com\/index.php\/wp-json\/wp\/v2\/posts"}],"about":[{"href":"https:\/\/apuntesdesanluis.com\/index.php\/wp-json\/wp\/v2\/types\/post"}],"author":[{"embeddable":true,"href":"https:\/\/apuntesdesanluis.com\/index.php\/wp-json\/wp\/v2\/users\/1"}],"replies":[{"embeddable":true,"href":"https:\/\/apuntesdesanluis.com\/index.php\/wp-json\/wp\/v2\/comments?post=14098"}],"version-history":[{"count":1,"href":"https:\/\/apuntesdesanluis.com\/index.php\/wp-json\/wp\/v2\/posts\/14098\/revisions"}],"predecessor-version":[{"id":14100,"href":"https:\/\/apuntesdesanluis.com\/index.php\/wp-json\/wp\/v2\/posts\/14098\/revisions\/14100"}],"wp:featuredmedia":[{"embeddable":true,"href":"https:\/\/apuntesdesanluis.com\/index.php\/wp-json\/wp\/v2\/media\/14099"}],"wp:attachment":[{"href":"https:\/\/apuntesdesanluis.com\/index.php\/wp-json\/wp\/v2\/media?parent=14098"}],"wp:term":[{"taxonomy":"category","embeddable":true,"href":"https:\/\/apuntesdesanluis.com\/index.php\/wp-json\/wp\/v2\/categories?post=14098"},{"taxonomy":"post_tag","embeddable":true,"href":"https:\/\/apuntesdesanluis.com\/index.php\/wp-json\/wp\/v2\/tags?post=14098"}],"curies":[{"name":"wp","href":"https:\/\/api.w.org\/{rel}","templated":true}]}}