{"id":14101,"date":"2024-04-03T18:35:08","date_gmt":"2024-04-03T21:35:08","guid":{"rendered":"https:\/\/apuntesdesanluis.com\/?p=14101"},"modified":"2024-04-03T18:35:08","modified_gmt":"2024-04-03T21:35:08","slug":"la-cgt-resolvera-el-jueves-11-una-nueva-medida-de-fuerza-contra-el-gobierno-y-se-movilizara-el-1-de-mayo","status":"publish","type":"post","link":"https:\/\/apuntesdesanluis.com\/index.php\/2024\/04\/03\/la-cgt-resolvera-el-jueves-11-una-nueva-medida-de-fuerza-contra-el-gobierno-y-se-movilizara-el-1-de-mayo\/","title":{"rendered":"LA CGT RESOLVER\u00c1 EL JUEVES 11 UNA NUEVA MEDIDA DE FUERZA CONTRA EL GOBIERNO Y SE MOVILIZAR\u00c1 EL 1\u00b0 DE MAYO"},"content":{"rendered":"<h3>La mesa chica de la CGT se ampli\u00f3 con m\u00e1s integrantes, aunque en la reuni\u00f3n de esta tarde no decidi\u00f3 la fecha y la modalidad de su nueva medida de fuerza contra el gobierno de Javier Milei. Luego de casi tres horas de debate, se impuso la propuesta del sector dialoguista y se difiri\u00f3 hasta el jueves 11 la definici\u00f3n de la protesta por parte del Consejo Directivo cegetista. De todas formas, la idea predominante es movilizarse el 1\u00b0 de mayo para conmemorar el D\u00eda del Trabajador, que se convertir\u00e1 en otro escenario callejero del malestar sindical.<\/h3>\n<h3>El cotitular de la CGT <strong>H\u00e9ctor Daer<\/strong> (Sanidad) dijo tras el encuentro que \u201cuna de las movilizaciones ser\u00e1 el 1\u00b0 de mayo, pero previamente habr\u00e1 actividades que se confirmar\u00e1n el jueves 11 en la reuni\u00f3n de Consejo Directivo\u201d, donde se analizar\u00e1 la \u201cmodalidad de acci\u00f3n\u201d que elegir\u00e1 la central obrera.<\/h3>\n<h3>En di\u00e1logo con el periodismo, afirm\u00f3 que la protesta de la CGT \u201cno es solamente por un tema de despidos sino que hay que debatir de fondo si al que no tiene nada y est\u00e1 en el \u00faltimo escal\u00f3n de la vida, el Estado lo tiene que dejar a su merced\u201d. Y agreg\u00f3: \u201cCreemos que el Estado tiene que ser eficiente y articulador para quienes lo necesitan y en desarrollo para nuestro pa\u00eds\u201d.<\/h3>\n<h3>\u201cNo descartamos nada, ni paro ni movilizaci\u00f3n, habr\u00e1 actividades de ac\u00e1 a fin de mes -advirti\u00f3 Daer-. El 1\u00b0 de mayo haremos una gran movilizaci\u00f3n tambi\u00e9n. Por respeto al Consejo Directivo, y para sostener la unidad a rajatabla, la decisi\u00f3n tenemos que tomarla todos los sectores\u201d.<\/h3>\n<h3>La nueva reuni\u00f3n de la mesa chica de la CGT, anticipada por Infobae, estuvo caracterizada por un intenso debate sobre la continuidad del plan de lucha, que se inici\u00f3 el 24 de enero pasado con un par de 12 horas con movilizaci\u00f3n al Congreso. Hac\u00eda dos meses que los dirigentes cegetistas no se ve\u00edan para debatir c\u00f3mo seguir la protesta contra las pol\u00edticas de Milei y ahora lo hicieron en medio de fuertes presiones de distintos sectores sindicales para que se le ponga fecha a un paro general.<\/h3>\n<h3>En el debate de esta tarde, algunos dirigentes insistieron en que, pese a las protestas de algunos sectores contra el ajuste econ\u00f3mico del Gobierno, una buena parte de la sociedad en general parece estar avalando las reformas que impulsa el gobierno libertario, por lo que la CGT ten\u00eda que pensar muy bien cu\u00e1ndo hacer un paro general para asegurarse de que tendr\u00e1 un alto acatamiento.<\/h3>\n<h3>Algunos sindicalistas volvieron a proponer un paro general de 24 horas hacia fines de abril o principios de mayo, mientras otros plantearon la necesidad de una nueva movilizaci\u00f3n callejera. Ante la falta de acuerdo sobre la modalidad de la protesta, se acord\u00f3 convocar para el jueves 11 a una reuni\u00f3n del Consejo Directivo de la CGT para definir c\u00f3mo y cu\u00e1ndo ser\u00e1 la pr\u00f3xima medida de fuerza.<\/h3>\n<h3>De esta forma, se desestim\u00f3 en principio el reclamo de Luis Barrionuevo, titular del Sindicato de Gastron\u00f3micos, que la semana pasada pidi\u00f3 que se llame a un plenario de secretarios generales de la CGT para definir la nueva etapa del plan de lucha. La propuesta fue elogiada por el cotitular de la CGT Carlos Acu\u00f1a (estaciones de servicio), quien no casualmente esta tarde se ausent\u00f3 de la reuni\u00f3n de la mesa chica, que tuvo lugar en la sede de UPCN, en Moreno 1332. Es que Acu\u00f1a no dijo nada cuando Barrionuevo exigi\u00f3 tambi\u00e9n la renuncia de Daer para elegir nuevas autoridades de la CGT.<\/h3>\n<h3>En del debate de UPCN tambi\u00e9n se decidi\u00f3 profundizar los contactos de la CGT con gobernadores y legisladores para lograr que la C\u00e1mara de Diputados rechace el DNU 70, como lo hizo el Senado, y evitar la restituci\u00f3n del Impuesto a las Ganancias que impulsa el Gobierno a trav\u00e9s de la Ley Bases.<\/h3>\n<h3>En tal sentido, se decidi\u00f3 que el mi\u00e9rcoles pr\u00f3ximo, a las 11, la conducci\u00f3n cegetista recibir\u00e1 en la sede de Azopardo 802 a una delegaci\u00f3n de los senadores nacionales de Uni\u00f3n por la Patria para tratar de consensuar posiciones y definir una estrategia en com\u00fan contra la restituci\u00f3n de Ganancias.<\/h3>\n<h3>Consultado sobre Ganancias, Daer dijo que \u201clos gobernadores no pueden ser tan ego\u00edstas de creer que si le ponen un impuesto a los trabajadores van a estar mejor, sino que van a estar peor porque van a tener m\u00e1s recesi\u00f3n en todos sus provincias\u201d. Enseguida a\u00f1adi\u00f3: \u201cCon el tema Ganancias no creo que se metan. Los gobernadores tienen que defender a su pueblo y no dejarse subyugar por un gobierno central que lo \u00fanico que hace es caja\u201d.<\/h3>\n<h3>El encuentro cegetista cont\u00f3 con la participaci\u00f3n de Daer, Pablo Moyano (Camioneros), Andr\u00e9s Rodr\u00edguez (UPCN), Gerardo Mart\u00ednez (UOCRA), Jos\u00e9 Luis Lingeri (Obras Sanitarias), Abel Furl\u00e1n (UOM), Mario Manrique (SMATA), Sergio Sasia (Uni\u00f3n Ferrroviaria), Julio Piumato (judiciales), Juan Carlos Schmid (Dragado y Balizamiento), Cristian Jer\u00f3nimo (vidrio), Guillermo Moser (Luz y Fuerza), Omar Plaini (canillitas) y Pablo Flores (AFIP). Hubo ausentes con aviso como Sergio Romero (UDA), adem\u00e1s de Acu\u00f1a, con quien existen charlas reservadas para descomprimir la tensi\u00f3n interna.<\/h3>\n<p>&nbsp;<\/p>\n<p>&nbsp;<\/p>\n<p>&nbsp;<\/p>\n<p>&nbsp;<\/p>\n<p>&nbsp;<\/p>\n<p>&nbsp;<\/p>\n","protected":false},"excerpt":{"rendered":"<p>La mesa chica de la CGT se ampli\u00f3 con m\u00e1s integrantes, aunque en la reuni\u00f3n&#8230;<\/p>\n","protected":false},"author":1,"featured_media":14102,"comment_status":"closed","ping_status":"closed","sticky":false,"template":"","format":"standard","meta":{"footnotes":""},"categories":[5],"tags":[],"class_list":["post-14101","post","type-post","status-publish","format-standard","has-post-thumbnail","hentry","category-nacionales-internacionales"],"yoast_head":"<!-- This site is optimized with the Yoast SEO plugin v26.1.1 - https:\/\/yoast.com\/wordpress\/plugins\/seo\/ -->\n<title>LA CGT RESOLVER\u00c1 EL JUEVES 11 UNA NUEVA MEDIDA DE FUERZA CONTRA EL GOBIERNO Y SE MOVILIZAR\u00c1 EL 1\u00b0 DE MAYO - Apuntes de San Luis<\/title>\n<meta name=\"robots\" content=\"index, follow, max-snippet:-1, max-image-preview:large, max-video-preview:-1\" \/>\n<link rel=\"canonical\" href=\"https:\/\/apuntesdesanluis.com\/index.php\/2024\/04\/03\/la-cgt-resolvera-el-jueves-11-una-nueva-medida-de-fuerza-contra-el-gobierno-y-se-movilizara-el-1-de-mayo\/\" \/>\n<meta property=\"og:locale\" content=\"es_ES\" \/>\n<meta property=\"og:type\" content=\"article\" \/>\n<meta property=\"og:title\" content=\"LA CGT RESOLVER\u00c1 EL JUEVES 11 UNA NUEVA MEDIDA DE FUERZA CONTRA EL GOBIERNO Y SE MOVILIZAR\u00c1 EL 1\u00b0 DE MAYO - Apuntes de San Luis\" \/>\n<meta property=\"og:description\" content=\"La mesa chica de la CGT se ampli\u00f3 con m\u00e1s integrantes, aunque en la reuni\u00f3n...\" \/>\n<meta property=\"og:url\" content=\"https:\/\/apuntesdesanluis.com\/index.php\/2024\/04\/03\/la-cgt-resolvera-el-jueves-11-una-nueva-medida-de-fuerza-contra-el-gobierno-y-se-movilizara-el-1-de-mayo\/\" \/>\n<meta property=\"og:site_name\" content=\"Apuntes de San Luis\" \/>\n<meta property=\"article:published_time\" content=\"2024-04-03T21:35:08+00:00\" \/>\n<meta property=\"og:image\" content=\"https:\/\/apuntesdesanluis.com\/wp-content\/uploads\/2024\/04\/CGT.png\" \/>\n\t<meta property=\"og:image:width\" content=\"611\" \/>\n\t<meta property=\"og:image:height\" content=\"358\" \/>\n\t<meta property=\"og:image:type\" content=\"image\/png\" \/>\n<meta name=\"author\" content=\"apuntesdesanluis.com\" \/>\n<meta name=\"twitter:card\" content=\"summary_large_image\" \/>\n<meta name=\"twitter:label1\" content=\"Escrito por\" \/>\n\t<meta name=\"twitter:data1\" content=\"apuntesdesanluis.com\" \/>\n\t<meta name=\"twitter:label2\" content=\"Tiempo de lectura\" \/>\n\t<meta name=\"twitter:data2\" content=\"4 minutos\" \/>\n<script type=\"application\/ld+json\" class=\"yoast-schema-graph\">{\"@context\":\"https:\/\/schema.org\",\"@graph\":[{\"@type\":\"Article\",\"@id\":\"https:\/\/apuntesdesanluis.com\/index.php\/2024\/04\/03\/la-cgt-resolvera-el-jueves-11-una-nueva-medida-de-fuerza-contra-el-gobierno-y-se-movilizara-el-1-de-mayo\/#article\",\"isPartOf\":{\"@id\":\"https:\/\/apuntesdesanluis.com\/index.php\/2024\/04\/03\/la-cgt-resolvera-el-jueves-11-una-nueva-medida-de-fuerza-contra-el-gobierno-y-se-movilizara-el-1-de-mayo\/\"},\"author\":{\"name\":\"apuntesdesanluis.com\",\"@id\":\"https:\/\/apuntesdesanluis.com\/#\/schema\/person\/b55151d52296fcce64d1a72538a70b90\"},\"headline\":\"LA CGT RESOLVER\u00c1 EL JUEVES 11 UNA NUEVA MEDIDA DE FUERZA CONTRA EL GOBIERNO Y SE MOVILIZAR\u00c1 EL 1\u00b0 DE MAYO\",\"datePublished\":\"2024-04-03T21:35:08+00:00\",\"mainEntityOfPage\":{\"@id\":\"https:\/\/apuntesdesanluis.com\/index.php\/2024\/04\/03\/la-cgt-resolvera-el-jueves-11-una-nueva-medida-de-fuerza-contra-el-gobierno-y-se-movilizara-el-1-de-mayo\/\"},\"wordCount\":920,\"publisher\":{\"@id\":\"https:\/\/apuntesdesanluis.com\/#\/schema\/person\/b55151d52296fcce64d1a72538a70b90\"},\"image\":{\"@id\":\"https:\/\/apuntesdesanluis.com\/index.php\/2024\/04\/03\/la-cgt-resolvera-el-jueves-11-una-nueva-medida-de-fuerza-contra-el-gobierno-y-se-movilizara-el-1-de-mayo\/#primaryimage\"},\"thumbnailUrl\":\"https:\/\/apuntesdesanluis.com\/wp-content\/uploads\/2024\/04\/CGT.png\",\"articleSection\":[\"Nacionales\/Internacionales\"],\"inLanguage\":\"es-AR\"},{\"@type\":\"WebPage\",\"@id\":\"https:\/\/apuntesdesanluis.com\/index.php\/2024\/04\/03\/la-cgt-resolvera-el-jueves-11-una-nueva-medida-de-fuerza-contra-el-gobierno-y-se-movilizara-el-1-de-mayo\/\",\"url\":\"https:\/\/apuntesdesanluis.com\/index.php\/2024\/04\/03\/la-cgt-resolvera-el-jueves-11-una-nueva-medida-de-fuerza-contra-el-gobierno-y-se-movilizara-el-1-de-mayo\/\",\"name\":\"LA CGT RESOLVER\u00c1 EL JUEVES 11 UNA NUEVA MEDIDA DE FUERZA CONTRA EL GOBIERNO Y SE MOVILIZAR\u00c1 EL 1\u00b0 DE MAYO - Apuntes de San Luis\",\"isPartOf\":{\"@id\":\"https:\/\/apuntesdesanluis.com\/#website\"},\"primaryImageOfPage\":{\"@id\":\"https:\/\/apuntesdesanluis.com\/index.php\/2024\/04\/03\/la-cgt-resolvera-el-jueves-11-una-nueva-medida-de-fuerza-contra-el-gobierno-y-se-movilizara-el-1-de-mayo\/#primaryimage\"},\"image\":{\"@id\":\"https:\/\/apuntesdesanluis.com\/index.php\/2024\/04\/03\/la-cgt-resolvera-el-jueves-11-una-nueva-medida-de-fuerza-contra-el-gobierno-y-se-movilizara-el-1-de-mayo\/#primaryimage\"},\"thumbnailUrl\":\"https:\/\/apuntesdesanluis.com\/wp-content\/uploads\/2024\/04\/CGT.png\",\"datePublished\":\"2024-04-03T21:35:08+00:00\",\"breadcrumb\":{\"@id\":\"https:\/\/apuntesdesanluis.com\/index.php\/2024\/04\/03\/la-cgt-resolvera-el-jueves-11-una-nueva-medida-de-fuerza-contra-el-gobierno-y-se-movilizara-el-1-de-mayo\/#breadcrumb\"},\"inLanguage\":\"es-AR\",\"potentialAction\":[{\"@type\":\"ReadAction\",\"target\":[\"https:\/\/apuntesdesanluis.com\/index.php\/2024\/04\/03\/la-cgt-resolvera-el-jueves-11-una-nueva-medida-de-fuerza-contra-el-gobierno-y-se-movilizara-el-1-de-mayo\/\"]}]},{\"@type\":\"ImageObject\",\"inLanguage\":\"es-AR\",\"@id\":\"https:\/\/apuntesdesanluis.com\/index.php\/2024\/04\/03\/la-cgt-resolvera-el-jueves-11-una-nueva-medida-de-fuerza-contra-el-gobierno-y-se-movilizara-el-1-de-mayo\/#primaryimage\",\"url\":\"https:\/\/apuntesdesanluis.com\/wp-content\/uploads\/2024\/04\/CGT.png\",\"contentUrl\":\"https:\/\/apuntesdesanluis.com\/wp-content\/uploads\/2024\/04\/CGT.png\",\"width\":611,\"height\":358},{\"@type\":\"BreadcrumbList\",\"@id\":\"https:\/\/apuntesdesanluis.com\/index.php\/2024\/04\/03\/la-cgt-resolvera-el-jueves-11-una-nueva-medida-de-fuerza-contra-el-gobierno-y-se-movilizara-el-1-de-mayo\/#breadcrumb\",\"itemListElement\":[{\"@type\":\"ListItem\",\"position\":1,\"name\":\"Inicio\",\"item\":\"https:\/\/apuntesdesanluis.com\/\"},{\"@type\":\"ListItem\",\"position\":2,\"name\":\"LA CGT RESOLVER\u00c1 EL JUEVES 11 UNA NUEVA MEDIDA DE FUERZA CONTRA EL GOBIERNO Y SE MOVILIZAR\u00c1 EL 1\u00b0 DE MAYO\"}]},{\"@type\":\"WebSite\",\"@id\":\"https:\/\/apuntesdesanluis.com\/#website\",\"url\":\"https:\/\/apuntesdesanluis.com\/\",\"name\":\"Apuntes de San Luis\",\"description\":\"\",\"publisher\":{\"@id\":\"https:\/\/apuntesdesanluis.com\/#\/schema\/person\/b55151d52296fcce64d1a72538a70b90\"},\"potentialAction\":[{\"@type\":\"SearchAction\",\"target\":{\"@type\":\"EntryPoint\",\"urlTemplate\":\"https:\/\/apuntesdesanluis.com\/?s={search_term_string}\"},\"query-input\":{\"@type\":\"PropertyValueSpecification\",\"valueRequired\":true,\"valueName\":\"search_term_string\"}}],\"inLanguage\":\"es-AR\"},{\"@type\":[\"Person\",\"Organization\"],\"@id\":\"https:\/\/apuntesdesanluis.com\/#\/schema\/person\/b55151d52296fcce64d1a72538a70b90\",\"name\":\"apuntesdesanluis.com\",\"image\":{\"@type\":\"ImageObject\",\"inLanguage\":\"es-AR\",\"@id\":\"https:\/\/apuntesdesanluis.com\/#\/schema\/person\/image\/\",\"url\":\"https:\/\/apuntesdesanluis.com\/wp-content\/uploads\/2023\/07\/cropped-apuntesdesanluis.png\",\"contentUrl\":\"https:\/\/apuntesdesanluis.com\/wp-content\/uploads\/2023\/07\/cropped-apuntesdesanluis.png\",\"width\":450,\"height\":112,\"caption\":\"apuntesdesanluis.com\"},\"logo\":{\"@id\":\"https:\/\/apuntesdesanluis.com\/#\/schema\/person\/image\/\"},\"sameAs\":[\"https:\/\/apuntesdesanluis.com\"],\"url\":\"https:\/\/apuntesdesanluis.com\/index.php\/author\/apuntesdesanluis-com\/\"}]}<\/script>\n<!-- \/ Yoast SEO plugin. -->","yoast_head_json":{"title":"LA CGT RESOLVER\u00c1 EL JUEVES 11 UNA NUEVA MEDIDA DE FUERZA CONTRA EL GOBIERNO Y SE MOVILIZAR\u00c1 EL 1\u00b0 DE MAYO - Apuntes de San Luis","robots":{"index":"index","follow":"follow","max-snippet":"max-snippet:-1","max-image-preview":"max-image-preview:large","max-video-preview":"max-video-preview:-1"},"canonical":"https:\/\/apuntesdesanluis.com\/index.php\/2024\/04\/03\/la-cgt-resolvera-el-jueves-11-una-nueva-medida-de-fuerza-contra-el-gobierno-y-se-movilizara-el-1-de-mayo\/","og_locale":"es_ES","og_type":"article","og_title":"LA CGT RESOLVER\u00c1 EL JUEVES 11 UNA NUEVA MEDIDA DE FUERZA CONTRA EL GOBIERNO Y SE MOVILIZAR\u00c1 EL 1\u00b0 DE MAYO - Apuntes de San Luis","og_description":"La mesa chica de la CGT se ampli\u00f3 con m\u00e1s integrantes, aunque en la reuni\u00f3n...","og_url":"https:\/\/apuntesdesanluis.com\/index.php\/2024\/04\/03\/la-cgt-resolvera-el-jueves-11-una-nueva-medida-de-fuerza-contra-el-gobierno-y-se-movilizara-el-1-de-mayo\/","og_site_name":"Apuntes de San Luis","article_published_time":"2024-04-03T21:35:08+00:00","og_image":[{"width":611,"height":358,"url":"https:\/\/apuntesdesanluis.com\/wp-content\/uploads\/2024\/04\/CGT.png","type":"image\/png"}],"author":"apuntesdesanluis.com","twitter_card":"summary_large_image","twitter_misc":{"Escrito por":"apuntesdesanluis.com","Tiempo de lectura":"4 minutos"},"schema":{"@context":"https:\/\/schema.org","@graph":[{"@type":"Article","@id":"https:\/\/apuntesdesanluis.com\/index.php\/2024\/04\/03\/la-cgt-resolvera-el-jueves-11-una-nueva-medida-de-fuerza-contra-el-gobierno-y-se-movilizara-el-1-de-mayo\/#article","isPartOf":{"@id":"https:\/\/apuntesdesanluis.com\/index.php\/2024\/04\/03\/la-cgt-resolvera-el-jueves-11-una-nueva-medida-de-fuerza-contra-el-gobierno-y-se-movilizara-el-1-de-mayo\/"},"author":{"name":"apuntesdesanluis.com","@id":"https:\/\/apuntesdesanluis.com\/#\/schema\/person\/b55151d52296fcce64d1a72538a70b90"},"headline":"LA CGT RESOLVER\u00c1 EL JUEVES 11 UNA NUEVA MEDIDA DE FUERZA CONTRA EL GOBIERNO Y SE MOVILIZAR\u00c1 EL 1\u00b0 DE MAYO","datePublished":"2024-04-03T21:35:08+00:00","mainEntityOfPage":{"@id":"https:\/\/apuntesdesanluis.com\/index.php\/2024\/04\/03\/la-cgt-resolvera-el-jueves-11-una-nueva-medida-de-fuerza-contra-el-gobierno-y-se-movilizara-el-1-de-mayo\/"},"wordCount":920,"publisher":{"@id":"https:\/\/apuntesdesanluis.com\/#\/schema\/person\/b55151d52296fcce64d1a72538a70b90"},"image":{"@id":"https:\/\/apuntesdesanluis.com\/index.php\/2024\/04\/03\/la-cgt-resolvera-el-jueves-11-una-nueva-medida-de-fuerza-contra-el-gobierno-y-se-movilizara-el-1-de-mayo\/#primaryimage"},"thumbnailUrl":"https:\/\/apuntesdesanluis.com\/wp-content\/uploads\/2024\/04\/CGT.png","articleSection":["Nacionales\/Internacionales"],"inLanguage":"es-AR"},{"@type":"WebPage","@id":"https:\/\/apuntesdesanluis.com\/index.php\/2024\/04\/03\/la-cgt-resolvera-el-jueves-11-una-nueva-medida-de-fuerza-contra-el-gobierno-y-se-movilizara-el-1-de-mayo\/","url":"https:\/\/apuntesdesanluis.com\/index.php\/2024\/04\/03\/la-cgt-resolvera-el-jueves-11-una-nueva-medida-de-fuerza-contra-el-gobierno-y-se-movilizara-el-1-de-mayo\/","name":"LA CGT RESOLVER\u00c1 EL JUEVES 11 UNA NUEVA MEDIDA DE FUERZA CONTRA EL GOBIERNO Y SE MOVILIZAR\u00c1 EL 1\u00b0 DE MAYO - Apuntes de San Luis","isPartOf":{"@id":"https:\/\/apuntesdesanluis.com\/#website"},"primaryImageOfPage":{"@id":"https:\/\/apuntesdesanluis.com\/index.php\/2024\/04\/03\/la-cgt-resolvera-el-jueves-11-una-nueva-medida-de-fuerza-contra-el-gobierno-y-se-movilizara-el-1-de-mayo\/#primaryimage"},"image":{"@id":"https:\/\/apuntesdesanluis.com\/index.php\/2024\/04\/03\/la-cgt-resolvera-el-jueves-11-una-nueva-medida-de-fuerza-contra-el-gobierno-y-se-movilizara-el-1-de-mayo\/#primaryimage"},"thumbnailUrl":"https:\/\/apuntesdesanluis.com\/wp-content\/uploads\/2024\/04\/CGT.png","datePublished":"2024-04-03T21:35:08+00:00","breadcrumb":{"@id":"https:\/\/apuntesdesanluis.com\/index.php\/2024\/04\/03\/la-cgt-resolvera-el-jueves-11-una-nueva-medida-de-fuerza-contra-el-gobierno-y-se-movilizara-el-1-de-mayo\/#breadcrumb"},"inLanguage":"es-AR","potentialAction":[{"@type":"ReadAction","target":["https:\/\/apuntesdesanluis.com\/index.php\/2024\/04\/03\/la-cgt-resolvera-el-jueves-11-una-nueva-medida-de-fuerza-contra-el-gobierno-y-se-movilizara-el-1-de-mayo\/"]}]},{"@type":"ImageObject","inLanguage":"es-AR","@id":"https:\/\/apuntesdesanluis.com\/index.php\/2024\/04\/03\/la-cgt-resolvera-el-jueves-11-una-nueva-medida-de-fuerza-contra-el-gobierno-y-se-movilizara-el-1-de-mayo\/#primaryimage","url":"https:\/\/apuntesdesanluis.com\/wp-content\/uploads\/2024\/04\/CGT.png","contentUrl":"https:\/\/apuntesdesanluis.com\/wp-content\/uploads\/2024\/04\/CGT.png","width":611,"height":358},{"@type":"BreadcrumbList","@id":"https:\/\/apuntesdesanluis.com\/index.php\/2024\/04\/03\/la-cgt-resolvera-el-jueves-11-una-nueva-medida-de-fuerza-contra-el-gobierno-y-se-movilizara-el-1-de-mayo\/#breadcrumb","itemListElement":[{"@type":"ListItem","position":1,"name":"Inicio","item":"https:\/\/apuntesdesanluis.com\/"},{"@type":"ListItem","position":2,"name":"LA CGT RESOLVER\u00c1 EL JUEVES 11 UNA NUEVA MEDIDA DE FUERZA CONTRA EL GOBIERNO Y SE MOVILIZAR\u00c1 EL 1\u00b0 DE MAYO"}]},{"@type":"WebSite","@id":"https:\/\/apuntesdesanluis.com\/#website","url":"https:\/\/apuntesdesanluis.com\/","name":"Apuntes de San Luis","description":"","publisher":{"@id":"https:\/\/apuntesdesanluis.com\/#\/schema\/person\/b55151d52296fcce64d1a72538a70b90"},"potentialAction":[{"@type":"SearchAction","target":{"@type":"EntryPoint","urlTemplate":"https:\/\/apuntesdesanluis.com\/?s={search_term_string}"},"query-input":{"@type":"PropertyValueSpecification","valueRequired":true,"valueName":"search_term_string"}}],"inLanguage":"es-AR"},{"@type":["Person","Organization"],"@id":"https:\/\/apuntesdesanluis.com\/#\/schema\/person\/b55151d52296fcce64d1a72538a70b90","name":"apuntesdesanluis.com","image":{"@type":"ImageObject","inLanguage":"es-AR","@id":"https:\/\/apuntesdesanluis.com\/#\/schema\/person\/image\/","url":"https:\/\/apuntesdesanluis.com\/wp-content\/uploads\/2023\/07\/cropped-apuntesdesanluis.png","contentUrl":"https:\/\/apuntesdesanluis.com\/wp-content\/uploads\/2023\/07\/cropped-apuntesdesanluis.png","width":450,"height":112,"caption":"apuntesdesanluis.com"},"logo":{"@id":"https:\/\/apuntesdesanluis.com\/#\/schema\/person\/image\/"},"sameAs":["https:\/\/apuntesdesanluis.com"],"url":"https:\/\/apuntesdesanluis.com\/index.php\/author\/apuntesdesanluis-com\/"}]}},"featured_image_urls":{"full":["https:\/\/apuntesdesanluis.com\/wp-content\/uploads\/2024\/04\/CGT.png",611,358,false],"thumbnail":["https:\/\/apuntesdesanluis.com\/wp-content\/uploads\/2024\/04\/CGT-150x150.png",150,150,true],"medium":["https:\/\/apuntesdesanluis.com\/wp-content\/uploads\/2024\/04\/CGT-300x176.png",300,176,true],"medium_large":["https:\/\/apuntesdesanluis.com\/wp-content\/uploads\/2024\/04\/CGT.png",611,358,false],"large":["https:\/\/apuntesdesanluis.com\/wp-content\/uploads\/2024\/04\/CGT.png",611,358,false],"1536x1536":["https:\/\/apuntesdesanluis.com\/wp-content\/uploads\/2024\/04\/CGT.png",611,358,false],"2048x2048":["https:\/\/apuntesdesanluis.com\/wp-content\/uploads\/2024\/04\/CGT.png",611,358,false],"newsever-slider-full":["https:\/\/apuntesdesanluis.com\/wp-content\/uploads\/2024\/04\/CGT.png",611,358,false],"newsever-featured":["https:\/\/apuntesdesanluis.com\/wp-content\/uploads\/2024\/04\/CGT.png",611,358,false],"newsever-medium":["https:\/\/apuntesdesanluis.com\/wp-content\/uploads\/2024\/04\/CGT.png",611,358,false]},"author_info":{"display_name":"apuntesdesanluis.com","author_link":"https:\/\/apuntesdesanluis.com\/index.php\/author\/apuntesdesanluis-com\/"},"category_info":"<a href=\"https:\/\/apuntesdesanluis.com\/index.php\/category\/nacionales-internacionales\/\" rel=\"category tag\">Nacionales\/Internacionales<\/a>","tag_info":"Nacionales\/Internacionales","comment_count":"0","_links":{"self":[{"href":"https:\/\/apuntesdesanluis.com\/index.php\/wp-json\/wp\/v2\/posts\/14101","targetHints":{"allow":["GET"]}}],"collection":[{"href":"https:\/\/apuntesdesanluis.com\/index.php\/wp-json\/wp\/v2\/posts"}],"about":[{"href":"https:\/\/apuntesdesanluis.com\/index.php\/wp-json\/wp\/v2\/types\/post"}],"author":[{"embeddable":true,"href":"https:\/\/apuntesdesanluis.com\/index.php\/wp-json\/wp\/v2\/users\/1"}],"replies":[{"embeddable":true,"href":"https:\/\/apuntesdesanluis.com\/index.php\/wp-json\/wp\/v2\/comments?post=14101"}],"version-history":[{"count":1,"href":"https:\/\/apuntesdesanluis.com\/index.php\/wp-json\/wp\/v2\/posts\/14101\/revisions"}],"predecessor-version":[{"id":14103,"href":"https:\/\/apuntesdesanluis.com\/index.php\/wp-json\/wp\/v2\/posts\/14101\/revisions\/14103"}],"wp:featuredmedia":[{"embeddable":true,"href":"https:\/\/apuntesdesanluis.com\/index.php\/wp-json\/wp\/v2\/media\/14102"}],"wp:attachment":[{"href":"https:\/\/apuntesdesanluis.com\/index.php\/wp-json\/wp\/v2\/media?parent=14101"}],"wp:term":[{"taxonomy":"category","embeddable":true,"href":"https:\/\/apuntesdesanluis.com\/index.php\/wp-json\/wp\/v2\/categories?post=14101"},{"taxonomy":"post_tag","embeddable":true,"href":"https:\/\/apuntesdesanluis.com\/index.php\/wp-json\/wp\/v2\/tags?post=14101"}],"curies":[{"name":"wp","href":"https:\/\/api.w.org\/{rel}","templated":true}]}}