{"id":14107,"date":"2024-04-03T18:45:17","date_gmt":"2024-04-03T21:45:17","guid":{"rendered":"https:\/\/apuntesdesanluis.com\/?p=14107"},"modified":"2024-04-03T18:45:17","modified_gmt":"2024-04-03T21:45:17","slug":"tragedia-en-entre-rios-un-joven-de-16-anos-manejaba-por-la-ruta-choco-y-murieron-un-padre-y-su-hijo","status":"publish","type":"post","link":"https:\/\/apuntesdesanluis.com\/index.php\/2024\/04\/03\/tragedia-en-entre-rios-un-joven-de-16-anos-manejaba-por-la-ruta-choco-y-murieron-un-padre-y-su-hijo\/","title":{"rendered":"TRAGEDIA EN ENTRE R\u00cdOS: UN JOVEN DE 16 A\u00d1OS MANEJABA POR LA RUTA, CHOC\u00d3 Y MURIERON UN PADRE Y SU HIJO"},"content":{"rendered":"<h3>Un hombre de 33 a\u00f1os y su hijo de 8 murieron en un accidente de tr\u00e1nsito ocurrido en la ruta 44, cerca del ingreso a Federaci\u00f3n, en la provincia de Entre R\u00edos.<\/h3>\n<h3>Las v\u00edctimas, que regresaban luego del fin de semana largo a su ciudad, Concordia, circulaban en un Volkswagen Fox negro que fue impactado por un Chevrolet Cruze blanco, que era conducido por un joven de 16 a\u00f1os e ingresaba a Federaci\u00f3n.<\/h3>\n<h3>La madre del ni\u00f1o fallecido y su hermana de seis a\u00f1os, que tambi\u00e9n viajaban en el Fox, fueron trasladadas un hospital de Concordia y permanecen internadas en grave estado.<\/h3>\n<h3>Junto a ellos viajaban por la misma ruta otros dos veh\u00edculos con allegados con quienes hab\u00edan pasado el d\u00eda, inform\u00f3 Diario R\u00edo Uruguay, seg\u00fan el testimonio de un hermano del automovilista fallecido.<\/h3>\n<p><img fetchpriority=\"high\" decoding=\"async\" class=\"wp-image-14109 aligncenter\" src=\"https:\/\/apuntesdesanluis.com\/wp-content\/uploads\/2024\/04\/AUTO-300x158.png\" alt=\"\" width=\"636\" height=\"335\" srcset=\"https:\/\/apuntesdesanluis.com\/wp-content\/uploads\/2024\/04\/AUTO-300x158.png 300w, https:\/\/apuntesdesanluis.com\/wp-content\/uploads\/2024\/04\/AUTO.png 586w\" sizes=\"(max-width: 636px) 100vw, 636px\" \/><\/p>\n<h3>En el Cruze, adem\u00e1s del adolescente de 16 a\u00f1os viajaba otra joven de 15 a\u00f1os. Ninguno de los dos sufri\u00f3 heridas graves.<\/h3>\n<h3>\u201cA las 21:40 nosotros tomamos intervenci\u00f3n por un siniestro vial ocurrido a tres kil\u00f3metros aproximadamente del casco urbano, en la Ruta 44, sobre el desv\u00edo del tr\u00e1fico pesado\u201d, confirm\u00f3 el comisario inspector y subjefe departamental de la Polic\u00eda de Federaci\u00f3n, Esteban Riquelme.<\/h3>\n<h3>El padre de la familia, identificado como Octavio Telliz y funcionario de la Prefectura Naval Argentina de Concordia (PNA) falleci\u00f3 en el lugar. Poco tiempo despu\u00e9s, las ambulancias se hicieron presentes para trasladar de urgencia al resto de las v\u00edctimas; el ni\u00f1o de 8 a\u00f1os, que se encontraba en grave estado, muri\u00f3 en el hospital local de la ciudad.<\/h3>\n<h3>La Polic\u00eda de Federaci\u00f3n inform\u00f3 que uno de los veh\u00edculos \u201cinvadi\u00f3\u201d el carril contrario y, seg\u00fan evidenci\u00f3 el impacto, alguno de los dos \u201cven\u00eda a gran velocidad\u201d. Ambos autom\u00f3viles acabaron en la banquina por el choque.<\/h3>\n<h3>\u201cDel punto de impacto, el Chevrolet Cruze se detuvo aproximadamente a unos 30 metros y el motor del veh\u00edculo, que se desprendi\u00f3, se encontr\u00f3 a otros 20 o 30 metros, lo que evidencia un golpe bastante importante\u201d, agregaron. Los resultados de las pericias de velocidad, punto de impacto y responsabilidad estar\u00e1n a cargo del equipo de profesionales de Criminal\u00edstica.<\/h3>\n<h3>La fiscal de turno Josefina Penon Busaniche intervino en el lugar, as\u00ed como personal de la Caminera, la divisi\u00f3n Criminal\u00edstica de la Polic\u00eda de Entre R\u00edos y personal de Bomberos Voluntarios de Federaci\u00f3n.<\/h3>\n<p><img decoding=\"async\" class=\"wp-image-14110 aligncenter\" src=\"https:\/\/apuntesdesanluis.com\/wp-content\/uploads\/2024\/04\/UNIDAD-300x185.png\" alt=\"\" width=\"641\" height=\"395\" srcset=\"https:\/\/apuntesdesanluis.com\/wp-content\/uploads\/2024\/04\/UNIDAD-300x185.png 300w, https:\/\/apuntesdesanluis.com\/wp-content\/uploads\/2024\/04\/UNIDAD.png 577w\" sizes=\"(max-width: 641px) 100vw, 641px\" \/><\/p>\n<h3>QU\u00c9 PAS\u00d3 CON LOS SOBREVIVIENTES<\/h3>\n<h3>La ni\u00f1a de 6 a\u00f1os y su madre de 30 a\u00f1os, Daniela Dos Santos, fueron derivadas al Hospital Delicia Concepci\u00f3n Masvernat, ubicado en Concordia. El centro de salud detall\u00f3 al medio local que Dos Santos present\u00f3 un \u201cpolitrauma m\u00e1s TEC (Traumatismo Enc\u00e9falo Craneano) grave\u201d.<\/h3>\n<h3>Adem\u00e1s, ingres\u00f3 \u201cintubada, hemodin\u00e1micamente inestable e hipotensa\u201d a terapia intensiva y se evidenci\u00f3 \u201cedema cerebral, contusi\u00f3n polmunar bilateral, fractura costales izquierdas, neumot\u00f3rax, con contusi\u00f3n hep\u00e1tica, fractura medial h\u00famero izquierdo\u201d.<\/h3>\n<h3>En tanto, la ni\u00f1a se encuentra \u201cen grave estado con politrauma\u201d. Indicaron tambi\u00e9n que tuvo que ser reanimada por un paro cardiorespiratorio e intubada, tras ingresar al nosocomio.<\/h3>\n<h3>La joven de 15 a\u00f1os que viajaba como acompa\u00f1ante del Chevrolet Cruze presenta fractura de h\u00famero y fractura distal radio derecha -es decir, de mu\u00f1eca-, mientras que el adolescente que conduc\u00eda cuenta con \u201cTEC politraumatismos con fractura de peron\u00e9 derecho y m\u00faltiples escoriaciones\u201d.<\/h3>\n<p>&nbsp;<\/p>\n<p>&nbsp;<\/p>\n<p>&nbsp;<\/p>\n<p>&nbsp;<\/p>\n<p>&nbsp;<\/p>\n<p>&nbsp;<\/p>\n","protected":false},"excerpt":{"rendered":"<p>Un hombre de 33 a\u00f1os y su hijo de 8 murieron en un accidente de&#8230;<\/p>\n","protected":false},"author":1,"featured_media":14108,"comment_status":"closed","ping_status":"closed","sticky":false,"template":"","format":"standard","meta":{"footnotes":""},"categories":[5],"tags":[],"class_list":["post-14107","post","type-post","status-publish","format-standard","has-post-thumbnail","hentry","category-nacionales-internacionales"],"yoast_head":"<!-- This site is optimized with the Yoast SEO plugin v26.1.1 - https:\/\/yoast.com\/wordpress\/plugins\/seo\/ -->\n<title>TRAGEDIA EN ENTRE R\u00cdOS: UN JOVEN DE 16 A\u00d1OS MANEJABA POR LA RUTA, CHOC\u00d3 Y MURIERON UN PADRE Y SU HIJO - Apuntes de San Luis<\/title>\n<meta name=\"robots\" content=\"index, follow, max-snippet:-1, max-image-preview:large, max-video-preview:-1\" \/>\n<link rel=\"canonical\" href=\"https:\/\/apuntesdesanluis.com\/index.php\/2024\/04\/03\/tragedia-en-entre-rios-un-joven-de-16-anos-manejaba-por-la-ruta-choco-y-murieron-un-padre-y-su-hijo\/\" \/>\n<meta property=\"og:locale\" content=\"es_ES\" \/>\n<meta property=\"og:type\" content=\"article\" \/>\n<meta property=\"og:title\" content=\"TRAGEDIA EN ENTRE R\u00cdOS: UN JOVEN DE 16 A\u00d1OS MANEJABA POR LA RUTA, CHOC\u00d3 Y MURIERON UN PADRE Y SU HIJO - Apuntes de San Luis\" \/>\n<meta property=\"og:description\" content=\"Un hombre de 33 a\u00f1os y su hijo de 8 murieron en un accidente de...\" \/>\n<meta property=\"og:url\" content=\"https:\/\/apuntesdesanluis.com\/index.php\/2024\/04\/03\/tragedia-en-entre-rios-un-joven-de-16-anos-manejaba-por-la-ruta-choco-y-murieron-un-padre-y-su-hijo\/\" \/>\n<meta property=\"og:site_name\" content=\"Apuntes de San Luis\" \/>\n<meta property=\"article:published_time\" content=\"2024-04-03T21:45:17+00:00\" \/>\n<meta property=\"og:image\" content=\"https:\/\/apuntesdesanluis.com\/wp-content\/uploads\/2024\/04\/CHOQUE.png\" \/>\n\t<meta property=\"og:image:width\" content=\"621\" \/>\n\t<meta property=\"og:image:height\" content=\"353\" \/>\n\t<meta property=\"og:image:type\" content=\"image\/png\" \/>\n<meta name=\"author\" content=\"apuntesdesanluis.com\" \/>\n<meta name=\"twitter:card\" content=\"summary_large_image\" \/>\n<meta name=\"twitter:label1\" content=\"Escrito por\" \/>\n\t<meta name=\"twitter:data1\" content=\"apuntesdesanluis.com\" \/>\n\t<meta name=\"twitter:label2\" content=\"Tiempo de lectura\" \/>\n\t<meta name=\"twitter:data2\" content=\"3 minutos\" \/>\n<script type=\"application\/ld+json\" class=\"yoast-schema-graph\">{\"@context\":\"https:\/\/schema.org\",\"@graph\":[{\"@type\":\"Article\",\"@id\":\"https:\/\/apuntesdesanluis.com\/index.php\/2024\/04\/03\/tragedia-en-entre-rios-un-joven-de-16-anos-manejaba-por-la-ruta-choco-y-murieron-un-padre-y-su-hijo\/#article\",\"isPartOf\":{\"@id\":\"https:\/\/apuntesdesanluis.com\/index.php\/2024\/04\/03\/tragedia-en-entre-rios-un-joven-de-16-anos-manejaba-por-la-ruta-choco-y-murieron-un-padre-y-su-hijo\/\"},\"author\":{\"name\":\"apuntesdesanluis.com\",\"@id\":\"https:\/\/apuntesdesanluis.com\/#\/schema\/person\/b55151d52296fcce64d1a72538a70b90\"},\"headline\":\"TRAGEDIA EN ENTRE R\u00cdOS: UN JOVEN DE 16 A\u00d1OS MANEJABA POR LA RUTA, CHOC\u00d3 Y MURIERON UN PADRE Y SU HIJO\",\"datePublished\":\"2024-04-03T21:45:17+00:00\",\"mainEntityOfPage\":{\"@id\":\"https:\/\/apuntesdesanluis.com\/index.php\/2024\/04\/03\/tragedia-en-entre-rios-un-joven-de-16-anos-manejaba-por-la-ruta-choco-y-murieron-un-padre-y-su-hijo\/\"},\"wordCount\":610,\"publisher\":{\"@id\":\"https:\/\/apuntesdesanluis.com\/#\/schema\/person\/b55151d52296fcce64d1a72538a70b90\"},\"image\":{\"@id\":\"https:\/\/apuntesdesanluis.com\/index.php\/2024\/04\/03\/tragedia-en-entre-rios-un-joven-de-16-anos-manejaba-por-la-ruta-choco-y-murieron-un-padre-y-su-hijo\/#primaryimage\"},\"thumbnailUrl\":\"https:\/\/apuntesdesanluis.com\/wp-content\/uploads\/2024\/04\/CHOQUE.png\",\"articleSection\":[\"Nacionales\/Internacionales\"],\"inLanguage\":\"es-AR\"},{\"@type\":\"WebPage\",\"@id\":\"https:\/\/apuntesdesanluis.com\/index.php\/2024\/04\/03\/tragedia-en-entre-rios-un-joven-de-16-anos-manejaba-por-la-ruta-choco-y-murieron-un-padre-y-su-hijo\/\",\"url\":\"https:\/\/apuntesdesanluis.com\/index.php\/2024\/04\/03\/tragedia-en-entre-rios-un-joven-de-16-anos-manejaba-por-la-ruta-choco-y-murieron-un-padre-y-su-hijo\/\",\"name\":\"TRAGEDIA EN ENTRE R\u00cdOS: UN JOVEN DE 16 A\u00d1OS MANEJABA POR LA RUTA, CHOC\u00d3 Y MURIERON UN PADRE Y SU HIJO - Apuntes de San Luis\",\"isPartOf\":{\"@id\":\"https:\/\/apuntesdesanluis.com\/#website\"},\"primaryImageOfPage\":{\"@id\":\"https:\/\/apuntesdesanluis.com\/index.php\/2024\/04\/03\/tragedia-en-entre-rios-un-joven-de-16-anos-manejaba-por-la-ruta-choco-y-murieron-un-padre-y-su-hijo\/#primaryimage\"},\"image\":{\"@id\":\"https:\/\/apuntesdesanluis.com\/index.php\/2024\/04\/03\/tragedia-en-entre-rios-un-joven-de-16-anos-manejaba-por-la-ruta-choco-y-murieron-un-padre-y-su-hijo\/#primaryimage\"},\"thumbnailUrl\":\"https:\/\/apuntesdesanluis.com\/wp-content\/uploads\/2024\/04\/CHOQUE.png\",\"datePublished\":\"2024-04-03T21:45:17+00:00\",\"breadcrumb\":{\"@id\":\"https:\/\/apuntesdesanluis.com\/index.php\/2024\/04\/03\/tragedia-en-entre-rios-un-joven-de-16-anos-manejaba-por-la-ruta-choco-y-murieron-un-padre-y-su-hijo\/#breadcrumb\"},\"inLanguage\":\"es-AR\",\"potentialAction\":[{\"@type\":\"ReadAction\",\"target\":[\"https:\/\/apuntesdesanluis.com\/index.php\/2024\/04\/03\/tragedia-en-entre-rios-un-joven-de-16-anos-manejaba-por-la-ruta-choco-y-murieron-un-padre-y-su-hijo\/\"]}]},{\"@type\":\"ImageObject\",\"inLanguage\":\"es-AR\",\"@id\":\"https:\/\/apuntesdesanluis.com\/index.php\/2024\/04\/03\/tragedia-en-entre-rios-un-joven-de-16-anos-manejaba-por-la-ruta-choco-y-murieron-un-padre-y-su-hijo\/#primaryimage\",\"url\":\"https:\/\/apuntesdesanluis.com\/wp-content\/uploads\/2024\/04\/CHOQUE.png\",\"contentUrl\":\"https:\/\/apuntesdesanluis.com\/wp-content\/uploads\/2024\/04\/CHOQUE.png\",\"width\":621,\"height\":353},{\"@type\":\"BreadcrumbList\",\"@id\":\"https:\/\/apuntesdesanluis.com\/index.php\/2024\/04\/03\/tragedia-en-entre-rios-un-joven-de-16-anos-manejaba-por-la-ruta-choco-y-murieron-un-padre-y-su-hijo\/#breadcrumb\",\"itemListElement\":[{\"@type\":\"ListItem\",\"position\":1,\"name\":\"Inicio\",\"item\":\"https:\/\/apuntesdesanluis.com\/\"},{\"@type\":\"ListItem\",\"position\":2,\"name\":\"TRAGEDIA EN ENTRE R\u00cdOS: UN JOVEN DE 16 A\u00d1OS MANEJABA POR LA RUTA, CHOC\u00d3 Y MURIERON UN PADRE Y SU HIJO\"}]},{\"@type\":\"WebSite\",\"@id\":\"https:\/\/apuntesdesanluis.com\/#website\",\"url\":\"https:\/\/apuntesdesanluis.com\/\",\"name\":\"Apuntes de San Luis\",\"description\":\"\",\"publisher\":{\"@id\":\"https:\/\/apuntesdesanluis.com\/#\/schema\/person\/b55151d52296fcce64d1a72538a70b90\"},\"potentialAction\":[{\"@type\":\"SearchAction\",\"target\":{\"@type\":\"EntryPoint\",\"urlTemplate\":\"https:\/\/apuntesdesanluis.com\/?s={search_term_string}\"},\"query-input\":{\"@type\":\"PropertyValueSpecification\",\"valueRequired\":true,\"valueName\":\"search_term_string\"}}],\"inLanguage\":\"es-AR\"},{\"@type\":[\"Person\",\"Organization\"],\"@id\":\"https:\/\/apuntesdesanluis.com\/#\/schema\/person\/b55151d52296fcce64d1a72538a70b90\",\"name\":\"apuntesdesanluis.com\",\"image\":{\"@type\":\"ImageObject\",\"inLanguage\":\"es-AR\",\"@id\":\"https:\/\/apuntesdesanluis.com\/#\/schema\/person\/image\/\",\"url\":\"https:\/\/apuntesdesanluis.com\/wp-content\/uploads\/2023\/07\/cropped-apuntesdesanluis.png\",\"contentUrl\":\"https:\/\/apuntesdesanluis.com\/wp-content\/uploads\/2023\/07\/cropped-apuntesdesanluis.png\",\"width\":450,\"height\":112,\"caption\":\"apuntesdesanluis.com\"},\"logo\":{\"@id\":\"https:\/\/apuntesdesanluis.com\/#\/schema\/person\/image\/\"},\"sameAs\":[\"https:\/\/apuntesdesanluis.com\"],\"url\":\"https:\/\/apuntesdesanluis.com\/index.php\/author\/apuntesdesanluis-com\/\"}]}<\/script>\n<!-- \/ Yoast SEO plugin. -->","yoast_head_json":{"title":"TRAGEDIA EN ENTRE R\u00cdOS: UN JOVEN DE 16 A\u00d1OS MANEJABA POR LA RUTA, CHOC\u00d3 Y MURIERON UN PADRE Y SU HIJO - Apuntes de San Luis","robots":{"index":"index","follow":"follow","max-snippet":"max-snippet:-1","max-image-preview":"max-image-preview:large","max-video-preview":"max-video-preview:-1"},"canonical":"https:\/\/apuntesdesanluis.com\/index.php\/2024\/04\/03\/tragedia-en-entre-rios-un-joven-de-16-anos-manejaba-por-la-ruta-choco-y-murieron-un-padre-y-su-hijo\/","og_locale":"es_ES","og_type":"article","og_title":"TRAGEDIA EN ENTRE R\u00cdOS: UN JOVEN DE 16 A\u00d1OS MANEJABA POR LA RUTA, CHOC\u00d3 Y MURIERON UN PADRE Y SU HIJO - Apuntes de San Luis","og_description":"Un hombre de 33 a\u00f1os y su hijo de 8 murieron en un accidente de...","og_url":"https:\/\/apuntesdesanluis.com\/index.php\/2024\/04\/03\/tragedia-en-entre-rios-un-joven-de-16-anos-manejaba-por-la-ruta-choco-y-murieron-un-padre-y-su-hijo\/","og_site_name":"Apuntes de San Luis","article_published_time":"2024-04-03T21:45:17+00:00","og_image":[{"width":621,"height":353,"url":"https:\/\/apuntesdesanluis.com\/wp-content\/uploads\/2024\/04\/CHOQUE.png","type":"image\/png"}],"author":"apuntesdesanluis.com","twitter_card":"summary_large_image","twitter_misc":{"Escrito por":"apuntesdesanluis.com","Tiempo de lectura":"3 minutos"},"schema":{"@context":"https:\/\/schema.org","@graph":[{"@type":"Article","@id":"https:\/\/apuntesdesanluis.com\/index.php\/2024\/04\/03\/tragedia-en-entre-rios-un-joven-de-16-anos-manejaba-por-la-ruta-choco-y-murieron-un-padre-y-su-hijo\/#article","isPartOf":{"@id":"https:\/\/apuntesdesanluis.com\/index.php\/2024\/04\/03\/tragedia-en-entre-rios-un-joven-de-16-anos-manejaba-por-la-ruta-choco-y-murieron-un-padre-y-su-hijo\/"},"author":{"name":"apuntesdesanluis.com","@id":"https:\/\/apuntesdesanluis.com\/#\/schema\/person\/b55151d52296fcce64d1a72538a70b90"},"headline":"TRAGEDIA EN ENTRE R\u00cdOS: UN JOVEN DE 16 A\u00d1OS MANEJABA POR LA RUTA, CHOC\u00d3 Y MURIERON UN PADRE Y SU HIJO","datePublished":"2024-04-03T21:45:17+00:00","mainEntityOfPage":{"@id":"https:\/\/apuntesdesanluis.com\/index.php\/2024\/04\/03\/tragedia-en-entre-rios-un-joven-de-16-anos-manejaba-por-la-ruta-choco-y-murieron-un-padre-y-su-hijo\/"},"wordCount":610,"publisher":{"@id":"https:\/\/apuntesdesanluis.com\/#\/schema\/person\/b55151d52296fcce64d1a72538a70b90"},"image":{"@id":"https:\/\/apuntesdesanluis.com\/index.php\/2024\/04\/03\/tragedia-en-entre-rios-un-joven-de-16-anos-manejaba-por-la-ruta-choco-y-murieron-un-padre-y-su-hijo\/#primaryimage"},"thumbnailUrl":"https:\/\/apuntesdesanluis.com\/wp-content\/uploads\/2024\/04\/CHOQUE.png","articleSection":["Nacionales\/Internacionales"],"inLanguage":"es-AR"},{"@type":"WebPage","@id":"https:\/\/apuntesdesanluis.com\/index.php\/2024\/04\/03\/tragedia-en-entre-rios-un-joven-de-16-anos-manejaba-por-la-ruta-choco-y-murieron-un-padre-y-su-hijo\/","url":"https:\/\/apuntesdesanluis.com\/index.php\/2024\/04\/03\/tragedia-en-entre-rios-un-joven-de-16-anos-manejaba-por-la-ruta-choco-y-murieron-un-padre-y-su-hijo\/","name":"TRAGEDIA EN ENTRE R\u00cdOS: UN JOVEN DE 16 A\u00d1OS MANEJABA POR LA RUTA, CHOC\u00d3 Y MURIERON UN PADRE Y SU HIJO - Apuntes de San Luis","isPartOf":{"@id":"https:\/\/apuntesdesanluis.com\/#website"},"primaryImageOfPage":{"@id":"https:\/\/apuntesdesanluis.com\/index.php\/2024\/04\/03\/tragedia-en-entre-rios-un-joven-de-16-anos-manejaba-por-la-ruta-choco-y-murieron-un-padre-y-su-hijo\/#primaryimage"},"image":{"@id":"https:\/\/apuntesdesanluis.com\/index.php\/2024\/04\/03\/tragedia-en-entre-rios-un-joven-de-16-anos-manejaba-por-la-ruta-choco-y-murieron-un-padre-y-su-hijo\/#primaryimage"},"thumbnailUrl":"https:\/\/apuntesdesanluis.com\/wp-content\/uploads\/2024\/04\/CHOQUE.png","datePublished":"2024-04-03T21:45:17+00:00","breadcrumb":{"@id":"https:\/\/apuntesdesanluis.com\/index.php\/2024\/04\/03\/tragedia-en-entre-rios-un-joven-de-16-anos-manejaba-por-la-ruta-choco-y-murieron-un-padre-y-su-hijo\/#breadcrumb"},"inLanguage":"es-AR","potentialAction":[{"@type":"ReadAction","target":["https:\/\/apuntesdesanluis.com\/index.php\/2024\/04\/03\/tragedia-en-entre-rios-un-joven-de-16-anos-manejaba-por-la-ruta-choco-y-murieron-un-padre-y-su-hijo\/"]}]},{"@type":"ImageObject","inLanguage":"es-AR","@id":"https:\/\/apuntesdesanluis.com\/index.php\/2024\/04\/03\/tragedia-en-entre-rios-un-joven-de-16-anos-manejaba-por-la-ruta-choco-y-murieron-un-padre-y-su-hijo\/#primaryimage","url":"https:\/\/apuntesdesanluis.com\/wp-content\/uploads\/2024\/04\/CHOQUE.png","contentUrl":"https:\/\/apuntesdesanluis.com\/wp-content\/uploads\/2024\/04\/CHOQUE.png","width":621,"height":353},{"@type":"BreadcrumbList","@id":"https:\/\/apuntesdesanluis.com\/index.php\/2024\/04\/03\/tragedia-en-entre-rios-un-joven-de-16-anos-manejaba-por-la-ruta-choco-y-murieron-un-padre-y-su-hijo\/#breadcrumb","itemListElement":[{"@type":"ListItem","position":1,"name":"Inicio","item":"https:\/\/apuntesdesanluis.com\/"},{"@type":"ListItem","position":2,"name":"TRAGEDIA EN ENTRE R\u00cdOS: UN JOVEN DE 16 A\u00d1OS MANEJABA POR LA RUTA, CHOC\u00d3 Y MURIERON UN PADRE Y SU HIJO"}]},{"@type":"WebSite","@id":"https:\/\/apuntesdesanluis.com\/#website","url":"https:\/\/apuntesdesanluis.com\/","name":"Apuntes de San Luis","description":"","publisher":{"@id":"https:\/\/apuntesdesanluis.com\/#\/schema\/person\/b55151d52296fcce64d1a72538a70b90"},"potentialAction":[{"@type":"SearchAction","target":{"@type":"EntryPoint","urlTemplate":"https:\/\/apuntesdesanluis.com\/?s={search_term_string}"},"query-input":{"@type":"PropertyValueSpecification","valueRequired":true,"valueName":"search_term_string"}}],"inLanguage":"es-AR"},{"@type":["Person","Organization"],"@id":"https:\/\/apuntesdesanluis.com\/#\/schema\/person\/b55151d52296fcce64d1a72538a70b90","name":"apuntesdesanluis.com","image":{"@type":"ImageObject","inLanguage":"es-AR","@id":"https:\/\/apuntesdesanluis.com\/#\/schema\/person\/image\/","url":"https:\/\/apuntesdesanluis.com\/wp-content\/uploads\/2023\/07\/cropped-apuntesdesanluis.png","contentUrl":"https:\/\/apuntesdesanluis.com\/wp-content\/uploads\/2023\/07\/cropped-apuntesdesanluis.png","width":450,"height":112,"caption":"apuntesdesanluis.com"},"logo":{"@id":"https:\/\/apuntesdesanluis.com\/#\/schema\/person\/image\/"},"sameAs":["https:\/\/apuntesdesanluis.com"],"url":"https:\/\/apuntesdesanluis.com\/index.php\/author\/apuntesdesanluis-com\/"}]}},"featured_image_urls":{"full":["https:\/\/apuntesdesanluis.com\/wp-content\/uploads\/2024\/04\/CHOQUE.png",621,353,false],"thumbnail":["https:\/\/apuntesdesanluis.com\/wp-content\/uploads\/2024\/04\/CHOQUE-150x150.png",150,150,true],"medium":["https:\/\/apuntesdesanluis.com\/wp-content\/uploads\/2024\/04\/CHOQUE-300x171.png",300,171,true],"medium_large":["https:\/\/apuntesdesanluis.com\/wp-content\/uploads\/2024\/04\/CHOQUE.png",621,353,false],"large":["https:\/\/apuntesdesanluis.com\/wp-content\/uploads\/2024\/04\/CHOQUE.png",621,353,false],"1536x1536":["https:\/\/apuntesdesanluis.com\/wp-content\/uploads\/2024\/04\/CHOQUE.png",621,353,false],"2048x2048":["https:\/\/apuntesdesanluis.com\/wp-content\/uploads\/2024\/04\/CHOQUE.png",621,353,false],"newsever-slider-full":["https:\/\/apuntesdesanluis.com\/wp-content\/uploads\/2024\/04\/CHOQUE.png",621,353,false],"newsever-featured":["https:\/\/apuntesdesanluis.com\/wp-content\/uploads\/2024\/04\/CHOQUE.png",621,353,false],"newsever-medium":["https:\/\/apuntesdesanluis.com\/wp-content\/uploads\/2024\/04\/CHOQUE.png",621,353,false]},"author_info":{"display_name":"apuntesdesanluis.com","author_link":"https:\/\/apuntesdesanluis.com\/index.php\/author\/apuntesdesanluis-com\/"},"category_info":"<a href=\"https:\/\/apuntesdesanluis.com\/index.php\/category\/nacionales-internacionales\/\" rel=\"category tag\">Nacionales\/Internacionales<\/a>","tag_info":"Nacionales\/Internacionales","comment_count":"0","_links":{"self":[{"href":"https:\/\/apuntesdesanluis.com\/index.php\/wp-json\/wp\/v2\/posts\/14107","targetHints":{"allow":["GET"]}}],"collection":[{"href":"https:\/\/apuntesdesanluis.com\/index.php\/wp-json\/wp\/v2\/posts"}],"about":[{"href":"https:\/\/apuntesdesanluis.com\/index.php\/wp-json\/wp\/v2\/types\/post"}],"author":[{"embeddable":true,"href":"https:\/\/apuntesdesanluis.com\/index.php\/wp-json\/wp\/v2\/users\/1"}],"replies":[{"embeddable":true,"href":"https:\/\/apuntesdesanluis.com\/index.php\/wp-json\/wp\/v2\/comments?post=14107"}],"version-history":[{"count":1,"href":"https:\/\/apuntesdesanluis.com\/index.php\/wp-json\/wp\/v2\/posts\/14107\/revisions"}],"predecessor-version":[{"id":14111,"href":"https:\/\/apuntesdesanluis.com\/index.php\/wp-json\/wp\/v2\/posts\/14107\/revisions\/14111"}],"wp:featuredmedia":[{"embeddable":true,"href":"https:\/\/apuntesdesanluis.com\/index.php\/wp-json\/wp\/v2\/media\/14108"}],"wp:attachment":[{"href":"https:\/\/apuntesdesanluis.com\/index.php\/wp-json\/wp\/v2\/media?parent=14107"}],"wp:term":[{"taxonomy":"category","embeddable":true,"href":"https:\/\/apuntesdesanluis.com\/index.php\/wp-json\/wp\/v2\/categories?post=14107"},{"taxonomy":"post_tag","embeddable":true,"href":"https:\/\/apuntesdesanluis.com\/index.php\/wp-json\/wp\/v2\/tags?post=14107"}],"curies":[{"name":"wp","href":"https:\/\/api.w.org\/{rel}","templated":true}]}}